{"id":27020,"date":"2020-07-31T03:55:54","date_gmt":"2020-07-31T01:55:54","guid":{"rendered":"http:\/\/www.cocondedecoration.com\/blog\/?p=27020"},"modified":"2025-02-02T07:12:18","modified_gmt":"2025-02-02T05:12:18","slug":"challenge-slow-5-mediter-pour-soffrir-du-temps-de-qualite","status":"publish","type":"post","link":"https:\/\/www.cocondedecoration.com\/blog\/2020\/07\/challenge-slow-5-mediter-pour-soffrir-du-temps-de-qualite\/","title":{"rendered":"[Challenge slow] #5 &#8211; M\u00e9diter pour s&rsquo;offrir du temps de qualit\u00e9"},"content":{"rendered":"\n<p>Nous voil\u00e0 \u00e0 la fin de ce premier mois d\u00e9di\u00e9 au challenge o\u00f9 je vous invite \u00e0 profiter de l'\u00e9t\u00e9 pour adopter un quotidien plus slow. Et cette semaine, je vais oser te parler de m\u00e9ditation, m\u00eame si je ne suis pas une experte du tout en la mati\u00e8re. Justement, c'est ce qui est g\u00e9nial avec la m\u00e9ditation, c'est qu'il n'y a pas besoin d'un bac +5 pour se lancer. Apr\u00e8s, je peux comprendre que tout le monde ne soit pas int\u00e9ress\u00e9 par cette pratique. (Pendant longtemps, je l'ai refus\u00e9e en bloc...) Du coup, ceux qui ne se sentent pas concern\u00e9 par la m\u00e9ditation, je vous invite \u00e0 lire les autres articles slow - qu'ils fassent partie du challenge ou pas - vous y trouverez probablement des id\u00e9es pour que votre quotidien soit plus slow. Pour celles et ceux qui n'ont pas fuit en courant, aujourd'hui, on va donc s'int\u00e9resser \u00e0 la m\u00e9ditation et on va voir comme cela peut-\u00eatre int\u00e9ressant au quotidien pour penser et vivre de mani\u00e8re plus slow. Ne vous attendez pas \u00e0 avoir un \u00e9ni\u00e8me article sur la m\u00e9ditation avec des trucs intenables \u00e0 faire au quotidien, des grands pr\u00e9ceptes religieux ou philosophiques. Vous verrez, j'ai une pratique de la m\u00e9ditation assez singuli\u00e8re.<\/p>\n\n\n\n<!--more-->\n\n\n\n<h2 class=\"wp-block-heading\">A propos du challenge \"un \u00e9t\u00e9 pour un quotidien plus slow\"<\/h2>\n\n\n\n<p>Depuis le d\u00e9but du mois, une fois par semaine, je vous propose une th\u00e9matique en relation avec le mouvement slow. Le but? Vous donner des pistes pour que vous puissiez cr\u00e9er un quotidien plus en ad\u00e9quation avec vos valeurs er reprendre possession de votre temps au quotidien avant la reprise de l'\u00e9cole et du travail. C'est un processus qui est plus ou moins long, plus ou moins facile. Tout le monde n'a pas les\u00a0 m\u00eames attentes et donc ce challenge est en libre service, vous prenez ce qui vous est utile. Ici, je ne vous propose pas de solutions miracles, juste de poser les fondations d'un quotidien dans lequel vous vous sentirez mieux.<\/p>\n\n\n\n<h2 class=\"wp-block-heading\">5\u00e8me semaine du challenge - S'essayer \u00e0 la m\u00e9ditation pour un quotidien plus slow<\/h2>\n\n\n\n<p>Je n'ai pas d'exercices \u00e0 vous donner cette fois. Je vous invite juste \u00e0 essayer de m\u00e9diter pour avoir <strong>du temps de qualit\u00e9 au quotidien<\/strong> et <strong>voir le monde sous diff\u00e9rentes facettes<\/strong>.<\/p>\n\n\n\n<h2 class=\"wp-block-heading\">Quelle relation entre la m\u00e9ditation et le mouvement slow?<\/h2>\n\n\n\n<p>A mon sens la relation va dans <strong>2 sens<\/strong>.<br>La m\u00e9ditation est une activit\u00e9 slow par essence. Il faut <strong>prendre le temps<\/strong> de m\u00e9diter et il faut prendre le temps avant de voir les r\u00e9sultats arriver. <strong>La m\u00e9ditation est l'occupation d'une vie<\/strong>. Et dans l'autre sens, \u00eatre dans une d\u00e9marche slow c'est aussi s'ouvrir sur un monde diff\u00e9rent, qui n'est <strong>pas livr\u00e9 avec un mode d'emploi et qui va \u00e0 contre-courant<\/strong>. Du coup, la m\u00e9ditation permet de mieux voir les possibilit\u00e9s d'un monde slow. Etre slow, c'est une autre mani\u00e8re de concevoir le monde qui nous entoure et la relation que l'on entretient avec.<\/p>\n\n\n\n<h3 class=\"wp-block-heading\">M\u00e9ditation, bouddhisme, hindouisme et les Stacy<\/h3>\n\n\n\n<p>Il y a un truc que j'ai appris en vivant depuis plusieurs ann\u00e9es en Asie, c'est que l'image de la m\u00e9ditation, du bouddhisme et de l'hindouisme que nous avons, nous les blancs \/ europ\u00e9ens \/ occidentaux, c'est souvent <strong>une image id\u00e9alis\u00e9e de la pratique m\u00e9ditative<\/strong>. Evidemment, si tu veux, tu peux payer une somme astronomique pour faire tes 15 jours de yoga en Inde, comme toutes les Stacy qui posent en legging brillant et pas 2 ronds \u00e9co-responsables sur Instagram. Nous ce qu'on a vu c'est des pr\u00eatres hindous qui pour la plupart entretiennent le syst\u00e8me de castes de mani\u00e8re n\u00e9gative. On a vu aussi des moins bouddhistes avec des Nike aux pieds et des appareils photos hors de prix. Mais l'image que je pr\u00e9f\u00e8re garder c'est celle du moine bouddhiste qui a la clope au bec et qui prend la navette-bateau pour aller sur l'autre rive de la rivi\u00e8re. Je suis s\u00e9rieuse, cette image repr\u00e9sente ce qu'est le bouddhisme au quotidien dans les pays bouddhistes. Et cette image apprend <strong>l'acceptation<\/strong> dans bien des mesures.<br>Ma pratique de <strong>la m\u00e9ditation n'est pas sp\u00e9cialement religieuse<\/strong>. Il m'arrive de me poser et de penser \u00e0 la religion, pas une, <strong>les<\/strong> religions. Ces derniers temps je suis m\u00eame plus ouverte au catholicisme, c'est pas rien! En revanche, je n'honore pas un dieu ou une divinit\u00e9 particuli\u00e8re quand je m\u00e9dite. J'ai une d\u00e9marche plus terre \u00e0 terre. (Je suis ici. Comment faire en sorte que ce soit le plus agr\u00e9able et facile le temps que je suis ici...) Certaines mythologies religieuses sont hyper int\u00e9ressantes \u00e0 m\u00e9diter mais ce n'est vraiment pas l'une de mes pr\u00e9occupations quotidiennes.<\/p>\n\n\n<div class=\"wp-block-image\">\n<figure class=\"aligncenter\"><img loading=\"lazy\" decoding=\"async\" width=\"6000\" height=\"4000\" src=\"http:\/\/www.cocondedecoration.com\/blog\/wp-content\/uploads\/2020\/07\/challenge-slow-quotidien-meditation-facile.jpg\" alt=\"challenge slow quotidien meditation facile\" class=\"wp-image-27462\" srcset=\"https:\/\/www.cocondedecoration.com\/blog\/wp-content\/uploads\/2020\/07\/challenge-slow-quotidien-meditation-facile.jpg 6000w, https:\/\/www.cocondedecoration.com\/blog\/wp-content\/uploads\/2020\/07\/challenge-slow-quotidien-meditation-facile-260x173.jpg 260w, https:\/\/www.cocondedecoration.com\/blog\/wp-content\/uploads\/2020\/07\/challenge-slow-quotidien-meditation-facile-768x512.jpg 768w, https:\/\/www.cocondedecoration.com\/blog\/wp-content\/uploads\/2020\/07\/challenge-slow-quotidien-meditation-facile-640x427.jpg 640w, https:\/\/www.cocondedecoration.com\/blog\/wp-content\/uploads\/2020\/07\/challenge-slow-quotidien-meditation-facile-465x310.jpg 465w, https:\/\/www.cocondedecoration.com\/blog\/wp-content\/uploads\/2020\/07\/challenge-slow-quotidien-meditation-facile-695x463.jpg 695w\" sizes=\"(max-width: 6000px) 100vw, 6000px\" \/><\/figure><\/div>\n\n\n<p><a href=\"https:\/\/www.pexels.com\/fr-fr\/photo\/cafe-tasse-detente-relaxation-3723874\/\" target=\"_blank\" rel=\"noopener noreferrer\">Source<\/a><\/p>\n\n\n\n<h3 class=\"wp-block-heading\">M\u00e9ditation = diff\u00e9rents angles<\/h3>\n\n\n\n<p>Je ne lis que tr\u00e8s rarement des articles sur le web \u00e0 propos de la m\u00e9ditation. Souvent c'est le m\u00eame <strong>baratin et je n'apprends jamais grand chose<\/strong>. Pour pr\u00e9parer cet article, j'ai donn\u00e9 de ma personne et je suis all\u00e9e lire des articles sur la m\u00e9ditation. Et \u00e7a commence bien, souvent, je ne suis pas d'accord avec eux. Quand je lis: \"&nbsp;c\u2019est ainsi que vous essayez d\u2019atteindre un \u00e9tat de bien-\u00eatre complet.\" Ouuuuuuais alors non. Si tu cherches cet \u00e9tat de bien-\u00eatre complet au d\u00e9but tu vas surtout trouver de la frustration et de la n\u00e9gativit\u00e9. Limite, le bien-\u00eatre c'est la cerise sur le g\u00e2teau. C'est bien un truc d'occidentaux d'attendre le bien-\u00eatre tout de suite et de mettre la charrue avant les boeufs. En faisant \u00e7a, tu vas te faire \u00e9craser par la charrue ET les boeufs. Le bien-\u00eatre ne va pas te tomber dessus comme un \u00e9tat de gr\u00e2ce d\u00e9livr\u00e9 par le divin un matin pluvieux d'automne. Non, tu auras juste un rhume! Le c\u00f4t\u00e9 Nirvana, \u00e9tat d'\u00e9veil, ce sont des \u00e9tats que je n'aspire pas \u00e0 atteindre. Je les mets d'ailleurs dans le volet religion. <strong>Le bien-\u00eatre et la m\u00e9ditation c'est un peu comme le massage tha\u00eflandais<\/strong>: Il ne fait pas forc\u00e9ment du bien quand on se fait masser et ce n'est qu'apr\u00e8s quelques jours qu'on en ressent les bienfaits.<br>La m\u00e9ditation me permet de prendre le temps de voir les choses sous diff\u00e9rents angles. Prenons un exemple: un cactus. (C'est ce que j'ai sous les yeux quand j'\u00e9cris cet article!) Un cactus, \u00e7a pique. Un cactus est adapt\u00e9 aux zones chaudes et arides. Un cactus peut parfois faire des fleurs. Un cactus quand on oublie de l'arroser, il r\u00e9tr\u00e9cit (exp\u00e9rience personnelle!). Un cactus peut grandir quand on le met dans un pot plus grand, est-ce que ce point pourrait \u00eatre similaire aux humains? Est-ce que l'humain n'a pas besoin d'espace pour pouvoir s'\u00e9panouir pleinement? Qu'est-ce qui limite l'espace dont on aurait besoin pour grandir? Est-ce qu'on ne se limite pas nous-m\u00eame sans forc\u00e9ment s'en rendre compte? Comment avoir conscience de ce qui nous limite et comment apprendre \u00e0 vivre avec? Comment le cactus s'adapte dans un pot qui est trop petit \/ trop grand? Bon, j'arr\u00eate l\u00e0, je pense que vous voyez comment la m\u00e9ditation <strong>sur tout et n'importe quoi<\/strong> au final peut permettre de v<strong>oir les choses sous diff\u00e9rents angles<\/strong>. J'aurais pu juste voir le cactus et me dire: \"fais gaffe de ne pas te piquer\". Mais non... Et tout peut-\u00eatre sujet \u00e0 cette d\u00e9marche.<br>Prenons rapidement un autre exemple: vous vous sentez surmen\u00e9(e). Ca m'arrive encore et voil\u00e0 ce qui se passe dans mon esprit quand je m\u00e9dite \u00e0 ce propos: comment je me sens psychologiquement? physiquement? est-ce que j'ai du mal \u00e0 respirer? comment je peux am\u00e9liorer ma respiration? comment je me sens apr\u00e8s avoir modifi\u00e9 ma respiration? qu'est-ce qui fait en sorte que je suis surmen\u00e9e? qu'est-ce qui a de l'importance et qu'est-ce que je peux laisser de c\u00f4t\u00e9? que va-t-il se passer si je ne fais pas tout ce que j'ai \u00e0 faire? est-ce que la terre va s'arr\u00eater de tourner? comment j'imagine ma vie sans cet \u00e9tat de surmenage et sans cette pression intense? etc.<\/p>\n\n\n\n<h3 class=\"wp-block-heading\">Voir le monde de mani\u00e8re diff\u00e9rente (et \u00e9ventuellement mieux le comprendre)<\/h3>\n\n\n\n<p><strong>Je suis en parfaite dissonance avec le monde<\/strong>. C'est magique. J'ai appris \u00e0 donner le change dans la plupart des situations donc on pense juste que je suis un peu bizarre. Mais en vrai, je n'ai pas le sentiment de pouvoir faire comme tout le monde. <strong>C'est usant<\/strong>. J'ai pass\u00e9 des ann\u00e9es \u00e0 t\u00e2cher de faire ce qu'on attendait de moi. Ca s'est sold\u00e9 par des anti-d\u00e9presseurs et un changement de vie radical. La m\u00e9ditation me permet d'apprendre \u00e0 accepter cette dissonance. Je suis un larsen et je le vis plut\u00f4t bien. Un peu comme le bruit du minitel.<br>En ce moment, j'essaye d'\u00eatre en harmonie avec ce monde - le mien et celui des autres. J'essaye d'<strong>\u00eatre moins en col\u00e8re<\/strong>, j'essaye d'en avoir plus \"rien \u00e0 foutre\" autrement dit je cherche \u00e0 <strong>\u00eatre consciente des choses sans qu'elles ne m'atteignent outre mesure<\/strong>. Pourquoi je fais \u00e7a? Parce que le monde est compos\u00e9 d'un tas de types de gens qui ne pensent pas tous comme moi et au moins \u00e7a me permet de <strong>vivre un peu plus facilement avec les gens qui m'entourent<\/strong>.<\/p>\n\n\n\n<h3 class=\"wp-block-heading\">Avoir du temps de qualit\u00e9 pour soi<\/h3>\n\n\n\n<p>J'ai d\u00e9j\u00e0 eu l'occasion d'en parler dans d'autres articles du challenge slow, on a souvent du temps mais il n'est pas de bonne qualit\u00e9. L'exemple le plus flagrant c'est le temps pass\u00e9 sur les r\u00e9seaux sociaux ou \u00e0 regarder une s\u00e9rie - pas un \u00e9pisode mais une saison enti\u00e8re d'un coup. Je pense me reposer mais au final ce n'est pas vraiment le cas. Je ne dis pas qu'il faille arr\u00eater compl\u00e8tement ce types d'activit\u00e9s. Je sais tr\u00e8s bien que <strong>parfois \u00e7a fait du bien de s'abrutir<\/strong> et ne penser \u00e0 rien d'autres que ce qu'on a sous les yeux.<br>En revanche, <strong>apr\u00e8s 5 minutes \u00e0 m\u00e9diter, je me sens bien mieux qu'apr\u00e8s 4h devant une s\u00e9rie<\/strong>. Je crois vraiment qu'\u00e0 notre \u00e9poque avoir du temps de qualit\u00e9 est un luxe qu'on oublie trop facilement. Le bon temps, celui qui vous ressource et qui vous fait du bien est rare. La m\u00e9ditation permet, \u00e0 mon sens, d'avoir des instants qualitatifs au quotidien, m\u00eame quand le quotidien est d\u00e9j\u00e0 trop rempli. (Petite pens\u00e9e \u00e0 l'une de mes meilleures amies...)<\/p>\n\n\n<div class=\"wp-block-image\">\n<figure class=\"aligncenter\"><img loading=\"lazy\" decoding=\"async\" width=\"4256\" height=\"2832\" src=\"http:\/\/www.cocondedecoration.com\/blog\/wp-content\/uploads\/2020\/07\/challenge-slow-quotidien-mediter-simplement.jpg\" alt=\"challenge slow quotidien mediter simplement\" class=\"wp-image-27464\" srcset=\"https:\/\/www.cocondedecoration.com\/blog\/wp-content\/uploads\/2020\/07\/challenge-slow-quotidien-mediter-simplement.jpg 4256w, https:\/\/www.cocondedecoration.com\/blog\/wp-content\/uploads\/2020\/07\/challenge-slow-quotidien-mediter-simplement-260x173.jpg 260w, https:\/\/www.cocondedecoration.com\/blog\/wp-content\/uploads\/2020\/07\/challenge-slow-quotidien-mediter-simplement-768x511.jpg 768w, https:\/\/www.cocondedecoration.com\/blog\/wp-content\/uploads\/2020\/07\/challenge-slow-quotidien-mediter-simplement-640x426.jpg 640w, https:\/\/www.cocondedecoration.com\/blog\/wp-content\/uploads\/2020\/07\/challenge-slow-quotidien-mediter-simplement-465x309.jpg 465w, https:\/\/www.cocondedecoration.com\/blog\/wp-content\/uploads\/2020\/07\/challenge-slow-quotidien-mediter-simplement-695x462.jpg 695w\" sizes=\"(max-width: 4256px) 100vw, 4256px\" \/><\/figure><\/div>\n\n\n<p><a href=\"https:\/\/www.pexels.com\/fr-fr\/photo\/bois-brouiller-cailloux-calme-668353\/\" target=\"_blank\" rel=\"noopener noreferrer\">Source<\/a><\/p>\n\n\n\n<h3 class=\"wp-block-heading\">Trouver des r\u00e9ponses<\/h3>\n\n\n\n<p>Vous avez d\u00e9j\u00e0 eu l'impression d'\u00eatre bloqu\u00e9(e) dans une situation de merde? Bah la m\u00e9ditation permet de d\u00e9bloquer cette situation compliqu\u00e9e voire irr\u00e9m\u00e9diable. Alors, \u00e7a va prendre du temps, autant que \u00e7a soit clair. Mais \u00e7a d\u00e9bloque les choses, \u00e7a cr\u00e9e une porte dans une impasse, une \u00e9chelle pour passer au dessus d'un mur. C'est un peu comme si tu essayais de sortir d'un blockhaus en creusant le b\u00e9ton \u00e0 la petite cuill\u00e8re. Mais \u00e7a marche.<\/p>\n\n\n\n<h2 class=\"wp-block-heading\">Diff\u00e9rentes mani\u00e8res de m\u00e9diter<\/h2>\n\n\n\n<p>Il existe diff\u00e9rentes mani\u00e8res de m\u00e9diter, il n'est pas juste question de se mettre en posture du lotus et d'attendre que l'\u00e9veil arrive. Il n'y a qu'une partie que j'ai test\u00e9:<\/p>\n\n\n\n<ul>\n<li>la marche m\u00e9ditative<\/li>\n\n\n\n<li>le tambours chamanique<\/li>\n\n\n\n<li>la pleine conscience<\/li>\n\n\n\n<li>la m\u00e9ditation guid\u00e9e<\/li>\n\n\n\n<li>les mantras et yantras<\/li>\n\n\n\n<li>les techniques de respiration<\/li>\n<\/ul>\n\n\n\n<h2 class=\"wp-block-heading\">Concr\u00e8tement, \u00e7a marche comment chez moi?<\/h2>\n\n\n\n<h3 class=\"wp-block-heading\">Quand?<\/h3>\n\n\n\n<p>Quand je fume une clope et que je suis seule, quand je marche. Ca c'est au quotidien, sans raison particuli\u00e8re. Et puis il y a les moments o\u00f9 \u00e7a ne va pas pour X ou Y raisons. Je sens que j'ai besoin de rel\u00e2cher la pression du coup <strong>je vais m\u00e9diter ailleurs et voir si j'y suis<\/strong>. Bon, je ne suis pas parfaite hein! Du coup, j'attends toujours un peu que la pression ait le temps de monter comme il faut et que je sois \u00e0 la limite de l'explosion. (C'est un truc que je dois changer un jour ou l'autre!)<\/p>\n\n\n\n<h3 class=\"wp-block-heading\">O\u00f9?<\/h3>\n\n\n\n<p><strong>Je n'ai pas de lieux sp\u00e9cifiques pour m\u00e9diter au quotidien<\/strong>. Je prends ce qui s'offre \u00e0 moi. A Kuala, je regarde le carrelage du rooftop ou je vais me promener en ville. (Et Kuala est une ville tr\u00e8s urbanis\u00e9e...) En Inde, si je suis \u00e0 Varanasi, il y bien entendu le Gange et mes promenades dans la vieille ville qui m'emm\u00e8nent dans un autre espace temps. A Pondy, je regarde l'horizon depuis le rooftop. Et l\u00e0, je suis en Tha\u00eflande dans une jolie petite ville hyper calme. Je regarde la nature qui est devant mes yeux. Le palmier et le bananier de la voisine ou la plante aux fleurs rouges qui attire les oiseaux. Je vais aussi me promener de temps en temps pr\u00e8s de la rivi\u00e8re et je regarde la vie aux abords \/ sur la rivi\u00e8re.<\/p>\n\n\n\n<h3 class=\"wp-block-heading\">Comment?<\/h3>\n\n\n\n<p>Je ne suis pas du genre \u00e0 me poser dans une position inconfortable comme la position du lotus, elle me donne vite mal aux fesses et je ne me prom\u00e8ne pas avec un petit coussin. Je ne ferme pas les yeux. Ils restent ouverts mais il arrive qu'ils soient dans le vague. La plupart du temps, <strong>j'ai besoin d'\u00eatre seule ou du moins ne pas \u00eatre d\u00e9rang\u00e9e<\/strong>. Je sais faire le vide assez facilement et ne pas me soucier de ce qui m'entoure quand c'est n\u00e9cessaire. (Des ann\u00e9es \u00e0 bosser mes cours puis bosser des dossiers dans des caf\u00e9s!) Au quotidien, j'ai la chance d'avoir pas mal de moments o\u00f9 je suis seule, Flo et moi ne vivons pas coll\u00e9s l'un sur l'autre. Donc d\u00e8s que je fais une pause et que je fume une clope, je m\u00e9dite. <strong>Je m\u00e9dite aussi en marchant<\/strong>. C'est une autre forme de m\u00e9ditation o\u00f9 je vais t\u00e2cher d'<strong>\u00eatre un peu plus consciente de ce qui m'entoure<\/strong>. J'ai la chance de vivre dans des pays odorants et je prends plaisir \u00e0 sentir quand je vais me promener, m\u00eame si parfois \u00e7a sent la pollution ou quand \u00e7a ne sent pas la rose. Ca fait partie du package.<\/p>\n\n\n<div class=\"wp-block-image\">\n<figure class=\"aligncenter\"><img loading=\"lazy\" decoding=\"async\" width=\"5184\" height=\"3456\" src=\"http:\/\/www.cocondedecoration.com\/blog\/wp-content\/uploads\/2020\/07\/challenge-slow-quotidien-meditation-pourquoi-faire.jpg\" alt=\"challenge slow quotidien meditation pourquoi faire\" class=\"wp-image-27463\" srcset=\"https:\/\/www.cocondedecoration.com\/blog\/wp-content\/uploads\/2020\/07\/challenge-slow-quotidien-meditation-pourquoi-faire.jpg 5184w, https:\/\/www.cocondedecoration.com\/blog\/wp-content\/uploads\/2020\/07\/challenge-slow-quotidien-meditation-pourquoi-faire-260x173.jpg 260w, https:\/\/www.cocondedecoration.com\/blog\/wp-content\/uploads\/2020\/07\/challenge-slow-quotidien-meditation-pourquoi-faire-768x512.jpg 768w, https:\/\/www.cocondedecoration.com\/blog\/wp-content\/uploads\/2020\/07\/challenge-slow-quotidien-meditation-pourquoi-faire-640x427.jpg 640w, https:\/\/www.cocondedecoration.com\/blog\/wp-content\/uploads\/2020\/07\/challenge-slow-quotidien-meditation-pourquoi-faire-465x310.jpg 465w, https:\/\/www.cocondedecoration.com\/blog\/wp-content\/uploads\/2020\/07\/challenge-slow-quotidien-meditation-pourquoi-faire-695x463.jpg 695w\" sizes=\"(max-width: 5184px) 100vw, 5184px\" \/><\/figure><\/div>\n\n\n<p><a href=\"https:\/\/www.pexels.com\/fr-fr\/photo\/rochers-brouiller-empiler-pierres-4513572\/\" target=\"_blank\" rel=\"noopener noreferrer\">Source<\/a><\/p>\n\n\n\n<h3 class=\"wp-block-heading\">Sur quoi?<\/h3>\n\n\n\n<p>Je crois que je m\u00e9dite sur 2 types de sujets diff\u00e9rents. D'une part, il y a les sujets r\u00e9currents que je m\u00e9diterai probablement toute ma vie. Et il y a, d'un autre c\u00f4t\u00e9, les petits trucs qui passent par l\u00e0. Dans la premi\u00e8re cat\u00e9gorie, il y a: la mort (je t'assure, ce n'est pas lugubre!), le rapport au temps, le plaisir et l'id\u00e9al, la relation aux autres et au monde... En ce moment, j'ai la chance de pouvoir accorder une grande place \u00e0 la nature dans mes m\u00e9ditations et c'est une source vraiment chouette de m\u00e9ditation.<\/p>\n\n\n\n<h3 class=\"wp-block-heading\">Quels b\u00e9n\u00e9fices?<\/h3>\n\n\n\n<p>Dans les moments \"de crise\" la m\u00e9ditation m'aide \u00e0 <strong>rel\u00e2cher la pression<\/strong>. Ca me fait vraiment l'impression que je suis une bouteille de Pepsi qui a \u00e9t\u00e9 trop secou\u00e9e et qui a besoin de rel\u00e2cher la pression. La m\u00e9ditation ouvre la bouteille. Ca va, ces moments arrivent peu depuis que je suis en Asie mais depuis pas loin de 4 ans, j'ai beaucoup plus de temps pour m\u00e9diter au quotidien et ce quotidien est quand m\u00eame vachement moins p\u00e9nible \u00e0 vivre. Sinon, globalement:<\/p>\n\n\n\n<ul>\n<li>j'arrive plus facilement \u00e0 mettre des mots sur ce que je ressens et maintenant je les exprime \u00e0 haute voix<\/li>\n\n\n\n<li>j'ai fait le deuil de certaines relations<\/li>\n\n\n\n<li>j'ai des moments de g\u00e9nie - c'est juste quand j'ai une id\u00e9e lumineuse quand je bosse, en g\u00e9n\u00e9ral, ce n'est pas soudain du tout, c'est le r\u00e9sultat de m\u00e9diations r\u00e9guli\u00e8res.<\/li>\n\n\n\n<li>je t\u00e2che d'\u00eatre un meilleur humain mais j'ai encore du boulot<\/li>\n\n\n\n<li>je commence \u00e0 comprendre ce qui est vraiment important et l\u00e0 aussi il y encore du boulot!<\/li>\n\n\n\n<li>j'assume plus facilement le fait de ne pas \u00eatre tr\u00e8s connect\u00e9e \u00e0 mes semblables et au monde (je vis sur une autre plan\u00e8te depuis que je suis gamine...)<\/li>\n\n\n\n<li>j'arrive \u00e0 l\u00e2cher-prise alors que je pensais que c'\u00e9tait impossible - mais je suis honn\u00eate, il y a encore beaucoup de choses pour lesquelles je dois apprendre \u00e0 prendre du recul puis ) l\u00e2cher-prise.<\/li>\n\n\n\n<li>les instants de gr\u00e2ce - quand j'ai l'impression d'\u00eatre \u00e0 ma place. C'est rare mais qu'est-ce que c'est bon!<\/li>\n<\/ul>\n\n\n\n<h2 class=\"wp-block-heading\">Quelques articles pour aller plus loin<\/h2>\n\n\n\n<p>\u2192 <a href=\"https:\/\/slow-world.com\/place-de-la-meditation-dans-le-futur\/\" target=\"_blank\" rel=\"noopener noreferrer\">La place de la m\u00e9ditation dans le futur<\/a> sur le site Slow World<br>\u2192 <a href=\"https:\/\/www.re-connect.fr\/lamarchemeditative\/\" target=\"_blank\" rel=\"noopener noreferrer\">La marche m\u00e9ditative<\/a> expliqu\u00e9e par Marianne Desson,&nbsp;instructrice qualifi\u00e9e de m\u00e9ditation de pleine conscience<br>Et pour le moment ce sera tout, je l'ai \u00e9crit plus haut, je n'adh\u00e8re pas souvent avec les articles r\u00e9cents li\u00e9s \u00e0 la m\u00e9ditation.<\/p>\n\n\n\n<p>C'est la fin de cet article d\u00e9di\u00e9 \u00e0 la m\u00e9ditation pour un quotidien plus slow. Je l'ai voulu diff\u00e9rent de ce que vous pouvez trouver sur le web en g\u00e9n\u00e9ral, plus personnel. J'esp\u00e8re qu'il vous aidera \u00e0 essayer cette pratique qui est b\u00e9n\u00e9fique dans diff\u00e9rentes facettes du quotidien.<\/p>\n\n\n\n<hr class=\"wp-block-separator has-alpha-channel-opacity\"\/>\n\n\n\n<h3 class=\"wp-block-heading\">Retrouvez ici plus d'articles autour du challenge pour un quotidien plus slow:<\/h3>\n\n\n\n<ul>\n<li><a href=\"http:\/\/www.cocondedecoration.com\/blog\/2020\/07\/challenge-slow-1-desencombrer-pour-mieux-ranger-son-interieur\/\" target=\"_blank\" rel=\"noopener noreferrer\">[Challenge slow] #1 - D\u00e9sencombrer pour mieux ranger&nbsp;<\/a><\/li>\n\n\n\n<li><a href=\"http:\/\/www.cocondedecoration.com\/blog\/2020\/07\/challenge-slow-2-apprendre-a-consommer-autrement\/\" target=\"_blank\" rel=\"noopener noreferrer\">[Challenge slow] #2 - Apprendre \u00e0 consommer autrement&nbsp;<\/a><\/li>\n\n\n\n<li><a href=\"http:\/\/www.cocondedecoration.com\/blog\/2020\/07\/challenge-slow-3-cultiver-lart-de-ne-rien-faire\/\" target=\"_blank\" rel=\"noopener noreferrer\">[Challenge slow] #3 - Cultiver l'art de ne rien faire<\/a><\/li>\n\n\n\n<li><a href=\"http:\/\/www.cocondedecoration.com\/blog\/2020\/07\/challenge-slow-4-creer-un-tableau-de-visualisation-pour-un-quotidien-plus-slow\/\" target=\"_blank\" rel=\"noopener noreferrer\">[Challenge slow] #4 - Cr\u00e9er un tableau de visualisation pour un quotidien plus slow<\/a><\/li>\n<\/ul>\n\n\n\n<hr class=\"wp-block-separator has-alpha-channel-opacity\"\/>\n\n\n\n<div class=\"wp-block-group is-layout-constrained wp-block-group-is-layout-constrained\"><div class=\"wp-block-group__inner-container\">\n<div class=\"wp-block-columns is-layout-flex wp-container-core-columns-layout-1 wp-block-columns-is-layout-flex\">\n<div class=\"wp-block-column is-layout-flow wp-block-column-is-layout-flow\" style=\"flex-basis:33.33%\">\n<figure class=\"wp-block-image size-large\"><a href=\"https:\/\/www.cocondedecoration.com\/blog\/wp-content\/uploads\/2024\/02\/merci-soutien-patreon.jpg\"><img loading=\"lazy\" decoding=\"async\" width=\"640\" height=\"640\" src=\"https:\/\/www.cocondedecoration.com\/blog\/wp-content\/uploads\/2024\/02\/merci-soutien-patreon-640x640.jpg\" alt=\"\" class=\"wp-image-71765\" srcset=\"https:\/\/www.cocondedecoration.com\/blog\/wp-content\/uploads\/2024\/02\/merci-soutien-patreon-640x640.jpg 640w, https:\/\/www.cocondedecoration.com\/blog\/wp-content\/uploads\/2024\/02\/merci-soutien-patreon-260x260.jpg 260w, https:\/\/www.cocondedecoration.com\/blog\/wp-content\/uploads\/2024\/02\/merci-soutien-patreon-165x165.jpg 165w, https:\/\/www.cocondedecoration.com\/blog\/wp-content\/uploads\/2024\/02\/merci-soutien-patreon-768x768.jpg 768w, https:\/\/www.cocondedecoration.com\/blog\/wp-content\/uploads\/2024\/02\/merci-soutien-patreon-465x465.jpg 465w, https:\/\/www.cocondedecoration.com\/blog\/wp-content\/uploads\/2024\/02\/merci-soutien-patreon-500x500.jpg 500w, https:\/\/www.cocondedecoration.com\/blog\/wp-content\/uploads\/2024\/02\/merci-soutien-patreon.jpg 1080w\" sizes=\"(max-width: 640px) 100vw, 640px\" \/><\/a><\/figure>\n<\/div>\n\n\n\n<div class=\"wp-block-column is-layout-flow wp-block-column-is-layout-flow\" style=\"flex-basis:66.66%\">\n<div style=\"height:50px\" aria-hidden=\"true\" class=\"wp-block-spacer\"><\/div>\n\n\n\n<p class=\"has-text-align-center has-medium-font-size\">Merci de votre soutien! <\/p>\n\n\n\n<p style=\"padding-right:var(--wp--preset--spacing--30);padding-left:var(--wp--preset--spacing--30)\">Je profite de cet article pour vous remercier de votre soutien via Patreon. Votre contribution financi\u00e8re ne va pas me rendre riche \u00e0 millions mais elle montre que vous avez conscience de la charge de travail que repr\u00e9sente le blog. Et \u00e7a me touche beaucoup. Je vous remercie aussi parce que chaque don - petit \u00e0 petit - am\u00e9liore mes conditions de travail puisqu'avoir un m\u00e9dia ind\u00e9pendant est synonyme de pr\u00e9carit\u00e9 (financi\u00e8re mais aussi professionnelle...) Merci de votre soutien &#x1f49a;<\/p>\n\n\n\n<p>Tous les articles d\u00e9co sur le blog r\u00e9serv\u00e9s aux m\u00e9c\u00e8nes <a href=\"https:\/\/www.cocondedecoration.com\/blog\/category\/patreon\/\" target=\"_blank\" rel=\"noopener\" title=\"\">sont par ici<\/a>. <a href=\"https:\/\/www.patreon.com\/cocondedeco\" target=\"_blank\" rel=\"noopener\" title=\"\">Sur Patreon<\/a>, vous pouvez aussi (re)lire les newsletters &amp; mon dico nomade. <\/p>\n<\/div>\n<\/div>\n<\/div><\/div>\n\n\n<div class=\"wp-block-image\">\n<figure class=\"aligncenter\"><img loading=\"lazy\" decoding=\"async\" width=\"732\" height=\"488\" src=\"http:\/\/www.cocondedecoration.com\/blog\/wp-content\/uploads\/2020\/07\/challenge-slow-meditation-quotidien.jpeg\" alt=\"challenge slow meditation quotidien\" class=\"wp-image-27460\" srcset=\"https:\/\/www.cocondedecoration.com\/blog\/wp-content\/uploads\/2020\/07\/challenge-slow-meditation-quotidien.jpeg 732w, https:\/\/www.cocondedecoration.com\/blog\/wp-content\/uploads\/2020\/07\/challenge-slow-meditation-quotidien-260x173.jpeg 260w, https:\/\/www.cocondedecoration.com\/blog\/wp-content\/uploads\/2020\/07\/challenge-slow-meditation-quotidien-640x427.jpeg 640w, https:\/\/www.cocondedecoration.com\/blog\/wp-content\/uploads\/2020\/07\/challenge-slow-meditation-quotidien-465x310.jpeg 465w, https:\/\/www.cocondedecoration.com\/blog\/wp-content\/uploads\/2020\/07\/challenge-slow-meditation-quotidien-695x463.jpeg 695w\" sizes=\"(max-width: 732px) 100vw, 732px\" \/><\/figure><\/div>","protected":false},"excerpt":{"rendered":"<p>Nous voil\u00e0 \u00e0 la fin de ce premier mois d\u00e9di\u00e9 au challenge o\u00f9 je vous invite \u00e0 profiter de l&rsquo;\u00e9t\u00e9 pour adopter un quotidien plus slow. Et cette semaine, je vais oser te parler de m\u00e9ditation, m\u00eame si je ne suis pas une experte du tout en la mati\u00e8re. Justement,<span class=\"more-link\"><a href=\"https:\/\/www.cocondedecoration.com\/blog\/2020\/07\/challenge-slow-5-mediter-pour-soffrir-du-temps-de-qualite\/\">Lire la suite<\/a><\/span><\/p>\n","protected":false},"author":1,"featured_media":27460,"comment_status":"open","ping_status":"open","sticky":false,"template":"","format":"standard","meta":{"om_disable_all_campaigns":false,"_monsterinsights_skip_tracking":false,"_monsterinsights_sitenote_active":false,"_monsterinsights_sitenote_note":"","_monsterinsights_sitenote_category":0,"_uf_show_specific_survey":0,"_uf_disable_surveys":false,"footnotes":""},"categories":[15018,2231],"tags":[9357,4584,8305,9359,9364,9360,6421,9361,5841,7406,9358,4440,4583,9356,9365,2193,3857,9362,9363],"aioseo_notices":[],"_links":{"self":[{"href":"https:\/\/www.cocondedecoration.com\/blog\/wp-json\/wp\/v2\/posts\/27020"}],"collection":[{"href":"https:\/\/www.cocondedecoration.com\/blog\/wp-json\/wp\/v2\/posts"}],"about":[{"href":"https:\/\/www.cocondedecoration.com\/blog\/wp-json\/wp\/v2\/types\/post"}],"author":[{"embeddable":true,"href":"https:\/\/www.cocondedecoration.com\/blog\/wp-json\/wp\/v2\/users\/1"}],"replies":[{"embeddable":true,"href":"https:\/\/www.cocondedecoration.com\/blog\/wp-json\/wp\/v2\/comments?post=27020"}],"version-history":[{"count":1,"href":"https:\/\/www.cocondedecoration.com\/blog\/wp-json\/wp\/v2\/posts\/27020\/revisions"}],"predecessor-version":[{"id":81255,"href":"https:\/\/www.cocondedecoration.com\/blog\/wp-json\/wp\/v2\/posts\/27020\/revisions\/81255"}],"wp:featuredmedia":[{"embeddable":true,"href":"https:\/\/www.cocondedecoration.com\/blog\/wp-json\/wp\/v2\/media\/27460"}],"wp:attachment":[{"href":"https:\/\/www.cocondedecoration.com\/blog\/wp-json\/wp\/v2\/media?parent=27020"}],"wp:term":[{"taxonomy":"category","embeddable":true,"href":"https:\/\/www.cocondedecoration.com\/blog\/wp-json\/wp\/v2\/categories?post=27020"},{"taxonomy":"post_tag","embeddable":true,"href":"https:\/\/www.cocondedecoration.com\/blog\/wp-json\/wp\/v2\/tags?post=27020"}],"curies":[{"name":"wp","href":"https:\/\/api.w.org\/{rel}","templated":true}]}}