{"id":26588,"date":"2020-07-11T01:00:02","date_gmt":"2020-07-10T23:00:02","guid":{"rendered":"http:\/\/www.cocondedecoration.com\/blog\/?p=26588"},"modified":"2023-08-28T12:25:43","modified_gmt":"2023-08-28T10:25:43","slug":"ou-trouver-des-claustras-interieurs","status":"publish","type":"post","link":"https:\/\/www.cocondedecoration.com\/blog\/2020\/07\/ou-trouver-des-claustras-interieurs\/","title":{"rendered":"[O\u00f9 trouver?] Des claustras int\u00e9rieurs"},"content":{"rendered":"\n<p>Ces derniers mois, je vous ai pr\u00e9sent\u00e9 les claustras en long, en large et en travers sur le blog. On a pu voir comment les utiliser dans chaque pi\u00e8ce de la maison et m\u00eame en ext\u00e9rieur. On a pu voir aussi comment certains architectes d'int\u00e9rieurs fran\u00e7ais les utilisaient pour red\u00e9finir les diff\u00e9rentes fonctions dans un m\u00eame espace. Et cette fois, on va se demander o\u00f9 acheter des claustras pour am\u00e9nager l'int\u00e9rieur de votre habitation.<\/p>\n\n\n\n<!--more-->\n\n\n\n<div class=\"wp-block-image\"><figure class=\"aligncenter\"><a href=\"https:\/\/www.patreon.com\/cocondedeco\" target=\"_blank\" rel=\"noreferrer noopener\"><img loading=\"lazy\" decoding=\"async\" width=\"728\" height=\"90\" src=\"http:\/\/www.cocondedecoration.com\/blog\/wp-content\/uploads\/2021\/01\/banniere-patreon.png\" alt=\"\" class=\"wp-image-33877\" srcset=\"https:\/\/www.cocondedecoration.com\/blog\/wp-content\/uploads\/2021\/01\/banniere-patreon.png 728w, https:\/\/www.cocondedecoration.com\/blog\/wp-content\/uploads\/2021\/01\/banniere-patreon-260x32.png 260w, https:\/\/www.cocondedecoration.com\/blog\/wp-content\/uploads\/2021\/01\/banniere-patreon-640x79.png 640w, https:\/\/www.cocondedecoration.com\/blog\/wp-content\/uploads\/2021\/01\/banniere-patreon-465x57.png 465w, https:\/\/www.cocondedecoration.com\/blog\/wp-content\/uploads\/2021\/01\/banniere-patreon-695x86.png 695w\" sizes=\"(max-width: 728px) 100vw, 728px\" \/><\/a><\/figure><\/div>\n\n\n\n<p style=\"text-align:center\" class=\"has-background has-small-font-size has-very-light-gray-background-color\">Avant de poursuivre cet article, j'aimerai vous parler quelques instants de Patreon. C'est une plateforme en plus du blog sur laquelle vous pouvez devenir m\u00e9c\u00e8ne du blog. <br><strong>Pourquoi soutenir le blog?<\/strong> <br>Parce que c'est un travail consid\u00e9rable et m\u00eame si je le fais avec passion c'est aussi un travail pr\u00e9caire (<a rel=\"noreferrer noopener\" href=\"https:\/\/www.patreon.com\/posts\/en-quoi-consiste-86917611\" target=\"_blank\">je vous explique tout cela en d\u00e9tail dans ce post<\/a>). Si vous aimez l'article que vous \u00eates en train de lire, si vous me suivez sur les r\u00e9seaux sociaux ou encore si vous lisez r\u00e9guli\u00e8rement le blog, je vous serai reconnaissante de soutenir le blog via Patreon. Par ailleurs, en vous abonnant sur la plateforme vous acc\u00e9derez \u00e0 des contenus exclusifs pour vous remercier de votre soutien. C'est sans engagement et chaque contribution fera la diff\u00e9rence. Merci par avance de votre aide! <br><a rel=\"noreferrer noopener\" href=\"https:\/\/www.patreon.com\/cocondedeco\" target=\"_blank\"><strong>En savoir plus &amp; acc\u00e9der \u00e0 Patreon<\/strong><\/a><\/p>\n\n\n\n<h2 class=\"wp-block-heading\">O\u00f9 trouver des claustras pour la maison?<\/h2>\n\n\n\n<p>Il n'est pas forc\u00e9ment n\u00e9cessaire de passer par du sur-mesure pour trouver des claustras int\u00e9rieurs. Vous en trouverez du c\u00f4t\u00e9 des cloisons dans les grandes surfaces de bricolage. Les mesures des claustras seront standards mais vous pourrez les r\u00e9gler gr\u00e2ce \u00e0 leurs fixations au sol et au plafonds. Et si vous h\u00e9sitez encore entre claustra et cloison classique, vous pouvez v\u00e9rifier ici le <a href=\"https:\/\/www.allotravaux.com\/prix-placo-m2\/\" target=\"_blank\" rel=\"noreferrer noopener\" aria-label=\"budget pour du placo (s\u2019ouvre dans un nouvel onglet)\">budget pour du placo<\/a>. <\/p>\n\n\n\n<div class=\"wp-block-columns has-4-columns is-layout-flex wp-container-core-columns-layout-1 wp-block-columns-is-layout-flex\">\n<div class=\"wp-block-column is-layout-flow wp-block-column-is-layout-flow\">\n<figure class=\"wp-block-image\"><img loading=\"lazy\" decoding=\"async\" width=\"500\" height=\"500\" src=\"http:\/\/www.cocondedecoration.com\/blog\/wp-content\/uploads\/2022\/03\/ide\u0301es-de\u0301co-entre\u0301e-claustra-Lapeyre-2.jpeg\" alt=\"ide\u0301es de\u0301co entre\u0301e claustra Lapeyre Balustrade Claustra\" class=\"wp-image-47272\" srcset=\"https:\/\/www.cocondedecoration.com\/blog\/wp-content\/uploads\/2022\/03\/ide\u0301es-de\u0301co-entre\u0301e-claustra-Lapeyre-2.jpeg 500w, https:\/\/www.cocondedecoration.com\/blog\/wp-content\/uploads\/2022\/03\/ide\u0301es-de\u0301co-entre\u0301e-claustra-Lapeyre-2-165x165.jpeg 165w, https:\/\/www.cocondedecoration.com\/blog\/wp-content\/uploads\/2022\/03\/ide\u0301es-de\u0301co-entre\u0301e-claustra-Lapeyre-2-260x260.jpeg 260w, https:\/\/www.cocondedecoration.com\/blog\/wp-content\/uploads\/2022\/03\/ide\u0301es-de\u0301co-entre\u0301e-claustra-Lapeyre-2-465x465.jpeg 465w\" sizes=\"(max-width: 500px) 100vw, 500px\" \/><figcaption><a rel=\"noreferrer noopener\" aria-label=\"Balustrade Claustra  (s\u2019ouvre dans un nouvel onglet)\" href=\"https:\/\/tidd.ly\/377jqz9\" target=\"_blank\">Balustrade Claustra<\/a>  - Lapeyre<\/figcaption><\/figure>\n\n\n\n<figure class=\"wp-block-image\"><img loading=\"lazy\" decoding=\"async\" width=\"500\" height=\"500\" src=\"http:\/\/www.cocondedecoration.com\/blog\/wp-content\/uploads\/2022\/03\/ou-trouver-claustra-inte\u0301rieur-castorama-4.jpeg\" alt=\"ou trouver claustra inte\u0301rieur castorama Cloison amovible Karalis\" class=\"wp-image-47283\" srcset=\"https:\/\/www.cocondedecoration.com\/blog\/wp-content\/uploads\/2022\/03\/ou-trouver-claustra-inte\u0301rieur-castorama-4.jpeg 500w, https:\/\/www.cocondedecoration.com\/blog\/wp-content\/uploads\/2022\/03\/ou-trouver-claustra-inte\u0301rieur-castorama-4-165x165.jpeg 165w, https:\/\/www.cocondedecoration.com\/blog\/wp-content\/uploads\/2022\/03\/ou-trouver-claustra-inte\u0301rieur-castorama-4-260x260.jpeg 260w, https:\/\/www.cocondedecoration.com\/blog\/wp-content\/uploads\/2022\/03\/ou-trouver-claustra-inte\u0301rieur-castorama-4-465x465.jpeg 465w\" sizes=\"(max-width: 500px) 100vw, 500px\" \/><figcaption><a rel=\"noreferrer noopener\" aria-label=\"Cloison amovible Karalis (s\u2019ouvre dans un nouvel onglet)\" href=\"https:\/\/tidd.ly\/3MDU1gK\" target=\"_blank\">Cloison amovible Karalis<\/a> - Castorama<\/figcaption><\/figure>\n\n\n\n<figure class=\"wp-block-image\"><img loading=\"lazy\" decoding=\"async\" width=\"500\" height=\"500\" src=\"http:\/\/www.cocondedecoration.com\/blog\/wp-content\/uploads\/2022\/03\/ou-trouver-claustra-inte\u0301rieur-moodntone-1.jpeg\" alt=\"ou trouver claustra inte\u0301rieur moodntone Paravent horizontal Zumitz\" class=\"wp-image-47286\" srcset=\"https:\/\/www.cocondedecoration.com\/blog\/wp-content\/uploads\/2022\/03\/ou-trouver-claustra-inte\u0301rieur-moodntone-1.jpeg 500w, https:\/\/www.cocondedecoration.com\/blog\/wp-content\/uploads\/2022\/03\/ou-trouver-claustra-inte\u0301rieur-moodntone-1-165x165.jpeg 165w, https:\/\/www.cocondedecoration.com\/blog\/wp-content\/uploads\/2022\/03\/ou-trouver-claustra-inte\u0301rieur-moodntone-1-260x260.jpeg 260w, https:\/\/www.cocondedecoration.com\/blog\/wp-content\/uploads\/2022\/03\/ou-trouver-claustra-inte\u0301rieur-moodntone-1-465x465.jpeg 465w\" sizes=\"(max-width: 500px) 100vw, 500px\" \/><figcaption><a href=\"https:\/\/tidd.ly\/3pTWom0\" target=\"_blank\" rel=\"noreferrer noopener\" aria-label=\"Paravent horizontal Zumitz (s\u2019ouvre dans un nouvel onglet)\">Paravent horizontal Zumitz<\/a> - Moodntone<\/figcaption><\/figure>\n<\/div>\n\n\n\n<div class=\"wp-block-column is-layout-flow wp-block-column-is-layout-flow\">\n<figure class=\"wp-block-image\"><img loading=\"lazy\" decoding=\"async\" width=\"500\" height=\"500\" src=\"http:\/\/www.cocondedecoration.com\/blog\/wp-content\/uploads\/2022\/03\/ou-trouver-claustra-inte\u0301rieur-castorama-1.jpeg\" alt=\"ou trouver claustra inte\u0301rieur castorama Cloison amovible \u00e0 lames orientables\" class=\"wp-image-47280\" srcset=\"https:\/\/www.cocondedecoration.com\/blog\/wp-content\/uploads\/2022\/03\/ou-trouver-claustra-inte\u0301rieur-castorama-1.jpeg 500w, https:\/\/www.cocondedecoration.com\/blog\/wp-content\/uploads\/2022\/03\/ou-trouver-claustra-inte\u0301rieur-castorama-1-165x165.jpeg 165w, https:\/\/www.cocondedecoration.com\/blog\/wp-content\/uploads\/2022\/03\/ou-trouver-claustra-inte\u0301rieur-castorama-1-260x260.jpeg 260w, https:\/\/www.cocondedecoration.com\/blog\/wp-content\/uploads\/2022\/03\/ou-trouver-claustra-inte\u0301rieur-castorama-1-465x465.jpeg 465w\" sizes=\"(max-width: 500px) 100vw, 500px\" \/><figcaption><a rel=\"noreferrer noopener\" aria-label=\"Cloison amovible \u00e0 lames orientables (s\u2019ouvre dans un nouvel onglet)\" href=\"https:\/\/tidd.ly\/3HYRfzh\" target=\"_blank\">Cloison amovible \u00e0 lames orientables<\/a> - Castorama<\/figcaption><\/figure>\n\n\n\n<figure class=\"wp-block-image\"><img loading=\"lazy\" decoding=\"async\" width=\"500\" height=\"500\" src=\"http:\/\/www.cocondedecoration.com\/blog\/wp-content\/uploads\/2022\/03\/ou-trouver-claustra-inte\u0301rieur-castorama-5.jpeg\" alt=\"ou trouver claustra inte\u0301rieur castorama Cloison amovible 3-en-1\" class=\"wp-image-47284\" srcset=\"https:\/\/www.cocondedecoration.com\/blog\/wp-content\/uploads\/2022\/03\/ou-trouver-claustra-inte\u0301rieur-castorama-5.jpeg 500w, https:\/\/www.cocondedecoration.com\/blog\/wp-content\/uploads\/2022\/03\/ou-trouver-claustra-inte\u0301rieur-castorama-5-165x165.jpeg 165w, https:\/\/www.cocondedecoration.com\/blog\/wp-content\/uploads\/2022\/03\/ou-trouver-claustra-inte\u0301rieur-castorama-5-260x260.jpeg 260w, https:\/\/www.cocondedecoration.com\/blog\/wp-content\/uploads\/2022\/03\/ou-trouver-claustra-inte\u0301rieur-castorama-5-465x465.jpeg 465w\" sizes=\"(max-width: 500px) 100vw, 500px\" \/><figcaption><a rel=\"noreferrer noopener\" aria-label=\"Cloison amovible 3-en-1 (s\u2019ouvre dans un nouvel onglet)\" href=\"https:\/\/tidd.ly\/3t0jZDF\" target=\"_blank\">Cloison amovible 3-en-1<\/a> - Castorama<\/figcaption><\/figure>\n\n\n\n<p style=\"text-align:center\">D'autres claustras &amp; solutions sont pr\u00e9sent\u00e9es \u00e0 la fin de cet article<\/p>\n<\/div>\n\n\n\n<div class=\"wp-block-column is-layout-flow wp-block-column-is-layout-flow\">\n<figure class=\"wp-block-image\"><img loading=\"lazy\" decoding=\"async\" width=\"500\" height=\"500\" src=\"http:\/\/www.cocondedecoration.com\/blog\/wp-content\/uploads\/2022\/03\/ou-trouver-claustra-inte\u0301rieur-castorama-2.jpeg\" alt=\"ou trouver claustra inte\u0301rieur castorama Cloison amovible \u00e0 lames orientables\" class=\"wp-image-47281\" srcset=\"https:\/\/www.cocondedecoration.com\/blog\/wp-content\/uploads\/2022\/03\/ou-trouver-claustra-inte\u0301rieur-castorama-2.jpeg 500w, https:\/\/www.cocondedecoration.com\/blog\/wp-content\/uploads\/2022\/03\/ou-trouver-claustra-inte\u0301rieur-castorama-2-165x165.jpeg 165w, https:\/\/www.cocondedecoration.com\/blog\/wp-content\/uploads\/2022\/03\/ou-trouver-claustra-inte\u0301rieur-castorama-2-260x260.jpeg 260w, https:\/\/www.cocondedecoration.com\/blog\/wp-content\/uploads\/2022\/03\/ou-trouver-claustra-inte\u0301rieur-castorama-2-465x465.jpeg 465w\" sizes=\"(max-width: 500px) 100vw, 500px\" \/><figcaption><a rel=\"noreferrer noopener\" aria-label=\"Cloison amovible \u00e0 lames orientables (s\u2019ouvre dans un nouvel onglet)\" href=\"https:\/\/tidd.ly\/3vWdC63\" target=\"_blank\">Cloison amovible \u00e0 lames orientables<\/a> - Castorama<\/figcaption><\/figure>\n\n\n\n<figure class=\"wp-block-image\"><img loading=\"lazy\" decoding=\"async\" width=\"500\" height=\"500\" src=\"http:\/\/www.cocondedecoration.com\/blog\/wp-content\/uploads\/2022\/03\/ou-trouver-claustra-inte\u0301rieur-castorama-6.jpeg\" alt=\"ou trouver claustra inte\u0301rieur castorama Cloison amovible vitrage asym\u00e9trique\" class=\"wp-image-47285\" srcset=\"https:\/\/www.cocondedecoration.com\/blog\/wp-content\/uploads\/2022\/03\/ou-trouver-claustra-inte\u0301rieur-castorama-6.jpeg 500w, https:\/\/www.cocondedecoration.com\/blog\/wp-content\/uploads\/2022\/03\/ou-trouver-claustra-inte\u0301rieur-castorama-6-165x165.jpeg 165w, https:\/\/www.cocondedecoration.com\/blog\/wp-content\/uploads\/2022\/03\/ou-trouver-claustra-inte\u0301rieur-castorama-6-260x260.jpeg 260w, https:\/\/www.cocondedecoration.com\/blog\/wp-content\/uploads\/2022\/03\/ou-trouver-claustra-inte\u0301rieur-castorama-6-465x465.jpeg 465w\" sizes=\"(max-width: 500px) 100vw, 500px\" \/><figcaption><a rel=\"noreferrer noopener\" aria-label=\"Cloison amovible vitrage asym\u00e9trique (s\u2019ouvre dans un nouvel onglet)\" href=\"https:\/\/tidd.ly\/3vZKY3V\" target=\"_blank\">Cloison amovible vitrage asym\u00e9trique<\/a> - Castorama<\/figcaption><\/figure>\n<\/div>\n\n\n\n<div class=\"wp-block-column is-layout-flow wp-block-column-is-layout-flow\">\n<figure class=\"wp-block-image\"><img loading=\"lazy\" decoding=\"async\" width=\"500\" height=\"500\" src=\"http:\/\/www.cocondedecoration.com\/blog\/wp-content\/uploads\/2022\/03\/ide\u0301es-de\u0301co-entre\u0301e-claustra-Lapeyre-1.jpeg\" alt=\"ide\u0301es de\u0301co entre\u0301e claustra Lapeyre Rampe Claustra\" class=\"wp-image-47271\" srcset=\"https:\/\/www.cocondedecoration.com\/blog\/wp-content\/uploads\/2022\/03\/ide\u0301es-de\u0301co-entre\u0301e-claustra-Lapeyre-1.jpeg 500w, https:\/\/www.cocondedecoration.com\/blog\/wp-content\/uploads\/2022\/03\/ide\u0301es-de\u0301co-entre\u0301e-claustra-Lapeyre-1-165x165.jpeg 165w, https:\/\/www.cocondedecoration.com\/blog\/wp-content\/uploads\/2022\/03\/ide\u0301es-de\u0301co-entre\u0301e-claustra-Lapeyre-1-260x260.jpeg 260w, https:\/\/www.cocondedecoration.com\/blog\/wp-content\/uploads\/2022\/03\/ide\u0301es-de\u0301co-entre\u0301e-claustra-Lapeyre-1-465x465.jpeg 465w\" sizes=\"(max-width: 500px) 100vw, 500px\" \/><figcaption><a rel=\"noreferrer noopener\" aria-label=\"Rampe Claustra  (s\u2019ouvre dans un nouvel onglet)\" href=\"https:\/\/tidd.ly\/3IZJPgA\" target=\"_blank\">Rampe Claustra <\/a> - Lapeyre<\/figcaption><\/figure>\n\n\n\n<figure class=\"wp-block-image\"><img loading=\"lazy\" decoding=\"async\" width=\"500\" height=\"500\" src=\"http:\/\/www.cocondedecoration.com\/blog\/wp-content\/uploads\/2022\/03\/ou-trouver-claustra-inte\u0301rieur-castorama-3.jpeg\" alt=\"ou trouver claustra inte\u0301rieur castorama Cloison amovible pin Zetta\" class=\"wp-image-47282\" srcset=\"https:\/\/www.cocondedecoration.com\/blog\/wp-content\/uploads\/2022\/03\/ou-trouver-claustra-inte\u0301rieur-castorama-3.jpeg 500w, https:\/\/www.cocondedecoration.com\/blog\/wp-content\/uploads\/2022\/03\/ou-trouver-claustra-inte\u0301rieur-castorama-3-165x165.jpeg 165w, https:\/\/www.cocondedecoration.com\/blog\/wp-content\/uploads\/2022\/03\/ou-trouver-claustra-inte\u0301rieur-castorama-3-260x260.jpeg 260w, https:\/\/www.cocondedecoration.com\/blog\/wp-content\/uploads\/2022\/03\/ou-trouver-claustra-inte\u0301rieur-castorama-3-465x465.jpeg 465w\" sizes=\"(max-width: 500px) 100vw, 500px\" \/><figcaption><a rel=\"noreferrer noopener\" aria-label=\"Cloison amovible pin Zetta (s\u2019ouvre dans un nouvel onglet)\" href=\"https:\/\/tidd.ly\/3idp2KN\" target=\"_blank\">Cloison amovible pin Zetta<\/a> - Castorama<\/figcaption><\/figure>\n<\/div>\n<\/div>\n\n\n\n<h2 class=\"wp-block-heading\">Comment bien choisir des claustras pour am\u00e9nager l'espace?<\/h2>\n\n\n\n<h3 class=\"wp-block-heading\">Les mat\u00e9riaux<\/h3>\n\n\n\n<p>J'avoue avoir un net penchant pour les claustras en bois, j'aime leur c\u00f4t\u00e9 chaleureux et je me dis que le claustra pourra \u00eatre peint le jour o\u00f9 on aura envie de changement. Le claustra en bois est souvent simple par sa forme sans pour autant \u00eatre rustique ou trop classique. C'est id\u00e9al quand on cherche \u00e0 cr\u00e9er une ambiance contemporaine et cosy.<br>Le bois n'est pourtant pas le seul mat\u00e9riau qui peut composer vos claustras int\u00e9rieurs. On peut penser au m\u00e9tal. Le m\u00e9tal peint en noir et \/ ou associ\u00e9 au verre peut faire penser \u00e0 une verri\u00e8re industrielle. Le m\u00e9tal peut aussi \u00eatre d\u00e9coup\u00e9 au gr\u00e9 de vos dans le cas du sur-mesure. La d\u00e9coupe laser permet l'expression de toutes les envies pour la question du motif.<\/p>\n\n\n\n<h3 class=\"wp-block-heading\">La d\u00e9coupe de la cloison<\/h3>\n\n\n\n<p>Les formes d\u00e9coup\u00e9es dans la cloison sont \u00e0 choisir avec soin. Evidemment, il y a une question de go\u00fbt, \u00e7a je ne vais pas en discuter avec vous. En revanche, ce qui est important \u00e0 prendre en compte c'est l'endroit dans la maison o\u00f9 le claustra va \u00eatre pos\u00e9. Si on cherche des claustras pour s\u00e9parer la cuisine du salon, on pourra choisir des claustras plus ajour\u00e9s qui laisseront passer ais\u00e9ment la lumi\u00e8re. En revanche, si on cherche des claustras pour un petit studio pour s\u00e9parer la chambre du reste de la pi\u00e8ce, on pr\u00e9f\u00e9rera des claustras \"\u00e0 petits\" motifs qui permettront de garder une certaine intimit\u00e9 et qui filtreront un peu la lumi\u00e8re naturelle.<\/p>\n\n\n\n<h2 class=\"wp-block-heading\">Quelques id\u00e9es pour cloisonner votre int\u00e9rieur avec des claustras<\/h2>\n\n\n\n<ul class=\"wp-block-gallery columns-3 is-cropped wp-block-gallery-1 is-layout-flex wp-block-gallery-is-layout-flex\"><li class=\"blocks-gallery-item\"><figure><img loading=\"lazy\" decoding=\"async\" width=\"640\" height=\"960\" src=\"http:\/\/www.cocondedecoration.com\/blog\/wp-content\/uploads\/2022\/03\/ide\u0301es-claustra-inte\u0301rieur-1-640x960.jpeg\" alt=\"ide\u0301es claustra inte\u0301rieur mur de s\u00e9paration en bois massif\" data-id=\"47291\" data-link=\"http:\/\/www.cocondedecoration.com\/blog\/2020\/07\/ou-trouver-des-claustras-interieurs\/idees-claustra-interieur-1\/\" class=\"wp-image-47291\" srcset=\"https:\/\/www.cocondedecoration.com\/blog\/wp-content\/uploads\/2022\/03\/ide\u0301es-claustra-inte\u0301rieur-1-640x960.jpeg 640w, https:\/\/www.cocondedecoration.com\/blog\/wp-content\/uploads\/2022\/03\/ide\u0301es-claustra-inte\u0301rieur-1-260x390.jpeg 260w, https:\/\/www.cocondedecoration.com\/blog\/wp-content\/uploads\/2022\/03\/ide\u0301es-claustra-inte\u0301rieur-1-768x1152.jpeg 768w, https:\/\/www.cocondedecoration.com\/blog\/wp-content\/uploads\/2022\/03\/ide\u0301es-claustra-inte\u0301rieur-1-367x550.jpeg 367w, https:\/\/www.cocondedecoration.com\/blog\/wp-content\/uploads\/2022\/03\/ide\u0301es-claustra-inte\u0301rieur-1-333x500.jpeg 333w, https:\/\/www.cocondedecoration.com\/blog\/wp-content\/uploads\/2022\/03\/ide\u0301es-claustra-inte\u0301rieur-1.jpeg 1000w\" sizes=\"(max-width: 640px) 100vw, 640px\" \/><figcaption>allureetbois.com\n<\/figcaption><\/figure><\/li><li class=\"blocks-gallery-item\"><figure><img loading=\"lazy\" decoding=\"async\" width=\"640\" height=\"960\" src=\"http:\/\/www.cocondedecoration.com\/blog\/wp-content\/uploads\/2022\/03\/ide\u0301es-claustra-inte\u0301rieur-2-640x960.jpeg\" alt=\"ide\u0301es claustra inte\u0301rieur cloisons amovibles pour s\u00e9parer deux pi\u00e8ces\" data-id=\"47292\" data-link=\"http:\/\/www.cocondedecoration.com\/blog\/2020\/07\/ou-trouver-des-claustras-interieurs\/idees-claustra-interieur-2\/\" class=\"wp-image-47292\" srcset=\"https:\/\/www.cocondedecoration.com\/blog\/wp-content\/uploads\/2022\/03\/ide\u0301es-claustra-inte\u0301rieur-2-640x960.jpeg 640w, https:\/\/www.cocondedecoration.com\/blog\/wp-content\/uploads\/2022\/03\/ide\u0301es-claustra-inte\u0301rieur-2-260x390.jpeg 260w, https:\/\/www.cocondedecoration.com\/blog\/wp-content\/uploads\/2022\/03\/ide\u0301es-claustra-inte\u0301rieur-2-768x1152.jpeg 768w, https:\/\/www.cocondedecoration.com\/blog\/wp-content\/uploads\/2022\/03\/ide\u0301es-claustra-inte\u0301rieur-2-367x550.jpeg 367w, https:\/\/www.cocondedecoration.com\/blog\/wp-content\/uploads\/2022\/03\/ide\u0301es-claustra-inte\u0301rieur-2-333x500.jpeg 333w, https:\/\/www.cocondedecoration.com\/blog\/wp-content\/uploads\/2022\/03\/ide\u0301es-claustra-inte\u0301rieur-2.jpeg 1000w\" sizes=\"(max-width: 640px) 100vw, 640px\" \/><figcaption>lejournaldelamaison.fr<\/figcaption><\/figure><\/li><li class=\"blocks-gallery-item\"><figure><img loading=\"lazy\" decoding=\"async\" width=\"640\" height=\"960\" src=\"http:\/\/www.cocondedecoration.com\/blog\/wp-content\/uploads\/2022\/03\/ide\u0301es-claustra-inte\u0301rieur-3-640x960.jpeg\" alt=\"ide\u0301es claustra inte\u0301rieur s\u00e9paration en bois style orientale\" data-id=\"47293\" data-link=\"http:\/\/www.cocondedecoration.com\/blog\/2020\/07\/ou-trouver-des-claustras-interieurs\/idees-claustra-interieur-3\/\" class=\"wp-image-47293\" srcset=\"https:\/\/www.cocondedecoration.com\/blog\/wp-content\/uploads\/2022\/03\/ide\u0301es-claustra-inte\u0301rieur-3-640x960.jpeg 640w, https:\/\/www.cocondedecoration.com\/blog\/wp-content\/uploads\/2022\/03\/ide\u0301es-claustra-inte\u0301rieur-3-260x390.jpeg 260w, https:\/\/www.cocondedecoration.com\/blog\/wp-content\/uploads\/2022\/03\/ide\u0301es-claustra-inte\u0301rieur-3-768x1152.jpeg 768w, https:\/\/www.cocondedecoration.com\/blog\/wp-content\/uploads\/2022\/03\/ide\u0301es-claustra-inte\u0301rieur-3-367x550.jpeg 367w, https:\/\/www.cocondedecoration.com\/blog\/wp-content\/uploads\/2022\/03\/ide\u0301es-claustra-inte\u0301rieur-3-333x500.jpeg 333w, https:\/\/www.cocondedecoration.com\/blog\/wp-content\/uploads\/2022\/03\/ide\u0301es-claustra-inte\u0301rieur-3.jpeg 1000w\" sizes=\"(max-width: 640px) 100vw, 640px\" \/><figcaption>ctendance.fr\n<\/figcaption><\/figure><\/li><li class=\"blocks-gallery-item\"><figure><img loading=\"lazy\" decoding=\"async\" width=\"640\" height=\"960\" src=\"http:\/\/www.cocondedecoration.com\/blog\/wp-content\/uploads\/2022\/03\/ide\u0301es-claustra-inte\u0301rieur-4-640x960.jpeg\" alt=\"ide\u0301es claustra inte\u0301rieur s\u00e9paration en bois escalier\" data-id=\"47294\" data-link=\"http:\/\/www.cocondedecoration.com\/blog\/2020\/07\/ou-trouver-des-claustras-interieurs\/idees-claustra-interieur-4\/\" class=\"wp-image-47294\" srcset=\"https:\/\/www.cocondedecoration.com\/blog\/wp-content\/uploads\/2022\/03\/ide\u0301es-claustra-inte\u0301rieur-4-640x960.jpeg 640w, https:\/\/www.cocondedecoration.com\/blog\/wp-content\/uploads\/2022\/03\/ide\u0301es-claustra-inte\u0301rieur-4-260x390.jpeg 260w, https:\/\/www.cocondedecoration.com\/blog\/wp-content\/uploads\/2022\/03\/ide\u0301es-claustra-inte\u0301rieur-4-768x1152.jpeg 768w, https:\/\/www.cocondedecoration.com\/blog\/wp-content\/uploads\/2022\/03\/ide\u0301es-claustra-inte\u0301rieur-4-367x550.jpeg 367w, https:\/\/www.cocondedecoration.com\/blog\/wp-content\/uploads\/2022\/03\/ide\u0301es-claustra-inte\u0301rieur-4-333x500.jpeg 333w, https:\/\/www.cocondedecoration.com\/blog\/wp-content\/uploads\/2022\/03\/ide\u0301es-claustra-inte\u0301rieur-4.jpeg 1000w\" sizes=\"(max-width: 640px) 100vw, 640px\" \/><figcaption>atelier-bbois.fr\n<\/figcaption><\/figure><\/li><li class=\"blocks-gallery-item\"><figure><img loading=\"lazy\" decoding=\"async\" width=\"640\" height=\"960\" src=\"http:\/\/www.cocondedecoration.com\/blog\/wp-content\/uploads\/2022\/03\/ide\u0301es-claustra-inte\u0301rieur-5-640x960.jpeg\" alt=\"ide\u0301es claustra inte\u0301rieur claustra int\u00e9rieur en bois motifs g\u00e9om\u00e9triques\" data-id=\"47295\" data-link=\"http:\/\/www.cocondedecoration.com\/blog\/2020\/07\/ou-trouver-des-claustras-interieurs\/idees-claustra-interieur-5\/\" class=\"wp-image-47295\" srcset=\"https:\/\/www.cocondedecoration.com\/blog\/wp-content\/uploads\/2022\/03\/ide\u0301es-claustra-inte\u0301rieur-5-640x960.jpeg 640w, https:\/\/www.cocondedecoration.com\/blog\/wp-content\/uploads\/2022\/03\/ide\u0301es-claustra-inte\u0301rieur-5-260x390.jpeg 260w, https:\/\/www.cocondedecoration.com\/blog\/wp-content\/uploads\/2022\/03\/ide\u0301es-claustra-inte\u0301rieur-5-768x1152.jpeg 768w, https:\/\/www.cocondedecoration.com\/blog\/wp-content\/uploads\/2022\/03\/ide\u0301es-claustra-inte\u0301rieur-5-367x550.jpeg 367w, https:\/\/www.cocondedecoration.com\/blog\/wp-content\/uploads\/2022\/03\/ide\u0301es-claustra-inte\u0301rieur-5-333x500.jpeg 333w, https:\/\/www.cocondedecoration.com\/blog\/wp-content\/uploads\/2022\/03\/ide\u0301es-claustra-inte\u0301rieur-5.jpeg 1000w\" sizes=\"(max-width: 640px) 100vw, 640px\" \/><figcaption>ctendance.fr<\/figcaption><\/figure><\/li><li class=\"blocks-gallery-item\"><figure><img loading=\"lazy\" decoding=\"async\" width=\"640\" height=\"960\" src=\"http:\/\/www.cocondedecoration.com\/blog\/wp-content\/uploads\/2022\/03\/ide\u0301es-claustra-inte\u0301rieur-6-640x960.jpeg\" alt=\"ide\u0301es claustra inte\u0301rieur s\u00e9paration en lames de bois\" data-id=\"47296\" data-link=\"http:\/\/www.cocondedecoration.com\/blog\/2020\/07\/ou-trouver-des-claustras-interieurs\/idees-claustra-interieur-6\/\" class=\"wp-image-47296\" srcset=\"https:\/\/www.cocondedecoration.com\/blog\/wp-content\/uploads\/2022\/03\/ide\u0301es-claustra-inte\u0301rieur-6-640x960.jpeg 640w, https:\/\/www.cocondedecoration.com\/blog\/wp-content\/uploads\/2022\/03\/ide\u0301es-claustra-inte\u0301rieur-6-260x390.jpeg 260w, https:\/\/www.cocondedecoration.com\/blog\/wp-content\/uploads\/2022\/03\/ide\u0301es-claustra-inte\u0301rieur-6-768x1152.jpeg 768w, https:\/\/www.cocondedecoration.com\/blog\/wp-content\/uploads\/2022\/03\/ide\u0301es-claustra-inte\u0301rieur-6-367x550.jpeg 367w, https:\/\/www.cocondedecoration.com\/blog\/wp-content\/uploads\/2022\/03\/ide\u0301es-claustra-inte\u0301rieur-6-333x500.jpeg 333w, https:\/\/www.cocondedecoration.com\/blog\/wp-content\/uploads\/2022\/03\/ide\u0301es-claustra-inte\u0301rieur-6.jpeg 1000w\" sizes=\"(max-width: 640px) 100vw, 640px\" \/><figcaption>maison-travaux.fr<\/figcaption><\/figure><\/li><li class=\"blocks-gallery-item\"><figure><img loading=\"lazy\" decoding=\"async\" width=\"640\" height=\"960\" src=\"http:\/\/www.cocondedecoration.com\/blog\/wp-content\/uploads\/2022\/03\/ide\u0301es-claustra-inte\u0301rieur-7-640x960.jpeg\" alt=\"ide\u0301es claustra inte\u0301rieur motif g\u00e9om\u00e9triques en bois noir \" data-id=\"47297\" data-link=\"http:\/\/www.cocondedecoration.com\/blog\/2020\/07\/ou-trouver-des-claustras-interieurs\/idees-claustra-interieur-7\/\" class=\"wp-image-47297\" srcset=\"https:\/\/www.cocondedecoration.com\/blog\/wp-content\/uploads\/2022\/03\/ide\u0301es-claustra-inte\u0301rieur-7-640x960.jpeg 640w, https:\/\/www.cocondedecoration.com\/blog\/wp-content\/uploads\/2022\/03\/ide\u0301es-claustra-inte\u0301rieur-7-260x390.jpeg 260w, https:\/\/www.cocondedecoration.com\/blog\/wp-content\/uploads\/2022\/03\/ide\u0301es-claustra-inte\u0301rieur-7-768x1152.jpeg 768w, https:\/\/www.cocondedecoration.com\/blog\/wp-content\/uploads\/2022\/03\/ide\u0301es-claustra-inte\u0301rieur-7-367x550.jpeg 367w, https:\/\/www.cocondedecoration.com\/blog\/wp-content\/uploads\/2022\/03\/ide\u0301es-claustra-inte\u0301rieur-7-333x500.jpeg 333w, https:\/\/www.cocondedecoration.com\/blog\/wp-content\/uploads\/2022\/03\/ide\u0301es-claustra-inte\u0301rieur-7.jpeg 1000w\" sizes=\"(max-width: 640px) 100vw, 640px\" \/><figcaption>lairdubois.fr\n<\/figcaption><\/figure><\/li><li class=\"blocks-gallery-item\"><figure><img loading=\"lazy\" decoding=\"async\" width=\"640\" height=\"960\" src=\"http:\/\/www.cocondedecoration.com\/blog\/wp-content\/uploads\/2022\/03\/ide\u0301es-claustra-inte\u0301rieur-8-640x960.jpeg\" alt=\"ide\u0301es claustra inte\u0301rieur s\u00e9paration balustrade escalier\" data-id=\"47298\" data-link=\"http:\/\/www.cocondedecoration.com\/blog\/2020\/07\/ou-trouver-des-claustras-interieurs\/idees-claustra-interieur-8\/\" class=\"wp-image-47298\" srcset=\"https:\/\/www.cocondedecoration.com\/blog\/wp-content\/uploads\/2022\/03\/ide\u0301es-claustra-inte\u0301rieur-8-640x960.jpeg 640w, https:\/\/www.cocondedecoration.com\/blog\/wp-content\/uploads\/2022\/03\/ide\u0301es-claustra-inte\u0301rieur-8-260x390.jpeg 260w, https:\/\/www.cocondedecoration.com\/blog\/wp-content\/uploads\/2022\/03\/ide\u0301es-claustra-inte\u0301rieur-8-768x1152.jpeg 768w, https:\/\/www.cocondedecoration.com\/blog\/wp-content\/uploads\/2022\/03\/ide\u0301es-claustra-inte\u0301rieur-8-367x550.jpeg 367w, https:\/\/www.cocondedecoration.com\/blog\/wp-content\/uploads\/2022\/03\/ide\u0301es-claustra-inte\u0301rieur-8-333x500.jpeg 333w, https:\/\/www.cocondedecoration.com\/blog\/wp-content\/uploads\/2022\/03\/ide\u0301es-claustra-inte\u0301rieur-8.jpeg 1000w\" sizes=\"(max-width: 640px) 100vw, 640px\" \/><figcaption>joliplace.com<\/figcaption><\/figure><\/li><li class=\"blocks-gallery-item\"><figure><img loading=\"lazy\" decoding=\"async\" width=\"640\" height=\"960\" src=\"http:\/\/www.cocondedecoration.com\/blog\/wp-content\/uploads\/2022\/03\/ide\u0301es-claustra-inte\u0301rieur-9-640x960.jpeg\" alt=\"ide\u0301es claustra inte\u0301rieur s\u00e9paration de deux pi\u00e8ces en bois clair \" data-id=\"47299\" data-link=\"http:\/\/www.cocondedecoration.com\/blog\/2020\/07\/ou-trouver-des-claustras-interieurs\/idees-claustra-interieur-9\/\" class=\"wp-image-47299\" srcset=\"https:\/\/www.cocondedecoration.com\/blog\/wp-content\/uploads\/2022\/03\/ide\u0301es-claustra-inte\u0301rieur-9-640x960.jpeg 640w, https:\/\/www.cocondedecoration.com\/blog\/wp-content\/uploads\/2022\/03\/ide\u0301es-claustra-inte\u0301rieur-9-260x390.jpeg 260w, https:\/\/www.cocondedecoration.com\/blog\/wp-content\/uploads\/2022\/03\/ide\u0301es-claustra-inte\u0301rieur-9-768x1152.jpeg 768w, https:\/\/www.cocondedecoration.com\/blog\/wp-content\/uploads\/2022\/03\/ide\u0301es-claustra-inte\u0301rieur-9-367x550.jpeg 367w, https:\/\/www.cocondedecoration.com\/blog\/wp-content\/uploads\/2022\/03\/ide\u0301es-claustra-inte\u0301rieur-9-333x500.jpeg 333w, https:\/\/www.cocondedecoration.com\/blog\/wp-content\/uploads\/2022\/03\/ide\u0301es-claustra-inte\u0301rieur-9.jpeg 1000w\" sizes=\"(max-width: 640px) 100vw, 640px\" \/><figcaption>ctendance.fr\n<\/figcaption><\/figure><\/li><\/ul>\n\n\n\n<h2 class=\"wp-block-heading\">Structurer facilement vos espaces<\/h2>\n\n\n\n<p>La verri\u00e8re n'est pas la seule possibilit\u00e9 pour structurer les espaces dans votre int\u00e9rieur. Les claustras par exemple sont aussi une alternative. Parfois il est n\u00e9cessaire de faire appel \u00e0 un artisan et au sur-mesure mais ce n'est pas une v\u00e9rit\u00e9 g\u00e9n\u00e9rale et il existe des solutions standards qui r\u00e9pondront peut-\u00eatre \u00e0 vos attentes. En voici quelques-unes: <\/p>\n\n\n\n<div class=\"wp-block-columns has-4-columns is-layout-flex wp-container-core-columns-layout-2 wp-block-columns-is-layout-flex\">\n<div class=\"wp-block-column is-layout-flow wp-block-column-is-layout-flow\">\n<figure class=\"wp-block-image\"><img loading=\"lazy\" decoding=\"async\" width=\"500\" height=\"500\" src=\"http:\/\/www.cocondedecoration.com\/blog\/wp-content\/uploads\/2021\/05\/ou-acheter-verriere-claustra-pas-cher-1.jpeg\" alt=\"ou acheter verriere angle soubassement noir pas cher\" class=\"wp-image-37913\" srcset=\"https:\/\/www.cocondedecoration.com\/blog\/wp-content\/uploads\/2021\/05\/ou-acheter-verriere-claustra-pas-cher-1.jpeg 500w, https:\/\/www.cocondedecoration.com\/blog\/wp-content\/uploads\/2021\/05\/ou-acheter-verriere-claustra-pas-cher-1-165x165.jpeg 165w, https:\/\/www.cocondedecoration.com\/blog\/wp-content\/uploads\/2021\/05\/ou-acheter-verriere-claustra-pas-cher-1-260x260.jpeg 260w, https:\/\/www.cocondedecoration.com\/blog\/wp-content\/uploads\/2021\/05\/ou-acheter-verriere-claustra-pas-cher-1-465x465.jpeg 465w\" sizes=\"(max-width: 500px) 100vw, 500px\" \/><figcaption class=\"wp-element-caption\"><a href=\"https:\/\/tidd.ly\/3nOGdUQ\" target=\"_blank\" rel=\"noreferrer noopener\" aria-label=\"Verri\u00e8re (s\u2019ouvre dans un nouvel onglet)\">Verri\u00e8re<\/a> - Lapeyre<\/figcaption><\/figure>\n\n\n\n<figure class=\"wp-block-image\"><img loading=\"lazy\" decoding=\"async\" width=\"500\" height=\"500\" src=\"https:\/\/www.cocondedecoration.com\/blog\/wp-content\/uploads\/2023\/08\/cloison-amovible-design-1.jpeg\" alt=\"cloison amovible design Cloison Claustra bois noir \/ \u00e9tag\u00e8re - L 90 x H 240 cm\" class=\"wp-image-64038\" srcset=\"https:\/\/www.cocondedecoration.com\/blog\/wp-content\/uploads\/2023\/08\/cloison-amovible-design-1.jpeg 500w, https:\/\/www.cocondedecoration.com\/blog\/wp-content\/uploads\/2023\/08\/cloison-amovible-design-1-165x165.jpeg 165w, https:\/\/www.cocondedecoration.com\/blog\/wp-content\/uploads\/2023\/08\/cloison-amovible-design-1-260x260.jpeg 260w, https:\/\/www.cocondedecoration.com\/blog\/wp-content\/uploads\/2023\/08\/cloison-amovible-design-1-465x465.jpeg 465w\" sizes=\"(max-width: 500px) 100vw, 500px\" \/><figcaption class=\"wp-element-caption\"><a href=\"https:\/\/c3po.link\/QPfzmFKahg\" target=\"_blank\" rel=\"noreferrer noopener\" aria-label=\"Cloison Claustra bois noir \/ \u00e9tag\u00e8re - L 90 x H 240 cm (s\u2019ouvre dans un nouvel onglet)\">Cloison Claustra bois noir \/ \u00e9tag\u00e8re - L 90 x H 240 cm<\/a> - Made in Design <\/figcaption><\/figure>\n\n\n\n<figure class=\"wp-block-image\"><img loading=\"lazy\" decoding=\"async\" width=\"500\" height=\"500\" src=\"http:\/\/www.cocondedecoration.com\/blog\/wp-content\/uploads\/2021\/05\/ou-acheter-verriere-claustra-pas-cher-5.jpeg\" alt=\"ou acheter verriere blanche avec soubassement \u00e9l\u00e9gant et moderne pas cher\" class=\"wp-image-37917\" srcset=\"https:\/\/www.cocondedecoration.com\/blog\/wp-content\/uploads\/2021\/05\/ou-acheter-verriere-claustra-pas-cher-5.jpeg 500w, https:\/\/www.cocondedecoration.com\/blog\/wp-content\/uploads\/2021\/05\/ou-acheter-verriere-claustra-pas-cher-5-165x165.jpeg 165w, https:\/\/www.cocondedecoration.com\/blog\/wp-content\/uploads\/2021\/05\/ou-acheter-verriere-claustra-pas-cher-5-260x260.jpeg 260w, https:\/\/www.cocondedecoration.com\/blog\/wp-content\/uploads\/2021\/05\/ou-acheter-verriere-claustra-pas-cher-5-465x465.jpeg 465w\" sizes=\"(max-width: 500px) 100vw, 500px\" \/><figcaption class=\"wp-element-caption\"><a href=\"https:\/\/tidd.ly\/3b6lSFk\" target=\"_blank\" rel=\"noreferrer noopener\" aria-label=\"Verri\u00e8re (s\u2019ouvre dans un nouvel onglet)\">Verri\u00e8re<\/a> - Castorama<\/figcaption><\/figure>\n\n\n\n<figure class=\"wp-block-image\"><img loading=\"lazy\" decoding=\"async\" width=\"500\" height=\"500\" src=\"http:\/\/www.cocondedecoration.com\/blog\/wp-content\/uploads\/2021\/05\/ou-acheter-verriere-claustra-pas-cher-9.jpeg\" alt=\"ou acheter claustra bois cloison int\u00e9rieure ajour\u00e9e  pas cher\" class=\"wp-image-37921\" srcset=\"https:\/\/www.cocondedecoration.com\/blog\/wp-content\/uploads\/2021\/05\/ou-acheter-verriere-claustra-pas-cher-9.jpeg 500w, https:\/\/www.cocondedecoration.com\/blog\/wp-content\/uploads\/2021\/05\/ou-acheter-verriere-claustra-pas-cher-9-165x165.jpeg 165w, https:\/\/www.cocondedecoration.com\/blog\/wp-content\/uploads\/2021\/05\/ou-acheter-verriere-claustra-pas-cher-9-260x260.jpeg 260w, https:\/\/www.cocondedecoration.com\/blog\/wp-content\/uploads\/2021\/05\/ou-acheter-verriere-claustra-pas-cher-9-465x465.jpeg 465w\" sizes=\"(max-width: 500px) 100vw, 500px\" \/><figcaption class=\"wp-element-caption\"><a href=\"https:\/\/tidd.ly\/3b3UiZg\" target=\"_blank\" rel=\"noreferrer noopener\" aria-label=\"Claustra (s\u2019ouvre dans un nouvel onglet)\">Claustra<\/a> - Castorama<\/figcaption><\/figure>\n<\/div>\n\n\n\n<div class=\"wp-block-column is-layout-flow wp-block-column-is-layout-flow\">\n<figure class=\"wp-block-image\"><img loading=\"lazy\" decoding=\"async\" width=\"500\" height=\"500\" src=\"http:\/\/www.cocondedecoration.com\/blog\/wp-content\/uploads\/2021\/05\/ou-acheter-verriere-claustra-pas-cher-2.jpeg\" alt=\"ou acheter verriere moderne montant noir grand format \u00e9l\u00e9gant pas cher\" class=\"wp-image-37914\" srcset=\"https:\/\/www.cocondedecoration.com\/blog\/wp-content\/uploads\/2021\/05\/ou-acheter-verriere-claustra-pas-cher-2.jpeg 500w, https:\/\/www.cocondedecoration.com\/blog\/wp-content\/uploads\/2021\/05\/ou-acheter-verriere-claustra-pas-cher-2-165x165.jpeg 165w, https:\/\/www.cocondedecoration.com\/blog\/wp-content\/uploads\/2021\/05\/ou-acheter-verriere-claustra-pas-cher-2-260x260.jpeg 260w, https:\/\/www.cocondedecoration.com\/blog\/wp-content\/uploads\/2021\/05\/ou-acheter-verriere-claustra-pas-cher-2-465x465.jpeg 465w\" sizes=\"(max-width: 500px) 100vw, 500px\" \/><figcaption class=\"wp-element-caption\"><a href=\"https:\/\/tidd.ly\/3ti33oU\" target=\"_blank\" rel=\"noreferrer noopener\" aria-label=\"Verri\u00e8re (s\u2019ouvre dans un nouvel onglet)\">Verri\u00e8re<\/a> - Lapeyre<\/figcaption><\/figure>\n\n\n\n<figure class=\"wp-block-image\"><img loading=\"lazy\" decoding=\"async\" width=\"500\" height=\"500\" src=\"https:\/\/www.cocondedecoration.com\/blog\/wp-content\/uploads\/2023\/08\/cloison-amovible-design-2.jpeg\" alt=\"cloison amovible design Etag\u00e8re en bois\" class=\"wp-image-64039\" srcset=\"https:\/\/www.cocondedecoration.com\/blog\/wp-content\/uploads\/2023\/08\/cloison-amovible-design-2.jpeg 500w, https:\/\/www.cocondedecoration.com\/blog\/wp-content\/uploads\/2023\/08\/cloison-amovible-design-2-165x165.jpeg 165w, https:\/\/www.cocondedecoration.com\/blog\/wp-content\/uploads\/2023\/08\/cloison-amovible-design-2-260x260.jpeg 260w, https:\/\/www.cocondedecoration.com\/blog\/wp-content\/uploads\/2023\/08\/cloison-amovible-design-2-465x465.jpeg 465w\" sizes=\"(max-width: 500px) 100vw, 500px\" \/><figcaption class=\"wp-element-caption\"><a href=\"https:\/\/fnty.co\/c\/r-YNpszHwr\" target=\"_blank\" rel=\"noreferrer noopener\" aria-label=\"Etag\u00e8re claustra en bois (s\u2019ouvre dans un nouvel onglet)\">Etag\u00e8re claustra en bois<\/a> - The Cool Republic<\/figcaption><\/figure>\n\n\n\n<figure class=\"wp-block-image\"><img loading=\"lazy\" decoding=\"async\" width=\"500\" height=\"500\" src=\"http:\/\/www.cocondedecoration.com\/blog\/wp-content\/uploads\/2021\/05\/ou-acheter-verriere-claustra-pas-cher-6.jpeg\" alt=\"ou acheter verriere 4 vitres montants noirs verticaux pas cher\" class=\"wp-image-37918\" srcset=\"https:\/\/www.cocondedecoration.com\/blog\/wp-content\/uploads\/2021\/05\/ou-acheter-verriere-claustra-pas-cher-6.jpeg 500w, https:\/\/www.cocondedecoration.com\/blog\/wp-content\/uploads\/2021\/05\/ou-acheter-verriere-claustra-pas-cher-6-165x165.jpeg 165w, https:\/\/www.cocondedecoration.com\/blog\/wp-content\/uploads\/2021\/05\/ou-acheter-verriere-claustra-pas-cher-6-260x260.jpeg 260w, https:\/\/www.cocondedecoration.com\/blog\/wp-content\/uploads\/2021\/05\/ou-acheter-verriere-claustra-pas-cher-6-465x465.jpeg 465w\" sizes=\"(max-width: 500px) 100vw, 500px\" \/><figcaption class=\"wp-element-caption\"><a href=\"https:\/\/tidd.ly\/3f3cyn0\" target=\"_blank\" rel=\"noreferrer noopener\" aria-label=\"Verri\u00e8re (s\u2019ouvre dans un nouvel onglet)\">Verri\u00e8re<\/a> - Castorama<\/figcaption><\/figure>\n\n\n\n<figure class=\"wp-block-image\"><img loading=\"lazy\" decoding=\"async\" width=\"500\" height=\"500\" src=\"http:\/\/www.cocondedecoration.com\/blog\/wp-content\/uploads\/2021\/05\/ou-acheter-verriere-claustra-pas-cher-10.jpeg\" alt=\"ou acheter claustra effet cannage bois cloison int\u00e9rieure pas cher\" class=\"wp-image-37922\" srcset=\"https:\/\/www.cocondedecoration.com\/blog\/wp-content\/uploads\/2021\/05\/ou-acheter-verriere-claustra-pas-cher-10.jpeg 500w, https:\/\/www.cocondedecoration.com\/blog\/wp-content\/uploads\/2021\/05\/ou-acheter-verriere-claustra-pas-cher-10-165x165.jpeg 165w, https:\/\/www.cocondedecoration.com\/blog\/wp-content\/uploads\/2021\/05\/ou-acheter-verriere-claustra-pas-cher-10-260x260.jpeg 260w, https:\/\/www.cocondedecoration.com\/blog\/wp-content\/uploads\/2021\/05\/ou-acheter-verriere-claustra-pas-cher-10-465x465.jpeg 465w\" sizes=\"(max-width: 500px) 100vw, 500px\" \/><figcaption class=\"wp-element-caption\"><a href=\"https:\/\/tidd.ly\/3eo3U3b\" target=\"_blank\" rel=\"noreferrer noopener\" aria-label=\"Claustra (s\u2019ouvre dans un nouvel onglet)\">Claustra<\/a> - Castorama<\/figcaption><\/figure>\n<\/div>\n\n\n\n<div class=\"wp-block-column is-layout-flow wp-block-column-is-layout-flow\">\n<figure class=\"wp-block-image\"><img loading=\"lazy\" decoding=\"async\" width=\"500\" height=\"500\" src=\"http:\/\/www.cocondedecoration.com\/blog\/wp-content\/uploads\/2021\/05\/ou-acheter-verriere-claustra-pas-cher-3.jpeg\" alt=\"ou acheter verriere porte coulissante style atelier industriel pas cher\" class=\"wp-image-37915\" srcset=\"https:\/\/www.cocondedecoration.com\/blog\/wp-content\/uploads\/2021\/05\/ou-acheter-verriere-claustra-pas-cher-3.jpeg 500w, https:\/\/www.cocondedecoration.com\/blog\/wp-content\/uploads\/2021\/05\/ou-acheter-verriere-claustra-pas-cher-3-165x165.jpeg 165w, https:\/\/www.cocondedecoration.com\/blog\/wp-content\/uploads\/2021\/05\/ou-acheter-verriere-claustra-pas-cher-3-260x260.jpeg 260w, https:\/\/www.cocondedecoration.com\/blog\/wp-content\/uploads\/2021\/05\/ou-acheter-verriere-claustra-pas-cher-3-465x465.jpeg 465w\" sizes=\"(max-width: 500px) 100vw, 500px\" \/><figcaption class=\"wp-element-caption\"><a href=\"https:\/\/tidd.ly\/3vGXxhh\" target=\"_blank\" rel=\"noreferrer noopener\" aria-label=\"Porte et cloison (s\u2019ouvre dans un nouvel onglet)\">Porte et cloison<\/a> - Lapeyre<\/figcaption><\/figure>\n\n\n\n<figure class=\"wp-block-image\"><img loading=\"lazy\" decoding=\"async\" width=\"500\" height=\"500\" src=\"https:\/\/www.cocondedecoration.com\/blog\/wp-content\/uploads\/2023\/08\/cloison-amovible-design-3.jpeg\" alt=\"cloison amovible design Biblioth\u00e8que en ch\u00eane naturel \u00e0 4 niveaux\" class=\"wp-image-64040\" srcset=\"https:\/\/www.cocondedecoration.com\/blog\/wp-content\/uploads\/2023\/08\/cloison-amovible-design-3.jpeg 500w, https:\/\/www.cocondedecoration.com\/blog\/wp-content\/uploads\/2023\/08\/cloison-amovible-design-3-165x165.jpeg 165w, https:\/\/www.cocondedecoration.com\/blog\/wp-content\/uploads\/2023\/08\/cloison-amovible-design-3-260x260.jpeg 260w, https:\/\/www.cocondedecoration.com\/blog\/wp-content\/uploads\/2023\/08\/cloison-amovible-design-3-465x465.jpeg 465w\" sizes=\"(max-width: 500px) 100vw, 500px\" \/><figcaption class=\"wp-element-caption\"><a href=\"https:\/\/fnty.co\/c\/r-FfTuxxHZ\" target=\"_blank\" rel=\"noreferrer noopener\" aria-label=\"Biblioth\u00e8que en ch\u00eane naturel \u00e0 4 niveaux  (s\u2019ouvre dans un nouvel onglet)\">Biblioth\u00e8que en ch\u00eane naturel \u00e0 4 niveaux <\/a>- The Cool Republic<\/figcaption><\/figure>\n\n\n\n<figure class=\"wp-block-image\"><img loading=\"lazy\" decoding=\"async\" width=\"500\" height=\"500\" src=\"http:\/\/www.cocondedecoration.com\/blog\/wp-content\/uploads\/2021\/05\/ou-acheter-verriere-claustra-pas-cher-7.jpeg\" alt=\"ou acheter verriere 5 vitres montants verticaux blancs pas cher\" class=\"wp-image-37919\" srcset=\"https:\/\/www.cocondedecoration.com\/blog\/wp-content\/uploads\/2021\/05\/ou-acheter-verriere-claustra-pas-cher-7.jpeg 500w, https:\/\/www.cocondedecoration.com\/blog\/wp-content\/uploads\/2021\/05\/ou-acheter-verriere-claustra-pas-cher-7-165x165.jpeg 165w, https:\/\/www.cocondedecoration.com\/blog\/wp-content\/uploads\/2021\/05\/ou-acheter-verriere-claustra-pas-cher-7-260x260.jpeg 260w, https:\/\/www.cocondedecoration.com\/blog\/wp-content\/uploads\/2021\/05\/ou-acheter-verriere-claustra-pas-cher-7-465x465.jpeg 465w\" sizes=\"(max-width: 500px) 100vw, 500px\" \/><figcaption class=\"wp-element-caption\"><a href=\"https:\/\/tidd.ly\/3thTvu8\" target=\"_blank\" rel=\"noreferrer noopener\" aria-label=\"Verri\u00e8re (s\u2019ouvre dans un nouvel onglet)\">Verri\u00e8re<\/a> - Castorama<\/figcaption><\/figure>\n\n\n\n<figure class=\"wp-block-image\"><img loading=\"lazy\" decoding=\"async\" width=\"500\" height=\"500\" src=\"http:\/\/www.cocondedecoration.com\/blog\/wp-content\/uploads\/2021\/05\/ou-acheter-verriere-claustra-pas-cher-11.jpeg\" alt=\"ou acheter claustra cloison facile \u00e0 poser pas cher\" class=\"wp-image-37923\" srcset=\"https:\/\/www.cocondedecoration.com\/blog\/wp-content\/uploads\/2021\/05\/ou-acheter-verriere-claustra-pas-cher-11.jpeg 500w, https:\/\/www.cocondedecoration.com\/blog\/wp-content\/uploads\/2021\/05\/ou-acheter-verriere-claustra-pas-cher-11-165x165.jpeg 165w, https:\/\/www.cocondedecoration.com\/blog\/wp-content\/uploads\/2021\/05\/ou-acheter-verriere-claustra-pas-cher-11-260x260.jpeg 260w, https:\/\/www.cocondedecoration.com\/blog\/wp-content\/uploads\/2021\/05\/ou-acheter-verriere-claustra-pas-cher-11-465x465.jpeg 465w\" sizes=\"(max-width: 500px) 100vw, 500px\" \/><figcaption class=\"wp-element-caption\"><a href=\"https:\/\/tidd.ly\/2Ry5F4H\" target=\"_blank\" rel=\"noreferrer noopener\" aria-label=\"Claustra (s\u2019ouvre dans un nouvel onglet)\">Claustra<\/a> - Castorama<\/figcaption><\/figure>\n<\/div>\n\n\n\n<div class=\"wp-block-column is-layout-flow wp-block-column-is-layout-flow\">\n<figure class=\"wp-block-image\"><img loading=\"lazy\" decoding=\"async\" width=\"500\" height=\"500\" src=\"http:\/\/www.cocondedecoration.com\/blog\/wp-content\/uploads\/2021\/05\/ou-acheter-verriere-claustra-pas-cher-4.jpeg\" alt=\"ou acheter verriere porte cloison style industriel avec soubassement pas cher\" class=\"wp-image-37916\" srcset=\"https:\/\/www.cocondedecoration.com\/blog\/wp-content\/uploads\/2021\/05\/ou-acheter-verriere-claustra-pas-cher-4.jpeg 500w, https:\/\/www.cocondedecoration.com\/blog\/wp-content\/uploads\/2021\/05\/ou-acheter-verriere-claustra-pas-cher-4-165x165.jpeg 165w, https:\/\/www.cocondedecoration.com\/blog\/wp-content\/uploads\/2021\/05\/ou-acheter-verriere-claustra-pas-cher-4-260x260.jpeg 260w, https:\/\/www.cocondedecoration.com\/blog\/wp-content\/uploads\/2021\/05\/ou-acheter-verriere-claustra-pas-cher-4-465x465.jpeg 465w\" sizes=\"(max-width: 500px) 100vw, 500px\" \/><figcaption class=\"wp-element-caption\"><a href=\"https:\/\/tidd.ly\/2Rrhdqw\" target=\"_blank\" rel=\"noreferrer noopener\" aria-label=\"Cloison accord\u00e9on (s\u2019ouvre dans un nouvel onglet)\">Cloison accord\u00e9on<\/a> - Lapeyre<\/figcaption><\/figure>\n\n\n\n<figure class=\"wp-block-image\"><img loading=\"lazy\" decoding=\"async\" width=\"500\" height=\"500\" src=\"http:\/\/www.cocondedecoration.com\/blog\/wp-content\/uploads\/2021\/05\/ou-acheter-verriere-claustra-pas-cher-12.jpeg\" alt=\"ou acheter claustra verticale noir pas cher\" class=\"wp-image-37924\" srcset=\"https:\/\/www.cocondedecoration.com\/blog\/wp-content\/uploads\/2021\/05\/ou-acheter-verriere-claustra-pas-cher-12.jpeg 500w, https:\/\/www.cocondedecoration.com\/blog\/wp-content\/uploads\/2021\/05\/ou-acheter-verriere-claustra-pas-cher-12-165x165.jpeg 165w, https:\/\/www.cocondedecoration.com\/blog\/wp-content\/uploads\/2021\/05\/ou-acheter-verriere-claustra-pas-cher-12-260x260.jpeg 260w, https:\/\/www.cocondedecoration.com\/blog\/wp-content\/uploads\/2021\/05\/ou-acheter-verriere-claustra-pas-cher-12-465x465.jpeg 465w\" sizes=\"(max-width: 500px) 100vw, 500px\" \/><figcaption class=\"wp-element-caption\"><a href=\"https:\/\/tidd.ly\/2QXPiyz\" target=\"_blank\" rel=\"noreferrer noopener\" aria-label=\"Claustra (s\u2019ouvre dans un nouvel onglet)\">Claustra<\/a> - Lapeyre<\/figcaption><\/figure>\n\n\n\n<figure class=\"wp-block-image\"><img loading=\"lazy\" decoding=\"async\" width=\"500\" height=\"500\" src=\"http:\/\/www.cocondedecoration.com\/blog\/wp-content\/uploads\/2021\/05\/ou-acheter-verriere-claustra-pas-cher-8.jpeg\" alt=\"ou acheter claustra int\u00e9rieur bois et translucide pas cher\" class=\"wp-image-37920\" srcset=\"https:\/\/www.cocondedecoration.com\/blog\/wp-content\/uploads\/2021\/05\/ou-acheter-verriere-claustra-pas-cher-8.jpeg 500w, https:\/\/www.cocondedecoration.com\/blog\/wp-content\/uploads\/2021\/05\/ou-acheter-verriere-claustra-pas-cher-8-165x165.jpeg 165w, https:\/\/www.cocondedecoration.com\/blog\/wp-content\/uploads\/2021\/05\/ou-acheter-verriere-claustra-pas-cher-8-260x260.jpeg 260w, https:\/\/www.cocondedecoration.com\/blog\/wp-content\/uploads\/2021\/05\/ou-acheter-verriere-claustra-pas-cher-8-465x465.jpeg 465w\" sizes=\"(max-width: 500px) 100vw, 500px\" \/><figcaption class=\"wp-element-caption\"><a href=\"https:\/\/tidd.ly\/3h7feT4\" target=\"_blank\" rel=\"noreferrer noopener\" aria-label=\"Claustra (s\u2019ouvre dans un nouvel onglet)\">Claustra<\/a> - Castorama<\/figcaption><\/figure>\n<\/div>\n<\/div>\n\n\n\n<hr class=\"wp-block-separator\"\/>\n\n\n\n<p class=\"has-text-align-center has-medium-font-size\">Ne perdons pas contact \ud83d\ude42 Rejoignez moi sur <a href=\"https:\/\/www.pinterest.fr\/cocondedeco\/\" target=\"_blank\" rel=\"noopener\" title=\"\">Pinterest<\/a> |\u00a0<a href=\"https:\/\/www.threads.net\/@cocondedeco\" target=\"_blank\" rel=\"noopener\" title=\"\">Threads<\/a> | <a href=\"https:\/\/www.patreon.com\/collection\/162946?view=expanded\" target=\"_blank\" rel=\"noopener\" title=\"\">la Newsletter<\/a> <br>Vous aimez lire le blog? Vous souhaitez continuer \u00e0 le lire? <a href=\"https:\/\/www.patreon.com\/cocondedeco\" target=\"_blank\" rel=\"noopener\" title=\"\">Devenez m\u00e9c\u00e8ne<\/a> sur Patreon et contribuez \u00e0 sa survie. <\/p>\n\n\n\n<hr class=\"wp-block-separator\"\/>\n\n\n\n<div class=\"wp-block-columns has-2-columns is-layout-flex wp-container-core-columns-layout-3 wp-block-columns-is-layout-flex\">\n<div class=\"wp-block-column is-layout-flow wp-block-column-is-layout-flow\">\n<p style=\"text-align:center\" class=\"has-medium-font-size\">A lire \u00e9galement <\/p>\n\n\n<ul class=\"wp-block-latest-posts__list wp-block-latest-posts\"><li><a class=\"wp-block-latest-posts__post-title\" href=\"https:\/\/www.cocondedecoration.com\/blog\/2025\/09\/mur-interieur-parpaing\/\">Simple et original, le mur int\u00e9rieur en parpaings bruts<\/a><\/li>\n<li><a class=\"wp-block-latest-posts__post-title\" href=\"https:\/\/www.cocondedecoration.com\/blog\/2025\/04\/materiau-cloison-interieur\/\">Construire une cloison: quels mat\u00e9riaux privil\u00e9gier?<\/a><\/li>\n<li><a class=\"wp-block-latest-posts__post-title\" href=\"https:\/\/www.cocondedecoration.com\/blog\/2025\/02\/cloison-briques-de-verre\/\">Briques de verre pour cloisonner sans perdre en luminosit\u00e9<\/a><\/li>\n<li><a class=\"wp-block-latest-posts__post-title\" href=\"https:\/\/www.cocondedecoration.com\/blog\/2024\/01\/maison-plein-pied-tropicale\/\">Un plein-pied tropical ouvert sur le jardin | Visite d\u00e9co<\/a><\/li>\n<li><a class=\"wp-block-latest-posts__post-title\" href=\"https:\/\/www.cocondedecoration.com\/blog\/2022\/04\/arche-architecture-interieure\/\">[Inspirations] Arches &#038; architecture int\u00e9rieure<\/a><\/li>\n<li><a class=\"wp-block-latest-posts__post-title\" href=\"https:\/\/www.cocondedecoration.com\/blog\/2021\/10\/verriere-salle-de-bain\/\">[Id\u00e9e d\u00e9co] Une verri\u00e8re dans la salle de bain<\/a><\/li>\n<\/ul><\/div>\n\n\n\n<div class=\"wp-block-column is-layout-flow wp-block-column-is-layout-flow\">\n<p class=\"has-text-align-center has-medium-font-size\" style=\"padding-top:var(--wp--preset--spacing--40);padding-bottom:var(--wp--preset--spacing--40)\"><strong>Devenez m\u00e9c\u00e8ne du blog <\/strong><\/p>\n\n\n\n<hr class=\"wp-block-separator has-alpha-channel-opacity is-style-wide\"\/>\n\n\n\n<p style=\"padding-right:var(--wp--preset--spacing--30);padding-left:var(--wp--preset--spacing--30)\">Soutenez mon travail sur le blog et acc\u00e9dez \u00e0 des contreparties exclusives: <\/p>\n\n\n\n<ul style=\"padding-right:var(--wp--preset--spacing--40);padding-left:var(--wp--preset--spacing--40)\">\n<li>Plusieurs centaines d'articles d\u00e9co, lifestyle &amp; voyage r\u00e9serv\u00e9s aux abonn\u00e9\u2022e\u2022s <\/li>\n\n\n\n<li>Toutes les entr\u00e9es de mon side project - mon dictionnaire nomade <\/li>\n\n\n\n<li>Une publicit\u00e9 limit\u00e9e sur les articles Patreon <\/li>\n<\/ul>\n\n\n\n<div class=\"wp-block-buttons is-content-justification-center is-layout-flex wp-container-core-buttons-layout-1 wp-block-buttons-is-layout-flex\">\n<div class=\"wp-block-button\"><a class=\"wp-block-button__link wp-element-button\" href=\"https:\/\/www.patreon.com\/cocondedeco\" target=\"_blank\" rel=\"noreferrer noopener\">Soutenir le blog maintenant<\/a><\/div>\n<\/div>\n<\/div>\n<\/div>\n\n\n\n<div class=\"wp-block-image\"><figure class=\"aligncenter\"><a href=\"https:\/\/hopfab.com\/realisations\/amenagement-dun-coin-nuit-dans-un-appartement-de-30m2\"><img loading=\"lazy\" decoding=\"async\" width=\"732\" height=\"488\" src=\"http:\/\/www.cocondedecoration.com\/blog\/wp-content\/uploads\/2020\/07\/ou-trouver-claustra-interieur.jpg\" alt=\"ou trouver claustra interieur\" class=\"wp-image-26600\" srcset=\"https:\/\/www.cocondedecoration.com\/blog\/wp-content\/uploads\/2020\/07\/ou-trouver-claustra-interieur.jpg 732w, https:\/\/www.cocondedecoration.com\/blog\/wp-content\/uploads\/2020\/07\/ou-trouver-claustra-interieur-260x173.jpg 260w, https:\/\/www.cocondedecoration.com\/blog\/wp-content\/uploads\/2020\/07\/ou-trouver-claustra-interieur-640x427.jpg 640w, https:\/\/www.cocondedecoration.com\/blog\/wp-content\/uploads\/2020\/07\/ou-trouver-claustra-interieur-465x310.jpg 465w, https:\/\/www.cocondedecoration.com\/blog\/wp-content\/uploads\/2020\/07\/ou-trouver-claustra-interieur-695x463.jpg 695w\" sizes=\"(max-width: 732px) 100vw, 732px\" \/><\/a><\/figure><\/div>\n\n\n\n<p style=\"text-align:right\" class=\"has-small-font-size\">Note: cet article contient des liens affili\u00e9s. Ils ne changent en rien votre utilisation du blog ou des sites partenaires. Ils me permettent d'entretenir r\u00e9guli\u00e8rement le blog.<\/p>\n","protected":false},"excerpt":{"rendered":"<p>Ces derniers mois, je vous ai pr\u00e9sent\u00e9 les claustras en long, en large et en travers sur le blog. On a pu voir comment les utiliser dans chaque pi\u00e8ce de la maison et m\u00eame en ext\u00e9rieur. On a pu voir aussi comment certains architectes d&rsquo;int\u00e9rieurs fran\u00e7ais les utilisaient pour red\u00e9finir<span class=\"more-link\"><a href=\"https:\/\/www.cocondedecoration.com\/blog\/2020\/07\/ou-trouver-des-claustras-interieurs\/\">Lire la suite<\/a><\/span><\/p>\n","protected":false},"author":1,"featured_media":26600,"comment_status":"open","ping_status":"open","sticky":false,"template":"","format":"standard","meta":{"om_disable_all_campaigns":false,"_monsterinsights_skip_tracking":false,"_monsterinsights_sitenote_active":false,"_monsterinsights_sitenote_note":"","_monsterinsights_sitenote_category":0,"_uf_show_specific_survey":0,"_uf_disable_surveys":false,"footnotes":""},"categories":[51331,17739,2661],"tags":[8708,8709,2887,8705,8706,5241,8703,8033,8702,5831,8707,8698,8700,8701,8699,8704,2006,8710],"aioseo_notices":[],"_links":{"self":[{"href":"https:\/\/www.cocondedecoration.com\/blog\/wp-json\/wp\/v2\/posts\/26588"}],"collection":[{"href":"https:\/\/www.cocondedecoration.com\/blog\/wp-json\/wp\/v2\/posts"}],"about":[{"href":"https:\/\/www.cocondedecoration.com\/blog\/wp-json\/wp\/v2\/types\/post"}],"author":[{"embeddable":true,"href":"https:\/\/www.cocondedecoration.com\/blog\/wp-json\/wp\/v2\/users\/1"}],"replies":[{"embeddable":true,"href":"https:\/\/www.cocondedecoration.com\/blog\/wp-json\/wp\/v2\/comments?post=26588"}],"version-history":[{"count":0,"href":"https:\/\/www.cocondedecoration.com\/blog\/wp-json\/wp\/v2\/posts\/26588\/revisions"}],"wp:featuredmedia":[{"embeddable":true,"href":"https:\/\/www.cocondedecoration.com\/blog\/wp-json\/wp\/v2\/media\/26600"}],"wp:attachment":[{"href":"https:\/\/www.cocondedecoration.com\/blog\/wp-json\/wp\/v2\/media?parent=26588"}],"wp:term":[{"taxonomy":"category","embeddable":true,"href":"https:\/\/www.cocondedecoration.com\/blog\/wp-json\/wp\/v2\/categories?post=26588"},{"taxonomy":"post_tag","embeddable":true,"href":"https:\/\/www.cocondedecoration.com\/blog\/wp-json\/wp\/v2\/tags?post=26588"}],"curies":[{"name":"wp","href":"https:\/\/api.w.org\/{rel}","templated":true}]}}