{"id":26237,"date":"2020-06-25T06:46:38","date_gmt":"2020-06-25T04:46:38","guid":{"rendered":"http:\/\/www.cocondedecoration.com\/blog\/?p=26237"},"modified":"2023-11-30T09:11:48","modified_gmt":"2023-11-30T07:11:48","slug":"idee-deco-pour-une-table-estivale","status":"publish","type":"post","link":"https:\/\/www.cocondedecoration.com\/blog\/2020\/06\/idee-deco-pour-une-table-estivale\/","title":{"rendered":"[Id\u00e9e d\u00e9co] Pour une table estivale"},"content":{"rendered":"\n<p>Synonyme de repas conviviaux en ext\u00e9rieur, l'\u00e9t\u00e9 est l'occasion de d\u00e9cloisonner les habitudes quotidiennes. On prend le petit d\u00e9j' sur le balcon, on dine en famille dans le jardin, on part \u00e0 la journ\u00e9e et on pique-nique dans un espace inhabituel... Les occasions sont multiples en \u00e9t\u00e9 pour passer de bons moments \u00e0 table. Aujourd'hui, je vous propose un article d\u00e9di\u00e9 \u00e0 la d\u00e9coration de table un peu particulier. Dans un premier temps, on va parler de table en dehors de la maison et l'id\u00e9e de pique-nique un peu plus responsable et durable. Ensuite, on abordera la table, celle \u00e0 l'int\u00e9rieur comme \u00e0 l'ext\u00e9rieur. J'esp\u00e8re que ces quelques id\u00e9es vous donneront l'envie de sortir de chez vous cet \u00e9t\u00e9!<\/p>\n\n\n\n<!--more-->\n\n\n\n<div class=\"wp-block-image\"><figure class=\"aligncenter\"><a href=\"https:\/\/www.patreon.com\/cocondedeco\" target=\"_blank\" rel=\"noreferrer noopener\"><img loading=\"lazy\" decoding=\"async\" width=\"728\" height=\"90\" src=\"http:\/\/www.cocondedecoration.com\/blog\/wp-content\/uploads\/2021\/01\/banniere-patreon.png\" alt=\"\" class=\"wp-image-33877\" srcset=\"https:\/\/www.cocondedecoration.com\/blog\/wp-content\/uploads\/2021\/01\/banniere-patreon.png 728w, https:\/\/www.cocondedecoration.com\/blog\/wp-content\/uploads\/2021\/01\/banniere-patreon-260x32.png 260w, https:\/\/www.cocondedecoration.com\/blog\/wp-content\/uploads\/2021\/01\/banniere-patreon-640x79.png 640w, https:\/\/www.cocondedecoration.com\/blog\/wp-content\/uploads\/2021\/01\/banniere-patreon-465x57.png 465w, https:\/\/www.cocondedecoration.com\/blog\/wp-content\/uploads\/2021\/01\/banniere-patreon-695x86.png 695w\" sizes=\"(max-width: 728px) 100vw, 728px\" \/><\/a><\/figure><\/div>\n\n\n\n<p style=\"text-align:center\" class=\"has-background has-small-font-size has-very-light-gray-background-color\">Avant de poursuivre cet article, j'aimerai vous parler quelques instants de Patreon. C'est une plateforme en plus du blog sur laquelle vous pouvez devenir m\u00e9c\u00e8ne du blog. <br><strong>Pourquoi soutenir le blog?<\/strong> <br>Parce que c'est un travail consid\u00e9rable et m\u00eame si je le fais avec passion c'est aussi un travail pr\u00e9caire (<a rel=\"noreferrer noopener\" href=\"https:\/\/www.patreon.com\/posts\/en-quoi-consiste-86917611\" target=\"_blank\">je vous explique tout cela en d\u00e9tail dans ce post<\/a>). Si vous aimez l'article que vous \u00eates en train de lire, si vous me suivez sur les r\u00e9seaux sociaux ou encore si vous lisez r\u00e9guli\u00e8rement le blog, je vous serai reconnaissante de soutenir le blog via Patreon. Par ailleurs, en vous abonnant sur la plateforme vous acc\u00e9derez \u00e0 des contenus exclusifs pour vous remercier de votre soutien. C'est sans engagement et chaque contribution fera la diff\u00e9rence. Merci par avance de votre aide! <br><a rel=\"noreferrer noopener\" href=\"https:\/\/www.patreon.com\/cocondedeco\" target=\"_blank\"><strong>En savoir plus &amp; acc\u00e9der \u00e0 Patreon<\/strong><\/a><\/p>\n\n\n\n<h2 class=\"wp-block-heading\">Vaisselle \u00e0 emporter pour pique-niquer<\/h2>\n\n\n\n<p>Avant de parler de la table classique, celle de la salle \u00e0 manger ou celle du salon de jardin. On va parler de repas en ext\u00e9rieur, en dehors de chez vous. M\u00eame si c'est plus rare, j'ai de quoi vous raconter, surtout qu'habituellement le pique-nique est une horreur de plastique. Je me suis donc dit que c'\u00e9tait l'occasion de faire un point sur les alternatives plus \u00e9cologiques en mati\u00e8re de vaisselle et de rendre le pique-nique plus \u00e9colo.<\/p>\n\n\n\n<h3 class=\"wp-block-heading\">Alternative durable \u00e0 la vaisselle jetable<\/h3>\n\n\n\n<p>Assiettes en plastique, couverts en plastique, gobelets en plastique, serviettes en papier, sacs cong\u00e9lation, film \u00e9tirable et papier d'alu, ils ont fait partie pendant des ann\u00e9es du pique-nique. Et ils \u00e9taient pratiques! Il suffisait de tout mettre dans un sac en plastique et de le jeter. Pas de risque de casse, pas de vaisselle \u00e0 faire. Et maintenant, la donne est diff\u00e9rente. On sait que ce n'est pas bon pour la plan\u00e8te tout ce plastique \u00e0 usage unique. Comme je ne vis pas en France, je ne peux pas affirmer qu'il est d\u00e9sormais impossible de trouver de la vaisselle jetable et \u00e0 usage unique en grande surface. L\u00e0 n'est pas le probl\u00e8me. Je vais plus m'int\u00e9resser aux alternatives durables pour vos repas en ext\u00e9rieur, ailleurs que chez vous.<br>Le palmier, le bambou ne sont pas des mat\u00e9riaux que l'on trouve en France. Ils sont souvent pr\u00e9sent\u00e9s comme des alternatives \u00e0 la vaisselle en plastique. Pourtant, je trouve \u00e7a aberrant que la vaisselle que vous utiliserez une seule fois ait fait plus de 10 000 km avant d'arriver dans vos mains. Ces mat\u00e9riaux sont plus naturels certes. Mais sont-ils plus \u00e9cologiques? Je ne pense pas. Si vous cherchez une alternative fabriqu\u00e9e plus proche de la France, il y a <a href=\"https:\/\/alternativi.fr\/shop\/marques\/biotrem\" target=\"_blank\" rel=\"noopener noreferrer\">la vaisselle compostable Biotrem<\/a> qui est fabriqu\u00e9e en Pologne (d\u00e9j\u00e0 moins loin que l'Asie) et qui utilise comme mati\u00e8re premi\u00e8re du son de bl\u00e9.<br>Si l'\u00e9cologie est au coeur de vos pr\u00e9occupations m\u00eame quand ce sont les vacances, vous pouvez aussi jeter un oeil du c\u00f4t\u00e9 du z\u00e9ro d\u00e9chet. Bye-bye les pailles en plastique, hello les pailles en m\u00e9tal. Au lieu de prendre du film \u00e9tirable, il y a le wrap en tissus enduit d'une couche de cire v\u00e9g\u00e9tale qui prot\u00e9gera vos aliments aussi bien que du film en plastique. on peut aussi penser au gobelet, en plastique, mais r\u00e9utilisable. Ce sont les gobelets qu'on vous donne en festival contre une caution et que tout le monde oublie de rendre. Plus rare et moins plastique, il y a la solution utilis\u00e9e depuis des g\u00e9n\u00e9rations par les scouts, la popote et la tasse en m\u00e9tal. C'est un petit investissement dans le sens o\u00f9 \u00e7a co\u00fbte plus cher qu'un lot d'assiettes jetables, mais vous l'aurez \u00e0 vie. (Et le scoutisme a un lien tr\u00e8s intime avec la nature, vous vous doutez bien qu'ils ont des alternatives pratiques pour vos pique-niques!) (Oui, c'est dur \u00e0 croire mais j'ai \u00e9t\u00e9 scout quand j'\u00e9tais ado!) Vous l'aurez compris, avec le z\u00e9ro d\u00e9chet, votre pique-nique sera sous le signe du r\u00e9utilisable!<\/p>\n\n\n\n<ul class=\"wp-block-gallery columns-2 is-cropped wp-block-gallery-1 is-layout-flex wp-block-gallery-is-layout-flex\"><li class=\"blocks-gallery-item\"><figure><img loading=\"lazy\" decoding=\"async\" width=\"640\" height=\"960\" src=\"https:\/\/www.cocondedecoration.com\/blog\/wp-content\/uploads\/2023\/11\/decoration-table-ete-couleur-1-640x960.jpeg\" alt=\"decoration table ete couleur jaune corail pamplemousse bougeoir verre color\u00e9\" data-id=\"70033\" data-link=\"https:\/\/www.cocondedecoration.com\/blog\/2020\/06\/idee-deco-pour-une-table-estivale\/decoration-table-ete-couleur-1\/\" class=\"wp-image-70033\" srcset=\"https:\/\/www.cocondedecoration.com\/blog\/wp-content\/uploads\/2023\/11\/decoration-table-ete-couleur-1-640x960.jpeg 640w, https:\/\/www.cocondedecoration.com\/blog\/wp-content\/uploads\/2023\/11\/decoration-table-ete-couleur-1-260x390.jpeg 260w, https:\/\/www.cocondedecoration.com\/blog\/wp-content\/uploads\/2023\/11\/decoration-table-ete-couleur-1-768x1152.jpeg 768w, https:\/\/www.cocondedecoration.com\/blog\/wp-content\/uploads\/2023\/11\/decoration-table-ete-couleur-1-367x550.jpeg 367w, https:\/\/www.cocondedecoration.com\/blog\/wp-content\/uploads\/2023\/11\/decoration-table-ete-couleur-1-333x500.jpeg 333w, https:\/\/www.cocondedecoration.com\/blog\/wp-content\/uploads\/2023\/11\/decoration-table-ete-couleur-1.jpeg 1000w\" sizes=\"(max-width: 640px) 100vw, 640px\" \/><figcaption>heartofncweddings.com\n<\/figcaption><\/figure><\/li><li class=\"blocks-gallery-item\"><figure><img loading=\"lazy\" decoding=\"async\" width=\"640\" height=\"960\" src=\"https:\/\/www.cocondedecoration.com\/blog\/wp-content\/uploads\/2023\/11\/decoration-table-ete-couleur-2-640x960.jpeg\" alt=\"decoration table ete couleur vert et corail fraicheur plantes vertes succulentes pamplemousse\" data-id=\"70034\" data-link=\"https:\/\/www.cocondedecoration.com\/blog\/2020\/06\/idee-deco-pour-une-table-estivale\/decoration-table-ete-couleur-2\/\" class=\"wp-image-70034\" srcset=\"https:\/\/www.cocondedecoration.com\/blog\/wp-content\/uploads\/2023\/11\/decoration-table-ete-couleur-2-640x960.jpeg 640w, https:\/\/www.cocondedecoration.com\/blog\/wp-content\/uploads\/2023\/11\/decoration-table-ete-couleur-2-260x390.jpeg 260w, https:\/\/www.cocondedecoration.com\/blog\/wp-content\/uploads\/2023\/11\/decoration-table-ete-couleur-2-768x1152.jpeg 768w, https:\/\/www.cocondedecoration.com\/blog\/wp-content\/uploads\/2023\/11\/decoration-table-ete-couleur-2-367x550.jpeg 367w, https:\/\/www.cocondedecoration.com\/blog\/wp-content\/uploads\/2023\/11\/decoration-table-ete-couleur-2-333x500.jpeg 333w, https:\/\/www.cocondedecoration.com\/blog\/wp-content\/uploads\/2023\/11\/decoration-table-ete-couleur-2.jpeg 1000w\" sizes=\"(max-width: 640px) 100vw, 640px\" \/><figcaption>crispcollective.org\n<\/figcaption><\/figure><\/li><\/ul>\n\n\n\n<h3 class=\"wp-block-heading\">Remettez au go\u00fbt du jour l'art du beau pique-nique<\/h3>\n\n\n\n<p>Changement de d\u00e9cor. Vous voyez les pique-niques dans les films? Avec le joli panier, la nappe \u00e0 carreaux, la jolie vaisselle, la flute de champagne... Et si vous vous en inspireriez pour vos pique-niques en \u00e9t\u00e9? Alors ouais, en famille avec des enfants excit\u00e9s comme des puces ce n'est pas ce qui semble le plus simple \u00e0 mettre en oeuvre. Mais les vacances, c'est l'occasion de lever le pied et de prendre le temps de manger, m\u00eame en ext\u00e9rieur.<\/p>\n\n\n\n<ul class=\"wp-block-gallery columns-2 is-cropped wp-block-gallery-2 is-layout-flex wp-block-gallery-is-layout-flex\"><li class=\"blocks-gallery-item\"><figure><img loading=\"lazy\" decoding=\"async\" width=\"640\" height=\"960\" src=\"https:\/\/www.cocondedecoration.com\/blog\/wp-content\/uploads\/2023\/11\/decoration-table-ete-couleur-3-640x960.jpeg\" alt=\"decoration table ete couleur bleu canard et corail saumon fraicheur fleur assiette serviette\" data-id=\"70035\" data-link=\"https:\/\/www.cocondedecoration.com\/blog\/2020\/06\/idee-deco-pour-une-table-estivale\/decoration-table-ete-couleur-3\/\" class=\"wp-image-70035\" srcset=\"https:\/\/www.cocondedecoration.com\/blog\/wp-content\/uploads\/2023\/11\/decoration-table-ete-couleur-3-640x960.jpeg 640w, https:\/\/www.cocondedecoration.com\/blog\/wp-content\/uploads\/2023\/11\/decoration-table-ete-couleur-3-260x390.jpeg 260w, https:\/\/www.cocondedecoration.com\/blog\/wp-content\/uploads\/2023\/11\/decoration-table-ete-couleur-3-768x1152.jpeg 768w, https:\/\/www.cocondedecoration.com\/blog\/wp-content\/uploads\/2023\/11\/decoration-table-ete-couleur-3-367x550.jpeg 367w, https:\/\/www.cocondedecoration.com\/blog\/wp-content\/uploads\/2023\/11\/decoration-table-ete-couleur-3-333x500.jpeg 333w, https:\/\/www.cocondedecoration.com\/blog\/wp-content\/uploads\/2023\/11\/decoration-table-ete-couleur-3.jpeg 1000w\" sizes=\"(max-width: 640px) 100vw, 640px\" \/><figcaption>weddingsparrow.com\n<\/figcaption><\/figure><\/li><li class=\"blocks-gallery-item\"><figure><img loading=\"lazy\" decoding=\"async\" width=\"640\" height=\"960\" src=\"https:\/\/www.cocondedecoration.com\/blog\/wp-content\/uploads\/2023\/11\/decoration-table-ete-couleur-4-640x960.jpeg\" alt=\"decoration table ete couleur rose pastel nappe chemin de table agrume simple \u00e0 copier\" data-id=\"70036\" data-link=\"https:\/\/www.cocondedecoration.com\/blog\/2020\/06\/idee-deco-pour-une-table-estivale\/decoration-table-ete-couleur-4\/\" class=\"wp-image-70036\" srcset=\"https:\/\/www.cocondedecoration.com\/blog\/wp-content\/uploads\/2023\/11\/decoration-table-ete-couleur-4-640x960.jpeg 640w, https:\/\/www.cocondedecoration.com\/blog\/wp-content\/uploads\/2023\/11\/decoration-table-ete-couleur-4-260x390.jpeg 260w, https:\/\/www.cocondedecoration.com\/blog\/wp-content\/uploads\/2023\/11\/decoration-table-ete-couleur-4-768x1152.jpeg 768w, https:\/\/www.cocondedecoration.com\/blog\/wp-content\/uploads\/2023\/11\/decoration-table-ete-couleur-4-367x550.jpeg 367w, https:\/\/www.cocondedecoration.com\/blog\/wp-content\/uploads\/2023\/11\/decoration-table-ete-couleur-4-333x500.jpeg 333w, https:\/\/www.cocondedecoration.com\/blog\/wp-content\/uploads\/2023\/11\/decoration-table-ete-couleur-4.jpeg 1000w\" sizes=\"(max-width: 640px) 100vw, 640px\" \/><figcaption>ohhappyday.com\n<\/figcaption><\/figure><\/li><\/ul>\n\n\n\n<h3 class=\"wp-block-heading\">Le moins mais mieux pour les repas en ext\u00e9rieur<\/h3>\n\n\n\n<p>Et puis l'\u00e9t\u00e9, il y a le pique-nique sur le bord de la route quand on part en vacances. On a moins envie de prendre le temps parce qu'on a encore de la route qui nous attend. L'ambiance est plus pratique que bucolique d'un coup. L\u00e0 aussi le wrap peut-\u00eatre une bonne alternative pour emballer vos sandwiches pr\u00e9par\u00e9s en avance. L'id\u00e9e est de partir sur du moins mais mieux puisque la voiture est d\u00e9j\u00e0 pleine \u00e0 craquer et que \u00e7a ne sert \u00e0 rien de vous ennuyer avec de la vaisselle qui ne servira pas en vacances. Le couteau Suisse multi-fonction sert \u00e0 tout ou presque et il ne prend pas de place dans la boite \u00e0 gants. Les gourdes \u00e0 la place des gobelets pour tout le trajet.<\/p>\n\n\n\n<div class=\"wp-block-columns has-2-columns is-layout-flex wp-container-core-columns-layout-1 wp-block-columns-is-layout-flex\">\n<div class=\"wp-block-column is-layout-flow wp-block-column-is-layout-flow\">\n<p style=\"text-align:center\" class=\"has-medium-font-size\">Mes coups de coeur pour d\u00e9corer la table <\/p>\n\n\n<div class='white' style='background:rgba(0,0,0,0); border:solid 0px rgba(0,0,0,0); border-radius:0px; padding:0px 99px 0px 0px;'>\n<div id='slider_60321' class='owl-carousel sa_owl_theme owl-pagination-true autohide-arrows' data-slider-id='slider_60321' style='visibility:hidden;'>\n<div id='slider_60321_slide01' class='sa_hover_container' style='padding:5% 5%; margin:0px 0%; '><p><img loading=\"lazy\" decoding=\"async\" class=\"aligncenter wp-image-60323 size-full\" title=\"deco de table maison du monde set de table fibres naturelles tress\u00e9es moderne rond pas cher\" src=\"https:\/\/www.cocondedecoration.com\/blog\/wp-content\/uploads\/2023\/05\/deco-de-table-maison-du-monde-1.jpeg\" alt=\"deco de table maison du monde set de table fibres naturelles tress\u00e9es moderne rond pas cher\" width=\"500\" height=\"500\" srcset=\"https:\/\/www.cocondedecoration.com\/blog\/wp-content\/uploads\/2023\/05\/deco-de-table-maison-du-monde-1.jpeg 500w, https:\/\/www.cocondedecoration.com\/blog\/wp-content\/uploads\/2023\/05\/deco-de-table-maison-du-monde-1-165x165.jpeg 165w, https:\/\/www.cocondedecoration.com\/blog\/wp-content\/uploads\/2023\/05\/deco-de-table-maison-du-monde-1-260x260.jpeg 260w, https:\/\/www.cocondedecoration.com\/blog\/wp-content\/uploads\/2023\/05\/deco-de-table-maison-du-monde-1-465x465.jpeg 465w\" sizes=\"(max-width: 500px) 100vw, 500px\" \/><\/p><\/div>\n<div id='slider_60321_slide02' class='sa_hover_container' style='padding:5% 5%; margin:0px 0%; '><p><img loading=\"lazy\" decoding=\"async\" class=\"aligncenter wp-image-60329 size-full\" title=\"deco de table vaisselle textile nappe \u00e0 rayure jaune et blanc style riviera vacances \u00e9t\u00e9 estival\" src=\"https:\/\/www.cocondedecoration.com\/blog\/wp-content\/uploads\/2023\/05\/deco-de-table-vaisselle-textile-1.jpeg\" alt=\"deco de table vaisselle textile nappe \u00e0 rayure jaune et blanc style riviera vacances \u00e9t\u00e9 estival\" width=\"500\" height=\"500\" srcset=\"https:\/\/www.cocondedecoration.com\/blog\/wp-content\/uploads\/2023\/05\/deco-de-table-vaisselle-textile-1.jpeg 500w, https:\/\/www.cocondedecoration.com\/blog\/wp-content\/uploads\/2023\/05\/deco-de-table-vaisselle-textile-1-165x165.jpeg 165w, https:\/\/www.cocondedecoration.com\/blog\/wp-content\/uploads\/2023\/05\/deco-de-table-vaisselle-textile-1-260x260.jpeg 260w, https:\/\/www.cocondedecoration.com\/blog\/wp-content\/uploads\/2023\/05\/deco-de-table-vaisselle-textile-1-465x465.jpeg 465w\" sizes=\"(max-width: 500px) 100vw, 500px\" \/><\/p><\/div>\n<div id='slider_60321_slide03' class='sa_hover_container' style='padding:5% 5%; margin:0px 0%; '><p><img loading=\"lazy\" decoding=\"async\" class=\"aligncenter wp-image-60334 size-full\" title=\"decoration vaisselle table pas cher la redoute verre \u00e0 eau color\u00e9 bleu d\u00e9co estivale petit budget\" src=\"https:\/\/www.cocondedecoration.com\/blog\/wp-content\/uploads\/2023\/05\/decoration-vaisselle-table-pas-cher-la-redoute-1.jpeg\" alt=\"decoration vaisselle table pas cher la redoute verre \u00e0 eau color\u00e9 bleu d\u00e9co estivale petit budget\" width=\"500\" height=\"500\" srcset=\"https:\/\/www.cocondedecoration.com\/blog\/wp-content\/uploads\/2023\/05\/decoration-vaisselle-table-pas-cher-la-redoute-1.jpeg 500w, https:\/\/www.cocondedecoration.com\/blog\/wp-content\/uploads\/2023\/05\/decoration-vaisselle-table-pas-cher-la-redoute-1-165x165.jpeg 165w, https:\/\/www.cocondedecoration.com\/blog\/wp-content\/uploads\/2023\/05\/decoration-vaisselle-table-pas-cher-la-redoute-1-260x260.jpeg 260w, https:\/\/www.cocondedecoration.com\/blog\/wp-content\/uploads\/2023\/05\/decoration-vaisselle-table-pas-cher-la-redoute-1-465x465.jpeg 465w\" sizes=\"(max-width: 500px) 100vw, 500px\" \/><\/p><\/div>\n<div id='slider_60321_slide04' class='sa_hover_container' style='padding:5% 5%; margin:0px 0%; '><p><img loading=\"lazy\" decoding=\"async\" class=\"aligncenter wp-image-60324 size-full\" title=\"deco de table maison du monde nappe fond beige imprim\u00e9 v\u00e9g\u00e9tal nature simple et chic pas cher\" src=\"https:\/\/www.cocondedecoration.com\/blog\/wp-content\/uploads\/2023\/05\/deco-de-table-maison-du-monde-2.jpeg\" alt=\"deco de table maison du monde nappe fond beige imprim\u00e9 v\u00e9g\u00e9tal nature simple et chic pas cher\" width=\"500\" height=\"500\" srcset=\"https:\/\/www.cocondedecoration.com\/blog\/wp-content\/uploads\/2023\/05\/deco-de-table-maison-du-monde-2.jpeg 500w, https:\/\/www.cocondedecoration.com\/blog\/wp-content\/uploads\/2023\/05\/deco-de-table-maison-du-monde-2-165x165.jpeg 165w, https:\/\/www.cocondedecoration.com\/blog\/wp-content\/uploads\/2023\/05\/deco-de-table-maison-du-monde-2-260x260.jpeg 260w, https:\/\/www.cocondedecoration.com\/blog\/wp-content\/uploads\/2023\/05\/deco-de-table-maison-du-monde-2-465x465.jpeg 465w\" sizes=\"(max-width: 500px) 100vw, 500px\" \/><\/p><\/div>\n<div id='slider_60321_slide05' class='sa_hover_container' style='padding:5% 5%; margin:0px 0%; '><p><img loading=\"lazy\" decoding=\"async\" class=\"aligncenter wp-image-60330 size-full\" title=\"deco de table vaisselle textile nappe ronde imprim\u00e9 v\u00e9g\u00e9tal tropical blanc sur fond vert pas cher\" src=\"https:\/\/www.cocondedecoration.com\/blog\/wp-content\/uploads\/2023\/05\/deco-de-table-vaisselle-textile-2.jpeg\" alt=\"deco de table vaisselle textile nappe ronde imprim\u00e9 v\u00e9g\u00e9tal tropical blanc sur fond vert pas cher\" width=\"500\" height=\"500\" srcset=\"https:\/\/www.cocondedecoration.com\/blog\/wp-content\/uploads\/2023\/05\/deco-de-table-vaisselle-textile-2.jpeg 500w, https:\/\/www.cocondedecoration.com\/blog\/wp-content\/uploads\/2023\/05\/deco-de-table-vaisselle-textile-2-165x165.jpeg 165w, https:\/\/www.cocondedecoration.com\/blog\/wp-content\/uploads\/2023\/05\/deco-de-table-vaisselle-textile-2-260x260.jpeg 260w, https:\/\/www.cocondedecoration.com\/blog\/wp-content\/uploads\/2023\/05\/deco-de-table-vaisselle-textile-2-465x465.jpeg 465w\" sizes=\"(max-width: 500px) 100vw, 500px\" \/><\/p><\/div>\n<div id='slider_60321_slide06' class='sa_hover_container' style='padding:5% 5%; margin:0px 0%; '><p><img loading=\"lazy\" decoding=\"async\" class=\"aligncenter wp-image-60335 size-full\" title=\"decoration vaisselle table pas cher la redoute Plat \u00e0 cake rectangulaire, porcelaine\" src=\"https:\/\/www.cocondedecoration.com\/blog\/wp-content\/uploads\/2023\/05\/decoration-vaisselle-table-pas-cher-la-redoute-2.jpeg\" alt=\"decoration vaisselle table pas cher la redoute Plat \u00e0 cake rectangulaire, porcelaine\" width=\"500\" height=\"500\" srcset=\"https:\/\/www.cocondedecoration.com\/blog\/wp-content\/uploads\/2023\/05\/decoration-vaisselle-table-pas-cher-la-redoute-2.jpeg 500w, https:\/\/www.cocondedecoration.com\/blog\/wp-content\/uploads\/2023\/05\/decoration-vaisselle-table-pas-cher-la-redoute-2-165x165.jpeg 165w, https:\/\/www.cocondedecoration.com\/blog\/wp-content\/uploads\/2023\/05\/decoration-vaisselle-table-pas-cher-la-redoute-2-260x260.jpeg 260w, https:\/\/www.cocondedecoration.com\/blog\/wp-content\/uploads\/2023\/05\/decoration-vaisselle-table-pas-cher-la-redoute-2-465x465.jpeg 465w\" sizes=\"(max-width: 500px) 100vw, 500px\" \/><\/p><\/div>\n<div id='slider_60321_slide07' class='sa_hover_container' style='padding:5% 5%; margin:0px 0%; '><p><img loading=\"lazy\" decoding=\"async\" class=\"aligncenter wp-image-60325 size-full\" title=\"deco de table maison du monde serviette en tissus vert sauge naturel lin chic et \u00e9l\u00e9gant pas cher\" src=\"https:\/\/www.cocondedecoration.com\/blog\/wp-content\/uploads\/2023\/05\/deco-de-table-maison-du-monde-3.jpeg\" alt=\"deco de table maison du monde serviette en tissus vert sauge naturel lin chic et \u00e9l\u00e9gant pas cher\" width=\"500\" height=\"500\" srcset=\"https:\/\/www.cocondedecoration.com\/blog\/wp-content\/uploads\/2023\/05\/deco-de-table-maison-du-monde-3.jpeg 500w, https:\/\/www.cocondedecoration.com\/blog\/wp-content\/uploads\/2023\/05\/deco-de-table-maison-du-monde-3-165x165.jpeg 165w, https:\/\/www.cocondedecoration.com\/blog\/wp-content\/uploads\/2023\/05\/deco-de-table-maison-du-monde-3-260x260.jpeg 260w, https:\/\/www.cocondedecoration.com\/blog\/wp-content\/uploads\/2023\/05\/deco-de-table-maison-du-monde-3-465x465.jpeg 465w\" sizes=\"(max-width: 500px) 100vw, 500px\" \/><\/p><\/div>\n<div id='slider_60321_slide08' class='sa_hover_container' style='padding:5% 5%; margin:0px 0%; '><p><img loading=\"lazy\" decoding=\"async\" class=\"aligncenter wp-image-60331 size-full\" title=\"deco de table vaisselle textile verre transparent avec cerclage laiton d\u00e9cor \u00e9l\u00e9gant chic design\" src=\"https:\/\/www.cocondedecoration.com\/blog\/wp-content\/uploads\/2023\/05\/deco-de-table-vaisselle-textile-3.jpeg\" alt=\"deco de table vaisselle textile verre transparent avec cerclage laiton d\u00e9cor \u00e9l\u00e9gant chic design\" width=\"500\" height=\"500\" srcset=\"https:\/\/www.cocondedecoration.com\/blog\/wp-content\/uploads\/2023\/05\/deco-de-table-vaisselle-textile-3.jpeg 500w, https:\/\/www.cocondedecoration.com\/blog\/wp-content\/uploads\/2023\/05\/deco-de-table-vaisselle-textile-3-165x165.jpeg 165w, https:\/\/www.cocondedecoration.com\/blog\/wp-content\/uploads\/2023\/05\/deco-de-table-vaisselle-textile-3-260x260.jpeg 260w, https:\/\/www.cocondedecoration.com\/blog\/wp-content\/uploads\/2023\/05\/deco-de-table-vaisselle-textile-3-465x465.jpeg 465w\" sizes=\"(max-width: 500px) 100vw, 500px\" \/><\/p><\/div>\n<div id='slider_60321_slide09' class='sa_hover_container' style='padding:5% 5%; margin:0px 0%; '><p><img loading=\"lazy\" decoding=\"async\" class=\"aligncenter wp-image-60336 size-full\" title=\"decoration vaisselle table pas cher la redoute couverts M\u00e9nag\u00e8re 24 pi\u00e8ces dor\u00e9e\" src=\"https:\/\/www.cocondedecoration.com\/blog\/wp-content\/uploads\/2023\/05\/decoration-vaisselle-table-pas-cher-la-redoute-3.jpeg\" alt=\"decoration vaisselle table pas cher la redoute couverts M\u00e9nag\u00e8re 24 pi\u00e8ces dor\u00e9e\" width=\"500\" height=\"500\" srcset=\"https:\/\/www.cocondedecoration.com\/blog\/wp-content\/uploads\/2023\/05\/decoration-vaisselle-table-pas-cher-la-redoute-3.jpeg 500w, https:\/\/www.cocondedecoration.com\/blog\/wp-content\/uploads\/2023\/05\/decoration-vaisselle-table-pas-cher-la-redoute-3-165x165.jpeg 165w, https:\/\/www.cocondedecoration.com\/blog\/wp-content\/uploads\/2023\/05\/decoration-vaisselle-table-pas-cher-la-redoute-3-260x260.jpeg 260w, https:\/\/www.cocondedecoration.com\/blog\/wp-content\/uploads\/2023\/05\/decoration-vaisselle-table-pas-cher-la-redoute-3-465x465.jpeg 465w\" sizes=\"(max-width: 500px) 100vw, 500px\" \/><\/p><\/div>\n<div id='slider_60321_slide10' class='sa_hover_container' style='padding:5% 5%; margin:0px 0%; '><p><img loading=\"lazy\" decoding=\"async\" class=\"aligncenter wp-image-60326 size-full\" title=\"deco de table maison du monde verre \u00e0 pied fum\u00e9 gris moderne et chic\" src=\"https:\/\/www.cocondedecoration.com\/blog\/wp-content\/uploads\/2023\/05\/deco-de-table-maison-du-monde-4.jpeg\" alt=\"deco de table maison du monde verre \u00e0 pied fum\u00e9 gris moderne et chic\" width=\"500\" height=\"500\" srcset=\"https:\/\/www.cocondedecoration.com\/blog\/wp-content\/uploads\/2023\/05\/deco-de-table-maison-du-monde-4.jpeg 500w, https:\/\/www.cocondedecoration.com\/blog\/wp-content\/uploads\/2023\/05\/deco-de-table-maison-du-monde-4-165x165.jpeg 165w, https:\/\/www.cocondedecoration.com\/blog\/wp-content\/uploads\/2023\/05\/deco-de-table-maison-du-monde-4-260x260.jpeg 260w, https:\/\/www.cocondedecoration.com\/blog\/wp-content\/uploads\/2023\/05\/deco-de-table-maison-du-monde-4-465x465.jpeg 465w\" sizes=\"(max-width: 500px) 100vw, 500px\" \/><\/p><\/div>\n<div id='slider_60321_slide11' class='sa_hover_container' style='padding:5% 5%; margin:0px 0%; '><p><img loading=\"lazy\" decoding=\"async\" class=\"aligncenter wp-image-60332 size-full\" title=\"deco de table vaisselle textile assiette design champ\u00eatre fleuri r\u00e9tro\" src=\"https:\/\/www.cocondedecoration.com\/blog\/wp-content\/uploads\/2023\/05\/deco-de-table-vaisselle-textile-4.jpeg\" alt=\"deco de table vaisselle textile assiette design champ\u00eatre fleuri r\u00e9tro\" width=\"500\" height=\"500\" srcset=\"https:\/\/www.cocondedecoration.com\/blog\/wp-content\/uploads\/2023\/05\/deco-de-table-vaisselle-textile-4.jpeg 500w, https:\/\/www.cocondedecoration.com\/blog\/wp-content\/uploads\/2023\/05\/deco-de-table-vaisselle-textile-4-165x165.jpeg 165w, https:\/\/www.cocondedecoration.com\/blog\/wp-content\/uploads\/2023\/05\/deco-de-table-vaisselle-textile-4-260x260.jpeg 260w, https:\/\/www.cocondedecoration.com\/blog\/wp-content\/uploads\/2023\/05\/deco-de-table-vaisselle-textile-4-465x465.jpeg 465w\" sizes=\"(max-width: 500px) 100vw, 500px\" \/><\/p><\/div>\n<div id='slider_60321_slide12' class='sa_hover_container' style='padding:5% 5%; margin:0px 0%; '><p><img loading=\"lazy\" decoding=\"async\" class=\"aligncenter wp-image-60337 size-full\" title=\"decoration vaisselle table pas cher la redoute 4 assiettes plates fa\u00efence vert bleu\" src=\"https:\/\/www.cocondedecoration.com\/blog\/wp-content\/uploads\/2023\/05\/decoration-vaisselle-table-pas-cher-la-redoute-4.jpeg\" alt=\"decoration vaisselle table pas cher la redoute 4 assiettes plates fa\u00efence vert bleu\" width=\"500\" height=\"500\" srcset=\"https:\/\/www.cocondedecoration.com\/blog\/wp-content\/uploads\/2023\/05\/decoration-vaisselle-table-pas-cher-la-redoute-4.jpeg 500w, https:\/\/www.cocondedecoration.com\/blog\/wp-content\/uploads\/2023\/05\/decoration-vaisselle-table-pas-cher-la-redoute-4-165x165.jpeg 165w, https:\/\/www.cocondedecoration.com\/blog\/wp-content\/uploads\/2023\/05\/decoration-vaisselle-table-pas-cher-la-redoute-4-260x260.jpeg 260w, https:\/\/www.cocondedecoration.com\/blog\/wp-content\/uploads\/2023\/05\/decoration-vaisselle-table-pas-cher-la-redoute-4-465x465.jpeg 465w\" sizes=\"(max-width: 500px) 100vw, 500px\" \/><\/p><\/div>\n<div id='slider_60321_slide13' class='sa_hover_container' style='padding:5% 5%; margin:0px 0%; '><p><img loading=\"lazy\" decoding=\"async\" class=\"aligncenter wp-image-60327 size-full\" title=\"deco de table maison du monde assiette beige slow living simple et chic d\u00e9licat\" src=\"https:\/\/www.cocondedecoration.com\/blog\/wp-content\/uploads\/2023\/05\/deco-de-table-maison-du-monde-5.jpeg\" alt=\"deco de table maison du monde assiette beige slow living simple et chic d\u00e9licat\" width=\"500\" height=\"500\" srcset=\"https:\/\/www.cocondedecoration.com\/blog\/wp-content\/uploads\/2023\/05\/deco-de-table-maison-du-monde-5.jpeg 500w, https:\/\/www.cocondedecoration.com\/blog\/wp-content\/uploads\/2023\/05\/deco-de-table-maison-du-monde-5-165x165.jpeg 165w, https:\/\/www.cocondedecoration.com\/blog\/wp-content\/uploads\/2023\/05\/deco-de-table-maison-du-monde-5-260x260.jpeg 260w, https:\/\/www.cocondedecoration.com\/blog\/wp-content\/uploads\/2023\/05\/deco-de-table-maison-du-monde-5-465x465.jpeg 465w\" sizes=\"(max-width: 500px) 100vw, 500px\" \/><\/p><\/div>\n<div id='slider_60321_slide14' class='sa_hover_container' style='padding:5% 5%; margin:0px 0%; '><p><img loading=\"lazy\" decoding=\"async\" class=\"aligncenter wp-image-60333 size-full\" title=\"deco de table vaisselle textile vase en verre color\u00e9 \u00e0 poser petit mod\u00e8le design moderne\" src=\"https:\/\/www.cocondedecoration.com\/blog\/wp-content\/uploads\/2023\/05\/deco-de-table-vaisselle-textile-5.jpeg\" alt=\"deco de table vaisselle textile vase en verre color\u00e9 \u00e0 poser petit mod\u00e8le design moderne\" width=\"500\" height=\"500\" srcset=\"https:\/\/www.cocondedecoration.com\/blog\/wp-content\/uploads\/2023\/05\/deco-de-table-vaisselle-textile-5.jpeg 500w, https:\/\/www.cocondedecoration.com\/blog\/wp-content\/uploads\/2023\/05\/deco-de-table-vaisselle-textile-5-165x165.jpeg 165w, https:\/\/www.cocondedecoration.com\/blog\/wp-content\/uploads\/2023\/05\/deco-de-table-vaisselle-textile-5-260x260.jpeg 260w, https:\/\/www.cocondedecoration.com\/blog\/wp-content\/uploads\/2023\/05\/deco-de-table-vaisselle-textile-5-465x465.jpeg 465w\" sizes=\"(max-width: 500px) 100vw, 500px\" \/><\/p><\/div>\n<div id='slider_60321_slide15' class='sa_hover_container' style='padding:5% 5%; margin:0px 0%; '><p><img loading=\"lazy\" decoding=\"async\" class=\"aligncenter wp-image-60338 size-full\" title=\"decoration vaisselle table pas cher la redoute Plateau ajour\u00e9 naturel \" src=\"https:\/\/www.cocondedecoration.com\/blog\/wp-content\/uploads\/2023\/05\/decoration-vaisselle-table-pas-cher-la-redoute-5.jpeg\" alt=\"decoration vaisselle table pas cher la redoute Plateau ajour\u00e9 naturel \" width=\"500\" height=\"500\" srcset=\"https:\/\/www.cocondedecoration.com\/blog\/wp-content\/uploads\/2023\/05\/decoration-vaisselle-table-pas-cher-la-redoute-5.jpeg 500w, https:\/\/www.cocondedecoration.com\/blog\/wp-content\/uploads\/2023\/05\/decoration-vaisselle-table-pas-cher-la-redoute-5-165x165.jpeg 165w, https:\/\/www.cocondedecoration.com\/blog\/wp-content\/uploads\/2023\/05\/decoration-vaisselle-table-pas-cher-la-redoute-5-260x260.jpeg 260w, https:\/\/www.cocondedecoration.com\/blog\/wp-content\/uploads\/2023\/05\/decoration-vaisselle-table-pas-cher-la-redoute-5-465x465.jpeg 465w\" sizes=\"(max-width: 500px) 100vw, 500px\" \/><\/p><\/div>\n<\/div>\n<\/div>\n<script type='text\/javascript'>\n\tjQuery(document).ready(function() {\n\t\tjQuery('#slider_60321').owlCarousel({\n\t\t\titems : 1,\n\t\t\tsmartSpeed : 200,\n\t\t\tautoplay : true,\n\t\t\tautoplayTimeout : 5000,\n\t\t\tautoplayHoverPause : true,\n\t\t\tsmartSpeed : 200,\n\t\t\tfluidSpeed : 200,\n\t\t\tautoplaySpeed : 200,\n\t\t\tnavSpeed : 200,\n\t\t\tdotsSpeed : 200,\n\t\t\tloop : true,\n\t\t\tnav : true,\n\t\t\tnavText : ['Previous','Next'],\n\t\t\tdots : true,\n\t\t\tresponsiveRefreshRate : 200,\n\t\t\tslideBy : 1,\n\t\t\tmergeFit : true,\n\t\t\tautoHeight : false,\n\t\t\tmouseDrag : false,\n\t\t\ttouchDrag : true\n\t\t});\n\t\tjQuery('#slider_60321').css('visibility', 'visible');\n\t\tsa_resize_slider_60321();\n\t\twindow.addEventListener('resize', sa_resize_slider_60321);\n\t\tfunction sa_resize_slider_60321() {\n\t\t\tvar min_height = '50';\n\t\t\tvar win_width = jQuery(window).width();\n\t\t\tvar slider_width = jQuery('#slider_60321').width();\n\t\t\tif (win_width < 480) {\n\t\t\t\tvar slide_width = slider_width \/ 1;\n\t\t\t} else if (win_width < 768) {\n\t\t\t\tvar slide_width = slider_width \/ 1;\n\t\t\t} else if (win_width < 980) {\n\t\t\t\tvar slide_width = slider_width \/ 1;\n\t\t\t} else if (win_width < 1200) {\n\t\t\t\tvar slide_width = slider_width \/ 1;\n\t\t\t} else if (win_width < 1500) {\n\t\t\t\tvar slide_width = slider_width \/ 1;\n\t\t\t} else {\n\t\t\t\tvar slide_width = slider_width \/ 1;\n\t\t\t}\n\t\t\tslide_width = Math.round(slide_width);\n\t\t\tvar slide_height = '0';\n\t\t\tif (min_height == 'aspect43') {\n\t\t\t\tslide_height = (slide_width \/ 4) * 3;\t\t\t\tslide_height = Math.round(slide_height);\n\t\t\t} else if (min_height == 'aspect169') {\n\t\t\t\tslide_height = (slide_width \/ 16) * 9;\t\t\t\tslide_height = Math.round(slide_height);\n\t\t\t} else {\n\t\t\t\tslide_height = (slide_width \/ 100) * min_height;\t\t\t\tslide_height = Math.round(slide_height);\n\t\t\t}\n\t\t\tjQuery('#slider_60321 .owl-item .sa_hover_container').css('min-height', slide_height+'px');\n\t\t}\n\t\tvar owl_goto = jQuery('#slider_60321');\n\t\tjQuery('.slider_60321_goto1').click(function(event){\n\t\t\towl_goto.trigger('to.owl.carousel', 0);\n\t\t});\n\t\tjQuery('.slider_60321_goto2').click(function(event){\n\t\t\towl_goto.trigger('to.owl.carousel', 1);\n\t\t});\n\t\tjQuery('.slider_60321_goto3').click(function(event){\n\t\t\towl_goto.trigger('to.owl.carousel', 2);\n\t\t});\n\t\tjQuery('.slider_60321_goto4').click(function(event){\n\t\t\towl_goto.trigger('to.owl.carousel', 3);\n\t\t});\n\t\tjQuery('.slider_60321_goto5').click(function(event){\n\t\t\towl_goto.trigger('to.owl.carousel', 4);\n\t\t});\n\t\tjQuery('.slider_60321_goto6').click(function(event){\n\t\t\towl_goto.trigger('to.owl.carousel', 5);\n\t\t});\n\t\tjQuery('.slider_60321_goto7').click(function(event){\n\t\t\towl_goto.trigger('to.owl.carousel', 6);\n\t\t});\n\t\tjQuery('.slider_60321_goto8').click(function(event){\n\t\t\towl_goto.trigger('to.owl.carousel', 7);\n\t\t});\n\t\tjQuery('.slider_60321_goto9').click(function(event){\n\t\t\towl_goto.trigger('to.owl.carousel', 8);\n\t\t});\n\t\tjQuery('.slider_60321_goto10').click(function(event){\n\t\t\towl_goto.trigger('to.owl.carousel', 9);\n\t\t});\n\t\tjQuery('.slider_60321_goto11').click(function(event){\n\t\t\towl_goto.trigger('to.owl.carousel', 10);\n\t\t});\n\t\tjQuery('.slider_60321_goto12').click(function(event){\n\t\t\towl_goto.trigger('to.owl.carousel', 11);\n\t\t});\n\t\tjQuery('.slider_60321_goto13').click(function(event){\n\t\t\towl_goto.trigger('to.owl.carousel', 12);\n\t\t});\n\t\tjQuery('.slider_60321_goto14').click(function(event){\n\t\t\towl_goto.trigger('to.owl.carousel', 13);\n\t\t});\n\t\tjQuery('.slider_60321_goto15').click(function(event){\n\t\t\towl_goto.trigger('to.owl.carousel', 14);\n\t\t});\n\t\tvar resize_60321 = jQuery('.owl-carousel');\n\t\tresize_60321.on('initialized.owl.carousel', function(e) {\n\t\t\tif (typeof(Event) === 'function') {\n\t\t\t\twindow.dispatchEvent(new Event('resize'));\n\t\t\t} else {\n\t\t\t\tvar evt = window.document.createEvent('UIEvents');\n\t\t\t\tevt.initUIEvent('resize', true, false, window, 0);\n\t\t\t\twindow.dispatchEvent(evt);\n\t\t\t}\n\t\t});\n\t});\n<\/script>\n\n<\/div>\n\n\n\n<div class=\"wp-block-column is-layout-flow wp-block-column-is-layout-flow\">\n<ol><li><a rel=\"noreferrer noopener\" aria-label=\"Set de table rond en fibre v\u00e9g\u00e9tale tress\u00e9e (x2) (s\u2019ouvre dans un nouvel onglet)\" href=\"https:\/\/fnty.co\/c\/r-iUblDXEZ\" target=\"_blank\">Set de table rond en fibre v\u00e9g\u00e9tale tress\u00e9e (x2)<\/a> - Maisons du Monde<\/li><li><a rel=\"noreferrer noopener\" aria-label=\"Nappe ray\u00e9e jaune et blanc (s\u2019ouvre dans un nouvel onglet)\" href=\"https:\/\/fnty.co\/c\/r-OlUvaBpM\" target=\"_blank\">Nappe ray\u00e9e jaune et blanc<\/a> - Blancheporte <\/li><li><a rel=\"noreferrer noopener\" aria-label=\"Lot de 6 verres \u00e0 eau  (s\u2019ouvre dans un nouvel onglet)\" href=\"https:\/\/c3po.link\/Q7VAWK6AvW\" target=\"_blank\">Lot de 6 verres \u00e0 eau <\/a>- La Redoute  <\/li><li><a rel=\"noreferrer noopener\" aria-label=\"Nappe en lin imprim\u00e9e vert 140x240 cm (s\u2019ouvre dans un nouvel onglet)\" href=\"https:\/\/fnty.co\/c\/r-auhINtww\" target=\"_blank\">Nappe en lin imprim\u00e9e vert 140x240 cm<\/a> - Maisons du Monde<\/li><li><a rel=\"noreferrer noopener\" aria-label=\"Nappe anti-taches imprim\u00e9 v\u00e9g\u00e9tal (s\u2019ouvre dans un nouvel onglet)\" href=\"https:\/\/fnty.co\/c\/r-QvRtAJVx\" target=\"_blank\">Nappe anti-taches imprim\u00e9 v\u00e9g\u00e9tal<\/a> - Blancheporte <\/li><li><a rel=\"noreferrer noopener\" aria-label=\"Plat \u00e0 cake rectangulaire, porcelaine (s\u2019ouvre dans un nouvel onglet)\" href=\"https:\/\/c3po.link\/QkUT4CS8Rh\" target=\"_blank\">Plat \u00e0 cake rectangulaire, porcelaine<\/a> - La Redoute  <\/li><li><a rel=\"noreferrer noopener\" aria-label=\"Serviette de table Lin pur lav\u00e9 Vert  (s\u2019ouvre dans un nouvel onglet)\" href=\"https:\/\/fnty.co\/c\/r-gZOuakgA\" target=\"_blank\">Serviette de table Lin pur lav\u00e9 Vert <\/a>- Maisons du Monde<\/li><li><a rel=\"noreferrer noopener\" aria-label=\"Verre cuivre (s\u2019ouvre dans un nouvel onglet)\" href=\"https:\/\/fnty.co\/c\/r-SgtVWecY\" target=\"_blank\">Verre cuivre<\/a> - The Cool Republic <\/li><li><a rel=\"noreferrer noopener\" aria-label=\"M\u00e9nag\u00e8re 24 pi\u00e8ces dor\u00e9e  (s\u2019ouvre dans un nouvel onglet)\" href=\"https:\/\/c3po.link\/QaN9E77YuR\" target=\"_blank\">M\u00e9nag\u00e8re 24 pi\u00e8ces dor\u00e9e <\/a>- La Redoute <\/li><li><a rel=\"noreferrer noopener\" aria-label=\"Verre \u00e0 pied en verre bull\u00e9 teint\u00e9 gris (x6) (s\u2019ouvre dans un nouvel onglet)\" href=\"https:\/\/fnty.co\/c\/r-EtJDUyaw\" target=\"_blank\">Verre \u00e0 pied en verre bull\u00e9 teint\u00e9 gris (x6)<\/a> - Maisons du Monde<\/li><li><a rel=\"noreferrer noopener\" aria-label=\"4 Assiettes fleurs sauvages (s\u2019ouvre dans un nouvel onglet)\" href=\"https:\/\/fnty.co\/c\/r-vckWPWtI\" target=\"_blank\">4 Assiettes fleurs sauvages<\/a> - The Cool Republic <\/li><li><a href=\"https:\/\/c3po.link\/QgaEtVBbeq\" target=\"_blank\" rel=\"noreferrer noopener\" aria-label=\"Assiettes plates fa\u00efence vert \/ bleu (x4) (s\u2019ouvre dans un nouvel onglet)\">Assiettes plates fa\u00efence vert \/ bleu (x4)<\/a> - La Redoute <\/li><li><a rel=\"noreferrer noopener\" aria-label=\"Assiettes desserts en gr\u00e8s gris (x6)  (s\u2019ouvre dans un nouvel onglet)\" href=\"https:\/\/fnty.co\/c\/r-DuWbxOEx\" target=\"_blank\">Assiettes desserts en gr\u00e8s gris (x6) <\/a>- Maisons du Monde<\/li><li><a rel=\"noreferrer noopener\" aria-label=\"Vase en verre vert 17 cm (s\u2019ouvre dans un nouvel onglet)\" href=\"https:\/\/fnty.co\/c\/r-JGVHrMIM\" target=\"_blank\">Vase en verre vert 17 cm<\/a> - The Cool Republic <\/li><li><a rel=\"noreferrer noopener\" aria-label=\"Plateau ajour\u00e9 naturel  (s\u2019ouvre dans un nouvel onglet)\" href=\"https:\/\/c3po.link\/Q5B29Ra4r4\" target=\"_blank\">Plateau ajour\u00e9 naturel <\/a>- La Redoute <\/li><\/ol>\n\n\n\n<p>Et pour mettre en valeur vos fleurs \u00e0 table, <a href=\"https:\/\/www.cocondedecoration.com\/blog\/2020\/12\/ou-trouver-jolis-vases\/\" target=\"_blank\" rel=\"noreferrer noopener\" aria-label=\"retrouvez ici ma s\u00e9lection de jolis vases (s\u2019ouvre dans un nouvel onglet)\">retrouvez ici ma s\u00e9lection de jolis vases<\/a> <\/p>\n<\/div>\n<\/div>\n\n\n\n<ul class=\"wp-block-gallery columns-2 is-cropped wp-block-gallery-3 is-layout-flex wp-block-gallery-is-layout-flex\"><li class=\"blocks-gallery-item\"><figure><img loading=\"lazy\" decoding=\"async\" width=\"640\" height=\"960\" src=\"https:\/\/www.cocondedecoration.com\/blog\/wp-content\/uploads\/2023\/11\/decoration-table-ete-couleur-5-640x960.jpeg\" alt=\"decoration table ete couleur centre de table naturel agrume plante bougeoirs dor\u00e9\" data-id=\"70037\" data-link=\"https:\/\/www.cocondedecoration.com\/blog\/2020\/06\/idee-deco-pour-une-table-estivale\/decoration-table-ete-couleur-5\/\" class=\"wp-image-70037\" srcset=\"https:\/\/www.cocondedecoration.com\/blog\/wp-content\/uploads\/2023\/11\/decoration-table-ete-couleur-5-640x960.jpeg 640w, https:\/\/www.cocondedecoration.com\/blog\/wp-content\/uploads\/2023\/11\/decoration-table-ete-couleur-5-260x390.jpeg 260w, https:\/\/www.cocondedecoration.com\/blog\/wp-content\/uploads\/2023\/11\/decoration-table-ete-couleur-5-768x1152.jpeg 768w, https:\/\/www.cocondedecoration.com\/blog\/wp-content\/uploads\/2023\/11\/decoration-table-ete-couleur-5-367x550.jpeg 367w, https:\/\/www.cocondedecoration.com\/blog\/wp-content\/uploads\/2023\/11\/decoration-table-ete-couleur-5-333x500.jpeg 333w, https:\/\/www.cocondedecoration.com\/blog\/wp-content\/uploads\/2023\/11\/decoration-table-ete-couleur-5.jpeg 1000w\" sizes=\"(max-width: 640px) 100vw, 640px\" \/><figcaption>freshmommyblog.com\n<\/figcaption><\/figure><\/li><li class=\"blocks-gallery-item\"><figure><img loading=\"lazy\" decoding=\"async\" width=\"640\" height=\"960\" src=\"https:\/\/www.cocondedecoration.com\/blog\/wp-content\/uploads\/2023\/11\/decoration-table-ete-couleur-6-640x960.jpeg\" alt=\"decoration table ete couleur bougeoirs en verre color\u00e9 touches color\u00e9es\" data-id=\"70038\" data-link=\"https:\/\/www.cocondedecoration.com\/blog\/2020\/06\/idee-deco-pour-une-table-estivale\/decoration-table-ete-couleur-6\/\" class=\"wp-image-70038\" srcset=\"https:\/\/www.cocondedecoration.com\/blog\/wp-content\/uploads\/2023\/11\/decoration-table-ete-couleur-6-640x960.jpeg 640w, https:\/\/www.cocondedecoration.com\/blog\/wp-content\/uploads\/2023\/11\/decoration-table-ete-couleur-6-260x390.jpeg 260w, https:\/\/www.cocondedecoration.com\/blog\/wp-content\/uploads\/2023\/11\/decoration-table-ete-couleur-6-768x1152.jpeg 768w, https:\/\/www.cocondedecoration.com\/blog\/wp-content\/uploads\/2023\/11\/decoration-table-ete-couleur-6-367x550.jpeg 367w, https:\/\/www.cocondedecoration.com\/blog\/wp-content\/uploads\/2023\/11\/decoration-table-ete-couleur-6-333x500.jpeg 333w, https:\/\/www.cocondedecoration.com\/blog\/wp-content\/uploads\/2023\/11\/decoration-table-ete-couleur-6.jpeg 1000w\" sizes=\"(max-width: 640px) 100vw, 640px\" \/><figcaption>louiseroe.com\n<\/figcaption><\/figure><\/li><\/ul>\n\n\n\n<h2 class=\"wp-block-heading\">Cr\u00e9er une table estivale facilement en int\u00e9rieur comme en ext\u00e9rieur<\/h2>\n\n\n\n<p>Passons maintenant \u00e0 la maison: en int\u00e9rieur ou en ext\u00e9rieur, il existe diff\u00e9rentes mani\u00e8res pour cr\u00e9er une table estivales. Evidemment, le bouquet de fleurs fraichement coup\u00e9es est un classique. Mais ce n'est pas tout!<\/p>\n\n\n\n<h3 class=\"wp-block-heading\">Motif floral pour une table estivale<\/h3>\n\n\n\n<p>Les fleurs peuvent \u00eatre imprim\u00e9es et pas juste coup\u00e9es dans un vases. Les motifs floraux se retrouvent sur les nappes, chemins de tables, serviettes en tissus. On les trouve aussi sur la vaisselle ou sur les verres. Il y a un choix immense quand on parle de motifs floraux, m\u00eame \u00e0 table. On aura des fleurs classiques comme des fleurs plus contemporaines. C'est une histoire de go\u00fbt. Ce qui est certain c'est que la fleur apporte \u00e0 votre table un c\u00f4t\u00e9 naturel et estival en toute occasion, m\u00eame en plein hiver!<\/p>\n\n\n\n<ul class=\"wp-block-gallery columns-2 is-cropped wp-block-gallery-4 is-layout-flex wp-block-gallery-is-layout-flex\"><li class=\"blocks-gallery-item\"><figure><img loading=\"lazy\" decoding=\"async\" width=\"640\" height=\"960\" src=\"https:\/\/www.cocondedecoration.com\/blog\/wp-content\/uploads\/2023\/11\/decoration-table-ete-couleur-7-640x960.jpeg\" alt=\"decoration table ete couleur simple et naturelle citron eucalyptus jute bougeoir dor\u00e9\" data-id=\"70039\" data-link=\"https:\/\/www.cocondedecoration.com\/blog\/2020\/06\/idee-deco-pour-une-table-estivale\/decoration-table-ete-couleur-7\/\" class=\"wp-image-70039\" srcset=\"https:\/\/www.cocondedecoration.com\/blog\/wp-content\/uploads\/2023\/11\/decoration-table-ete-couleur-7-640x960.jpeg 640w, https:\/\/www.cocondedecoration.com\/blog\/wp-content\/uploads\/2023\/11\/decoration-table-ete-couleur-7-260x390.jpeg 260w, https:\/\/www.cocondedecoration.com\/blog\/wp-content\/uploads\/2023\/11\/decoration-table-ete-couleur-7-768x1152.jpeg 768w, https:\/\/www.cocondedecoration.com\/blog\/wp-content\/uploads\/2023\/11\/decoration-table-ete-couleur-7-367x550.jpeg 367w, https:\/\/www.cocondedecoration.com\/blog\/wp-content\/uploads\/2023\/11\/decoration-table-ete-couleur-7-333x500.jpeg 333w, https:\/\/www.cocondedecoration.com\/blog\/wp-content\/uploads\/2023\/11\/decoration-table-ete-couleur-7.jpeg 1000w\" sizes=\"(max-width: 640px) 100vw, 640px\" \/><figcaption>dineandfash.com\n<\/figcaption><\/figure><\/li><li class=\"blocks-gallery-item\"><figure><img loading=\"lazy\" decoding=\"async\" width=\"640\" height=\"960\" src=\"https:\/\/www.cocondedecoration.com\/blog\/wp-content\/uploads\/2023\/11\/decoration-table-ete-couleur-8-640x960.jpeg\" alt=\"decoration table ete couleur bleu blanc rouge motif fraise assiette\" data-id=\"70040\" data-link=\"https:\/\/www.cocondedecoration.com\/blog\/2020\/06\/idee-deco-pour-une-table-estivale\/decoration-table-ete-couleur-8\/\" class=\"wp-image-70040\" srcset=\"https:\/\/www.cocondedecoration.com\/blog\/wp-content\/uploads\/2023\/11\/decoration-table-ete-couleur-8-640x960.jpeg 640w, https:\/\/www.cocondedecoration.com\/blog\/wp-content\/uploads\/2023\/11\/decoration-table-ete-couleur-8-260x390.jpeg 260w, https:\/\/www.cocondedecoration.com\/blog\/wp-content\/uploads\/2023\/11\/decoration-table-ete-couleur-8-768x1152.jpeg 768w, https:\/\/www.cocondedecoration.com\/blog\/wp-content\/uploads\/2023\/11\/decoration-table-ete-couleur-8-367x550.jpeg 367w, https:\/\/www.cocondedecoration.com\/blog\/wp-content\/uploads\/2023\/11\/decoration-table-ete-couleur-8-333x500.jpeg 333w, https:\/\/www.cocondedecoration.com\/blog\/wp-content\/uploads\/2023\/11\/decoration-table-ete-couleur-8.jpeg 1000w\" sizes=\"(max-width: 640px) 100vw, 640px\" \/><figcaption>domestikatedlife.com\n<\/figcaption><\/figure><\/li><\/ul>\n\n\n\n<h3 class=\"wp-block-heading\">Palette de couleurs pour une table d'\u00e9t\u00e9<\/h3>\n\n\n\n<p>L'\u00e9t\u00e9 est aussi synonyme de couleurs. On ose plus facilement les couleurs en \u00e9t\u00e9 alors qu'en hiver on aura plus de sobri\u00e9t\u00e9. La couleur conf\u00e8re un c\u00f4t\u00e9 relax et d\u00e9tendu \u00e0 la table. Et les couleurs estivales sont flamboyantes, vitamin\u00e9es, dynamiques. Je ne suis pas en train de vous dire de transformer votre table en arc en ciel, hein! Je vous dis juste que vous pouvez oser la couleur, m\u00eame si ce n'est qu'en petites touches. Le jaune, le corail, le terracotta sont des couleurs propices \u00e0 l'\u00e9t\u00e9 et aux vacances. Le bleu, le vert donnera un c\u00f4t\u00e9 plus maritime (parfois) \u00e0 votre table.<\/p>\n\n\n\n<ul class=\"wp-block-gallery columns-2 is-cropped wp-block-gallery-5 is-layout-flex wp-block-gallery-is-layout-flex\"><li class=\"blocks-gallery-item\"><figure><img loading=\"lazy\" decoding=\"async\" width=\"640\" height=\"960\" src=\"https:\/\/www.cocondedecoration.com\/blog\/wp-content\/uploads\/2023\/11\/decoration-table-ete-couleur-9-640x960.jpeg\" alt=\"decoration table ete couleur centre chemin de table agrume fruit naturel chic\" data-id=\"70041\" data-link=\"https:\/\/www.cocondedecoration.com\/blog\/2020\/06\/idee-deco-pour-une-table-estivale\/decoration-table-ete-couleur-9\/\" class=\"wp-image-70041\" srcset=\"https:\/\/www.cocondedecoration.com\/blog\/wp-content\/uploads\/2023\/11\/decoration-table-ete-couleur-9-640x960.jpeg 640w, https:\/\/www.cocondedecoration.com\/blog\/wp-content\/uploads\/2023\/11\/decoration-table-ete-couleur-9-260x390.jpeg 260w, https:\/\/www.cocondedecoration.com\/blog\/wp-content\/uploads\/2023\/11\/decoration-table-ete-couleur-9-768x1152.jpeg 768w, https:\/\/www.cocondedecoration.com\/blog\/wp-content\/uploads\/2023\/11\/decoration-table-ete-couleur-9-367x550.jpeg 367w, https:\/\/www.cocondedecoration.com\/blog\/wp-content\/uploads\/2023\/11\/decoration-table-ete-couleur-9-333x500.jpeg 333w, https:\/\/www.cocondedecoration.com\/blog\/wp-content\/uploads\/2023\/11\/decoration-table-ete-couleur-9.jpeg 1000w\" sizes=\"(max-width: 640px) 100vw, 640px\" \/><figcaption>thesocialkitchen.org<\/figcaption><\/figure><\/li><li class=\"blocks-gallery-item\"><figure><img loading=\"lazy\" decoding=\"async\" width=\"640\" height=\"960\" src=\"https:\/\/www.cocondedecoration.com\/blog\/wp-content\/uploads\/2023\/11\/decoration-table-ete-couleur-10-640x960.jpeg\" alt=\"decoration table ete couleur vert et orange naturel assiettes et verres \u00e0 rayures\" data-id=\"70042\" data-link=\"https:\/\/www.cocondedecoration.com\/blog\/2020\/06\/idee-deco-pour-une-table-estivale\/decoration-table-ete-couleur-10\/\" class=\"wp-image-70042\" srcset=\"https:\/\/www.cocondedecoration.com\/blog\/wp-content\/uploads\/2023\/11\/decoration-table-ete-couleur-10-640x960.jpeg 640w, https:\/\/www.cocondedecoration.com\/blog\/wp-content\/uploads\/2023\/11\/decoration-table-ete-couleur-10-260x390.jpeg 260w, https:\/\/www.cocondedecoration.com\/blog\/wp-content\/uploads\/2023\/11\/decoration-table-ete-couleur-10-768x1152.jpeg 768w, https:\/\/www.cocondedecoration.com\/blog\/wp-content\/uploads\/2023\/11\/decoration-table-ete-couleur-10-367x550.jpeg 367w, https:\/\/www.cocondedecoration.com\/blog\/wp-content\/uploads\/2023\/11\/decoration-table-ete-couleur-10-333x500.jpeg 333w, https:\/\/www.cocondedecoration.com\/blog\/wp-content\/uploads\/2023\/11\/decoration-table-ete-couleur-10.jpeg 1000w\" sizes=\"(max-width: 640px) 100vw, 640px\" \/><figcaption>lesleywgraham.com\n<\/figcaption><\/figure><\/li><\/ul>\n\n\n\n<h3 class=\"wp-block-heading\">La simplicit\u00e9 des repas en ext\u00e9rieur<\/h3>\n\n\n\n<p>Et pour terminer cet article, on va revenir sur la simplicit\u00e9 qui est propre au repas en ext\u00e9rieur. A la bonne franquette est souvent le ma\u00eetre mot des repas dans le jardin, on ne met pas n\u00e9cessairement les petits plats dans les grands et cela se ressent dans la vaisselle ou les textiles de table.<\/p>\n\n\n\n<div class=\"wp-block-columns has-2-columns is-layout-flex wp-container-core-columns-layout-2 wp-block-columns-is-layout-flex\">\n<div class=\"wp-block-column is-layout-flow wp-block-column-is-layout-flow\"><div class='white' style='background:rgba(0,0,0,0); border:solid 0px rgba(0,0,0,0); border-radius:0px; padding:0px 0px 0px 0px;'>\n<div id='slider_61183' class='owl-carousel sa_owl_theme owl-pagination-true autohide-arrows' data-slider-id='slider_61183' style='visibility:hidden;'>\n<div id='slider_61183_slide01' class='sa_hover_container' style='padding:5% 5%; margin:0px 0%; '><p><img loading=\"lazy\" decoding=\"async\" class=\"aligncenter size-full wp-image-61185\" src=\"https:\/\/www.cocondedecoration.com\/blog\/wp-content\/uploads\/2023\/06\/accessoire-deco-ete-couleur-1.jpeg\" alt=\"accessoire deco ete couleur Housse de coussin en su\u00e9dine imprim\u00e9 fruits multicolores\" width=\"500\" height=\"500\" srcset=\"https:\/\/www.cocondedecoration.com\/blog\/wp-content\/uploads\/2023\/06\/accessoire-deco-ete-couleur-1.jpeg 500w, https:\/\/www.cocondedecoration.com\/blog\/wp-content\/uploads\/2023\/06\/accessoire-deco-ete-couleur-1-165x165.jpeg 165w, https:\/\/www.cocondedecoration.com\/blog\/wp-content\/uploads\/2023\/06\/accessoire-deco-ete-couleur-1-260x260.jpeg 260w, https:\/\/www.cocondedecoration.com\/blog\/wp-content\/uploads\/2023\/06\/accessoire-deco-ete-couleur-1-465x465.jpeg 465w\" sizes=\"(max-width: 500px) 100vw, 500px\" \/><\/p><\/div>\n<div id='slider_61183_slide02' class='sa_hover_container' style='padding:5% 5%; margin:0px 0%; '><p><img loading=\"lazy\" decoding=\"async\" class=\"aligncenter size-full wp-image-61191\" src=\"https:\/\/www.cocondedecoration.com\/blog\/wp-content\/uploads\/2023\/06\/deco-estivale-toute-annee-1.jpeg\" alt=\"deco estivale toute annee 4 assiettes plates motif rayons bleu et blanc\" width=\"500\" height=\"500\" srcset=\"https:\/\/www.cocondedecoration.com\/blog\/wp-content\/uploads\/2023\/06\/deco-estivale-toute-annee-1.jpeg 500w, https:\/\/www.cocondedecoration.com\/blog\/wp-content\/uploads\/2023\/06\/deco-estivale-toute-annee-1-165x165.jpeg 165w, https:\/\/www.cocondedecoration.com\/blog\/wp-content\/uploads\/2023\/06\/deco-estivale-toute-annee-1-260x260.jpeg 260w, https:\/\/www.cocondedecoration.com\/blog\/wp-content\/uploads\/2023\/06\/deco-estivale-toute-annee-1-465x465.jpeg 465w\" sizes=\"(max-width: 500px) 100vw, 500px\" \/><\/p><\/div>\n<div id='slider_61183_slide03' class='sa_hover_container' style='padding:5% 5%; margin:0px 0%; '><p><img loading=\"lazy\" decoding=\"async\" class=\"aligncenter size-full wp-image-61196\" src=\"https:\/\/www.cocondedecoration.com\/blog\/wp-content\/uploads\/2023\/06\/decoration-ambiance-estivale-pas-cher-1.jpeg\" alt=\"decoration ambiance estivale pas cher Rideau tamisant, Maja, gaze de coton, ocre\" width=\"500\" height=\"500\" srcset=\"https:\/\/www.cocondedecoration.com\/blog\/wp-content\/uploads\/2023\/06\/decoration-ambiance-estivale-pas-cher-1.jpeg 500w, https:\/\/www.cocondedecoration.com\/blog\/wp-content\/uploads\/2023\/06\/decoration-ambiance-estivale-pas-cher-1-165x165.jpeg 165w, https:\/\/www.cocondedecoration.com\/blog\/wp-content\/uploads\/2023\/06\/decoration-ambiance-estivale-pas-cher-1-260x260.jpeg 260w, https:\/\/www.cocondedecoration.com\/blog\/wp-content\/uploads\/2023\/06\/decoration-ambiance-estivale-pas-cher-1-465x465.jpeg 465w\" sizes=\"(max-width: 500px) 100vw, 500px\" \/><\/p><\/div>\n<div id='slider_61183_slide04' class='sa_hover_container' style='padding:5% 5%; margin:0px 0%; '><p><img loading=\"lazy\" decoding=\"async\" class=\"aligncenter size-full wp-image-61186\" src=\"https:\/\/www.cocondedecoration.com\/blog\/wp-content\/uploads\/2023\/06\/accessoire-deco-ete-couleur-2.jpeg\" alt=\"accessoire deco ete couleur Lanterne veilleuse portable\" width=\"500\" height=\"500\" srcset=\"https:\/\/www.cocondedecoration.com\/blog\/wp-content\/uploads\/2023\/06\/accessoire-deco-ete-couleur-2.jpeg 500w, https:\/\/www.cocondedecoration.com\/blog\/wp-content\/uploads\/2023\/06\/accessoire-deco-ete-couleur-2-165x165.jpeg 165w, https:\/\/www.cocondedecoration.com\/blog\/wp-content\/uploads\/2023\/06\/accessoire-deco-ete-couleur-2-260x260.jpeg 260w, https:\/\/www.cocondedecoration.com\/blog\/wp-content\/uploads\/2023\/06\/accessoire-deco-ete-couleur-2-465x465.jpeg 465w\" sizes=\"(max-width: 500px) 100vw, 500px\" \/><\/p><\/div>\n<div id='slider_61183_slide05' class='sa_hover_container' style='padding:5% 5%; margin:0px 0%; '><p><img loading=\"lazy\" decoding=\"async\" class=\"aligncenter size-full wp-image-61192\" src=\"https:\/\/www.cocondedecoration.com\/blog\/wp-content\/uploads\/2023\/06\/deco-estivale-toute-annee-2.jpeg\" alt=\"deco estivale toute annee Housse de coussin rectangulaire jaune et noir soleil imprim\u00e9\" width=\"500\" height=\"500\" srcset=\"https:\/\/www.cocondedecoration.com\/blog\/wp-content\/uploads\/2023\/06\/deco-estivale-toute-annee-2.jpeg 500w, https:\/\/www.cocondedecoration.com\/blog\/wp-content\/uploads\/2023\/06\/deco-estivale-toute-annee-2-165x165.jpeg 165w, https:\/\/www.cocondedecoration.com\/blog\/wp-content\/uploads\/2023\/06\/deco-estivale-toute-annee-2-260x260.jpeg 260w, https:\/\/www.cocondedecoration.com\/blog\/wp-content\/uploads\/2023\/06\/deco-estivale-toute-annee-2-465x465.jpeg 465w\" sizes=\"(max-width: 500px) 100vw, 500px\" \/><\/p><\/div>\n<div id='slider_61183_slide06' class='sa_hover_container' style='padding:5% 5%; margin:0px 0%; '><p><img loading=\"lazy\" decoding=\"async\" class=\"aligncenter size-full wp-image-61197\" src=\"https:\/\/www.cocondedecoration.com\/blog\/wp-content\/uploads\/2023\/06\/decoration-ambiance-estivale-pas-cher-2.jpeg\" alt=\"decoration ambiance estivale pas cher Affiche Morning pool, rose, bleu, jaune\" width=\"500\" height=\"500\" srcset=\"https:\/\/www.cocondedecoration.com\/blog\/wp-content\/uploads\/2023\/06\/decoration-ambiance-estivale-pas-cher-2.jpeg 500w, https:\/\/www.cocondedecoration.com\/blog\/wp-content\/uploads\/2023\/06\/decoration-ambiance-estivale-pas-cher-2-165x165.jpeg 165w, https:\/\/www.cocondedecoration.com\/blog\/wp-content\/uploads\/2023\/06\/decoration-ambiance-estivale-pas-cher-2-260x260.jpeg 260w, https:\/\/www.cocondedecoration.com\/blog\/wp-content\/uploads\/2023\/06\/decoration-ambiance-estivale-pas-cher-2-465x465.jpeg 465w\" sizes=\"(max-width: 500px) 100vw, 500px\" \/><\/p><\/div>\n<div id='slider_61183_slide07' class='sa_hover_container' style='padding:5% 5%; margin:0px 0%; '><p><img loading=\"lazy\" decoding=\"async\" class=\"aligncenter size-full wp-image-61187\" src=\"https:\/\/www.cocondedecoration.com\/blog\/wp-content\/uploads\/2023\/06\/accessoire-deco-ete-couleur-3.jpeg\" alt=\"accessoire deco ete couleur Coussin de sol nomade noir\" width=\"500\" height=\"500\" srcset=\"https:\/\/www.cocondedecoration.com\/blog\/wp-content\/uploads\/2023\/06\/accessoire-deco-ete-couleur-3.jpeg 500w, https:\/\/www.cocondedecoration.com\/blog\/wp-content\/uploads\/2023\/06\/accessoire-deco-ete-couleur-3-165x165.jpeg 165w, https:\/\/www.cocondedecoration.com\/blog\/wp-content\/uploads\/2023\/06\/accessoire-deco-ete-couleur-3-260x260.jpeg 260w, https:\/\/www.cocondedecoration.com\/blog\/wp-content\/uploads\/2023\/06\/accessoire-deco-ete-couleur-3-465x465.jpeg 465w\" sizes=\"(max-width: 500px) 100vw, 500px\" \/><\/p><\/div>\n<div id='slider_61183_slide08' class='sa_hover_container' style='padding:5% 5%; margin:0px 0%; '><p><img loading=\"lazy\" decoding=\"async\" class=\"aligncenter size-full wp-image-61193\" src=\"https:\/\/www.cocondedecoration.com\/blog\/wp-content\/uploads\/2023\/06\/deco-estivale-toute-annee-3.jpeg\" alt=\"deco estivale toute annee Miroir rond en rotin et sisal \u00d8100 cm\" width=\"500\" height=\"500\" srcset=\"https:\/\/www.cocondedecoration.com\/blog\/wp-content\/uploads\/2023\/06\/deco-estivale-toute-annee-3.jpeg 500w, https:\/\/www.cocondedecoration.com\/blog\/wp-content\/uploads\/2023\/06\/deco-estivale-toute-annee-3-165x165.jpeg 165w, https:\/\/www.cocondedecoration.com\/blog\/wp-content\/uploads\/2023\/06\/deco-estivale-toute-annee-3-260x260.jpeg 260w, https:\/\/www.cocondedecoration.com\/blog\/wp-content\/uploads\/2023\/06\/deco-estivale-toute-annee-3-465x465.jpeg 465w\" sizes=\"(max-width: 500px) 100vw, 500px\" \/><\/p><\/div>\n<div id='slider_61183_slide09' class='sa_hover_container' style='padding:5% 5%; margin:0px 0%; '><p><a href=\"Peinture mur, boiserie, radiateur ocre\"><img loading=\"lazy\" decoding=\"async\" class=\"aligncenter size-full wp-image-61198\" src=\"https:\/\/www.cocondedecoration.com\/blog\/wp-content\/uploads\/2023\/06\/decoration-ambiance-estivale-pas-cher-3.jpeg\" alt=\"decoration ambiance estivale pas cher Peinture mur, boiserie, radiateur ocre terracotta\" width=\"500\" height=\"500\" srcset=\"https:\/\/www.cocondedecoration.com\/blog\/wp-content\/uploads\/2023\/06\/decoration-ambiance-estivale-pas-cher-3.jpeg 500w, https:\/\/www.cocondedecoration.com\/blog\/wp-content\/uploads\/2023\/06\/decoration-ambiance-estivale-pas-cher-3-165x165.jpeg 165w, https:\/\/www.cocondedecoration.com\/blog\/wp-content\/uploads\/2023\/06\/decoration-ambiance-estivale-pas-cher-3-260x260.jpeg 260w, https:\/\/www.cocondedecoration.com\/blog\/wp-content\/uploads\/2023\/06\/decoration-ambiance-estivale-pas-cher-3-465x465.jpeg 465w\" sizes=\"(max-width: 500px) 100vw, 500px\" \/><\/a><\/p><\/div>\n<div id='slider_61183_slide10' class='sa_hover_container' style='padding:5% 5%; margin:0px 0%; '><p><img loading=\"lazy\" decoding=\"async\" class=\"aligncenter size-full wp-image-61188\" src=\"https:\/\/www.cocondedecoration.com\/blog\/wp-content\/uploads\/2023\/06\/accessoire-deco-ete-couleur-4.jpeg\" alt=\"accessoire deco ete couleur Hamac en coton recycl\u00e9 terracotta 100x200\" width=\"500\" height=\"500\" srcset=\"https:\/\/www.cocondedecoration.com\/blog\/wp-content\/uploads\/2023\/06\/accessoire-deco-ete-couleur-4.jpeg 500w, https:\/\/www.cocondedecoration.com\/blog\/wp-content\/uploads\/2023\/06\/accessoire-deco-ete-couleur-4-165x165.jpeg 165w, https:\/\/www.cocondedecoration.com\/blog\/wp-content\/uploads\/2023\/06\/accessoire-deco-ete-couleur-4-260x260.jpeg 260w, https:\/\/www.cocondedecoration.com\/blog\/wp-content\/uploads\/2023\/06\/accessoire-deco-ete-couleur-4-465x465.jpeg 465w\" sizes=\"(max-width: 500px) 100vw, 500px\" \/><\/p><\/div>\n<div id='slider_61183_slide11' class='sa_hover_container' style='padding:5% 5%; margin:0px 0%; '><p><img loading=\"lazy\" decoding=\"async\" class=\"aligncenter size-full wp-image-61194\" src=\"https:\/\/www.cocondedecoration.com\/blog\/wp-content\/uploads\/2023\/06\/deco-estivale-toute-annee-4.jpeg\" alt=\"deco estivale toute annee Fauteuil papasan rotin\" width=\"500\" height=\"500\" srcset=\"https:\/\/www.cocondedecoration.com\/blog\/wp-content\/uploads\/2023\/06\/deco-estivale-toute-annee-4.jpeg 500w, https:\/\/www.cocondedecoration.com\/blog\/wp-content\/uploads\/2023\/06\/deco-estivale-toute-annee-4-165x165.jpeg 165w, https:\/\/www.cocondedecoration.com\/blog\/wp-content\/uploads\/2023\/06\/deco-estivale-toute-annee-4-260x260.jpeg 260w, https:\/\/www.cocondedecoration.com\/blog\/wp-content\/uploads\/2023\/06\/deco-estivale-toute-annee-4-465x465.jpeg 465w\" sizes=\"(max-width: 500px) 100vw, 500px\" \/><\/p><\/div>\n<div id='slider_61183_slide12' class='sa_hover_container' style='padding:5% 5%; margin:0px 0%; '><p><img loading=\"lazy\" decoding=\"async\" class=\"aligncenter size-full wp-image-61199\" src=\"https:\/\/www.cocondedecoration.com\/blog\/wp-content\/uploads\/2023\/06\/decoration-ambiance-estivale-pas-cher-4.jpeg\" alt=\"Papier decoration ambiance estivale pas cher Peint Adh\u00e9sif Panoramique\" width=\"500\" height=\"500\" srcset=\"https:\/\/www.cocondedecoration.com\/blog\/wp-content\/uploads\/2023\/06\/decoration-ambiance-estivale-pas-cher-4.jpeg 500w, https:\/\/www.cocondedecoration.com\/blog\/wp-content\/uploads\/2023\/06\/decoration-ambiance-estivale-pas-cher-4-165x165.jpeg 165w, https:\/\/www.cocondedecoration.com\/blog\/wp-content\/uploads\/2023\/06\/decoration-ambiance-estivale-pas-cher-4-260x260.jpeg 260w, https:\/\/www.cocondedecoration.com\/blog\/wp-content\/uploads\/2023\/06\/decoration-ambiance-estivale-pas-cher-4-465x465.jpeg 465w\" sizes=\"(max-width: 500px) 100vw, 500px\" \/><\/p><\/div>\n<div id='slider_61183_slide13' class='sa_hover_container' style='padding:5% 5%; margin:0px 0%; '><p><img loading=\"lazy\" decoding=\"async\" class=\"aligncenter size-full wp-image-61190\" src=\"https:\/\/www.cocondedecoration.com\/blog\/wp-content\/uploads\/2023\/06\/accessoire-deco-ete-couleur-5.jpeg\" alt=\"accessoire deco ete couleur Coussin motifs \u00e0 rayures multicolores imprim\u00e9s\" width=\"500\" height=\"500\" srcset=\"https:\/\/www.cocondedecoration.com\/blog\/wp-content\/uploads\/2023\/06\/accessoire-deco-ete-couleur-5.jpeg 500w, https:\/\/www.cocondedecoration.com\/blog\/wp-content\/uploads\/2023\/06\/accessoire-deco-ete-couleur-5-165x165.jpeg 165w, https:\/\/www.cocondedecoration.com\/blog\/wp-content\/uploads\/2023\/06\/accessoire-deco-ete-couleur-5-260x260.jpeg 260w, https:\/\/www.cocondedecoration.com\/blog\/wp-content\/uploads\/2023\/06\/accessoire-deco-ete-couleur-5-465x465.jpeg 465w\" sizes=\"(max-width: 500px) 100vw, 500px\" \/><\/p><\/div>\n<div id='slider_61183_slide14' class='sa_hover_container' style='padding:5% 5%; margin:0px 0%; '><p><img loading=\"lazy\" decoding=\"async\" class=\"aligncenter size-full wp-image-61195\" src=\"https:\/\/www.cocondedecoration.com\/blog\/wp-content\/uploads\/2023\/06\/deco-estivale-toute-annee-5.jpeg\" alt=\"deco estivale toute annee Housse de couette coton, Veldi Jaune\" width=\"500\" height=\"500\" srcset=\"https:\/\/www.cocondedecoration.com\/blog\/wp-content\/uploads\/2023\/06\/deco-estivale-toute-annee-5.jpeg 500w, https:\/\/www.cocondedecoration.com\/blog\/wp-content\/uploads\/2023\/06\/deco-estivale-toute-annee-5-165x165.jpeg 165w, https:\/\/www.cocondedecoration.com\/blog\/wp-content\/uploads\/2023\/06\/deco-estivale-toute-annee-5-260x260.jpeg 260w, https:\/\/www.cocondedecoration.com\/blog\/wp-content\/uploads\/2023\/06\/deco-estivale-toute-annee-5-465x465.jpeg 465w\" sizes=\"(max-width: 500px) 100vw, 500px\" \/><\/p><\/div>\n<div id='slider_61183_slide15' class='sa_hover_container' style='padding:5% 5%; margin:0px 0%; '><p><img loading=\"lazy\" decoding=\"async\" class=\"aligncenter size-full wp-image-61200\" src=\"https:\/\/www.cocondedecoration.com\/blog\/wp-content\/uploads\/2023\/06\/decoration-ambiance-estivale-pas-cher-5.jpeg\" alt=\"decoration ambiance estivale pas cher Suspension 1x e27 bambou naturel\" width=\"500\" height=\"500\" srcset=\"https:\/\/www.cocondedecoration.com\/blog\/wp-content\/uploads\/2023\/06\/decoration-ambiance-estivale-pas-cher-5.jpeg 500w, https:\/\/www.cocondedecoration.com\/blog\/wp-content\/uploads\/2023\/06\/decoration-ambiance-estivale-pas-cher-5-165x165.jpeg 165w, https:\/\/www.cocondedecoration.com\/blog\/wp-content\/uploads\/2023\/06\/decoration-ambiance-estivale-pas-cher-5-260x260.jpeg 260w, https:\/\/www.cocondedecoration.com\/blog\/wp-content\/uploads\/2023\/06\/decoration-ambiance-estivale-pas-cher-5-465x465.jpeg 465w\" sizes=\"(max-width: 500px) 100vw, 500px\" \/><\/p><\/div>\n<\/div>\n<\/div>\n<script type='text\/javascript'>\n\tjQuery(document).ready(function() {\n\t\tjQuery('#slider_61183').owlCarousel({\n\t\t\titems : 1,\n\t\t\tsmartSpeed : 200,\n\t\t\tautoplay : true,\n\t\t\tautoplayTimeout : 5000,\n\t\t\tautoplayHoverPause : true,\n\t\t\tsmartSpeed : 200,\n\t\t\tfluidSpeed : 200,\n\t\t\tautoplaySpeed : 200,\n\t\t\tnavSpeed : 200,\n\t\t\tdotsSpeed : 200,\n\t\t\tloop : true,\n\t\t\tnav : true,\n\t\t\tnavText : ['Previous','Next'],\n\t\t\tdots : true,\n\t\t\tresponsiveRefreshRate : 200,\n\t\t\tslideBy : 1,\n\t\t\tmergeFit : true,\n\t\t\tautoHeight : false,\n\t\t\tmouseDrag : false,\n\t\t\ttouchDrag : true\n\t\t});\n\t\tjQuery('#slider_61183').css('visibility', 'visible');\n\t\tsa_resize_slider_61183();\n\t\twindow.addEventListener('resize', sa_resize_slider_61183);\n\t\tfunction sa_resize_slider_61183() {\n\t\t\tvar min_height = '50';\n\t\t\tvar win_width = jQuery(window).width();\n\t\t\tvar slider_width = jQuery('#slider_61183').width();\n\t\t\tif (win_width < 480) {\n\t\t\t\tvar slide_width = slider_width \/ 1;\n\t\t\t} else if (win_width < 768) {\n\t\t\t\tvar slide_width = slider_width \/ 1;\n\t\t\t} else if (win_width < 980) {\n\t\t\t\tvar slide_width = slider_width \/ 1;\n\t\t\t} else if (win_width < 1200) {\n\t\t\t\tvar slide_width = slider_width \/ 1;\n\t\t\t} else if (win_width < 1500) {\n\t\t\t\tvar slide_width = slider_width \/ 1;\n\t\t\t} else {\n\t\t\t\tvar slide_width = slider_width \/ 1;\n\t\t\t}\n\t\t\tslide_width = Math.round(slide_width);\n\t\t\tvar slide_height = '0';\n\t\t\tif (min_height == 'aspect43') {\n\t\t\t\tslide_height = (slide_width \/ 4) * 3;\t\t\t\tslide_height = Math.round(slide_height);\n\t\t\t} else if (min_height == 'aspect169') {\n\t\t\t\tslide_height = (slide_width \/ 16) * 9;\t\t\t\tslide_height = Math.round(slide_height);\n\t\t\t} else {\n\t\t\t\tslide_height = (slide_width \/ 100) * min_height;\t\t\t\tslide_height = Math.round(slide_height);\n\t\t\t}\n\t\t\tjQuery('#slider_61183 .owl-item .sa_hover_container').css('min-height', slide_height+'px');\n\t\t}\n\t\tvar owl_goto = jQuery('#slider_61183');\n\t\tjQuery('.slider_61183_goto1').click(function(event){\n\t\t\towl_goto.trigger('to.owl.carousel', 0);\n\t\t});\n\t\tjQuery('.slider_61183_goto2').click(function(event){\n\t\t\towl_goto.trigger('to.owl.carousel', 1);\n\t\t});\n\t\tjQuery('.slider_61183_goto3').click(function(event){\n\t\t\towl_goto.trigger('to.owl.carousel', 2);\n\t\t});\n\t\tjQuery('.slider_61183_goto4').click(function(event){\n\t\t\towl_goto.trigger('to.owl.carousel', 3);\n\t\t});\n\t\tjQuery('.slider_61183_goto5').click(function(event){\n\t\t\towl_goto.trigger('to.owl.carousel', 4);\n\t\t});\n\t\tjQuery('.slider_61183_goto6').click(function(event){\n\t\t\towl_goto.trigger('to.owl.carousel', 5);\n\t\t});\n\t\tjQuery('.slider_61183_goto7').click(function(event){\n\t\t\towl_goto.trigger('to.owl.carousel', 6);\n\t\t});\n\t\tjQuery('.slider_61183_goto8').click(function(event){\n\t\t\towl_goto.trigger('to.owl.carousel', 7);\n\t\t});\n\t\tjQuery('.slider_61183_goto9').click(function(event){\n\t\t\towl_goto.trigger('to.owl.carousel', 8);\n\t\t});\n\t\tjQuery('.slider_61183_goto10').click(function(event){\n\t\t\towl_goto.trigger('to.owl.carousel', 9);\n\t\t});\n\t\tjQuery('.slider_61183_goto11').click(function(event){\n\t\t\towl_goto.trigger('to.owl.carousel', 10);\n\t\t});\n\t\tjQuery('.slider_61183_goto12').click(function(event){\n\t\t\towl_goto.trigger('to.owl.carousel', 11);\n\t\t});\n\t\tjQuery('.slider_61183_goto13').click(function(event){\n\t\t\towl_goto.trigger('to.owl.carousel', 12);\n\t\t});\n\t\tjQuery('.slider_61183_goto14').click(function(event){\n\t\t\towl_goto.trigger('to.owl.carousel', 13);\n\t\t});\n\t\tjQuery('.slider_61183_goto15').click(function(event){\n\t\t\towl_goto.trigger('to.owl.carousel', 14);\n\t\t});\n\t\tvar resize_61183 = jQuery('.owl-carousel');\n\t\tresize_61183.on('initialized.owl.carousel', function(e) {\n\t\t\tif (typeof(Event) === 'function') {\n\t\t\t\twindow.dispatchEvent(new Event('resize'));\n\t\t\t} else {\n\t\t\t\tvar evt = window.document.createEvent('UIEvents');\n\t\t\t\tevt.initUIEvent('resize', true, false, window, 0);\n\t\t\t\twindow.dispatchEvent(evt);\n\t\t\t}\n\t\t});\n\t});\n<\/script>\n\n<\/div>\n\n\n\n<div class=\"wp-block-column is-layout-flow wp-block-column-is-layout-flow\">\n<p class=\"has-medium-font-size\">Pour un air estival chez soi toute l'ann\u00e9e<\/p>\n\n\n\n<ol><li><a rel=\"noreferrer noopener\" aria-label=\"Housse de coussin imprim\u00e9 fruits (s\u2019ouvre dans un nouvel onglet)\" href=\"https:\/\/fnty.co\/c\/r-WcewuJSq\" target=\"_blank\">Housse de coussin imprim\u00e9 fruits<\/a> - Maisons du Monde <\/li><li><a rel=\"noreferrer noopener\" aria-label=\"Assiettes plates motif rayons (x4) (s\u2019ouvre dans un nouvel onglet)\" href=\"https:\/\/tidd.ly\/3IZW1Qo\" target=\"_blank\">Assiettes plates motif rayons (x4)<\/a> - La Redoute<\/li><li><a rel=\"noreferrer noopener\" aria-label=\"Rideau tamisant gaze de coton ocre (s\u2019ouvre dans un nouvel onglet)\" href=\"https:\/\/tidd.ly\/45JTPX3\" target=\"_blank\">Rideau tamisant gaze de coton ocre<\/a> - Leroy Merlin <\/li><li><a rel=\"noreferrer noopener\" aria-label=\"Lanterne veilleuse portable LED (s\u2019ouvre dans un nouvel onglet)\" href=\"https:\/\/fnty.co\/c\/r-qzzOIOsG\" target=\"_blank\">Lanterne veilleuse portable LED<\/a> - Maisons du Monde<\/li><li><a rel=\"noreferrer noopener\" aria-label=\"Housse de coussin rectangulaire jaune et soleil noir (s\u2019ouvre dans un nouvel onglet)\" href=\"https:\/\/tidd.ly\/3Nh0jp2\" target=\"_blank\">Housse de coussin rectangulaire jaune et soleil noir<\/a> - La Redoute <\/li><li><a rel=\"noreferrer noopener\" aria-label=\"Affiche Morning pool, rose, bleu, jaune (s\u2019ouvre dans un nouvel onglet)\" href=\"https:\/\/tidd.ly\/3CikNY4\" target=\"_blank\">Affiche Morning pool, rose, bleu, jaune<\/a> - Leroy Merlin <\/li><li><a rel=\"noreferrer noopener\" aria-label=\"oussin de sol nomade noir (s\u2019ouvre dans un nouvel onglet)\" href=\"https:\/\/fnty.co\/c\/r-SoudHouc\" target=\"_blank\">Coussin de sol nomade noir<\/a> - Maisons du Monde<\/li><li><a rel=\"noreferrer noopener\" aria-label=\"Miroir rond en rotin et sisal \u00d8100 cm (s\u2019ouvre dans un nouvel onglet)\" href=\"https:\/\/tidd.ly\/42rhkBa\" target=\"_blank\">Miroir rond en rotin et sisal \u00d8100 cm<\/a> - La Redoute <\/li><li><a rel=\"noreferrer noopener\" aria-label=\"Peinture mur, boiserie, radiateur ocre \/ terracotta (s\u2019ouvre dans un nouvel onglet)\" href=\"https:\/\/tidd.ly\/3MXhXgg\" target=\"_blank\">Peinture mur, boiserie, radiateur ocre \/ terracotta<\/a> - Leroy Merlin  <\/li><li><a rel=\"noreferrer noopener\" aria-label=\"Hamac en coton recycl\u00e9 terracotta (s\u2019ouvre dans un nouvel onglet)\" href=\"https:\/\/fnty.co\/c\/r-ZgYgrYuB\" target=\"_blank\">Hamac en coton recycl\u00e9 terracotta<\/a> - Maisons du Monde<\/li><li><a rel=\"noreferrer noopener\" aria-label=\"Fauteuil papasan rotin (s\u2019ouvre dans un nouvel onglet)\" href=\"https:\/\/tidd.ly\/3Ce7yaO\" target=\"_blank\">Fauteuil papasan rotin<\/a> - La Redoute <\/li><li><a rel=\"noreferrer noopener\" aria-label=\"Papier Peint Adh\u00e9sif Panoramique (s\u2019ouvre dans un nouvel onglet)\" href=\"https:\/\/tidd.ly\/3X15z3l\" target=\"_blank\">Papier Peint Adh\u00e9sif Panoramique<\/a> - Leroy Merlin <\/li><li><a rel=\"noreferrer noopener\" aria-label=\"Coussin motifs \u00e0 rayures multicolores  (s\u2019ouvre dans un nouvel onglet)\" href=\"https:\/\/fnty.co\/c\/r-bJLrLVRl\" target=\"_blank\">Coussin motifs \u00e0 rayures multicolores <\/a>- Maisons du Monde<\/li><li><a rel=\"noreferrer noopener\" aria-label=\"Housse de couette coton Jaune (s\u2019ouvre dans un nouvel onglet)\" href=\"https:\/\/tidd.ly\/3Nh0pgo\" target=\"_blank\">Housse de couette coton Jaune<\/a> - La Redoute <\/li><li><a href=\"https:\/\/tidd.ly\/3WQ8pbr\" target=\"_blank\" rel=\"noreferrer noopener\" aria-label=\"Suspension bambou naturel (s\u2019ouvre dans un nouvel onglet)\">Suspension bambou naturel<\/a> - Leroy Merlin <\/li><\/ol>\n\n\n\n<p>Dans le m\u00eame esprit: <a href=\"https:\/\/www.cocondedecoration.com\/blog\/2023\/06\/decoration-motif-grenade-ete\/\" target=\"_blank\" rel=\"noreferrer noopener\" aria-label=\"Osez le motif grenade pour faire entrer l'\u00e9t\u00e9 dans votre d\u00e9co (s\u2019ouvre dans un nouvel onglet)\">Osez le motif grenade pour faire entrer l'\u00e9t\u00e9 dans votre d\u00e9co<\/a><\/p>\n<\/div>\n<\/div>\n\n\n\n<ul class=\"wp-block-gallery columns-2 is-cropped wp-block-gallery-6 is-layout-flex wp-block-gallery-is-layout-flex\"><li class=\"blocks-gallery-item\"><figure><img loading=\"lazy\" decoding=\"async\" width=\"640\" height=\"960\" src=\"https:\/\/www.cocondedecoration.com\/blog\/wp-content\/uploads\/2023\/11\/decoration-table-ete-couleur-11-640x960.jpeg\" alt=\"decoration table ete couleur assiettes blanches forme de fleur d\u00e9cor floral fraicheur naturel\" data-id=\"70043\" data-link=\"https:\/\/www.cocondedecoration.com\/blog\/2020\/06\/idee-deco-pour-une-table-estivale\/decoration-table-ete-couleur-11\/\" class=\"wp-image-70043\" srcset=\"https:\/\/www.cocondedecoration.com\/blog\/wp-content\/uploads\/2023\/11\/decoration-table-ete-couleur-11-640x960.jpeg 640w, https:\/\/www.cocondedecoration.com\/blog\/wp-content\/uploads\/2023\/11\/decoration-table-ete-couleur-11-260x390.jpeg 260w, https:\/\/www.cocondedecoration.com\/blog\/wp-content\/uploads\/2023\/11\/decoration-table-ete-couleur-11-768x1152.jpeg 768w, https:\/\/www.cocondedecoration.com\/blog\/wp-content\/uploads\/2023\/11\/decoration-table-ete-couleur-11-367x550.jpeg 367w, https:\/\/www.cocondedecoration.com\/blog\/wp-content\/uploads\/2023\/11\/decoration-table-ete-couleur-11-333x500.jpeg 333w, https:\/\/www.cocondedecoration.com\/blog\/wp-content\/uploads\/2023\/11\/decoration-table-ete-couleur-11.jpeg 1000w\" sizes=\"(max-width: 640px) 100vw, 640px\" \/><figcaption>vogue.com\n<\/figcaption><\/figure><\/li><li class=\"blocks-gallery-item\"><figure><img loading=\"lazy\" decoding=\"async\" width=\"640\" height=\"960\" src=\"https:\/\/www.cocondedecoration.com\/blog\/wp-content\/uploads\/2023\/11\/decoration-table-ete-couleur-12-640x960.jpeg\" alt=\"decoration table ete couleur nappe \u00e0 rayures blanches et rouges bougies vaisselle blanche liser\u00e9 color\u00e9 en bleu et rouge\" data-id=\"70044\" data-link=\"https:\/\/www.cocondedecoration.com\/blog\/2020\/06\/idee-deco-pour-une-table-estivale\/decoration-table-ete-couleur-12\/\" class=\"wp-image-70044\" srcset=\"https:\/\/www.cocondedecoration.com\/blog\/wp-content\/uploads\/2023\/11\/decoration-table-ete-couleur-12-640x960.jpeg 640w, https:\/\/www.cocondedecoration.com\/blog\/wp-content\/uploads\/2023\/11\/decoration-table-ete-couleur-12-260x390.jpeg 260w, https:\/\/www.cocondedecoration.com\/blog\/wp-content\/uploads\/2023\/11\/decoration-table-ete-couleur-12-768x1152.jpeg 768w, https:\/\/www.cocondedecoration.com\/blog\/wp-content\/uploads\/2023\/11\/decoration-table-ete-couleur-12-367x550.jpeg 367w, https:\/\/www.cocondedecoration.com\/blog\/wp-content\/uploads\/2023\/11\/decoration-table-ete-couleur-12-333x500.jpeg 333w, https:\/\/www.cocondedecoration.com\/blog\/wp-content\/uploads\/2023\/11\/decoration-table-ete-couleur-12.jpeg 1000w\" sizes=\"(max-width: 640px) 100vw, 640px\" \/><figcaption>theworldof.ladoublej.com\n<\/figcaption><\/figure><\/li><\/ul>\n\n\n\n<hr class=\"wp-block-separator\"\/>\n\n\n\n<p class=\"has-text-align-center has-medium-font-size\">Ne perdons pas contact \ud83d\ude42 Rejoignez moi sur <a href=\"https:\/\/www.pinterest.fr\/cocondedeco\/\" target=\"_blank\" rel=\"noopener\" title=\"\">Pinterest<\/a> |\u00a0<a href=\"https:\/\/www.threads.net\/@cocondedeco\" target=\"_blank\" rel=\"noopener\" title=\"\">Threads<\/a> | <a href=\"https:\/\/www.patreon.com\/collection\/162946?view=expanded\" target=\"_blank\" rel=\"noopener\" title=\"\">la Newsletter<\/a> <br>Vous aimez lire le blog? Vous souhaitez continuer \u00e0 le lire? <a href=\"https:\/\/www.patreon.com\/cocondedeco\" target=\"_blank\" rel=\"noopener\" title=\"\">Devenez m\u00e9c\u00e8ne<\/a> sur Patreon et contribuez \u00e0 sa survie. <\/p>\n\n\n\n<hr class=\"wp-block-separator\"\/>\n\n\n\n<div class=\"wp-block-columns has-2-columns is-layout-flex wp-container-core-columns-layout-3 wp-block-columns-is-layout-flex\">\n<div class=\"wp-block-column is-layout-flow wp-block-column-is-layout-flow\">\n<p style=\"text-align:center\" class=\"has-medium-font-size\">A lire \u00e9galement<\/p>\n\n\n<ul class=\"wp-block-latest-posts__list wp-block-latest-posts\"><li><a class=\"wp-block-latest-posts__post-title\" href=\"https:\/\/www.cocondedecoration.com\/blog\/2026\/04\/organisation-chalet-jardin\/\">Comment organiser efficacement le chalet de jardin?<\/a><\/li>\n<li><a class=\"wp-block-latest-posts__post-title\" href=\"https:\/\/www.cocondedecoration.com\/blog\/2026\/04\/petit-potager\/\">12 id\u00e9es pour un petit potager peu encombrant<\/a><\/li>\n<li><a class=\"wp-block-latest-posts__post-title\" href=\"https:\/\/www.cocondedecoration.com\/blog\/2026\/03\/decoration-mur-terrasse\/\">Mur de terrasse: 20 id\u00e9es pour d\u00e9corer votre ext\u00e9rieur<\/a><\/li>\n<li><a class=\"wp-block-latest-posts__post-title\" href=\"https:\/\/www.cocondedecoration.com\/blog\/2026\/03\/carport-moderne\/\">Carport, une alternative \u00e9conomique pour abriter la voiture<\/a><\/li>\n<li><a class=\"wp-block-latest-posts__post-title\" href=\"https:\/\/www.cocondedecoration.com\/blog\/2026\/01\/jacuzzi-exterieur-terrasse\/\">Jacuzzi ext\u00e9rieur, comment l&rsquo;int\u00e9grer \u00e0 votre terrasse?<\/a><\/li>\n<li><a class=\"wp-block-latest-posts__post-title\" href=\"https:\/\/www.cocondedecoration.com\/blog\/2025\/06\/amenagement-jardin-en-pente\/\">Jardin en pente: quelles solutions pour l&rsquo;am\u00e9nager?<\/a><\/li>\n<li><a class=\"wp-block-latest-posts__post-title\" href=\"https:\/\/www.cocondedecoration.com\/blog\/2025\/05\/galet-decoratif-exterieur\/\">Jardin: cr\u00e9ez un parterre \u00e9l\u00e9gant avec des galets<\/a><\/li>\n<\/ul><\/div>\n\n\n\n<div class=\"wp-block-column is-layout-flow wp-block-column-is-layout-flow\">\n<p class=\"has-text-align-center has-medium-font-size\" style=\"padding-top:var(--wp--preset--spacing--40);padding-bottom:var(--wp--preset--spacing--40)\"><strong>Devenez m\u00e9c\u00e8ne du blog <\/strong><\/p>\n\n\n\n<hr class=\"wp-block-separator has-alpha-channel-opacity is-style-wide\"\/>\n\n\n\n<p style=\"padding-right:var(--wp--preset--spacing--30);padding-left:var(--wp--preset--spacing--30)\">Soutenez mon travail sur le blog et acc\u00e9dez \u00e0 des contreparties exclusives: <\/p>\n\n\n\n<ul style=\"padding-right:var(--wp--preset--spacing--40);padding-left:var(--wp--preset--spacing--40)\">\n<li>Plusieurs centaines d'articles d\u00e9co, lifestyle &amp; voyage r\u00e9serv\u00e9s aux abonn\u00e9\u2022e\u2022s <\/li>\n\n\n\n<li>Toutes les entr\u00e9es de mon side project - mon dictionnaire nomade <\/li>\n\n\n\n<li>Une publicit\u00e9 limit\u00e9e sur les articles Patreon <\/li>\n<\/ul>\n\n\n\n<div class=\"wp-block-buttons is-content-justification-center is-layout-flex wp-container-core-buttons-layout-1 wp-block-buttons-is-layout-flex\">\n<div class=\"wp-block-button\"><a class=\"wp-block-button__link wp-element-button\" href=\"https:\/\/www.patreon.com\/cocondedeco\" target=\"_blank\" rel=\"noreferrer noopener\">Soutenir le blog maintenant<\/a><\/div>\n<\/div>\n<\/div>\n<\/div>\n\n\n\n<div class=\"wp-block-image\"><figure class=\"aligncenter\"><a href=\"https:\/\/www.luxxu.net\/blog\/stunning-summer-table-setting-ideas\/\" target=\"_blank\" rel=\"noopener noreferrer\"><img loading=\"lazy\" decoding=\"async\" width=\"732\" height=\"488\" src=\"http:\/\/www.cocondedecoration.com\/blog\/wp-content\/uploads\/2020\/06\/table-estivale-idee-decoration-ete.jpg\" alt=\"table estivale idee decoration ete\" class=\"wp-image-26263\" srcset=\"https:\/\/www.cocondedecoration.com\/blog\/wp-content\/uploads\/2020\/06\/table-estivale-idee-decoration-ete.jpg 732w, https:\/\/www.cocondedecoration.com\/blog\/wp-content\/uploads\/2020\/06\/table-estivale-idee-decoration-ete-260x173.jpg 260w, https:\/\/www.cocondedecoration.com\/blog\/wp-content\/uploads\/2020\/06\/table-estivale-idee-decoration-ete-640x427.jpg 640w, https:\/\/www.cocondedecoration.com\/blog\/wp-content\/uploads\/2020\/06\/table-estivale-idee-decoration-ete-465x310.jpg 465w, https:\/\/www.cocondedecoration.com\/blog\/wp-content\/uploads\/2020\/06\/table-estivale-idee-decoration-ete-695x463.jpg 695w\" sizes=\"(max-width: 732px) 100vw, 732px\" \/><\/a><\/figure><\/div>\n\n\n\n<p style=\"text-align:right\" class=\"has-small-font-size\">Note: Cet article contient des liens affili\u00e9s, ils ne changent aucunement votre utilisation du blog ou des sites partenaires. Ils me permettent d'entretenir le blog r\u00e9guli\u00e8rement.<br>Article mis \u00e0 jour en novembre 2023<\/p>\n","protected":false},"excerpt":{"rendered":"<p>Synonyme de repas conviviaux en ext\u00e9rieur, l&rsquo;\u00e9t\u00e9 est l&rsquo;occasion de d\u00e9cloisonner les habitudes quotidiennes. On prend le petit d\u00e9j&rsquo; sur le balcon, on dine en famille dans le jardin, on part \u00e0 la journ\u00e9e et on pique-nique dans un espace inhabituel&#8230; Les occasions sont multiples en \u00e9t\u00e9 pour passer de<span class=\"more-link\"><a href=\"https:\/\/www.cocondedecoration.com\/blog\/2020\/06\/idee-deco-pour-une-table-estivale\/\">Lire la suite<\/a><\/span><\/p>\n","protected":false},"author":1,"featured_media":26263,"comment_status":"open","ping_status":"open","sticky":false,"template":"","format":"standard","meta":{"om_disable_all_campaigns":false,"_monsterinsights_skip_tracking":false,"_monsterinsights_sitenote_active":false,"_monsterinsights_sitenote_note":"","_monsterinsights_sitenote_category":0,"_uf_show_specific_survey":0,"_uf_disable_surveys":false,"footnotes":""},"categories":[1720,1982,1715],"tags":[465,8391,8393,8394,8380,8379,8384,8367,8366,8392,8395,8382,8381,8388,8389,8390,8375,8374,8386,8387,8385,8383,8372,8371,8378,8370,8368,8373,8377,8376,8369],"aioseo_notices":[],"_links":{"self":[{"href":"https:\/\/www.cocondedecoration.com\/blog\/wp-json\/wp\/v2\/posts\/26237"}],"collection":[{"href":"https:\/\/www.cocondedecoration.com\/blog\/wp-json\/wp\/v2\/posts"}],"about":[{"href":"https:\/\/www.cocondedecoration.com\/blog\/wp-json\/wp\/v2\/types\/post"}],"author":[{"embeddable":true,"href":"https:\/\/www.cocondedecoration.com\/blog\/wp-json\/wp\/v2\/users\/1"}],"replies":[{"embeddable":true,"href":"https:\/\/www.cocondedecoration.com\/blog\/wp-json\/wp\/v2\/comments?post=26237"}],"version-history":[{"count":0,"href":"https:\/\/www.cocondedecoration.com\/blog\/wp-json\/wp\/v2\/posts\/26237\/revisions"}],"wp:featuredmedia":[{"embeddable":true,"href":"https:\/\/www.cocondedecoration.com\/blog\/wp-json\/wp\/v2\/media\/26263"}],"wp:attachment":[{"href":"https:\/\/www.cocondedecoration.com\/blog\/wp-json\/wp\/v2\/media?parent=26237"}],"wp:term":[{"taxonomy":"category","embeddable":true,"href":"https:\/\/www.cocondedecoration.com\/blog\/wp-json\/wp\/v2\/categories?post=26237"},{"taxonomy":"post_tag","embeddable":true,"href":"https:\/\/www.cocondedecoration.com\/blog\/wp-json\/wp\/v2\/tags?post=26237"}],"curies":[{"name":"wp","href":"https:\/\/api.w.org\/{rel}","templated":true}]}}