{"id":25681,"date":"2020-06-03T01:00:00","date_gmt":"2020-06-02T23:00:00","guid":{"rendered":"http:\/\/www.cocondedecoration.com\/blog\/?p=25681"},"modified":"2025-11-10T08:26:37","modified_gmt":"2025-11-10T06:26:37","slug":"ou-trouver-un-canape-en-velours-vert","status":"publish","type":"post","link":"https:\/\/www.cocondedecoration.com\/blog\/2020\/06\/ou-trouver-un-canape-en-velours-vert\/","title":{"rendered":"O\u00f9 trouver un canap\u00e9 vert moderne? | s\u00e9lection shopping"},"content":{"rendered":"\n<p>La semaine pass\u00e9e, j'ai consacr\u00e9 <a href=\"http:\/\/www.cocondedecoration.com\/blog\/2020\/05\/conseils-deco-comment-utiliser-le-velours-dans-sa-decoration\/\" target=\"_blank\" rel=\"noopener noreferrer\">un article au velours dans la d\u00e9co<\/a>, cette mati\u00e8re intemporelle, douce et lumineuse \u00e0 la fois. On a vu dans cet article que le velours avait sa place \u00e0 de nombreux endroits dans la maison, notamment sur le canap\u00e9. Perso, j'ai un coup de coeur \u00e9norme pour le canap\u00e9 en velours vert. Le vert est ma couleur pr\u00e9f\u00e9r\u00e9e. <\/p>\n\n\n\n<p>Je me suis donc demand\u00e9e o\u00f9 il \u00e9tait possible de trouver ce type de canap\u00e9. Peut-\u00eatre que je ne suis pas la seule \u00e0 me poser cette question... Petite Note avant de commencer: Quand j'ai mis \u00e0 jour cet article, je me suis rendu compte que le velours \u00e9tait un peu r\u00e9ducteur. Tout le monde n'aspire pas \u00e0 avoir un canap\u00e9 en velours (comme les propri\u00e9taires de chats). J'ai donc \u00e9tendu ma s\u00e9lection. Vous trouverez \u00e0 la fois des canap\u00e9s en velours comme d'autres mati\u00e8res comme le coton. <\/p>\n\n\n\n<!--more-->\n\n\n\n<h2 class=\"wp-block-heading\">O\u00f9 acheter un canap\u00e9 vert?<\/h2>\n\n\n\n<p>Vous cherchez un canap\u00e9 vert olive? vert sapin? Un canap\u00e9 droit, un canap\u00e9 d'angle? Le choix est vaste - pas autant qu'un canap\u00e9 gris mais vous ne serez pas limit\u00e9(e) \u00e0 un ou deux mod\u00e8les si vous avez envie d'un canap\u00e9 de couleur verte. Voil\u00e0 ma s\u00e9lection, j'esp\u00e8re qu'elle vous aidera \u00e0 faire votre choix.<\/p>\n\n\n\n<div class=\"wp-block-columns is-layout-flex wp-container-core-columns-layout-1 wp-block-columns-is-layout-flex\">\n<div class=\"wp-block-column is-layout-flow wp-block-column-is-layout-flow\">\n<figure class=\"wp-block-image size-large\"><a href=\"https:\/\/www.cocondedecoration.com\/blog\/wp-content\/uploads\/2025\/11\/canape-vert-moderne-maisons-du-monde.001.jpeg\"><img loading=\"lazy\" decoding=\"async\" width=\"640\" height=\"640\" src=\"https:\/\/www.cocondedecoration.com\/blog\/wp-content\/uploads\/2025\/11\/canape-vert-moderne-maisons-du-monde.001-640x640.jpeg\" alt=\"Banquette professionnelle 1\/2 places bouclettes vert kaki\" class=\"wp-image-86376\" title=\"Banquette professionnelle 1\/2 places bouclettes vert kaki\" srcset=\"https:\/\/www.cocondedecoration.com\/blog\/wp-content\/uploads\/2025\/11\/canape-vert-moderne-maisons-du-monde.001-640x640.jpeg 640w, https:\/\/www.cocondedecoration.com\/blog\/wp-content\/uploads\/2025\/11\/canape-vert-moderne-maisons-du-monde.001-260x260.jpeg 260w, https:\/\/www.cocondedecoration.com\/blog\/wp-content\/uploads\/2025\/11\/canape-vert-moderne-maisons-du-monde.001-165x165.jpeg 165w, https:\/\/www.cocondedecoration.com\/blog\/wp-content\/uploads\/2025\/11\/canape-vert-moderne-maisons-du-monde.001-465x465.jpeg 465w, https:\/\/www.cocondedecoration.com\/blog\/wp-content\/uploads\/2025\/11\/canape-vert-moderne-maisons-du-monde.001-500x500.jpeg 500w, https:\/\/www.cocondedecoration.com\/blog\/wp-content\/uploads\/2025\/11\/canape-vert-moderne-maisons-du-monde.001.jpeg 650w\" sizes=\"(max-width: 640px) 100vw, 640px\" \/><\/a><figcaption class=\"wp-element-caption\">Banquette professionnelle 1\/2 places bouclettes vert kaki - Maisons du Monde<\/figcaption><\/figure>\n\n\n\n<div class=\"wp-block-buttons is-content-justification-center is-layout-flex wp-container-core-buttons-layout-1 wp-block-buttons-is-layout-flex\">\n<div class=\"wp-block-button\"><a class=\"wp-block-button__link wp-element-button\" href=\"https:\/\/track.effiliation.com\/servlet\/effi.redir?id_compteur=21809597&amp;url=https%3A%2F%2Fwww.maisonsdumonde.com%2FFR%2Ffr%2Fp%2Fbanquette-professionnelle-1-2-places-bouclettes-vert-kaki-hilly-business-249772.htm\" target=\"_blank\" rel=\"noreferrer noopener\">Acheter<\/a><\/div>\n<\/div>\n<\/div>\n\n\n\n<div class=\"wp-block-column is-layout-flow wp-block-column-is-layout-flow\">\n<figure class=\"wp-block-image size-large\"><a href=\"https:\/\/www.cocondedecoration.com\/blog\/wp-content\/uploads\/2025\/11\/canape-vert-moderne-maisons-du-monde.002.jpeg\"><img loading=\"lazy\" decoding=\"async\" width=\"640\" height=\"640\" src=\"https:\/\/www.cocondedecoration.com\/blog\/wp-content\/uploads\/2025\/11\/canape-vert-moderne-maisons-du-monde.002-640x640.jpeg\" alt=\"Canap\u00e9 convertible style scandinave 3\/4 places en velours vert\" class=\"wp-image-86377\" title=\"Canap\u00e9 convertible style scandinave 3\/4 places en velours vert\" srcset=\"https:\/\/www.cocondedecoration.com\/blog\/wp-content\/uploads\/2025\/11\/canape-vert-moderne-maisons-du-monde.002-640x640.jpeg 640w, https:\/\/www.cocondedecoration.com\/blog\/wp-content\/uploads\/2025\/11\/canape-vert-moderne-maisons-du-monde.002-260x260.jpeg 260w, https:\/\/www.cocondedecoration.com\/blog\/wp-content\/uploads\/2025\/11\/canape-vert-moderne-maisons-du-monde.002-165x165.jpeg 165w, https:\/\/www.cocondedecoration.com\/blog\/wp-content\/uploads\/2025\/11\/canape-vert-moderne-maisons-du-monde.002-465x465.jpeg 465w, https:\/\/www.cocondedecoration.com\/blog\/wp-content\/uploads\/2025\/11\/canape-vert-moderne-maisons-du-monde.002-500x500.jpeg 500w, https:\/\/www.cocondedecoration.com\/blog\/wp-content\/uploads\/2025\/11\/canape-vert-moderne-maisons-du-monde.002.jpeg 650w\" sizes=\"(max-width: 640px) 100vw, 640px\" \/><\/a><figcaption class=\"wp-element-caption\">Canap\u00e9 convertible style scandinave 3\/4 places en velours vert - Maisons du Monde<\/figcaption><\/figure>\n\n\n\n<div class=\"wp-block-buttons is-content-justification-center is-layout-flex wp-container-core-buttons-layout-2 wp-block-buttons-is-layout-flex\">\n<div class=\"wp-block-button\"><a class=\"wp-block-button__link wp-element-button\" href=\"https:\/\/track.effiliation.com\/servlet\/effi.redir?id_compteur=21809597&amp;url=https%3A%2F%2Fwww.maisonsdumonde.com%2FFR%2Ffr%2Fp%2Fcanape-convertible-style-scandinave-3-4-places-en-velours-vert-brooke-217366.htm\" target=\"_blank\" rel=\"noreferrer noopener\">Acheter<\/a><\/div>\n<\/div>\n<\/div>\n<\/div>\n\n\n\n<div class=\"wp-block-columns is-layout-flex wp-container-core-columns-layout-2 wp-block-columns-is-layout-flex\">\n<div class=\"wp-block-column is-layout-flow wp-block-column-is-layout-flow\">\n<figure class=\"wp-block-image size-large is-resized\"><a href=\"https:\/\/www.cocondedecoration.com\/blog\/wp-content\/uploads\/2025\/11\/canape-vert-moderne-maisons-du-monde.003.jpeg\"><img loading=\"lazy\" decoding=\"async\" width=\"640\" height=\"640\" src=\"https:\/\/www.cocondedecoration.com\/blog\/wp-content\/uploads\/2025\/11\/canape-vert-moderne-maisons-du-monde.003-640x640.jpeg\" alt=\"Canap\u00e9 4 places en velours vert fonc\u00e9 - Maisons du Monde\" class=\"wp-image-86378\" style=\"width:416px;height:auto\" title=\"Canap\u00e9 4 places en velours vert fonc\u00e9 - Maisons du Monde\" srcset=\"https:\/\/www.cocondedecoration.com\/blog\/wp-content\/uploads\/2025\/11\/canape-vert-moderne-maisons-du-monde.003-640x640.jpeg 640w, https:\/\/www.cocondedecoration.com\/blog\/wp-content\/uploads\/2025\/11\/canape-vert-moderne-maisons-du-monde.003-260x260.jpeg 260w, https:\/\/www.cocondedecoration.com\/blog\/wp-content\/uploads\/2025\/11\/canape-vert-moderne-maisons-du-monde.003-165x165.jpeg 165w, https:\/\/www.cocondedecoration.com\/blog\/wp-content\/uploads\/2025\/11\/canape-vert-moderne-maisons-du-monde.003-465x465.jpeg 465w, https:\/\/www.cocondedecoration.com\/blog\/wp-content\/uploads\/2025\/11\/canape-vert-moderne-maisons-du-monde.003-500x500.jpeg 500w, https:\/\/www.cocondedecoration.com\/blog\/wp-content\/uploads\/2025\/11\/canape-vert-moderne-maisons-du-monde.003.jpeg 650w\" sizes=\"(max-width: 640px) 100vw, 640px\" \/><\/a><figcaption class=\"wp-element-caption\">Canap\u00e9 4 places en velours vert fonc\u00e9 - Maisons du Monde<\/figcaption><\/figure>\n\n\n\n<div class=\"wp-block-buttons is-content-justification-center is-layout-flex wp-container-core-buttons-layout-3 wp-block-buttons-is-layout-flex\">\n<div class=\"wp-block-button\"><a class=\"wp-block-button__link wp-element-button\" href=\"https:\/\/track.effiliation.com\/servlet\/effi.redir?id_compteur=21809597&amp;url=https%3A%2F%2Fwww.maisonsdumonde.com%2FFR%2Ffr%2Fp%2Fcanape-4-places-en-velours-vert-fonce-barack-241894.htm\" target=\"_blank\" rel=\"noreferrer noopener\">Acheter<\/a><\/div>\n<\/div>\n<\/div>\n\n\n\n<div class=\"wp-block-column is-layout-flow wp-block-column-is-layout-flow\">\n<figure class=\"wp-block-image size-large\"><a href=\"https:\/\/www.cocondedecoration.com\/blog\/wp-content\/uploads\/2025\/11\/canape-vert-moderne-maisons-du-monde.004.jpeg\"><img loading=\"lazy\" decoding=\"async\" width=\"640\" height=\"640\" src=\"https:\/\/www.cocondedecoration.com\/blog\/wp-content\/uploads\/2025\/11\/canape-vert-moderne-maisons-du-monde.004-640x640.jpeg\" alt=\"Canap\u00e9 clic-clac 3 places en velours vert\" class=\"wp-image-86379\" title=\"Canap\u00e9 clic-clac 3 places en velours vert\" srcset=\"https:\/\/www.cocondedecoration.com\/blog\/wp-content\/uploads\/2025\/11\/canape-vert-moderne-maisons-du-monde.004-640x640.jpeg 640w, https:\/\/www.cocondedecoration.com\/blog\/wp-content\/uploads\/2025\/11\/canape-vert-moderne-maisons-du-monde.004-260x260.jpeg 260w, https:\/\/www.cocondedecoration.com\/blog\/wp-content\/uploads\/2025\/11\/canape-vert-moderne-maisons-du-monde.004-165x165.jpeg 165w, https:\/\/www.cocondedecoration.com\/blog\/wp-content\/uploads\/2025\/11\/canape-vert-moderne-maisons-du-monde.004-465x465.jpeg 465w, https:\/\/www.cocondedecoration.com\/blog\/wp-content\/uploads\/2025\/11\/canape-vert-moderne-maisons-du-monde.004-500x500.jpeg 500w, https:\/\/www.cocondedecoration.com\/blog\/wp-content\/uploads\/2025\/11\/canape-vert-moderne-maisons-du-monde.004.jpeg 650w\" sizes=\"(max-width: 640px) 100vw, 640px\" \/><\/a><figcaption class=\"wp-element-caption\">Canap\u00e9 clic-clac 3 places en velours vert - Maisons du Monde<\/figcaption><\/figure>\n\n\n\n<div class=\"wp-block-buttons is-content-justification-center is-layout-flex wp-container-core-buttons-layout-4 wp-block-buttons-is-layout-flex\">\n<div class=\"wp-block-button\"><a class=\"wp-block-button__link wp-element-button\" href=\"https:\/\/track.effiliation.com\/servlet\/effi.redir?id_compteur=21809597&amp;url=https%3A%2F%2Fwww.maisonsdumonde.com%2FFR%2Ffr%2Fp%2Fcanape-clic-clac-3-places-en-velours-vert-elvis-198168.htm\" target=\"_blank\" rel=\"noreferrer noopener\">Acheter<\/a><\/div>\n<\/div>\n<\/div>\n<\/div>\n\n\n\n<div class=\"wp-block-columns is-layout-flex wp-container-core-columns-layout-3 wp-block-columns-is-layout-flex\">\n<div class=\"wp-block-column is-layout-flow wp-block-column-is-layout-flow\">\n<figure class=\"wp-block-image size-large\"><a href=\"https:\/\/www.cocondedecoration.com\/blog\/wp-content\/uploads\/2025\/11\/canape-vert-moderne-maisons-du-monde.005.jpeg\"><img loading=\"lazy\" decoding=\"async\" width=\"640\" height=\"640\" src=\"https:\/\/www.cocondedecoration.com\/blog\/wp-content\/uploads\/2025\/11\/canape-vert-moderne-maisons-du-monde.005-640x640.jpeg\" alt=\"Canap\u00e9 d'angle r\u00e9versible convertible 4 places en velours c\u00f4tel\u00e9 vert\" class=\"wp-image-86380\" title=\"Canap\u00e9 d'angle r\u00e9versible convertible 4 places en velours c\u00f4tel\u00e9 vert\" srcset=\"https:\/\/www.cocondedecoration.com\/blog\/wp-content\/uploads\/2025\/11\/canape-vert-moderne-maisons-du-monde.005-640x640.jpeg 640w, https:\/\/www.cocondedecoration.com\/blog\/wp-content\/uploads\/2025\/11\/canape-vert-moderne-maisons-du-monde.005-260x260.jpeg 260w, https:\/\/www.cocondedecoration.com\/blog\/wp-content\/uploads\/2025\/11\/canape-vert-moderne-maisons-du-monde.005-165x165.jpeg 165w, https:\/\/www.cocondedecoration.com\/blog\/wp-content\/uploads\/2025\/11\/canape-vert-moderne-maisons-du-monde.005-465x465.jpeg 465w, https:\/\/www.cocondedecoration.com\/blog\/wp-content\/uploads\/2025\/11\/canape-vert-moderne-maisons-du-monde.005-500x500.jpeg 500w, https:\/\/www.cocondedecoration.com\/blog\/wp-content\/uploads\/2025\/11\/canape-vert-moderne-maisons-du-monde.005.jpeg 650w\" sizes=\"(max-width: 640px) 100vw, 640px\" \/><\/a><figcaption class=\"wp-element-caption\">Canap\u00e9 d'angle r\u00e9versible convertible 4 places en velours c\u00f4tel\u00e9 vert - Maisons du Monde<\/figcaption><\/figure>\n\n\n\n<div class=\"wp-block-buttons is-content-justification-center is-layout-flex wp-container-core-buttons-layout-5 wp-block-buttons-is-layout-flex\">\n<div class=\"wp-block-button\"><a class=\"wp-block-button__link wp-element-button\" href=\"https:\/\/track.effiliation.com\/servlet\/effi.redir?id_compteur=21809597&amp;url=https%3A%2F%2Fwww.maisonsdumonde.com%2FFR%2Ffr%2Fp%2Fcanape-d-angle-reversible-convertible-4-places-en-velours-cotele-vert-cyrus-M24024176.htm\" target=\"_blank\" rel=\"noreferrer noopener\">Acheter<\/a><\/div>\n<\/div>\n<\/div>\n\n\n\n<div class=\"wp-block-column is-layout-flow wp-block-column-is-layout-flow\">\n<figure class=\"wp-block-image size-large\"><a href=\"https:\/\/www.cocondedecoration.com\/blog\/wp-content\/uploads\/2025\/11\/canape-vert-moderne-maisons-du-monde.006.jpeg\"><img loading=\"lazy\" decoding=\"async\" width=\"640\" height=\"640\" src=\"https:\/\/www.cocondedecoration.com\/blog\/wp-content\/uploads\/2025\/11\/canape-vert-moderne-maisons-du-monde.006-640x640.jpeg\" alt=\"Canap\u00e9 d'angle droit convertible 3\/4 places vert kaki\" class=\"wp-image-86381\" title=\"Canap\u00e9 d'angle droit convertible 3\/4 places vert kaki\" srcset=\"https:\/\/www.cocondedecoration.com\/blog\/wp-content\/uploads\/2025\/11\/canape-vert-moderne-maisons-du-monde.006-640x640.jpeg 640w, https:\/\/www.cocondedecoration.com\/blog\/wp-content\/uploads\/2025\/11\/canape-vert-moderne-maisons-du-monde.006-260x260.jpeg 260w, https:\/\/www.cocondedecoration.com\/blog\/wp-content\/uploads\/2025\/11\/canape-vert-moderne-maisons-du-monde.006-165x165.jpeg 165w, https:\/\/www.cocondedecoration.com\/blog\/wp-content\/uploads\/2025\/11\/canape-vert-moderne-maisons-du-monde.006-465x465.jpeg 465w, https:\/\/www.cocondedecoration.com\/blog\/wp-content\/uploads\/2025\/11\/canape-vert-moderne-maisons-du-monde.006-500x500.jpeg 500w, https:\/\/www.cocondedecoration.com\/blog\/wp-content\/uploads\/2025\/11\/canape-vert-moderne-maisons-du-monde.006.jpeg 650w\" sizes=\"(max-width: 640px) 100vw, 640px\" \/><\/a><figcaption class=\"wp-element-caption\">Canap\u00e9 d'angle droit convertible 3\/4 places vert kaki - Maisons du Monde <\/figcaption><\/figure>\n\n\n\n<div class=\"wp-block-buttons is-content-justification-center is-layout-flex wp-container-core-buttons-layout-6 wp-block-buttons-is-layout-flex\">\n<div class=\"wp-block-button\"><a class=\"wp-block-button__link wp-element-button\" href=\"https:\/\/track.effiliation.com\/servlet\/effi.redir?id_compteur=21809597&amp;url=https%3A%2F%2Fwww.maisonsdumonde.com%2FFR%2Ffr%2Fp%2Fcanape-d-angle-droit-convertible-3-4-places-vert-kaki-barnaby-247962.htm\" target=\"_blank\" rel=\"noreferrer noopener\">Acheter<\/a><\/div>\n<\/div>\n<\/div>\n<\/div>\n\n\n\n<div class=\"wp-block-columns is-layout-flex wp-container-core-columns-layout-4 wp-block-columns-is-layout-flex\">\n<div class=\"wp-block-column is-layout-flow wp-block-column-is-layout-flow\">\n<figure class=\"wp-block-image size-large\"><a href=\"https:\/\/www.cocondedecoration.com\/blog\/wp-content\/uploads\/2025\/11\/canape-vert-moderne-maisons-du-monde.007.jpeg\"><img loading=\"lazy\" decoding=\"async\" width=\"640\" height=\"640\" src=\"https:\/\/www.cocondedecoration.com\/blog\/wp-content\/uploads\/2025\/11\/canape-vert-moderne-maisons-du-monde.007-640x640.jpeg\" alt=\"Canap\u00e9 d'angle convertible style scandinave 3\/4 places en velours vert\" class=\"wp-image-86382\" title=\"Canap\u00e9 d'angle convertible style scandinave 3\/4 places en velours vert\" srcset=\"https:\/\/www.cocondedecoration.com\/blog\/wp-content\/uploads\/2025\/11\/canape-vert-moderne-maisons-du-monde.007-640x640.jpeg 640w, https:\/\/www.cocondedecoration.com\/blog\/wp-content\/uploads\/2025\/11\/canape-vert-moderne-maisons-du-monde.007-260x260.jpeg 260w, https:\/\/www.cocondedecoration.com\/blog\/wp-content\/uploads\/2025\/11\/canape-vert-moderne-maisons-du-monde.007-165x165.jpeg 165w, https:\/\/www.cocondedecoration.com\/blog\/wp-content\/uploads\/2025\/11\/canape-vert-moderne-maisons-du-monde.007-465x465.jpeg 465w, https:\/\/www.cocondedecoration.com\/blog\/wp-content\/uploads\/2025\/11\/canape-vert-moderne-maisons-du-monde.007-500x500.jpeg 500w, https:\/\/www.cocondedecoration.com\/blog\/wp-content\/uploads\/2025\/11\/canape-vert-moderne-maisons-du-monde.007.jpeg 650w\" sizes=\"(max-width: 640px) 100vw, 640px\" \/><\/a><figcaption class=\"wp-element-caption\">Canap\u00e9 d'angle convertible style scandinave 3\/4 places en velours vert - Maisons du Monde<\/figcaption><\/figure>\n\n\n\n<div class=\"wp-block-buttons is-content-justification-center is-layout-flex wp-container-core-buttons-layout-7 wp-block-buttons-is-layout-flex\">\n<div class=\"wp-block-button\"><a class=\"wp-block-button__link wp-element-button\" href=\"https:\/\/track.effiliation.com\/servlet\/effi.redir?id_compteur=21809597&amp;url=https%3A%2F%2Fwww.maisonsdumonde.com%2FFR%2Ffr%2Fp%2Fcanape-d-angle-convertible-style-scandinave-3-4-places-en-velours-vert-brooke-217372.htm\" target=\"_blank\" rel=\"noreferrer noopener\">Acheter<\/a><\/div>\n<\/div>\n<\/div>\n\n\n\n<div class=\"wp-block-column is-layout-flow wp-block-column-is-layout-flow\">\n<figure class=\"wp-block-image size-large\"><a href=\"https:\/\/www.cocondedecoration.com\/blog\/wp-content\/uploads\/2025\/11\/canape-vert-moderne-maisons-du-monde.008.jpeg\"><img loading=\"lazy\" decoding=\"async\" width=\"640\" height=\"640\" src=\"https:\/\/www.cocondedecoration.com\/blog\/wp-content\/uploads\/2025\/11\/canape-vert-moderne-maisons-du-monde.008-640x640.jpeg\" alt=\"Canap\u00e9 3 places bouclettes vert kaki\" class=\"wp-image-86383\" title=\"Canap\u00e9 3 places bouclettes vert kaki\" srcset=\"https:\/\/www.cocondedecoration.com\/blog\/wp-content\/uploads\/2025\/11\/canape-vert-moderne-maisons-du-monde.008-640x640.jpeg 640w, https:\/\/www.cocondedecoration.com\/blog\/wp-content\/uploads\/2025\/11\/canape-vert-moderne-maisons-du-monde.008-260x260.jpeg 260w, https:\/\/www.cocondedecoration.com\/blog\/wp-content\/uploads\/2025\/11\/canape-vert-moderne-maisons-du-monde.008-165x165.jpeg 165w, https:\/\/www.cocondedecoration.com\/blog\/wp-content\/uploads\/2025\/11\/canape-vert-moderne-maisons-du-monde.008-465x465.jpeg 465w, https:\/\/www.cocondedecoration.com\/blog\/wp-content\/uploads\/2025\/11\/canape-vert-moderne-maisons-du-monde.008-500x500.jpeg 500w, https:\/\/www.cocondedecoration.com\/blog\/wp-content\/uploads\/2025\/11\/canape-vert-moderne-maisons-du-monde.008.jpeg 650w\" sizes=\"(max-width: 640px) 100vw, 640px\" \/><\/a><figcaption class=\"wp-element-caption\">Canap\u00e9 3 places bouclettes vert kaki - Maisons du Monde<\/figcaption><\/figure>\n\n\n\n<div class=\"wp-block-buttons is-content-justification-center is-layout-flex wp-container-core-buttons-layout-8 wp-block-buttons-is-layout-flex\">\n<div class=\"wp-block-button\"><a class=\"wp-block-button__link wp-element-button\" href=\"https:\/\/track.effiliation.com\/servlet\/effi.redir?id_compteur=21809597&amp;url=https%3A%2F%2Fwww.maisonsdumonde.com%2FFR%2Ffr%2Fp%2Fcanape-3-places-bouclettes-vert-kaki-romy-247281.htm\" target=\"_blank\" rel=\"noreferrer noopener\">Acheter<\/a><\/div>\n<\/div>\n<\/div>\n<\/div>\n\n\n\n<div class=\"wp-block-columns is-layout-flex wp-container-core-columns-layout-5 wp-block-columns-is-layout-flex\">\n<div class=\"wp-block-column is-layout-flow wp-block-column-is-layout-flow\">\n<figure class=\"wp-block-image size-large\"><a href=\"https:\/\/www.cocondedecoration.com\/blog\/wp-content\/uploads\/2025\/11\/beau-canape-vert-berah-getah.001.jpeg\"><img loading=\"lazy\" decoding=\"async\" width=\"640\" height=\"640\" src=\"https:\/\/www.cocondedecoration.com\/blog\/wp-content\/uploads\/2025\/11\/beau-canape-vert-berah-getah.001-640x640.jpeg\" alt=\"Canap\u00e9 droit 4 places en velours c\u00f4tel\u00e9 kaki\" class=\"wp-image-86384\" title=\"Canap\u00e9 droit 4 places en velours c\u00f4tel\u00e9 kaki\" srcset=\"https:\/\/www.cocondedecoration.com\/blog\/wp-content\/uploads\/2025\/11\/beau-canape-vert-berah-getah.001-640x640.jpeg 640w, https:\/\/www.cocondedecoration.com\/blog\/wp-content\/uploads\/2025\/11\/beau-canape-vert-berah-getah.001-260x260.jpeg 260w, https:\/\/www.cocondedecoration.com\/blog\/wp-content\/uploads\/2025\/11\/beau-canape-vert-berah-getah.001-165x165.jpeg 165w, https:\/\/www.cocondedecoration.com\/blog\/wp-content\/uploads\/2025\/11\/beau-canape-vert-berah-getah.001-465x465.jpeg 465w, https:\/\/www.cocondedecoration.com\/blog\/wp-content\/uploads\/2025\/11\/beau-canape-vert-berah-getah.001-500x500.jpeg 500w, https:\/\/www.cocondedecoration.com\/blog\/wp-content\/uploads\/2025\/11\/beau-canape-vert-berah-getah.001.jpeg 650w\" sizes=\"(max-width: 640px) 100vw, 640px\" \/><\/a><figcaption class=\"wp-element-caption\">Canap\u00e9 droit 4 places en velours c\u00f4tel\u00e9 kaki - Berah Getah<\/figcaption><\/figure>\n\n\n\n<div class=\"wp-block-buttons is-content-justification-center is-layout-flex wp-container-core-buttons-layout-9 wp-block-buttons-is-layout-flex\">\n<div class=\"wp-block-button\"><a class=\"wp-block-button__link wp-element-button\" href=\"https:\/\/track.effiliation.com\/servlet\/effi.redir?id_compteur=23194477&amp;url=https%3A%2F%2Fwww.berahgetah.com%2Fproducts%2Fcanape-4-places-velours-cotele-kaki\" target=\"_blank\" rel=\"noreferrer noopener\">Acheter<\/a><\/div>\n<\/div>\n<\/div>\n\n\n\n<div class=\"wp-block-column is-layout-flow wp-block-column-is-layout-flow\">\n<figure class=\"wp-block-image size-large\"><a href=\"https:\/\/www.cocondedecoration.com\/blog\/wp-content\/uploads\/2025\/11\/beau-canape-vert-berah-getah.002.jpeg\"><img loading=\"lazy\" decoding=\"async\" width=\"640\" height=\"640\" src=\"https:\/\/www.cocondedecoration.com\/blog\/wp-content\/uploads\/2025\/11\/beau-canape-vert-berah-getah.002-640x640.jpeg\" alt=\"Canap\u00e9 droit 3 places en bois massif et tissu bouclette kaki\" class=\"wp-image-86385\" title=\"Canap\u00e9 droit 3 places en bois massif et tissu bouclette kaki\" srcset=\"https:\/\/www.cocondedecoration.com\/blog\/wp-content\/uploads\/2025\/11\/beau-canape-vert-berah-getah.002-640x640.jpeg 640w, https:\/\/www.cocondedecoration.com\/blog\/wp-content\/uploads\/2025\/11\/beau-canape-vert-berah-getah.002-260x260.jpeg 260w, https:\/\/www.cocondedecoration.com\/blog\/wp-content\/uploads\/2025\/11\/beau-canape-vert-berah-getah.002-165x165.jpeg 165w, https:\/\/www.cocondedecoration.com\/blog\/wp-content\/uploads\/2025\/11\/beau-canape-vert-berah-getah.002-465x465.jpeg 465w, https:\/\/www.cocondedecoration.com\/blog\/wp-content\/uploads\/2025\/11\/beau-canape-vert-berah-getah.002-500x500.jpeg 500w, https:\/\/www.cocondedecoration.com\/blog\/wp-content\/uploads\/2025\/11\/beau-canape-vert-berah-getah.002.jpeg 650w\" sizes=\"(max-width: 640px) 100vw, 640px\" \/><\/a><figcaption class=\"wp-element-caption\">Canap\u00e9 droit 3 places en bois massif et tissu bouclette kaki - Berah Getah <\/figcaption><\/figure>\n\n\n\n<div class=\"wp-block-buttons is-content-justification-center is-layout-flex wp-container-core-buttons-layout-10 wp-block-buttons-is-layout-flex\">\n<div class=\"wp-block-button\"><a class=\"wp-block-button__link wp-element-button\" href=\"https:\/\/track.effiliation.com\/servlet\/effi.redir?id_compteur=23194477&amp;url=https%3A%2F%2Fwww.berahgetah.com%2Fproducts%2Fcanape-4-places-bois-massif-et-tissu-bouclette-kaki\" target=\"_blank\" rel=\"noreferrer noopener\">Acheter<\/a><\/div>\n<\/div>\n<\/div>\n\n\n\n<div class=\"wp-block-column is-layout-flow wp-block-column-is-layout-flow\">\n<figure class=\"wp-block-image size-large\"><a href=\"https:\/\/www.cocondedecoration.com\/blog\/wp-content\/uploads\/2025\/11\/beau-canape-vert-berah-getah.003.jpeg\"><img loading=\"lazy\" decoding=\"async\" width=\"640\" height=\"640\" src=\"https:\/\/www.cocondedecoration.com\/blog\/wp-content\/uploads\/2025\/11\/beau-canape-vert-berah-getah.003-640x640.jpeg\" alt=\"Canap\u00e9 droit 3 places en velours textur\u00e9 vert\" class=\"wp-image-86386\" title=\"Canap\u00e9 droit 3 places en velours textur\u00e9 vert\" srcset=\"https:\/\/www.cocondedecoration.com\/blog\/wp-content\/uploads\/2025\/11\/beau-canape-vert-berah-getah.003-640x640.jpeg 640w, https:\/\/www.cocondedecoration.com\/blog\/wp-content\/uploads\/2025\/11\/beau-canape-vert-berah-getah.003-260x260.jpeg 260w, https:\/\/www.cocondedecoration.com\/blog\/wp-content\/uploads\/2025\/11\/beau-canape-vert-berah-getah.003-165x165.jpeg 165w, https:\/\/www.cocondedecoration.com\/blog\/wp-content\/uploads\/2025\/11\/beau-canape-vert-berah-getah.003-465x465.jpeg 465w, https:\/\/www.cocondedecoration.com\/blog\/wp-content\/uploads\/2025\/11\/beau-canape-vert-berah-getah.003-500x500.jpeg 500w, https:\/\/www.cocondedecoration.com\/blog\/wp-content\/uploads\/2025\/11\/beau-canape-vert-berah-getah.003.jpeg 650w\" sizes=\"(max-width: 640px) 100vw, 640px\" \/><\/a><figcaption class=\"wp-element-caption\">Canap\u00e9 droit 3 places en velours textur\u00e9 vert - Berah Getah <\/figcaption><\/figure>\n\n\n\n<div class=\"wp-block-buttons is-content-justification-center is-layout-flex wp-container-core-buttons-layout-11 wp-block-buttons-is-layout-flex\">\n<div class=\"wp-block-button\"><a class=\"wp-block-button__link wp-element-button\" href=\"https:\/\/track.effiliation.com\/servlet\/effi.redir?id_compteur=23194477&amp;url=https%3A%2F%2Fwww.berahgetah.com%2Fproducts%2Fcanape-droit-3-places-velours-vert\" target=\"_blank\" rel=\"noreferrer noopener\">Acheter<\/a><\/div>\n<\/div>\n<\/div>\n<\/div>\n\n\n\n<div class=\"wp-block-columns is-layout-flex wp-container-core-columns-layout-6 wp-block-columns-is-layout-flex\">\n<div class=\"wp-block-column is-layout-flow wp-block-column-is-layout-flow\">\n<figure class=\"wp-block-image size-large\"><a href=\"https:\/\/www.cocondedecoration.com\/blog\/wp-content\/uploads\/2025\/11\/canape-vert-design.001.jpeg\"><img loading=\"lazy\" decoding=\"async\" width=\"640\" height=\"640\" src=\"https:\/\/www.cocondedecoration.com\/blog\/wp-content\/uploads\/2025\/11\/canape-vert-design.001-640x640.jpeg\" alt=\"Canap\u00e9 droit Luna tissu vert \/ L 160 cm\" class=\"wp-image-86387\" title=\"Canap\u00e9 droit Luna tissu vert \/ L 160 cm\" srcset=\"https:\/\/www.cocondedecoration.com\/blog\/wp-content\/uploads\/2025\/11\/canape-vert-design.001-640x640.jpeg 640w, https:\/\/www.cocondedecoration.com\/blog\/wp-content\/uploads\/2025\/11\/canape-vert-design.001-260x260.jpeg 260w, https:\/\/www.cocondedecoration.com\/blog\/wp-content\/uploads\/2025\/11\/canape-vert-design.001-165x165.jpeg 165w, https:\/\/www.cocondedecoration.com\/blog\/wp-content\/uploads\/2025\/11\/canape-vert-design.001-465x465.jpeg 465w, https:\/\/www.cocondedecoration.com\/blog\/wp-content\/uploads\/2025\/11\/canape-vert-design.001-500x500.jpeg 500w, https:\/\/www.cocondedecoration.com\/blog\/wp-content\/uploads\/2025\/11\/canape-vert-design.001.jpeg 650w\" sizes=\"(max-width: 640px) 100vw, 640px\" \/><\/a><figcaption class=\"wp-element-caption\">Canap\u00e9 droit Luna tissu vert \/ L 160 cm - Made in Design <\/figcaption><\/figure>\n\n\n\n<div class=\"wp-block-buttons is-content-justification-center is-layout-flex wp-container-core-buttons-layout-12 wp-block-buttons-is-layout-flex\">\n<div class=\"wp-block-button\"><a class=\"wp-block-button__link wp-element-button\" href=\"https:\/\/glp8.net\/c\/?si=19884&amp;li=1847438&amp;wi=389952&amp;ws=maj%202025%20canape%20vert%20&amp;dl=prod-canape-droit-luna-tissu-vert-l-160-cm-popus-editions-refm116430701.html\" target=\"_blank\" rel=\"noreferrer noopener\">Acheter<\/a><\/div>\n<\/div>\n<\/div>\n\n\n\n<div class=\"wp-block-column is-layout-flow wp-block-column-is-layout-flow\">\n<figure class=\"wp-block-image size-large\"><a href=\"https:\/\/www.cocondedecoration.com\/blog\/wp-content\/uploads\/2025\/11\/canape-vert-design.002.jpeg\"><img loading=\"lazy\" decoding=\"async\" width=\"640\" height=\"640\" src=\"https:\/\/www.cocondedecoration.com\/blog\/wp-content\/uploads\/2025\/11\/canape-vert-design.002-640x640.jpeg\" alt=\"Canap\u00e9 droit Hi Lo - Configuration B \/ 3 places - L 330 cm - Modulable\" class=\"wp-image-86388\" title=\"Canap\u00e9 droit Hi Lo - Configuration B \/ 3 places - L 330 cm - Modulable\" srcset=\"https:\/\/www.cocondedecoration.com\/blog\/wp-content\/uploads\/2025\/11\/canape-vert-design.002-640x640.jpeg 640w, https:\/\/www.cocondedecoration.com\/blog\/wp-content\/uploads\/2025\/11\/canape-vert-design.002-260x260.jpeg 260w, https:\/\/www.cocondedecoration.com\/blog\/wp-content\/uploads\/2025\/11\/canape-vert-design.002-165x165.jpeg 165w, https:\/\/www.cocondedecoration.com\/blog\/wp-content\/uploads\/2025\/11\/canape-vert-design.002-465x465.jpeg 465w, https:\/\/www.cocondedecoration.com\/blog\/wp-content\/uploads\/2025\/11\/canape-vert-design.002-500x500.jpeg 500w, https:\/\/www.cocondedecoration.com\/blog\/wp-content\/uploads\/2025\/11\/canape-vert-design.002.jpeg 650w\" sizes=\"(max-width: 640px) 100vw, 640px\" \/><\/a><figcaption class=\"wp-element-caption\">Canap\u00e9 droit Hi Lo - Configuration B \/ 3 places - L 330 cm - Modulable - Made in Design<\/figcaption><\/figure>\n\n\n\n<div class=\"wp-block-buttons is-content-justification-center is-layout-flex wp-container-core-buttons-layout-13 wp-block-buttons-is-layout-flex\">\n<div class=\"wp-block-button\"><a class=\"wp-block-button__link wp-element-button\" href=\"https:\/\/glp8.net\/c\/?si=19884&amp;li=1847438&amp;wi=389952&amp;ws=maj%202025%20canape%20vert%20&amp;dl=prod-canape-droit-hi-lo-configuration-b-tissu-vert-3-places-l-330-cm-modulable-tradition-refm116679501.html\" target=\"_blank\" rel=\"noreferrer noopener\">Acheter<\/a><\/div>\n<\/div>\n<\/div>\n<\/div>\n\n\n\n<div class=\"wp-block-columns is-layout-flex wp-container-core-columns-layout-7 wp-block-columns-is-layout-flex\">\n<div class=\"wp-block-column is-layout-flow wp-block-column-is-layout-flow\">\n<figure class=\"wp-block-image size-large\"><a href=\"https:\/\/www.cocondedecoration.com\/blog\/wp-content\/uploads\/2025\/11\/canape-vert-design.003.jpeg\"><img loading=\"lazy\" decoding=\"async\" width=\"640\" height=\"640\" src=\"https:\/\/www.cocondedecoration.com\/blog\/wp-content\/uploads\/2025\/11\/canape-vert-design.003-640x640.jpeg\" alt=\"Canap\u00e9 2 places Morgan vert \/ L 165 cm - Velours\" class=\"wp-image-86389\" title=\"Canap\u00e9 2 places Morgan vert \/ L 165 cm - Velours\" srcset=\"https:\/\/www.cocondedecoration.com\/blog\/wp-content\/uploads\/2025\/11\/canape-vert-design.003-640x640.jpeg 640w, https:\/\/www.cocondedecoration.com\/blog\/wp-content\/uploads\/2025\/11\/canape-vert-design.003-260x260.jpeg 260w, https:\/\/www.cocondedecoration.com\/blog\/wp-content\/uploads\/2025\/11\/canape-vert-design.003-165x165.jpeg 165w, https:\/\/www.cocondedecoration.com\/blog\/wp-content\/uploads\/2025\/11\/canape-vert-design.003-465x465.jpeg 465w, https:\/\/www.cocondedecoration.com\/blog\/wp-content\/uploads\/2025\/11\/canape-vert-design.003-500x500.jpeg 500w, https:\/\/www.cocondedecoration.com\/blog\/wp-content\/uploads\/2025\/11\/canape-vert-design.003.jpeg 650w\" sizes=\"(max-width: 640px) 100vw, 640px\" \/><\/a><figcaption class=\"wp-element-caption\">Canap\u00e9 2 places Morgan vert \/ L 165 cm - Velours - Made in Design <\/figcaption><\/figure>\n\n\n\n<div class=\"wp-block-buttons is-content-justification-center is-layout-flex wp-container-core-buttons-layout-14 wp-block-buttons-is-layout-flex\">\n<div class=\"wp-block-button\"><a class=\"wp-block-button__link wp-element-button\" href=\"https:\/\/glp8.net\/c\/?si=19884&amp;li=1847438&amp;wi=389952&amp;ws=maj%202025%20canape%20vert%20&amp;dl=prod-canape-2-places-morgan-tissu-vert-l-165-cm-velours-bloomingville-refm116628501.html\" target=\"_blank\" rel=\"noreferrer noopener\">Acheter<\/a><\/div>\n<\/div>\n<\/div>\n\n\n\n<div class=\"wp-block-column is-layout-flow wp-block-column-is-layout-flow\">\n<figure class=\"wp-block-image size-large\"><a href=\"https:\/\/www.cocondedecoration.com\/blog\/wp-content\/uploads\/2025\/11\/canape-vert-design.004.jpeg\"><img loading=\"lazy\" decoding=\"async\" width=\"640\" height=\"640\" src=\"https:\/\/www.cocondedecoration.com\/blog\/wp-content\/uploads\/2025\/11\/canape-vert-design.004-640x640.jpeg\" alt=\"Canap\u00e9 droit Mags n\u00b01 tissu vert \/ 2,5 places - L 228 cm\" class=\"wp-image-86390\" title=\"Canap\u00e9 droit Mags n\u00b01 tissu vert \/ 2,5 places - L 228 cm\" srcset=\"https:\/\/www.cocondedecoration.com\/blog\/wp-content\/uploads\/2025\/11\/canape-vert-design.004-640x640.jpeg 640w, https:\/\/www.cocondedecoration.com\/blog\/wp-content\/uploads\/2025\/11\/canape-vert-design.004-260x260.jpeg 260w, https:\/\/www.cocondedecoration.com\/blog\/wp-content\/uploads\/2025\/11\/canape-vert-design.004-165x165.jpeg 165w, https:\/\/www.cocondedecoration.com\/blog\/wp-content\/uploads\/2025\/11\/canape-vert-design.004-465x465.jpeg 465w, https:\/\/www.cocondedecoration.com\/blog\/wp-content\/uploads\/2025\/11\/canape-vert-design.004-500x500.jpeg 500w, https:\/\/www.cocondedecoration.com\/blog\/wp-content\/uploads\/2025\/11\/canape-vert-design.004.jpeg 650w\" sizes=\"(max-width: 640px) 100vw, 640px\" \/><\/a><figcaption class=\"wp-element-caption\">Canap\u00e9 droit Mags n\u00b01 tissu vert \/ 2,5 places - L 228 cm - Made in Design<\/figcaption><\/figure>\n\n\n\n<div class=\"wp-block-buttons is-content-justification-center is-layout-flex wp-container-core-buttons-layout-15 wp-block-buttons-is-layout-flex\">\n<div class=\"wp-block-button\"><a class=\"wp-block-button__link wp-element-button\" href=\"https:\/\/glp8.net\/c\/?si=19884&amp;li=1847438&amp;wi=389952&amp;ws=maj%202025%20canape%20vert%20&amp;dl=prod-canape-droit-mags-n-1-tissu-vert-2-5-places-l-228-cm-hay-refm115924001.html\" target=\"_blank\" rel=\"noreferrer noopener\">Acheter<\/a><\/div>\n<\/div>\n<\/div>\n<\/div>\n\n\n\n<div class=\"wp-block-columns is-layout-flex wp-container-core-columns-layout-8 wp-block-columns-is-layout-flex\">\n<div class=\"wp-block-column is-layout-flow wp-block-column-is-layout-flow\">\n<figure class=\"wp-block-image size-large\"><a href=\"https:\/\/www.cocondedecoration.com\/blog\/wp-content\/uploads\/2025\/11\/canape-vert-design.005.jpeg\"><img loading=\"lazy\" decoding=\"async\" width=\"640\" height=\"640\" src=\"https:\/\/www.cocondedecoration.com\/blog\/wp-content\/uploads\/2025\/11\/canape-vert-design.005-640x640.jpeg\" alt=\"Canap\u00e9 droit Austin tissu vert \/ L 228 cm - Velours\" class=\"wp-image-86391\" title=\"Canap\u00e9 droit Austin tissu vert \/ L 228 cm - Velours\" srcset=\"https:\/\/www.cocondedecoration.com\/blog\/wp-content\/uploads\/2025\/11\/canape-vert-design.005-640x640.jpeg 640w, https:\/\/www.cocondedecoration.com\/blog\/wp-content\/uploads\/2025\/11\/canape-vert-design.005-260x260.jpeg 260w, https:\/\/www.cocondedecoration.com\/blog\/wp-content\/uploads\/2025\/11\/canape-vert-design.005-165x165.jpeg 165w, https:\/\/www.cocondedecoration.com\/blog\/wp-content\/uploads\/2025\/11\/canape-vert-design.005-465x465.jpeg 465w, https:\/\/www.cocondedecoration.com\/blog\/wp-content\/uploads\/2025\/11\/canape-vert-design.005-500x500.jpeg 500w, https:\/\/www.cocondedecoration.com\/blog\/wp-content\/uploads\/2025\/11\/canape-vert-design.005.jpeg 650w\" sizes=\"(max-width: 640px) 100vw, 640px\" \/><\/a><figcaption class=\"wp-element-caption\">Canap\u00e9 droit Austin tissu vert \/ L 228 cm - Velours - Made in Design<\/figcaption><\/figure>\n\n\n\n<div class=\"wp-block-buttons is-content-justification-center is-layout-flex wp-container-core-buttons-layout-16 wp-block-buttons-is-layout-flex\">\n<div class=\"wp-block-button\"><a class=\"wp-block-button__link wp-element-button\" href=\"https:\/\/glp8.net\/c\/?si=19884&amp;li=1847438&amp;wi=389952&amp;ws=maj%202025%20canape%20vert%20&amp;dl=prod-canape-droit-austin-tissu-vert-l-228-cm-velours-bloomingville-refm115225301.html\" target=\"_blank\" rel=\"noreferrer noopener\">Acheter<\/a><\/div>\n<\/div>\n<\/div>\n\n\n\n<div class=\"wp-block-column is-layout-flow wp-block-column-is-layout-flow\">\n<figure class=\"wp-block-image size-large\"><a href=\"https:\/\/www.cocondedecoration.com\/blog\/wp-content\/uploads\/2025\/11\/canape-vert-design.006.jpeg\"><img loading=\"lazy\" decoding=\"async\" width=\"640\" height=\"640\" src=\"https:\/\/www.cocondedecoration.com\/blog\/wp-content\/uploads\/2025\/11\/canape-vert-design.006-640x640.jpeg\" alt=\"Canap\u00e9 droit Quilton tissu vert \/ 2 places - L 214 cm - Matelass\u00e9\" class=\"wp-image-86392\" title=\"Canap\u00e9 droit Quilton tissu vert \/ 2 places - L 214 cm - Matelass\u00e9\" srcset=\"https:\/\/www.cocondedecoration.com\/blog\/wp-content\/uploads\/2025\/11\/canape-vert-design.006-640x640.jpeg 640w, https:\/\/www.cocondedecoration.com\/blog\/wp-content\/uploads\/2025\/11\/canape-vert-design.006-260x260.jpeg 260w, https:\/\/www.cocondedecoration.com\/blog\/wp-content\/uploads\/2025\/11\/canape-vert-design.006-165x165.jpeg 165w, https:\/\/www.cocondedecoration.com\/blog\/wp-content\/uploads\/2025\/11\/canape-vert-design.006-465x465.jpeg 465w, https:\/\/www.cocondedecoration.com\/blog\/wp-content\/uploads\/2025\/11\/canape-vert-design.006-500x500.jpeg 500w, https:\/\/www.cocondedecoration.com\/blog\/wp-content\/uploads\/2025\/11\/canape-vert-design.006.jpeg 650w\" sizes=\"(max-width: 640px) 100vw, 640px\" \/><\/a><figcaption class=\"wp-element-caption\">Canap\u00e9 droit Quilton tissu vert \/ 2 places - L 214 cm - Matelass\u00e9 - Made in Design <\/figcaption><\/figure>\n\n\n\n<div class=\"wp-block-buttons is-content-justification-center is-layout-flex wp-container-core-buttons-layout-17 wp-block-buttons-is-layout-flex\">\n<div class=\"wp-block-button\"><a class=\"wp-block-button__link wp-element-button\" href=\"https:\/\/glp8.net\/c\/?si=19884&amp;li=1847438&amp;wi=389952&amp;ws=maj%202025%20canape%20vert%20&amp;dl=prod-canape-droit-quilton-tissu-vert-2-places-l-214-cm-matelasse-hay-refm115186101.html\" target=\"_blank\" rel=\"noreferrer noopener\">Acheter<\/a><\/div>\n<\/div>\n<\/div>\n<\/div>\n\n\n\n<div class=\"wp-block-columns is-layout-flex wp-container-core-columns-layout-9 wp-block-columns-is-layout-flex\">\n<div class=\"wp-block-column is-layout-flow wp-block-column-is-layout-flow\">\n<figure class=\"wp-block-image size-large\"><a href=\"https:\/\/www.cocondedecoration.com\/blog\/wp-content\/uploads\/2025\/11\/canape-la-redoute-vert.001.jpeg\"><img loading=\"lazy\" decoding=\"async\" width=\"640\" height=\"640\" src=\"https:\/\/www.cocondedecoration.com\/blog\/wp-content\/uploads\/2025\/11\/canape-la-redoute-vert.001-640x640.jpeg\" alt=\"Canap\u00e9 d'angle velours vert\" class=\"wp-image-86393\" title=\"Canap\u00e9 d'angle velours vert\" srcset=\"https:\/\/www.cocondedecoration.com\/blog\/wp-content\/uploads\/2025\/11\/canape-la-redoute-vert.001-640x640.jpeg 640w, https:\/\/www.cocondedecoration.com\/blog\/wp-content\/uploads\/2025\/11\/canape-la-redoute-vert.001-260x260.jpeg 260w, https:\/\/www.cocondedecoration.com\/blog\/wp-content\/uploads\/2025\/11\/canape-la-redoute-vert.001-165x165.jpeg 165w, https:\/\/www.cocondedecoration.com\/blog\/wp-content\/uploads\/2025\/11\/canape-la-redoute-vert.001-465x465.jpeg 465w, https:\/\/www.cocondedecoration.com\/blog\/wp-content\/uploads\/2025\/11\/canape-la-redoute-vert.001-500x500.jpeg 500w, https:\/\/www.cocondedecoration.com\/blog\/wp-content\/uploads\/2025\/11\/canape-la-redoute-vert.001.jpeg 650w\" sizes=\"(max-width: 640px) 100vw, 640px\" \/><\/a><figcaption class=\"wp-element-caption\">Canap\u00e9 d'angle velours - La Redoute<\/figcaption><\/figure>\n\n\n\n<div class=\"wp-block-buttons is-content-justification-center is-layout-flex wp-container-core-buttons-layout-18 wp-block-buttons-is-layout-flex\">\n<div class=\"wp-block-button\"><a class=\"wp-block-button__link wp-element-button\" href=\"https:\/\/c3po.link\/Q3YjHWkASX\" target=\"_blank\" rel=\"noreferrer noopener\">Acheter<\/a><\/div>\n<\/div>\n<\/div>\n\n\n\n<div class=\"wp-block-column is-layout-flow wp-block-column-is-layout-flow\">\n<figure class=\"wp-block-image size-large\"><a href=\"https:\/\/www.cocondedecoration.com\/blog\/wp-content\/uploads\/2025\/11\/canape-la-redoute-vert.002.jpeg\"><img loading=\"lazy\" decoding=\"async\" width=\"640\" height=\"640\" src=\"https:\/\/www.cocondedecoration.com\/blog\/wp-content\/uploads\/2025\/11\/canape-la-redoute-vert.002-640x640.jpeg\" alt=\"Canap\u00e9 convertible 4 places en tissu chenille\" class=\"wp-image-86394\" title=\"Canap\u00e9 convertible 4 places en tissu chenille\" srcset=\"https:\/\/www.cocondedecoration.com\/blog\/wp-content\/uploads\/2025\/11\/canape-la-redoute-vert.002-640x640.jpeg 640w, https:\/\/www.cocondedecoration.com\/blog\/wp-content\/uploads\/2025\/11\/canape-la-redoute-vert.002-260x260.jpeg 260w, https:\/\/www.cocondedecoration.com\/blog\/wp-content\/uploads\/2025\/11\/canape-la-redoute-vert.002-165x165.jpeg 165w, https:\/\/www.cocondedecoration.com\/blog\/wp-content\/uploads\/2025\/11\/canape-la-redoute-vert.002-465x465.jpeg 465w, https:\/\/www.cocondedecoration.com\/blog\/wp-content\/uploads\/2025\/11\/canape-la-redoute-vert.002-500x500.jpeg 500w, https:\/\/www.cocondedecoration.com\/blog\/wp-content\/uploads\/2025\/11\/canape-la-redoute-vert.002.jpeg 650w\" sizes=\"(max-width: 640px) 100vw, 640px\" \/><\/a><figcaption class=\"wp-element-caption\">Canap\u00e9 convertible 4 places en tissu chenille - La Redoute<\/figcaption><\/figure>\n\n\n\n<div class=\"wp-block-buttons is-content-justification-center is-layout-flex wp-container-core-buttons-layout-19 wp-block-buttons-is-layout-flex\">\n<div class=\"wp-block-button\"><a class=\"wp-block-button__link wp-element-button\" href=\"https:\/\/c3po.link\/QV5WamgUVm\" target=\"_blank\" rel=\"noreferrer noopener\">Acheter<\/a><\/div>\n<\/div>\n<\/div>\n\n\n\n<div class=\"wp-block-column is-layout-flow wp-block-column-is-layout-flow\">\n<figure class=\"wp-block-image size-large\"><a href=\"https:\/\/www.cocondedecoration.com\/blog\/wp-content\/uploads\/2025\/11\/canape-la-redoute-vert.003.jpeg\"><img loading=\"lazy\" decoding=\"async\" width=\"640\" height=\"640\" src=\"https:\/\/www.cocondedecoration.com\/blog\/wp-content\/uploads\/2025\/11\/canape-la-redoute-vert.003-640x640.jpeg\" alt=\"Canap\u00e9 2 places, velours textur\u00e9\" class=\"wp-image-86395\" title=\"Canap\u00e9 2 places, velours textur\u00e9\" srcset=\"https:\/\/www.cocondedecoration.com\/blog\/wp-content\/uploads\/2025\/11\/canape-la-redoute-vert.003-640x640.jpeg 640w, https:\/\/www.cocondedecoration.com\/blog\/wp-content\/uploads\/2025\/11\/canape-la-redoute-vert.003-260x260.jpeg 260w, https:\/\/www.cocondedecoration.com\/blog\/wp-content\/uploads\/2025\/11\/canape-la-redoute-vert.003-165x165.jpeg 165w, https:\/\/www.cocondedecoration.com\/blog\/wp-content\/uploads\/2025\/11\/canape-la-redoute-vert.003-465x465.jpeg 465w, https:\/\/www.cocondedecoration.com\/blog\/wp-content\/uploads\/2025\/11\/canape-la-redoute-vert.003-500x500.jpeg 500w, https:\/\/www.cocondedecoration.com\/blog\/wp-content\/uploads\/2025\/11\/canape-la-redoute-vert.003.jpeg 650w\" sizes=\"(max-width: 640px) 100vw, 640px\" \/><\/a><figcaption class=\"wp-element-caption\">Canap\u00e9 2 places, velours textur\u00e9 - La Redoute<\/figcaption><\/figure>\n\n\n\n<div class=\"wp-block-buttons is-content-justification-center is-layout-flex wp-container-core-buttons-layout-20 wp-block-buttons-is-layout-flex\">\n<div class=\"wp-block-button\"><a class=\"wp-block-button__link wp-element-button\" href=\"https:\/\/c3po.link\/QMsbNgKH2k\" target=\"_blank\" rel=\"noreferrer noopener\">Acheter<\/a><\/div>\n<\/div>\n<\/div>\n<\/div>\n\n\n\n<h2 class=\"wp-block-heading\">Dans quel type de d\u00e9co int\u00e9grer un canap\u00e9 en velours vert?<\/h2>\n\n\n\n<p>C'est bien joli de savoir o\u00f9 trouver un canap\u00e9 vert, mais c'est mieux de savoir l'int\u00e9grer joliment \u00e0 sa d\u00e9co. Et m\u00eame si ce choix est un parti-pris d\u00e9co singulier, le canap\u00e9 vert s'int\u00e8gre facilement dans une d\u00e9co d\u00e9j\u00e0 existante.<\/p>\n\n\n\n<h3 class=\"wp-block-heading\">Un canap\u00e9 vert dans un salon \u00e0 dominante blanche<\/h3>\n\n\n\n<p>Le blanc, on en a mang\u00e9 \u00e0 toutes les sauces avec les int\u00e9rieurs scandinaves il y a une dizaine d'ann\u00e9es. J'aime toujours autant le blanc aux murs parce qu'il est lumineux et neutre. Le canap\u00e9 en velours \u00e9tant un choix qui sort de l'ordinaire, il va rapidement apporter du caract\u00e8re \u00e0 votre pi\u00e8ce, m\u00eame si elle est essentiellement blanche. Si vous trouvez que votre salon est fadasse, ce type de canap\u00e9 est parfait.<\/p>\n\n\n\n<h3 class=\"wp-block-heading\">Un canap\u00e9 vert dans un salon fonc\u00e9<\/h3>\n\n\n\n<p>Le blanc n'a plus de preuves \u00e0 faire. En revanche, en ce moment, les couleurs fonc\u00e9es ont la c\u00f4te. Et le canap\u00e9 vert peut tr\u00e8s bien trouv\u00e9 sa place dans un salon \u00e0 dominante fonc\u00e9e. On peut penser au ton sur ton, le velours du canap\u00e9 apportera un effet lumineux qui lui permettra de se d\u00e9marquer de la couleur du mur. <\/p>\n\n\n\n<p>On peut aussi penser au gris fonc\u00e9 du type gris anthracite ou penser au noir. C'est un choix audacieux qui ne colle pas \u00e0 tous les int\u00e9rieurs. Les couleurs sombres cr\u00e9ent un d\u00e9cor intimiste mais il faut savoir composer avec la luminosit\u00e9 de la pi\u00e8ce pour r\u00e9ussir sa d\u00e9co. M\u00eame si le velours est un mat\u00e9riaux lumineux, seul il ne fera pas de miracle!<\/p>\n\n\n\n<figure class=\"wp-block-gallery has-nested-images columns-default is-cropped wp-block-gallery-1 is-layout-flex wp-block-gallery-is-layout-flex\">\n<figure class=\"wp-block-image\"><img loading=\"lazy\" decoding=\"async\" width=\"640\" height=\"960\" data-id=\"58717\" src=\"https:\/\/www.cocondedecoration.com\/blog\/wp-content\/uploads\/2023\/03\/decoration-salon-canape-vert-exemple-1-640x960.jpeg\" alt=\"decoration salon canape vert exemple velours chic mur moulure tapis persan table basse en bois vintage\" class=\"wp-image-58717\" srcset=\"https:\/\/www.cocondedecoration.com\/blog\/wp-content\/uploads\/2023\/03\/decoration-salon-canape-vert-exemple-1-640x960.jpeg 640w, https:\/\/www.cocondedecoration.com\/blog\/wp-content\/uploads\/2023\/03\/decoration-salon-canape-vert-exemple-1-260x390.jpeg 260w, https:\/\/www.cocondedecoration.com\/blog\/wp-content\/uploads\/2023\/03\/decoration-salon-canape-vert-exemple-1-768x1152.jpeg 768w, https:\/\/www.cocondedecoration.com\/blog\/wp-content\/uploads\/2023\/03\/decoration-salon-canape-vert-exemple-1-367x550.jpeg 367w, https:\/\/www.cocondedecoration.com\/blog\/wp-content\/uploads\/2023\/03\/decoration-salon-canape-vert-exemple-1-333x500.jpeg 333w, https:\/\/www.cocondedecoration.com\/blog\/wp-content\/uploads\/2023\/03\/decoration-salon-canape-vert-exemple-1.jpeg 1000w\" sizes=\"(max-width: 640px) 100vw, 640px\" \/><figcaption class=\"wp-element-caption\">sohohome.com\n<\/figcaption><\/figure>\n\n\n\n<figure class=\"wp-block-image\"><img loading=\"lazy\" decoding=\"async\" width=\"640\" height=\"960\" data-id=\"58718\" src=\"https:\/\/www.cocondedecoration.com\/blog\/wp-content\/uploads\/2023\/03\/decoration-salon-canape-vert-exemple-2-640x960.jpeg\" alt=\"decoration salon canape vert exemple vert sapin moderne mur blanc ambiance nature\" class=\"wp-image-58718\" srcset=\"https:\/\/www.cocondedecoration.com\/blog\/wp-content\/uploads\/2023\/03\/decoration-salon-canape-vert-exemple-2-640x960.jpeg 640w, https:\/\/www.cocondedecoration.com\/blog\/wp-content\/uploads\/2023\/03\/decoration-salon-canape-vert-exemple-2-260x390.jpeg 260w, https:\/\/www.cocondedecoration.com\/blog\/wp-content\/uploads\/2023\/03\/decoration-salon-canape-vert-exemple-2-768x1152.jpeg 768w, https:\/\/www.cocondedecoration.com\/blog\/wp-content\/uploads\/2023\/03\/decoration-salon-canape-vert-exemple-2-367x550.jpeg 367w, https:\/\/www.cocondedecoration.com\/blog\/wp-content\/uploads\/2023\/03\/decoration-salon-canape-vert-exemple-2-333x500.jpeg 333w, https:\/\/www.cocondedecoration.com\/blog\/wp-content\/uploads\/2023\/03\/decoration-salon-canape-vert-exemple-2.jpeg 1000w\" sizes=\"(max-width: 640px) 100vw, 640px\" \/><figcaption class=\"wp-element-caption\">ashleysolberg.com\n<\/figcaption><\/figure>\n\n\n\n<figure class=\"wp-block-image\"><img loading=\"lazy\" decoding=\"async\" width=\"640\" height=\"960\" data-id=\"58719\" src=\"https:\/\/www.cocondedecoration.com\/blog\/wp-content\/uploads\/2023\/03\/decoration-salon-canape-vert-exemple-3-640x960.jpeg\" alt=\"decoration salon canape vert exemple design tendance \u00e9pur\u00e9 color\u00e9 tableau XXL verri\u00e8re\" class=\"wp-image-58719\" srcset=\"https:\/\/www.cocondedecoration.com\/blog\/wp-content\/uploads\/2023\/03\/decoration-salon-canape-vert-exemple-3-640x960.jpeg 640w, https:\/\/www.cocondedecoration.com\/blog\/wp-content\/uploads\/2023\/03\/decoration-salon-canape-vert-exemple-3-260x390.jpeg 260w, https:\/\/www.cocondedecoration.com\/blog\/wp-content\/uploads\/2023\/03\/decoration-salon-canape-vert-exemple-3-768x1152.jpeg 768w, https:\/\/www.cocondedecoration.com\/blog\/wp-content\/uploads\/2023\/03\/decoration-salon-canape-vert-exemple-3-367x550.jpeg 367w, https:\/\/www.cocondedecoration.com\/blog\/wp-content\/uploads\/2023\/03\/decoration-salon-canape-vert-exemple-3-333x500.jpeg 333w, https:\/\/www.cocondedecoration.com\/blog\/wp-content\/uploads\/2023\/03\/decoration-salon-canape-vert-exemple-3.jpeg 1000w\" sizes=\"(max-width: 640px) 100vw, 640px\" \/><figcaption class=\"wp-element-caption\">Bibby + Brady via Pinterest<\/figcaption><\/figure>\n<\/figure>\n\n\n\n<h2 class=\"wp-block-heading\">Association de couleurs avec un canap\u00e9 vert en velours<\/h2>\n\n\n\n<p>En plus des couleurs principales du salon, le choix d'un canap\u00e9 vert pose aussi le probl\u00e8me des autres couleurs. Ce n'est pas aussi facile qu'un canap\u00e9 gris passe-partout pour lequel on n'a pas n\u00e9cessairement besoin de se poser de questions.<\/p>\n\n\n\n<h3 class=\"wp-block-heading\">Association du vert et du gris - facile et intemporel<\/h3>\n\n\n\n<p><a href=\"https:\/\/www.cocondedecoration.com\/blog\/2025\/04\/deco-interieure-vert-gris\/\" target=\"_blank\" rel=\"noopener\" title=\"\">Le vert et le gris<\/a> sont probablement le choix le plus facile au quotidien. Le gris \u00e9tant une couleur neutre, il apporte une certaine sobri\u00e9t\u00e9 au vert du canap\u00e9. Le gris colle bien aussi avec l'id\u00e9e intemporelle relative au velours du canap\u00e9. C'est une association qui ne passera pas m\u00eame si les modes et les tendances vont et viennent.<\/p>\n\n\n\n<h3 class=\"wp-block-heading\">Association du vert et du rose - original et f\u00e9minin<\/h3>\n\n\n\n<p>Plus originale, il y a l'association du vert et du rose. C'est un m\u00e9lange de couleurs qui me plait beaucoup parce qu'elle est vraiment singuli\u00e8re. On ne s'y attend pas. Cela cr\u00e9e un contraste entre le c\u00f4t\u00e9 classique du velours et l'inattendu de la couleur. Le rose on peut le trouver sous la forme de coussins, de plaids, de tapis. On peut aussi imaginer un deuxi\u00e8me canap\u00e9 rose ou un fauteuil \u00e0 proximit\u00e9 du canap\u00e9 vert en velours.<\/p>\n\n\n\n<p>A lire aussi: <a href=\"https:\/\/www.cocondedecoration.com\/blog\/2023\/04\/associer-vert-et-rose-decoration\/\" target=\"_blank\" rel=\"noopener\" title=\"\">14 id\u00e9es pour associer du vert &amp; du rose dans votre int\u00e9rieur<\/a><\/p>\n\n\n\n<figure class=\"wp-block-gallery has-nested-images columns-default is-cropped wp-block-gallery-2 is-layout-flex wp-block-gallery-is-layout-flex\">\n<figure class=\"wp-block-image\"><img loading=\"lazy\" decoding=\"async\" width=\"640\" height=\"960\" data-id=\"58720\" src=\"https:\/\/www.cocondedecoration.com\/blog\/wp-content\/uploads\/2023\/03\/decoration-salon-canape-vert-exemple-4-640x960.jpeg\" alt=\"decoration salon canape vert exemple mur noir couleur sourde lumi\u00e8re velours chic\" class=\"wp-image-58720\" srcset=\"https:\/\/www.cocondedecoration.com\/blog\/wp-content\/uploads\/2023\/03\/decoration-salon-canape-vert-exemple-4-640x960.jpeg 640w, https:\/\/www.cocondedecoration.com\/blog\/wp-content\/uploads\/2023\/03\/decoration-salon-canape-vert-exemple-4-260x390.jpeg 260w, https:\/\/www.cocondedecoration.com\/blog\/wp-content\/uploads\/2023\/03\/decoration-salon-canape-vert-exemple-4-768x1152.jpeg 768w, https:\/\/www.cocondedecoration.com\/blog\/wp-content\/uploads\/2023\/03\/decoration-salon-canape-vert-exemple-4-367x550.jpeg 367w, https:\/\/www.cocondedecoration.com\/blog\/wp-content\/uploads\/2023\/03\/decoration-salon-canape-vert-exemple-4-333x500.jpeg 333w, https:\/\/www.cocondedecoration.com\/blog\/wp-content\/uploads\/2023\/03\/decoration-salon-canape-vert-exemple-4.jpeg 1000w\" sizes=\"(max-width: 640px) 100vw, 640px\" \/><figcaption class=\"wp-element-caption\">HOUSE OF HACKNEY via Pinterest<\/figcaption><\/figure>\n\n\n\n<figure class=\"wp-block-image\"><img loading=\"lazy\" decoding=\"async\" width=\"640\" height=\"960\" data-id=\"58721\" src=\"https:\/\/www.cocondedecoration.com\/blog\/wp-content\/uploads\/2023\/03\/decoration-salon-canape-vert-exemple-5-640x960.jpeg\" alt=\"decoration salon canape vert exemple mur peinture rose ambiance f\u00e9minine moderne chic\" class=\"wp-image-58721\" srcset=\"https:\/\/www.cocondedecoration.com\/blog\/wp-content\/uploads\/2023\/03\/decoration-salon-canape-vert-exemple-5-640x960.jpeg 640w, https:\/\/www.cocondedecoration.com\/blog\/wp-content\/uploads\/2023\/03\/decoration-salon-canape-vert-exemple-5-260x390.jpeg 260w, https:\/\/www.cocondedecoration.com\/blog\/wp-content\/uploads\/2023\/03\/decoration-salon-canape-vert-exemple-5-768x1152.jpeg 768w, https:\/\/www.cocondedecoration.com\/blog\/wp-content\/uploads\/2023\/03\/decoration-salon-canape-vert-exemple-5-367x550.jpeg 367w, https:\/\/www.cocondedecoration.com\/blog\/wp-content\/uploads\/2023\/03\/decoration-salon-canape-vert-exemple-5-333x500.jpeg 333w, https:\/\/www.cocondedecoration.com\/blog\/wp-content\/uploads\/2023\/03\/decoration-salon-canape-vert-exemple-5.jpeg 1000w\" sizes=\"(max-width: 640px) 100vw, 640px\" \/><figcaption class=\"wp-element-caption\">youtube.com\n<\/figcaption><\/figure>\n\n\n\n<figure class=\"wp-block-image\"><img loading=\"lazy\" decoding=\"async\" width=\"640\" height=\"960\" data-id=\"58722\" src=\"https:\/\/www.cocondedecoration.com\/blog\/wp-content\/uploads\/2023\/03\/decoration-salon-canape-vert-exemple-6-640x960.jpeg\" alt=\"decoration salon canape vert exemple \u00e9l\u00e9gant moderne chic fauteuil en cuir\" class=\"wp-image-58722\" srcset=\"https:\/\/www.cocondedecoration.com\/blog\/wp-content\/uploads\/2023\/03\/decoration-salon-canape-vert-exemple-6-640x960.jpeg 640w, https:\/\/www.cocondedecoration.com\/blog\/wp-content\/uploads\/2023\/03\/decoration-salon-canape-vert-exemple-6-260x390.jpeg 260w, https:\/\/www.cocondedecoration.com\/blog\/wp-content\/uploads\/2023\/03\/decoration-salon-canape-vert-exemple-6-768x1152.jpeg 768w, https:\/\/www.cocondedecoration.com\/blog\/wp-content\/uploads\/2023\/03\/decoration-salon-canape-vert-exemple-6-367x550.jpeg 367w, https:\/\/www.cocondedecoration.com\/blog\/wp-content\/uploads\/2023\/03\/decoration-salon-canape-vert-exemple-6-333x500.jpeg 333w, https:\/\/www.cocondedecoration.com\/blog\/wp-content\/uploads\/2023\/03\/decoration-salon-canape-vert-exemple-6.jpeg 1000w\" sizes=\"(max-width: 640px) 100vw, 640px\" \/><figcaption class=\"wp-element-caption\">avestyles.com\n<\/figcaption><\/figure>\n<\/figure>\n\n\n\n<h2 class=\"wp-block-heading\">Canap\u00e9 vert en velours et mat\u00e9riaux<\/h2>\n\n\n\n<p>Vous savez peut-\u00eatre que j'aime beaucoup le minimalisme. Ce qui me plait avec le minimalisme, c'est que les mat\u00e9riaux ont une place particuli\u00e8re dans la d\u00e9co. M\u00eame si votre salon est loin d'\u00eatre \u00e9pur\u00e9, on peut s'int\u00e9resser de plus pr\u00eat aux mat\u00e9riaux pour d\u00e9corer sachant que votre canap\u00e9 vert sera moins neutre qu'un canap\u00e9 gris.<\/p>\n\n\n\n<h3 class=\"wp-block-heading\">Vert et bois pour un salon nature<\/h3>\n\n\n\n<p>Est-il encore n\u00e9cessaire de pr\u00e9senter l'association de la couleur verte au bois? Tout le monde voit ais\u00e9ment l'effet nature qui en d\u00e9coule. Le bois, \u00e0 proximit\u00e9 du canap\u00e9 en velours, on peut le trouver sur la table basse ou sur le meuble t\u00e9l\u00e9. On peut aussi le trouver dans l'armature des fauteuils. Pour accentuer la douceur de l'ambiance nature dans le salon, on peut aussi ajouter un tapis berb\u00e8re.<\/p>\n\n\n\n<h3 class=\"wp-block-heading\">Vert et or pour un salon raffin\u00e9 et chic<\/h3>\n\n\n\n<p>Dans une autre dynamique d\u00e9co, on peut penser \u00e0 l'association du canap\u00e9 en velours vert avec la couleur or. L'or est tendance actuellement et c'est assez facile \u00e0 mettre en oeuvre puisqu'on utilise g\u00e9n\u00e9ralement cette couleur m\u00e9tallique par petite touche. On peut penser \u00e0 un bout de canap\u00e9 \u00e0 dominance dor\u00e9e. On peut aussi penser au pi\u00e8tement de la table qu'on repeint en dor\u00e9. Le velours + la couleur or vont donner \u00e0 votre salon un c\u00f4t\u00e9 chic et classe, sans tomber dans le vieillot.<\/p>\n\n\n\n<h2 class=\"wp-block-heading\">Plus d'id\u00e9es pour d\u00e9corer le salon avec un canap\u00e9 vert <\/h2>\n\n\n\n<figure class=\"wp-block-gallery has-nested-images columns-default is-cropped wp-block-gallery-3 is-layout-flex wp-block-gallery-is-layout-flex\">\n<figure class=\"wp-block-image\"><img loading=\"lazy\" decoding=\"async\" width=\"640\" height=\"960\" data-id=\"58723\" src=\"https:\/\/www.cocondedecoration.com\/blog\/wp-content\/uploads\/2023\/03\/canape-vert-deco-salon-moderne-1-640x960.jpeg\" alt=\"canape vert deco salon moderne velours sofa mur peinture rose\" class=\"wp-image-58723\" srcset=\"https:\/\/www.cocondedecoration.com\/blog\/wp-content\/uploads\/2023\/03\/canape-vert-deco-salon-moderne-1-640x960.jpeg 640w, https:\/\/www.cocondedecoration.com\/blog\/wp-content\/uploads\/2023\/03\/canape-vert-deco-salon-moderne-1-260x390.jpeg 260w, https:\/\/www.cocondedecoration.com\/blog\/wp-content\/uploads\/2023\/03\/canape-vert-deco-salon-moderne-1-768x1152.jpeg 768w, https:\/\/www.cocondedecoration.com\/blog\/wp-content\/uploads\/2023\/03\/canape-vert-deco-salon-moderne-1-367x550.jpeg 367w, https:\/\/www.cocondedecoration.com\/blog\/wp-content\/uploads\/2023\/03\/canape-vert-deco-salon-moderne-1-333x500.jpeg 333w, https:\/\/www.cocondedecoration.com\/blog\/wp-content\/uploads\/2023\/03\/canape-vert-deco-salon-moderne-1.jpeg 1000w\" sizes=\"(max-width: 640px) 100vw, 640px\" \/><figcaption class=\"wp-element-caption\">melaniejadedesign.com\n<\/figcaption><\/figure>\n\n\n\n<figure class=\"wp-block-image\"><img loading=\"lazy\" decoding=\"async\" width=\"640\" height=\"960\" data-id=\"58724\" src=\"https:\/\/www.cocondedecoration.com\/blog\/wp-content\/uploads\/2023\/03\/canape-vert-deco-salon-moderne-2-640x960.jpeg\" alt=\"canape vert deco salon moderne petit s\u00e9jour famille d\u00e9co mur cadre \u00e9tag\u00e8re\" class=\"wp-image-58724\" srcset=\"https:\/\/www.cocondedecoration.com\/blog\/wp-content\/uploads\/2023\/03\/canape-vert-deco-salon-moderne-2-640x960.jpeg 640w, https:\/\/www.cocondedecoration.com\/blog\/wp-content\/uploads\/2023\/03\/canape-vert-deco-salon-moderne-2-260x390.jpeg 260w, https:\/\/www.cocondedecoration.com\/blog\/wp-content\/uploads\/2023\/03\/canape-vert-deco-salon-moderne-2-768x1152.jpeg 768w, https:\/\/www.cocondedecoration.com\/blog\/wp-content\/uploads\/2023\/03\/canape-vert-deco-salon-moderne-2-367x550.jpeg 367w, https:\/\/www.cocondedecoration.com\/blog\/wp-content\/uploads\/2023\/03\/canape-vert-deco-salon-moderne-2-333x500.jpeg 333w, https:\/\/www.cocondedecoration.com\/blog\/wp-content\/uploads\/2023\/03\/canape-vert-deco-salon-moderne-2.jpeg 1000w\" sizes=\"(max-width: 640px) 100vw, 640px\" \/><figcaption class=\"wp-element-caption\">chloepatra via Pinterest<\/figcaption><\/figure>\n\n\n\n<figure class=\"wp-block-image\"><img loading=\"lazy\" decoding=\"async\" width=\"640\" height=\"960\" data-id=\"58725\" src=\"https:\/\/www.cocondedecoration.com\/blog\/wp-content\/uploads\/2023\/03\/canape-vert-deco-salon-moderne-3-640x960.jpeg\" alt=\"canape vert deco salon moderne vintage chic table basse bois ronde fauteuil cuir\" class=\"wp-image-58725\" srcset=\"https:\/\/www.cocondedecoration.com\/blog\/wp-content\/uploads\/2023\/03\/canape-vert-deco-salon-moderne-3-640x960.jpeg 640w, https:\/\/www.cocondedecoration.com\/blog\/wp-content\/uploads\/2023\/03\/canape-vert-deco-salon-moderne-3-260x390.jpeg 260w, https:\/\/www.cocondedecoration.com\/blog\/wp-content\/uploads\/2023\/03\/canape-vert-deco-salon-moderne-3-768x1152.jpeg 768w, https:\/\/www.cocondedecoration.com\/blog\/wp-content\/uploads\/2023\/03\/canape-vert-deco-salon-moderne-3-367x550.jpeg 367w, https:\/\/www.cocondedecoration.com\/blog\/wp-content\/uploads\/2023\/03\/canape-vert-deco-salon-moderne-3-333x500.jpeg 333w, https:\/\/www.cocondedecoration.com\/blog\/wp-content\/uploads\/2023\/03\/canape-vert-deco-salon-moderne-3.jpeg 1000w\" sizes=\"(max-width: 640px) 100vw, 640px\" \/><figcaption class=\"wp-element-caption\">dreamgreendiy.com\n<\/figcaption><\/figure>\n\n\n\n<figure class=\"wp-block-image\"><img loading=\"lazy\" decoding=\"async\" width=\"640\" height=\"960\" data-id=\"58726\" src=\"https:\/\/www.cocondedecoration.com\/blog\/wp-content\/uploads\/2023\/03\/canape-vert-deco-salon-moderne-4-640x960.jpeg\" alt=\"canape vert deco salon moderne f\u00e9minin chic simple mur blanc console en bois pouf tress\u00e9\" class=\"wp-image-58726\" srcset=\"https:\/\/www.cocondedecoration.com\/blog\/wp-content\/uploads\/2023\/03\/canape-vert-deco-salon-moderne-4-640x960.jpeg 640w, https:\/\/www.cocondedecoration.com\/blog\/wp-content\/uploads\/2023\/03\/canape-vert-deco-salon-moderne-4-260x390.jpeg 260w, https:\/\/www.cocondedecoration.com\/blog\/wp-content\/uploads\/2023\/03\/canape-vert-deco-salon-moderne-4-768x1152.jpeg 768w, https:\/\/www.cocondedecoration.com\/blog\/wp-content\/uploads\/2023\/03\/canape-vert-deco-salon-moderne-4-367x550.jpeg 367w, https:\/\/www.cocondedecoration.com\/blog\/wp-content\/uploads\/2023\/03\/canape-vert-deco-salon-moderne-4-333x500.jpeg 333w, https:\/\/www.cocondedecoration.com\/blog\/wp-content\/uploads\/2023\/03\/canape-vert-deco-salon-moderne-4.jpeg 1000w\" sizes=\"(max-width: 640px) 100vw, 640px\" \/><figcaption class=\"wp-element-caption\">brextoncoleinteriors.com\n<\/figcaption><\/figure>\n\n\n\n<figure class=\"wp-block-image\"><img loading=\"lazy\" decoding=\"async\" width=\"640\" height=\"960\" data-id=\"58727\" src=\"https:\/\/www.cocondedecoration.com\/blog\/wp-content\/uploads\/2023\/03\/canape-vert-deco-salon-moderne-5-640x960.jpeg\" alt=\"canape vert deco salon moderne angle 5 places d\u00e9cor nature chic plante store \u00e0 lamelle bois\" class=\"wp-image-58727\" srcset=\"https:\/\/www.cocondedecoration.com\/blog\/wp-content\/uploads\/2023\/03\/canape-vert-deco-salon-moderne-5-640x960.jpeg 640w, https:\/\/www.cocondedecoration.com\/blog\/wp-content\/uploads\/2023\/03\/canape-vert-deco-salon-moderne-5-260x390.jpeg 260w, https:\/\/www.cocondedecoration.com\/blog\/wp-content\/uploads\/2023\/03\/canape-vert-deco-salon-moderne-5-768x1152.jpeg 768w, https:\/\/www.cocondedecoration.com\/blog\/wp-content\/uploads\/2023\/03\/canape-vert-deco-salon-moderne-5-367x550.jpeg 367w, https:\/\/www.cocondedecoration.com\/blog\/wp-content\/uploads\/2023\/03\/canape-vert-deco-salon-moderne-5-333x500.jpeg 333w, https:\/\/www.cocondedecoration.com\/blog\/wp-content\/uploads\/2023\/03\/canape-vert-deco-salon-moderne-5.jpeg 1000w\" sizes=\"(max-width: 640px) 100vw, 640px\" \/><figcaption class=\"wp-element-caption\">thelitsea.com\n<\/figcaption><\/figure>\n\n\n\n<figure class=\"wp-block-image\"><img loading=\"lazy\" decoding=\"async\" width=\"640\" height=\"960\" data-id=\"58728\" src=\"https:\/\/www.cocondedecoration.com\/blog\/wp-content\/uploads\/2023\/03\/canape-vert-deco-salon-moderne-6-640x960.jpeg\" alt=\"canape vert deco salon moderne ambiance industrielle masculine chic\" class=\"wp-image-58728\" srcset=\"https:\/\/www.cocondedecoration.com\/blog\/wp-content\/uploads\/2023\/03\/canape-vert-deco-salon-moderne-6-640x960.jpeg 640w, https:\/\/www.cocondedecoration.com\/blog\/wp-content\/uploads\/2023\/03\/canape-vert-deco-salon-moderne-6-260x390.jpeg 260w, https:\/\/www.cocondedecoration.com\/blog\/wp-content\/uploads\/2023\/03\/canape-vert-deco-salon-moderne-6-768x1152.jpeg 768w, https:\/\/www.cocondedecoration.com\/blog\/wp-content\/uploads\/2023\/03\/canape-vert-deco-salon-moderne-6-367x550.jpeg 367w, https:\/\/www.cocondedecoration.com\/blog\/wp-content\/uploads\/2023\/03\/canape-vert-deco-salon-moderne-6-333x500.jpeg 333w, https:\/\/www.cocondedecoration.com\/blog\/wp-content\/uploads\/2023\/03\/canape-vert-deco-salon-moderne-6.jpeg 1000w\" sizes=\"(max-width: 640px) 100vw, 640px\" \/><figcaption class=\"wp-element-caption\">youtu.be\n<\/figcaption><\/figure>\n\n\n\n<figure class=\"wp-block-image\"><img loading=\"lazy\" decoding=\"async\" width=\"640\" height=\"960\" data-id=\"58729\" src=\"https:\/\/www.cocondedecoration.com\/blog\/wp-content\/uploads\/2023\/03\/canape-vert-deco-salon-moderne-7-640x960.jpeg\" alt=\"canape vert deco salon moderne ton sur ton vert sauge douceur s\u00e9jour\" class=\"wp-image-58729\" srcset=\"https:\/\/www.cocondedecoration.com\/blog\/wp-content\/uploads\/2023\/03\/canape-vert-deco-salon-moderne-7-640x960.jpeg 640w, https:\/\/www.cocondedecoration.com\/blog\/wp-content\/uploads\/2023\/03\/canape-vert-deco-salon-moderne-7-260x390.jpeg 260w, https:\/\/www.cocondedecoration.com\/blog\/wp-content\/uploads\/2023\/03\/canape-vert-deco-salon-moderne-7-768x1152.jpeg 768w, https:\/\/www.cocondedecoration.com\/blog\/wp-content\/uploads\/2023\/03\/canape-vert-deco-salon-moderne-7-367x550.jpeg 367w, https:\/\/www.cocondedecoration.com\/blog\/wp-content\/uploads\/2023\/03\/canape-vert-deco-salon-moderne-7-333x500.jpeg 333w, https:\/\/www.cocondedecoration.com\/blog\/wp-content\/uploads\/2023\/03\/canape-vert-deco-salon-moderne-7.jpeg 1000w\" sizes=\"(max-width: 640px) 100vw, 640px\" \/><figcaption class=\"wp-element-caption\">housebeautiful.com\n<\/figcaption><\/figure>\n\n\n\n<figure class=\"wp-block-image\"><img loading=\"lazy\" decoding=\"async\" width=\"640\" height=\"960\" data-id=\"58730\" src=\"https:\/\/www.cocondedecoration.com\/blog\/wp-content\/uploads\/2023\/03\/canape-vert-deco-salon-moderne-8-640x960.jpeg\" alt=\"canape vert deco salon moderne association couleur rose nature f\u00e9minin chic\" class=\"wp-image-58730\" srcset=\"https:\/\/www.cocondedecoration.com\/blog\/wp-content\/uploads\/2023\/03\/canape-vert-deco-salon-moderne-8-640x960.jpeg 640w, https:\/\/www.cocondedecoration.com\/blog\/wp-content\/uploads\/2023\/03\/canape-vert-deco-salon-moderne-8-260x390.jpeg 260w, https:\/\/www.cocondedecoration.com\/blog\/wp-content\/uploads\/2023\/03\/canape-vert-deco-salon-moderne-8-768x1152.jpeg 768w, https:\/\/www.cocondedecoration.com\/blog\/wp-content\/uploads\/2023\/03\/canape-vert-deco-salon-moderne-8-367x550.jpeg 367w, https:\/\/www.cocondedecoration.com\/blog\/wp-content\/uploads\/2023\/03\/canape-vert-deco-salon-moderne-8-333x500.jpeg 333w, https:\/\/www.cocondedecoration.com\/blog\/wp-content\/uploads\/2023\/03\/canape-vert-deco-salon-moderne-8.jpeg 1000w\" sizes=\"(max-width: 640px) 100vw, 640px\" \/><figcaption class=\"wp-element-caption\">pinterest.fr<\/figcaption><\/figure>\n\n\n\n<figure class=\"wp-block-image\"><img loading=\"lazy\" decoding=\"async\" width=\"640\" height=\"960\" data-id=\"58731\" src=\"https:\/\/www.cocondedecoration.com\/blog\/wp-content\/uploads\/2023\/03\/canape-vert-deco-salon-moderne-9-640x960.jpeg\" alt=\"canape vert deco salon moderne angle cosy mur blanc papier peint brique plante simple et chic\" class=\"wp-image-58731\" srcset=\"https:\/\/www.cocondedecoration.com\/blog\/wp-content\/uploads\/2023\/03\/canape-vert-deco-salon-moderne-9-640x960.jpeg 640w, https:\/\/www.cocondedecoration.com\/blog\/wp-content\/uploads\/2023\/03\/canape-vert-deco-salon-moderne-9-260x390.jpeg 260w, https:\/\/www.cocondedecoration.com\/blog\/wp-content\/uploads\/2023\/03\/canape-vert-deco-salon-moderne-9-768x1152.jpeg 768w, https:\/\/www.cocondedecoration.com\/blog\/wp-content\/uploads\/2023\/03\/canape-vert-deco-salon-moderne-9-367x550.jpeg 367w, https:\/\/www.cocondedecoration.com\/blog\/wp-content\/uploads\/2023\/03\/canape-vert-deco-salon-moderne-9-333x500.jpeg 333w, https:\/\/www.cocondedecoration.com\/blog\/wp-content\/uploads\/2023\/03\/canape-vert-deco-salon-moderne-9.jpeg 1000w\" sizes=\"(max-width: 640px) 100vw, 640px\" \/><figcaption class=\"wp-element-caption\">Tihana \u0160o\u0161tari\u0107\n<\/figcaption><\/figure>\n\n\n\n<figure class=\"wp-block-image\"><img loading=\"lazy\" decoding=\"async\" width=\"640\" height=\"960\" data-id=\"58732\" src=\"https:\/\/www.cocondedecoration.com\/blog\/wp-content\/uploads\/2023\/03\/canape-vert-deco-salon-moderne-10-640x960.jpeg\" alt=\"canape vert deco salon moderne 3 places en velours mur blanc tapis \u00e9tag\u00e8re\" class=\"wp-image-58732\" srcset=\"https:\/\/www.cocondedecoration.com\/blog\/wp-content\/uploads\/2023\/03\/canape-vert-deco-salon-moderne-10-640x960.jpeg 640w, https:\/\/www.cocondedecoration.com\/blog\/wp-content\/uploads\/2023\/03\/canape-vert-deco-salon-moderne-10-260x390.jpeg 260w, https:\/\/www.cocondedecoration.com\/blog\/wp-content\/uploads\/2023\/03\/canape-vert-deco-salon-moderne-10-768x1152.jpeg 768w, https:\/\/www.cocondedecoration.com\/blog\/wp-content\/uploads\/2023\/03\/canape-vert-deco-salon-moderne-10-367x550.jpeg 367w, https:\/\/www.cocondedecoration.com\/blog\/wp-content\/uploads\/2023\/03\/canape-vert-deco-salon-moderne-10-333x500.jpeg 333w, https:\/\/www.cocondedecoration.com\/blog\/wp-content\/uploads\/2023\/03\/canape-vert-deco-salon-moderne-10.jpeg 1000w\" sizes=\"(max-width: 640px) 100vw, 640px\" \/><figcaption class=\"wp-element-caption\">miriam via Pinterest<\/figcaption><\/figure>\n\n\n\n<figure class=\"wp-block-image\"><img loading=\"lazy\" decoding=\"async\" width=\"640\" height=\"960\" data-id=\"58733\" src=\"https:\/\/www.cocondedecoration.com\/blog\/wp-content\/uploads\/2023\/03\/canape-vert-deco-salon-moderne-11-640x960.jpeg\" alt=\"canape vert deco salon moderne classique chic couleur sombre \u00e9l\u00e9gant meuble chin\u00e9 brocante\" class=\"wp-image-58733\" srcset=\"https:\/\/www.cocondedecoration.com\/blog\/wp-content\/uploads\/2023\/03\/canape-vert-deco-salon-moderne-11-640x960.jpeg 640w, https:\/\/www.cocondedecoration.com\/blog\/wp-content\/uploads\/2023\/03\/canape-vert-deco-salon-moderne-11-260x390.jpeg 260w, https:\/\/www.cocondedecoration.com\/blog\/wp-content\/uploads\/2023\/03\/canape-vert-deco-salon-moderne-11-768x1152.jpeg 768w, https:\/\/www.cocondedecoration.com\/blog\/wp-content\/uploads\/2023\/03\/canape-vert-deco-salon-moderne-11-367x550.jpeg 367w, https:\/\/www.cocondedecoration.com\/blog\/wp-content\/uploads\/2023\/03\/canape-vert-deco-salon-moderne-11-333x500.jpeg 333w, https:\/\/www.cocondedecoration.com\/blog\/wp-content\/uploads\/2023\/03\/canape-vert-deco-salon-moderne-11.jpeg 1000w\" sizes=\"(max-width: 640px) 100vw, 640px\" \/><figcaption class=\"wp-element-caption\">Chelsie Christopher\n<\/figcaption><\/figure>\n\n\n\n<figure class=\"wp-block-image\"><img loading=\"lazy\" decoding=\"async\" width=\"640\" height=\"960\" data-id=\"58734\" src=\"https:\/\/www.cocondedecoration.com\/blog\/wp-content\/uploads\/2023\/03\/canape-vert-deco-salon-moderne-13-640x960.jpeg\" alt=\"canape vert deco salon moderne coussin d\u00e9cor mur cadre tendance intemporel\" class=\"wp-image-58734\" srcset=\"https:\/\/www.cocondedecoration.com\/blog\/wp-content\/uploads\/2023\/03\/canape-vert-deco-salon-moderne-13-640x960.jpeg 640w, https:\/\/www.cocondedecoration.com\/blog\/wp-content\/uploads\/2023\/03\/canape-vert-deco-salon-moderne-13-260x390.jpeg 260w, https:\/\/www.cocondedecoration.com\/blog\/wp-content\/uploads\/2023\/03\/canape-vert-deco-salon-moderne-13-768x1152.jpeg 768w, https:\/\/www.cocondedecoration.com\/blog\/wp-content\/uploads\/2023\/03\/canape-vert-deco-salon-moderne-13-367x550.jpeg 367w, https:\/\/www.cocondedecoration.com\/blog\/wp-content\/uploads\/2023\/03\/canape-vert-deco-salon-moderne-13-333x500.jpeg 333w, https:\/\/www.cocondedecoration.com\/blog\/wp-content\/uploads\/2023\/03\/canape-vert-deco-salon-moderne-13.jpeg 1000w\" sizes=\"(max-width: 640px) 100vw, 640px\" \/><figcaption class=\"wp-element-caption\">melaniejadedesign.com\n<\/figcaption><\/figure>\n<\/figure>\n\n\n\n<hr class=\"wp-block-separator has-css-opacity is-style-wide\"\/>\n\n\n\n<h2 class=\"wp-block-heading\">Guides d\u00e9co: meublez et am\u00e9nagez facilement votre salon <\/h2>\n\n\n\n<div class=\"wp-block-cb-carousel\" data-slick=\"{&quot;slidesToShow&quot;:3,&quot;slidesToScroll&quot;:1,&quot;speed&quot;:300,&quot;arrows&quot;:true,&quot;dots&quot;:false,&quot;autoplay&quot;:false,&quot;autoplaySpeed&quot;:3000,&quot;infinite&quot;:true,&quot;responsive&quot;:[{&quot;breakpoint&quot;:769,&quot;settings&quot;:{&quot;slidesToShow&quot;:1,&quot;slidesToScroll&quot;:1}}]}\">\n<div class=\"wp-block-cb-slide\">\n<figure class=\"wp-block-image size-large\"><a href=\"https:\/\/www.cocondedecoration.com\/blog\/wp-content\/uploads\/2025\/11\/guide-deco-meuble-salon-1.png\"><img loading=\"lazy\" decoding=\"async\" width=\"640\" height=\"960\" src=\"https:\/\/www.cocondedecoration.com\/blog\/wp-content\/uploads\/2025\/11\/guide-deco-meuble-salon-1-640x960.png\" alt=\"guide d\u00e9co meuble salon bien choisir petit meuble TV \" class=\"wp-image-86628\" title=\"guide d\u00e9co meuble salon bien choisir petit meuble TV \" srcset=\"https:\/\/www.cocondedecoration.com\/blog\/wp-content\/uploads\/2025\/11\/guide-deco-meuble-salon-1-640x960.png 640w, https:\/\/www.cocondedecoration.com\/blog\/wp-content\/uploads\/2025\/11\/guide-deco-meuble-salon-1-260x390.png 260w, https:\/\/www.cocondedecoration.com\/blog\/wp-content\/uploads\/2025\/11\/guide-deco-meuble-salon-1-768x1152.png 768w, https:\/\/www.cocondedecoration.com\/blog\/wp-content\/uploads\/2025\/11\/guide-deco-meuble-salon-1-367x550.png 367w, https:\/\/www.cocondedecoration.com\/blog\/wp-content\/uploads\/2025\/11\/guide-deco-meuble-salon-1-333x500.png 333w, https:\/\/www.cocondedecoration.com\/blog\/wp-content\/uploads\/2025\/11\/guide-deco-meuble-salon-1.png 1000w\" sizes=\"(max-width: 640px) 100vw, 640px\" \/><\/a><figcaption class=\"wp-element-caption\">O\u00f9 trouver un petit meuble t\u00e9l\u00e9? > <a href=\"https:\/\/www.cocondedecoration.com\/blog\/2020\/01\/shopping-deco-un-petit-meuble-tele\/\" target=\"_blank\" rel=\"noopener\" title=\"\">Le guide d\u00e9co est dispo ici<\/a><\/figcaption><\/figure>\n<\/div>\n\n\n\n<div class=\"wp-block-cb-slide\">\n<figure class=\"wp-block-image size-large\"><a href=\"https:\/\/www.cocondedecoration.com\/blog\/wp-content\/uploads\/2025\/11\/guide-deco-meuble-salon-2.png\"><img loading=\"lazy\" decoding=\"async\" width=\"640\" height=\"960\" src=\"https:\/\/www.cocondedecoration.com\/blog\/wp-content\/uploads\/2025\/11\/guide-deco-meuble-salon-2-640x960.png\" alt=\"guide d\u00e9co meuble salon bien choisir canap\u00e9 d'angle \" class=\"wp-image-86627\" title=\"guide d\u00e9co meuble salon bien choisir canap\u00e9 d'angle \" srcset=\"https:\/\/www.cocondedecoration.com\/blog\/wp-content\/uploads\/2025\/11\/guide-deco-meuble-salon-2-640x960.png 640w, https:\/\/www.cocondedecoration.com\/blog\/wp-content\/uploads\/2025\/11\/guide-deco-meuble-salon-2-260x390.png 260w, https:\/\/www.cocondedecoration.com\/blog\/wp-content\/uploads\/2025\/11\/guide-deco-meuble-salon-2-768x1152.png 768w, https:\/\/www.cocondedecoration.com\/blog\/wp-content\/uploads\/2025\/11\/guide-deco-meuble-salon-2-367x550.png 367w, https:\/\/www.cocondedecoration.com\/blog\/wp-content\/uploads\/2025\/11\/guide-deco-meuble-salon-2-333x500.png 333w, https:\/\/www.cocondedecoration.com\/blog\/wp-content\/uploads\/2025\/11\/guide-deco-meuble-salon-2.png 1000w\" sizes=\"(max-width: 640px) 100vw, 640px\" \/><\/a><figcaption class=\"wp-element-caption\">Tout savoir sur le canap\u00e9 d'angle > <a href=\"https:\/\/www.cocondedecoration.com\/blog\/2020\/05\/conseils-deco-tout-savoir-sur-le-canape-dangle\/\" target=\"_blank\" rel=\"noopener\" title=\"\">D\u00e9couvrir le guide d\u00e9co<\/a><\/figcaption><\/figure>\n<\/div>\n\n\n\n<div class=\"wp-block-cb-slide\">\n<figure class=\"wp-block-image size-large\"><a href=\"https:\/\/www.cocondedecoration.com\/blog\/wp-content\/uploads\/2025\/11\/guide-deco-meuble-salon-3.png\"><img loading=\"lazy\" decoding=\"async\" width=\"640\" height=\"960\" src=\"https:\/\/www.cocondedecoration.com\/blog\/wp-content\/uploads\/2025\/11\/guide-deco-meuble-salon-3-640x960.png\" alt=\"guide d\u00e9co meuble salon bien choisir table basse\" class=\"wp-image-86626\" title=\"guide d\u00e9co meuble salon bien choisir table basse\" srcset=\"https:\/\/www.cocondedecoration.com\/blog\/wp-content\/uploads\/2025\/11\/guide-deco-meuble-salon-3-640x960.png 640w, https:\/\/www.cocondedecoration.com\/blog\/wp-content\/uploads\/2025\/11\/guide-deco-meuble-salon-3-260x390.png 260w, https:\/\/www.cocondedecoration.com\/blog\/wp-content\/uploads\/2025\/11\/guide-deco-meuble-salon-3-768x1152.png 768w, https:\/\/www.cocondedecoration.com\/blog\/wp-content\/uploads\/2025\/11\/guide-deco-meuble-salon-3-367x550.png 367w, https:\/\/www.cocondedecoration.com\/blog\/wp-content\/uploads\/2025\/11\/guide-deco-meuble-salon-3-333x500.png 333w, https:\/\/www.cocondedecoration.com\/blog\/wp-content\/uploads\/2025\/11\/guide-deco-meuble-salon-3.png 1000w\" sizes=\"(max-width: 640px) 100vw, 640px\" \/><\/a><figcaption class=\"wp-element-caption\">Comment choisir sa nouvelle table basse? > <a href=\"https:\/\/www.cocondedecoration.com\/blog\/2018\/10\/conseils-deco-comment-bien-choisir-sa-table-basse\/\" target=\"_blank\" rel=\"noopener\" title=\"\">En savoir plus ici <\/a><\/figcaption><\/figure>\n<\/div>\n\n\n\n<div class=\"wp-block-cb-slide\">\n<figure class=\"wp-block-image size-large\"><a href=\"https:\/\/www.cocondedecoration.com\/blog\/wp-content\/uploads\/2025\/11\/guide-deco-meuble-salon-4.png\"><img loading=\"lazy\" decoding=\"async\" width=\"640\" height=\"960\" src=\"https:\/\/www.cocondedecoration.com\/blog\/wp-content\/uploads\/2025\/11\/guide-deco-meuble-salon-4-640x960.png\" alt=\"guide d\u00e9co meuble salon bien choisir housse de canap\u00e9 \" class=\"wp-image-86625\" title=\"guide d\u00e9co meuble salon bien choisir housse de canap\u00e9 \" srcset=\"https:\/\/www.cocondedecoration.com\/blog\/wp-content\/uploads\/2025\/11\/guide-deco-meuble-salon-4-640x960.png 640w, https:\/\/www.cocondedecoration.com\/blog\/wp-content\/uploads\/2025\/11\/guide-deco-meuble-salon-4-260x390.png 260w, https:\/\/www.cocondedecoration.com\/blog\/wp-content\/uploads\/2025\/11\/guide-deco-meuble-salon-4-768x1152.png 768w, https:\/\/www.cocondedecoration.com\/blog\/wp-content\/uploads\/2025\/11\/guide-deco-meuble-salon-4-367x550.png 367w, https:\/\/www.cocondedecoration.com\/blog\/wp-content\/uploads\/2025\/11\/guide-deco-meuble-salon-4-333x500.png 333w, https:\/\/www.cocondedecoration.com\/blog\/wp-content\/uploads\/2025\/11\/guide-deco-meuble-salon-4.png 1000w\" sizes=\"(max-width: 640px) 100vw, 640px\" \/><\/a><figcaption class=\"wp-element-caption\">Prot\u00e9ger son canap\u00e9 avec une housse d\u00e9co > <a href=\"https:\/\/www.cocondedecoration.com\/blog\/2025\/07\/housse-de-canape\/\" target=\"_blank\" rel=\"noopener\" title=\"\">Le guide d\u00e9co est ici<\/a><\/figcaption><\/figure>\n<\/div>\n\n\n\n<div class=\"wp-block-cb-slide\">\n<figure class=\"wp-block-image size-large is-resized\"><a href=\"https:\/\/www.cocondedecoration.com\/blog\/wp-content\/uploads\/2025\/11\/guide-deco-meuble-salon-5.png\"><img loading=\"lazy\" decoding=\"async\" width=\"640\" height=\"960\" src=\"https:\/\/www.cocondedecoration.com\/blog\/wp-content\/uploads\/2025\/11\/guide-deco-meuble-salon-5-640x960.png\" alt=\"guide d\u00e9co meuble salon bien choisir canap\u00e9 petit salon \" class=\"wp-image-86624\" style=\"width:257px;height:auto\" title=\"guide d\u00e9co meuble salon bien choisir canap\u00e9 petit salon \" srcset=\"https:\/\/www.cocondedecoration.com\/blog\/wp-content\/uploads\/2025\/11\/guide-deco-meuble-salon-5-640x960.png 640w, https:\/\/www.cocondedecoration.com\/blog\/wp-content\/uploads\/2025\/11\/guide-deco-meuble-salon-5-260x390.png 260w, https:\/\/www.cocondedecoration.com\/blog\/wp-content\/uploads\/2025\/11\/guide-deco-meuble-salon-5-768x1152.png 768w, https:\/\/www.cocondedecoration.com\/blog\/wp-content\/uploads\/2025\/11\/guide-deco-meuble-salon-5-367x550.png 367w, https:\/\/www.cocondedecoration.com\/blog\/wp-content\/uploads\/2025\/11\/guide-deco-meuble-salon-5-333x500.png 333w, https:\/\/www.cocondedecoration.com\/blog\/wp-content\/uploads\/2025\/11\/guide-deco-meuble-salon-5.png 1000w\" sizes=\"(max-width: 640px) 100vw, 640px\" \/><\/a><figcaption class=\"wp-element-caption\">Bien choisir son petit canap\u00e9 > <a href=\"https:\/\/www.cocondedecoration.com\/blog\/2018\/05\/10-canapes-pour-un-petit-salon\/\" target=\"_blank\" rel=\"noopener\" title=\"\">D\u00e9couvrez mes conseils<\/a><\/figcaption><\/figure>\n<\/div>\n\n\n\n<div class=\"wp-block-cb-slide\">\n<figure class=\"wp-block-image size-large\"><a href=\"https:\/\/www.cocondedecoration.com\/blog\/wp-content\/uploads\/2025\/11\/guide-deco-meuble-salon-6.png\"><img loading=\"lazy\" decoding=\"async\" width=\"640\" height=\"960\" src=\"https:\/\/www.cocondedecoration.com\/blog\/wp-content\/uploads\/2025\/11\/guide-deco-meuble-salon-6-640x960.png\" alt=\"guide d\u00e9co meuble salon bien choisir bout de canap\u00e9 table d'appoint \" class=\"wp-image-86623\" title=\"guide d\u00e9co meuble salon bien choisir bout de canap\u00e9 table d'appoint \" srcset=\"https:\/\/www.cocondedecoration.com\/blog\/wp-content\/uploads\/2025\/11\/guide-deco-meuble-salon-6-640x960.png 640w, https:\/\/www.cocondedecoration.com\/blog\/wp-content\/uploads\/2025\/11\/guide-deco-meuble-salon-6-260x390.png 260w, https:\/\/www.cocondedecoration.com\/blog\/wp-content\/uploads\/2025\/11\/guide-deco-meuble-salon-6-768x1152.png 768w, https:\/\/www.cocondedecoration.com\/blog\/wp-content\/uploads\/2025\/11\/guide-deco-meuble-salon-6-367x550.png 367w, https:\/\/www.cocondedecoration.com\/blog\/wp-content\/uploads\/2025\/11\/guide-deco-meuble-salon-6-333x500.png 333w, https:\/\/www.cocondedecoration.com\/blog\/wp-content\/uploads\/2025\/11\/guide-deco-meuble-salon-6.png 1000w\" sizes=\"(max-width: 640px) 100vw, 640px\" \/><\/a><figcaption class=\"wp-element-caption\">Bout de canap\u00e9 > <a href=\"https:\/\/www.cocondedecoration.com\/blog\/2022\/07\/ou-trouver-bout-de-canape-moderne\/\" target=\"_blank\" rel=\"noopener\" title=\"\">S\u00e9lection \u00e0 retrouver ici<\/a><\/figcaption><\/figure>\n<\/div>\n\n\n\n<div class=\"wp-block-cb-slide\">\n<figure class=\"wp-block-image size-large\"><a href=\"https:\/\/www.cocondedecoration.com\/blog\/wp-content\/uploads\/2025\/11\/guide-deco-meuble-salon-7.png\"><img loading=\"lazy\" decoding=\"async\" width=\"640\" height=\"960\" src=\"https:\/\/www.cocondedecoration.com\/blog\/wp-content\/uploads\/2025\/11\/guide-deco-meuble-salon-7-640x960.png\" alt=\"guide d\u00e9co meuble salon bien choisir canap\u00e9 convertible pas cher \" class=\"wp-image-86622\" title=\"guide d\u00e9co meuble salon bien choisir canap\u00e9 convertible pas cher \" srcset=\"https:\/\/www.cocondedecoration.com\/blog\/wp-content\/uploads\/2025\/11\/guide-deco-meuble-salon-7-640x960.png 640w, https:\/\/www.cocondedecoration.com\/blog\/wp-content\/uploads\/2025\/11\/guide-deco-meuble-salon-7-260x390.png 260w, https:\/\/www.cocondedecoration.com\/blog\/wp-content\/uploads\/2025\/11\/guide-deco-meuble-salon-7-768x1152.png 768w, https:\/\/www.cocondedecoration.com\/blog\/wp-content\/uploads\/2025\/11\/guide-deco-meuble-salon-7-367x550.png 367w, https:\/\/www.cocondedecoration.com\/blog\/wp-content\/uploads\/2025\/11\/guide-deco-meuble-salon-7-333x500.png 333w, https:\/\/www.cocondedecoration.com\/blog\/wp-content\/uploads\/2025\/11\/guide-deco-meuble-salon-7.png 1000w\" sizes=\"(max-width: 640px) 100vw, 640px\" \/><\/a><figcaption class=\"wp-element-caption\"><a href=\"https:\/\/www.cocondedecoration.com\/blog\/2021\/01\/ou-trouver-canape-convertible-petit-prix\/\" target=\"_blank\" rel=\"noopener\" title=\"\">O\u00f9 trouver un canap\u00e9 convertible pas cher? <\/a>> En savoir plus<\/figcaption><\/figure>\n<\/div>\n\n\n\n<div class=\"wp-block-cb-slide\">\n<figure class=\"wp-block-image size-large\"><a href=\"https:\/\/www.cocondedecoration.com\/blog\/wp-content\/uploads\/2025\/11\/guide-deco-meuble-salon-8.png\"><img loading=\"lazy\" decoding=\"async\" width=\"640\" height=\"960\" src=\"https:\/\/www.cocondedecoration.com\/blog\/wp-content\/uploads\/2025\/11\/guide-deco-meuble-salon-8-640x960.png\" alt=\"guide d\u00e9co meuble salon bien choisir liseuse derri\u00e8re canap\u00e9 luminaire lampadaire \" class=\"wp-image-86621\" title=\"guide d\u00e9co meuble salon bien choisir liseuse derri\u00e8re canap\u00e9 luminaire lampadaire \" srcset=\"https:\/\/www.cocondedecoration.com\/blog\/wp-content\/uploads\/2025\/11\/guide-deco-meuble-salon-8-640x960.png 640w, https:\/\/www.cocondedecoration.com\/blog\/wp-content\/uploads\/2025\/11\/guide-deco-meuble-salon-8-260x390.png 260w, https:\/\/www.cocondedecoration.com\/blog\/wp-content\/uploads\/2025\/11\/guide-deco-meuble-salon-8-768x1152.png 768w, https:\/\/www.cocondedecoration.com\/blog\/wp-content\/uploads\/2025\/11\/guide-deco-meuble-salon-8-367x550.png 367w, https:\/\/www.cocondedecoration.com\/blog\/wp-content\/uploads\/2025\/11\/guide-deco-meuble-salon-8-333x500.png 333w, https:\/\/www.cocondedecoration.com\/blog\/wp-content\/uploads\/2025\/11\/guide-deco-meuble-salon-8.png 1000w\" sizes=\"(max-width: 640px) 100vw, 640px\" \/><\/a><figcaption class=\"wp-element-caption\">Une liseuse derri\u00e8re le canap\u00e9 > <a href=\"https:\/\/www.cocondedecoration.com\/blog\/2024\/11\/choisir-lampe-lecture-salon\/\" target=\"_blank\" rel=\"noopener\" title=\"\">D\u00e9couvrir le guide<\/a><\/figcaption><\/figure>\n<\/div>\n<\/div>\n\n\n\n<p class=\"has-small-font-size\">Pour plus d'inspirations d\u00e9co au quotidien (pour le salon mais pas que!) rejoignez moi sur <a href=\"https:\/\/pinterest.fr\/cocondedeco\/\" target=\"_blank\" rel=\"noopener\" title=\"\">Pinterest<\/a> et sur <a href=\"https:\/\/www.threads.com\/@cocondedeco\" target=\"_blank\" rel=\"noopener\" title=\"\">Threads<\/a> (: <\/p>\n\n\n<div class=\"wp-block-image\">\n<figure class=\"aligncenter\"><a href=\"https:\/\/www.pinterest.com.au\/pin\/176695985369161162\/\" target=\"_blank\" rel=\"noopener noreferrer\"><img loading=\"lazy\" decoding=\"async\" width=\"732\" height=\"488\" src=\"http:\/\/www.cocondedecoration.com\/blog\/wp-content\/uploads\/2020\/05\/ou-trouver-canape-velours-vert-tendance.jpg\" alt=\"ou trouver canape velours vert tendance\" class=\"wp-image-25701\" srcset=\"https:\/\/www.cocondedecoration.com\/blog\/wp-content\/uploads\/2020\/05\/ou-trouver-canape-velours-vert-tendance.jpg 732w, https:\/\/www.cocondedecoration.com\/blog\/wp-content\/uploads\/2020\/05\/ou-trouver-canape-velours-vert-tendance-260x173.jpg 260w, https:\/\/www.cocondedecoration.com\/blog\/wp-content\/uploads\/2020\/05\/ou-trouver-canape-velours-vert-tendance-640x427.jpg 640w, https:\/\/www.cocondedecoration.com\/blog\/wp-content\/uploads\/2020\/05\/ou-trouver-canape-velours-vert-tendance-465x310.jpg 465w, https:\/\/www.cocondedecoration.com\/blog\/wp-content\/uploads\/2020\/05\/ou-trouver-canape-velours-vert-tendance-695x463.jpg 695w\" sizes=\"(max-width: 732px) 100vw, 732px\" \/><\/a><\/figure><\/div>\n\n\n<p class=\"has-text-align-right has-small-font-size\">Note: Cet article contient des liens affili\u00e9s. Ils ne changent en rien votre utilisation du blog ou des sites partenaires. Ils me permettent d'entretenir r\u00e9guli\u00e8rement le blog.<br>Article mis \u00e0 jours en mars 2023 + ao\u00fbt 2023 + novembre 2025<\/p>\n","protected":false},"excerpt":{"rendered":"<p>Apportez une touche de couelur au coeur du salon avec un canap\u00e9 vert. D\u00e9couvrez comment l&rsquo;int\u00e9grer \u00e0 votre d\u00e9co et o\u00f9 le trouver dans le commerce.<span class=\"more-link\"><a href=\"https:\/\/www.cocondedecoration.com\/blog\/2020\/06\/ou-trouver-un-canape-en-velours-vert\/\">Lire la suite<\/a><\/span><\/p>\n","protected":false},"author":1,"featured_media":25701,"comment_status":"open","ping_status":"open","sticky":false,"template":"","format":"standard","meta":{"om_disable_all_campaigns":false,"_monsterinsights_skip_tracking":false,"_monsterinsights_sitenote_active":false,"_monsterinsights_sitenote_note":"","_monsterinsights_sitenote_category":0,"_uf_show_specific_survey":0,"_uf_disable_surveys":false,"footnotes":""},"categories":[62066,8886],"tags":[7897,2130,7894,7899,7898,10298,7895,7886,7826,7887,7883,7885,7884,43636,43631,43620,7882,43616,7880,43614,7881,43615,43626,43623,43617,43634,43628,43633,43629,7879,7896,32765,43619,10631,10625,29108,7891,43618,43630,22240,22892,12725,3426,43621,43627,43635,7888,7890,7889,43622,6298,7901,5496,43624,7902,43632,7900,43625,7903,7893,7892],"aioseo_notices":[],"_links":{"self":[{"href":"https:\/\/www.cocondedecoration.com\/blog\/wp-json\/wp\/v2\/posts\/25681"}],"collection":[{"href":"https:\/\/www.cocondedecoration.com\/blog\/wp-json\/wp\/v2\/posts"}],"about":[{"href":"https:\/\/www.cocondedecoration.com\/blog\/wp-json\/wp\/v2\/types\/post"}],"author":[{"embeddable":true,"href":"https:\/\/www.cocondedecoration.com\/blog\/wp-json\/wp\/v2\/users\/1"}],"replies":[{"embeddable":true,"href":"https:\/\/www.cocondedecoration.com\/blog\/wp-json\/wp\/v2\/comments?post=25681"}],"version-history":[{"count":2,"href":"https:\/\/www.cocondedecoration.com\/blog\/wp-json\/wp\/v2\/posts\/25681\/revisions"}],"predecessor-version":[{"id":86396,"href":"https:\/\/www.cocondedecoration.com\/blog\/wp-json\/wp\/v2\/posts\/25681\/revisions\/86396"}],"wp:featuredmedia":[{"embeddable":true,"href":"https:\/\/www.cocondedecoration.com\/blog\/wp-json\/wp\/v2\/media\/25701"}],"wp:attachment":[{"href":"https:\/\/www.cocondedecoration.com\/blog\/wp-json\/wp\/v2\/media?parent=25681"}],"wp:term":[{"taxonomy":"category","embeddable":true,"href":"https:\/\/www.cocondedecoration.com\/blog\/wp-json\/wp\/v2\/categories?post=25681"},{"taxonomy":"post_tag","embeddable":true,"href":"https:\/\/www.cocondedecoration.com\/blog\/wp-json\/wp\/v2\/tags?post=25681"}],"curies":[{"name":"wp","href":"https:\/\/api.w.org\/{rel}","templated":true}]}}