{"id":24150,"date":"2020-03-06T05:10:00","date_gmt":"2020-03-06T03:10:00","guid":{"rendered":"http:\/\/www.cocondedecoration.com\/blog\/?p=24150"},"modified":"2020-03-06T05:10:00","modified_gmt":"2020-03-06T03:10:00","slug":"decollectif-interview-de-gaelle-du-blog-a-part-ca","status":"publish","type":"post","link":"https:\/\/www.cocondedecoration.com\/blog\/2020\/03\/decollectif-interview-de-gaelle-du-blog-a-part-ca\/","title":{"rendered":"[DECOllectif] Interview de Ga\u00eblle du blog A part \u00e7a"},"content":{"rendered":"<p style=\"text-align: justify;\">Le mois pass\u00e9 sur le blog j'ai eu le plaisir de partag\u00e9 avec vous la premi\u00e8re th\u00e9matique du DECOllectif. Rapidement, DECOllectif est un collectif de blogueuses d\u00e9co qui se r\u00e9unissent r\u00e9guli\u00e8rement pour parler de d\u00e9coration avec un angle un peu diff\u00e9rent. Nous sommes 5 \u00e0 avoir particip\u00e9 au premier th\u00e8me et nous sommes en train de plancher sur le suivant. En attendant, j'ai eu envie de vous proposer quelque chose d'un peu diff\u00e9rent. J'ai eu envie de vous pr\u00e9senter les blogueuses du DECOllectif par le biais d'interviews. On a toutes une passion commune pour la d\u00e9co mais on a chacune un regard diff\u00e9rent. C'est donc l'occasion de vous faire d\u00e9couvrir un autre univers que le mien, une autre approche de la d\u00e9co.<br \/>\nPour commencer cette s\u00e9rie d'interviews, il me semblait logique de mettre en lumi\u00e8re Ga\u00eblle qui est celle qui nous a propos\u00e9 le projet. On se suit depuis plusieurs ann\u00e9es maintenant gr\u00e2ce \u00e0 nos blogs respectifs et j'aime beaucoup lire son blog: <a href=\"http:\/\/www.apartca-blog.com\/\" target=\"_blank\" rel=\"noopener\">A part \u00e7a<\/a>. Il y a \u00e9videmment de belles inspirations mais pas seulement. J'esp\u00e8re que ces quelques questions \/ r\u00e9ponses vous donneront envie de d\u00e9couvrir son univers et vous permettront de mieux la connaitre.<\/p>\n<p style=\"text-align: justify;\"><!--more--><\/p>\n<p style=\"text-align: justify;\"><a href=\"http:\/\/eepurl.com\/dnxxhP\" target=\"_blank\" rel=\"noopener\"><img loading=\"lazy\" decoding=\"async\" class=\"aligncenter wp-image-22385 size-full\" src=\"http:\/\/www.cocondedecoration.com\/blog\/wp-content\/uploads\/2019\/10\/newsletter-deco-gratuite.png\" alt=\"newsletter deco gratuite\" width=\"728\" height=\"90\" srcset=\"https:\/\/www.cocondedecoration.com\/blog\/wp-content\/uploads\/2019\/10\/newsletter-deco-gratuite.png 728w, https:\/\/www.cocondedecoration.com\/blog\/wp-content\/uploads\/2019\/10\/newsletter-deco-gratuite-260x32.png 260w, https:\/\/www.cocondedecoration.com\/blog\/wp-content\/uploads\/2019\/10\/newsletter-deco-gratuite-640x79.png 640w, https:\/\/www.cocondedecoration.com\/blog\/wp-content\/uploads\/2019\/10\/newsletter-deco-gratuite-720x90.png 720w\" sizes=\"(max-width: 728px) 100vw, 728px\" \/><\/a><\/p>\n<h2 style=\"text-align: justify;\">Peux-tu te pr\u00e9senter en quelques mots?<\/h2>\n<p style=\"text-align: justify;\">J\u2019ai pas trop envie de sortir ni mon \u00e9tat civil, ni mon pedigree, je pense que ce n\u2019est pas le plus important donc je vais me r\u00e9sumer en 3 mots : passionn\u00e9e, engag\u00e9e et heureuse. Passionn\u00e9e parce que je suis incapable de faire les choses \u00e0 moiti\u00e9. Dans tout ce que je fais, je mets toute mon \u00e9nergie, mon coeur et mon \u00e2me. Et je ne parle pas de la passion exub\u00e9rante et bruyante, non je suis dans la passion profonde et pers\u00e9v\u00e9rante, celle qui nous permet d\u2019aller au bout de ce que l\u2019on fait avec la satisfaction d\u2019avoir r\u00e9ussi. Engag\u00e9e parce que je souhaite un monde meilleur, plus juste et plus sain, pour mon fils, pour mes proches et les gens que j\u2019aime et pour moi-m\u00eame. \u00c7a passe par plein de choses qui se r\u00e9sument en 3 points : le respect de soi, le respect des autres et le respect de notre environnement. Concr\u00e8tement, j\u2019essaye au quotidien d\u2019\u00eatre en accord avec ces 3 principes, modestement, \u00e0 ma mesure. Heureuse parce que, m\u00eame si mes journ\u00e9es ne sont pas toutes roses, j\u2019ai globalement une tr\u00e8s belle vie. Je suis en bonne sant\u00e9, mes proches le sont \u00e9galement. J\u2019ai un toit au-dessus de ma t\u00eate et il me plait beaucoup. Je mange tous les jours \u00e0 ma faim et plut\u00f4t bien. J\u2019ai des projets plein la t\u00eate, des envies et des r\u00eaves dans le coeur.<\/p>\n<p><img loading=\"lazy\" decoding=\"async\" class=\"aligncenter wp-image-24161 size-full\" title=\"decollectif blog a part ca gaelle\" src=\"http:\/\/www.cocondedecoration.com\/blog\/wp-content\/uploads\/2020\/03\/decollectif-blog-a-part-ca-gaelle.jpg\" alt=\"decollectif blog a part ca gaelle\" width=\"3024\" height=\"3024\" srcset=\"https:\/\/www.cocondedecoration.com\/blog\/wp-content\/uploads\/2020\/03\/decollectif-blog-a-part-ca-gaelle.jpg 3024w, https:\/\/www.cocondedecoration.com\/blog\/wp-content\/uploads\/2020\/03\/decollectif-blog-a-part-ca-gaelle-165x165.jpg 165w, https:\/\/www.cocondedecoration.com\/blog\/wp-content\/uploads\/2020\/03\/decollectif-blog-a-part-ca-gaelle-260x260.jpg 260w, https:\/\/www.cocondedecoration.com\/blog\/wp-content\/uploads\/2020\/03\/decollectif-blog-a-part-ca-gaelle-768x768.jpg 768w, https:\/\/www.cocondedecoration.com\/blog\/wp-content\/uploads\/2020\/03\/decollectif-blog-a-part-ca-gaelle-640x640.jpg 640w, https:\/\/www.cocondedecoration.com\/blog\/wp-content\/uploads\/2020\/03\/decollectif-blog-a-part-ca-gaelle-465x465.jpg 465w, https:\/\/www.cocondedecoration.com\/blog\/wp-content\/uploads\/2020\/03\/decollectif-blog-a-part-ca-gaelle-500x500.jpg 500w\" sizes=\"(max-width: 3024px) 100vw, 3024px\" \/><\/p>\n<h2 style=\"text-align: justify;\">Comment es-tu tomb\u00e9e dans la d\u00e9co?<\/h2>\n<p style=\"text-align: justify;\">Ado, je voulais \u00eatre soit architecte, soit styliste. J\u2019ai pris une autre orientation professionnelle mais par des chemins d\u00e9tourn\u00e9s, je suis revenue vers quelque chose \u00e0 la crois\u00e9e de ces deux activit\u00e9s : la d\u00e9co. Et puis, je crois que \u00e7a me vient aussi de ma maman. J\u2019ai grandi dans une maison tr\u00e8s agr\u00e9able \u00e0 vivre, dans laquelle il y avait une \u00e2me m\u00eame si c\u2019\u00e9tait une maison moderne.<\/p>\n<h2 style=\"text-align: justify;\">Si tu devais \u00eatre un objet de chez toi, tu serais quoi?<\/h2>\n<p style=\"text-align: justify;\">Mon po\u00eale \u00e0 bois\u2026 (rires) pour ce qu\u2019il repr\u00e9sente : de la chaleur et de la convivialit\u00e9. Pour ce qu\u2019il est : simple, actuel, efficace. Et puis, il a une valeur symbolique pour moi. Je l\u2019ai attendu tr\u00e8s longtemps parce que je ne trouvais pas la solution qui me convenait \u00e0 la fois au niveau technique et esth\u00e9tique. Il est \u00e0 l\u2019origine de transformations dans ma pi\u00e8ce de vie qui l\u2019ont rendue 100 fois plus agr\u00e9able \u00e0 vivre. Et puis, c\u2019est le premier gros projet que j\u2019ai men\u00e9 apr\u00e8s mon divorce dans MA maison\u2026 j\u2019imagine que \u00e7a doit \u00eatre bien loin du mode de pens\u00e9e de la nomade que tu es \ud83d\ude09 Mais voil\u00e0, ma maison est importante pour moi. Elle est mon nid, mon refuge, mon paradis. J\u2019y suis tr\u00e8s attach\u00e9e. Ceci dit, si je devais la quitter pour une raison ou pour une autre, je sais que je pourrais emmener son \u00e2me avec moi et l\u2019installer ailleurs...<\/p>\n<p><img loading=\"lazy\" decoding=\"async\" class=\"aligncenter wp-image-24158 size-full\" title=\"a part ca blog deco\" src=\"http:\/\/www.cocondedecoration.com\/blog\/wp-content\/uploads\/2020\/03\/a-part-ca-blog-deco-e1583216404340.jpg\" alt=\"a part ca blog deco\" width=\"3024\" height=\"4032\" srcset=\"https:\/\/www.cocondedecoration.com\/blog\/wp-content\/uploads\/2020\/03\/a-part-ca-blog-deco-e1583216404340.jpg 3024w, https:\/\/www.cocondedecoration.com\/blog\/wp-content\/uploads\/2020\/03\/a-part-ca-blog-deco-e1583216404340-260x347.jpg 260w, https:\/\/www.cocondedecoration.com\/blog\/wp-content\/uploads\/2020\/03\/a-part-ca-blog-deco-e1583216404340-768x1024.jpg 768w, https:\/\/www.cocondedecoration.com\/blog\/wp-content\/uploads\/2020\/03\/a-part-ca-blog-deco-e1583216404340-640x853.jpg 640w, https:\/\/www.cocondedecoration.com\/blog\/wp-content\/uploads\/2020\/03\/a-part-ca-blog-deco-e1583216404340-413x550.jpg 413w, https:\/\/www.cocondedecoration.com\/blog\/wp-content\/uploads\/2020\/03\/a-part-ca-blog-deco-e1583216404340-375x500.jpg 375w\" sizes=\"(max-width: 3024px) 100vw, 3024px\" \/><\/p>\n<h2 style=\"text-align: justify;\">Quand as-tu commenc\u00e9 \u00e0 \u00e9crire sur le blog A part \u00e7a?<\/h2>\n<p style=\"text-align: justify;\">Oulala, \u00e7a fait tr\u00e8s, tr\u00e8s longtemps\u2026 je ne f\u00eate jamais l\u2019anniversaire du blog parce que finalement il s\u2019est construit en plusieurs \u00e9tapes et il n\u2019a aujourd\u2019hui plus rien \u00e0 voir avec ce qu\u2019il \u00e9tait au d\u00e9part. Du coup, j\u2019ai du mal \u00e0 donner une date pr\u00e9cise.<\/p>\n<pre><span style=\"color: #000000;\">D\u00e9couvrir l'univers de Ga\u00eblle en quelques articles\u00a0<\/span>\r\n\r\n<span style=\"color: #000000;\">\u21d2 <a style=\"color: #000000;\" href=\"http:\/\/www.apartca-blog.com\/2015\/07\/six-bonnes-idees-pour-amenager-un-couloir.html\" target=\"_blank\" rel=\"noopener\">Six bonnes id\u00e9es pour am\u00e9nager un couloir<\/a>\u00a0<\/span>\r\n<span style=\"color: #000000;\">\u21d2 <a style=\"color: #000000;\" href=\"http:\/\/www.apartca-blog.com\/2020\/02\/17-belles-inspirations-pour-sortir-du-cadre.html\" target=\"_blank\" rel=\"noopener\">17 belles inspirations pour sortir du cadre<\/a>\u00a0<\/span>\r\n<span style=\"color: #000000;\">\u21d2 <a style=\"color: #000000;\" href=\"http:\/\/www.apartca-blog.com\/2020\/01\/l-obscur-comme-un-art-de-vivre.html\" target=\"_blank\" rel=\"noopener\">L'obscur comme un art de vivre\u00a0<\/a><\/span>\r\n<span style=\"color: #000000;\">\u21d2 <a style=\"color: #000000;\" href=\"http:\/\/www.apartca-blog.com\/2020\/01\/un-chalet-minimaliste-en-foret.html\" target=\"_blank\" rel=\"noopener\">Un chalet minimaliste en for\u00eat<\/a>\u00a0<\/span>\r\n<span style=\"color: #000000;\">\u21d2 Et sa rubrique <a style=\"color: #000000;\" href=\"http:\/\/www.apartca-blog.com\/tag\/humeur%20deco\/\" target=\"_blank\" rel=\"noopener\">\"Humeur D\u00e9co\"<\/a> qui me plait beaucoup\u00a0<\/span><\/pre>\n<h2 style=\"text-align: justify;\">Ton blog est une mine d'inspiration et de jolis int\u00e9rieurs, mais quel est ton coup de coeur du moment ?<\/h2>\n<p style=\"text-align: justify;\">Depuis quelques mois, j\u2019ai vraiment la t\u00eate dans le guidon et pas deux secondes pour me poser, j\u2019ai tr\u00e8s peu de recul sur ce que je publie sur le blog et sur ce que je vois passer\u2026 j\u2019esp\u00e8re pouvoir retrouver bient\u00f4t un peu plus de temps pour g\u00e9rer le blog autrement\u2026<\/p>\n<p style=\"text-align: justify;\">Bref, pour r\u00e9pondre \u00e0 ta question, apr\u00e8s une petite r\u00e9flexion de 5 minutes, je dirai que mon coup de coeur, en ce moment, c\u2019est notre projet commun DECOllectif. Se retrouver sur des th\u00e9matiques communes entre blogueuses, c\u2019est se sentir un peu moins seules derri\u00e8re nos ordinateurs, c\u2019est nous mettre de petits challenges qui nous sortent de nos quotidiens ronronnants. Et puis, surtout, c\u2019est un formidable \u00e9change entre nous et avec les personnes qui nous lisent. Parce que, chacune \u00e0 notre fa\u00e7on, nous refusons de \u201cconsommer\u201d de la d\u00e9co. Nous la vivons. \u00c7a se passe du c\u00f4t\u00e9 des \u00e9motions et des sentiments, avec l\u2019envie d\u2019aller voir derri\u00e8re ce qui s\u2019y joue et de comprendre\u2026 et puis, c\u2019est un groupe g\u00e9nial avec des supers nanas.<\/p>\n<p><img loading=\"lazy\" decoding=\"async\" class=\"aligncenter wp-image-24159 size-full\" title=\"deco blog a part ca decollectif\" src=\"http:\/\/www.cocondedecoration.com\/blog\/wp-content\/uploads\/2020\/03\/deco-blog-a-part-ca-decollectif.jpg\" alt=\"deco blog a part ca decollectif\" width=\"2950\" height=\"2950\" srcset=\"https:\/\/www.cocondedecoration.com\/blog\/wp-content\/uploads\/2020\/03\/deco-blog-a-part-ca-decollectif.jpg 2950w, https:\/\/www.cocondedecoration.com\/blog\/wp-content\/uploads\/2020\/03\/deco-blog-a-part-ca-decollectif-165x165.jpg 165w, https:\/\/www.cocondedecoration.com\/blog\/wp-content\/uploads\/2020\/03\/deco-blog-a-part-ca-decollectif-260x260.jpg 260w, https:\/\/www.cocondedecoration.com\/blog\/wp-content\/uploads\/2020\/03\/deco-blog-a-part-ca-decollectif-768x768.jpg 768w, https:\/\/www.cocondedecoration.com\/blog\/wp-content\/uploads\/2020\/03\/deco-blog-a-part-ca-decollectif-640x640.jpg 640w, https:\/\/www.cocondedecoration.com\/blog\/wp-content\/uploads\/2020\/03\/deco-blog-a-part-ca-decollectif-465x465.jpg 465w, https:\/\/www.cocondedecoration.com\/blog\/wp-content\/uploads\/2020\/03\/deco-blog-a-part-ca-decollectif-500x500.jpg 500w\" sizes=\"(max-width: 2950px) 100vw, 2950px\" \/><\/p>\n<h2 style=\"text-align: justify;\">Avec les ann\u00e9es, quand on blogue, on fait souvent de belles d\u00e9couvertes, de belles rencontres, etc. Est-ce que tu peux nous confier l'un de tes meilleurs souvenirs en relation avec A part \u00e7a?<\/h2>\n<p style=\"text-align: justify;\">Il y a eu un commentaire qui a \u00e9t\u00e9 un vrai d\u00e9clic pour moi sur ce que je voulais faire de mon blog. C\u2019\u00e9tait sur mon premier billet de la rubrique \u201c<a href=\"http:\/\/www.apartca-blog.com\/tag\/pas%20chez%20moi\/\" target=\"_blank\" rel=\"noopener\">Ce que je ne ferai pas chez moi<\/a>\u201d. Je pr\u00e9sentais une ambiance dans laquelle il y avait une commode verte gazon, une petite banquette rose bonbon et plein de coussins bleus. Je disais que l\u2019ambiance \u00e9tait plut\u00f4t sympa mais que jamais je n\u2019oserai faire ce m\u00e9lange de couleurs chez moi. Et parmi les commentaires, il y a eu celui-ci : \u201cEt l\u00e0 je viens de r\u00e9aliser que depuis des ann\u00e9es j'ai un canap\u00e9 rose, un petit coussin bleu ciel et un meuble kaki \ud83d\ude42 ...et je ne m'en lasse m\u00eame pas. Mais maintenant je comprends que mon appart surprenne de temps en temps.\u201d Justine se sentait suffisamment bien, \u00e0 la fois dans sa d\u00e9co et sur mon blog, pour venir dire que c\u2019\u00e9tait ce qu\u2019elle avait chez elle et qu\u2019elle \u00e9tait tr\u00e8s heureuse. Voil\u00e0, c\u2019est exactement ce dont j\u2019ai envie avec A part \u00e7a\u2026 que les personnes se sentent bien chez moi et bien chez elles.<\/p>\n<p style=\"text-align: justify;\">Mais cette anecdote n\u2019est pas l\u2019arbre qui cache toute la for\u00eat !!! Il y a toutes les rencontres avec d\u2019autres blogueuses et avec les personnes qui me suivent, r\u00e9agissent et commentent, que ce soit r\u00e9guli\u00e8rement ou juste une fois un commentaire qui va me toucher. Parmi les plus fid\u00e8les, il y a Pascale, Marine, Christelle, Marie, Annie, Brigitte, Carole, Mary Line\u2026 j\u2019ai m\u00eame eu le plaisir de rencontrer deux d\u2019entre elles dans la vraie vie et \u00e7a c\u2019est super. J\u2019ai beaucoup de gratitude pour ces \u00e9changes. Ce sont eux qui me nourrissent, me motivent et me guident dans mes choix de blogueuses. Merci.<\/p>\n<p><img loading=\"lazy\" decoding=\"async\" class=\"aligncenter wp-image-24160 size-full\" title=\"deco idee blog a part ca decollectif\" src=\"http:\/\/www.cocondedecoration.com\/blog\/wp-content\/uploads\/2020\/03\/deco-idee-blog-a-part-ca-decollectif.jpg\" alt=\"deco idee blog a part ca decollectif\" width=\"3018\" height=\"3018\" srcset=\"https:\/\/www.cocondedecoration.com\/blog\/wp-content\/uploads\/2020\/03\/deco-idee-blog-a-part-ca-decollectif.jpg 3018w, https:\/\/www.cocondedecoration.com\/blog\/wp-content\/uploads\/2020\/03\/deco-idee-blog-a-part-ca-decollectif-165x165.jpg 165w, https:\/\/www.cocondedecoration.com\/blog\/wp-content\/uploads\/2020\/03\/deco-idee-blog-a-part-ca-decollectif-260x260.jpg 260w, https:\/\/www.cocondedecoration.com\/blog\/wp-content\/uploads\/2020\/03\/deco-idee-blog-a-part-ca-decollectif-768x768.jpg 768w, https:\/\/www.cocondedecoration.com\/blog\/wp-content\/uploads\/2020\/03\/deco-idee-blog-a-part-ca-decollectif-640x640.jpg 640w, https:\/\/www.cocondedecoration.com\/blog\/wp-content\/uploads\/2020\/03\/deco-idee-blog-a-part-ca-decollectif-465x465.jpg 465w, https:\/\/www.cocondedecoration.com\/blog\/wp-content\/uploads\/2020\/03\/deco-idee-blog-a-part-ca-decollectif-500x500.jpg 500w\" sizes=\"(max-width: 3018px) 100vw, 3018px\" \/><\/p>\n<h2 style=\"text-align: justify;\">C'est gr\u00e2ce \u00e0 toi que nous avons cr\u00e9\u00e9 DECOllectif, peux-tu nous en dire un peu plus sur ce qui t'a motiv\u00e9 \u00e0 mettre en oeuvre une telle action?<\/h2>\n<p style=\"text-align: justify;\">J\u2019avais d\u00e9j\u00e0 fait partie d\u2019un collectif de blogueuses d\u00e9co il y a quelques ann\u00e9es. Le challenge d\u2019un sujet que je ne choisis pas, la dynamique du groupe, la richesse des \u00e9changes\u2026 tout \u00e7a me manquait depuis un petit moment d\u00e9j\u00e0. M\u00eame s\u2019il y a les \u00e9changes au quotidien dont je viens de parler, on est toujours tr\u00e8s seules derri\u00e8re nos claviers. DECOllectif, ce sont ces rendez-vous sur un th\u00e8me commun, mais c\u2019est aussi, en off, un moyen de nous soutenir et de nous motiver.<\/p>\n<pre><span style=\"color: #000000;\">\"C'est quoi une d\u00e9co moche?\" - Premi\u00e8re th\u00e9matique du DECOllectif\u00a0\r\n\r\nLa premi\u00e8re th\u00e9matique sur laquelle nous nous sommes pench\u00e9es \u00e9tait un peu d\u00e9cal\u00e9e mais il \u00e9tait int\u00e9ressant de se pencher sur l'id\u00e9e de ce que l'on trouve beau et ce que l'on aime moins. On a tendance \u00e0 ne parler que de beau et de ce qui nous plait habituellement sur nos blogs. Et le r\u00e9sultat est vraiment sympa.\u00a0\r\nSi le coeur vous en dit, n'h\u00e9sitez pas \u00e0 d\u00e9couvrir tous les articles d\u00e9di\u00e9s \u00e0 cette th\u00e9matique:\u00a0\r\n\u21d2 <a style=\"color: #000000;\" href=\"http:\/\/www.apartca-blog.com\/2020\/02\/c-est-quoi-une-deco-moche.html\" target=\"_blank\" rel=\"noopener\">\"C'est quoi une d\u00e9co moche?\"<\/a> par Ga\u00eblle du blog A part \u00e7a\u00a0\r\n\u21d2 <a style=\"color: #000000;\" href=\"https:\/\/www.decoatouslesetages.fr\/2020\/02\/07\/cest-quoi-une-deco-moche\/\" target=\"_blank\" rel=\"noopener\">\"C'est quoi une d\u00e9co moche?\"<\/a> selon Laure du blog A tous les \u00e9tages\r\n\u21d2 <a style=\"color: #000000;\" href=\"https:\/\/www.turbulences-deco.fr\/quest-ce-quune-deco-moche\/2020\/02\/?fbclid=IwAR2kXARmbpFFIqdmYv6ngp21jtBip6M3I-ZBxVcjYQxUf6I9TOAYUBEJS9M\" target=\"_blank\" rel=\"noopener\">\"Qu'est-ce qu'une d\u00e9co moche?\"<\/a> par Cl\u00e9mence du blog Turbulences d\u00e9co\r\n\u21d2 <a style=\"color: #000000;\" href=\"http:\/\/berenicebig.blogspot.com\/2020\/02\/cest-quoi-une-deco-moche-decollectif-1.html\" target=\"_blank\" rel=\"noopener\">\"C'est quoi une d\u00e9co moche?\"<\/a> pour V\u00e9ronique du blog B\u00e9r\u00e9nice Big\r\n\u21d2 <a style=\"color: #000000;\" href=\"http:\/\/www.cocondedecoration.com\/blog\/2020\/02\/decollectif-cest-quoi-une-deco-moche\/\" target=\"_blank\" rel=\"noopener\">\"C'est quoi une d\u00e9co moche?\u201d<\/a> ici sur le blog<\/span><\/pre>\n<pre><\/pre>\n<h2 style=\"text-align: justify;\">A quoi les lecteurs doivent s'attendre dans les mois \u00e0 venir avec le DECOllectif ?<\/h2>\n<p style=\"text-align: justify;\">Prendre du plaisir \u00e0 nous lire\u2026 notre motivation avec DECOllectif, c\u2019est de se faire plaisir \u00e0 blogguer ensemble avec des sujets qui bousculent gentiment, des articles qui secouent le cocotier des id\u00e9es toutes faites, des blogueuses qui activent leurs neurones d\u00e9co sans se prendre trop au s\u00e9rieux\u2026 et toujours un contenu hyper qualitatif.<\/p>\n<p><img loading=\"lazy\" decoding=\"async\" class=\"aligncenter wp-image-24162 size-full\" title=\"decollectif blog a part ca\" src=\"http:\/\/www.cocondedecoration.com\/blog\/wp-content\/uploads\/2020\/03\/decollectif-blog-a-part-ca.jpg\" alt=\"decollectif blog a part ca\" width=\"2947\" height=\"2947\" srcset=\"https:\/\/www.cocondedecoration.com\/blog\/wp-content\/uploads\/2020\/03\/decollectif-blog-a-part-ca.jpg 2947w, https:\/\/www.cocondedecoration.com\/blog\/wp-content\/uploads\/2020\/03\/decollectif-blog-a-part-ca-165x165.jpg 165w, https:\/\/www.cocondedecoration.com\/blog\/wp-content\/uploads\/2020\/03\/decollectif-blog-a-part-ca-260x260.jpg 260w, https:\/\/www.cocondedecoration.com\/blog\/wp-content\/uploads\/2020\/03\/decollectif-blog-a-part-ca-768x768.jpg 768w, https:\/\/www.cocondedecoration.com\/blog\/wp-content\/uploads\/2020\/03\/decollectif-blog-a-part-ca-640x640.jpg 640w, https:\/\/www.cocondedecoration.com\/blog\/wp-content\/uploads\/2020\/03\/decollectif-blog-a-part-ca-465x465.jpg 465w, https:\/\/www.cocondedecoration.com\/blog\/wp-content\/uploads\/2020\/03\/decollectif-blog-a-part-ca-500x500.jpg 500w\" sizes=\"(max-width: 2947px) 100vw, 2947px\" \/><\/p>\n<h2 style=\"text-align: justify;\">Est-ce qu'il y a quelques choses que tu aimerais ajouter? (C'est le moment de te faire de la pub, de parler de ce qui te chante, de d\u00e9velopper un point que je n'ai pas \u00e9voqu\u00e9...)<\/h2>\n<p style=\"text-align: justify;\">Je crois que c\u2019est le bon moment pour compl\u00e9ter ma r\u00e9ponse \u00e0 ta premi\u00e8re question et faire mon coming out (oui, oui, pour moi c\u2019en est un !!)... Jusqu\u2019\u00e0 pr\u00e9sent, j\u2019avais une double activit\u00e9, salari\u00e9e d\u2019un c\u00f4t\u00e9 et freelance en r\u00e9daction web et plus g\u00e9n\u00e9ralement en com de l\u2019autre c\u00f4t\u00e9\u2026 eh bien, voil\u00e0 je viens de quitter mon job pour me mettre \u00e0 100% en ind\u00e9pendante\u2026 autant vous le dire, je flippe un peu !!! Mais je kiffe aussi ce changement qui est en train de se mettre en place, les diff\u00e9rents projets sur lesquels je commence \u00e0 bosser et tout le champ des possibles qui s\u2019ouvre \u00e0 moi. Je suis \u00e9videmment sp\u00e9cialis\u00e9e sur tout ce qui touche l\u2019univers de la maison mais pas que\u2026 Donc, si vous cherchez une super communicante qui prendra soin de votre projet, qui est hyper cr\u00e9ative et d\u00e9borde de bonnes id\u00e9es (quelques mauvaises aussi mais on fait toujours le tri ensemble) et qui adore d\u00e9broussailler des territoires complexes\u2026 pensez \u00e0 moi. (Vous pouvez <a href=\"https:\/\/www.linkedin.com\/in\/ga%C3%ABlle-tanguy-8b9a4a61\/\" target=\"_blank\" rel=\"noopener\">joindre Ga\u00eblle via Linkedin<\/a> si vous souhaitez travailler avec elle)<\/p>\n<p><img loading=\"lazy\" decoding=\"async\" class=\"aligncenter wp-image-24163 size-full\" title=\"inspiration deco blog a part ca gaelle\" src=\"http:\/\/www.cocondedecoration.com\/blog\/wp-content\/uploads\/2020\/03\/inspiration-deco-blog-a-part-ca-gaelle.jpg\" alt=\"inspiration deco blog a part ca gaelle\" width=\"2752\" height=\"3670\" srcset=\"https:\/\/www.cocondedecoration.com\/blog\/wp-content\/uploads\/2020\/03\/inspiration-deco-blog-a-part-ca-gaelle.jpg 2752w, https:\/\/www.cocondedecoration.com\/blog\/wp-content\/uploads\/2020\/03\/inspiration-deco-blog-a-part-ca-gaelle-260x347.jpg 260w, https:\/\/www.cocondedecoration.com\/blog\/wp-content\/uploads\/2020\/03\/inspiration-deco-blog-a-part-ca-gaelle-768x1024.jpg 768w, https:\/\/www.cocondedecoration.com\/blog\/wp-content\/uploads\/2020\/03\/inspiration-deco-blog-a-part-ca-gaelle-640x853.jpg 640w, https:\/\/www.cocondedecoration.com\/blog\/wp-content\/uploads\/2020\/03\/inspiration-deco-blog-a-part-ca-gaelle-412x550.jpg 412w, https:\/\/www.cocondedecoration.com\/blog\/wp-content\/uploads\/2020\/03\/inspiration-deco-blog-a-part-ca-gaelle-375x500.jpg 375w\" sizes=\"(max-width: 2752px) 100vw, 2752px\" \/><\/p>\n<p style=\"text-align: justify;\">Voil\u00e0, j'esp\u00e8re que ces quelques mots de Ga\u00eblle vous auront donn\u00e9 envie de d\u00e9couvrir son univers et son blog. J'esp\u00e8re aussi que vous avez appr\u00e9ci\u00e9 ce format d'interview, d'autres sont pr\u00e9vues au programme dans les mois \u00e0 venir. Je profite de cette courte conclusion pour remercier une nouvelle fois Ga\u00eblle de s'\u00eatre pr\u00eat\u00e9e au jeu.<\/p>\n<p><span style=\"text-decoration: underline;\">Vous pouvez retrouver Ga\u00eblle sur son blog et les r\u00e9seaux sociaux:\u00a0<\/span><br \/>\nLe blog <a href=\"http:\/\/www.apartca-blog.com\/\" target=\"_blank\" rel=\"noopener\">A part \u00e7a\u00a0<\/a><br \/>\nA part \u00e7a sur <a href=\"https:\/\/www.facebook.com\/Apartcablog?ref=hl\" target=\"_blank\" rel=\"noopener\">Facebook\u00a0<\/a><br \/>\nA part \u00e7a sur <a href=\"https:\/\/www.instagram.com\/apartcablog\/\" target=\"_blank\" rel=\"noopener\">Instragram\u00a0<\/a><br \/>\nEt n'oublions pas <a href=\"https:\/\/twitter.com\/APARTCAblog\" target=\"_blank\" rel=\"noopener\">Twitter<\/a> et <a href=\"https:\/\/www.pinterest.fr\/missgaelle\/\" target=\"_blank\" rel=\"noopener\">Pinterest<\/a><\/p>\n<p><img loading=\"lazy\" decoding=\"async\" class=\"aligncenter wp-image-24164 size-full\" title=\"univers deco blog a part ca decollectif\" src=\"http:\/\/www.cocondedecoration.com\/blog\/wp-content\/uploads\/2020\/03\/univers-deco-blog-a-part-ca-decollectif-e1583216574992.jpg\" alt=\"univers deco blog a part ca decollectif\" width=\"3024\" height=\"4032\" srcset=\"https:\/\/www.cocondedecoration.com\/blog\/wp-content\/uploads\/2020\/03\/univers-deco-blog-a-part-ca-decollectif-e1583216574992.jpg 3024w, https:\/\/www.cocondedecoration.com\/blog\/wp-content\/uploads\/2020\/03\/univers-deco-blog-a-part-ca-decollectif-e1583216574992-260x347.jpg 260w, https:\/\/www.cocondedecoration.com\/blog\/wp-content\/uploads\/2020\/03\/univers-deco-blog-a-part-ca-decollectif-e1583216574992-768x1024.jpg 768w, https:\/\/www.cocondedecoration.com\/blog\/wp-content\/uploads\/2020\/03\/univers-deco-blog-a-part-ca-decollectif-e1583216574992-640x853.jpg 640w, https:\/\/www.cocondedecoration.com\/blog\/wp-content\/uploads\/2020\/03\/univers-deco-blog-a-part-ca-decollectif-e1583216574992-413x550.jpg 413w, https:\/\/www.cocondedecoration.com\/blog\/wp-content\/uploads\/2020\/03\/univers-deco-blog-a-part-ca-decollectif-e1583216574992-375x500.jpg 375w\" sizes=\"(max-width: 3024px) 100vw, 3024px\" \/><\/p>\n<hr \/>\n<h3>Vous cherchez des id\u00e9es d\u00e9co pour votre int\u00e9rieur?<\/h3>\n<ul>\n<li style=\"text-align: justify;\"><a href=\"http:\/\/eepurl.com\/dnxxhP\" target=\"_blank\" rel=\"noopener\">[Newsletter d\u00e9co] Inscrivez-vous ici pour recevoir gratuitement des id\u00e9es et conseils d\u00e9co dans votre boite mail\u00a0<\/a><\/li>\n<li><a href=\"http:\/\/www.cocondedecoration.com\/blog\/2020\/03\/idee-deco-une-ambiance-feminine-et-elegante-dans-la-salle-de-bain\/\" target=\"_blank\" rel=\"noopener\"><span style=\"text-decoration: underline;\">[Id\u00e9e d\u00e9co] Une ambiance f\u00e9minine et \u00e9l\u00e9gante dans la salle de bain<\/span><\/a><\/li>\n<li><a href=\"http:\/\/www.cocondedecoration.com\/blog\/2020\/02\/idee-deco-mettez-des-fleurs-dans-votre-interieur\/\" target=\"_blank\" rel=\"noopener\"><span style=\"text-decoration: underline;\">[Id\u00e9e d\u00e9co] Mettez des fleurs dans votre int\u00e9rieur\u00a0<\/span><\/a><\/li>\n<li><a href=\"http:\/\/www.cocondedecoration.com\/blog\/2020\/02\/idee-deco-creer-une-ambiance-bord-de-mer-dans-la-salle-a-manger\/\" target=\"_blank\" rel=\"noopener\"><span style=\"text-decoration: underline;\">[Id\u00e9e d\u00e9co] Une ambiance bord de mer dans la salle \u00e0 manger\u00a0<\/span><\/a><\/li>\n<li><a href=\"http:\/\/www.cocondedecoration.com\/blog\/2020\/02\/couleur-une-teinte-sombre-dans-le-salon\/\" target=\"_blank\" rel=\"noopener\">[Couleur] Une teinte sombre dans le salon<\/a><\/li>\n<\/ul>\n<p><img loading=\"lazy\" decoding=\"async\" class=\"aligncenter wp-image-24219 size-full\" title=\"a part ca blog deco decollectif\" src=\"http:\/\/www.cocondedecoration.com\/blog\/wp-content\/uploads\/2020\/03\/a-part-ca-blog-deco-decollectif.jpeg\" alt=\"a part ca blog deco decollectif\" width=\"732\" height=\"488\" srcset=\"https:\/\/www.cocondedecoration.com\/blog\/wp-content\/uploads\/2020\/03\/a-part-ca-blog-deco-decollectif.jpeg 732w, https:\/\/www.cocondedecoration.com\/blog\/wp-content\/uploads\/2020\/03\/a-part-ca-blog-deco-decollectif-260x173.jpeg 260w, https:\/\/www.cocondedecoration.com\/blog\/wp-content\/uploads\/2020\/03\/a-part-ca-blog-deco-decollectif-640x427.jpeg 640w, https:\/\/www.cocondedecoration.com\/blog\/wp-content\/uploads\/2020\/03\/a-part-ca-blog-deco-decollectif-465x310.jpeg 465w, https:\/\/www.cocondedecoration.com\/blog\/wp-content\/uploads\/2020\/03\/a-part-ca-blog-deco-decollectif-695x463.jpeg 695w\" sizes=\"(max-width: 732px) 100vw, 732px\" \/><\/p>\n<p>&nbsp;<\/p>\n","protected":false},"excerpt":{"rendered":"<p>Le mois pass\u00e9 sur le blog j&rsquo;ai eu le plaisir de partag\u00e9 avec vous la premi\u00e8re th\u00e9matique du DECOllectif. Rapidement, DECOllectif est un collectif de blogueuses d\u00e9co qui se r\u00e9unissent r\u00e9guli\u00e8rement pour parler de d\u00e9coration avec un angle un peu diff\u00e9rent. Nous sommes 5 \u00e0 avoir particip\u00e9 au premier th\u00e8me<span class=\"more-link\"><a href=\"https:\/\/www.cocondedecoration.com\/blog\/2020\/03\/decollectif-interview-de-gaelle-du-blog-a-part-ca\/\">Lire la suite<\/a><\/span><\/p>\n","protected":false},"author":1,"featured_media":24219,"comment_status":"open","ping_status":"open","sticky":false,"template":"","format":"standard","meta":{"om_disable_all_campaigns":false,"_monsterinsights_skip_tracking":false,"_monsterinsights_sitenote_active":false,"_monsterinsights_sitenote_note":"","_monsterinsights_sitenote_category":0,"_uf_show_specific_survey":0,"_uf_disable_surveys":false,"footnotes":""},"categories":[1720],"tags":[6615,6623,2945,6620,6612,6613,4211,6624,6616,3936,6622,6618,6614,6625,6621,6617,6619],"aioseo_notices":[],"_links":{"self":[{"href":"https:\/\/www.cocondedecoration.com\/blog\/wp-json\/wp\/v2\/posts\/24150"}],"collection":[{"href":"https:\/\/www.cocondedecoration.com\/blog\/wp-json\/wp\/v2\/posts"}],"about":[{"href":"https:\/\/www.cocondedecoration.com\/blog\/wp-json\/wp\/v2\/types\/post"}],"author":[{"embeddable":true,"href":"https:\/\/www.cocondedecoration.com\/blog\/wp-json\/wp\/v2\/users\/1"}],"replies":[{"embeddable":true,"href":"https:\/\/www.cocondedecoration.com\/blog\/wp-json\/wp\/v2\/comments?post=24150"}],"version-history":[{"count":0,"href":"https:\/\/www.cocondedecoration.com\/blog\/wp-json\/wp\/v2\/posts\/24150\/revisions"}],"wp:featuredmedia":[{"embeddable":true,"href":"https:\/\/www.cocondedecoration.com\/blog\/wp-json\/wp\/v2\/media\/24219"}],"wp:attachment":[{"href":"https:\/\/www.cocondedecoration.com\/blog\/wp-json\/wp\/v2\/media?parent=24150"}],"wp:term":[{"taxonomy":"category","embeddable":true,"href":"https:\/\/www.cocondedecoration.com\/blog\/wp-json\/wp\/v2\/categories?post=24150"},{"taxonomy":"post_tag","embeddable":true,"href":"https:\/\/www.cocondedecoration.com\/blog\/wp-json\/wp\/v2\/tags?post=24150"}],"curies":[{"name":"wp","href":"https:\/\/api.w.org\/{rel}","templated":true}]}}