{"id":23910,"date":"2020-02-29T01:00:31","date_gmt":"2020-02-28T23:00:31","guid":{"rendered":"http:\/\/www.cocondedecoration.com\/blog\/?p=23910"},"modified":"2026-03-09T08:08:48","modified_gmt":"2026-03-09T06:08:48","slug":"slow-deco-une-deco-slow-avec-larrivee-du-printemps","status":"publish","type":"post","link":"https:\/\/www.cocondedecoration.com\/blog\/2020\/02\/slow-deco-une-deco-slow-avec-larrivee-du-printemps\/","title":{"rendered":"Une d\u00e9co slow chez soi avec l&rsquo;arriv\u00e9e du printemps"},"content":{"rendered":"\n<p>Pourquoi je vous parle du printemps alors qu'on est encore en f\u00e9vrier? Tout b\u00eatement pour que vous ayez le temps d'anticiper. M\u00eame si les saisons reviennent d'une ann\u00e9e sur l'autre, on n'y pr\u00eate pas assez attention \u00e0 mon sens. Parler d'\u00e9cologie c'est bien. Vivre en ad\u00e9quation avec certains cycles naturels, \u00e7a peut \u00eatre bien aussi. Et le printemps c'est synonyme de renouveau pour la nature. Pourquoi \u00e7a ne le serait pas pour vous? <\/p>\n\n\n\n<p>Plus qu'un moral un peu meilleur gr\u00e2ce aux premiers rayons de soleil... Avec l'arriv\u00e9e de cette nouvelle saison, je ne vais pas vous recommander de changer int\u00e9gralement de d\u00e9co. Ca ne serait pas tr\u00e8s slow, vous en conviendrez. En revanche, il y a des petits gestes qui pourraient changer la donne et cr\u00e9er une ambiance plus slow dans votre int\u00e9rieur.<\/p>\n\n\n\n<!--more-->\n\n\n\n<h2 class=\"wp-block-heading\">Profiter des premiers rayons de soleil pour d\u00e9toxifier votre int\u00e9rieur<\/h2>\n\n\n\n<p>Ce qui me plait dans la d\u00e9co slow, c'est qu'elle ne correspond pas \u00e0 un style bien d\u00e9fini. Vous vous souvenez des int\u00e9rieurs scandinaves? C'\u00e9tait facile parce qu'au bout de 2 ou 3 ans, il y avait limite un guide sur ce qu'il fallait ou pas pour cr\u00e9er ce type d'ambiance. Pour cr\u00e9er une ambiance slow, \u00e7a ne marche pas comme \u00e7a. Pas besoin d'acheter \u00e0 outrance, de changer radicalement de style. Ca commence par des petits gestes, qu'on pourrait qualifier de bon sens.<\/p>\n\n\n\n<h3 class=\"wp-block-heading\">Ouvrir les fen\u00eatres et a\u00e9rez<\/h3>\n\n\n\n<p>La premi\u00e8re chose, c'est de reprendre l'habitude d'a\u00e9rer le logement. M\u00eame si cette ann\u00e9e, la neige a \u00e9t\u00e9 absente dans certaines r\u00e9gions qui habituellement en ont, m\u00eame si vous avez eu le sentiment qu'il a fait moins froid, on sait qu'on ouvre moins souvent les fen\u00eatres en hiver. Petit \u00e0 petit, reprenez l'habitude de couper vos radiateurs, ouvrir les fen\u00eatres pour faire entrer de l'air frais et neuf. C'est un peu comme la respiration, on se sent toujours mieux quand on respire \u00e0 plein poumon. C'est la m\u00eame chose dans tout votre logement<\/p>\n\n\n\n<figure class=\"wp-block-gallery has-nested-images columns-default is-cropped wp-block-gallery-1 is-layout-flex wp-block-gallery-is-layout-flex\">\n<figure class=\"wp-block-image size-large\"><a href=\"https:\/\/www.cocondedecoration.com\/blog\/wp-content\/uploads\/2026\/03\/deco-slow-printemps-idees.001.jpeg\"><img loading=\"lazy\" decoding=\"async\" width=\"640\" height=\"960\" data-id=\"88459\" src=\"https:\/\/www.cocondedecoration.com\/blog\/wp-content\/uploads\/2026\/03\/deco-slow-printemps-idees.001-640x960.jpeg\" alt=\"d\u00e9co slow printemps id\u00e9es petit espace salon mur blanc tapis rond plante verte \" class=\"wp-image-88459\" title=\"d\u00e9co slow printemps id\u00e9es petit espace salon mur blanc tapis rond plante verte \" srcset=\"https:\/\/www.cocondedecoration.com\/blog\/wp-content\/uploads\/2026\/03\/deco-slow-printemps-idees.001-640x960.jpeg 640w, https:\/\/www.cocondedecoration.com\/blog\/wp-content\/uploads\/2026\/03\/deco-slow-printemps-idees.001-260x390.jpeg 260w, https:\/\/www.cocondedecoration.com\/blog\/wp-content\/uploads\/2026\/03\/deco-slow-printemps-idees.001-768x1152.jpeg 768w, https:\/\/www.cocondedecoration.com\/blog\/wp-content\/uploads\/2026\/03\/deco-slow-printemps-idees.001-367x550.jpeg 367w, https:\/\/www.cocondedecoration.com\/blog\/wp-content\/uploads\/2026\/03\/deco-slow-printemps-idees.001-333x500.jpeg 333w, https:\/\/www.cocondedecoration.com\/blog\/wp-content\/uploads\/2026\/03\/deco-slow-printemps-idees.001.jpeg 1000w\" sizes=\"(max-width: 640px) 100vw, 640px\" \/><\/a><figcaption class=\"wp-element-caption\">jjbarnes.co.uk<\/figcaption><\/figure>\n\n\n\n<figure class=\"wp-block-image size-large\"><a href=\"https:\/\/www.cocondedecoration.com\/blog\/wp-content\/uploads\/2026\/03\/deco-slow-printemps-idees.002.jpeg\"><img loading=\"lazy\" decoding=\"async\" width=\"640\" height=\"960\" data-id=\"88458\" src=\"https:\/\/www.cocondedecoration.com\/blog\/wp-content\/uploads\/2026\/03\/deco-slow-printemps-idees.002-640x960.jpeg\" alt=\"d\u00e9co slow printemps id\u00e9es peinture escaliers couleurs plante verte \" class=\"wp-image-88458\" title=\"d\u00e9co slow printemps id\u00e9es peinture escaliers couleurs plante verte \" srcset=\"https:\/\/www.cocondedecoration.com\/blog\/wp-content\/uploads\/2026\/03\/deco-slow-printemps-idees.002-640x960.jpeg 640w, https:\/\/www.cocondedecoration.com\/blog\/wp-content\/uploads\/2026\/03\/deco-slow-printemps-idees.002-260x390.jpeg 260w, https:\/\/www.cocondedecoration.com\/blog\/wp-content\/uploads\/2026\/03\/deco-slow-printemps-idees.002-768x1152.jpeg 768w, https:\/\/www.cocondedecoration.com\/blog\/wp-content\/uploads\/2026\/03\/deco-slow-printemps-idees.002-367x550.jpeg 367w, https:\/\/www.cocondedecoration.com\/blog\/wp-content\/uploads\/2026\/03\/deco-slow-printemps-idees.002-333x500.jpeg 333w, https:\/\/www.cocondedecoration.com\/blog\/wp-content\/uploads\/2026\/03\/deco-slow-printemps-idees.002.jpeg 1000w\" sizes=\"(max-width: 640px) 100vw, 640px\" \/><\/a><figcaption class=\"wp-element-caption\">rubyolive.com<\/figcaption><\/figure>\n<\/figure>\n\n\n\n<h3 class=\"wp-block-heading\">Le m\u00e9nage de printemps n'est pas has-been au contraire<\/h3>\n\n\n\n<p>Le <a href=\"https:\/\/www.cocondedecoration.com\/blog\/2026\/03\/liste-menage-de-printemps\/\" target=\"_blank\" rel=\"noopener\" title=\"\">m\u00e9nage de printemps<\/a>, on en entend parler tous les ans et pourtant peu de personnes s'y collent vraiment. Quand je vous disais en introduction qu'il fallait anticiper. C'est le genre d'action \u00e0 anticiper quand on bosse, qu'on a des enfants et un emploi du temps bien charg\u00e9. <\/p>\n\n\n\n<p>Faire le m\u00e9nage et le tri \u00e0 l'arriv\u00e9e des beaux-jour permet de tirer un trait sur le confort, la chaleur qu'on a tent\u00e9 de cr\u00e9er \u00e0 l'int\u00e9rieur. Le cocon que vous vous \u00eates cr\u00e9\u00e9 a besoin de renouveau. Place au m\u00e9nage et au tri. Mais \u00e7a ne prend pas 10 minutes malheureusement. Certains pr\u00e9f\u00e9reront fractionner selon les espaces, d'autres choisiront de banaliser un weekend. Et m\u00eame si le plaid n'est pas pr\u00eat \u00e0 \u00eatre rang\u00e9, s'il ne reste que \u00e7a apr\u00e8s le m\u00e9nage de printemps, \u00e7a ira vite!<\/p>\n\n\n\n<p>Je vous parle r\u00e9guli\u00e8rement du <a href=\"https:\/\/www.cocondedecoration.com\/blog\/2019\/02\/minimalisme-desencombrer-sa-penderie-grace-a-une-garde-robe-capsule\/\" target=\"_blank\" rel=\"noopener\" title=\"\">tri dans la garde-robe<\/a>. Comme on change bient\u00f4t de saison, c'est aussi le moment de s'en occuper. M\u00eame s'il ne fait pas encore assez chaud pour passer sur des v\u00eatements de mi-saison, c'est le moment de voir ce qui vous va encore et ce qui ne vous va plu. (Effet raclettes &amp; f\u00eates) C'est aussi le moment de voir ce qui vous plait ou ce qui ne vous plait plus. Quand on anticipe, on peut prendre le temps de faire un bon tri qui ait du sens.<\/p>\n\n\n\n<p>A propos du m\u00e9nage de printemps, je vous conseille aussi de lire <a href=\"https:\/\/slow-deco.fr\/grand-nettoyage-de-printemps-bienfaits-et-astuces\/\" target=\"_blank\" rel=\"noopener noreferrer\">cet article du blog Slow D\u00e9co<\/a> qui est complet et tr\u00e8s int\u00e9ressant.<\/p>\n\n\n\n<figure class=\"wp-block-gallery has-nested-images columns-default is-cropped wp-block-gallery-2 is-layout-flex wp-block-gallery-is-layout-flex\">\n<figure class=\"wp-block-image size-large\"><a href=\"https:\/\/www.cocondedecoration.com\/blog\/wp-content\/uploads\/2026\/03\/deco-slow-printemps-idees.003.jpeg\"><img loading=\"lazy\" decoding=\"async\" width=\"640\" height=\"960\" data-id=\"88457\" src=\"https:\/\/www.cocondedecoration.com\/blog\/wp-content\/uploads\/2026\/03\/deco-slow-printemps-idees.003-640x960.jpeg\" alt=\"d\u00e9co slow printemps id\u00e9es cuisine cr\u00e9dence carrelage couleur pastel plan de travail bois \" class=\"wp-image-88457\" title=\"d\u00e9co slow printemps id\u00e9es cuisine cr\u00e9dence carrelage couleur pastel plan de travail bois \" srcset=\"https:\/\/www.cocondedecoration.com\/blog\/wp-content\/uploads\/2026\/03\/deco-slow-printemps-idees.003-640x960.jpeg 640w, https:\/\/www.cocondedecoration.com\/blog\/wp-content\/uploads\/2026\/03\/deco-slow-printemps-idees.003-260x390.jpeg 260w, https:\/\/www.cocondedecoration.com\/blog\/wp-content\/uploads\/2026\/03\/deco-slow-printemps-idees.003-768x1152.jpeg 768w, https:\/\/www.cocondedecoration.com\/blog\/wp-content\/uploads\/2026\/03\/deco-slow-printemps-idees.003-367x550.jpeg 367w, https:\/\/www.cocondedecoration.com\/blog\/wp-content\/uploads\/2026\/03\/deco-slow-printemps-idees.003-333x500.jpeg 333w, https:\/\/www.cocondedecoration.com\/blog\/wp-content\/uploads\/2026\/03\/deco-slow-printemps-idees.003.jpeg 1000w\" sizes=\"(max-width: 640px) 100vw, 640px\" \/><\/a><figcaption class=\"wp-element-caption\">intervivas.com<\/figcaption><\/figure>\n\n\n\n<figure class=\"wp-block-image size-large\"><a href=\"https:\/\/www.cocondedecoration.com\/blog\/wp-content\/uploads\/2026\/03\/deco-slow-printemps-idees.004.jpeg\"><img loading=\"lazy\" decoding=\"async\" width=\"640\" height=\"960\" data-id=\"88456\" src=\"https:\/\/www.cocondedecoration.com\/blog\/wp-content\/uploads\/2026\/03\/deco-slow-printemps-idees.004-640x960.jpeg\" alt=\"d\u00e9co slow printemps id\u00e9es salon mimosa housse de coussin fleurie \" class=\"wp-image-88456\" title=\"d\u00e9co slow printemps id\u00e9es salon mimosa housse de coussin fleurie \" srcset=\"https:\/\/www.cocondedecoration.com\/blog\/wp-content\/uploads\/2026\/03\/deco-slow-printemps-idees.004-640x960.jpeg 640w, https:\/\/www.cocondedecoration.com\/blog\/wp-content\/uploads\/2026\/03\/deco-slow-printemps-idees.004-260x390.jpeg 260w, https:\/\/www.cocondedecoration.com\/blog\/wp-content\/uploads\/2026\/03\/deco-slow-printemps-idees.004-768x1152.jpeg 768w, https:\/\/www.cocondedecoration.com\/blog\/wp-content\/uploads\/2026\/03\/deco-slow-printemps-idees.004-367x550.jpeg 367w, https:\/\/www.cocondedecoration.com\/blog\/wp-content\/uploads\/2026\/03\/deco-slow-printemps-idees.004-333x500.jpeg 333w, https:\/\/www.cocondedecoration.com\/blog\/wp-content\/uploads\/2026\/03\/deco-slow-printemps-idees.004.jpeg 1000w\" sizes=\"(max-width: 640px) 100vw, 640px\" \/><\/a><figcaption class=\"wp-element-caption\">lemon8-app.com<\/figcaption><\/figure>\n<\/figure>\n\n\n\n<h3 class=\"wp-block-heading\">D\u00e9sencombrer les pi\u00e8ces de vie et les chambres<\/h3>\n\n\n\n<p>Je vous parlais du cocon que vous avez cr\u00e9\u00e9 pendant l'hiver. Les coussins, les plaids dans le salon. La chemin\u00e9e qui flambe le soir. Le linge de lit en flanelle. Ce n'est pas nouveau en hiver on vit essentiellement \u00e0 l'int\u00e9rieur et on fait en sorte d'y \u00eatre confortablement et chaudement install\u00e9. Le printemps est une transition. On va passer de l'int\u00e9rieur \u00e0 l'ext\u00e9rieur. On va commencer \u00e0 penser s\u00e9rieusement aux vacances. Et tout cet univers cosy qu'on a cr\u00e9\u00e9 pour l'hiver n'aura plus lieu d'\u00eatre. <\/p>\n\n\n\n<p>On en profite donc pour faire du tri dans les coussins sur le canap\u00e9, ranger le plaid (m\u00eame si moi le plaid j'en ai besoin m\u00eame quand il fait 30\u00b0), faire le tri dans les DVD, les jeux vid\u00e9os, etc. Et dans la chambre c'est la m\u00eame chose. Il y a les \u00e9charpes, bonnets, gants, parfois chaussures. Dans la table de nuit, il y a \u00e9ventuellement les paquets de mouchoirs en cas de rhume. Au final, il y a un tas de petits objets qui ne vous serviront plus tr\u00e8s prochainement. Autant les ranger pour lib\u00e9rer de l'espace.<\/p>\n\n\n\n<figure class=\"wp-block-gallery has-nested-images columns-default is-cropped wp-block-gallery-3 is-layout-flex wp-block-gallery-is-layout-flex\">\n<figure class=\"wp-block-image size-large\"><a href=\"https:\/\/www.cocondedecoration.com\/blog\/wp-content\/uploads\/2026\/03\/deco-slow-printemps-idees.005.jpeg\"><img loading=\"lazy\" decoding=\"async\" width=\"640\" height=\"960\" data-id=\"88454\" src=\"https:\/\/www.cocondedecoration.com\/blog\/wp-content\/uploads\/2026\/03\/deco-slow-printemps-idees.005-640x960.jpeg\" alt=\"d\u00e9co slow printemps id\u00e9es petit meuble color\u00e9 corail vase bougeoirs modernes \" class=\"wp-image-88454\" title=\"d\u00e9co slow printemps id\u00e9es petit meuble color\u00e9 corail vase bougeoirs modernes \" srcset=\"https:\/\/www.cocondedecoration.com\/blog\/wp-content\/uploads\/2026\/03\/deco-slow-printemps-idees.005-640x960.jpeg 640w, https:\/\/www.cocondedecoration.com\/blog\/wp-content\/uploads\/2026\/03\/deco-slow-printemps-idees.005-260x390.jpeg 260w, https:\/\/www.cocondedecoration.com\/blog\/wp-content\/uploads\/2026\/03\/deco-slow-printemps-idees.005-768x1152.jpeg 768w, https:\/\/www.cocondedecoration.com\/blog\/wp-content\/uploads\/2026\/03\/deco-slow-printemps-idees.005-367x550.jpeg 367w, https:\/\/www.cocondedecoration.com\/blog\/wp-content\/uploads\/2026\/03\/deco-slow-printemps-idees.005-333x500.jpeg 333w, https:\/\/www.cocondedecoration.com\/blog\/wp-content\/uploads\/2026\/03\/deco-slow-printemps-idees.005.jpeg 1000w\" sizes=\"(max-width: 640px) 100vw, 640px\" \/><\/a><figcaption class=\"wp-element-caption\">flowerexplosion.nl<\/figcaption><\/figure>\n\n\n\n<figure class=\"wp-block-image size-large\"><a href=\"https:\/\/www.cocondedecoration.com\/blog\/wp-content\/uploads\/2026\/03\/deco-slow-printemps-idees.006.jpeg\"><img loading=\"lazy\" decoding=\"async\" width=\"640\" height=\"960\" data-id=\"88455\" src=\"https:\/\/www.cocondedecoration.com\/blog\/wp-content\/uploads\/2026\/03\/deco-slow-printemps-idees.006-640x960.jpeg\" alt=\"d\u00e9co slow printemps id\u00e9es armoire blanche relook\u00e9e fleur oiseau chambre enfant \" class=\"wp-image-88455\" title=\"d\u00e9co slow printemps id\u00e9es armoire blanche relook\u00e9e fleur oiseau chambre enfant \" srcset=\"https:\/\/www.cocondedecoration.com\/blog\/wp-content\/uploads\/2026\/03\/deco-slow-printemps-idees.006-640x960.jpeg 640w, https:\/\/www.cocondedecoration.com\/blog\/wp-content\/uploads\/2026\/03\/deco-slow-printemps-idees.006-260x390.jpeg 260w, https:\/\/www.cocondedecoration.com\/blog\/wp-content\/uploads\/2026\/03\/deco-slow-printemps-idees.006-768x1152.jpeg 768w, https:\/\/www.cocondedecoration.com\/blog\/wp-content\/uploads\/2026\/03\/deco-slow-printemps-idees.006-367x550.jpeg 367w, https:\/\/www.cocondedecoration.com\/blog\/wp-content\/uploads\/2026\/03\/deco-slow-printemps-idees.006-333x500.jpeg 333w, https:\/\/www.cocondedecoration.com\/blog\/wp-content\/uploads\/2026\/03\/deco-slow-printemps-idees.006.jpeg 1000w\" sizes=\"(max-width: 640px) 100vw, 640px\" \/><\/a><figcaption class=\"wp-element-caption\">skyryedesign.com<\/figcaption><\/figure>\n<\/figure>\n\n\n\n<h2 class=\"wp-block-heading\">Une d\u00e9co slow facile en quelques gestes<\/h2>\n\n\n\n<p>Une fois qu'on a fait de la place et qu'on a \u00e9pur\u00e9 un peu le cocon qu'on s'\u00e9tait cr\u00e9\u00e9 pour l'hiver, on peut penser \u00e0 la d\u00e9coration. Encore une fois, j'insiste sur le fait qu'un int\u00e9rieur slow ne demande pas \u00e0 faire des achats cons\u00e9quents. On fait avec ce qu'on a, on met en valeur ce qu'on a. Faire mieux \/ bien avec moins.<\/p>\n\n\n\n<h3 class=\"wp-block-heading\">Une touche de couleur pour booster le moral<\/h3>\n\n\n\n<p>Quoi de mieux que de faire quelques changements gr\u00e2ce \u00e0 la couleur? Pas besoin de repeindre les murs. Il y a quelques gestes simples, qui ne coutent pas un bras et qui vous permettront de dynamiser votre int\u00e9rieur:<\/p>\n\n\n\n<ol>\n<li>Changer les housses de coussins du canap\u00e9 et alterner uni \/ motifs<\/li>\n\n\n\n<li>Couvrir le canap\u00e9 avec une <a href=\"https:\/\/www.cocondedecoration.com\/blog\/2025\/07\/housse-de-canape\/\" target=\"_blank\" rel=\"noopener\" title=\"\">nouvelle housse<\/a><\/li>\n\n\n\n<li>Opter pour un tapis color\u00e9 et plus printanier (cette semaine, je vous parlais des imprim\u00e9s floraux...)<\/li>\n\n\n\n<li>Se faire plaisir de temps en temps avec un bouquet de fleurs (dans le salon, la cuisine ou encore l'entr\u00e9e)<\/li>\n\n\n\n<li>Changer l'abat-jour d'une lampe<\/li>\n\n\n\n<li>Changer les illustrations qui se trouvent dans les cadres pour des mod\u00e8les plus color\u00e9s<\/li>\n\n\n\n<li>Une nouvelle <a href=\"https:\/\/www.cocondedecoration.com\/blog\/2022\/04\/parure-de-lit-a-fleurs\/\" target=\"_blank\" rel=\"noopener\" title=\"\">parure de lit aux accents printaniers<\/a><\/li>\n<\/ol>\n\n\n\n<figure class=\"wp-block-gallery has-nested-images columns-default is-cropped wp-block-gallery-4 is-layout-flex wp-block-gallery-is-layout-flex\">\n<figure class=\"wp-block-image size-large\"><a href=\"https:\/\/www.cocondedecoration.com\/blog\/wp-content\/uploads\/2026\/03\/deco-slow-printemps-idees.007.jpeg\"><img loading=\"lazy\" decoding=\"async\" width=\"640\" height=\"960\" data-id=\"88453\" src=\"https:\/\/www.cocondedecoration.com\/blog\/wp-content\/uploads\/2026\/03\/deco-slow-printemps-idees.007-640x960.jpeg\" alt=\"d\u00e9co slow printemps id\u00e9es cuisine table en bois salle \u00e0 manger campagne \" class=\"wp-image-88453\" title=\"d\u00e9co slow printemps id\u00e9es cuisine table en bois salle \u00e0 manger campagne \" srcset=\"https:\/\/www.cocondedecoration.com\/blog\/wp-content\/uploads\/2026\/03\/deco-slow-printemps-idees.007-640x960.jpeg 640w, https:\/\/www.cocondedecoration.com\/blog\/wp-content\/uploads\/2026\/03\/deco-slow-printemps-idees.007-260x390.jpeg 260w, https:\/\/www.cocondedecoration.com\/blog\/wp-content\/uploads\/2026\/03\/deco-slow-printemps-idees.007-768x1152.jpeg 768w, https:\/\/www.cocondedecoration.com\/blog\/wp-content\/uploads\/2026\/03\/deco-slow-printemps-idees.007-367x550.jpeg 367w, https:\/\/www.cocondedecoration.com\/blog\/wp-content\/uploads\/2026\/03\/deco-slow-printemps-idees.007-333x500.jpeg 333w, https:\/\/www.cocondedecoration.com\/blog\/wp-content\/uploads\/2026\/03\/deco-slow-printemps-idees.007.jpeg 1000w\" sizes=\"(max-width: 640px) 100vw, 640px\" \/><\/a><figcaption class=\"wp-element-caption\">inspiredhomedesign.co<\/figcaption><\/figure>\n\n\n\n<figure class=\"wp-block-image size-large\"><a href=\"https:\/\/www.cocondedecoration.com\/blog\/wp-content\/uploads\/2026\/03\/deco-slow-printemps-idees.008.jpeg\"><img loading=\"lazy\" decoding=\"async\" width=\"640\" height=\"960\" data-id=\"88452\" src=\"https:\/\/www.cocondedecoration.com\/blog\/wp-content\/uploads\/2026\/03\/deco-slow-printemps-idees.008-640x960.jpeg\" alt=\"d\u00e9co slow printemps id\u00e9es salle \u00e0 manger chaise color\u00e9e orange suspension jaune \" class=\"wp-image-88452\" title=\"d\u00e9co slow printemps id\u00e9es salle \u00e0 manger chaise color\u00e9e orange suspension jaune \" srcset=\"https:\/\/www.cocondedecoration.com\/blog\/wp-content\/uploads\/2026\/03\/deco-slow-printemps-idees.008-640x960.jpeg 640w, https:\/\/www.cocondedecoration.com\/blog\/wp-content\/uploads\/2026\/03\/deco-slow-printemps-idees.008-260x390.jpeg 260w, https:\/\/www.cocondedecoration.com\/blog\/wp-content\/uploads\/2026\/03\/deco-slow-printemps-idees.008-768x1152.jpeg 768w, https:\/\/www.cocondedecoration.com\/blog\/wp-content\/uploads\/2026\/03\/deco-slow-printemps-idees.008-367x550.jpeg 367w, https:\/\/www.cocondedecoration.com\/blog\/wp-content\/uploads\/2026\/03\/deco-slow-printemps-idees.008-333x500.jpeg 333w, https:\/\/www.cocondedecoration.com\/blog\/wp-content\/uploads\/2026\/03\/deco-slow-printemps-idees.008.jpeg 1000w\" sizes=\"(max-width: 640px) 100vw, 640px\" \/><\/a><figcaption class=\"wp-element-caption\">brit.co<\/figcaption><\/figure>\n<\/figure>\n\n\n\n<h3 class=\"wp-block-heading\">Faire entrer petit \u00e0 petit les mati\u00e8res naturelles dans votre int\u00e9rieur<\/h3>\n\n\n\n<p>Les couleurs ne sont pas les seuls petits d\u00e9tails que vous pouvez changer pour cr\u00e9er une d\u00e9coration slow. Les mati\u00e8res et mat\u00e9riaux ont un r\u00f4le essentiel. Ils permettent de d\u00e9corer sans avoir \u00e0 en faire des tonnes. L'harmonie se fait gr\u00e2ce aux formes et aux mati\u00e8res. Et donc pourquoi ne pas profiter du printemps pour faire entrer dans votre d\u00e9co un peu plus de naturel?<\/p>\n\n\n\n<ul>\n<li>mati\u00e8res naturelles textiles: le lin, la toile de jute, le chanvre, le coton, le cuir...<\/li>\n\n\n\n<li>Les mati\u00e8res naturelles associ\u00e9es au bois: le rotin, l'osier, le bambou (m\u00eame si son origine est souvent tr\u00e8s loin de la France!), la paille<\/li>\n\n\n\n<li>Les mati\u00e8res naturelles min\u00e9rales: la terre cuite, la c\u00e9ramique, le marbre...<\/li>\n<\/ul>\n\n\n\n<figure class=\"wp-block-gallery has-nested-images columns-default is-cropped wp-block-gallery-5 is-layout-flex wp-block-gallery-is-layout-flex\">\n<figure class=\"wp-block-image size-large\"><a href=\"https:\/\/www.cocondedecoration.com\/blog\/wp-content\/uploads\/2026\/03\/deco-slow-printemps-idees.009.jpeg\"><img loading=\"lazy\" decoding=\"async\" width=\"640\" height=\"960\" data-id=\"88451\" src=\"https:\/\/www.cocondedecoration.com\/blog\/wp-content\/uploads\/2026\/03\/deco-slow-printemps-idees.009-640x960.jpeg\" alt=\"d\u00e9co slow printemps id\u00e9es ambiance campagne shbby chic \u00e9tag\u00e8res murale fauteuil en rotin fleurs pastel \" class=\"wp-image-88451\" title=\"d\u00e9co slow printemps id\u00e9es ambiance campagne shbby chic \u00e9tag\u00e8res murale fauteuil en rotin fleurs pastel \" srcset=\"https:\/\/www.cocondedecoration.com\/blog\/wp-content\/uploads\/2026\/03\/deco-slow-printemps-idees.009-640x960.jpeg 640w, https:\/\/www.cocondedecoration.com\/blog\/wp-content\/uploads\/2026\/03\/deco-slow-printemps-idees.009-260x390.jpeg 260w, https:\/\/www.cocondedecoration.com\/blog\/wp-content\/uploads\/2026\/03\/deco-slow-printemps-idees.009-768x1152.jpeg 768w, https:\/\/www.cocondedecoration.com\/blog\/wp-content\/uploads\/2026\/03\/deco-slow-printemps-idees.009-367x550.jpeg 367w, https:\/\/www.cocondedecoration.com\/blog\/wp-content\/uploads\/2026\/03\/deco-slow-printemps-idees.009-333x500.jpeg 333w, https:\/\/www.cocondedecoration.com\/blog\/wp-content\/uploads\/2026\/03\/deco-slow-printemps-idees.009.jpeg 1000w\" sizes=\"(max-width: 640px) 100vw, 640px\" \/><\/a><figcaption class=\"wp-element-caption\">theturquoisehome.com<\/figcaption><\/figure>\n\n\n\n<figure class=\"wp-block-image size-large\"><a href=\"https:\/\/www.cocondedecoration.com\/blog\/wp-content\/uploads\/2026\/03\/deco-slow-printemps-idees.010.jpeg\"><img loading=\"lazy\" decoding=\"async\" width=\"640\" height=\"960\" data-id=\"88450\" src=\"https:\/\/www.cocondedecoration.com\/blog\/wp-content\/uploads\/2026\/03\/deco-slow-printemps-idees.010-640x960.jpeg\" alt=\"d\u00e9co slow printemps id\u00e9es d\u00e9cor fen\u00eatre \u00e0 faire soi-m\u00eame salon s\u00e9jour \" class=\"wp-image-88450\" title=\"d\u00e9co slow printemps id\u00e9es d\u00e9cor fen\u00eatre \u00e0 faire soi-m\u00eame salon s\u00e9jour \" srcset=\"https:\/\/www.cocondedecoration.com\/blog\/wp-content\/uploads\/2026\/03\/deco-slow-printemps-idees.010-640x960.jpeg 640w, https:\/\/www.cocondedecoration.com\/blog\/wp-content\/uploads\/2026\/03\/deco-slow-printemps-idees.010-260x390.jpeg 260w, https:\/\/www.cocondedecoration.com\/blog\/wp-content\/uploads\/2026\/03\/deco-slow-printemps-idees.010-768x1152.jpeg 768w, https:\/\/www.cocondedecoration.com\/blog\/wp-content\/uploads\/2026\/03\/deco-slow-printemps-idees.010-367x550.jpeg 367w, https:\/\/www.cocondedecoration.com\/blog\/wp-content\/uploads\/2026\/03\/deco-slow-printemps-idees.010-333x500.jpeg 333w, https:\/\/www.cocondedecoration.com\/blog\/wp-content\/uploads\/2026\/03\/deco-slow-printemps-idees.010.jpeg 1000w\" sizes=\"(max-width: 640px) 100vw, 640px\" \/><\/a><figcaption class=\"wp-element-caption\">soliaavenue.com<\/figcaption><\/figure>\n<\/figure>\n\n\n\n<h3 class=\"wp-block-heading\">Se mettre au vert, m\u00eame \u00e0 l'int\u00e9rieur<\/h3>\n\n\n\n<p>Parce que ce n'est pas encore la saison des d\u00e9jeuners \u00e0 l'ext\u00e9rieur, on y va en douceur. Dans un premier temp, vous pouvez pr\u00e9parer vos plantes d'int\u00e9rieur aux beaux jours. Pendant l'hiver, on s'en occupe moins, comme nous, elles sont dans une esp\u00e8ce d'hibernation en attendant le soleil. M\u00eame s'il faut s'occuper des plantes avec pr\u00e9caution, on peut d\u00e9j\u00e0 se poser la question de leur emplacement, du rempotage ou encore se demander si on ajoute ou pas de nouvelles plantes. <\/p>\n\n\n\n<p>S'occuper de plantes vertes est un don que je ne poss\u00e8de pas. (Mon don est de les faire crever m\u00eame les vari\u00e9t\u00e9s increvables!) On ne s'en rend pas compte mais se renseigner sur chaque vari\u00e9t\u00e9s, chercher \u00e0 savoir ce qui est le mieux pour chaque plantes (exposition, terreau, fr\u00e9quence d'entretien, type d'arrosage et j'en passe), plus, l'entretien au quotidien, c'est vraiment une activit\u00e9 slow. Se mettre au rythme de la nature m\u00eame si elle est en pot dans le salon.<\/p>\n\n\n\n<p>Autre activit\u00e9 slow qui peut coller avec le changement de saison: d\u00e9buter un petit potager avec les enfants. M\u00eame en appartement, c'est possible. On a tous fait pousser des radis \u00e0 l'\u00e9cole, c'est la m\u00eame id\u00e9e \u00e0 reproduire \u00e0 la maison. Les enfants peuvent \u00eatre impliqu\u00e9s \u00e0 chaque \u00e9tapes du projet: quels l\u00e9gumes aimeraient-ils faire pousser? comment fait-on germer les graines? combien de temps, il faudra attendre pour enfin les manger? M\u00eame s'il n'est question que d'une jardini\u00e8re pos\u00e9e pr\u00e8s d'une fen\u00eatre, c'est une activit\u00e9 vraiment ludique qui vous permettra de passer du temps avec vos enfants (et qui leur apprendra un tas de choses aussi!)<\/p>\n\n\n\n<figure class=\"wp-block-gallery has-nested-images columns-default is-cropped wp-block-gallery-6 is-layout-flex wp-block-gallery-is-layout-flex\">\n<figure class=\"wp-block-image size-large\"><a href=\"https:\/\/www.cocondedecoration.com\/blog\/wp-content\/uploads\/2026\/03\/deco-slow-printemps-idees.011.jpeg\"><img loading=\"lazy\" decoding=\"async\" width=\"640\" height=\"960\" data-id=\"88448\" src=\"https:\/\/www.cocondedecoration.com\/blog\/wp-content\/uploads\/2026\/03\/deco-slow-printemps-idees.011-640x960.jpeg\" alt=\"d\u00e9co slow printemps id\u00e9es d\u00e9coration murale soubassement jaune cadre affiche meuble en bois  \" class=\"wp-image-88448\" title=\"d\u00e9co slow printemps id\u00e9es d\u00e9coration murale soubassement jaune cadre affiche meuble en bois  \" srcset=\"https:\/\/www.cocondedecoration.com\/blog\/wp-content\/uploads\/2026\/03\/deco-slow-printemps-idees.011-640x960.jpeg 640w, https:\/\/www.cocondedecoration.com\/blog\/wp-content\/uploads\/2026\/03\/deco-slow-printemps-idees.011-260x390.jpeg 260w, https:\/\/www.cocondedecoration.com\/blog\/wp-content\/uploads\/2026\/03\/deco-slow-printemps-idees.011-768x1152.jpeg 768w, https:\/\/www.cocondedecoration.com\/blog\/wp-content\/uploads\/2026\/03\/deco-slow-printemps-idees.011-367x550.jpeg 367w, https:\/\/www.cocondedecoration.com\/blog\/wp-content\/uploads\/2026\/03\/deco-slow-printemps-idees.011-333x500.jpeg 333w, https:\/\/www.cocondedecoration.com\/blog\/wp-content\/uploads\/2026\/03\/deco-slow-printemps-idees.011.jpeg 1000w\" sizes=\"(max-width: 640px) 100vw, 640px\" \/><\/a><figcaption class=\"wp-element-caption\">mimogaleria.blog<\/figcaption><\/figure>\n\n\n\n<figure class=\"wp-block-image size-large\"><a href=\"https:\/\/www.cocondedecoration.com\/blog\/wp-content\/uploads\/2026\/03\/deco-slow-printemps-idees.012.jpeg\"><img loading=\"lazy\" decoding=\"async\" width=\"640\" height=\"960\" data-id=\"88449\" src=\"https:\/\/www.cocondedecoration.com\/blog\/wp-content\/uploads\/2026\/03\/deco-slow-printemps-idees.012-640x960.jpeg\" alt=\"d\u00e9co slow printemps id\u00e9es salon rose et bleu pastel simple et chaleureux \" class=\"wp-image-88449\" title=\"d\u00e9co slow printemps id\u00e9es salon rose et bleu pastel simple et chaleureux \" srcset=\"https:\/\/www.cocondedecoration.com\/blog\/wp-content\/uploads\/2026\/03\/deco-slow-printemps-idees.012-640x960.jpeg 640w, https:\/\/www.cocondedecoration.com\/blog\/wp-content\/uploads\/2026\/03\/deco-slow-printemps-idees.012-260x390.jpeg 260w, https:\/\/www.cocondedecoration.com\/blog\/wp-content\/uploads\/2026\/03\/deco-slow-printemps-idees.012-768x1152.jpeg 768w, https:\/\/www.cocondedecoration.com\/blog\/wp-content\/uploads\/2026\/03\/deco-slow-printemps-idees.012-367x550.jpeg 367w, https:\/\/www.cocondedecoration.com\/blog\/wp-content\/uploads\/2026\/03\/deco-slow-printemps-idees.012-333x500.jpeg 333w, https:\/\/www.cocondedecoration.com\/blog\/wp-content\/uploads\/2026\/03\/deco-slow-printemps-idees.012.jpeg 1000w\" sizes=\"(max-width: 640px) 100vw, 640px\" \/><\/a><figcaption class=\"wp-element-caption\">thenordroom.com<\/figcaption><\/figure>\n<\/figure>\n\n\n\n<hr class=\"wp-block-separator has-css-opacity is-style-wide\"\/>\n\n\n\n<h2 class=\"wp-block-heading\">Parfaire sa d\u00e9co int\u00e9rieure gr\u00e2ce \u00e0 de jolis accessoires<\/h2>\n\n\n\n<div class=\"wp-block-cb-carousel\" data-slick=\"{&quot;slidesToShow&quot;:3,&quot;slidesToScroll&quot;:1,&quot;speed&quot;:300,&quot;arrows&quot;:true,&quot;dots&quot;:false,&quot;autoplay&quot;:false,&quot;autoplaySpeed&quot;:3000,&quot;infinite&quot;:true,&quot;responsive&quot;:[{&quot;breakpoint&quot;:769,&quot;settings&quot;:{&quot;slidesToShow&quot;:1,&quot;slidesToScroll&quot;:1}}]}\">\n<div class=\"wp-block-cb-slide\">\n<figure class=\"wp-block-image size-large\"><a href=\"https:\/\/www.cocondedecoration.com\/blog\/wp-content\/uploads\/2026\/02\/accessoires-decoratifs-1.png\"><img loading=\"lazy\" decoding=\"async\" width=\"640\" height=\"960\" src=\"https:\/\/www.cocondedecoration.com\/blog\/wp-content\/uploads\/2026\/02\/accessoires-decoratifs-1-640x960.png\" alt=\"accessoires d\u00e9coratifs couleur rose\" class=\"wp-image-87906\" title=\"accessoires d\u00e9coratifs couleur rose\" srcset=\"https:\/\/www.cocondedecoration.com\/blog\/wp-content\/uploads\/2026\/02\/accessoires-decoratifs-1-640x960.png 640w, https:\/\/www.cocondedecoration.com\/blog\/wp-content\/uploads\/2026\/02\/accessoires-decoratifs-1-260x390.png 260w, https:\/\/www.cocondedecoration.com\/blog\/wp-content\/uploads\/2026\/02\/accessoires-decoratifs-1-768x1152.png 768w, https:\/\/www.cocondedecoration.com\/blog\/wp-content\/uploads\/2026\/02\/accessoires-decoratifs-1-367x550.png 367w, https:\/\/www.cocondedecoration.com\/blog\/wp-content\/uploads\/2026\/02\/accessoires-decoratifs-1-333x500.png 333w, https:\/\/www.cocondedecoration.com\/blog\/wp-content\/uploads\/2026\/02\/accessoires-decoratifs-1.png 1000w\" sizes=\"(max-width: 640px) 100vw, 640px\" \/><\/a><figcaption class=\"wp-element-caption\">\u2192 <a href=\"https:\/\/www.cocondedecoration.com\/blog\/2025\/08\/accessoire-decoratif-rose\/\" target=\"_blank\" rel=\"noopener\" title=\"\">Accessoires roses pour une d\u00e9coration douce et voluptueuse<\/a><\/figcaption><\/figure>\n<\/div>\n\n\n\n<div class=\"wp-block-cb-slide\">\n<figure class=\"wp-block-image size-large\"><a href=\"https:\/\/www.cocondedecoration.com\/blog\/wp-content\/uploads\/2026\/02\/accessoires-decoratifs-2.png\"><img loading=\"lazy\" decoding=\"async\" width=\"640\" height=\"960\" src=\"https:\/\/www.cocondedecoration.com\/blog\/wp-content\/uploads\/2026\/02\/accessoires-decoratifs-2-640x960.png\" alt=\"accessoires d\u00e9coratifs bougeoirs et photophores \" class=\"wp-image-87907\" title=\"accessoires d\u00e9coratifs bougeoirs et photophores \" srcset=\"https:\/\/www.cocondedecoration.com\/blog\/wp-content\/uploads\/2026\/02\/accessoires-decoratifs-2-640x960.png 640w, https:\/\/www.cocondedecoration.com\/blog\/wp-content\/uploads\/2026\/02\/accessoires-decoratifs-2-260x390.png 260w, https:\/\/www.cocondedecoration.com\/blog\/wp-content\/uploads\/2026\/02\/accessoires-decoratifs-2-768x1152.png 768w, https:\/\/www.cocondedecoration.com\/blog\/wp-content\/uploads\/2026\/02\/accessoires-decoratifs-2-367x550.png 367w, https:\/\/www.cocondedecoration.com\/blog\/wp-content\/uploads\/2026\/02\/accessoires-decoratifs-2-333x500.png 333w, https:\/\/www.cocondedecoration.com\/blog\/wp-content\/uploads\/2026\/02\/accessoires-decoratifs-2.png 1000w\" sizes=\"(max-width: 640px) 100vw, 640px\" \/><\/a><figcaption class=\"wp-element-caption\">\u2192 <a href=\"https:\/\/www.cocondedecoration.com\/blog\/2024\/12\/bougeoir-photophore-deco\/\" target=\"_blank\" rel=\"noopener\" title=\"\">Bougeoirs et photophores: s\u00e9lection pour une d\u00e9co \u00e9l\u00e9gante et cosy<\/a><\/figcaption><\/figure>\n<\/div>\n\n\n\n<div class=\"wp-block-cb-slide\">\n<figure class=\"wp-block-image size-large\"><a href=\"https:\/\/www.cocondedecoration.com\/blog\/wp-content\/uploads\/2026\/02\/accessoires-decoratifs-3.png\"><img loading=\"lazy\" decoding=\"async\" width=\"640\" height=\"960\" src=\"https:\/\/www.cocondedecoration.com\/blog\/wp-content\/uploads\/2026\/02\/accessoires-decoratifs-3-640x960.png\" alt=\"accessoires d\u00e9coratifs petit budget moins 20 euros \" class=\"wp-image-87908\" title=\"accessoires d\u00e9coratifs petit budget moins 20 euros \" srcset=\"https:\/\/www.cocondedecoration.com\/blog\/wp-content\/uploads\/2026\/02\/accessoires-decoratifs-3-640x960.png 640w, https:\/\/www.cocondedecoration.com\/blog\/wp-content\/uploads\/2026\/02\/accessoires-decoratifs-3-260x390.png 260w, https:\/\/www.cocondedecoration.com\/blog\/wp-content\/uploads\/2026\/02\/accessoires-decoratifs-3-768x1152.png 768w, https:\/\/www.cocondedecoration.com\/blog\/wp-content\/uploads\/2026\/02\/accessoires-decoratifs-3-367x550.png 367w, https:\/\/www.cocondedecoration.com\/blog\/wp-content\/uploads\/2026\/02\/accessoires-decoratifs-3-333x500.png 333w, https:\/\/www.cocondedecoration.com\/blog\/wp-content\/uploads\/2026\/02\/accessoires-decoratifs-3.png 1000w\" sizes=\"(max-width: 640px) 100vw, 640px\" \/><\/a><figcaption class=\"wp-element-caption\">\u2192 <a href=\"https:\/\/www.cocondedecoration.com\/blog\/2022\/11\/cadeaux-deco-moins-de-20-euros\/\" target=\"_blank\" rel=\"noopener\" title=\"\">Accessoires d\u00e9co \u00e0 moins de 20\u20ac pour d\u00e9corer sans se ruiner<\/a><\/figcaption><\/figure>\n<\/div>\n\n\n\n<div class=\"wp-block-cb-slide\">\n<figure class=\"wp-block-image size-large\"><a href=\"https:\/\/www.cocondedecoration.com\/blog\/wp-content\/uploads\/2026\/02\/accessoires-decoratifs-4.png\"><img loading=\"lazy\" decoding=\"async\" width=\"640\" height=\"960\" src=\"https:\/\/www.cocondedecoration.com\/blog\/wp-content\/uploads\/2026\/02\/accessoires-decoratifs-4-640x960.png\" alt=\"accessoires d\u00e9coratifs s\u00e9lection de vases \" class=\"wp-image-87909\" title=\"accessoires d\u00e9coratifs s\u00e9lection de vases \" srcset=\"https:\/\/www.cocondedecoration.com\/blog\/wp-content\/uploads\/2026\/02\/accessoires-decoratifs-4-640x960.png 640w, https:\/\/www.cocondedecoration.com\/blog\/wp-content\/uploads\/2026\/02\/accessoires-decoratifs-4-260x390.png 260w, https:\/\/www.cocondedecoration.com\/blog\/wp-content\/uploads\/2026\/02\/accessoires-decoratifs-4-768x1152.png 768w, https:\/\/www.cocondedecoration.com\/blog\/wp-content\/uploads\/2026\/02\/accessoires-decoratifs-4-367x550.png 367w, https:\/\/www.cocondedecoration.com\/blog\/wp-content\/uploads\/2026\/02\/accessoires-decoratifs-4-333x500.png 333w, https:\/\/www.cocondedecoration.com\/blog\/wp-content\/uploads\/2026\/02\/accessoires-decoratifs-4.png 1000w\" sizes=\"(max-width: 640px) 100vw, 640px\" \/><\/a><figcaption class=\"wp-element-caption\">\u2192 <a href=\"https:\/\/www.cocondedecoration.com\/blog\/2020\/12\/ou-trouver-jolis-vases\/\" target=\"_blank\" rel=\"noopener\" title=\"\">Toutes les occasions sont bonnes pour offrir un joli vase<\/a><\/figcaption><\/figure>\n<\/div>\n\n\n\n<div class=\"wp-block-cb-slide\">\n<figure class=\"wp-block-image size-large\"><a href=\"https:\/\/www.cocondedecoration.com\/blog\/wp-content\/uploads\/2026\/02\/accessoires-decoratifs-5.png\"><img loading=\"lazy\" decoding=\"async\" width=\"640\" height=\"960\" src=\"https:\/\/www.cocondedecoration.com\/blog\/wp-content\/uploads\/2026\/02\/accessoires-decoratifs-5-640x960.png\" alt=\"accessoires d\u00e9coratifs couleur bleu\" class=\"wp-image-87910\" title=\"accessoires d\u00e9coratifs couleur bleu\" srcset=\"https:\/\/www.cocondedecoration.com\/blog\/wp-content\/uploads\/2026\/02\/accessoires-decoratifs-5-640x960.png 640w, https:\/\/www.cocondedecoration.com\/blog\/wp-content\/uploads\/2026\/02\/accessoires-decoratifs-5-260x390.png 260w, https:\/\/www.cocondedecoration.com\/blog\/wp-content\/uploads\/2026\/02\/accessoires-decoratifs-5-768x1152.png 768w, https:\/\/www.cocondedecoration.com\/blog\/wp-content\/uploads\/2026\/02\/accessoires-decoratifs-5-367x550.png 367w, https:\/\/www.cocondedecoration.com\/blog\/wp-content\/uploads\/2026\/02\/accessoires-decoratifs-5-333x500.png 333w, https:\/\/www.cocondedecoration.com\/blog\/wp-content\/uploads\/2026\/02\/accessoires-decoratifs-5.png 1000w\" sizes=\"(max-width: 640px) 100vw, 640px\" \/><\/a><figcaption class=\"wp-element-caption\">\u2192 <a href=\"https:\/\/www.cocondedecoration.com\/blog\/2024\/12\/meuble-decoration-couleur-bleu\/\" target=\"_blank\" rel=\"noopener\" title=\"\">Cr\u00e9ez une ambiance \u00e9l\u00e9gante et calme gr\u00e2ce au bleu d\u00e9co<\/a><\/figcaption><\/figure>\n<\/div>\n\n\n\n<div class=\"wp-block-cb-slide\">\n<figure class=\"wp-block-image size-large\"><a href=\"https:\/\/www.cocondedecoration.com\/blog\/wp-content\/uploads\/2026\/02\/accessoires-decoratifs-6.png\"><img loading=\"lazy\" decoding=\"async\" width=\"640\" height=\"960\" src=\"https:\/\/www.cocondedecoration.com\/blog\/wp-content\/uploads\/2026\/02\/accessoires-decoratifs-6-640x960.png\" alt=\"accessoires d\u00e9coratifs motif l\u00e9opard\" class=\"wp-image-87911\" title=\"accessoires d\u00e9coratifs motif l\u00e9opard\" srcset=\"https:\/\/www.cocondedecoration.com\/blog\/wp-content\/uploads\/2026\/02\/accessoires-decoratifs-6-640x960.png 640w, https:\/\/www.cocondedecoration.com\/blog\/wp-content\/uploads\/2026\/02\/accessoires-decoratifs-6-260x390.png 260w, https:\/\/www.cocondedecoration.com\/blog\/wp-content\/uploads\/2026\/02\/accessoires-decoratifs-6-768x1152.png 768w, https:\/\/www.cocondedecoration.com\/blog\/wp-content\/uploads\/2026\/02\/accessoires-decoratifs-6-367x550.png 367w, https:\/\/www.cocondedecoration.com\/blog\/wp-content\/uploads\/2026\/02\/accessoires-decoratifs-6-333x500.png 333w, https:\/\/www.cocondedecoration.com\/blog\/wp-content\/uploads\/2026\/02\/accessoires-decoratifs-6.png 1000w\" sizes=\"(max-width: 640px) 100vw, 640px\" \/><\/a><figcaption class=\"wp-element-caption\">\u2192 <a href=\"https:\/\/www.cocondedecoration.com\/blog\/2025\/10\/deco-leopard-maison\/\" target=\"_blank\" rel=\"noopener\" title=\"\">Osez le motif l\u00e9opard pour dynamiser votre d\u00e9co int\u00e9rieure<\/a><\/figcaption><\/figure>\n<\/div>\n\n\n\n<div class=\"wp-block-cb-slide\">\n<figure class=\"wp-block-image size-large\"><a href=\"https:\/\/www.cocondedecoration.com\/blog\/wp-content\/uploads\/2026\/02\/accessoires-decoratifs-7.png\"><img loading=\"lazy\" decoding=\"async\" width=\"640\" height=\"960\" src=\"https:\/\/www.cocondedecoration.com\/blog\/wp-content\/uploads\/2026\/02\/accessoires-decoratifs-7-640x960.png\" alt=\"accessoires d\u00e9coratifs linge de lit \u00e0 rayures \" class=\"wp-image-87912\" title=\"accessoires d\u00e9coratifs linge de lit \u00e0 rayures \" srcset=\"https:\/\/www.cocondedecoration.com\/blog\/wp-content\/uploads\/2026\/02\/accessoires-decoratifs-7-640x960.png 640w, https:\/\/www.cocondedecoration.com\/blog\/wp-content\/uploads\/2026\/02\/accessoires-decoratifs-7-260x390.png 260w, https:\/\/www.cocondedecoration.com\/blog\/wp-content\/uploads\/2026\/02\/accessoires-decoratifs-7-768x1152.png 768w, https:\/\/www.cocondedecoration.com\/blog\/wp-content\/uploads\/2026\/02\/accessoires-decoratifs-7-367x550.png 367w, https:\/\/www.cocondedecoration.com\/blog\/wp-content\/uploads\/2026\/02\/accessoires-decoratifs-7-333x500.png 333w, https:\/\/www.cocondedecoration.com\/blog\/wp-content\/uploads\/2026\/02\/accessoires-decoratifs-7.png 1000w\" sizes=\"(max-width: 640px) 100vw, 640px\" \/><\/a><figcaption class=\"wp-element-caption\">\u2192 <a href=\"https:\/\/www.cocondedecoration.com\/blog\/2025\/12\/linge-de-lit-rayures\/\" target=\"_blank\" rel=\"noopener\" title=\"\">Une touche moderne et color\u00e9e dans la chambre avec le linge de lit \u00e0 rayures<\/a><\/figcaption><\/figure>\n<\/div>\n<\/div>\n\n\n\n<p class=\"has-small-font-size\">Pour plus d'id\u00e9es au quotidien rejoignez moi sur <a href=\"https:\/\/www.threads.com\/@cocondedeco\" target=\"_blank\" rel=\"noopener\" title=\"\">Threads<\/a> ou sur <a href=\"https:\/\/fr.pinterest.com\/cocondedeco\/\" target=\"_blank\" rel=\"noopener\" title=\"\">Pinterest<\/a><\/p>\n\n\n\n<p class=\"has-text-align-left has-small-font-size\">Source de l'image \u00e0 la une: trendyarchitecture.com<br>Article mis \u00e0 jour en septembre 2023 + mars 2026<\/p>\n","protected":false},"excerpt":{"rendered":"<p>Le printemps est une saison de renouveau. Et si c&rsquo;\u00e9tait la bonne p\u00e9riode pour cr\u00e9er une d\u00e9co plus slow et naturelle dans votre Home Sweet Home? <span class=\"more-link\"><a href=\"https:\/\/www.cocondedecoration.com\/blog\/2020\/02\/slow-deco-une-deco-slow-avec-larrivee-du-printemps\/\">Lire la suite<\/a><\/span><\/p>\n","protected":false},"author":1,"featured_media":88460,"comment_status":"open","ping_status":"open","sticky":false,"template":"","format":"standard","meta":{"om_disable_all_campaigns":false,"_monsterinsights_skip_tracking":false,"_monsterinsights_sitenote_active":false,"_monsterinsights_sitenote_note":"","_monsterinsights_sitenote_category":0,"_uf_show_specific_survey":0,"_uf_disable_surveys":false,"footnotes":""},"categories":[44587,10019],"tags":[6554,6557,24435,6563,6550,6562,6549,6559,4192,24429,24428,24431,6546,6547,14310,6553,6552,6551,6560,5329,6548,6561,6558,24436,24438,24437,6555,14066,24434,24433,20733,24430,24432],"aioseo_notices":[],"_links":{"self":[{"href":"https:\/\/www.cocondedecoration.com\/blog\/wp-json\/wp\/v2\/posts\/23910"}],"collection":[{"href":"https:\/\/www.cocondedecoration.com\/blog\/wp-json\/wp\/v2\/posts"}],"about":[{"href":"https:\/\/www.cocondedecoration.com\/blog\/wp-json\/wp\/v2\/types\/post"}],"author":[{"embeddable":true,"href":"https:\/\/www.cocondedecoration.com\/blog\/wp-json\/wp\/v2\/users\/1"}],"replies":[{"embeddable":true,"href":"https:\/\/www.cocondedecoration.com\/blog\/wp-json\/wp\/v2\/comments?post=23910"}],"version-history":[{"count":3,"href":"https:\/\/www.cocondedecoration.com\/blog\/wp-json\/wp\/v2\/posts\/23910\/revisions"}],"predecessor-version":[{"id":88462,"href":"https:\/\/www.cocondedecoration.com\/blog\/wp-json\/wp\/v2\/posts\/23910\/revisions\/88462"}],"wp:featuredmedia":[{"embeddable":true,"href":"https:\/\/www.cocondedecoration.com\/blog\/wp-json\/wp\/v2\/media\/88460"}],"wp:attachment":[{"href":"https:\/\/www.cocondedecoration.com\/blog\/wp-json\/wp\/v2\/media?parent=23910"}],"wp:term":[{"taxonomy":"category","embeddable":true,"href":"https:\/\/www.cocondedecoration.com\/blog\/wp-json\/wp\/v2\/categories?post=23910"},{"taxonomy":"post_tag","embeddable":true,"href":"https:\/\/www.cocondedecoration.com\/blog\/wp-json\/wp\/v2\/tags?post=23910"}],"curies":[{"name":"wp","href":"https:\/\/api.w.org\/{rel}","templated":true}]}}