{"id":23601,"date":"2020-02-07T11:31:43","date_gmt":"2020-02-07T09:31:43","guid":{"rendered":"http:\/\/www.cocondedecoration.com\/blog\/?p=23601"},"modified":"2020-02-07T11:31:43","modified_gmt":"2020-02-07T09:31:43","slug":"decollectif-cest-quoi-une-deco-moche","status":"publish","type":"post","link":"https:\/\/www.cocondedecoration.com\/blog\/2020\/02\/decollectif-cest-quoi-une-deco-moche\/","title":{"rendered":"[DECOllectif] C&rsquo;est quoi une d\u00e9co moche?"},"content":{"rendered":"<p style=\"text-align: justify;\">Aujourd'hui, j'ai le plaisir de vous proposer un article un peu sp\u00e9cial. Il est question de d\u00e9coration, \u00e7a, \u00e7a ne change pas. En revanche, il fait partie d'un des projets de 2020 pour lequel j'ai beaucoup de plaisir \u00e0 en faire partie. Ce projet s'appelle DECOllectif, un collectif de blogueuses dont je vais vous parler juste apr\u00e8s. Et r\u00e9guli\u00e8rement, on va \u00eatre plusieurs blogueuses d\u00e9co \u00e0 \u00e9crire sur une m\u00eame th\u00e9matique d\u00e9co. Pour ce premier article, la th\u00e9matique est un peu d\u00e9cal\u00e9e et on va se demander: qu'est-ce qu'une d\u00e9co moche? M\u00eame si la question me fait beaucoup rire, en pr\u00e9parant cet article, je me suis rendue compte que ce n'\u00e9tait pas si facile que \u00e7a d'y r\u00e9pondre...<\/p>\n<p style=\"text-align: justify;\"><!--more--><\/p>\n<p style=\"text-align: justify;\"><a href=\"http:\/\/eepurl.com\/dnxxhP\" target=\"_blank\" rel=\"noopener\"><img loading=\"lazy\" decoding=\"async\" class=\"aligncenter wp-image-22385 size-full\" src=\"http:\/\/www.cocondedecoration.com\/blog\/wp-content\/uploads\/2019\/10\/newsletter-deco-gratuite.png\" alt=\"newsletter deco gratuite\" width=\"728\" height=\"90\" srcset=\"https:\/\/www.cocondedecoration.com\/blog\/wp-content\/uploads\/2019\/10\/newsletter-deco-gratuite.png 728w, https:\/\/www.cocondedecoration.com\/blog\/wp-content\/uploads\/2019\/10\/newsletter-deco-gratuite-260x32.png 260w, https:\/\/www.cocondedecoration.com\/blog\/wp-content\/uploads\/2019\/10\/newsletter-deco-gratuite-640x79.png 640w, https:\/\/www.cocondedecoration.com\/blog\/wp-content\/uploads\/2019\/10\/newsletter-deco-gratuite-720x90.png 720w\" sizes=\"(max-width: 728px) 100vw, 728px\" \/><\/a><\/p>\n<h2 style=\"text-align: justify;\">DECOllectif, un collectif de blogueuses qui remue les id\u00e9es d\u00e9co<\/h2>\n<p style=\"text-align: justify;\">Il y a quelques semaines, Ga\u00eblle m'a contact\u00e9e pour me proposer d'int\u00e9grer son projet: un collectif de blogueuses d\u00e9co. J'ai tout de suite \u00e9t\u00e9 s\u00e9duite par l'id\u00e9e, j'ai vu \u00e7a comme un challenge. Ecrire sur des th\u00e9matiques d\u00e9co auxquelles je n'aurais pas forc\u00e9ment pens\u00e9es de moi-m\u00eame. J'aime aussi l'id\u00e9e de d\u00e9couvrir ce que pensent les autres blogueuses. G\u00e9n\u00e9ralement quand il est question de tendances par exemple on \u00e9crit des choses similaires avec une variation de sensibilit\u00e9 qui nous est propre. Mais la tendance, \u00e7a va un moment. Et on a eu envie de s'en d\u00e9tacher un peu. On est passionn\u00e9es de d\u00e9co, on aime \u00e9crire \u00e0 ce propos. Et le collectif nous permet de vous offrir une nouvelle dimension \u00e0 tout cela. En r\u00e9alit\u00e9, cette dimension aura 5 facettes pour commencer puisque nous sommes 5 blogueuses.<br \/>\nQui se cache derri\u00e8re DECOllectif? Nous sommes 5. Ga\u00eblle, l'instigatrice du collectif, vous la connaissez probablement gr\u00e2ce \u00e0 son blog <a href=\"http:\/\/www.apartca-blog.com\/\" target=\"_blank\" rel=\"noopener\">A part \u00e7a...<\/a> Il y a aussi V\u00e9ronique du blog <a href=\"http:\/\/berenicebig.blogspot.com\/\" target=\"_blank\" rel=\"noopener\">B\u00e9r\u00e9nice Big<\/a>. Laure du blog <a href=\"https:\/\/www.decoatouslesetages.fr\/category\/blog\/\" target=\"_blank\" rel=\"noopener\">A tous les \u00e9tages<\/a>. Cl\u00e9mence du blog <a href=\"https:\/\/www.turbulences-deco.fr\/\" target=\"_blank\" rel=\"noopener\">Turbulences D\u00e9co<\/a>. Et moi. Tous les 5, nous avons des univers assez diff\u00e9rents. On parle toutes de d\u00e9coration mais de mani\u00e8res diff\u00e9rentes. Par cons\u00e9quent, quand tous les 2 mois, on va se \"r\u00e9unir\" virtuellement autour d'une th\u00e9matique d\u00e9co, \u00e7a devrait vous offrir une large palette d'id\u00e9es.<br \/>\nComme je le disais en introduction et dans le titre de cet article, la premi\u00e8re th\u00e9matique qu'on a eu envie d'aborder est assez d\u00e9cal\u00e9e. On va se demander: qu'est-ce qu'une d\u00e9co moche?<\/p>\n<h2 style=\"text-align: justify;\">Est-ce qu'une d\u00e9coration moche \u00e7a existe vraiment?<\/h2>\n<p style=\"text-align: justify;\">Les go\u00fbts et les couleurs, \u00e7a ne se discute pas, parait-il. Quand j'ai commenc\u00e9 \u00e0 me poser la question de la d\u00e9co moche, je me suis dit que c'\u00e9tait un peu comme un enfant qui mange un plat qu'il n'aime pas. Il va dire: \"c'est pas bon\" et les parents vont le reprendre en disant: \"Ce n'est pas que c'est pas bon. C'est que tu n'aimes pas.\" (Ca sent le v\u00e9cu! Quand j'\u00e9tais gamine, j'\u00e9tais super compliqu\u00e9e niveau bouffe...) A mon sens, la d\u00e9coration c'est la m\u00eame chose. Tout peut \u00eatre beau mais il y a des choses que je n'aime pas. Il y a des couleurs que je trouve sp\u00e9cialement laides. Il y a des tendances qui ne me parlent pas. Il y a aussi d'autres ambiances qui vont me faire tiquer et pas qu'un peu. Et tout \u00e7a g\u00e9n\u00e9ralement je n'en parle pas ici sur le blog. Je n'en vois pas l'int\u00e9r\u00eat. #jusquel\u00e0jenememouillepastrop<\/p>\n<h2 style=\"text-align: justify;\">La question de la couleur dans une d\u00e9co moche<\/h2>\n<p style=\"text-align: justify;\">Comme je viens de le dire, la mochet\u00e9 de la d\u00e9co est tr\u00e8s subjective. Et chez moi, il y a des couleurs que je n'aime pas. Eventuellement, je peux les appr\u00e9cier de loin mais je ne les utiliserai pas dans mon int\u00e9rieur si j'en avais un, je n'en parlerai pas non plus sur le blog. Dans les couleurs que je n'aime pas, il y a le marron. Pendant plus de 30 ans, j'ai refus\u00e9 de manger des plats marrons pour vous donner une id\u00e9e. Le marron chocolat, le marron glac\u00e9... C'est non. Ca ne me parle pas et si \u00e7a me parle ce n'est pas en positif. C'est une couleur que je trouve \u00e9teinte. Je sais que dans mes lectrices il y en a qui aiment le marron, mais elles savent aussi que ce n'est pas ici qu'elles trouveront des id\u00e9es pour utiliser cette couleur dans leur int\u00e9rieur.<br \/>\nNuance de marron qui ne me plait pas des masses: le beige. L\u00e0 aussi c'est une couleur dont je parle peu ici. Ca ne passe pas tr\u00e8s bien. J'ai d\u00e9j\u00e0 eu un appart qui \u00e9tait beige. Dans l'absolu l'appart \u00e9tait tr\u00e8s charmant. Mais cette couleur m'a s\u00e9v\u00e8rement pes\u00e9 sur le moral. On est rest\u00e9 9 mois dans cet appartement. Il n'y avait pas qu'un probl\u00e8me de couleurs, je vous rassure. Mais une fois qu'on a d\u00e9m\u00e9nag\u00e9, le moral \u00e9tait moins triste (vraiment moins triste!) #tendancebeurck<\/p>\n<figure id=\"attachment_23699\" aria-describedby=\"caption-attachment-23699\" style=\"width: 1587px\" class=\"wp-caption aligncenter\"><img loading=\"lazy\" decoding=\"async\" class=\"wp-image-23699 size-full\" title=\"decollectif cest quoi une deco moche 2\" src=\"http:\/\/www.cocondedecoration.com\/blog\/wp-content\/uploads\/2020\/02\/decollectif-cest-quoi-une-deco-moche-2.jpg\" alt=\"decollectif cest quoi une deco moche 2\" width=\"1587\" height=\"2245\" srcset=\"https:\/\/www.cocondedecoration.com\/blog\/wp-content\/uploads\/2020\/02\/decollectif-cest-quoi-une-deco-moche-2.jpg 1587w, https:\/\/www.cocondedecoration.com\/blog\/wp-content\/uploads\/2020\/02\/decollectif-cest-quoi-une-deco-moche-2-260x368.jpg 260w, https:\/\/www.cocondedecoration.com\/blog\/wp-content\/uploads\/2020\/02\/decollectif-cest-quoi-une-deco-moche-2-768x1086.jpg 768w, https:\/\/www.cocondedecoration.com\/blog\/wp-content\/uploads\/2020\/02\/decollectif-cest-quoi-une-deco-moche-2-640x905.jpg 640w, https:\/\/www.cocondedecoration.com\/blog\/wp-content\/uploads\/2020\/02\/decollectif-cest-quoi-une-deco-moche-2-1080x1528.jpg 1080w\" sizes=\"(max-width: 1587px) 100vw, 1587px\" \/><figcaption id=\"caption-attachment-23699\" class=\"wp-caption-text\">Source des images: <a href=\"https:\/\/avantela.com\/home\/living-room\/beige-living-room-ideas\/\" target=\"_blank\" rel=\"noopener\">1<\/a> \/ <a href=\"https:\/\/www.casaroanne.com\/amusing-home-theatre-decorating-ideas-give-comfortable-feel-in-our-house\/\" target=\"_blank\" rel=\"noopener\">2<\/a> \/ <a href=\"http:\/\/charismahomedecor.com\/elegant-home-decor-unique-wall-design-ideas\/\" target=\"_blank\" rel=\"noopener\">3<\/a> \/ <a href=\"https:\/\/heldasite.wordpress.com\/2016\/07\/29\/brown-wall-combined-with-white-wall-brown-bedroom-ideas-can-add-the-beauty-inside-modern-bedroom-design-ideas-with-black-carpet-on-the-white-ceramics-floor-x\/\" target=\"_blank\" rel=\"noopener\">4<\/a> \/ <a href=\"https:\/\/www.realsimple.com\/home-organizing\/home-improvement\/painting\/best-paint-brands\" target=\"_blank\" rel=\"noopener\">5<\/a><\/figcaption><\/figure>\n<p style=\"text-align: justify;\">Passons au rouge. C'est aussi une couleur que je n'affectionne pas sp\u00e9cialement mais c'est plus nuanc\u00e9. Le rouge bordeaux, le rouge lie de vin, \u00e7a passe bien. Les rouges qui tirent vers d'autres couleurs aussi passent la plupart du temps. Non, mon soucis est avec les teintes vives de rouge. Trop violent \u00e0 mon go\u00fbt. En plus dans mon esprit, le rouge est aussi associ\u00e9 \u00e0 l'interdiction. Ca ne peut pas coller. Je d\u00e9teste \u00e7a.<br \/>\nLe saumon est une couleur qui me laisse un peu dubitative. L\u00e0 aussi dans mon esprit \u00e7a renvoie \u00e0 quelque chose et c'est assez abstrait. Peut-\u00eatre les ann\u00e9es 80. Je ne sais pas. En revanche, je trouve cette couleur d\u00e9pass\u00e9e, sans vie...<br \/>\nEnfin pour terminer, l'association orange \/ vert ou orange \/ violet, \u00e7a me d\u00e9passe. Je vois l'id\u00e9e de contraste. Je ne vois pas d'harmonie pour autant. Ca me fait penser au Joker de Batman, pas dans un film en particulier, c'est juste que dans mon esprit le contraste est repr\u00e9sent\u00e9 par cet anti-h\u00e9ros.\u00a0 Heureusement en d\u00e9coration ces deux associations de couleurs ne sont pas souvent utilis\u00e9es et ne sont pas non plus tendance. Je ne les vois pas souvent sur mon \u00e9cran et c'est tr\u00e8s bien! #jailesyeuxquibrulent<\/p>\n<figure id=\"attachment_23700\" aria-describedby=\"caption-attachment-23700\" style=\"width: 1587px\" class=\"wp-caption aligncenter\"><img loading=\"lazy\" decoding=\"async\" class=\"wp-image-23700 size-full\" title=\"decollectif cest quoi une deco moche 3\" src=\"http:\/\/www.cocondedecoration.com\/blog\/wp-content\/uploads\/2020\/02\/decollectif-cest-quoi-une-deco-moche-3.jpg\" alt=\"decollectif cest quoi une deco moche 3\" width=\"1587\" height=\"2245\" srcset=\"https:\/\/www.cocondedecoration.com\/blog\/wp-content\/uploads\/2020\/02\/decollectif-cest-quoi-une-deco-moche-3.jpg 1587w, https:\/\/www.cocondedecoration.com\/blog\/wp-content\/uploads\/2020\/02\/decollectif-cest-quoi-une-deco-moche-3-260x368.jpg 260w, https:\/\/www.cocondedecoration.com\/blog\/wp-content\/uploads\/2020\/02\/decollectif-cest-quoi-une-deco-moche-3-768x1086.jpg 768w, https:\/\/www.cocondedecoration.com\/blog\/wp-content\/uploads\/2020\/02\/decollectif-cest-quoi-une-deco-moche-3-640x905.jpg 640w, https:\/\/www.cocondedecoration.com\/blog\/wp-content\/uploads\/2020\/02\/decollectif-cest-quoi-une-deco-moche-3-1080x1528.jpg 1080w\" sizes=\"(max-width: 1587px) 100vw, 1587px\" \/><figcaption id=\"caption-attachment-23700\" class=\"wp-caption-text\">Sources des images: <a href=\"https:\/\/sterlingenergy.info\/25-top-photos-ideas-for-red-white-and-black-room-ideas\/\" target=\"_blank\" rel=\"noopener\">1<\/a> \/ <a href=\"https:\/\/www.pinterest.fr\/pin\/87890630201906038\/?lp=true\" target=\"_blank\" rel=\"noopener\">2<\/a> \/ <a href=\"https:\/\/www.housebeautiful.com\/room-decorating\/colors\/g757\/color-meaning\/\" target=\"_blank\" rel=\"noopener\">3<\/a> \/ <a href=\"https:\/\/www.hgtv.com\/design\/rooms\/bathrooms\/red-bathroom-decor\" target=\"_blank\" rel=\"noopener\">4<\/a> \/ <a href=\"http:\/\/spacitylife.blogspot.com\/2014\/07\/cozy-and-inspiring-bedroom-decorating.html\" target=\"_blank\" rel=\"noopener\">5<\/a><\/figcaption><\/figure>\n<h2 style=\"text-align: justify;\">Une d\u00e9co moche c'est un int\u00e9rieur sans personnalit\u00e9<\/h2>\n<p style=\"text-align: justify;\">M\u00eame si j'aime beaucoup de choses en mati\u00e8re de d\u00e9coration, je n'ai eu besoin de chercher tr\u00e8s loin dans mon exp\u00e9rience pour avoir une id\u00e9e pr\u00e9cise de la d\u00e9co moche. En Inde, on a eu des exemples \u00e0 foison de d\u00e9co hideuse. On ne vit pas dans des h\u00f4tels de luxe bien au contraire. On vit dans des guesthouses tr\u00e8s simples et en Inde, les conceptions de la d\u00e9coration et du confort sont sensiblement diff\u00e9rentes de la France.<br \/>\nIl n'y a pas de personnalit\u00e9 dans les int\u00e9rieurs indiens. Il y a des couleurs sur les murs. Pas parce que \u00e7a va donner du style, juste parce qu'il faut mettre de la peinture. Il y a aussi du carrelage en soubassement. Et ce carrelage n'est pas forc\u00e9ment joli. Le mariage carrelage et peinture, c'est un joyeux bordel tr\u00e8s laid. Il y a aussi l'histoire du mobilier. Maintenant, \u00e7a me fait ni chaud ni froid, mais je vis en Asie depuis plus de 3 ans. J'ai eu le temps de m'y habituer. Mais le coup des chaises de jardin en plastique marron en guise de chaises \/ fauteuils dans une pi\u00e8ce... Euh, \u00e7a laisse perplexe. Idem pour les meubles 50 fois trop imposants et trop sombres pour la taille de la pi\u00e8ce. En Inde, ils ont des cadres aussi dans la maison. Mais ce n'est pas d\u00e9coratif. Ce sont des portait des a\u00efeuls de la famille, avec des guirlandes de fleurs pour les honorer. Je parle de l'Inde parce que \u00e7a reste le pays o\u00f9 on a pass\u00e9 le plus de temps jusqu'\u00e0 pr\u00e9sent. Mais les autres pays d'Asie ne sont pas en reste quand il est question de manque de personnalit\u00e9 dans la d\u00e9co. Couleur, d\u00e9co, mobilier, c'est mis \u00e0 la va comme je te pousse. Et le flou artistique du r\u00e9sultat est esth\u00e9tiquement pas tr\u00e8s joli.<br \/>\nEn France, j'ai rarement vu des int\u00e9rieurs moches. J'avais une copine, sa d\u00e9co ne me parlait vraiment pas. C'\u00e9tait moins flagrant que les int\u00e9rieurs en Asie mais l'id\u00e9e \u00e9tait l\u00e0. Il n'y avait pas de personnalit\u00e9, juste des meubles et de la d\u00e9co associ\u00e9s sans qu'il n'y ait de sens. Il n'y avait pas de personnalit\u00e9 dans son int\u00e9rieur. J'aime pourtant les int\u00e9rieurs qui m\u00e9langent les styles. Mais chez elle, dans ses diff\u00e9rents appartements, il y a toujours eu un manque. Ca ne lui ressemblait pas tant que \u00e7a. Ce n'\u00e9tait pas vide. Mais c'\u00e9tait chiant et toujours un peu triste. #cherchepersonnalit\u00e9deadoralive<\/p>\n<figure id=\"attachment_23702\" aria-describedby=\"caption-attachment-23702\" style=\"width: 1587px\" class=\"wp-caption aligncenter\"><img loading=\"lazy\" decoding=\"async\" class=\"wp-image-23702 size-full\" title=\"decollectif cest quoi une deco moche 4\" src=\"http:\/\/www.cocondedecoration.com\/blog\/wp-content\/uploads\/2020\/02\/decollectif-cest-quoi-une-deco-moche-4.jpg\" alt=\"decollectif cest quoi une deco moche 4\" width=\"1587\" height=\"2245\" srcset=\"https:\/\/www.cocondedecoration.com\/blog\/wp-content\/uploads\/2020\/02\/decollectif-cest-quoi-une-deco-moche-4.jpg 1587w, https:\/\/www.cocondedecoration.com\/blog\/wp-content\/uploads\/2020\/02\/decollectif-cest-quoi-une-deco-moche-4-260x368.jpg 260w, https:\/\/www.cocondedecoration.com\/blog\/wp-content\/uploads\/2020\/02\/decollectif-cest-quoi-une-deco-moche-4-768x1086.jpg 768w, https:\/\/www.cocondedecoration.com\/blog\/wp-content\/uploads\/2020\/02\/decollectif-cest-quoi-une-deco-moche-4-640x905.jpg 640w, https:\/\/www.cocondedecoration.com\/blog\/wp-content\/uploads\/2020\/02\/decollectif-cest-quoi-une-deco-moche-4-1080x1528.jpg 1080w\" sizes=\"(max-width: 1587px) 100vw, 1587px\" \/><figcaption id=\"caption-attachment-23702\" class=\"wp-caption-text\">Sources des images: <a href=\"http:\/\/www.home-designing.com\/3-modern-minimalist-homes-with-chinese-design-elements\" target=\"_blank\" rel=\"noopener\">1<\/a> \/ <a href=\"https:\/\/www.nerolac.com\/blog\/two-colour-combination-ideas-for-awesome-bedroom-decor\" target=\"_blank\" rel=\"noopener\">2<\/a> \/ <a href=\"https:\/\/trip101.com\/article\/vacation-rentals-in-30a\" target=\"_blank\" rel=\"noopener\">3<\/a> \/ <a href=\"https:\/\/livinator.com\/minimalist-interior-design-is-maximum-on-style\/\" target=\"_blank\" rel=\"noopener\">4<\/a> \/<a href=\"http:\/\/www.home-designing.com\/2012\/01\/yellow-room-inspiration-55-rooms-for-your-viewing-pleasure\" target=\"_blank\" rel=\"noopener\"> 5<\/a><\/figcaption><\/figure>\n<h2 style=\"text-align: justify;\">Ces tendances d\u00e9co qui ne me parlent pas des masses<\/h2>\n<p style=\"text-align: justify;\">On a parl\u00e9 de couleurs, de personnalit\u00e9, passons maintenant aux tendances. Elles font partie de mon quotidien avec le blog. Et je ne suis pas parfaite, je n'aime pas tout. Il y a quelques tendances qui ne me parlent pas pour diff\u00e9rentes raisons. D'ailleurs, \u00e7a se sent ici, j'en parle rarement. Parfois je prends sur moi, j'essaye de d\u00e9passer ce que je ressens. Mais \u00e7a me coute et au final un article me suffit amplement.<br \/>\nIl y a la tendance boh\u00e8me. Je l'aime sur le papier. je la trouve ridicule la plupart du temps en application. J'aime le c\u00f4t\u00e9 voyage et le c\u00f4t\u00e9 souvenir qui sont v\u00e9hicul\u00e9s par cette tendance. J'aime beaucoup moins l'accumulation qui va avec. J'aime encore moins l'aspect commercial de cette tendance. Aller chez Action pour acheter de la d\u00e9co et cr\u00e9er une ambiance boh\u00e8me, je suis d\u00e9sol\u00e9e, mais \u00e7a ne correspond pas trop avec mon id\u00e9e de voyage ou de souvenir. Cette tendance a tellement \u00e9t\u00e9 aseptis\u00e9e et reprise par les enseignes bon march\u00e9 qu'elle en a perdu son sens premier. J'aimais le c\u00f4t\u00e9 un peu bord\u00e9lique organis\u00e9 des souvenirs et des cultures. Mais maintenant \u00e0 mon sens c'est surtout une ode \u00e0 la mondialisation. L'appropriation culturelle me d\u00e9range dans le sens o\u00f9 on prend un objet venu de tr\u00e8s loin juste parce qu'il est d\u00e9co mais on ne pousse pas la curiosit\u00e9 plus loin. On ne cherche pas \u00e0 en savoir plus sur la culture d'o\u00f9 vient l'objet. Je trouve \u00e7a triste.<br \/>\nIl y a aussi la tendance kinfolk. Je la trouve tr\u00e8s jolie. Mais elle v\u00e9hicule un message que je n'aime pas. Je trouve cette tendance m-a-tu-vu. As-tu remarqu\u00e9 comme mon int\u00e9rieur est parfait? As-tu remarqu\u00e9 comme j'ai su associer mes valeurs \u00e0 mon int\u00e9rieur? As-tu remarqu\u00e9 que ma vie est parfaite? C'est ce que je ressens quand je vois la plupart des int\u00e9rieurs kinfolk. J'aime le mobilier qui a une histoire. J'aime les int\u00e9rieurs lumineux. J'aime quand c'est a\u00e9r\u00e9, espac\u00e9. Mais je n'aime pas cet \u00e9talage de perfection. J'ai lu des interviews ces derni\u00e8res ann\u00e9es de propri\u00e9taires d'int\u00e9rieur Kinfolk. Ils \u00e9taient tellement parfaits ces gens. Le job parfait, la famille parfaite, la d\u00e9coration parfaite, les parfaites valeurs... Aaaarrrrrggggghhhh! Ca me rend folle parce que je sais qu'on me prend pour une conne l\u00e0 d'un coup! Je sais que tout \u00e7a n'est pas parfait. Alors pourquoi s'\u00e9vertuer \u00e0 nous montrer une fausse image de son chez soi \/ de soi ? Juste pour se la p\u00e9ter? Juste pour \u00e9taler sa r\u00e9ussite? Bref, je trouve \u00e7a tr\u00e8s joli mais aussi tr\u00e8s faux. Dommage! Et perso, je ne veux pas d'une d\u00e9co qui me fasse culpabiliser parce que ma vie n'est pas parfaite. L'imperfection c'est tr\u00e8\u00e8\u00e8\u00e8\u00e8\u00e8\u00e8s bien je trouve! #tropdeperfectiontuelaperfection<\/p>\n<figure id=\"attachment_23703\" aria-describedby=\"caption-attachment-23703\" style=\"width: 1587px\" class=\"wp-caption aligncenter\"><img loading=\"lazy\" decoding=\"async\" class=\"wp-image-23703 size-full\" title=\"decollectif cest quoi une deco moche 5\" src=\"http:\/\/www.cocondedecoration.com\/blog\/wp-content\/uploads\/2020\/02\/decollectif-cest-quoi-une-deco-moche-5.jpg\" alt=\"decollectif cest quoi une deco moche 5\" width=\"1587\" height=\"2245\" srcset=\"https:\/\/www.cocondedecoration.com\/blog\/wp-content\/uploads\/2020\/02\/decollectif-cest-quoi-une-deco-moche-5.jpg 1587w, https:\/\/www.cocondedecoration.com\/blog\/wp-content\/uploads\/2020\/02\/decollectif-cest-quoi-une-deco-moche-5-260x368.jpg 260w, https:\/\/www.cocondedecoration.com\/blog\/wp-content\/uploads\/2020\/02\/decollectif-cest-quoi-une-deco-moche-5-768x1086.jpg 768w, https:\/\/www.cocondedecoration.com\/blog\/wp-content\/uploads\/2020\/02\/decollectif-cest-quoi-une-deco-moche-5-640x905.jpg 640w, https:\/\/www.cocondedecoration.com\/blog\/wp-content\/uploads\/2020\/02\/decollectif-cest-quoi-une-deco-moche-5-1080x1528.jpg 1080w\" sizes=\"(max-width: 1587px) 100vw, 1587px\" \/><figcaption id=\"caption-attachment-23703\" class=\"wp-caption-text\">Sources des images: <a href=\"https:\/\/itsmejd.com\/charming-boho-inspired-home-decor-to-copy\/\" target=\"_blank\" rel=\"noopener\">1<\/a> \/ <a href=\"https:\/\/curatedinterior.com\/bohemian-decor\/\" target=\"_blank\" rel=\"noopener\">2<\/a> \/<a href=\"https:\/\/www.yatzer.com\/the-kinfolk-home-book\" target=\"_blank\" rel=\"noopener\"> 3<\/a> \/ <a href=\"https:\/\/www.thespruce.com\/beautiful-boho-bedroom-decorating-ideas-4119470\" target=\"_blank\" rel=\"noopener\">4<\/a> \/ <a href=\"https:\/\/witanddelight.com\/2017\/12\/amanda-jane-jones-kinfolk-minimalism-making-home-motherhood\/\" target=\"_blank\" rel=\"noopener\">5<\/a> (Vous avez remarqu\u00e9 que bien souvent dans les int\u00e9rieurs kinfolk les gens posaient dedans et semblent si heureux que \u00e7a en est louche...)<\/figcaption><\/figure>\n<h2 style=\"text-align: justify;\">Le grand prix de la d\u00e9co moche: la d\u00e9co cucul<\/h2>\n<p style=\"text-align: justify;\">Si vous me connaissiez dans la vraie vie vous sauriez qu'il y a \u00e9norm\u00e9ment de choses qui me font rire et que je passe une bonne partie de mes journ\u00e9es \u00e0 rire. En plus, j'ai un rire <del>vraiment \u00e0 part<\/del> tr\u00e8s communicatif. Je peux te parler de choses extr\u00eamement s\u00e9rieuses tout en rigolant. Et j'aime la d\u00e9rision. M\u00eame le crucifix au milieu de la chemin\u00e9e dans le salon peut me faire mourir de rire. En revanche, il y a un style de d\u00e9co qui va me faire rire, mais plus dans le sens rire de stress, c'est le style cucul. Et g\u00e9n\u00e9ralement, ce style colle bien avec la personnalit\u00e9 des habitants du foyer. J'ai un probl\u00e8me avec les gens cuculs. La niaiserie, la gentillet\u00e9 (pas la gentillesse, la gentillet\u00e9) \u00e7a me d\u00e9passe. Je ne trouve m\u00eame pas \u00e7a mignon. J'ai juste envie de foutre une bombe pour faire p\u00e9ter ce trop plein de bons sentiments. Je sais que le style cul-cul c'est assez abstrait. C'est une ambiance qui va avec les gens qui vivent dedans. (Je vais t\u00e2cher de vous trouver des images pour vous expliquer visuellement ma pens\u00e9e et vous doutez bien que cette recherche va me faire du mal...) Le trop propret, le trop gentil, le trop de je-t-aime-sur-les-murs-et-ailleurs moi \u00e7a me d\u00e9passe...\u00a0 et pas qu'un peu! #coeuraveclesmainsmaispastrop\u00e7adonnedescrampes<\/p>\n<figure id=\"attachment_23697\" aria-describedby=\"caption-attachment-23697\" style=\"width: 1587px\" class=\"wp-caption aligncenter\"><img loading=\"lazy\" decoding=\"async\" class=\"wp-image-23697 size-full\" title=\"decollectif cest quoi une deco moche 1\" src=\"http:\/\/www.cocondedecoration.com\/blog\/wp-content\/uploads\/2020\/02\/decollectif-cest-quoi-une-deco-moche-1.jpg\" alt=\"decollectif cest quoi une deco moche 1\" width=\"1587\" height=\"2245\" srcset=\"https:\/\/www.cocondedecoration.com\/blog\/wp-content\/uploads\/2020\/02\/decollectif-cest-quoi-une-deco-moche-1.jpg 1587w, https:\/\/www.cocondedecoration.com\/blog\/wp-content\/uploads\/2020\/02\/decollectif-cest-quoi-une-deco-moche-1-260x368.jpg 260w, https:\/\/www.cocondedecoration.com\/blog\/wp-content\/uploads\/2020\/02\/decollectif-cest-quoi-une-deco-moche-1-768x1086.jpg 768w, https:\/\/www.cocondedecoration.com\/blog\/wp-content\/uploads\/2020\/02\/decollectif-cest-quoi-une-deco-moche-1-640x905.jpg 640w, https:\/\/www.cocondedecoration.com\/blog\/wp-content\/uploads\/2020\/02\/decollectif-cest-quoi-une-deco-moche-1-1080x1528.jpg 1080w\" sizes=\"(max-width: 1587px) 100vw, 1587px\" \/><figcaption id=\"caption-attachment-23697\" class=\"wp-caption-text\">Sources des images: <a href=\"https:\/\/wallstickers4you.com\/products\/vinyl-wall-decal-welcome-family-and-friends-quote-words-house-decor-stickers-mural-g1180\" target=\"_blank\" rel=\"noopener\">1<\/a> \/ <a href=\"https:\/\/www.overstock.com\/guides\/popular-interior-design-styles-defined\" target=\"_blank\" rel=\"noopener\">2<\/a> \/ <a href=\"http:\/\/katiemalik.co.uk\/portfolio\/french-shabby-chic-living-room\/\" target=\"_blank\" rel=\"noopener\">3<\/a> \/ <a href=\"https:\/\/decoholic.org\/habby_chic_living_room\/\" target=\"_blank\" rel=\"noopener\">4<\/a> \/ <a href=\"https:\/\/trendehouse.com\/2018\/09\/24\/38-lovely-unique-wall-decoration-ideas-to-create-a-funny-house\/\" target=\"_blank\" rel=\"noopener\">5<\/a><\/figcaption><\/figure>\n<p style=\"text-align: justify;\">Voil\u00e0, voil\u00e0, je crois que j'ai fait le tour de ce que je trouvais moche dans la d\u00e9co. Il y a aussi les trucs hyper kitsch que je trouve moche mais ils sont tellement dr\u00f4les \u00e0 mes yeux qu'ils en deviennent int\u00e9ressants. Et vous, qu'est-ce que vous trouvez moche dans la d\u00e9co? J'ai h\u00e2te de connaitre votre avis \u00e0 ce propos!<\/p>\n<hr \/>\n<h3 style=\"text-align: justify;\">Vous cherchez d'autres id\u00e9es qui vont r\u00e9ellement vous aider pour votre d\u00e9co cette fois?<\/h3>\n<ul style=\"text-align: justify;\">\n<li><a href=\"http:\/\/eepurl.com\/dnxxhP\" target=\"_blank\" rel=\"noopener\"><span style=\"text-decoration: underline;\">[Newsletter] Inscrivez-vous ici pour recevoir la newsletter d\u00e9co gratuitement dans votre boite mail\u00a0<\/span><\/a><\/li>\n<li><a href=\"http:\/\/www.cocondedecoration.com\/blog\/2020\/02\/idee-deco-une-ambiance-feminine-et-elegante-dans-la-cuisine\/\" target=\"_blank\" rel=\"noopener\"><span style=\"text-decoration: underline;\">[Id\u00e9e d\u00e9co] Une ambiance f\u00e9minine et \u00e9l\u00e9gante dans la cuisine\u00a0<\/span><\/a><\/li>\n<li><a href=\"http:\/\/www.cocondedecoration.com\/blog\/2020\/01\/idees-deco-des-cadres-dans-lentree-et-la-cage-descalier\/\" target=\"_blank\" rel=\"noopener\"><span style=\"text-decoration: underline;\">[Id\u00e9e d\u00e9co] Des cadres dans l'entr\u00e9e et la cage d'escaliers\u00a0<\/span><\/a><\/li>\n<li><a href=\"http:\/\/www.cocondedecoration.com\/blog\/2020\/01\/idee-deco-creer-une-ambiance-bord-de-mer-dans-lentree\/\" target=\"_blank\" rel=\"noopener\"><span style=\"text-decoration: underline;\">[Id\u00e9e d\u00e9co] Cr\u00e9er une ambiance bord de mer dans l'entr\u00e9e\u00a0<\/span><\/a><\/li>\n<li><a href=\"http:\/\/www.cocondedecoration.com\/blog\/2019\/12\/idee-deco-des-luminaires-en-rotin-pour-une-decoration-naturelle-et-authentique\/\" target=\"_blank\" rel=\"noopener\"><span style=\"text-decoration: underline;\">[Id\u00e9e d\u00e9co] Des luminaires en rotin pour une d\u00e9coration naturelle et authentique\u00a0<\/span><\/a><\/li>\n<li><a href=\"http:\/\/www.cocondedecoration.com\/blog\/2019\/11\/idee-deco-des-affiches-inspirantes-pour-votre-decoration-murale\/\" target=\"_blank\" rel=\"noopener\"><span style=\"text-decoration: underline;\">[Id\u00e9e d\u00e9co] Des affiches inspirantes pour votre d\u00e9co murale\u00a0<\/span><\/a><\/li>\n<\/ul>\n<p><img loading=\"lazy\" decoding=\"async\" class=\"aligncenter wp-image-23707 size-full\" title=\"cest quoi une deco moche\" src=\"http:\/\/www.cocondedecoration.com\/blog\/wp-content\/uploads\/2020\/02\/cest-quoi-une-deco-moche.jpeg\" alt=\"cest quoi une deco moche\" width=\"732\" height=\"488\" srcset=\"https:\/\/www.cocondedecoration.com\/blog\/wp-content\/uploads\/2020\/02\/cest-quoi-une-deco-moche.jpeg 732w, https:\/\/www.cocondedecoration.com\/blog\/wp-content\/uploads\/2020\/02\/cest-quoi-une-deco-moche-260x173.jpeg 260w, https:\/\/www.cocondedecoration.com\/blog\/wp-content\/uploads\/2020\/02\/cest-quoi-une-deco-moche-640x427.jpeg 640w\" sizes=\"(max-width: 732px) 100vw, 732px\" \/><\/p>\n<p style=\"text-align: justify;\">\n","protected":false},"excerpt":{"rendered":"<p>Aujourd&rsquo;hui, j&rsquo;ai le plaisir de vous proposer un article un peu sp\u00e9cial. Il est question de d\u00e9coration, \u00e7a, \u00e7a ne change pas. En revanche, il fait partie d&rsquo;un des projets de 2020 pour lequel j&rsquo;ai beaucoup de plaisir \u00e0 en faire partie. Ce projet s&rsquo;appelle DECOllectif, un collectif de blogueuses<span class=\"more-link\"><a href=\"https:\/\/www.cocondedecoration.com\/blog\/2020\/02\/decollectif-cest-quoi-une-deco-moche\/\">Lire la suite<\/a><\/span><\/p>\n","protected":false},"author":1,"featured_media":23707,"comment_status":"open","ping_status":"open","sticky":false,"template":"","format":"standard","meta":{"om_disable_all_campaigns":false,"_monsterinsights_skip_tracking":false,"_monsterinsights_sitenote_active":false,"_monsterinsights_sitenote_note":"","_monsterinsights_sitenote_category":0,"_uf_show_specific_survey":0,"_uf_disable_surveys":false,"footnotes":""},"categories":[1720],"tags":[6264,3229,2641,6265,6260,6259,6261,6258,6252,6253,6255,6254,6251,454,6256,6250,6262,6263,6248,6249,6257,3465,3147,6204],"aioseo_notices":[],"_links":{"self":[{"href":"https:\/\/www.cocondedecoration.com\/blog\/wp-json\/wp\/v2\/posts\/23601"}],"collection":[{"href":"https:\/\/www.cocondedecoration.com\/blog\/wp-json\/wp\/v2\/posts"}],"about":[{"href":"https:\/\/www.cocondedecoration.com\/blog\/wp-json\/wp\/v2\/types\/post"}],"author":[{"embeddable":true,"href":"https:\/\/www.cocondedecoration.com\/blog\/wp-json\/wp\/v2\/users\/1"}],"replies":[{"embeddable":true,"href":"https:\/\/www.cocondedecoration.com\/blog\/wp-json\/wp\/v2\/comments?post=23601"}],"version-history":[{"count":0,"href":"https:\/\/www.cocondedecoration.com\/blog\/wp-json\/wp\/v2\/posts\/23601\/revisions"}],"wp:featuredmedia":[{"embeddable":true,"href":"https:\/\/www.cocondedecoration.com\/blog\/wp-json\/wp\/v2\/media\/23707"}],"wp:attachment":[{"href":"https:\/\/www.cocondedecoration.com\/blog\/wp-json\/wp\/v2\/media?parent=23601"}],"wp:term":[{"taxonomy":"category","embeddable":true,"href":"https:\/\/www.cocondedecoration.com\/blog\/wp-json\/wp\/v2\/categories?post=23601"},{"taxonomy":"post_tag","embeddable":true,"href":"https:\/\/www.cocondedecoration.com\/blog\/wp-json\/wp\/v2\/tags?post=23601"}],"curies":[{"name":"wp","href":"https:\/\/api.w.org\/{rel}","templated":true}]}}