{"id":23056,"date":"2019-12-20T06:55:54","date_gmt":"2019-12-20T04:55:54","guid":{"rendered":"http:\/\/www.cocondedecoration.com\/blog\/?p=23056"},"modified":"2025-10-21T08:33:36","modified_gmt":"2025-10-21T06:33:36","slug":"idees-deco-des-claustras-dans-lentree","status":"publish","type":"post","link":"https:\/\/www.cocondedecoration.com\/blog\/2019\/12\/idees-deco-des-claustras-dans-lentree\/","title":{"rendered":"[Id\u00e9es d\u00e9co] Des claustras dans l&rsquo;entr\u00e9e"},"content":{"rendered":"\n<p>J'ai d\u00e9j\u00e0 eu l'occasion de vous parler des claustras sur le blog \u00e0 deux reprises. Dans le 1er article, je vous montrais ce que c'\u00e9tait, \u00e0 quoi les claustras pouvaient servir dans votre int\u00e9rieur, etc. Dans le 2\u00e8me article, j'avais tenu \u00e0 regarder de plus pr\u00e8s l'utilisation qu'on pouvait faire des claustras dans la chambre \u00e0 coucher. Je vous mets les liens en bas de l'article si vous souhaitez assouvir votre curiosit\u00e9. En attendant, j'ai eu envie de m'int\u00e9resser \u00e0 ces cloisons qui n'en sont pas vraiment dans une autre pi\u00e8ce de la maison: L'entr\u00e9e. Vous allez voir, les claustras peuvent \u00eatre vraiment un \u00e9l\u00e9ment int\u00e9ressant dans cette pi\u00e8ce si particuli\u00e8re.<\/p>\n\n\n\n<!--more-->\n\n\n\n<div class=\"wp-block-image\"><figure class=\"aligncenter\"><a href=\"https:\/\/www.patreon.com\/cocondedeco\" target=\"_blank\" rel=\"noreferrer noopener\"><img loading=\"lazy\" decoding=\"async\" width=\"728\" height=\"90\" src=\"http:\/\/www.cocondedecoration.com\/blog\/wp-content\/uploads\/2021\/01\/banniere-patreon.png\" alt=\"\" class=\"wp-image-33877\" srcset=\"https:\/\/www.cocondedecoration.com\/blog\/wp-content\/uploads\/2021\/01\/banniere-patreon.png 728w, https:\/\/www.cocondedecoration.com\/blog\/wp-content\/uploads\/2021\/01\/banniere-patreon-260x32.png 260w, https:\/\/www.cocondedecoration.com\/blog\/wp-content\/uploads\/2021\/01\/banniere-patreon-640x79.png 640w, https:\/\/www.cocondedecoration.com\/blog\/wp-content\/uploads\/2021\/01\/banniere-patreon-465x57.png 465w, https:\/\/www.cocondedecoration.com\/blog\/wp-content\/uploads\/2021\/01\/banniere-patreon-695x86.png 695w\" sizes=\"(max-width: 728px) 100vw, 728px\" \/><\/a><\/figure><\/div>\n\n\n\n<p style=\"text-align:center\" class=\"has-background has-small-font-size has-very-light-gray-background-color\">Avant de poursuivre cet article, j'aimerai vous parler quelques instants de Patreon. C'est une plateforme en plus du blog sur laquelle vous pouvez devenir m\u00e9c\u00e8ne du blog. <br><strong>Pourquoi soutenir le blog?<\/strong> <br>Parce que c'est un travail consid\u00e9rable et m\u00eame si je le fais avec passion c'est aussi un travail pr\u00e9caire (<a rel=\"noreferrer noopener\" href=\"https:\/\/www.patreon.com\/posts\/en-quoi-consiste-86917611\" target=\"_blank\">je vous explique tout cela en d\u00e9tail dans ce post<\/a>). Si vous aimez l'article que vous \u00eates en train de lire, si vous me suivez sur les r\u00e9seaux sociaux ou encore si vous lisez r\u00e9guli\u00e8rement le blog, je vous serai reconnaissante de soutenir le blog via Patreon. Par ailleurs, en vous abonnant sur la plateforme vous acc\u00e9derez \u00e0 des contenus exclusifs pour vous remercier de votre soutien. C'est sans engagement et chaque contribution fera la diff\u00e9rence. Merci par avance de votre aide! <br><a rel=\"noreferrer noopener\" href=\"https:\/\/www.patreon.com\/cocondedeco\" target=\"_blank\"><strong>En savoir plus &amp; acc\u00e9der \u00e0 Patreon<\/strong><\/a><\/p>\n\n\n\n<h2 class=\"wp-block-heading\">Pourquoi utiliser des claustras dans l'entr\u00e9e de la maison?<\/h2>\n\n\n\n<p>L'entr\u00e9e de la maison ou d'un logement est un espace assez particulier. C'est une pi\u00e8ce de passages o\u00f9 l'on ne reste jamais bien longtemps. Cette pi\u00e8ce demande a \u00eatre am\u00e9nager de mani\u00e8re intelligente pour ne pas perdre de place. Il est important aussi de prendre en compte la luminosit\u00e9 de la pi\u00e8ce. Souvent c'est un espace peu lumineux et il serait dommage de perdre en luminosit\u00e9 \u00e0 cause d'un meuble ou d'une d\u00e9co inadapt\u00e9s.<br>Ce qui est int\u00e9ressant avec les claustras - de mani\u00e8re g\u00e9n\u00e9rale - c'est que cet am\u00e9nagement cr\u00e9e du cloisonnement sans pour autant encombrer, alourdir l'espace ou encore l'assombrir. Dans le cas d'un couloir d'entr\u00e9e, c'est tr\u00e8s int\u00e9ressant si vous souhaitez apporter une id\u00e9e d'espacement ou encore travailler les sources de lumi\u00e8res naturelles. Vous verrez dans la suite de cet article que les claustras peuvent avoir plus d'un int\u00e9r\u00eat dans votre projet d'am\u00e9nagement int\u00e9rieur.<\/p>\n\n\n\n<h2 class=\"wp-block-heading\">Cr\u00e9er une entr\u00e9e dans une pi\u00e8ce ouverte gr\u00e2ce aux claustras<\/h2>\n\n\n\n<p>J'ai d\u00e9j\u00e0 eu l'occasion de traiter cette probl\u00e9matique qui concerne pas mal de monde: Comment cr\u00e9er une entr\u00e9e quand on n'en a pas? (L\u00e0 aussi je vous mets le lien en bas de l'article!) Si vous n'avez pas d'entr\u00e9e, il est possible que vous arriviez directement dans votre salon une fois que vous avez franchi la porte d'entr\u00e9e de votre logement et pour plusieurs raisons, il peut \u00eatre int\u00e9ressant de cr\u00e9er un espace d\u00e9di\u00e9, m\u00eame petit. Rien qu'histoire que le facteur ne voit pas votre salon quand il vous d\u00e9pose un colis!<br>Les claustras ne sont pas des cloisons classiques. Pas besoin de poser un rail et de plaquer des deux c\u00f4t\u00e9s avec l'enduit, le pon\u00e7age, la peinture que cela implique. La pose est plus rapide et c'est aussi une solution qui au final est moins encombrante. Le claustra est d\u00e9co d'un c\u00f4t\u00e9 comme de l'autre. Pas besoin de finitions poussi\u00e9reuses avant d'en profiter. Et comme ce sont un type de cloisonnement ajour\u00e9, il permet de ne pas casser compl\u00e8tement votre espace. Gr\u00e2ce \u00e0 quelques claustras, vous pouvez diviser votre pi\u00e8ce de vie pour y cr\u00e9er une entr\u00e9e digne de ce nom tout en respectant l'espace et l'ouverture de votre pi\u00e8ce de vie.<\/p>\n\n\n\n<h2 class=\"wp-block-heading\">All\u00e9ger le cloisonnement de l'entr\u00e9e<\/h2>\n\n\n\n<p>Si vous avez une entr\u00e9e, il y a de fortes chances pour qu'elle soit cloisonn\u00e9e. Si les murs ne sont pas porteurs, avec un peu de travaux, il est possible de remplacer partiellement votre cloisonnement pour des claustras. Comment faire? On peut imaginer le remplacement d'un mur complet avec des cloisons ajour\u00e9es. On peut aussi imaginer garder un soubassement plein et ne modifier que le haut du mur. Cette solution vous permet par exemple de garder un meuble bas, comme une console, contre la partie en placo et profiter de l'effet d\u00e9co des claustras. Enfin, il est possible de jouer avec des parties de murs pleines et d'autres ajour\u00e9es. Cela peut donner un effet tr\u00e8s int\u00e9ressant dans une entr\u00e9e tr\u00e8s longue.<\/p>\n\n\n\n<h2 class=\"wp-block-heading\">Cloisonner sans fermer la cage d'escaliers<\/h2>\n\n\n\n<p>Si votre cage d'escaliers se trouve dans l'entr\u00e9e, les claustras peuvent aussi intervenir dans votre projet de r\u00e9novation \/ d\u00e9coration. La plupart du temps, soit la cage d'escaliers est ouverte et il y a un garde-corps pour la s\u00e9curit\u00e9, soit la cage d'escaliers est ferm\u00e9e. Et le rendu est assez lourd visuellement. Les claustras permettent de trouver un entre-deux. C'est cloisonn\u00e9, donc s\u00e9curis\u00e9. C'est aussi moins imposant \u00e0 l'oeil. On peut s'int\u00e9resser de pr\u00e8s aux motifs des claustras dans cette configuration. On n'est pas n\u00e9cessairement sur un mod\u00e8le de lattes verticales. On peut cr\u00e9er du motif et donc d\u00e9corer l'entr\u00e9e de mani\u00e8re diff\u00e9rente.<\/p>\n\n\n\n<h2 class=\"wp-block-heading\">Claustras et meuble sur mesure dans l'entr\u00e9e de la maison<\/h2>\n\n\n\n<p>Je ne parle pas si souvent que \u00e7a du mobilier sur mesure sur le blog. Je suis consciente que c'est une solution d'am\u00e9nagement qui est on\u00e9reuse et que tout le monde ne peut pas se permettre. Si vous \u00eates propri\u00e9taire, si vous souhaitez optimiser l'espace de votre entr\u00e9e et cr\u00e9er un lieu de passage r\u00e9ellement fonctionnel, le meuble sur mesure est une solution int\u00e9ressante. Il correspondra \u00e0 vos contraintes (notamment de tailles) et \u00e0 vos envies. On peut tr\u00e8s bien imaginer l'int\u00e9gration de claustras dans votre projet de meuble sur mesure pour cr\u00e9er une homog\u00e9n\u00e9it\u00e9.<\/p>\n\n\n\n<h3 class=\"wp-block-heading\">Envie de plus d'id\u00e9es pour int\u00e9grer des claustras dans l'entr\u00e9e?<\/h3>\n\n\n\n<ul class=\"wp-block-gallery columns-2 is-cropped wp-block-gallery-1 is-layout-flex wp-block-gallery-is-layout-flex\"><li class=\"blocks-gallery-item\"><figure><img loading=\"lazy\" decoding=\"async\" width=\"732\" height=\"488\" src=\"https:\/\/www.cocondedecoration.com\/blog\/wp-content\/uploads\/2019\/12\/claustra-entree-idee-decoration-amenagement.jpg\" alt=\"claustra entree idee decoration amenagement\" data-id=\"23073\" class=\"wp-image-23073\" srcset=\"https:\/\/www.cocondedecoration.com\/blog\/wp-content\/uploads\/2019\/12\/claustra-entree-idee-decoration-amenagement.jpg 732w, https:\/\/www.cocondedecoration.com\/blog\/wp-content\/uploads\/2019\/12\/claustra-entree-idee-decoration-amenagement-260x173.jpg 260w, https:\/\/www.cocondedecoration.com\/blog\/wp-content\/uploads\/2019\/12\/claustra-entree-idee-decoration-amenagement-640x427.jpg 640w\" sizes=\"(max-width: 732px) 100vw, 732px\" \/><\/figure><\/li><li class=\"blocks-gallery-item\"><figure><img loading=\"lazy\" decoding=\"async\" width=\"640\" height=\"480\" src=\"https:\/\/www.cocondedecoration.com\/blog\/wp-content\/uploads\/2019\/12\/clautra-entree-separation-escalier.jpg\" alt=\"clautra entree separation escalier\" data-id=\"23070\" class=\"wp-image-23070\" srcset=\"https:\/\/www.cocondedecoration.com\/blog\/wp-content\/uploads\/2019\/12\/clautra-entree-separation-escalier.jpg 640w, https:\/\/www.cocondedecoration.com\/blog\/wp-content\/uploads\/2019\/12\/clautra-entree-separation-escalier-260x195.jpg 260w, https:\/\/www.cocondedecoration.com\/blog\/wp-content\/uploads\/2019\/12\/clautra-entree-separation-escalier-100x75.jpg 100w\" sizes=\"(max-width: 640px) 100vw, 640px\" \/><\/figure><\/li><li class=\"blocks-gallery-item\"><figure><img loading=\"lazy\" decoding=\"async\" width=\"750\" height=\"1125\" src=\"https:\/\/www.cocondedecoration.com\/blog\/wp-content\/uploads\/2019\/12\/claustra-escalier-separation-idee-piece-de-vie.jpg\" alt=\"claustra escalier separation idee piece de vie\" data-id=\"23072\" class=\"wp-image-23072\" srcset=\"https:\/\/www.cocondedecoration.com\/blog\/wp-content\/uploads\/2019\/12\/claustra-escalier-separation-idee-piece-de-vie.jpg 750w, https:\/\/www.cocondedecoration.com\/blog\/wp-content\/uploads\/2019\/12\/claustra-escalier-separation-idee-piece-de-vie-260x390.jpg 260w, https:\/\/www.cocondedecoration.com\/blog\/wp-content\/uploads\/2019\/12\/claustra-escalier-separation-idee-piece-de-vie-640x960.jpg 640w\" sizes=\"(max-width: 750px) 100vw, 750px\" \/><\/figure><\/li><li class=\"blocks-gallery-item\"><figure><img loading=\"lazy\" decoding=\"async\" width=\"736\" height=\"920\" src=\"https:\/\/www.cocondedecoration.com\/blog\/wp-content\/uploads\/2019\/12\/claustra-entree-idee-decoration-lumiere.jpg\" alt=\"claustra entree idee decoration lumiere\" data-id=\"23061\" class=\"wp-image-23061\" srcset=\"https:\/\/www.cocondedecoration.com\/blog\/wp-content\/uploads\/2019\/12\/claustra-entree-idee-decoration-lumiere.jpg 736w, https:\/\/www.cocondedecoration.com\/blog\/wp-content\/uploads\/2019\/12\/claustra-entree-idee-decoration-lumiere-260x325.jpg 260w, https:\/\/www.cocondedecoration.com\/blog\/wp-content\/uploads\/2019\/12\/claustra-entree-idee-decoration-lumiere-640x800.jpg 640w\" sizes=\"(max-width: 736px) 100vw, 736px\" \/><\/figure><\/li><li class=\"blocks-gallery-item\"><figure><img loading=\"lazy\" decoding=\"async\" width=\"960\" height=\"1280\" src=\"https:\/\/www.cocondedecoration.com\/blog\/wp-content\/uploads\/2019\/12\/claustra-entree-idee-decoration-separation.jpg\" alt=\"claustra entree idee decoration separation\" data-id=\"23062\" class=\"wp-image-23062\" srcset=\"https:\/\/www.cocondedecoration.com\/blog\/wp-content\/uploads\/2019\/12\/claustra-entree-idee-decoration-separation.jpg 960w, https:\/\/www.cocondedecoration.com\/blog\/wp-content\/uploads\/2019\/12\/claustra-entree-idee-decoration-separation-260x347.jpg 260w, https:\/\/www.cocondedecoration.com\/blog\/wp-content\/uploads\/2019\/12\/claustra-entree-idee-decoration-separation-768x1024.jpg 768w, https:\/\/www.cocondedecoration.com\/blog\/wp-content\/uploads\/2019\/12\/claustra-entree-idee-decoration-separation-640x853.jpg 640w\" sizes=\"(max-width: 960px) 100vw, 960px\" \/><\/figure><\/li><li class=\"blocks-gallery-item\"><figure><img loading=\"lazy\" decoding=\"async\" width=\"1314\" height=\"1822\" src=\"https:\/\/www.cocondedecoration.com\/blog\/wp-content\/uploads\/2019\/12\/claustra-entree-metal-dore-elegant.jpg\" alt=\"claustra entree metal dore elegant\" data-id=\"23063\" class=\"wp-image-23063\" srcset=\"https:\/\/www.cocondedecoration.com\/blog\/wp-content\/uploads\/2019\/12\/claustra-entree-metal-dore-elegant.jpg 1314w, https:\/\/www.cocondedecoration.com\/blog\/wp-content\/uploads\/2019\/12\/claustra-entree-metal-dore-elegant-260x361.jpg 260w, https:\/\/www.cocondedecoration.com\/blog\/wp-content\/uploads\/2019\/12\/claustra-entree-metal-dore-elegant-768x1065.jpg 768w, https:\/\/www.cocondedecoration.com\/blog\/wp-content\/uploads\/2019\/12\/claustra-entree-metal-dore-elegant-640x887.jpg 640w, https:\/\/www.cocondedecoration.com\/blog\/wp-content\/uploads\/2019\/12\/claustra-entree-metal-dore-elegant-1080x1498.jpg 1080w\" sizes=\"(max-width: 1314px) 100vw, 1314px\" \/><\/figure><\/li><li class=\"blocks-gallery-item\"><figure><img loading=\"lazy\" decoding=\"async\" width=\"804\" height=\"1105\" src=\"https:\/\/www.cocondedecoration.com\/blog\/wp-content\/uploads\/2019\/12\/claustra-entree-mobilier-sur-mesure.jpg\" alt=\"claustra entree mobilier sur mesure\" data-id=\"23064\" class=\"wp-image-23064\" srcset=\"https:\/\/www.cocondedecoration.com\/blog\/wp-content\/uploads\/2019\/12\/claustra-entree-mobilier-sur-mesure.jpg 804w, https:\/\/www.cocondedecoration.com\/blog\/wp-content\/uploads\/2019\/12\/claustra-entree-mobilier-sur-mesure-260x357.jpg 260w, https:\/\/www.cocondedecoration.com\/blog\/wp-content\/uploads\/2019\/12\/claustra-entree-mobilier-sur-mesure-768x1056.jpg 768w, https:\/\/www.cocondedecoration.com\/blog\/wp-content\/uploads\/2019\/12\/claustra-entree-mobilier-sur-mesure-640x880.jpg 640w\" sizes=\"(max-width: 804px) 100vw, 804px\" \/><\/figure><\/li><li class=\"blocks-gallery-item\"><figure><img loading=\"lazy\" decoding=\"async\" width=\"720\" height=\"960\" src=\"https:\/\/www.cocondedecoration.com\/blog\/wp-content\/uploads\/2019\/12\/claustra-entree-moucharabieh-bois.png\" alt=\"claustra entree moucharabieh bois\" data-id=\"23065\" class=\"wp-image-23065\" srcset=\"https:\/\/www.cocondedecoration.com\/blog\/wp-content\/uploads\/2019\/12\/claustra-entree-moucharabieh-bois.png 720w, https:\/\/www.cocondedecoration.com\/blog\/wp-content\/uploads\/2019\/12\/claustra-entree-moucharabieh-bois-260x347.png 260w, https:\/\/www.cocondedecoration.com\/blog\/wp-content\/uploads\/2019\/12\/claustra-entree-moucharabieh-bois-640x853.png 640w\" sizes=\"(max-width: 720px) 100vw, 720px\" \/><\/figure><\/li><li class=\"blocks-gallery-item\"><figure><img loading=\"lazy\" decoding=\"async\" width=\"500\" height=\"340\" src=\"https:\/\/www.cocondedecoration.com\/blog\/wp-content\/uploads\/2019\/12\/claustra-entree-noir-et-blanc-graphique.jpg\" alt=\"claustra entree noir et blanc graphique\" data-id=\"23066\" class=\"wp-image-23066\" srcset=\"https:\/\/www.cocondedecoration.com\/blog\/wp-content\/uploads\/2019\/12\/claustra-entree-noir-et-blanc-graphique.jpg 500w, https:\/\/www.cocondedecoration.com\/blog\/wp-content\/uploads\/2019\/12\/claustra-entree-noir-et-blanc-graphique-260x177.jpg 260w\" sizes=\"(max-width: 500px) 100vw, 500px\" \/><\/figure><\/li><li class=\"blocks-gallery-item\"><figure><img loading=\"lazy\" decoding=\"async\" width=\"572\" height=\"470\" src=\"https:\/\/www.cocondedecoration.com\/blog\/wp-content\/uploads\/2019\/12\/claustra-entree-design.jpg\" alt=\"claustra entree design\" data-id=\"23060\" class=\"wp-image-23060\" srcset=\"https:\/\/www.cocondedecoration.com\/blog\/wp-content\/uploads\/2019\/12\/claustra-entree-design.jpg 572w, https:\/\/www.cocondedecoration.com\/blog\/wp-content\/uploads\/2019\/12\/claustra-entree-design-260x214.jpg 260w\" sizes=\"(max-width: 572px) 100vw, 572px\" \/><\/figure><\/li><li class=\"blocks-gallery-item\"><figure><img loading=\"lazy\" decoding=\"async\" width=\"1920\" height=\"1080\" src=\"https:\/\/www.cocondedecoration.com\/blog\/wp-content\/uploads\/2019\/12\/clautra-entree-amenagement-lumineux.jpg\" alt=\"clautra entree amenagement lumineux\" data-id=\"23068\" class=\"wp-image-23068\" srcset=\"https:\/\/www.cocondedecoration.com\/blog\/wp-content\/uploads\/2019\/12\/clautra-entree-amenagement-lumineux.jpg 1920w, https:\/\/www.cocondedecoration.com\/blog\/wp-content\/uploads\/2019\/12\/clautra-entree-amenagement-lumineux-260x146.jpg 260w, https:\/\/www.cocondedecoration.com\/blog\/wp-content\/uploads\/2019\/12\/clautra-entree-amenagement-lumineux-768x432.jpg 768w, https:\/\/www.cocondedecoration.com\/blog\/wp-content\/uploads\/2019\/12\/clautra-entree-amenagement-lumineux-640x360.jpg 640w, https:\/\/www.cocondedecoration.com\/blog\/wp-content\/uploads\/2019\/12\/clautra-entree-amenagement-lumineux-1080x608.jpg 1080w\" sizes=\"(max-width: 1920px) 100vw, 1920px\" \/><\/figure><\/li><li class=\"blocks-gallery-item\"><figure><img loading=\"lazy\" decoding=\"async\" width=\"640\" height=\"360\" src=\"https:\/\/www.cocondedecoration.com\/blog\/wp-content\/uploads\/2019\/12\/claustra-entree-bibliotheque-idee-amenagement.jpeg\" alt=\"claustra entree bibliotheque idee amenagement\" data-id=\"23059\" class=\"wp-image-23059\" srcset=\"https:\/\/www.cocondedecoration.com\/blog\/wp-content\/uploads\/2019\/12\/claustra-entree-bibliotheque-idee-amenagement.jpeg 640w, https:\/\/www.cocondedecoration.com\/blog\/wp-content\/uploads\/2019\/12\/claustra-entree-bibliotheque-idee-amenagement-260x146.jpeg 260w\" sizes=\"(max-width: 640px) 100vw, 640px\" \/><\/figure><\/li><\/ul>\n\n\n\n<h2 class=\"wp-block-heading\">Structurer facilement vos espaces<\/h2>\n\n\n\n<p>La verri\u00e8re n'est pas la seule possibilit\u00e9 pour structurer les espaces dans votre int\u00e9rieur. Les claustras par exemple sont aussi une alternative. Parfois il est n\u00e9cessaire de faire appel \u00e0 un artisan et au sur-mesure mais ce n'est pas une v\u00e9rit\u00e9 g\u00e9n\u00e9rale et il existe des solutions standards qui r\u00e9pondront peut-\u00eatre \u00e0 vos attentes. En voici quelques-unes: <\/p>\n\n\n\n<div class=\"wp-block-columns has-4-columns is-layout-flex wp-container-core-columns-layout-1 wp-block-columns-is-layout-flex\">\n<div class=\"wp-block-column is-layout-flow wp-block-column-is-layout-flow\">\n<figure class=\"wp-block-image\"><img loading=\"lazy\" decoding=\"async\" width=\"500\" height=\"500\" src=\"http:\/\/www.cocondedecoration.com\/blog\/wp-content\/uploads\/2021\/05\/ou-acheter-verriere-claustra-pas-cher-1.jpeg\" alt=\"ou acheter verriere angle soubassement noir pas cher\" class=\"wp-image-37913\" srcset=\"https:\/\/www.cocondedecoration.com\/blog\/wp-content\/uploads\/2021\/05\/ou-acheter-verriere-claustra-pas-cher-1.jpeg 500w, https:\/\/www.cocondedecoration.com\/blog\/wp-content\/uploads\/2021\/05\/ou-acheter-verriere-claustra-pas-cher-1-165x165.jpeg 165w, https:\/\/www.cocondedecoration.com\/blog\/wp-content\/uploads\/2021\/05\/ou-acheter-verriere-claustra-pas-cher-1-260x260.jpeg 260w, https:\/\/www.cocondedecoration.com\/blog\/wp-content\/uploads\/2021\/05\/ou-acheter-verriere-claustra-pas-cher-1-465x465.jpeg 465w\" sizes=\"(max-width: 500px) 100vw, 500px\" \/><figcaption class=\"wp-element-caption\"><a href=\"https:\/\/tidd.ly\/3nOGdUQ\" target=\"_blank\" rel=\"noreferrer noopener\" aria-label=\"Verri\u00e8re (s\u2019ouvre dans un nouvel onglet)\">Verri\u00e8re<\/a> - Lapeyre<\/figcaption><\/figure>\n\n\n\n<figure class=\"wp-block-image\"><img loading=\"lazy\" decoding=\"async\" width=\"500\" height=\"500\" src=\"https:\/\/www.cocondedecoration.com\/blog\/wp-content\/uploads\/2023\/08\/cloison-amovible-design-1.jpeg\" alt=\"cloison amovible design Cloison Claustra bois noir \/ \u00e9tag\u00e8re - L 90 x H 240 cm\" class=\"wp-image-64038\" srcset=\"https:\/\/www.cocondedecoration.com\/blog\/wp-content\/uploads\/2023\/08\/cloison-amovible-design-1.jpeg 500w, https:\/\/www.cocondedecoration.com\/blog\/wp-content\/uploads\/2023\/08\/cloison-amovible-design-1-165x165.jpeg 165w, https:\/\/www.cocondedecoration.com\/blog\/wp-content\/uploads\/2023\/08\/cloison-amovible-design-1-260x260.jpeg 260w, https:\/\/www.cocondedecoration.com\/blog\/wp-content\/uploads\/2023\/08\/cloison-amovible-design-1-465x465.jpeg 465w\" sizes=\"(max-width: 500px) 100vw, 500px\" \/><figcaption class=\"wp-element-caption\"><a href=\"https:\/\/c3po.link\/QPfzmFKahg\" target=\"_blank\" rel=\"noreferrer noopener\" aria-label=\"Cloison Claustra bois noir \/ \u00e9tag\u00e8re - L 90 x H 240 cm (s\u2019ouvre dans un nouvel onglet)\">Cloison Claustra bois noir \/ \u00e9tag\u00e8re - L 90 x H 240 cm<\/a> - Made in Design <\/figcaption><\/figure>\n\n\n\n<figure class=\"wp-block-image\"><img loading=\"lazy\" decoding=\"async\" width=\"500\" height=\"500\" src=\"http:\/\/www.cocondedecoration.com\/blog\/wp-content\/uploads\/2021\/05\/ou-acheter-verriere-claustra-pas-cher-5.jpeg\" alt=\"ou acheter verriere blanche avec soubassement \u00e9l\u00e9gant et moderne pas cher\" class=\"wp-image-37917\" srcset=\"https:\/\/www.cocondedecoration.com\/blog\/wp-content\/uploads\/2021\/05\/ou-acheter-verriere-claustra-pas-cher-5.jpeg 500w, https:\/\/www.cocondedecoration.com\/blog\/wp-content\/uploads\/2021\/05\/ou-acheter-verriere-claustra-pas-cher-5-165x165.jpeg 165w, https:\/\/www.cocondedecoration.com\/blog\/wp-content\/uploads\/2021\/05\/ou-acheter-verriere-claustra-pas-cher-5-260x260.jpeg 260w, https:\/\/www.cocondedecoration.com\/blog\/wp-content\/uploads\/2021\/05\/ou-acheter-verriere-claustra-pas-cher-5-465x465.jpeg 465w\" sizes=\"(max-width: 500px) 100vw, 500px\" \/><figcaption class=\"wp-element-caption\"><a href=\"https:\/\/tidd.ly\/3b6lSFk\" target=\"_blank\" rel=\"noreferrer noopener\" aria-label=\"Verri\u00e8re (s\u2019ouvre dans un nouvel onglet)\">Verri\u00e8re<\/a> - Castorama<\/figcaption><\/figure>\n\n\n\n<figure class=\"wp-block-image\"><img loading=\"lazy\" decoding=\"async\" width=\"500\" height=\"500\" src=\"http:\/\/www.cocondedecoration.com\/blog\/wp-content\/uploads\/2021\/05\/ou-acheter-verriere-claustra-pas-cher-9.jpeg\" alt=\"ou acheter claustra bois cloison int\u00e9rieure ajour\u00e9e  pas cher\" class=\"wp-image-37921\" srcset=\"https:\/\/www.cocondedecoration.com\/blog\/wp-content\/uploads\/2021\/05\/ou-acheter-verriere-claustra-pas-cher-9.jpeg 500w, https:\/\/www.cocondedecoration.com\/blog\/wp-content\/uploads\/2021\/05\/ou-acheter-verriere-claustra-pas-cher-9-165x165.jpeg 165w, https:\/\/www.cocondedecoration.com\/blog\/wp-content\/uploads\/2021\/05\/ou-acheter-verriere-claustra-pas-cher-9-260x260.jpeg 260w, https:\/\/www.cocondedecoration.com\/blog\/wp-content\/uploads\/2021\/05\/ou-acheter-verriere-claustra-pas-cher-9-465x465.jpeg 465w\" sizes=\"(max-width: 500px) 100vw, 500px\" \/><figcaption class=\"wp-element-caption\"><a href=\"https:\/\/tidd.ly\/3b3UiZg\" target=\"_blank\" rel=\"noreferrer noopener\" aria-label=\"Claustra (s\u2019ouvre dans un nouvel onglet)\">Claustra<\/a> - Castorama<\/figcaption><\/figure>\n<\/div>\n\n\n\n<div class=\"wp-block-column is-layout-flow wp-block-column-is-layout-flow\">\n<figure class=\"wp-block-image\"><img loading=\"lazy\" decoding=\"async\" width=\"500\" height=\"500\" src=\"http:\/\/www.cocondedecoration.com\/blog\/wp-content\/uploads\/2021\/05\/ou-acheter-verriere-claustra-pas-cher-2.jpeg\" alt=\"ou acheter verriere moderne montant noir grand format \u00e9l\u00e9gant pas cher\" class=\"wp-image-37914\" srcset=\"https:\/\/www.cocondedecoration.com\/blog\/wp-content\/uploads\/2021\/05\/ou-acheter-verriere-claustra-pas-cher-2.jpeg 500w, https:\/\/www.cocondedecoration.com\/blog\/wp-content\/uploads\/2021\/05\/ou-acheter-verriere-claustra-pas-cher-2-165x165.jpeg 165w, https:\/\/www.cocondedecoration.com\/blog\/wp-content\/uploads\/2021\/05\/ou-acheter-verriere-claustra-pas-cher-2-260x260.jpeg 260w, https:\/\/www.cocondedecoration.com\/blog\/wp-content\/uploads\/2021\/05\/ou-acheter-verriere-claustra-pas-cher-2-465x465.jpeg 465w\" sizes=\"(max-width: 500px) 100vw, 500px\" \/><figcaption class=\"wp-element-caption\"><a href=\"https:\/\/tidd.ly\/3ti33oU\" target=\"_blank\" rel=\"noreferrer noopener\" aria-label=\"Verri\u00e8re (s\u2019ouvre dans un nouvel onglet)\">Verri\u00e8re<\/a> - Lapeyre<\/figcaption><\/figure>\n\n\n\n<figure class=\"wp-block-image\"><img loading=\"lazy\" decoding=\"async\" width=\"500\" height=\"500\" src=\"https:\/\/www.cocondedecoration.com\/blog\/wp-content\/uploads\/2023\/08\/cloison-amovible-design-2.jpeg\" alt=\"cloison amovible design Etag\u00e8re en bois\" class=\"wp-image-64039\" srcset=\"https:\/\/www.cocondedecoration.com\/blog\/wp-content\/uploads\/2023\/08\/cloison-amovible-design-2.jpeg 500w, https:\/\/www.cocondedecoration.com\/blog\/wp-content\/uploads\/2023\/08\/cloison-amovible-design-2-165x165.jpeg 165w, https:\/\/www.cocondedecoration.com\/blog\/wp-content\/uploads\/2023\/08\/cloison-amovible-design-2-260x260.jpeg 260w, https:\/\/www.cocondedecoration.com\/blog\/wp-content\/uploads\/2023\/08\/cloison-amovible-design-2-465x465.jpeg 465w\" sizes=\"(max-width: 500px) 100vw, 500px\" \/><figcaption class=\"wp-element-caption\"><a href=\"https:\/\/fnty.co\/c\/r-YNpszHwr\" target=\"_blank\" rel=\"noreferrer noopener\" aria-label=\"Etag\u00e8re claustra en bois (s\u2019ouvre dans un nouvel onglet)\">Etag\u00e8re claustra en bois<\/a> - The Cool Republic<\/figcaption><\/figure>\n\n\n\n<figure class=\"wp-block-image\"><img loading=\"lazy\" decoding=\"async\" width=\"500\" height=\"500\" src=\"http:\/\/www.cocondedecoration.com\/blog\/wp-content\/uploads\/2021\/05\/ou-acheter-verriere-claustra-pas-cher-6.jpeg\" alt=\"ou acheter verriere 4 vitres montants noirs verticaux pas cher\" class=\"wp-image-37918\" srcset=\"https:\/\/www.cocondedecoration.com\/blog\/wp-content\/uploads\/2021\/05\/ou-acheter-verriere-claustra-pas-cher-6.jpeg 500w, https:\/\/www.cocondedecoration.com\/blog\/wp-content\/uploads\/2021\/05\/ou-acheter-verriere-claustra-pas-cher-6-165x165.jpeg 165w, https:\/\/www.cocondedecoration.com\/blog\/wp-content\/uploads\/2021\/05\/ou-acheter-verriere-claustra-pas-cher-6-260x260.jpeg 260w, https:\/\/www.cocondedecoration.com\/blog\/wp-content\/uploads\/2021\/05\/ou-acheter-verriere-claustra-pas-cher-6-465x465.jpeg 465w\" sizes=\"(max-width: 500px) 100vw, 500px\" \/><figcaption class=\"wp-element-caption\"><a href=\"https:\/\/tidd.ly\/3f3cyn0\" target=\"_blank\" rel=\"noreferrer noopener\" aria-label=\"Verri\u00e8re (s\u2019ouvre dans un nouvel onglet)\">Verri\u00e8re<\/a> - Castorama<\/figcaption><\/figure>\n\n\n\n<figure class=\"wp-block-image\"><img loading=\"lazy\" decoding=\"async\" width=\"500\" height=\"500\" src=\"http:\/\/www.cocondedecoration.com\/blog\/wp-content\/uploads\/2021\/05\/ou-acheter-verriere-claustra-pas-cher-10.jpeg\" alt=\"ou acheter claustra effet cannage bois cloison int\u00e9rieure pas cher\" class=\"wp-image-37922\" srcset=\"https:\/\/www.cocondedecoration.com\/blog\/wp-content\/uploads\/2021\/05\/ou-acheter-verriere-claustra-pas-cher-10.jpeg 500w, https:\/\/www.cocondedecoration.com\/blog\/wp-content\/uploads\/2021\/05\/ou-acheter-verriere-claustra-pas-cher-10-165x165.jpeg 165w, https:\/\/www.cocondedecoration.com\/blog\/wp-content\/uploads\/2021\/05\/ou-acheter-verriere-claustra-pas-cher-10-260x260.jpeg 260w, https:\/\/www.cocondedecoration.com\/blog\/wp-content\/uploads\/2021\/05\/ou-acheter-verriere-claustra-pas-cher-10-465x465.jpeg 465w\" sizes=\"(max-width: 500px) 100vw, 500px\" \/><figcaption class=\"wp-element-caption\"><a href=\"https:\/\/tidd.ly\/3eo3U3b\" target=\"_blank\" rel=\"noreferrer noopener\" aria-label=\"Claustra (s\u2019ouvre dans un nouvel onglet)\">Claustra<\/a> - Castorama<\/figcaption><\/figure>\n<\/div>\n\n\n\n<div class=\"wp-block-column is-layout-flow wp-block-column-is-layout-flow\">\n<figure class=\"wp-block-image\"><img loading=\"lazy\" decoding=\"async\" width=\"500\" height=\"500\" src=\"http:\/\/www.cocondedecoration.com\/blog\/wp-content\/uploads\/2021\/05\/ou-acheter-verriere-claustra-pas-cher-3.jpeg\" alt=\"ou acheter verriere porte coulissante style atelier industriel pas cher\" class=\"wp-image-37915\" srcset=\"https:\/\/www.cocondedecoration.com\/blog\/wp-content\/uploads\/2021\/05\/ou-acheter-verriere-claustra-pas-cher-3.jpeg 500w, https:\/\/www.cocondedecoration.com\/blog\/wp-content\/uploads\/2021\/05\/ou-acheter-verriere-claustra-pas-cher-3-165x165.jpeg 165w, https:\/\/www.cocondedecoration.com\/blog\/wp-content\/uploads\/2021\/05\/ou-acheter-verriere-claustra-pas-cher-3-260x260.jpeg 260w, https:\/\/www.cocondedecoration.com\/blog\/wp-content\/uploads\/2021\/05\/ou-acheter-verriere-claustra-pas-cher-3-465x465.jpeg 465w\" sizes=\"(max-width: 500px) 100vw, 500px\" \/><figcaption class=\"wp-element-caption\"><a href=\"https:\/\/tidd.ly\/3vGXxhh\" target=\"_blank\" rel=\"noreferrer noopener\" aria-label=\"Porte et cloison (s\u2019ouvre dans un nouvel onglet)\">Porte et cloison<\/a> - Lapeyre<\/figcaption><\/figure>\n\n\n\n<figure class=\"wp-block-image\"><img loading=\"lazy\" decoding=\"async\" width=\"500\" height=\"500\" src=\"https:\/\/www.cocondedecoration.com\/blog\/wp-content\/uploads\/2023\/08\/cloison-amovible-design-3.jpeg\" alt=\"cloison amovible design Biblioth\u00e8que en ch\u00eane naturel \u00e0 4 niveaux\" class=\"wp-image-64040\" srcset=\"https:\/\/www.cocondedecoration.com\/blog\/wp-content\/uploads\/2023\/08\/cloison-amovible-design-3.jpeg 500w, https:\/\/www.cocondedecoration.com\/blog\/wp-content\/uploads\/2023\/08\/cloison-amovible-design-3-165x165.jpeg 165w, https:\/\/www.cocondedecoration.com\/blog\/wp-content\/uploads\/2023\/08\/cloison-amovible-design-3-260x260.jpeg 260w, https:\/\/www.cocondedecoration.com\/blog\/wp-content\/uploads\/2023\/08\/cloison-amovible-design-3-465x465.jpeg 465w\" sizes=\"(max-width: 500px) 100vw, 500px\" \/><figcaption class=\"wp-element-caption\"><a href=\"https:\/\/fnty.co\/c\/r-FfTuxxHZ\" target=\"_blank\" rel=\"noreferrer noopener\" aria-label=\"Biblioth\u00e8que en ch\u00eane naturel \u00e0 4 niveaux  (s\u2019ouvre dans un nouvel onglet)\">Biblioth\u00e8que en ch\u00eane naturel \u00e0 4 niveaux <\/a>- The Cool Republic<\/figcaption><\/figure>\n\n\n\n<figure class=\"wp-block-image\"><img loading=\"lazy\" decoding=\"async\" width=\"500\" height=\"500\" src=\"http:\/\/www.cocondedecoration.com\/blog\/wp-content\/uploads\/2021\/05\/ou-acheter-verriere-claustra-pas-cher-7.jpeg\" alt=\"ou acheter verriere 5 vitres montants verticaux blancs pas cher\" class=\"wp-image-37919\" srcset=\"https:\/\/www.cocondedecoration.com\/blog\/wp-content\/uploads\/2021\/05\/ou-acheter-verriere-claustra-pas-cher-7.jpeg 500w, https:\/\/www.cocondedecoration.com\/blog\/wp-content\/uploads\/2021\/05\/ou-acheter-verriere-claustra-pas-cher-7-165x165.jpeg 165w, https:\/\/www.cocondedecoration.com\/blog\/wp-content\/uploads\/2021\/05\/ou-acheter-verriere-claustra-pas-cher-7-260x260.jpeg 260w, https:\/\/www.cocondedecoration.com\/blog\/wp-content\/uploads\/2021\/05\/ou-acheter-verriere-claustra-pas-cher-7-465x465.jpeg 465w\" sizes=\"(max-width: 500px) 100vw, 500px\" \/><figcaption class=\"wp-element-caption\"><a href=\"https:\/\/tidd.ly\/3thTvu8\" target=\"_blank\" rel=\"noreferrer noopener\" aria-label=\"Verri\u00e8re (s\u2019ouvre dans un nouvel onglet)\">Verri\u00e8re<\/a> - Castorama<\/figcaption><\/figure>\n\n\n\n<figure class=\"wp-block-image\"><img loading=\"lazy\" decoding=\"async\" width=\"500\" height=\"500\" src=\"http:\/\/www.cocondedecoration.com\/blog\/wp-content\/uploads\/2021\/05\/ou-acheter-verriere-claustra-pas-cher-11.jpeg\" alt=\"ou acheter claustra cloison facile \u00e0 poser pas cher\" class=\"wp-image-37923\" srcset=\"https:\/\/www.cocondedecoration.com\/blog\/wp-content\/uploads\/2021\/05\/ou-acheter-verriere-claustra-pas-cher-11.jpeg 500w, https:\/\/www.cocondedecoration.com\/blog\/wp-content\/uploads\/2021\/05\/ou-acheter-verriere-claustra-pas-cher-11-165x165.jpeg 165w, https:\/\/www.cocondedecoration.com\/blog\/wp-content\/uploads\/2021\/05\/ou-acheter-verriere-claustra-pas-cher-11-260x260.jpeg 260w, https:\/\/www.cocondedecoration.com\/blog\/wp-content\/uploads\/2021\/05\/ou-acheter-verriere-claustra-pas-cher-11-465x465.jpeg 465w\" sizes=\"(max-width: 500px) 100vw, 500px\" \/><figcaption class=\"wp-element-caption\"><a href=\"https:\/\/tidd.ly\/2Ry5F4H\" target=\"_blank\" rel=\"noreferrer noopener\" aria-label=\"Claustra (s\u2019ouvre dans un nouvel onglet)\">Claustra<\/a> - Castorama<\/figcaption><\/figure>\n<\/div>\n\n\n\n<div class=\"wp-block-column is-layout-flow wp-block-column-is-layout-flow\">\n<figure class=\"wp-block-image\"><img loading=\"lazy\" decoding=\"async\" width=\"500\" height=\"500\" src=\"http:\/\/www.cocondedecoration.com\/blog\/wp-content\/uploads\/2021\/05\/ou-acheter-verriere-claustra-pas-cher-4.jpeg\" alt=\"ou acheter verriere porte cloison style industriel avec soubassement pas cher\" class=\"wp-image-37916\" srcset=\"https:\/\/www.cocondedecoration.com\/blog\/wp-content\/uploads\/2021\/05\/ou-acheter-verriere-claustra-pas-cher-4.jpeg 500w, https:\/\/www.cocondedecoration.com\/blog\/wp-content\/uploads\/2021\/05\/ou-acheter-verriere-claustra-pas-cher-4-165x165.jpeg 165w, https:\/\/www.cocondedecoration.com\/blog\/wp-content\/uploads\/2021\/05\/ou-acheter-verriere-claustra-pas-cher-4-260x260.jpeg 260w, https:\/\/www.cocondedecoration.com\/blog\/wp-content\/uploads\/2021\/05\/ou-acheter-verriere-claustra-pas-cher-4-465x465.jpeg 465w\" sizes=\"(max-width: 500px) 100vw, 500px\" \/><figcaption class=\"wp-element-caption\"><a href=\"https:\/\/tidd.ly\/2Rrhdqw\" target=\"_blank\" rel=\"noreferrer noopener\" aria-label=\"Cloison accord\u00e9on (s\u2019ouvre dans un nouvel onglet)\">Cloison accord\u00e9on<\/a> - Lapeyre<\/figcaption><\/figure>\n\n\n\n<figure class=\"wp-block-image\"><img loading=\"lazy\" decoding=\"async\" width=\"500\" height=\"500\" src=\"http:\/\/www.cocondedecoration.com\/blog\/wp-content\/uploads\/2021\/05\/ou-acheter-verriere-claustra-pas-cher-12.jpeg\" alt=\"ou acheter claustra verticale noir pas cher\" class=\"wp-image-37924\" srcset=\"https:\/\/www.cocondedecoration.com\/blog\/wp-content\/uploads\/2021\/05\/ou-acheter-verriere-claustra-pas-cher-12.jpeg 500w, https:\/\/www.cocondedecoration.com\/blog\/wp-content\/uploads\/2021\/05\/ou-acheter-verriere-claustra-pas-cher-12-165x165.jpeg 165w, https:\/\/www.cocondedecoration.com\/blog\/wp-content\/uploads\/2021\/05\/ou-acheter-verriere-claustra-pas-cher-12-260x260.jpeg 260w, https:\/\/www.cocondedecoration.com\/blog\/wp-content\/uploads\/2021\/05\/ou-acheter-verriere-claustra-pas-cher-12-465x465.jpeg 465w\" sizes=\"(max-width: 500px) 100vw, 500px\" \/><figcaption class=\"wp-element-caption\"><a href=\"https:\/\/tidd.ly\/2QXPiyz\" target=\"_blank\" rel=\"noreferrer noopener\" aria-label=\"Claustra (s\u2019ouvre dans un nouvel onglet)\">Claustra<\/a> - Lapeyre<\/figcaption><\/figure>\n\n\n\n<figure class=\"wp-block-image\"><img loading=\"lazy\" decoding=\"async\" width=\"500\" height=\"500\" src=\"http:\/\/www.cocondedecoration.com\/blog\/wp-content\/uploads\/2021\/05\/ou-acheter-verriere-claustra-pas-cher-8.jpeg\" alt=\"ou acheter claustra int\u00e9rieur bois et translucide pas cher\" class=\"wp-image-37920\" srcset=\"https:\/\/www.cocondedecoration.com\/blog\/wp-content\/uploads\/2021\/05\/ou-acheter-verriere-claustra-pas-cher-8.jpeg 500w, https:\/\/www.cocondedecoration.com\/blog\/wp-content\/uploads\/2021\/05\/ou-acheter-verriere-claustra-pas-cher-8-165x165.jpeg 165w, https:\/\/www.cocondedecoration.com\/blog\/wp-content\/uploads\/2021\/05\/ou-acheter-verriere-claustra-pas-cher-8-260x260.jpeg 260w, https:\/\/www.cocondedecoration.com\/blog\/wp-content\/uploads\/2021\/05\/ou-acheter-verriere-claustra-pas-cher-8-465x465.jpeg 465w\" sizes=\"(max-width: 500px) 100vw, 500px\" \/><figcaption class=\"wp-element-caption\"><a href=\"https:\/\/tidd.ly\/3h7feT4\" target=\"_blank\" rel=\"noreferrer noopener\" aria-label=\"Claustra (s\u2019ouvre dans un nouvel onglet)\">Claustra<\/a> - Castorama<\/figcaption><\/figure>\n<\/div>\n<\/div>\n\n\n\n<h2 class=\"wp-block-heading has-medium-font-size\">Guides d\u00e9co pour meubler et d\u00e9corer l'entr\u00e9e facilement<\/h2>\n\n\n\n<div class=\"wp-block-cb-carousel\" data-slick=\"{&quot;slidesToShow&quot;:3,&quot;slidesToScroll&quot;:1,&quot;speed&quot;:300,&quot;arrows&quot;:true,&quot;dots&quot;:false,&quot;autoplay&quot;:false,&quot;autoplaySpeed&quot;:3000,&quot;infinite&quot;:true,&quot;responsive&quot;:[{&quot;breakpoint&quot;:769,&quot;settings&quot;:{&quot;slidesToShow&quot;:1,&quot;slidesToScroll&quot;:1}}]}\">\n<div class=\"wp-block-cb-slide\">\n<figure class=\"wp-block-image size-large\"><a href=\"https:\/\/www.cocondedecoration.com\/blog\/wp-content\/uploads\/2025\/12\/guide-deco-entree-1.png\"><img loading=\"lazy\" decoding=\"async\" width=\"640\" height=\"960\" src=\"https:\/\/www.cocondedecoration.com\/blog\/wp-content\/uploads\/2025\/12\/guide-deco-entree-1-640x960.png\" alt=\"guide d\u00e9co entr\u00e9e pat\u00e8res murales design \" class=\"wp-image-87049\" title=\"guide d\u00e9co entr\u00e9e pat\u00e8res murales design \" srcset=\"https:\/\/www.cocondedecoration.com\/blog\/wp-content\/uploads\/2025\/12\/guide-deco-entree-1-640x960.png 640w, https:\/\/www.cocondedecoration.com\/blog\/wp-content\/uploads\/2025\/12\/guide-deco-entree-1-260x390.png 260w, https:\/\/www.cocondedecoration.com\/blog\/wp-content\/uploads\/2025\/12\/guide-deco-entree-1-768x1152.png 768w, https:\/\/www.cocondedecoration.com\/blog\/wp-content\/uploads\/2025\/12\/guide-deco-entree-1-367x550.png 367w, https:\/\/www.cocondedecoration.com\/blog\/wp-content\/uploads\/2025\/12\/guide-deco-entree-1-333x500.png 333w, https:\/\/www.cocondedecoration.com\/blog\/wp-content\/uploads\/2025\/12\/guide-deco-entree-1.png 1000w\" sizes=\"(max-width: 640px) 100vw, 640px\" \/><\/a><figcaption class=\"wp-element-caption\">Pat\u00e8res murales design > <a href=\"https:\/\/www.cocondedecoration.com\/blog\/2023\/07\/ou-trouver-patere-murale-design\/\" target=\"_blank\" rel=\"noopener\" title=\"\">d\u00e9couvrir le guide d\u00e9co <\/a><\/figcaption><\/figure>\n<\/div>\n\n\n\n<div class=\"wp-block-cb-slide\">\n<figure class=\"wp-block-image size-large\"><a href=\"https:\/\/www.cocondedecoration.com\/blog\/wp-content\/uploads\/2025\/12\/guide-deco-entree-2.png\"><img loading=\"lazy\" decoding=\"async\" width=\"640\" height=\"960\" src=\"https:\/\/www.cocondedecoration.com\/blog\/wp-content\/uploads\/2025\/12\/guide-deco-entree-2-640x960.png\" alt=\"guide d\u00e9co entr\u00e9e bien choisir meuble \u00e0 chaussures \" class=\"wp-image-87050\" title=\"guide d\u00e9co entr\u00e9e bien choisir meuble \u00e0 chaussures \" srcset=\"https:\/\/www.cocondedecoration.com\/blog\/wp-content\/uploads\/2025\/12\/guide-deco-entree-2-640x960.png 640w, https:\/\/www.cocondedecoration.com\/blog\/wp-content\/uploads\/2025\/12\/guide-deco-entree-2-260x390.png 260w, https:\/\/www.cocondedecoration.com\/blog\/wp-content\/uploads\/2025\/12\/guide-deco-entree-2-768x1152.png 768w, https:\/\/www.cocondedecoration.com\/blog\/wp-content\/uploads\/2025\/12\/guide-deco-entree-2-367x550.png 367w, https:\/\/www.cocondedecoration.com\/blog\/wp-content\/uploads\/2025\/12\/guide-deco-entree-2-333x500.png 333w, https:\/\/www.cocondedecoration.com\/blog\/wp-content\/uploads\/2025\/12\/guide-deco-entree-2.png 1000w\" sizes=\"(max-width: 640px) 100vw, 640px\" \/><\/a><figcaption class=\"wp-element-caption\">Bien choisir son meuble \u00e0 chaussures > <a href=\"https:\/\/www.cocondedecoration.com\/blog\/2020\/03\/pratique-comment-choisir-son-meuble-a-chaussures\/\" target=\"_blank\" rel=\"noopener\" title=\"\">Tous mes conseils <\/a><\/figcaption><\/figure>\n<\/div>\n\n\n\n<div class=\"wp-block-cb-slide\">\n<figure class=\"wp-block-image size-large\"><a href=\"https:\/\/www.cocondedecoration.com\/blog\/wp-content\/uploads\/2025\/12\/guide-deco-entree-3.png\"><img loading=\"lazy\" decoding=\"async\" width=\"640\" height=\"960\" src=\"https:\/\/www.cocondedecoration.com\/blog\/wp-content\/uploads\/2025\/12\/guide-deco-entree-3-640x960.png\" alt=\"guide d\u00e9co entr\u00e9e bien choisir plante verte \" class=\"wp-image-87051\" title=\"guide d\u00e9co entr\u00e9e bien choisir plante verte \" srcset=\"https:\/\/www.cocondedecoration.com\/blog\/wp-content\/uploads\/2025\/12\/guide-deco-entree-3-640x960.png 640w, https:\/\/www.cocondedecoration.com\/blog\/wp-content\/uploads\/2025\/12\/guide-deco-entree-3-260x390.png 260w, https:\/\/www.cocondedecoration.com\/blog\/wp-content\/uploads\/2025\/12\/guide-deco-entree-3-768x1152.png 768w, https:\/\/www.cocondedecoration.com\/blog\/wp-content\/uploads\/2025\/12\/guide-deco-entree-3-367x550.png 367w, https:\/\/www.cocondedecoration.com\/blog\/wp-content\/uploads\/2025\/12\/guide-deco-entree-3-333x500.png 333w, https:\/\/www.cocondedecoration.com\/blog\/wp-content\/uploads\/2025\/12\/guide-deco-entree-3.png 1000w\" sizes=\"(max-width: 640px) 100vw, 640px\" \/><\/a><figcaption class=\"wp-element-caption\">Quelle plante choisir pour l'entr\u00e9e > <a href=\"https:\/\/www.cocondedecoration.com\/blog\/2022\/07\/quelle-plante-decorer-entree\/\" target=\"_blank\" rel=\"noopener\" title=\"\">lire l'article <\/a><\/figcaption><\/figure>\n<\/div>\n\n\n\n<div class=\"wp-block-cb-slide\">\n<figure class=\"wp-block-image size-large\"><a href=\"https:\/\/www.cocondedecoration.com\/blog\/wp-content\/uploads\/2025\/12\/guide-deco-entree-4.png\"><img loading=\"lazy\" decoding=\"async\" width=\"640\" height=\"960\" src=\"https:\/\/www.cocondedecoration.com\/blog\/wp-content\/uploads\/2025\/12\/guide-deco-entree-4-640x960.png\" alt=\"guide d\u00e9co entr\u00e9e console meuble conseil choix \" class=\"wp-image-87052\" title=\"guide d\u00e9co entr\u00e9e console meuble conseil choix \" srcset=\"https:\/\/www.cocondedecoration.com\/blog\/wp-content\/uploads\/2025\/12\/guide-deco-entree-4-640x960.png 640w, https:\/\/www.cocondedecoration.com\/blog\/wp-content\/uploads\/2025\/12\/guide-deco-entree-4-260x390.png 260w, https:\/\/www.cocondedecoration.com\/blog\/wp-content\/uploads\/2025\/12\/guide-deco-entree-4-768x1152.png 768w, https:\/\/www.cocondedecoration.com\/blog\/wp-content\/uploads\/2025\/12\/guide-deco-entree-4-367x550.png 367w, https:\/\/www.cocondedecoration.com\/blog\/wp-content\/uploads\/2025\/12\/guide-deco-entree-4-333x500.png 333w, https:\/\/www.cocondedecoration.com\/blog\/wp-content\/uploads\/2025\/12\/guide-deco-entree-4.png 1000w\" sizes=\"(max-width: 640px) 100vw, 640px\" \/><\/a><figcaption class=\"wp-element-caption\">Bien choisir la console de l'entr\u00e9e > <a href=\"https:\/\/www.cocondedecoration.com\/blog\/2023\/01\/ou-trouver-console-entree\/\" target=\"_blank\" rel=\"noopener\" title=\"\">mon guide d\u00e9co par ici<\/a><\/figcaption><\/figure>\n<\/div>\n\n\n\n<div class=\"wp-block-cb-slide\">\n<figure class=\"wp-block-image size-large\"><a href=\"https:\/\/www.cocondedecoration.com\/blog\/wp-content\/uploads\/2025\/12\/guide-deco-entree-5.png\"><img loading=\"lazy\" decoding=\"async\" width=\"640\" height=\"960\" src=\"https:\/\/www.cocondedecoration.com\/blog\/wp-content\/uploads\/2025\/12\/guide-deco-entree-5-640x960.png\" alt=\"guide d\u00e9coration entr\u00e9e pas ch\u00e8re petit prix \" class=\"wp-image-87053\" title=\"guide d\u00e9coration entr\u00e9e pas ch\u00e8re petit prix \" srcset=\"https:\/\/www.cocondedecoration.com\/blog\/wp-content\/uploads\/2025\/12\/guide-deco-entree-5-640x960.png 640w, https:\/\/www.cocondedecoration.com\/blog\/wp-content\/uploads\/2025\/12\/guide-deco-entree-5-260x390.png 260w, https:\/\/www.cocondedecoration.com\/blog\/wp-content\/uploads\/2025\/12\/guide-deco-entree-5-768x1152.png 768w, https:\/\/www.cocondedecoration.com\/blog\/wp-content\/uploads\/2025\/12\/guide-deco-entree-5-367x550.png 367w, https:\/\/www.cocondedecoration.com\/blog\/wp-content\/uploads\/2025\/12\/guide-deco-entree-5-333x500.png 333w, https:\/\/www.cocondedecoration.com\/blog\/wp-content\/uploads\/2025\/12\/guide-deco-entree-5.png 1000w\" sizes=\"(max-width: 640px) 100vw, 640px\" \/><\/a><figcaption class=\"wp-element-caption\">S\u00e9lection d\u00e9co pour l'entr\u00e9e \u00e0 petit prix > <a href=\"https:\/\/www.cocondedecoration.com\/blog\/2023\/11\/decoration-entree-pas-cher\/\" target=\"_blank\" rel=\"noopener\" title=\"\">d\u00e9couvrir la s\u00e9lection<\/a><\/figcaption><\/figure>\n<\/div>\n\n\n\n<div class=\"wp-block-cb-slide\">\n<figure class=\"wp-block-image size-large\"><a href=\"https:\/\/www.cocondedecoration.com\/blog\/wp-content\/uploads\/2025\/12\/guide-deco-entree-6.png\"><img loading=\"lazy\" decoding=\"async\" width=\"640\" height=\"960\" src=\"https:\/\/www.cocondedecoration.com\/blog\/wp-content\/uploads\/2025\/12\/guide-deco-entree-6-640x960.png\" alt=\"guide d\u00e9co bien choisir son banc d'entr\u00e9e\" class=\"wp-image-87054\" title=\"guide d\u00e9co bien choisir son banc d'entr\u00e9e\" srcset=\"https:\/\/www.cocondedecoration.com\/blog\/wp-content\/uploads\/2025\/12\/guide-deco-entree-6-640x960.png 640w, https:\/\/www.cocondedecoration.com\/blog\/wp-content\/uploads\/2025\/12\/guide-deco-entree-6-260x390.png 260w, https:\/\/www.cocondedecoration.com\/blog\/wp-content\/uploads\/2025\/12\/guide-deco-entree-6-768x1152.png 768w, https:\/\/www.cocondedecoration.com\/blog\/wp-content\/uploads\/2025\/12\/guide-deco-entree-6-367x550.png 367w, https:\/\/www.cocondedecoration.com\/blog\/wp-content\/uploads\/2025\/12\/guide-deco-entree-6-333x500.png 333w, https:\/\/www.cocondedecoration.com\/blog\/wp-content\/uploads\/2025\/12\/guide-deco-entree-6.png 1000w\" sizes=\"(max-width: 640px) 100vw, 640px\" \/><\/a><figcaption class=\"wp-element-caption\">Bien choisir son banc d'entr\u00e9e > <a href=\"https:\/\/www.cocondedecoration.com\/blog\/2019\/09\/objet-deco-un-banc-dans-lentree\/\" target=\"_blank\" rel=\"noopener\" title=\"\">guide d\u00e9co \u00e0 retrouver ici<\/a><\/figcaption><\/figure>\n<\/div>\n<\/div>\n\n\n\n<p class=\"has-small-font-size\">Pour plus d'id\u00e9es d\u00e9co au quotidien, retrouvez moi sur <a href=\"https:\/\/pinterest.fr\/cocondedeco\/\" target=\"_blank\" rel=\"noopener\" title=\"\">Pinterest<\/a>, <a href=\"https:\/\/www.threads.com\/@cocondedeco\" target=\"_blank\" rel=\"noopener\" title=\"\">Threads<\/a> et <a href=\"https:\/\/www.patreon.com\/c\/cocondedeco\" target=\"_blank\" rel=\"noopener\" title=\"\">Patreon<\/a> (: <\/p>\n\n\n\n<hr class=\"wp-block-separator\"\/>\n\n\n\n<p class=\"has-text-align-center has-medium-font-size\">Ne perdons pas contact \ud83d\ude42 Rejoignez moi sur <a href=\"https:\/\/www.pinterest.fr\/cocondedeco\/\" target=\"_blank\" rel=\"noopener\" title=\"\">Pinterest<\/a> |\u00a0<a href=\"https:\/\/www.threads.net\/@cocondedeco\" target=\"_blank\" rel=\"noopener\" title=\"\">Threads<\/a> | <a href=\"https:\/\/www.patreon.com\/collection\/162946?view=expanded\" target=\"_blank\" rel=\"noopener\" title=\"\">la Newsletter<\/a> <br>Vous aimez lire le blog? Vous souhaitez continuer \u00e0 le lire? <a href=\"https:\/\/www.patreon.com\/cocondedeco\" target=\"_blank\" rel=\"noopener\" title=\"\">Devenez m\u00e9c\u00e8ne<\/a> sur Patreon et contribuez \u00e0 sa survie. <\/p>\n\n\n\n<hr class=\"wp-block-separator\"\/>\n\n\n\n<div class=\"wp-block-columns has-2-columns is-layout-flex wp-container-core-columns-layout-2 wp-block-columns-is-layout-flex\">\n<div class=\"wp-block-column is-layout-flow wp-block-column-is-layout-flow\">\n<p style=\"text-align:center\" class=\"has-medium-font-size\">A lire \u00e9galement<\/p>\n\n\n<ul class=\"wp-block-latest-posts__list wp-block-latest-posts\"><li><a class=\"wp-block-latest-posts__post-title\" href=\"https:\/\/www.cocondedecoration.com\/blog\/2025\/09\/mur-interieur-parpaing\/\">Simple et original, le mur int\u00e9rieur en parpaings bruts<\/a><\/li>\n<li><a class=\"wp-block-latest-posts__post-title\" href=\"https:\/\/www.cocondedecoration.com\/blog\/2025\/04\/materiau-cloison-interieur\/\">Construire une cloison: quels mat\u00e9riaux privil\u00e9gier?<\/a><\/li>\n<li><a class=\"wp-block-latest-posts__post-title\" href=\"https:\/\/www.cocondedecoration.com\/blog\/2025\/02\/cloison-briques-de-verre\/\">Briques de verre pour cloisonner sans perdre en luminosit\u00e9<\/a><\/li>\n<li><a class=\"wp-block-latest-posts__post-title\" href=\"https:\/\/www.cocondedecoration.com\/blog\/2024\/01\/maison-plein-pied-tropicale\/\">Un plein-pied tropical ouvert sur le jardin | Visite d\u00e9co<\/a><\/li>\n<li><a class=\"wp-block-latest-posts__post-title\" href=\"https:\/\/www.cocondedecoration.com\/blog\/2022\/04\/arche-architecture-interieure\/\">[Inspirations] Arches &#038; architecture int\u00e9rieure<\/a><\/li>\n<li><a class=\"wp-block-latest-posts__post-title\" href=\"https:\/\/www.cocondedecoration.com\/blog\/2021\/10\/verriere-salle-de-bain\/\">[Id\u00e9e d\u00e9co] Une verri\u00e8re dans la salle de bain<\/a><\/li>\n<li><a class=\"wp-block-latest-posts__post-title\" href=\"https:\/\/www.cocondedecoration.com\/blog\/2021\/09\/verriere-combles-exemple\/\">[Id\u00e9e d\u00e9co] Verri\u00e8re sous les combles &#8211; 15 am\u00e9nagements inspirants<\/a><\/li>\n<\/ul><\/div>\n\n\n\n<div class=\"wp-block-column is-layout-flow wp-block-column-is-layout-flow\">\n<p class=\"has-text-align-center has-medium-font-size\" style=\"padding-top:var(--wp--preset--spacing--40);padding-bottom:var(--wp--preset--spacing--40)\"><strong>Devenez m\u00e9c\u00e8ne du blog <\/strong><\/p>\n\n\n\n<hr class=\"wp-block-separator has-alpha-channel-opacity is-style-wide\"\/>\n\n\n\n<p style=\"padding-right:var(--wp--preset--spacing--30);padding-left:var(--wp--preset--spacing--30)\">Soutenez mon travail sur le blog et acc\u00e9dez \u00e0 des contreparties exclusives: <\/p>\n\n\n\n<ul style=\"padding-right:var(--wp--preset--spacing--40);padding-left:var(--wp--preset--spacing--40)\">\n<li>Plusieurs centaines d'articles d\u00e9co, lifestyle &amp; voyage r\u00e9serv\u00e9s aux abonn\u00e9\u2022e\u2022s <\/li>\n\n\n\n<li>Toutes les entr\u00e9es de mon side project - mon dictionnaire nomade <\/li>\n\n\n\n<li>Une publicit\u00e9 limit\u00e9e sur les articles Patreon <\/li>\n<\/ul>\n\n\n\n<div class=\"wp-block-buttons is-content-justification-center is-layout-flex wp-container-core-buttons-layout-1 wp-block-buttons-is-layout-flex\">\n<div class=\"wp-block-button\"><a class=\"wp-block-button__link wp-element-button\" href=\"https:\/\/www.patreon.com\/cocondedeco\" target=\"_blank\" rel=\"noreferrer noopener\">Soutenir le blog maintenant<\/a><\/div>\n<\/div>\n<\/div>\n<\/div>\n\n\n\n<p style=\"text-align:right\" class=\"has-small-font-size\">Note: Cet article contient des liens affili\u00e9s. <br>Il a \u00e9t\u00e9 mis \u00e0 jour en ao\u00fbt 2023. <\/p>\n","protected":false},"excerpt":{"rendered":"<p>J&rsquo;ai d\u00e9j\u00e0 eu l&rsquo;occasion de vous parler des claustras sur le blog \u00e0 deux reprises. Dans le 1er article, je vous montrais ce que c&rsquo;\u00e9tait, \u00e0 quoi les claustras pouvaient servir dans votre int\u00e9rieur, etc. Dans le 2\u00e8me article, j&rsquo;avais tenu \u00e0 regarder de plus pr\u00e8s l&rsquo;utilisation qu&rsquo;on pouvait faire<span class=\"more-link\"><a href=\"https:\/\/www.cocondedecoration.com\/blog\/2019\/12\/idees-deco-des-claustras-dans-lentree\/\">Lire la suite<\/a><\/span><\/p>\n","protected":false},"author":1,"featured_media":23073,"comment_status":"open","ping_status":"open","sticky":false,"template":"","format":"standard","meta":{"om_disable_all_campaigns":false,"_monsterinsights_skip_tracking":false,"_monsterinsights_sitenote_active":false,"_monsterinsights_sitenote_note":"","_monsterinsights_sitenote_category":0,"_uf_show_specific_survey":0,"_uf_disable_surveys":false,"footnotes":""},"categories":[62179,17739],"tags":[5825,42896,4511,42889,4513,5821,4938,5830,5822,4521,5826,42895,5831,42898,42891,5824,42897,42900,5827,4156,5820,42888,42892,42894,5823,5832,42890,42893,5828,5829,42899],"aioseo_notices":[],"_links":{"self":[{"href":"https:\/\/www.cocondedecoration.com\/blog\/wp-json\/wp\/v2\/posts\/23056"}],"collection":[{"href":"https:\/\/www.cocondedecoration.com\/blog\/wp-json\/wp\/v2\/posts"}],"about":[{"href":"https:\/\/www.cocondedecoration.com\/blog\/wp-json\/wp\/v2\/types\/post"}],"author":[{"embeddable":true,"href":"https:\/\/www.cocondedecoration.com\/blog\/wp-json\/wp\/v2\/users\/1"}],"replies":[{"embeddable":true,"href":"https:\/\/www.cocondedecoration.com\/blog\/wp-json\/wp\/v2\/comments?post=23056"}],"version-history":[{"count":1,"href":"https:\/\/www.cocondedecoration.com\/blog\/wp-json\/wp\/v2\/posts\/23056\/revisions"}],"predecessor-version":[{"id":85701,"href":"https:\/\/www.cocondedecoration.com\/blog\/wp-json\/wp\/v2\/posts\/23056\/revisions\/85701"}],"wp:featuredmedia":[{"embeddable":true,"href":"https:\/\/www.cocondedecoration.com\/blog\/wp-json\/wp\/v2\/media\/23073"}],"wp:attachment":[{"href":"https:\/\/www.cocondedecoration.com\/blog\/wp-json\/wp\/v2\/media?parent=23056"}],"wp:term":[{"taxonomy":"category","embeddable":true,"href":"https:\/\/www.cocondedecoration.com\/blog\/wp-json\/wp\/v2\/categories?post=23056"},{"taxonomy":"post_tag","embeddable":true,"href":"https:\/\/www.cocondedecoration.com\/blog\/wp-json\/wp\/v2\/tags?post=23056"}],"curies":[{"name":"wp","href":"https:\/\/api.w.org\/{rel}","templated":true}]}}