{"id":21872,"date":"2019-09-09T08:15:54","date_gmt":"2019-09-09T06:15:54","guid":{"rendered":"http:\/\/www.cocondedecoration.com\/blog\/?p=21872"},"modified":"2023-09-21T08:19:09","modified_gmt":"2023-09-21T06:19:09","slug":"minimalisme-comment-eviter-une-ambiance-trop-froide","status":"publish","type":"post","link":"https:\/\/www.cocondedecoration.com\/blog\/2019\/09\/minimalisme-comment-eviter-une-ambiance-trop-froide\/","title":{"rendered":"[Minimalisme] Comment \u00e9viter une ambiance trop froide?"},"content":{"rendered":"\n<p>L'une des principales id\u00e9es re\u00e7ues sur la d\u00e9coration minimaliste, c'est qu'elle cr\u00e9e un int\u00e9rieur froid et aust\u00e8re. C'\u00e9tait probablement vrai il y a quelques ann\u00e9es, un ou deux d\u00e9cennies. M\u00eame moi \u00e0 cette \u00e9poque, je les trouvais tristes, sans vie. Heureusement, les choses \u00e9voluent, la d\u00e9co \u00e9volue. Et maintenant, on peut tr\u00e8s bien cr\u00e9er une ambiance minimale et chaleureuse en m\u00eame temps. Je vous propose dans cet article une s\u00e9rie de conseils pour \u00e9viter que votre d\u00e9co \u00e9pur\u00e9e soit morne. Vous verrez, ce n'est pas si compliqu\u00e9!<\/p>\n\n\n\n<!--more-->\n\n\n\n<div class=\"wp-block-image\"><figure class=\"aligncenter\"><a href=\"https:\/\/www.patreon.com\/cocondedeco\" target=\"_blank\" rel=\"noreferrer noopener\"><img loading=\"lazy\" decoding=\"async\" width=\"728\" height=\"90\" src=\"http:\/\/www.cocondedecoration.com\/blog\/wp-content\/uploads\/2021\/01\/banniere-patreon.png\" alt=\"\" class=\"wp-image-33877\" srcset=\"https:\/\/www.cocondedecoration.com\/blog\/wp-content\/uploads\/2021\/01\/banniere-patreon.png 728w, https:\/\/www.cocondedecoration.com\/blog\/wp-content\/uploads\/2021\/01\/banniere-patreon-260x32.png 260w, https:\/\/www.cocondedecoration.com\/blog\/wp-content\/uploads\/2021\/01\/banniere-patreon-640x79.png 640w, https:\/\/www.cocondedecoration.com\/blog\/wp-content\/uploads\/2021\/01\/banniere-patreon-465x57.png 465w, https:\/\/www.cocondedecoration.com\/blog\/wp-content\/uploads\/2021\/01\/banniere-patreon-695x86.png 695w\" sizes=\"(max-width: 728px) 100vw, 728px\" \/><\/a><\/figure><\/div>\n\n\n\n<p style=\"text-align:center\" class=\"has-background has-small-font-size has-very-light-gray-background-color\">Avant de poursuivre cet article, j'aimerai vous parler quelques instants de Patreon. C'est une plateforme en plus du blog sur laquelle vous pouvez devenir m\u00e9c\u00e8ne du blog. <br><strong>Pourquoi soutenir le blog?<\/strong> <br>Parce que c'est un travail consid\u00e9rable et m\u00eame si je le fais avec passion c'est aussi un travail pr\u00e9caire (<a rel=\"noreferrer noopener\" href=\"https:\/\/www.patreon.com\/posts\/en-quoi-consiste-86917611\" target=\"_blank\">je vous explique tout cela en d\u00e9tail dans ce post<\/a>). Si vous aimez l'article que vous \u00eates en train de lire, si vous me suivez sur les r\u00e9seaux sociaux ou encore si vous lisez r\u00e9guli\u00e8rement le blog, je vous serai reconnaissante de soutenir le blog via Patreon. Par ailleurs, en vous abonnant sur la plateforme vous acc\u00e9derez \u00e0 des contenus exclusifs pour vous remercier de votre soutien. C'est sans engagement et chaque contribution fera la diff\u00e9rence. Merci par avance de votre aide! <br><a rel=\"noreferrer noopener\" href=\"https:\/\/www.patreon.com\/cocondedeco\" target=\"_blank\"><strong>En savoir plus &amp; acc\u00e9der \u00e0 Patreon<\/strong><\/a><\/p>\n\n\n\n<h2 class=\"wp-block-heading\">Int\u00e9rieur minimaliste: Portez de l'attention \u00e0 la mati\u00e8re<\/h2>\n\n\n\n<p>Avant de parler de couleurs, on va parler de mati\u00e8res. Cet id\u00e9e d'article, je l'ai eue en tombant sur une photo sur Instagram. C'\u00e9tait un int\u00e9rieur minimaliste, un salon. Et ce qui m'a saut\u00e9 aux yeux, ce n'est pas le blanc omnipr\u00e9sent mais <strong>le choix des mati\u00e8res qui rendait la pi\u00e8ce tr\u00e8s froide<\/strong>. Les meubles contribuent \u00e0 l'ambiance et l'atmosph\u00e8re de la pi\u00e8ce. Par cons\u00e9quent, les mati\u00e8res qui le composent ont aussi un r\u00f4le \u00e0 jouer.<\/p>\n\n\n\n<h3 class=\"wp-block-heading\">Mati\u00e8res chaleureuses et mati\u00e8res froides<\/h3>\n\n\n\n<p><strong>Le bois est d\u00e9finitivement une mati\u00e8re chaleureuse<\/strong>. C'est une mati\u00e8re vivante, noble. Peu importe son essence, le bois est une valeur s\u00fbre pour cr\u00e9er une ambiance douce et pleine de vie. En revanche, d'autres mat\u00e9riaux ne sont pas aussi conviviaux. <strong>Le m\u00e9tal<\/strong> n'est pas si facile \u00e0 utiliser dans une d\u00e9co minimaliste. Quand il est us\u00e9, vieilli, il est plus chaleureux, c'est pour \u00e7a que les meubles industriels plaisaient \/ plaisent autant. Le m\u00e9tal neuf, brillant est quant \u00e0 lui beaucoup plus froid. L'aluminium ou l'inox qui brillent, sont gris et froid. On les utilise donc par petite touche. Avec l'arriv\u00e9e des m\u00e9taux plus contemporains, comme le laiton et les teintes dor\u00e9es \/ ros\u00e9es, on peut \u00e9viter facilement ce rendu aust\u00e8re.<br>Le m\u00e9tal n'est pas le seul mat\u00e9riaux dont il faut se m\u00e9fier. On peut prendre <strong>l'exemple du miroir<\/strong>. La partie qui vous refl\u00e8te est froide. Pour contrebalancer cette froideur, il faut jouer avec l'encadrement du miroir, sa forme et sa taille. Un grand miroir simple, rectangulaire sans encadrement sera plus froid qu'un miroir rond encadr\u00e9 de bois. La laque est aussi un rev\u00eatement froid, brillant. <strong>Une vraie laque<\/strong> est fragile, on n'ose pas s'en approcher peur de la rayer ou de faire une trace. On va donc l'utiliser avec parcimonie - si on tient absolument \u00e0 r\u00e9utiliser le buffet laqu\u00e9 achet\u00e9 il y a 10 ans. Il faudra faire en sorte de trouver un \u00e9quilibre entre le froid et le chaud qui se d\u00e9gagent de vos meubles, mais pas seulement!<\/p>\n\n\n\n<h3 class=\"wp-block-heading\">Les mat\u00e9riaux de votre mobilier<\/h3>\n\n\n\n<p>Dans chacune des pi\u00e8ces de la maison, le mobilier a une grande part \u00e0 jouer dans l'ambiance qui se d\u00e9gagera de votre d\u00e9coration. M\u00eame si on cherche des meubles \u00e9pur\u00e9s,<strong> la mati\u00e8re est ce qui leur donne du charme<\/strong>. Je viens de parler d'\u00e9quilibre. Sur une chaise par exemple, il faut trouver le bon \u00e9quilibre entre le pi\u00e8tement et l'assise. Le pi\u00e8tement peut-\u00eatre en m\u00e9tal, mais il n'est pas n\u00e9cessairement compos\u00e9 de 4 pieds mastocs qui p\u00e8sent une tonne. M\u00eame si on veut des pi\u00e8tement en m\u00e9tal, on peut choisir des pieds en compas qui offrent un petit effet r\u00e9tro (et chaleureux) et qui sont beaucoup moins lourds. <strong>En plus de l'\u00e9quilibre mati\u00e8re et forme, on peut s'int\u00e9resser \u00e0 l'\u00e9quilibre mati\u00e8re \/ mati\u00e8re<\/strong>. Le pi\u00e8tement et l'assise ne feront qu'un dans votre d\u00e9co. Le m\u00e9tal des pieds d'une chaise devra \u00eatre \u00e9quilibr\u00e9 avec la mati\u00e8re de l'assise: du bois, du tissus, un plastique qui a une forme plus organique comme les fameuses chaises Eames que tout le monde connait... Observez les meubles autour de vous, vous vous rendrez compte que ce ne sont pas juste des blocs pratiques de rangements, ce sont diff\u00e9rents \u00e9l\u00e9ments assembl\u00e9s. <strong>Dans une d\u00e9marche minimaliste, on va s'int\u00e9resser aussi bien aux d\u00e9tails du meuble qu'\u00e0 son tout<\/strong>. Son allure g\u00e9n\u00e9rale, mais aussi les d\u00e9tails comme les poign\u00e9es, la quincaillerie, les pieds, etc.<\/p>\n\n\n\n<h3 class=\"wp-block-heading\">Les mati\u00e8res qui composent votre d\u00e9co<\/h3>\n\n\n\n<p>Dans cette qu\u00eate d'\u00e9quilibre, il n'y a pas que les mati\u00e8res pr\u00e9sentes dans les meubles qui vont contribuer \u00e0 l'atmosph\u00e8re chaleureuse de votre pi\u00e8ce. Il y a aussi, votre d\u00e9co. Elle aussi est faite de mati\u00e8re. On a <strong>les mati\u00e8res textiles<\/strong> dans les rideaux, housses diverses, tapis. On doit faire attention aux <strong>mati\u00e8res m\u00e9talliques<\/strong>, dans les luminaires par exemples, mais aussi les poign\u00e9es de portes et de fen\u00eatres. <strong>Votre rev\u00eatement de sol, celui des murs et du plafond<\/strong>... L\u00e0 aussi il est question de mati\u00e8re. Bois ou carrelage? Peinture ou papier peint? Des pierres naturelles, des briques? Vous comprenez bien que <strong>cr\u00e9er une d\u00e9coration minimaliste ne se fait pas en un claquement de doigt<\/strong>. Il ne suffit pas de prendre une image sur Pinterest et de la reproduire le plus fid\u00e8lement possible. Il est primordial de se poser, de r\u00e9fl\u00e9chir \u00e0 ce qui va composer notre environnement. On ne fait pas que consommer notre d\u00e9co. <strong>On la pense et on lui donne du sens<\/strong>. Ce sens vous \u00e9vitera de vous foirer et d'avoir une d\u00e9co aussi chaleureuse qu'une morgue en pleine nuit d'halloween.<\/p>\n\n\n\n<ul class=\"wp-block-gallery columns-3 is-cropped wp-block-gallery-1 is-layout-flex wp-block-gallery-is-layout-flex\"><li class=\"blocks-gallery-item\"><figure><img loading=\"lazy\" decoding=\"async\" width=\"608\" height=\"792\" src=\"http:\/\/www.cocondedecoration.com\/blog\/wp-content\/uploads\/2021\/05\/interieur-minimaliste-chaleureux-exemple-1.jpeg\" alt=\"interieur minimaliste chaleureux exemple espace salon couleur \u00e9cru beige \u00e9pur\u00e9 chaise en bois\" data-id=\"38998\" data-link=\"http:\/\/www.cocondedecoration.com\/blog\/2019\/09\/minimalisme-comment-eviter-une-ambiance-trop-froide\/interieur-minimaliste-chaleureux-exemple-1\/\" class=\"wp-image-38998\" srcset=\"https:\/\/www.cocondedecoration.com\/blog\/wp-content\/uploads\/2021\/05\/interieur-minimaliste-chaleureux-exemple-1.jpeg 608w, https:\/\/www.cocondedecoration.com\/blog\/wp-content\/uploads\/2021\/05\/interieur-minimaliste-chaleureux-exemple-1-260x339.jpeg 260w, https:\/\/www.cocondedecoration.com\/blog\/wp-content\/uploads\/2021\/05\/interieur-minimaliste-chaleureux-exemple-1-422x550.jpeg 422w, https:\/\/www.cocondedecoration.com\/blog\/wp-content\/uploads\/2021\/05\/interieur-minimaliste-chaleureux-exemple-1-384x500.jpeg 384w\" sizes=\"(max-width: 608px) 100vw, 608px\" \/><\/figure><\/li><li class=\"blocks-gallery-item\"><figure><img loading=\"lazy\" decoding=\"async\" width=\"640\" height=\"906\" src=\"http:\/\/www.cocondedecoration.com\/blog\/wp-content\/uploads\/2021\/05\/interieur-minimaliste-chaleureux-exemple-2-640x906.jpeg\" alt=\"interieur minimaliste chaleureux exemple cuisine d\u00e9coration \u00e9pur\u00e9e plan de travail blanc \u00e9tag\u00e8re bois\" data-id=\"38999\" data-link=\"http:\/\/www.cocondedecoration.com\/blog\/2019\/09\/minimalisme-comment-eviter-une-ambiance-trop-froide\/interieur-minimaliste-chaleureux-exemple-2\/\" class=\"wp-image-38999\" srcset=\"https:\/\/www.cocondedecoration.com\/blog\/wp-content\/uploads\/2021\/05\/interieur-minimaliste-chaleureux-exemple-2-640x906.jpeg 640w, https:\/\/www.cocondedecoration.com\/blog\/wp-content\/uploads\/2021\/05\/interieur-minimaliste-chaleureux-exemple-2-260x368.jpeg 260w, https:\/\/www.cocondedecoration.com\/blog\/wp-content\/uploads\/2021\/05\/interieur-minimaliste-chaleureux-exemple-2-768x1087.jpeg 768w, https:\/\/www.cocondedecoration.com\/blog\/wp-content\/uploads\/2021\/05\/interieur-minimaliste-chaleureux-exemple-2-388x550.jpeg 388w, https:\/\/www.cocondedecoration.com\/blog\/wp-content\/uploads\/2021\/05\/interieur-minimaliste-chaleureux-exemple-2-353x500.jpeg 353w, https:\/\/www.cocondedecoration.com\/blog\/wp-content\/uploads\/2021\/05\/interieur-minimaliste-chaleureux-exemple-2.jpeg 1130w\" sizes=\"(max-width: 640px) 100vw, 640px\" \/><\/figure><\/li><li class=\"blocks-gallery-item\"><figure><img loading=\"lazy\" decoding=\"async\" width=\"640\" height=\"800\" src=\"http:\/\/www.cocondedecoration.com\/blog\/wp-content\/uploads\/2021\/05\/interieur-minimaliste-chaleureux-exemple-3-640x800.jpeg\" alt=\"interieur minimaliste chaleureux exemple chambre \u00e0 coucher \u00e9pur\u00e9 bout de canap\u00e9 table de chevet\" data-id=\"39000\" data-link=\"http:\/\/www.cocondedecoration.com\/blog\/2019\/09\/minimalisme-comment-eviter-une-ambiance-trop-froide\/interieur-minimaliste-chaleureux-exemple-3\/\" class=\"wp-image-39000\" srcset=\"https:\/\/www.cocondedecoration.com\/blog\/wp-content\/uploads\/2021\/05\/interieur-minimaliste-chaleureux-exemple-3-640x800.jpeg 640w, https:\/\/www.cocondedecoration.com\/blog\/wp-content\/uploads\/2021\/05\/interieur-minimaliste-chaleureux-exemple-3-260x325.jpeg 260w, https:\/\/www.cocondedecoration.com\/blog\/wp-content\/uploads\/2021\/05\/interieur-minimaliste-chaleureux-exemple-3-768x960.jpeg 768w, https:\/\/www.cocondedecoration.com\/blog\/wp-content\/uploads\/2021\/05\/interieur-minimaliste-chaleureux-exemple-3-440x550.jpeg 440w, https:\/\/www.cocondedecoration.com\/blog\/wp-content\/uploads\/2021\/05\/interieur-minimaliste-chaleureux-exemple-3-400x500.jpeg 400w, https:\/\/www.cocondedecoration.com\/blog\/wp-content\/uploads\/2021\/05\/interieur-minimaliste-chaleureux-exemple-3.jpeg 1500w\" sizes=\"(max-width: 640px) 100vw, 640px\" \/><\/figure><\/li><li class=\"blocks-gallery-item\"><figure><img loading=\"lazy\" decoding=\"async\" width=\"564\" height=\"805\" src=\"http:\/\/www.cocondedecoration.com\/blog\/wp-content\/uploads\/2021\/05\/interieur-minimaliste-chaleureux-exemple-4.jpeg\" alt=\"interieur minimaliste chaleureux exemple salle \u00e0 manger mobilier r\u00e9tro vintage rev\u00eatement mural mati\u00e8re\" data-id=\"39001\" data-link=\"http:\/\/www.cocondedecoration.com\/blog\/2019\/09\/minimalisme-comment-eviter-une-ambiance-trop-froide\/interieur-minimaliste-chaleureux-exemple-4\/\" class=\"wp-image-39001\" srcset=\"https:\/\/www.cocondedecoration.com\/blog\/wp-content\/uploads\/2021\/05\/interieur-minimaliste-chaleureux-exemple-4.jpeg 564w, https:\/\/www.cocondedecoration.com\/blog\/wp-content\/uploads\/2021\/05\/interieur-minimaliste-chaleureux-exemple-4-260x371.jpeg 260w, https:\/\/www.cocondedecoration.com\/blog\/wp-content\/uploads\/2021\/05\/interieur-minimaliste-chaleureux-exemple-4-385x550.jpeg 385w, https:\/\/www.cocondedecoration.com\/blog\/wp-content\/uploads\/2021\/05\/interieur-minimaliste-chaleureux-exemple-4-350x500.jpeg 350w\" sizes=\"(max-width: 564px) 100vw, 564px\" \/><\/figure><\/li><li class=\"blocks-gallery-item\"><figure><img loading=\"lazy\" decoding=\"async\" width=\"640\" height=\"960\" src=\"http:\/\/www.cocondedecoration.com\/blog\/wp-content\/uploads\/2021\/05\/interieur-minimaliste-chaleureux-exemple-5-640x960.jpeg\" alt=\"interieur minimaliste chaleureux exemple canap\u00e9 angle blanc grand salon\" data-id=\"39002\" data-link=\"http:\/\/www.cocondedecoration.com\/blog\/2019\/09\/minimalisme-comment-eviter-une-ambiance-trop-froide\/interieur-minimaliste-chaleureux-exemple-5\/\" class=\"wp-image-39002\" srcset=\"https:\/\/www.cocondedecoration.com\/blog\/wp-content\/uploads\/2021\/05\/interieur-minimaliste-chaleureux-exemple-5-640x960.jpeg 640w, https:\/\/www.cocondedecoration.com\/blog\/wp-content\/uploads\/2021\/05\/interieur-minimaliste-chaleureux-exemple-5-260x390.jpeg 260w, https:\/\/www.cocondedecoration.com\/blog\/wp-content\/uploads\/2021\/05\/interieur-minimaliste-chaleureux-exemple-5-367x550.jpeg 367w, https:\/\/www.cocondedecoration.com\/blog\/wp-content\/uploads\/2021\/05\/interieur-minimaliste-chaleureux-exemple-5-334x500.jpeg 334w, https:\/\/www.cocondedecoration.com\/blog\/wp-content\/uploads\/2021\/05\/interieur-minimaliste-chaleureux-exemple-5.jpeg 667w\" sizes=\"(max-width: 640px) 100vw, 640px\" \/><\/figure><\/li><\/ul>\n\n\n\n<p style=\"text-align:center\" class=\"has-small-font-size\"><a rel=\"noreferrer noopener\" aria-label=\"1 (s\u2019ouvre dans un nouvel onglet)\" href=\"https:\/\/www.pinterest.fr\/pin\/21181060737280475\/\" target=\"_blank\">1<\/a> \/ <a rel=\"noreferrer noopener\" aria-label=\"2 (s\u2019ouvre dans un nouvel onglet)\" href=\"https:\/\/www.pinterest.fr\/pin\/18929260924090271\/\" target=\"_blank\">2<\/a> \/ <a rel=\"noreferrer noopener\" aria-label=\"3 (s\u2019ouvre dans un nouvel onglet)\" href=\"https:\/\/www.pinterest.fr\/pin\/21462535716121277\/\" target=\"_blank\">3<\/a> \/ <a rel=\"noreferrer noopener\" aria-label=\"4 (s\u2019ouvre dans un nouvel onglet)\" href=\"https:\/\/www.pinterest.fr\/pin\/67342956918180121\/\" target=\"_blank\">4<\/a> \/ <a href=\"https:\/\/www.pinterest.fr\/pin\/12596073945240372\/\" target=\"_blank\" rel=\"noreferrer noopener\" aria-label=\"5 (s\u2019ouvre dans un nouvel onglet)\">5<\/a><\/p>\n\n\n\n<div class=\"wp-block-columns has-4-columns is-layout-flex wp-container-core-columns-layout-1 wp-block-columns-is-layout-flex\">\n<div class=\"wp-block-column is-layout-flow wp-block-column-is-layout-flow\">\n<figure class=\"wp-block-image\"><img loading=\"lazy\" decoding=\"async\" width=\"640\" height=\"640\" src=\"http:\/\/www.cocondedecoration.com\/blog\/wp-content\/uploads\/2021\/05\/meuble-deco-minimaliste-et-chaleureux-1-640x640.jpeg\" alt=\"meuble deco minimaliste et chaleureux banquette moderne forme arrondie salon\" class=\"wp-image-39008\" srcset=\"https:\/\/www.cocondedecoration.com\/blog\/wp-content\/uploads\/2021\/05\/meuble-deco-minimaliste-et-chaleureux-1-640x640.jpeg 640w, https:\/\/www.cocondedecoration.com\/blog\/wp-content\/uploads\/2021\/05\/meuble-deco-minimaliste-et-chaleureux-1-165x165.jpeg 165w, https:\/\/www.cocondedecoration.com\/blog\/wp-content\/uploads\/2021\/05\/meuble-deco-minimaliste-et-chaleureux-1-260x260.jpeg 260w, https:\/\/www.cocondedecoration.com\/blog\/wp-content\/uploads\/2021\/05\/meuble-deco-minimaliste-et-chaleureux-1-465x465.jpeg 465w, https:\/\/www.cocondedecoration.com\/blog\/wp-content\/uploads\/2021\/05\/meuble-deco-minimaliste-et-chaleureux-1-500x500.jpeg 500w, https:\/\/www.cocondedecoration.com\/blog\/wp-content\/uploads\/2021\/05\/meuble-deco-minimaliste-et-chaleureux-1.jpeg 680w\" sizes=\"(max-width: 640px) 100vw, 640px\" \/><figcaption><a href=\"https:\/\/c3po.link\/Qq3ccmmpQN\" target=\"_blank\" rel=\"noreferrer noopener\" aria-label=\"Banquette  (s\u2019ouvre dans un nouvel onglet)\">Banquette <\/a>- La Redoute<\/figcaption><\/figure>\n\n\n\n<figure class=\"wp-block-image\"><img loading=\"lazy\" decoding=\"async\" width=\"500\" height=\"500\" src=\"http:\/\/www.cocondedecoration.com\/blog\/wp-content\/uploads\/2021\/05\/accessoire-deco-plus-chaleureuse-minimaliste-slow-5.jpeg\" alt=\"accessoire deco plus chaleureuse minimaliste slow salle \u00e0 manger chaise fauteuil de table effet cuir\" class=\"wp-image-39024\" srcset=\"https:\/\/www.cocondedecoration.com\/blog\/wp-content\/uploads\/2021\/05\/accessoire-deco-plus-chaleureuse-minimaliste-slow-5.jpeg 500w, https:\/\/www.cocondedecoration.com\/blog\/wp-content\/uploads\/2021\/05\/accessoire-deco-plus-chaleureuse-minimaliste-slow-5-165x165.jpeg 165w, https:\/\/www.cocondedecoration.com\/blog\/wp-content\/uploads\/2021\/05\/accessoire-deco-plus-chaleureuse-minimaliste-slow-5-260x260.jpeg 260w, https:\/\/www.cocondedecoration.com\/blog\/wp-content\/uploads\/2021\/05\/accessoire-deco-plus-chaleureuse-minimaliste-slow-5-465x465.jpeg 465w\" sizes=\"(max-width: 500px) 100vw, 500px\" \/><figcaption><a href=\"https:\/\/track.effiliation.com\/servlet\/effi.redir?id_compteur=21809597&amp;url=https%3A%2F%2Fwww.maisonsdumonde.com%2FFR%2Ffr%2Fp%2Fchaise-avec-accoudoirs-marron-imitation-cuir-vieilli-baseball-210132.htm\" target=\"_blank\" rel=\"noreferrer noopener\" aria-label=\"Fauteuil de table (s\u2019ouvre dans un nouvel onglet)\">Fauteuil de table<\/a> - Maisons du Monde<\/figcaption><\/figure>\n<\/div>\n\n\n\n<div class=\"wp-block-column is-layout-flow wp-block-column-is-layout-flow\">\n<figure class=\"wp-block-image\"><img loading=\"lazy\" decoding=\"async\" width=\"640\" height=\"640\" src=\"http:\/\/www.cocondedecoration.com\/blog\/wp-content\/uploads\/2021\/05\/meuble-deco-minimaliste-et-chaleureux-4-640x640.jpeg\" alt=\"meuble deco minimaliste et chaleureux canap\u00e9 d'angle moderne arrondi couleur neutre design\" class=\"wp-image-39011\" srcset=\"https:\/\/www.cocondedecoration.com\/blog\/wp-content\/uploads\/2021\/05\/meuble-deco-minimaliste-et-chaleureux-4-640x640.jpeg 640w, https:\/\/www.cocondedecoration.com\/blog\/wp-content\/uploads\/2021\/05\/meuble-deco-minimaliste-et-chaleureux-4-165x165.jpeg 165w, https:\/\/www.cocondedecoration.com\/blog\/wp-content\/uploads\/2021\/05\/meuble-deco-minimaliste-et-chaleureux-4-260x260.jpeg 260w, https:\/\/www.cocondedecoration.com\/blog\/wp-content\/uploads\/2021\/05\/meuble-deco-minimaliste-et-chaleureux-4-465x465.jpeg 465w, https:\/\/www.cocondedecoration.com\/blog\/wp-content\/uploads\/2021\/05\/meuble-deco-minimaliste-et-chaleureux-4-500x500.jpeg 500w, https:\/\/www.cocondedecoration.com\/blog\/wp-content\/uploads\/2021\/05\/meuble-deco-minimaliste-et-chaleureux-4.jpeg 680w\" sizes=\"(max-width: 640px) 100vw, 640px\" \/><figcaption><a href=\"https:\/\/c3po.link\/QdDUBnAN7R\" target=\"_blank\" rel=\"noreferrer noopener\" aria-label=\"Canap\u00e9 d'angle (s\u2019ouvre dans un nouvel onglet)\">Canap\u00e9 d'angle<\/a> - La Redoute<\/figcaption><\/figure>\n\n\n\n<figure class=\"wp-block-image\"><img loading=\"lazy\" decoding=\"async\" width=\"500\" height=\"500\" src=\"http:\/\/www.cocondedecoration.com\/blog\/wp-content\/uploads\/2021\/05\/accessoire-deco-plus-chaleureuse-minimaliste-slow-6.jpeg\" alt=\"accessoire deco plus chaleureuse minimaliste slow fauteuil salon s\u00e9jour moderne\" class=\"wp-image-39025\" srcset=\"https:\/\/www.cocondedecoration.com\/blog\/wp-content\/uploads\/2021\/05\/accessoire-deco-plus-chaleureuse-minimaliste-slow-6.jpeg 500w, https:\/\/www.cocondedecoration.com\/blog\/wp-content\/uploads\/2021\/05\/accessoire-deco-plus-chaleureuse-minimaliste-slow-6-165x165.jpeg 165w, https:\/\/www.cocondedecoration.com\/blog\/wp-content\/uploads\/2021\/05\/accessoire-deco-plus-chaleureuse-minimaliste-slow-6-260x260.jpeg 260w, https:\/\/www.cocondedecoration.com\/blog\/wp-content\/uploads\/2021\/05\/accessoire-deco-plus-chaleureuse-minimaliste-slow-6-465x465.jpeg 465w\" sizes=\"(max-width: 500px) 100vw, 500px\" \/><figcaption><a href=\"https:\/\/track.effiliation.com\/servlet\/effi.redir?id_compteur=21809597&amp;url=https%3A%2F%2Fwww.maisonsdumonde.com%2FFR%2Ffr%2Fp%2Ffauteuil-de-jardin-en-resine-imitation-rotin-metal-noir-et-coussins-ecrus-tilos-209325.htm\" target=\"_blank\" rel=\"noreferrer noopener\" aria-label=\"Fauteuil (s\u2019ouvre dans un nouvel onglet)\">Fauteuil<\/a> - Maisons du Monde<\/figcaption><\/figure>\n<\/div>\n\n\n\n<div class=\"wp-block-column is-layout-flow wp-block-column-is-layout-flow\">\n<figure class=\"wp-block-image\"><img loading=\"lazy\" decoding=\"async\" width=\"640\" height=\"640\" src=\"http:\/\/www.cocondedecoration.com\/blog\/wp-content\/uploads\/2021\/05\/meuble-deco-minimaliste-et-chaleureux-7-640x640.jpeg\" alt=\"meuble deco minimaliste et chaleureux bout de canap\u00e9 forme rectangulaire arbre massif\" class=\"wp-image-39014\" srcset=\"https:\/\/www.cocondedecoration.com\/blog\/wp-content\/uploads\/2021\/05\/meuble-deco-minimaliste-et-chaleureux-7-640x640.jpeg 640w, https:\/\/www.cocondedecoration.com\/blog\/wp-content\/uploads\/2021\/05\/meuble-deco-minimaliste-et-chaleureux-7-165x165.jpeg 165w, https:\/\/www.cocondedecoration.com\/blog\/wp-content\/uploads\/2021\/05\/meuble-deco-minimaliste-et-chaleureux-7-260x260.jpeg 260w, https:\/\/www.cocondedecoration.com\/blog\/wp-content\/uploads\/2021\/05\/meuble-deco-minimaliste-et-chaleureux-7-465x465.jpeg 465w, https:\/\/www.cocondedecoration.com\/blog\/wp-content\/uploads\/2021\/05\/meuble-deco-minimaliste-et-chaleureux-7-500x500.jpeg 500w, https:\/\/www.cocondedecoration.com\/blog\/wp-content\/uploads\/2021\/05\/meuble-deco-minimaliste-et-chaleureux-7.jpeg 680w\" sizes=\"(max-width: 640px) 100vw, 640px\" \/><figcaption><a href=\"https:\/\/c3po.link\/QJ22nfyvA2\" target=\"_blank\" rel=\"noreferrer noopener\" aria-label=\"Bout de canap\u00e9 (s\u2019ouvre dans un nouvel onglet)\">Bout de canap\u00e9<\/a> - La Redoute<\/figcaption><\/figure>\n\n\n\n<figure class=\"wp-block-image\"><img loading=\"lazy\" decoding=\"async\" width=\"500\" height=\"500\" src=\"http:\/\/www.cocondedecoration.com\/blog\/wp-content\/uploads\/2021\/05\/accessoire-deco-plus-chaleureuse-minimaliste-slow-11.jpeg\" alt=\"accessoire deco plus chaleureuse minimaliste slow d\u00e9coration murale \u00e0 poser bois motif noir\" class=\"wp-image-39030\" srcset=\"https:\/\/www.cocondedecoration.com\/blog\/wp-content\/uploads\/2021\/05\/accessoire-deco-plus-chaleureuse-minimaliste-slow-11.jpeg 500w, https:\/\/www.cocondedecoration.com\/blog\/wp-content\/uploads\/2021\/05\/accessoire-deco-plus-chaleureuse-minimaliste-slow-11-165x165.jpeg 165w, https:\/\/www.cocondedecoration.com\/blog\/wp-content\/uploads\/2021\/05\/accessoire-deco-plus-chaleureuse-minimaliste-slow-11-260x260.jpeg 260w, https:\/\/www.cocondedecoration.com\/blog\/wp-content\/uploads\/2021\/05\/accessoire-deco-plus-chaleureuse-minimaliste-slow-11-465x465.jpeg 465w\" sizes=\"(max-width: 500px) 100vw, 500px\" \/><figcaption><a href=\"https:\/\/track.effiliation.com\/servlet\/effi.redir?id_compteur=21809597&amp;url=https%3A%2F%2Fwww.maisonsdumonde.com%2FFR%2Ffr%2Fp%2Fdeco-murale-en-manguier-grave-bicolore-50x50-tazemourt-211653.htm\" target=\"_blank\" rel=\"noreferrer noopener\" aria-label=\"D\u00e9co murale (s\u2019ouvre dans un nouvel onglet)\">D\u00e9co murale<\/a> - Maisons du Monde<\/figcaption><\/figure>\n<\/div>\n\n\n\n<div class=\"wp-block-column is-layout-flow wp-block-column-is-layout-flow\">\n<figure class=\"wp-block-image\"><img loading=\"lazy\" decoding=\"async\" width=\"640\" height=\"640\" src=\"http:\/\/www.cocondedecoration.com\/blog\/wp-content\/uploads\/2021\/05\/meuble-deco-minimaliste-et-chaleureux-10-640x640.jpeg\" alt=\"meuble deco minimaliste et chaleureux lampe \u00e0 poser moderne pied noir avec abat-jour cannage\" class=\"wp-image-39019\" srcset=\"https:\/\/www.cocondedecoration.com\/blog\/wp-content\/uploads\/2021\/05\/meuble-deco-minimaliste-et-chaleureux-10-640x640.jpeg 640w, https:\/\/www.cocondedecoration.com\/blog\/wp-content\/uploads\/2021\/05\/meuble-deco-minimaliste-et-chaleureux-10-165x165.jpeg 165w, https:\/\/www.cocondedecoration.com\/blog\/wp-content\/uploads\/2021\/05\/meuble-deco-minimaliste-et-chaleureux-10-260x260.jpeg 260w, https:\/\/www.cocondedecoration.com\/blog\/wp-content\/uploads\/2021\/05\/meuble-deco-minimaliste-et-chaleureux-10-465x465.jpeg 465w, https:\/\/www.cocondedecoration.com\/blog\/wp-content\/uploads\/2021\/05\/meuble-deco-minimaliste-et-chaleureux-10-500x500.jpeg 500w, https:\/\/www.cocondedecoration.com\/blog\/wp-content\/uploads\/2021\/05\/meuble-deco-minimaliste-et-chaleureux-10.jpeg 680w\" sizes=\"(max-width: 640px) 100vw, 640px\" \/><figcaption><a href=\"https:\/\/c3po.link\/QWfBzhRDne\" target=\"_blank\" rel=\"noreferrer noopener\" aria-label=\"Lampe \u00e0 poser (s\u2019ouvre dans un nouvel onglet)\">Lampe \u00e0 poser<\/a> - La Redoute<\/figcaption><\/figure>\n\n\n\n<figure class=\"wp-block-image\"><img loading=\"lazy\" decoding=\"async\" width=\"500\" height=\"500\" src=\"http:\/\/www.cocondedecoration.com\/blog\/wp-content\/uploads\/2021\/05\/accessoire-deco-plus-chaleureuse-minimaliste-slow-12.jpeg\" alt=\"accessoire deco plus chaleureuse minimaliste slow tableau d\u00e9coration murale bois naturel\" class=\"wp-image-39031\" srcset=\"https:\/\/www.cocondedecoration.com\/blog\/wp-content\/uploads\/2021\/05\/accessoire-deco-plus-chaleureuse-minimaliste-slow-12.jpeg 500w, https:\/\/www.cocondedecoration.com\/blog\/wp-content\/uploads\/2021\/05\/accessoire-deco-plus-chaleureuse-minimaliste-slow-12-165x165.jpeg 165w, https:\/\/www.cocondedecoration.com\/blog\/wp-content\/uploads\/2021\/05\/accessoire-deco-plus-chaleureuse-minimaliste-slow-12-260x260.jpeg 260w, https:\/\/www.cocondedecoration.com\/blog\/wp-content\/uploads\/2021\/05\/accessoire-deco-plus-chaleureuse-minimaliste-slow-12-465x465.jpeg 465w\" sizes=\"(max-width: 500px) 100vw, 500px\" \/><figcaption><a href=\"https:\/\/track.effiliation.com\/servlet\/effi.redir?id_compteur=21809597&amp;url=https%3A%2F%2Fwww.maisonsdumonde.com%2FFR%2Ffr%2Fp%2Fdeco-murale-en-manguier-marron-blanc-et-creme-52x70-vallica-211752.htm\" target=\"_blank\" rel=\"noreferrer noopener\" aria-label=\"D\u00e9co murale (s\u2019ouvre dans un nouvel onglet)\">D\u00e9co murale<\/a> - Maisons du Monde<\/figcaption><\/figure>\n<\/div>\n<\/div>\n\n\n\n<h2 class=\"wp-block-heading\">Int\u00e9rieur minimaliste: Ne vous limitez pas au blanc<\/h2>\n\n\n\n<p>J'ai d\u00e9j\u00e0 eu l'occasion de vous parler du traitement de la couleur dans les int\u00e9rieurs minimalistes et slow. Je vous avais d\u00e9j\u00e0 pr\u00e9cis\u00e9 \u00e0 ce moment l\u00e0, que je vous proposais souvent des int\u00e9rieurs minimalistes blancs, surtout parce que j'aime \u00e7a. En revanche, ce n'est pas la seule possibilit\u00e9 qui s'offrent \u00e0 vous. Regardez du c\u00f4t\u00e9 des ambiances Wabi Sabi. Elles sont \u00e9pur\u00e9es et elles ne sont d\u00e9finitivement pas blanches!<\/p>\n\n\n\n<h3 class=\"wp-block-heading\">Les couleurs neutres pour une ambiance minimaliste<\/h3>\n\n\n\n<p>Par essence, les couleurs neutres sont parfaites pour les d\u00e9corations \u00e9pur\u00e9es. Je pense que vous voyez le rapprochement entre la neutralit\u00e9 de la couleur et l'ambiance qui nous int\u00e9resse. Je ne me sens pas d'attaque \u00e0 partir en live pour expliquer ce point en long, en large et en travers. On a toute <strong>la gamme de beiges<\/strong>, du plus clair tirant presque sur le blanc au plus fonc\u00e9. On a <strong>la gamme des gris<\/strong>, l\u00e0 aussi du tr\u00e8s clair au plus fonc\u00e9. Quand on part justement sur les tonalit\u00e9s fonc\u00e9es, on va s'approcher des int\u00e9rieurs Wabi Sabi. Alors que les nuances tr\u00e8s p\u00e2les seront plus lumineuses. Comme je l'ai \u00e9crit, j'adore le blanc, mais \u00e7a ne concerne que mes go\u00fbts \u00e0 moi. Si dans les int\u00e9rieurs scandinaves, le blanc \u00e9tait un point phare qui plaisait tant, c'est justement parce qu'il \u00e9tait rendu plus chaleureux gr\u00e2ce au mobilier en bois. Si vous avez peur du blanc, si vous avez juste envie de changement et de couleurs, les int\u00e9rieurs minimalistes n'excluent pas la couleur, bien au contraire!<\/p>\n\n\n\n<h3 class=\"wp-block-heading\">Les couleurs organiques, la simplicit\u00e9 de la nature<\/h3>\n\n\n\n<p>Les neutres ne sont pas la seule solution qui s'offrent \u00e0 vous. Il y a aussi les couleurs organiques, <strong>celles qui rappellent la nature<\/strong>. Le vert symbole v\u00e9g\u00e9tal, l'ocre entre autre pour le min\u00e9ral. On peut aussi parler de corail, qui est la couleur de l'ann\u00e9e 2019 selon Pantone qui fait un clin d'oeil aux lagons paradisiaques loin de chez vous (et plus pr\u00e8s de chez moi, h\u00e9h\u00e9!) Bref, je vous mets le lien de l'article \u00e0 propos des couleurs dans les int\u00e9rieurs minimalistes en bas de cet article.<\/p>\n\n\n\n<ul class=\"wp-block-gallery columns-3 is-cropped wp-block-gallery-2 is-layout-flex wp-block-gallery-is-layout-flex\"><li class=\"blocks-gallery-item\"><figure><img loading=\"lazy\" decoding=\"async\" width=\"563\" height=\"751\" src=\"http:\/\/www.cocondedecoration.com\/blog\/wp-content\/uploads\/2021\/05\/interieur-minimaliste-chaleureux-exemple-6.jpeg\" alt=\"interieur minimaliste chaleureux exemple style japandi salon s\u00e9jour canap\u00e9 \u00e9pur\u00e9 bois banquette tapis textile naturel\" data-id=\"39003\" data-link=\"http:\/\/www.cocondedecoration.com\/blog\/2019\/09\/minimalisme-comment-eviter-une-ambiance-trop-froide\/interieur-minimaliste-chaleureux-exemple-6\/\" class=\"wp-image-39003\" srcset=\"https:\/\/www.cocondedecoration.com\/blog\/wp-content\/uploads\/2021\/05\/interieur-minimaliste-chaleureux-exemple-6.jpeg 563w, https:\/\/www.cocondedecoration.com\/blog\/wp-content\/uploads\/2021\/05\/interieur-minimaliste-chaleureux-exemple-6-260x347.jpeg 260w, https:\/\/www.cocondedecoration.com\/blog\/wp-content\/uploads\/2021\/05\/interieur-minimaliste-chaleureux-exemple-6-412x550.jpeg 412w, https:\/\/www.cocondedecoration.com\/blog\/wp-content\/uploads\/2021\/05\/interieur-minimaliste-chaleureux-exemple-6-375x500.jpeg 375w\" sizes=\"(max-width: 563px) 100vw, 563px\" \/><\/figure><\/li><li class=\"blocks-gallery-item\"><figure><img loading=\"lazy\" decoding=\"async\" width=\"640\" height=\"853\" src=\"http:\/\/www.cocondedecoration.com\/blog\/wp-content\/uploads\/2021\/05\/interieur-minimaliste-chaleureux-exemple-7-640x853.jpeg\" alt=\"interieur minimaliste chaleureux exemple meuble sur mesure salon s\u00e9jour bois \u00e9cru greige\" data-id=\"39004\" data-link=\"http:\/\/www.cocondedecoration.com\/blog\/2019\/09\/minimalisme-comment-eviter-une-ambiance-trop-froide\/interieur-minimaliste-chaleureux-exemple-7\/\" class=\"wp-image-39004\" srcset=\"https:\/\/www.cocondedecoration.com\/blog\/wp-content\/uploads\/2021\/05\/interieur-minimaliste-chaleureux-exemple-7-640x853.jpeg 640w, https:\/\/www.cocondedecoration.com\/blog\/wp-content\/uploads\/2021\/05\/interieur-minimaliste-chaleureux-exemple-7-260x347.jpeg 260w, https:\/\/www.cocondedecoration.com\/blog\/wp-content\/uploads\/2021\/05\/interieur-minimaliste-chaleureux-exemple-7.jpeg 768w, https:\/\/www.cocondedecoration.com\/blog\/wp-content\/uploads\/2021\/05\/interieur-minimaliste-chaleureux-exemple-7-413x550.jpeg 413w, https:\/\/www.cocondedecoration.com\/blog\/wp-content\/uploads\/2021\/05\/interieur-minimaliste-chaleureux-exemple-7-375x500.jpeg 375w\" sizes=\"(max-width: 640px) 100vw, 640px\" \/><\/figure><\/li><li class=\"blocks-gallery-item\"><figure><img loading=\"lazy\" decoding=\"async\" width=\"575\" height=\"805\" src=\"http:\/\/www.cocondedecoration.com\/blog\/wp-content\/uploads\/2021\/05\/interieur-minimaliste-chaleureux-exemple-8.jpeg\" alt=\"interieur minimaliste chaleureux exemple ambiance cuisine familiale \u00e9pur\u00e9e blanc beige \u00e9cru\" data-id=\"39005\" data-link=\"http:\/\/www.cocondedecoration.com\/blog\/2019\/09\/minimalisme-comment-eviter-une-ambiance-trop-froide\/interieur-minimaliste-chaleureux-exemple-8\/\" class=\"wp-image-39005\" srcset=\"https:\/\/www.cocondedecoration.com\/blog\/wp-content\/uploads\/2021\/05\/interieur-minimaliste-chaleureux-exemple-8.jpeg 575w, https:\/\/www.cocondedecoration.com\/blog\/wp-content\/uploads\/2021\/05\/interieur-minimaliste-chaleureux-exemple-8-260x364.jpeg 260w, https:\/\/www.cocondedecoration.com\/blog\/wp-content\/uploads\/2021\/05\/interieur-minimaliste-chaleureux-exemple-8-393x550.jpeg 393w, https:\/\/www.cocondedecoration.com\/blog\/wp-content\/uploads\/2021\/05\/interieur-minimaliste-chaleureux-exemple-8-357x500.jpeg 357w\" sizes=\"(max-width: 575px) 100vw, 575px\" \/><\/figure><\/li><li class=\"blocks-gallery-item\"><figure><img loading=\"lazy\" decoding=\"async\" width=\"640\" height=\"960\" src=\"http:\/\/www.cocondedecoration.com\/blog\/wp-content\/uploads\/2021\/05\/interieur-minimaliste-chaleureux-exemple-9-640x960.png\" alt=\"interieur minimaliste chaleureux exemple salle \u00e0 manger design moderne minimal japandi slow living\" data-id=\"39006\" data-link=\"http:\/\/www.cocondedecoration.com\/blog\/2019\/09\/minimalisme-comment-eviter-une-ambiance-trop-froide\/interieur-minimaliste-chaleureux-exemple-9\/\" class=\"wp-image-39006\" srcset=\"https:\/\/www.cocondedecoration.com\/blog\/wp-content\/uploads\/2021\/05\/interieur-minimaliste-chaleureux-exemple-9-640x960.png 640w, https:\/\/www.cocondedecoration.com\/blog\/wp-content\/uploads\/2021\/05\/interieur-minimaliste-chaleureux-exemple-9-260x390.png 260w, https:\/\/www.cocondedecoration.com\/blog\/wp-content\/uploads\/2021\/05\/interieur-minimaliste-chaleureux-exemple-9-768x1152.png 768w, https:\/\/www.cocondedecoration.com\/blog\/wp-content\/uploads\/2021\/05\/interieur-minimaliste-chaleureux-exemple-9-367x550.png 367w, https:\/\/www.cocondedecoration.com\/blog\/wp-content\/uploads\/2021\/05\/interieur-minimaliste-chaleureux-exemple-9-333x500.png 333w, https:\/\/www.cocondedecoration.com\/blog\/wp-content\/uploads\/2021\/05\/interieur-minimaliste-chaleureux-exemple-9.png 1000w\" sizes=\"(max-width: 640px) 100vw, 640px\" \/><\/figure><\/li><li class=\"blocks-gallery-item\"><figure><img loading=\"lazy\" decoding=\"async\" width=\"640\" height=\"800\" src=\"http:\/\/www.cocondedecoration.com\/blog\/wp-content\/uploads\/2021\/05\/interieur-minimaliste-chaleureux-exemple-10-640x800.png\" alt=\"interieur minimaliste chaleureux exemple chambre \u00e0 coucher slow living \u00e9pur\u00e9 moderne\" data-id=\"39007\" data-link=\"http:\/\/www.cocondedecoration.com\/blog\/2019\/09\/minimalisme-comment-eviter-une-ambiance-trop-froide\/interieur-minimaliste-chaleureux-exemple-10\/\" class=\"wp-image-39007\" srcset=\"https:\/\/www.cocondedecoration.com\/blog\/wp-content\/uploads\/2021\/05\/interieur-minimaliste-chaleureux-exemple-10-640x800.png 640w, https:\/\/www.cocondedecoration.com\/blog\/wp-content\/uploads\/2021\/05\/interieur-minimaliste-chaleureux-exemple-10-260x325.png 260w, https:\/\/www.cocondedecoration.com\/blog\/wp-content\/uploads\/2021\/05\/interieur-minimaliste-chaleureux-exemple-10-440x550.png 440w, https:\/\/www.cocondedecoration.com\/blog\/wp-content\/uploads\/2021\/05\/interieur-minimaliste-chaleureux-exemple-10-400x500.png 400w, https:\/\/www.cocondedecoration.com\/blog\/wp-content\/uploads\/2021\/05\/interieur-minimaliste-chaleureux-exemple-10.png 750w\" sizes=\"(max-width: 640px) 100vw, 640px\" \/><\/figure><\/li><\/ul>\n\n\n\n<p style=\"text-align:center\" class=\"has-small-font-size\"><a rel=\"noreferrer noopener\" aria-label=\"1 (s\u2019ouvre dans un nouvel onglet)\" href=\"https:\/\/www.pinterest.fr\/pin\/318137161183067534\/\" target=\"_blank\">1<\/a>\/ <a rel=\"noreferrer noopener\" aria-label=\"2  (s\u2019ouvre dans un nouvel onglet)\" href=\"https:\/\/www.pinterest.fr\/pin\/178666310207869757\/\" target=\"_blank\">2 <\/a>\/ <a rel=\"noreferrer noopener\" aria-label=\"3 (s\u2019ouvre dans un nouvel onglet)\" href=\"https:\/\/www.pinterest.fr\/pin\/561964859757424686\/\" target=\"_blank\">3<\/a> \/ <a rel=\"noreferrer noopener\" aria-label=\"4 (s\u2019ouvre dans un nouvel onglet)\" href=\"https:\/\/www.pinterest.fr\/pin\/10414642878152704\/\" target=\"_blank\">4<\/a> \/ <a href=\"https:\/\/www.pinterest.fr\/pin\/61994932358516635\/\" target=\"_blank\" rel=\"noreferrer noopener\" aria-label=\"5 (s\u2019ouvre dans un nouvel onglet)\">5<\/a><\/p>\n\n\n\n<div class=\"wp-block-columns has-4-columns is-layout-flex wp-container-core-columns-layout-2 wp-block-columns-is-layout-flex\">\n<div class=\"wp-block-column is-layout-flow wp-block-column-is-layout-flow\">\n<figure class=\"wp-block-image\"><img loading=\"lazy\" decoding=\"async\" width=\"640\" height=\"640\" src=\"http:\/\/www.cocondedecoration.com\/blog\/wp-content\/uploads\/2021\/05\/meuble-deco-minimaliste-et-chaleureux-2-640x640.jpeg\" alt=\"meuble deco minimaliste et chaleureux canap\u00e9 angle confortable couleur neutre coussins\" class=\"wp-image-39009\" srcset=\"https:\/\/www.cocondedecoration.com\/blog\/wp-content\/uploads\/2021\/05\/meuble-deco-minimaliste-et-chaleureux-2-640x640.jpeg 640w, https:\/\/www.cocondedecoration.com\/blog\/wp-content\/uploads\/2021\/05\/meuble-deco-minimaliste-et-chaleureux-2-165x165.jpeg 165w, https:\/\/www.cocondedecoration.com\/blog\/wp-content\/uploads\/2021\/05\/meuble-deco-minimaliste-et-chaleureux-2-260x260.jpeg 260w, https:\/\/www.cocondedecoration.com\/blog\/wp-content\/uploads\/2021\/05\/meuble-deco-minimaliste-et-chaleureux-2-465x465.jpeg 465w, https:\/\/www.cocondedecoration.com\/blog\/wp-content\/uploads\/2021\/05\/meuble-deco-minimaliste-et-chaleureux-2-500x500.jpeg 500w, https:\/\/www.cocondedecoration.com\/blog\/wp-content\/uploads\/2021\/05\/meuble-deco-minimaliste-et-chaleureux-2.jpeg 680w\" sizes=\"(max-width: 640px) 100vw, 640px\" \/><figcaption><a href=\"https:\/\/c3po.link\/QCJyD3WXyQ\" target=\"_blank\" rel=\"noreferrer noopener\" aria-label=\"Canap\u00e9 d'angle (s\u2019ouvre dans un nouvel onglet)\">Canap\u00e9 d'angle<\/a> - La Redoute<\/figcaption><\/figure>\n\n\n\n<figure class=\"wp-block-image\"><img loading=\"lazy\" decoding=\"async\" width=\"500\" height=\"500\" src=\"http:\/\/www.cocondedecoration.com\/blog\/wp-content\/uploads\/2021\/05\/accessoire-deco-plus-chaleureuse-minimaliste-slow-1.jpeg\" alt=\"accessoire deco plus chaleureuse minimaliste slow descente de lit naturelle motif ethniques ton sur ton\" class=\"wp-image-39020\" srcset=\"https:\/\/www.cocondedecoration.com\/blog\/wp-content\/uploads\/2021\/05\/accessoire-deco-plus-chaleureuse-minimaliste-slow-1.jpeg 500w, https:\/\/www.cocondedecoration.com\/blog\/wp-content\/uploads\/2021\/05\/accessoire-deco-plus-chaleureuse-minimaliste-slow-1-165x165.jpeg 165w, https:\/\/www.cocondedecoration.com\/blog\/wp-content\/uploads\/2021\/05\/accessoire-deco-plus-chaleureuse-minimaliste-slow-1-260x260.jpeg 260w, https:\/\/www.cocondedecoration.com\/blog\/wp-content\/uploads\/2021\/05\/accessoire-deco-plus-chaleureuse-minimaliste-slow-1-465x465.jpeg 465w\" sizes=\"(max-width: 500px) 100vw, 500px\" \/><figcaption><a href=\"https:\/\/track.effiliation.com\/servlet\/effi.redir?id_compteur=21809597&amp;url=https%3A%2F%2Fwww.maisonsdumonde.com%2FFR%2Ffr%2Fp%2Ftapis-blanc-et-dore-a-franges-140x200-leider-213760.htm\" target=\"_blank\" rel=\"noreferrer noopener\" aria-label=\"Descente de lit (s\u2019ouvre dans un nouvel onglet)\">Descente de lit<\/a> - Maisons du Monde<\/figcaption><\/figure>\n<\/div>\n\n\n\n<div class=\"wp-block-column is-layout-flow wp-block-column-is-layout-flow\">\n<figure class=\"wp-block-image\"><img loading=\"lazy\" decoding=\"async\" width=\"640\" height=\"640\" src=\"http:\/\/www.cocondedecoration.com\/blog\/wp-content\/uploads\/2021\/05\/meuble-deco-minimaliste-et-chaleureux-5-640x640.jpeg\" alt=\"meuble deco minimaliste et chaleureux table basse forme organique bois fonc\u00e9 noyer\" class=\"wp-image-39012\" srcset=\"https:\/\/www.cocondedecoration.com\/blog\/wp-content\/uploads\/2021\/05\/meuble-deco-minimaliste-et-chaleureux-5-640x640.jpeg 640w, https:\/\/www.cocondedecoration.com\/blog\/wp-content\/uploads\/2021\/05\/meuble-deco-minimaliste-et-chaleureux-5-165x165.jpeg 165w, https:\/\/www.cocondedecoration.com\/blog\/wp-content\/uploads\/2021\/05\/meuble-deco-minimaliste-et-chaleureux-5-260x260.jpeg 260w, https:\/\/www.cocondedecoration.com\/blog\/wp-content\/uploads\/2021\/05\/meuble-deco-minimaliste-et-chaleureux-5-465x465.jpeg 465w, https:\/\/www.cocondedecoration.com\/blog\/wp-content\/uploads\/2021\/05\/meuble-deco-minimaliste-et-chaleureux-5-500x500.jpeg 500w, https:\/\/www.cocondedecoration.com\/blog\/wp-content\/uploads\/2021\/05\/meuble-deco-minimaliste-et-chaleureux-5.jpeg 680w\" sizes=\"(max-width: 640px) 100vw, 640px\" \/><figcaption><a href=\"https:\/\/c3po.link\/QhNd3hzHUx\" target=\"_blank\" rel=\"noreferrer noopener\" aria-label=\"Table basse (s\u2019ouvre dans un nouvel onglet)\">Table basse<\/a> - La Redoute<\/figcaption><\/figure>\n\n\n\n<figure class=\"wp-block-image\"><img loading=\"lazy\" decoding=\"async\" width=\"500\" height=\"500\" src=\"http:\/\/www.cocondedecoration.com\/blog\/wp-content\/uploads\/2021\/05\/accessoire-deco-plus-chaleureuse-minimaliste-slow-2.jpeg\" alt=\"accessoire deco plus chaleureuse minimaliste slow coussin noir et blanc moderne\" class=\"wp-image-39021\" srcset=\"https:\/\/www.cocondedecoration.com\/blog\/wp-content\/uploads\/2021\/05\/accessoire-deco-plus-chaleureuse-minimaliste-slow-2.jpeg 500w, https:\/\/www.cocondedecoration.com\/blog\/wp-content\/uploads\/2021\/05\/accessoire-deco-plus-chaleureuse-minimaliste-slow-2-165x165.jpeg 165w, https:\/\/www.cocondedecoration.com\/blog\/wp-content\/uploads\/2021\/05\/accessoire-deco-plus-chaleureuse-minimaliste-slow-2-260x260.jpeg 260w, https:\/\/www.cocondedecoration.com\/blog\/wp-content\/uploads\/2021\/05\/accessoire-deco-plus-chaleureuse-minimaliste-slow-2-465x465.jpeg 465w\" sizes=\"(max-width: 500px) 100vw, 500px\" \/><figcaption><a href=\"https:\/\/track.effiliation.com\/servlet\/effi.redir?id_compteur=21809597&amp;url=https%3A%2F%2Fwww.maisonsdumonde.com%2FFR%2Ffr%2Fp%2Fhousse-de-coussin-en-coton-bio-beige-et-gris-anthracite-40x40-osani-211516.htm\" target=\"_blank\" rel=\"noreferrer noopener\" aria-label=\"Coussin (s\u2019ouvre dans un nouvel onglet)\">Coussin<\/a> - Maisons du Monde<\/figcaption><\/figure>\n<\/div>\n\n\n\n<div class=\"wp-block-column is-layout-flow wp-block-column-is-layout-flow\">\n<figure class=\"wp-block-image\"><img loading=\"lazy\" decoding=\"async\" width=\"640\" height=\"640\" src=\"http:\/\/www.cocondedecoration.com\/blog\/wp-content\/uploads\/2021\/05\/meuble-deco-minimaliste-et-chaleureux-8-640x640.jpeg\" alt=\"meuble deco minimaliste et chaleureux bout de canap\u00e9 tablette m\u00e9tal noir\" class=\"wp-image-39015\" srcset=\"https:\/\/www.cocondedecoration.com\/blog\/wp-content\/uploads\/2021\/05\/meuble-deco-minimaliste-et-chaleureux-8-640x640.jpeg 640w, https:\/\/www.cocondedecoration.com\/blog\/wp-content\/uploads\/2021\/05\/meuble-deco-minimaliste-et-chaleureux-8-165x165.jpeg 165w, https:\/\/www.cocondedecoration.com\/blog\/wp-content\/uploads\/2021\/05\/meuble-deco-minimaliste-et-chaleureux-8-260x260.jpeg 260w, https:\/\/www.cocondedecoration.com\/blog\/wp-content\/uploads\/2021\/05\/meuble-deco-minimaliste-et-chaleureux-8-465x465.jpeg 465w, https:\/\/www.cocondedecoration.com\/blog\/wp-content\/uploads\/2021\/05\/meuble-deco-minimaliste-et-chaleureux-8-500x500.jpeg 500w, https:\/\/www.cocondedecoration.com\/blog\/wp-content\/uploads\/2021\/05\/meuble-deco-minimaliste-et-chaleureux-8.jpeg 680w\" sizes=\"(max-width: 640px) 100vw, 640px\" \/><figcaption><a href=\"https:\/\/c3po.link\/QCw22huDga\" target=\"_blank\" rel=\"noreferrer noopener\" aria-label=\"Bout de canap\u00e9  (s\u2019ouvre dans un nouvel onglet)\">Bout de canap\u00e9 <\/a>- La Redoute<\/figcaption><\/figure>\n\n\n\n<figure class=\"wp-block-image\"><img loading=\"lazy\" decoding=\"async\" width=\"500\" height=\"500\" src=\"http:\/\/www.cocondedecoration.com\/blog\/wp-content\/uploads\/2021\/05\/accessoire-deco-plus-chaleureuse-minimaliste-slow-9.jpeg\" alt=\"accessoire deco plus chaleureuse minimaliste slow chaise de salle \u00e0 manger couleur \u00e9cru slowliving\" class=\"wp-image-39028\" srcset=\"https:\/\/www.cocondedecoration.com\/blog\/wp-content\/uploads\/2021\/05\/accessoire-deco-plus-chaleureuse-minimaliste-slow-9.jpeg 500w, https:\/\/www.cocondedecoration.com\/blog\/wp-content\/uploads\/2021\/05\/accessoire-deco-plus-chaleureuse-minimaliste-slow-9-165x165.jpeg 165w, https:\/\/www.cocondedecoration.com\/blog\/wp-content\/uploads\/2021\/05\/accessoire-deco-plus-chaleureuse-minimaliste-slow-9-260x260.jpeg 260w, https:\/\/www.cocondedecoration.com\/blog\/wp-content\/uploads\/2021\/05\/accessoire-deco-plus-chaleureuse-minimaliste-slow-9-465x465.jpeg 465w\" sizes=\"(max-width: 500px) 100vw, 500px\" \/><figcaption><a href=\"https:\/\/track.effiliation.com\/servlet\/effi.redir?id_compteur=21809597&amp;url=https%3A%2F%2Fwww.maisonsdumonde.com%2FFR%2Ffr%2Fp%2Fchaise-vintage-beige-et-metal-imitation-chene-mauricette-210064.htm\" target=\"_blank\" rel=\"noreferrer noopener\" aria-label=\"Chaise (s\u2019ouvre dans un nouvel onglet)\">Chaise<\/a> - Maisons du Monde<\/figcaption><\/figure>\n<\/div>\n\n\n\n<div class=\"wp-block-column is-layout-flow wp-block-column-is-layout-flow\">\n<figure class=\"wp-block-image\"><img loading=\"lazy\" decoding=\"async\" width=\"640\" height=\"640\" src=\"http:\/\/www.cocondedecoration.com\/blog\/wp-content\/uploads\/2021\/05\/meuble-deco-minimaliste-et-chaleureux-11-640x640.jpeg\" alt=\"meuble deco minimaliste et chaleureux lampe \u00e0 poser \u00e9pur\u00e9e moderne b\u00e9ton abat-jour noir\" class=\"wp-image-39018\" srcset=\"https:\/\/www.cocondedecoration.com\/blog\/wp-content\/uploads\/2021\/05\/meuble-deco-minimaliste-et-chaleureux-11-640x640.jpeg 640w, https:\/\/www.cocondedecoration.com\/blog\/wp-content\/uploads\/2021\/05\/meuble-deco-minimaliste-et-chaleureux-11-165x165.jpeg 165w, https:\/\/www.cocondedecoration.com\/blog\/wp-content\/uploads\/2021\/05\/meuble-deco-minimaliste-et-chaleureux-11-260x260.jpeg 260w, https:\/\/www.cocondedecoration.com\/blog\/wp-content\/uploads\/2021\/05\/meuble-deco-minimaliste-et-chaleureux-11-465x465.jpeg 465w, https:\/\/www.cocondedecoration.com\/blog\/wp-content\/uploads\/2021\/05\/meuble-deco-minimaliste-et-chaleureux-11-500x500.jpeg 500w, https:\/\/www.cocondedecoration.com\/blog\/wp-content\/uploads\/2021\/05\/meuble-deco-minimaliste-et-chaleureux-11.jpeg 680w\" sizes=\"(max-width: 640px) 100vw, 640px\" \/><figcaption><a href=\"https:\/\/c3po.link\/QJKVBQ4uTx\" target=\"_blank\" rel=\"noreferrer noopener\" aria-label=\"Lampe \u00e0 poser  (s\u2019ouvre dans un nouvel onglet)\">Lampe \u00e0 poser <\/a>- La Redoute<\/figcaption><\/figure>\n\n\n\n<figure class=\"wp-block-image\"><img loading=\"lazy\" decoding=\"async\" width=\"500\" height=\"500\" src=\"http:\/\/www.cocondedecoration.com\/blog\/wp-content\/uploads\/2021\/05\/accessoire-deco-plus-chaleureuse-minimaliste-slow-10.jpeg\" alt=\"accessoire deco plus chaleureuse minimaliste slow affiche abstraite couleur moderne\" class=\"wp-image-39029\" srcset=\"https:\/\/www.cocondedecoration.com\/blog\/wp-content\/uploads\/2021\/05\/accessoire-deco-plus-chaleureuse-minimaliste-slow-10.jpeg 500w, https:\/\/www.cocondedecoration.com\/blog\/wp-content\/uploads\/2021\/05\/accessoire-deco-plus-chaleureuse-minimaliste-slow-10-165x165.jpeg 165w, https:\/\/www.cocondedecoration.com\/blog\/wp-content\/uploads\/2021\/05\/accessoire-deco-plus-chaleureuse-minimaliste-slow-10-260x260.jpeg 260w, https:\/\/www.cocondedecoration.com\/blog\/wp-content\/uploads\/2021\/05\/accessoire-deco-plus-chaleureuse-minimaliste-slow-10-465x465.jpeg 465w\" sizes=\"(max-width: 500px) 100vw, 500px\" \/><figcaption><a href=\"https:\/\/track.effiliation.com\/servlet\/effi.redir?id_compteur=21809597&amp;url=https%3A%2F%2Fwww.maisonsdumonde.com%2FFR%2Ffr%2Fp%2Ftoile-abstraite-50x74-tolga-215381.htm\" target=\"_blank\" rel=\"noreferrer noopener\" aria-label=\"Affiche \u00e0 encadrer (s\u2019ouvre dans un nouvel onglet)\">Affiche \u00e0 encadrer<\/a> - Maisons du Monde<\/figcaption><\/figure>\n<\/div>\n<\/div>\n\n\n\n<h2 class=\"wp-block-heading\">Int\u00e9rieur minimaliste: Ne mettez pas en sourdine votre personnalit\u00e9<\/h2>\n\n\n\n<p>Je pense que je terminerai cet article sur ce point. Un int\u00e9rieur froid c'est souvent un int\u00e9rieur qui manque de personnalit\u00e9. Et c'est ce point qui rend int\u00e9ressant les ambiances \u00e9pur\u00e9es \u00e0 notre \u00e9poque. C'est parce que vous pouvez tr\u00e8s bien exprimer votre personnalit\u00e9 dans votre d\u00e9co.<\/p>\n\n\n\n<h3 class=\"wp-block-heading\">Dans quelle mesure exprimer sa personnalit\u00e9?<\/h3>\n\n\n\n<p>Dans la plupart des articles du blog o\u00f9 il est question de minimalisme,<strong> je vous invite \u00e0 prendre le temps de concevoir votre d\u00e9co.<\/strong> L\u00e0, \u00e7a n'y coupe pas non plus. Prenez le temps de savoir <strong>quel aspect de votre personnalit\u00e9 vous souhaitez montrer dans votre pi\u00e8ce<\/strong>. Dans le salon par exemple, on va facilement cr\u00e9er une ambiance familiale: Photos des vacances en famille, dessins des enfants, souvenirs du mariage, etc... Dans la chambre, votre personnalit\u00e9 pourra prendre une autre forme. peut-\u00eatre avez-vous besoin de calme et de d\u00e9tente? Pourquoi pas partir sur des objets d\u00e9co plus abstraits mais dont la mati\u00e8re et la forme vous apaiseront? Dans la salle de bain, vous avez peut-\u00eatre besoin d'une ambiance avant tout pratique et fonctionnelle. Pour le coup, la d\u00e9coration sera plus dans les solutions de rangement, plus \u00e9pur\u00e9es, mieux organis\u00e9es.<\/p>\n\n\n\n<h3 class=\"wp-block-heading\">L'\u00e9quilibre entre le trop et le pas assez<\/h3>\n\n\n\n<p>Le risque du pas assez, c'est d'avoir une d\u00e9co trop froide. Le risque du trop, c'est de perdre l'ambiance minimaliste. Il n'y a - \u00e0 mon sens - pas d'\u00e9quation toute faite, de solution toute faite pour trouver le juste \u00e9quilibre. C'est \u00e0 vous de le trouver. Ce qui me semblera minimaliste, vous semblera peut-\u00eatre trop froid ou trop charg\u00e9. La sensibilit\u00e9, v<strong>otre sensibilit\u00e9 est au coeur de votre int\u00e9rieur \u00e9pur\u00e9<\/strong>. C'est donc \u00e0 vous de trouver l'\u00e9quilibre. Je ne peux pas vous le donner. Soyez <strong>indulgent<\/strong> vis \u00e0 vis de vous m\u00eame, <strong>prenez conscience<\/strong> aussi que votre d\u00e9coration n'est pas fig\u00e9e. On ne vit heureusement pas dans un magazine. Si vous trouvez qu'il y en a trop, enlevez. Et au contraire, si vous trouvez qu'il manque quelque chose, prenez le temps d'y r\u00e9fl\u00e9chir et de trouver ce qu'il manque. Ce n'est pas parce que votre pi\u00e8ce sera vide qu'elle sera minimaliste. Elle sera juste froide et triste. Et ce n'est pas ce que l'on cherche!<\/p>\n\n\n\n<ul class=\"wp-block-gallery columns-4 is-cropped wp-block-gallery-3 is-layout-flex wp-block-gallery-is-layout-flex\"><li class=\"blocks-gallery-item\"><figure><img loading=\"lazy\" decoding=\"async\" width=\"640\" height=\"640\" src=\"http:\/\/www.cocondedecoration.com\/blog\/wp-content\/uploads\/2019\/09\/conseil-deco-minimalisme-decoration-murale-640x640.jpg\" alt=\"conseil deco minimalisme decoration murale\" data-id=\"21877\" data-link=\"http:\/\/www.cocondedecoration.com\/blog\/2019\/09\/minimalisme-comment-eviter-une-ambiance-trop-froide\/conseil-deco-minimalisme-decoration-murale\/\" class=\"wp-image-21877\" srcset=\"https:\/\/www.cocondedecoration.com\/blog\/wp-content\/uploads\/2019\/09\/conseil-deco-minimalisme-decoration-murale-640x640.jpg 640w, https:\/\/www.cocondedecoration.com\/blog\/wp-content\/uploads\/2019\/09\/conseil-deco-minimalisme-decoration-murale-165x165.jpg 165w, https:\/\/www.cocondedecoration.com\/blog\/wp-content\/uploads\/2019\/09\/conseil-deco-minimalisme-decoration-murale-260x260.jpg 260w, https:\/\/www.cocondedecoration.com\/blog\/wp-content\/uploads\/2019\/09\/conseil-deco-minimalisme-decoration-murale-768x768.jpg 768w, https:\/\/www.cocondedecoration.com\/blog\/wp-content\/uploads\/2019\/09\/conseil-deco-minimalisme-decoration-murale.jpg 897w\" sizes=\"(max-width: 640px) 100vw, 640px\" \/><\/figure><\/li><li class=\"blocks-gallery-item\"><figure><img loading=\"lazy\" decoding=\"async\" width=\"640\" height=\"922\" src=\"http:\/\/www.cocondedecoration.com\/blog\/wp-content\/uploads\/2019\/09\/conseil-deco-minimalisme-matiere-chaleureuse-640x922.jpg\" alt=\"conseil deco minimalisme matiere chaleureuse\" data-id=\"21878\" data-link=\"http:\/\/www.cocondedecoration.com\/blog\/2019\/09\/minimalisme-comment-eviter-une-ambiance-trop-froide\/conseil-deco-minimalisme-matiere-chaleureuse\/\" class=\"wp-image-21878\" srcset=\"https:\/\/www.cocondedecoration.com\/blog\/wp-content\/uploads\/2019\/09\/conseil-deco-minimalisme-matiere-chaleureuse-640x922.jpg 640w, https:\/\/www.cocondedecoration.com\/blog\/wp-content\/uploads\/2019\/09\/conseil-deco-minimalisme-matiere-chaleureuse-260x375.jpg 260w, https:\/\/www.cocondedecoration.com\/blog\/wp-content\/uploads\/2019\/09\/conseil-deco-minimalisme-matiere-chaleureuse-768x1107.jpg 768w, https:\/\/www.cocondedecoration.com\/blog\/wp-content\/uploads\/2019\/09\/conseil-deco-minimalisme-matiere-chaleureuse.jpg 900w\" sizes=\"(max-width: 640px) 100vw, 640px\" \/><\/figure><\/li><li class=\"blocks-gallery-item\"><figure><img loading=\"lazy\" decoding=\"async\" width=\"640\" height=\"960\" src=\"http:\/\/www.cocondedecoration.com\/blog\/wp-content\/uploads\/2019\/09\/conseil-deco-minimalisme-salle-de-bain-640x960.jpg\" alt=\"conseil deco minimalisme salle de bain\" data-id=\"21879\" data-link=\"http:\/\/www.cocondedecoration.com\/blog\/2019\/09\/minimalisme-comment-eviter-une-ambiance-trop-froide\/conseil-deco-minimalisme-salle-de-bain\/\" class=\"wp-image-21879\" srcset=\"https:\/\/www.cocondedecoration.com\/blog\/wp-content\/uploads\/2019\/09\/conseil-deco-minimalisme-salle-de-bain-640x960.jpg 640w, https:\/\/www.cocondedecoration.com\/blog\/wp-content\/uploads\/2019\/09\/conseil-deco-minimalisme-salle-de-bain-260x390.jpg 260w, https:\/\/www.cocondedecoration.com\/blog\/wp-content\/uploads\/2019\/09\/conseil-deco-minimalisme-salle-de-bain.jpg 736w\" sizes=\"(max-width: 640px) 100vw, 640px\" \/><\/figure><\/li><li class=\"blocks-gallery-item\"><figure><img loading=\"lazy\" decoding=\"async\" width=\"640\" height=\"935\" src=\"http:\/\/www.cocondedecoration.com\/blog\/wp-content\/uploads\/2019\/09\/conseil-deco-minimalisme-salon-blanc-640x935.jpg\" alt=\"conseil deco minimalisme salon blanc\" data-id=\"21880\" data-link=\"http:\/\/www.cocondedecoration.com\/blog\/2019\/09\/minimalisme-comment-eviter-une-ambiance-trop-froide\/conseil-deco-minimalisme-salon-blanc\/\" class=\"wp-image-21880\" srcset=\"https:\/\/www.cocondedecoration.com\/blog\/wp-content\/uploads\/2019\/09\/conseil-deco-minimalisme-salon-blanc-640x935.jpg 640w, https:\/\/www.cocondedecoration.com\/blog\/wp-content\/uploads\/2019\/09\/conseil-deco-minimalisme-salon-blanc-260x380.jpg 260w, https:\/\/www.cocondedecoration.com\/blog\/wp-content\/uploads\/2019\/09\/conseil-deco-minimalisme-salon-blanc-768x1122.jpg 768w, https:\/\/www.cocondedecoration.com\/blog\/wp-content\/uploads\/2019\/09\/conseil-deco-minimalisme-salon-blanc.jpg 1022w\" sizes=\"(max-width: 640px) 100vw, 640px\" \/><\/figure><\/li><li class=\"blocks-gallery-item\"><figure><img loading=\"lazy\" decoding=\"async\" width=\"640\" height=\"775\" src=\"http:\/\/www.cocondedecoration.com\/blog\/wp-content\/uploads\/2019\/09\/conseil-deco-minimalisme-salon-640x775.jpg\" alt=\"conseil deco minimalisme salon\" data-id=\"21881\" data-link=\"http:\/\/www.cocondedecoration.com\/blog\/2019\/09\/minimalisme-comment-eviter-une-ambiance-trop-froide\/conseil-deco-minimalisme-salon\/\" class=\"wp-image-21881\" srcset=\"https:\/\/www.cocondedecoration.com\/blog\/wp-content\/uploads\/2019\/09\/conseil-deco-minimalisme-salon-640x775.jpg 640w, https:\/\/www.cocondedecoration.com\/blog\/wp-content\/uploads\/2019\/09\/conseil-deco-minimalisme-salon-260x315.jpg 260w, https:\/\/www.cocondedecoration.com\/blog\/wp-content\/uploads\/2019\/09\/conseil-deco-minimalisme-salon-768x930.jpg 768w, https:\/\/www.cocondedecoration.com\/blog\/wp-content\/uploads\/2019\/09\/conseil-deco-minimalisme-salon.jpg 991w\" sizes=\"(max-width: 640px) 100vw, 640px\" \/><\/figure><\/li><li class=\"blocks-gallery-item\"><figure><img loading=\"lazy\" decoding=\"async\" width=\"640\" height=\"427\" src=\"http:\/\/www.cocondedecoration.com\/blog\/wp-content\/uploads\/2019\/09\/conseil-deco-minimalisme-interieur-chaleureux-640x427.jpg\" alt=\"conseil deco minimalisme interieur chaleureux\" data-id=\"21882\" data-link=\"http:\/\/www.cocondedecoration.com\/blog\/2019\/09\/minimalisme-comment-eviter-une-ambiance-trop-froide\/conseil-deco-minimalisme-interieur-chaleureux\/\" class=\"wp-image-21882\" srcset=\"https:\/\/www.cocondedecoration.com\/blog\/wp-content\/uploads\/2019\/09\/conseil-deco-minimalisme-interieur-chaleureux-640x427.jpg 640w, https:\/\/www.cocondedecoration.com\/blog\/wp-content\/uploads\/2019\/09\/conseil-deco-minimalisme-interieur-chaleureux-260x173.jpg 260w, https:\/\/www.cocondedecoration.com\/blog\/wp-content\/uploads\/2019\/09\/conseil-deco-minimalisme-interieur-chaleureux.jpg 732w\" sizes=\"(max-width: 640px) 100vw, 640px\" \/><\/figure><\/li><li class=\"blocks-gallery-item\"><figure><img loading=\"lazy\" decoding=\"async\" width=\"640\" height=\"800\" src=\"http:\/\/www.cocondedecoration.com\/blog\/wp-content\/uploads\/2019\/09\/conseil-deco-minimalisme-couleur-matiere-organique-640x800.jpg\" alt=\"\" data-id=\"21883\" data-link=\"http:\/\/www.cocondedecoration.com\/blog\/2019\/09\/minimalisme-comment-eviter-une-ambiance-trop-froide\/conseil-deco-minimalisme-couleur-matiere-organique\/\" class=\"wp-image-21883\" srcset=\"https:\/\/www.cocondedecoration.com\/blog\/wp-content\/uploads\/2019\/09\/conseil-deco-minimalisme-couleur-matiere-organique-640x800.jpg 640w, https:\/\/www.cocondedecoration.com\/blog\/wp-content\/uploads\/2019\/09\/conseil-deco-minimalisme-couleur-matiere-organique-260x325.jpg 260w, https:\/\/www.cocondedecoration.com\/blog\/wp-content\/uploads\/2019\/09\/conseil-deco-minimalisme-couleur-matiere-organique-768x960.jpg 768w, https:\/\/www.cocondedecoration.com\/blog\/wp-content\/uploads\/2019\/09\/conseil-deco-minimalisme-couleur-matiere-organique.jpg 960w\" sizes=\"(max-width: 640px) 100vw, 640px\" \/><\/figure><\/li><\/ul>\n\n\n\n<p style=\"text-align:center\" class=\"has-small-font-size\"><a href=\"https:\/\/inspiraspaces.com\/40-simple-minimal-interior-design-inspiration-ideas\/minimal-interior-design-inspiration-ideas_54\/\" target=\"_blank\" rel=\"noreferrer noopener\" aria-label=\"1 (s\u2019ouvre dans un nouvel onglet)\">1<\/a> \/ <a rel=\"noreferrer noopener\" aria-label=\"2 (s\u2019ouvre dans un nouvel onglet)\" href=\"http:\/\/catesthill.com\/2018\/02\/15\/moody-minimal-interior-inspiration-from-menu-for-2018\/\" target=\"_blank\">2<\/a> \/ <a rel=\"noreferrer noopener\" aria-label=\"3 (s\u2019ouvre dans un nouvel onglet)\" href=\"https:\/\/listspirit.com\/idee-decoration-salle-de-bain-minimal-interior-design-inspiration-94-ultralinx\/\" target=\"_blank\">3<\/a> \/ <a rel=\"noreferrer noopener\" aria-label=\"4 (s\u2019ouvre dans un nouvel onglet)\" href=\"https:\/\/www.pinterest.fr\/pin\/42784265191113246\/\" target=\"_blank\">4<\/a> \/ <a rel=\"noreferrer noopener\" aria-label=\"5 (s\u2019ouvre dans un nouvel onglet)\" href=\"https:\/\/www.pinterest.es\/pin\/417849671677375411\/\" target=\"_blank\">5<\/a> \/ <a rel=\"noreferrer noopener\" aria-label=\"6 (s\u2019ouvre dans un nouvel onglet)\" href=\"http:\/\/www.geparden.org\/favorite-22-inspired-ideas-for-interior-design-inspiration\/\" target=\"_blank\">6<\/a> \/ <a rel=\"noreferrer noopener\" aria-label=\"7 (s\u2019ouvre dans un nouvel onglet)\" href=\"https:\/\/www.pinterest.fr\/pin\/330873903871283466\/\" target=\"_blank\">7<\/a><\/p>\n\n\n\n<div class=\"wp-block-columns has-4-columns is-layout-flex wp-container-core-columns-layout-3 wp-block-columns-is-layout-flex\">\n<div class=\"wp-block-column is-layout-flow wp-block-column-is-layout-flow\">\n<figure class=\"wp-block-image\"><img loading=\"lazy\" decoding=\"async\" width=\"640\" height=\"640\" src=\"http:\/\/www.cocondedecoration.com\/blog\/wp-content\/uploads\/2021\/05\/meuble-deco-minimaliste-et-chaleureux-3-640x640.jpeg\" alt=\"meuble deco minimaliste et chaleureux canap\u00e9 beige greige \u00e9cru 3 \u00e0 4 places\" class=\"wp-image-39010\" srcset=\"https:\/\/www.cocondedecoration.com\/blog\/wp-content\/uploads\/2021\/05\/meuble-deco-minimaliste-et-chaleureux-3-640x640.jpeg 640w, https:\/\/www.cocondedecoration.com\/blog\/wp-content\/uploads\/2021\/05\/meuble-deco-minimaliste-et-chaleureux-3-165x165.jpeg 165w, https:\/\/www.cocondedecoration.com\/blog\/wp-content\/uploads\/2021\/05\/meuble-deco-minimaliste-et-chaleureux-3-260x260.jpeg 260w, https:\/\/www.cocondedecoration.com\/blog\/wp-content\/uploads\/2021\/05\/meuble-deco-minimaliste-et-chaleureux-3-465x465.jpeg 465w, https:\/\/www.cocondedecoration.com\/blog\/wp-content\/uploads\/2021\/05\/meuble-deco-minimaliste-et-chaleureux-3-500x500.jpeg 500w, https:\/\/www.cocondedecoration.com\/blog\/wp-content\/uploads\/2021\/05\/meuble-deco-minimaliste-et-chaleureux-3.jpeg 680w\" sizes=\"(max-width: 640px) 100vw, 640px\" \/><figcaption><a href=\"https:\/\/c3po.link\/Qw9W38hBvg\" target=\"_blank\" rel=\"noreferrer noopener\" aria-label=\"Canap\u00e9  (s\u2019ouvre dans un nouvel onglet)\">Canap\u00e9 <\/a>- La Redoute<\/figcaption><\/figure>\n\n\n\n<figure class=\"wp-block-image\"><img loading=\"lazy\" decoding=\"async\" width=\"500\" height=\"500\" src=\"http:\/\/www.cocondedecoration.com\/blog\/wp-content\/uploads\/2021\/05\/accessoire-deco-plus-chaleureuse-minimaliste-slow-3.jpeg\" alt=\"accessoire deco plus chaleureuse minimaliste slow housse de coussin en velours motifs discrets\" class=\"wp-image-39022\" srcset=\"https:\/\/www.cocondedecoration.com\/blog\/wp-content\/uploads\/2021\/05\/accessoire-deco-plus-chaleureuse-minimaliste-slow-3.jpeg 500w, https:\/\/www.cocondedecoration.com\/blog\/wp-content\/uploads\/2021\/05\/accessoire-deco-plus-chaleureuse-minimaliste-slow-3-165x165.jpeg 165w, https:\/\/www.cocondedecoration.com\/blog\/wp-content\/uploads\/2021\/05\/accessoire-deco-plus-chaleureuse-minimaliste-slow-3-260x260.jpeg 260w, https:\/\/www.cocondedecoration.com\/blog\/wp-content\/uploads\/2021\/05\/accessoire-deco-plus-chaleureuse-minimaliste-slow-3-465x465.jpeg 465w\" sizes=\"(max-width: 500px) 100vw, 500px\" \/><figcaption><a href=\"https:\/\/track.effiliation.com\/servlet\/effi.redir?id_compteur=21809597&amp;url=https%3A%2F%2Fwww.maisonsdumonde.com%2FFR%2Ffr%2Fp%2Fcoussin-en-velours-de-coton-beige-motifs-reliefes-et-brodes-dores-30x50-hans-214245.htm\" target=\"_blank\" rel=\"noreferrer noopener\" aria-label=\"Coussin (s\u2019ouvre dans un nouvel onglet)\">Coussin<\/a> - Maisons du Monde<\/figcaption><\/figure>\n<\/div>\n\n\n\n<div class=\"wp-block-column is-layout-flow wp-block-column-is-layout-flow\">\n<figure class=\"wp-block-image\"><img loading=\"lazy\" decoding=\"async\" width=\"640\" height=\"640\" src=\"http:\/\/www.cocondedecoration.com\/blog\/wp-content\/uploads\/2021\/05\/meuble-deco-minimaliste-et-chaleureux-6-640x640.jpeg\" alt=\"meuble deco minimaliste et chaleureux table basse longue rectangulaire bois fonc\u00e9 style vintage\" class=\"wp-image-39013\" srcset=\"https:\/\/www.cocondedecoration.com\/blog\/wp-content\/uploads\/2021\/05\/meuble-deco-minimaliste-et-chaleureux-6-640x640.jpeg 640w, https:\/\/www.cocondedecoration.com\/blog\/wp-content\/uploads\/2021\/05\/meuble-deco-minimaliste-et-chaleureux-6-165x165.jpeg 165w, https:\/\/www.cocondedecoration.com\/blog\/wp-content\/uploads\/2021\/05\/meuble-deco-minimaliste-et-chaleureux-6-260x260.jpeg 260w, https:\/\/www.cocondedecoration.com\/blog\/wp-content\/uploads\/2021\/05\/meuble-deco-minimaliste-et-chaleureux-6-465x465.jpeg 465w, https:\/\/www.cocondedecoration.com\/blog\/wp-content\/uploads\/2021\/05\/meuble-deco-minimaliste-et-chaleureux-6-500x500.jpeg 500w, https:\/\/www.cocondedecoration.com\/blog\/wp-content\/uploads\/2021\/05\/meuble-deco-minimaliste-et-chaleureux-6.jpeg 680w\" sizes=\"(max-width: 640px) 100vw, 640px\" \/><figcaption><a href=\"https:\/\/c3po.link\/nn2xdNRpDT\" target=\"_blank\" rel=\"noreferrer noopener\" aria-label=\"Table basse  (s\u2019ouvre dans un nouvel onglet)\">Table basse <\/a>- La Redoute<\/figcaption><\/figure>\n\n\n\n<figure class=\"wp-block-image\"><img loading=\"lazy\" decoding=\"async\" width=\"500\" height=\"500\" src=\"http:\/\/www.cocondedecoration.com\/blog\/wp-content\/uploads\/2021\/05\/accessoire-deco-plus-chaleureuse-minimaliste-slow-4.jpeg\" alt=\"accessoire deco plus chaleureuse minimaliste slow coussin beige \u00e9cru simple motif chevron\" class=\"wp-image-39023\" srcset=\"https:\/\/www.cocondedecoration.com\/blog\/wp-content\/uploads\/2021\/05\/accessoire-deco-plus-chaleureuse-minimaliste-slow-4.jpeg 500w, https:\/\/www.cocondedecoration.com\/blog\/wp-content\/uploads\/2021\/05\/accessoire-deco-plus-chaleureuse-minimaliste-slow-4-165x165.jpeg 165w, https:\/\/www.cocondedecoration.com\/blog\/wp-content\/uploads\/2021\/05\/accessoire-deco-plus-chaleureuse-minimaliste-slow-4-260x260.jpeg 260w, https:\/\/www.cocondedecoration.com\/blog\/wp-content\/uploads\/2021\/05\/accessoire-deco-plus-chaleureuse-minimaliste-slow-4-465x465.jpeg 465w\" sizes=\"(max-width: 500px) 100vw, 500px\" \/><figcaption><a href=\"https:\/\/track.effiliation.com\/servlet\/effi.redir?id_compteur=21809597&amp;url=https%3A%2F%2Fwww.maisonsdumonde.com%2FFR%2Ffr%2Fp%2Fhousse-de-coussin-en-coton-et-jute-40x40-holm-214169.htm\" target=\"_blank\" rel=\"noreferrer noopener\" aria-label=\"Coussin (s\u2019ouvre dans un nouvel onglet)\">Coussin<\/a> - Maisons du Monde<\/figcaption><\/figure>\n<\/div>\n\n\n\n<div class=\"wp-block-column is-layout-flow wp-block-column-is-layout-flow\">\n<figure class=\"wp-block-image\"><img loading=\"lazy\" decoding=\"async\" width=\"640\" height=\"640\" src=\"http:\/\/www.cocondedecoration.com\/blog\/wp-content\/uploads\/2021\/05\/meuble-deco-minimaliste-et-chaleureux-9-640x640.jpeg\" alt=\"meuble deco minimaliste et chaleureux lampe \u00e0 poser blanc et naturel\" class=\"wp-image-39016\" srcset=\"https:\/\/www.cocondedecoration.com\/blog\/wp-content\/uploads\/2021\/05\/meuble-deco-minimaliste-et-chaleureux-9-640x640.jpeg 640w, https:\/\/www.cocondedecoration.com\/blog\/wp-content\/uploads\/2021\/05\/meuble-deco-minimaliste-et-chaleureux-9-165x165.jpeg 165w, https:\/\/www.cocondedecoration.com\/blog\/wp-content\/uploads\/2021\/05\/meuble-deco-minimaliste-et-chaleureux-9-260x260.jpeg 260w, https:\/\/www.cocondedecoration.com\/blog\/wp-content\/uploads\/2021\/05\/meuble-deco-minimaliste-et-chaleureux-9-465x465.jpeg 465w, https:\/\/www.cocondedecoration.com\/blog\/wp-content\/uploads\/2021\/05\/meuble-deco-minimaliste-et-chaleureux-9-500x500.jpeg 500w, https:\/\/www.cocondedecoration.com\/blog\/wp-content\/uploads\/2021\/05\/meuble-deco-minimaliste-et-chaleureux-9.jpeg 680w\" sizes=\"(max-width: 640px) 100vw, 640px\" \/><figcaption><a href=\"https:\/\/c3po.link\/QxFEJacDnA\" target=\"_blank\" rel=\"noreferrer noopener\" aria-label=\"Lampe \u00e0 poser  (s\u2019ouvre dans un nouvel onglet)\">Lampe \u00e0 poser <\/a>- La Redoute<\/figcaption><\/figure>\n\n\n\n<figure class=\"wp-block-image\"><img loading=\"lazy\" decoding=\"async\" width=\"500\" height=\"500\" src=\"http:\/\/www.cocondedecoration.com\/blog\/wp-content\/uploads\/2021\/05\/accessoire-deco-plus-chaleureuse-minimaliste-slow-7.jpeg\" alt=\"accessoire deco plus chaleureuse minimaliste slow petit fauteuil velours \u00e9cru \" class=\"wp-image-39026\" srcset=\"https:\/\/www.cocondedecoration.com\/blog\/wp-content\/uploads\/2021\/05\/accessoire-deco-plus-chaleureuse-minimaliste-slow-7.jpeg 500w, https:\/\/www.cocondedecoration.com\/blog\/wp-content\/uploads\/2021\/05\/accessoire-deco-plus-chaleureuse-minimaliste-slow-7-165x165.jpeg 165w, https:\/\/www.cocondedecoration.com\/blog\/wp-content\/uploads\/2021\/05\/accessoire-deco-plus-chaleureuse-minimaliste-slow-7-260x260.jpeg 260w, https:\/\/www.cocondedecoration.com\/blog\/wp-content\/uploads\/2021\/05\/accessoire-deco-plus-chaleureuse-minimaliste-slow-7-465x465.jpeg 465w\" sizes=\"(max-width: 500px) 100vw, 500px\" \/><figcaption><a href=\"https:\/\/track.effiliation.com\/servlet\/effi.redir?id_compteur=21809597&amp;url=https%3A%2F%2Fwww.maisonsdumonde.com%2FFR%2Ffr%2Fp%2Ffauteuil-en-velours-beige-bizou-209952.htm\" target=\"_blank\" rel=\"noreferrer noopener\" aria-label=\"Fauteuil  (s\u2019ouvre dans un nouvel onglet)\">Fauteuil <\/a>- Maisons du Monde<\/figcaption><\/figure>\n<\/div>\n\n\n\n<div class=\"wp-block-column is-layout-flow wp-block-column-is-layout-flow\">\n<figure class=\"wp-block-image\"><img loading=\"lazy\" decoding=\"async\" width=\"640\" height=\"640\" src=\"http:\/\/www.cocondedecoration.com\/blog\/wp-content\/uploads\/2021\/05\/meuble-deco-minimaliste-et-chaleureux-12-640x640.jpeg\" alt=\"meuble deco minimaliste et chaleureux petite lampe \u00e0 poser bois et verre\" class=\"wp-image-39017\" srcset=\"https:\/\/www.cocondedecoration.com\/blog\/wp-content\/uploads\/2021\/05\/meuble-deco-minimaliste-et-chaleureux-12-640x640.jpeg 640w, https:\/\/www.cocondedecoration.com\/blog\/wp-content\/uploads\/2021\/05\/meuble-deco-minimaliste-et-chaleureux-12-165x165.jpeg 165w, https:\/\/www.cocondedecoration.com\/blog\/wp-content\/uploads\/2021\/05\/meuble-deco-minimaliste-et-chaleureux-12-260x260.jpeg 260w, https:\/\/www.cocondedecoration.com\/blog\/wp-content\/uploads\/2021\/05\/meuble-deco-minimaliste-et-chaleureux-12-465x465.jpeg 465w, https:\/\/www.cocondedecoration.com\/blog\/wp-content\/uploads\/2021\/05\/meuble-deco-minimaliste-et-chaleureux-12-500x500.jpeg 500w, https:\/\/www.cocondedecoration.com\/blog\/wp-content\/uploads\/2021\/05\/meuble-deco-minimaliste-et-chaleureux-12.jpeg 680w\" sizes=\"(max-width: 640px) 100vw, 640px\" \/><figcaption><a href=\"https:\/\/c3po.link\/QNq58PC32A\" target=\"_blank\" rel=\"noreferrer noopener\" aria-label=\"Lampe \u00e0 poser  (s\u2019ouvre dans un nouvel onglet)\">Lampe \u00e0 poser <\/a>- La Redoute<\/figcaption><\/figure>\n\n\n\n<figure class=\"wp-block-image\"><img loading=\"lazy\" decoding=\"async\" width=\"500\" height=\"500\" src=\"http:\/\/www.cocondedecoration.com\/blog\/wp-content\/uploads\/2021\/05\/accessoire-deco-plus-chaleureuse-minimaliste-slow-8.jpeg\" alt=\"accessoire deco plus chaleureuse minimaliste slow table basse plateau laiton\" class=\"wp-image-39027\" srcset=\"https:\/\/www.cocondedecoration.com\/blog\/wp-content\/uploads\/2021\/05\/accessoire-deco-plus-chaleureuse-minimaliste-slow-8.jpeg 500w, https:\/\/www.cocondedecoration.com\/blog\/wp-content\/uploads\/2021\/05\/accessoire-deco-plus-chaleureuse-minimaliste-slow-8-165x165.jpeg 165w, https:\/\/www.cocondedecoration.com\/blog\/wp-content\/uploads\/2021\/05\/accessoire-deco-plus-chaleureuse-minimaliste-slow-8-260x260.jpeg 260w, https:\/\/www.cocondedecoration.com\/blog\/wp-content\/uploads\/2021\/05\/accessoire-deco-plus-chaleureuse-minimaliste-slow-8-465x465.jpeg 465w\" sizes=\"(max-width: 500px) 100vw, 500px\" \/><figcaption><a href=\"https:\/\/track.effiliation.com\/servlet\/effi.redir?id_compteur=21809597&amp;url=https%3A%2F%2Fwww.maisonsdumonde.com%2FFR%2Ffr%2Fp%2Ftable-basse-ovoide-en-metal-coloris-laiton-et-noir-pitala-209966.htm\" target=\"_blank\" rel=\"noreferrer noopener\" aria-label=\"Table basse (s\u2019ouvre dans un nouvel onglet)\">Table basse<\/a> - Maisons du Monde<\/figcaption><\/figure>\n<\/div>\n<\/div>\n\n\n\n<hr class=\"wp-block-separator\"\/>\n\n\n\n<div class=\"wp-block-columns has-2-columns is-layout-flex wp-container-core-columns-layout-4 wp-block-columns-is-layout-flex\">\n<div class=\"wp-block-column is-layout-flow wp-block-column-is-layout-flow\"><div class='white' style='background:rgba(0,0,0,0); border:solid 0px rgba(0,0,0,0); border-radius:0px; padding:0px 0px 0px 0px;'>\n<div id='slider_64843' class='owl-carousel sa_owl_theme owl-pagination-true autohide-arrows' data-slider-id='slider_64843' style='visibility:hidden;'>\n<div id='slider_64843_slide01' class='sa_hover_container' style='padding:5% 5%; margin:0px 0%; '><p><a href=\"https:\/\/www.cocondedecoration.com\/blog\/wp-content\/uploads\/2023\/08\/decoration-design-slow-living-1.jpeg\"><img loading=\"lazy\" decoding=\"async\" class=\"aligncenter size-full wp-image-64846\" src=\"https:\/\/www.cocondedecoration.com\/blog\/wp-content\/uploads\/2023\/08\/decoration-design-slow-living-1.jpeg\" alt=\"decoration design slow living Plaid en tissu 164x127cm\" width=\"500\" height=\"500\" srcset=\"https:\/\/www.cocondedecoration.com\/blog\/wp-content\/uploads\/2023\/08\/decoration-design-slow-living-1.jpeg 500w, https:\/\/www.cocondedecoration.com\/blog\/wp-content\/uploads\/2023\/08\/decoration-design-slow-living-1-165x165.jpeg 165w, https:\/\/www.cocondedecoration.com\/blog\/wp-content\/uploads\/2023\/08\/decoration-design-slow-living-1-260x260.jpeg 260w, https:\/\/www.cocondedecoration.com\/blog\/wp-content\/uploads\/2023\/08\/decoration-design-slow-living-1-465x465.jpeg 465w\" sizes=\"(max-width: 500px) 100vw, 500px\" \/><\/a><\/p><\/div>\n<div id='slider_64843_slide02' class='sa_hover_container' style='padding:5% 5%; margin:0px 0%; '><p><a href=\"https:\/\/www.cocondedecoration.com\/blog\/wp-content\/uploads\/2023\/08\/accessoire-decoratif-slow-design-pas-cher-1.jpeg\"><img loading=\"lazy\" decoding=\"async\" class=\"aligncenter size-full wp-image-64852\" src=\"https:\/\/www.cocondedecoration.com\/blog\/wp-content\/uploads\/2023\/08\/accessoire-decoratif-slow-design-pas-cher-1.jpeg\" alt=\"accessoire decoratif slow design pas cher Vase blanc en terre cuite et fibre de Mendong H37cm\" width=\"500\" height=\"500\" srcset=\"https:\/\/www.cocondedecoration.com\/blog\/wp-content\/uploads\/2023\/08\/accessoire-decoratif-slow-design-pas-cher-1.jpeg 500w, https:\/\/www.cocondedecoration.com\/blog\/wp-content\/uploads\/2023\/08\/accessoire-decoratif-slow-design-pas-cher-1-165x165.jpeg 165w, https:\/\/www.cocondedecoration.com\/blog\/wp-content\/uploads\/2023\/08\/accessoire-decoratif-slow-design-pas-cher-1-260x260.jpeg 260w, https:\/\/www.cocondedecoration.com\/blog\/wp-content\/uploads\/2023\/08\/accessoire-decoratif-slow-design-pas-cher-1-465x465.jpeg 465w\" sizes=\"(max-width: 500px) 100vw, 500px\" \/><\/a><\/p><\/div>\n<div id='slider_64843_slide03' class='sa_hover_container' style='padding:5% 5%; margin:0px 0%; '><p><a href=\"https:\/\/www.cocondedecoration.com\/blog\/wp-content\/uploads\/2023\/08\/objet-decoratif-style-slow-living-1.jpeg\"><img loading=\"lazy\" decoding=\"async\" class=\"aligncenter size-full wp-image-64857\" src=\"https:\/\/www.cocondedecoration.com\/blog\/wp-content\/uploads\/2023\/08\/objet-decoratif-style-slow-living-1.jpeg\" alt=\"objet decoratif style slow living Housse de coussin en coton et jute textur\u00e9s motifs beiges et blancs 40x40\" width=\"500\" height=\"500\" srcset=\"https:\/\/www.cocondedecoration.com\/blog\/wp-content\/uploads\/2023\/08\/objet-decoratif-style-slow-living-1.jpeg 500w, https:\/\/www.cocondedecoration.com\/blog\/wp-content\/uploads\/2023\/08\/objet-decoratif-style-slow-living-1-165x165.jpeg 165w, https:\/\/www.cocondedecoration.com\/blog\/wp-content\/uploads\/2023\/08\/objet-decoratif-style-slow-living-1-260x260.jpeg 260w, https:\/\/www.cocondedecoration.com\/blog\/wp-content\/uploads\/2023\/08\/objet-decoratif-style-slow-living-1-465x465.jpeg 465w\" sizes=\"(max-width: 500px) 100vw, 500px\" \/><\/a><\/p><\/div>\n<div id='slider_64843_slide04' class='sa_hover_container' style='padding:5% 5%; margin:0px 0%; '><p><a href=\"https:\/\/www.cocondedecoration.com\/blog\/wp-content\/uploads\/2023\/08\/decoration-design-slow-living-2.jpeg\"><img loading=\"lazy\" decoding=\"async\" class=\"aligncenter size-full wp-image-64847\" src=\"https:\/\/www.cocondedecoration.com\/blog\/wp-content\/uploads\/2023\/08\/decoration-design-slow-living-2.jpeg\" alt=\"decoration design slow living Tapis avec formes organiques blanc et noir\" width=\"500\" height=\"500\" srcset=\"https:\/\/www.cocondedecoration.com\/blog\/wp-content\/uploads\/2023\/08\/decoration-design-slow-living-2.jpeg 500w, https:\/\/www.cocondedecoration.com\/blog\/wp-content\/uploads\/2023\/08\/decoration-design-slow-living-2-165x165.jpeg 165w, https:\/\/www.cocondedecoration.com\/blog\/wp-content\/uploads\/2023\/08\/decoration-design-slow-living-2-260x260.jpeg 260w, https:\/\/www.cocondedecoration.com\/blog\/wp-content\/uploads\/2023\/08\/decoration-design-slow-living-2-465x465.jpeg 465w\" sizes=\"(max-width: 500px) 100vw, 500px\" \/><\/a><\/p><\/div>\n<div id='slider_64843_slide05' class='sa_hover_container' style='padding:5% 5%; margin:0px 0%; '><p><a href=\"https:\/\/www.cocondedecoration.com\/blog\/wp-content\/uploads\/2023\/08\/accessoire-decoratif-slow-design-pas-cher-2.jpeg\"><img loading=\"lazy\" decoding=\"async\" class=\"aligncenter size-full wp-image-64853\" src=\"https:\/\/www.cocondedecoration.com\/blog\/wp-content\/uploads\/2023\/08\/accessoire-decoratif-slow-design-pas-cher-2.jpeg\" alt=\"accessoire decoratif slow design pas cher Lampadaire tr\u00e9pied pieds en bois et abat-jour en lin blanc\" width=\"500\" height=\"500\" srcset=\"https:\/\/www.cocondedecoration.com\/blog\/wp-content\/uploads\/2023\/08\/accessoire-decoratif-slow-design-pas-cher-2.jpeg 500w, https:\/\/www.cocondedecoration.com\/blog\/wp-content\/uploads\/2023\/08\/accessoire-decoratif-slow-design-pas-cher-2-165x165.jpeg 165w, https:\/\/www.cocondedecoration.com\/blog\/wp-content\/uploads\/2023\/08\/accessoire-decoratif-slow-design-pas-cher-2-260x260.jpeg 260w, https:\/\/www.cocondedecoration.com\/blog\/wp-content\/uploads\/2023\/08\/accessoire-decoratif-slow-design-pas-cher-2-465x465.jpeg 465w\" sizes=\"(max-width: 500px) 100vw, 500px\" \/><\/a><\/p><\/div>\n<div id='slider_64843_slide06' class='sa_hover_container' style='padding:5% 5%; margin:0px 0%; '><p><a href=\"https:\/\/www.cocondedecoration.com\/blog\/wp-content\/uploads\/2023\/08\/objet-decoratif-style-slow-living-2.jpeg\"><img loading=\"lazy\" decoding=\"async\" class=\"aligncenter size-full wp-image-64858\" src=\"https:\/\/www.cocondedecoration.com\/blog\/wp-content\/uploads\/2023\/08\/objet-decoratif-style-slow-living-2.jpeg\" alt=\"objet decoratif style slow living Panier en jonc de mer tress\u00e9\" width=\"500\" height=\"500\" srcset=\"https:\/\/www.cocondedecoration.com\/blog\/wp-content\/uploads\/2023\/08\/objet-decoratif-style-slow-living-2.jpeg 500w, https:\/\/www.cocondedecoration.com\/blog\/wp-content\/uploads\/2023\/08\/objet-decoratif-style-slow-living-2-165x165.jpeg 165w, https:\/\/www.cocondedecoration.com\/blog\/wp-content\/uploads\/2023\/08\/objet-decoratif-style-slow-living-2-260x260.jpeg 260w, https:\/\/www.cocondedecoration.com\/blog\/wp-content\/uploads\/2023\/08\/objet-decoratif-style-slow-living-2-465x465.jpeg 465w\" sizes=\"(max-width: 500px) 100vw, 500px\" \/><\/a><\/p><\/div>\n<div id='slider_64843_slide07' class='sa_hover_container' style='padding:5% 5%; margin:0px 0%; '><p><a href=\"https:\/\/www.cocondedecoration.com\/blog\/wp-content\/uploads\/2023\/08\/decoration-design-slow-living-3.jpeg\"><img loading=\"lazy\" decoding=\"async\" class=\"aligncenter size-full wp-image-64848\" src=\"https:\/\/www.cocondedecoration.com\/blog\/wp-content\/uploads\/2023\/08\/decoration-design-slow-living-3.jpeg\" alt=\"decoration design slow living Lampe \u00e0 poser en c\u00e9ramique blanc et jute\" width=\"500\" height=\"500\" srcset=\"https:\/\/www.cocondedecoration.com\/blog\/wp-content\/uploads\/2023\/08\/decoration-design-slow-living-3.jpeg 500w, https:\/\/www.cocondedecoration.com\/blog\/wp-content\/uploads\/2023\/08\/decoration-design-slow-living-3-165x165.jpeg 165w, https:\/\/www.cocondedecoration.com\/blog\/wp-content\/uploads\/2023\/08\/decoration-design-slow-living-3-260x260.jpeg 260w, https:\/\/www.cocondedecoration.com\/blog\/wp-content\/uploads\/2023\/08\/decoration-design-slow-living-3-465x465.jpeg 465w\" sizes=\"(max-width: 500px) 100vw, 500px\" \/><\/a><\/p><\/div>\n<div id='slider_64843_slide08' class='sa_hover_container' style='padding:5% 5%; margin:0px 0%; '><p><a href=\"https:\/\/www.cocondedecoration.com\/blog\/wp-content\/uploads\/2023\/08\/accessoire-decoratif-slow-design-pas-cher-3.jpeg\"><img loading=\"lazy\" decoding=\"async\" class=\"aligncenter size-full wp-image-64854\" src=\"https:\/\/www.cocondedecoration.com\/blog\/wp-content\/uploads\/2023\/08\/accessoire-decoratif-slow-design-pas-cher-3.jpeg\" alt=\"accessoire decoratif slow design pas cher Petit tabouret tricot en coton vert olive\" width=\"500\" height=\"500\" srcset=\"https:\/\/www.cocondedecoration.com\/blog\/wp-content\/uploads\/2023\/08\/accessoire-decoratif-slow-design-pas-cher-3.jpeg 500w, https:\/\/www.cocondedecoration.com\/blog\/wp-content\/uploads\/2023\/08\/accessoire-decoratif-slow-design-pas-cher-3-165x165.jpeg 165w, https:\/\/www.cocondedecoration.com\/blog\/wp-content\/uploads\/2023\/08\/accessoire-decoratif-slow-design-pas-cher-3-260x260.jpeg 260w, https:\/\/www.cocondedecoration.com\/blog\/wp-content\/uploads\/2023\/08\/accessoire-decoratif-slow-design-pas-cher-3-465x465.jpeg 465w\" sizes=\"(max-width: 500px) 100vw, 500px\" \/><\/a><\/p><\/div>\n<div id='slider_64843_slide09' class='sa_hover_container' style='padding:5% 5%; margin:0px 0%; '><p><a href=\"https:\/\/www.cocondedecoration.com\/blog\/wp-content\/uploads\/2023\/08\/objet-decoratif-style-slow-living-3.jpeg\"><img loading=\"lazy\" decoding=\"async\" class=\"aligncenter size-full wp-image-64859\" src=\"https:\/\/www.cocondedecoration.com\/blog\/wp-content\/uploads\/2023\/08\/objet-decoratif-style-slow-living-3.jpeg\" alt=\"objet decoratif style slow living D\u00e9co murale cercles tress\u00e9e tricolores 93x51\" width=\"500\" height=\"500\" srcset=\"https:\/\/www.cocondedecoration.com\/blog\/wp-content\/uploads\/2023\/08\/objet-decoratif-style-slow-living-3.jpeg 500w, https:\/\/www.cocondedecoration.com\/blog\/wp-content\/uploads\/2023\/08\/objet-decoratif-style-slow-living-3-165x165.jpeg 165w, https:\/\/www.cocondedecoration.com\/blog\/wp-content\/uploads\/2023\/08\/objet-decoratif-style-slow-living-3-260x260.jpeg 260w, https:\/\/www.cocondedecoration.com\/blog\/wp-content\/uploads\/2023\/08\/objet-decoratif-style-slow-living-3-465x465.jpeg 465w\" sizes=\"(max-width: 500px) 100vw, 500px\" \/><\/a><\/p><\/div>\n<div id='slider_64843_slide10' class='sa_hover_container' style='padding:5% 5%; margin:0px 0%; '><p><a href=\"https:\/\/www.cocondedecoration.com\/blog\/wp-content\/uploads\/2023\/08\/decoration-design-slow-living-4.jpeg\"><img loading=\"lazy\" decoding=\"async\" class=\"aligncenter size-full wp-image-64849\" src=\"https:\/\/www.cocondedecoration.com\/blog\/wp-content\/uploads\/2023\/08\/decoration-design-slow-living-4.jpeg\" alt=\"decoration design slow living Tableau contemporain beige\" width=\"500\" height=\"500\" srcset=\"https:\/\/www.cocondedecoration.com\/blog\/wp-content\/uploads\/2023\/08\/decoration-design-slow-living-4.jpeg 500w, https:\/\/www.cocondedecoration.com\/blog\/wp-content\/uploads\/2023\/08\/decoration-design-slow-living-4-165x165.jpeg 165w, https:\/\/www.cocondedecoration.com\/blog\/wp-content\/uploads\/2023\/08\/decoration-design-slow-living-4-260x260.jpeg 260w, https:\/\/www.cocondedecoration.com\/blog\/wp-content\/uploads\/2023\/08\/decoration-design-slow-living-4-465x465.jpeg 465w\" sizes=\"(max-width: 500px) 100vw, 500px\" \/><\/a><\/p><\/div>\n<div id='slider_64843_slide11' class='sa_hover_container' style='padding:5% 5%; margin:0px 0%; '><p><a href=\"https:\/\/www.cocondedecoration.com\/blog\/wp-content\/uploads\/2023\/08\/accessoire-decoratif-slow-design-pas-cher-4.jpeg\"><img loading=\"lazy\" decoding=\"async\" class=\"aligncenter size-full wp-image-64855\" src=\"https:\/\/www.cocondedecoration.com\/blog\/wp-content\/uploads\/2023\/08\/accessoire-decoratif-slow-design-pas-cher-4.jpeg\" alt=\"accessoire decoratif slow design pas cher Suspension en bambou naturel D36 cm\" width=\"500\" height=\"500\" srcset=\"https:\/\/www.cocondedecoration.com\/blog\/wp-content\/uploads\/2023\/08\/accessoire-decoratif-slow-design-pas-cher-4.jpeg 500w, https:\/\/www.cocondedecoration.com\/blog\/wp-content\/uploads\/2023\/08\/accessoire-decoratif-slow-design-pas-cher-4-165x165.jpeg 165w, https:\/\/www.cocondedecoration.com\/blog\/wp-content\/uploads\/2023\/08\/accessoire-decoratif-slow-design-pas-cher-4-260x260.jpeg 260w, https:\/\/www.cocondedecoration.com\/blog\/wp-content\/uploads\/2023\/08\/accessoire-decoratif-slow-design-pas-cher-4-465x465.jpeg 465w\" sizes=\"(max-width: 500px) 100vw, 500px\" \/><\/a><\/p><\/div>\n<div id='slider_64843_slide12' class='sa_hover_container' style='padding:5% 5%; margin:0px 0%; '><p><a href=\"https:\/\/www.cocondedecoration.com\/blog\/wp-content\/uploads\/2023\/08\/objet-decoratif-style-slow-living-4.jpeg\"><img loading=\"lazy\" decoding=\"async\" class=\"aligncenter size-full wp-image-64860\" src=\"https:\/\/www.cocondedecoration.com\/blog\/wp-content\/uploads\/2023\/08\/objet-decoratif-style-slow-living-4.jpeg\" alt=\"objet decoratif style slow living Lampadaire en papier et abat-jours en polyester recycl\u00e9 beige H141\" width=\"500\" height=\"500\" srcset=\"https:\/\/www.cocondedecoration.com\/blog\/wp-content\/uploads\/2023\/08\/objet-decoratif-style-slow-living-4.jpeg 500w, https:\/\/www.cocondedecoration.com\/blog\/wp-content\/uploads\/2023\/08\/objet-decoratif-style-slow-living-4-165x165.jpeg 165w, https:\/\/www.cocondedecoration.com\/blog\/wp-content\/uploads\/2023\/08\/objet-decoratif-style-slow-living-4-260x260.jpeg 260w, https:\/\/www.cocondedecoration.com\/blog\/wp-content\/uploads\/2023\/08\/objet-decoratif-style-slow-living-4-465x465.jpeg 465w\" sizes=\"(max-width: 500px) 100vw, 500px\" \/><\/a><\/p><\/div>\n<div id='slider_64843_slide13' class='sa_hover_container' style='padding:5% 5%; margin:0px 0%; '><p><a href=\"https:\/\/www.cocondedecoration.com\/blog\/wp-content\/uploads\/2023\/08\/decoration-design-slow-living-5.jpeg\"><img loading=\"lazy\" decoding=\"async\" class=\"aligncenter size-full wp-image-64850\" src=\"https:\/\/www.cocondedecoration.com\/blog\/wp-content\/uploads\/2023\/08\/decoration-design-slow-living-5.jpeg\" alt=\"decoration design slow living D\u00e9co murale imprim\u00e9 line art beige et \u00e9cru\" width=\"500\" height=\"500\" srcset=\"https:\/\/www.cocondedecoration.com\/blog\/wp-content\/uploads\/2023\/08\/decoration-design-slow-living-5.jpeg 500w, https:\/\/www.cocondedecoration.com\/blog\/wp-content\/uploads\/2023\/08\/decoration-design-slow-living-5-165x165.jpeg 165w, https:\/\/www.cocondedecoration.com\/blog\/wp-content\/uploads\/2023\/08\/decoration-design-slow-living-5-260x260.jpeg 260w, https:\/\/www.cocondedecoration.com\/blog\/wp-content\/uploads\/2023\/08\/decoration-design-slow-living-5-465x465.jpeg 465w\" sizes=\"(max-width: 500px) 100vw, 500px\" \/><\/a><\/p><\/div>\n<div id='slider_64843_slide14' class='sa_hover_container' style='padding:5% 5%; margin:0px 0%; '><p><a href=\"https:\/\/www.cocondedecoration.com\/blog\/wp-content\/uploads\/2023\/08\/accessoire-decoratif-slow-design-pas-cher-5.jpeg\"><img loading=\"lazy\" decoding=\"async\" class=\"aligncenter size-full wp-image-64856\" src=\"https:\/\/www.cocondedecoration.com\/blog\/wp-content\/uploads\/2023\/08\/accessoire-decoratif-slow-design-pas-cher-5.jpeg\" alt=\"accessoire decoratif slow design pas cher Miroir \u00e0 poser en bois massif de mindi 45x160 cm\" width=\"500\" height=\"500\" srcset=\"https:\/\/www.cocondedecoration.com\/blog\/wp-content\/uploads\/2023\/08\/accessoire-decoratif-slow-design-pas-cher-5.jpeg 500w, https:\/\/www.cocondedecoration.com\/blog\/wp-content\/uploads\/2023\/08\/accessoire-decoratif-slow-design-pas-cher-5-165x165.jpeg 165w, https:\/\/www.cocondedecoration.com\/blog\/wp-content\/uploads\/2023\/08\/accessoire-decoratif-slow-design-pas-cher-5-260x260.jpeg 260w, https:\/\/www.cocondedecoration.com\/blog\/wp-content\/uploads\/2023\/08\/accessoire-decoratif-slow-design-pas-cher-5-465x465.jpeg 465w\" sizes=\"(max-width: 500px) 100vw, 500px\" \/><\/a><\/p><\/div>\n<div id='slider_64843_slide15' class='sa_hover_container' style='padding:5% 5%; margin:0px 0%; '><p><a href=\"https:\/\/www.cocondedecoration.com\/blog\/wp-content\/uploads\/2023\/08\/objet-decoratif-style-slow-living-5.jpeg\"><img loading=\"lazy\" decoding=\"async\" class=\"aligncenter size-full wp-image-64861\" src=\"https:\/\/www.cocondedecoration.com\/blog\/wp-content\/uploads\/2023\/08\/objet-decoratif-style-slow-living-5.jpeg\" alt=\"objet decoratif style slow living Bougie parfum\u00e9e en verre\" width=\"500\" height=\"500\" srcset=\"https:\/\/www.cocondedecoration.com\/blog\/wp-content\/uploads\/2023\/08\/objet-decoratif-style-slow-living-5.jpeg 500w, https:\/\/www.cocondedecoration.com\/blog\/wp-content\/uploads\/2023\/08\/objet-decoratif-style-slow-living-5-165x165.jpeg 165w, https:\/\/www.cocondedecoration.com\/blog\/wp-content\/uploads\/2023\/08\/objet-decoratif-style-slow-living-5-260x260.jpeg 260w, https:\/\/www.cocondedecoration.com\/blog\/wp-content\/uploads\/2023\/08\/objet-decoratif-style-slow-living-5-465x465.jpeg 465w\" sizes=\"(max-width: 500px) 100vw, 500px\" \/><\/a><\/p><\/div>\n<\/div>\n<\/div>\n<script type='text\/javascript'>\n\tjQuery(document).ready(function() {\n\t\tjQuery('#slider_64843').owlCarousel({\n\t\t\titems : 1,\n\t\t\tsmartSpeed : 200,\n\t\t\tautoplay : true,\n\t\t\tautoplayTimeout : 5000,\n\t\t\tautoplayHoverPause : true,\n\t\t\tsmartSpeed : 200,\n\t\t\tfluidSpeed : 200,\n\t\t\tautoplaySpeed : 200,\n\t\t\tnavSpeed : 200,\n\t\t\tdotsSpeed : 200,\n\t\t\tloop : true,\n\t\t\tnav : true,\n\t\t\tnavText : ['Previous','Next'],\n\t\t\tdots : true,\n\t\t\tresponsiveRefreshRate : 200,\n\t\t\tslideBy : 1,\n\t\t\tmergeFit : true,\n\t\t\tautoHeight : false,\n\t\t\tmouseDrag : false,\n\t\t\ttouchDrag : true\n\t\t});\n\t\tjQuery('#slider_64843').css('visibility', 'visible');\n\t\tsa_resize_slider_64843();\n\t\twindow.addEventListener('resize', sa_resize_slider_64843);\n\t\tfunction sa_resize_slider_64843() {\n\t\t\tvar min_height = '50';\n\t\t\tvar win_width = jQuery(window).width();\n\t\t\tvar slider_width = jQuery('#slider_64843').width();\n\t\t\tif (win_width < 480) {\n\t\t\t\tvar slide_width = slider_width \/ 1;\n\t\t\t} else if (win_width < 768) {\n\t\t\t\tvar slide_width = slider_width \/ 1;\n\t\t\t} else if (win_width < 980) {\n\t\t\t\tvar slide_width = slider_width \/ 1;\n\t\t\t} else if (win_width < 1200) {\n\t\t\t\tvar slide_width = slider_width \/ 1;\n\t\t\t} else if (win_width < 1500) {\n\t\t\t\tvar slide_width = slider_width \/ 1;\n\t\t\t} else {\n\t\t\t\tvar slide_width = slider_width \/ 1;\n\t\t\t}\n\t\t\tslide_width = Math.round(slide_width);\n\t\t\tvar slide_height = '0';\n\t\t\tif (min_height == 'aspect43') {\n\t\t\t\tslide_height = (slide_width \/ 4) * 3;\t\t\t\tslide_height = Math.round(slide_height);\n\t\t\t} else if (min_height == 'aspect169') {\n\t\t\t\tslide_height = (slide_width \/ 16) * 9;\t\t\t\tslide_height = Math.round(slide_height);\n\t\t\t} else {\n\t\t\t\tslide_height = (slide_width \/ 100) * min_height;\t\t\t\tslide_height = Math.round(slide_height);\n\t\t\t}\n\t\t\tjQuery('#slider_64843 .owl-item .sa_hover_container').css('min-height', slide_height+'px');\n\t\t}\n\t\tvar owl_goto = jQuery('#slider_64843');\n\t\tjQuery('.slider_64843_goto1').click(function(event){\n\t\t\towl_goto.trigger('to.owl.carousel', 0);\n\t\t});\n\t\tjQuery('.slider_64843_goto2').click(function(event){\n\t\t\towl_goto.trigger('to.owl.carousel', 1);\n\t\t});\n\t\tjQuery('.slider_64843_goto3').click(function(event){\n\t\t\towl_goto.trigger('to.owl.carousel', 2);\n\t\t});\n\t\tjQuery('.slider_64843_goto4').click(function(event){\n\t\t\towl_goto.trigger('to.owl.carousel', 3);\n\t\t});\n\t\tjQuery('.slider_64843_goto5').click(function(event){\n\t\t\towl_goto.trigger('to.owl.carousel', 4);\n\t\t});\n\t\tjQuery('.slider_64843_goto6').click(function(event){\n\t\t\towl_goto.trigger('to.owl.carousel', 5);\n\t\t});\n\t\tjQuery('.slider_64843_goto7').click(function(event){\n\t\t\towl_goto.trigger('to.owl.carousel', 6);\n\t\t});\n\t\tjQuery('.slider_64843_goto8').click(function(event){\n\t\t\towl_goto.trigger('to.owl.carousel', 7);\n\t\t});\n\t\tjQuery('.slider_64843_goto9').click(function(event){\n\t\t\towl_goto.trigger('to.owl.carousel', 8);\n\t\t});\n\t\tjQuery('.slider_64843_goto10').click(function(event){\n\t\t\towl_goto.trigger('to.owl.carousel', 9);\n\t\t});\n\t\tjQuery('.slider_64843_goto11').click(function(event){\n\t\t\towl_goto.trigger('to.owl.carousel', 10);\n\t\t});\n\t\tjQuery('.slider_64843_goto12').click(function(event){\n\t\t\towl_goto.trigger('to.owl.carousel', 11);\n\t\t});\n\t\tjQuery('.slider_64843_goto13').click(function(event){\n\t\t\towl_goto.trigger('to.owl.carousel', 12);\n\t\t});\n\t\tjQuery('.slider_64843_goto14').click(function(event){\n\t\t\towl_goto.trigger('to.owl.carousel', 13);\n\t\t});\n\t\tjQuery('.slider_64843_goto15').click(function(event){\n\t\t\towl_goto.trigger('to.owl.carousel', 14);\n\t\t});\n\t\tvar resize_64843 = jQuery('.owl-carousel');\n\t\tresize_64843.on('initialized.owl.carousel', function(e) {\n\t\t\tif (typeof(Event) === 'function') {\n\t\t\t\twindow.dispatchEvent(new Event('resize'));\n\t\t\t} else {\n\t\t\t\tvar evt = window.document.createEvent('UIEvents');\n\t\t\t\tevt.initUIEvent('resize', true, false, window, 0);\n\t\t\t\twindow.dispatchEvent(evt);\n\t\t\t}\n\t\t});\n\t});\n<\/script>\n\n<\/div>\n\n\n\n<div class=\"wp-block-column is-layout-flow wp-block-column-is-layout-flow\">\n<p style=\"text-align:center\" class=\"has-medium-font-size\">Parfaire votre int\u00e9rieur dans un style slow living <\/p>\n\n\n\n<ol><li><a rel=\"noreferrer noopener\" aria-label=\"Plaid en tissu \u00e9cru (s\u2019ouvre dans un nouvel onglet)\" href=\"https:\/\/c3po.link\/QhkSZXzeXs\" target=\"_blank\">Plaid en tissu \u00e9cru<\/a> - Drawer <\/li><li><a rel=\"noreferrer noopener\" aria-label=\"Vase blanc en terre cuite (s\u2019ouvre dans un nouvel onglet)\" href=\"https:\/\/rxo.rendezvousdeco.com\/?P5121C156CE391D1&amp;redir=https%3A%2F%2Fwww.rendezvousdeco.com%2Fvases%2Fvase-blanc-valina-en-terre-cuite-h37cm.html\" target=\"_blank\">Vase blanc en terre cuite<\/a> - Rendez Vous D\u00e9co <\/li><li><a rel=\"noreferrer noopener\" aria-label=\"Housse de coussin en coton et jute textur\u00e9s motifs (s\u2019ouvre dans un nouvel onglet)\" href=\"https:\/\/fnty.co\/c\/r-EJYlKrsL\" target=\"_blank\">Housse de coussin en coton et jute textur\u00e9s motifs<\/a> - Maisons du Monde<\/li><li><a rel=\"noreferrer noopener\" aria-label=\"Tapis avec formes organiques blanc et noir (s\u2019ouvre dans un nouvel onglet)\" href=\"https:\/\/c3po.link\/QW6HyFRRAa\" target=\"_blank\">Tapis avec formes organiques blanc et noir<\/a> - Drawer<\/li><li><a rel=\"noreferrer noopener\" aria-label=\"Lampadaire tr\u00e9pied pieds en bois et abat-jour en lin (s\u2019ouvre dans un nouvel onglet)\" href=\"https:\/\/rxo.rendezvousdeco.com\/?P5121C156CE391D1&amp;redir=https%3A%2F%2Fwww.rendezvousdeco.com%2Flampadaires-design%2Flampadaire-trepied-bicolore-blanc.html\" target=\"_blank\">Lampadaire tr\u00e9pied pieds en bois et abat-jour en lin<\/a> - Rendez Vous D\u00e9co <\/li><li><a rel=\"noreferrer noopener\" aria-label=\"Panier en jonc de mer tress\u00e9 (s\u2019ouvre dans un nouvel onglet)\" href=\"https:\/\/fnty.co\/c\/r-YVZtLMAY\" target=\"_blank\">Panier en jonc de mer tress\u00e9<\/a> - Maisons du Monde<\/li><li><a rel=\"noreferrer noopener\" aria-label=\"Lampe \u00e0 poser en c\u00e9ramique (s\u2019ouvre dans un nouvel onglet)\" href=\"https:\/\/c3po.link\/QhRJy6EgNj\" target=\"_blank\">Lampe \u00e0 poser en c\u00e9ramique<\/a> - Drawer<\/li><li><a rel=\"noreferrer noopener\" aria-label=\"Petit tabouret tricot en coton vert olive (s\u2019ouvre dans un nouvel onglet)\" href=\"https:\/\/rxo.rendezvousdeco.com\/?P5121C156CE391D1&amp;redir=https%3A%2F%2Fwww.rendezvousdeco.com%2Ftabourets-design%2Ftabouret-tricot-lisa-vert-olive.html\" target=\"_blank\">Petit tabouret tricot en coton vert olive<\/a> - Rendez Vous D\u00e9co <\/li><li><a rel=\"noreferrer noopener\" aria-label=\"D\u00e9co murale cercles tress\u00e9e tricolores (s\u2019ouvre dans un nouvel onglet)\" href=\"https:\/\/fnty.co\/c\/r-KXBupNTc\" target=\"_blank\">D\u00e9co murale cercles tress\u00e9e tricolores<\/a> - Maisons du Monde<\/li><li><a rel=\"noreferrer noopener\" aria-label=\"Tableau contemporain beige (s\u2019ouvre dans un nouvel onglet)\" href=\"https:\/\/c3po.link\/QhQ9cd9uhe\" target=\"_blank\">Tableau contemporain beige<\/a> - Drawer <\/li><li><a rel=\"noreferrer noopener\" aria-label=\"Suspension en bambou naturel  (s\u2019ouvre dans un nouvel onglet)\" href=\"https:\/\/rxo.rendezvousdeco.com\/?P5121C156CE391D1&amp;redir=https%3A%2F%2Fwww.rendezvousdeco.com%2Fsuspensions-design%2Fsuspension-mahina-en-bambou-naturel-36-cm.html\" target=\"_blank\">Suspension en bambou naturel <\/a>- Rendez Vous D\u00e9co<\/li><li><a rel=\"noreferrer noopener\" aria-label=\"Lampadaire en papier et abat-jours en polyester recycl\u00e9 (s\u2019ouvre dans un nouvel onglet)\" href=\"https:\/\/fnty.co\/c\/r-jZXbCxYV\" target=\"_blank\">Lampadaire en papier et abat-jours en polyester recycl\u00e9<\/a> - Maisons du Monde<\/li><li><a rel=\"noreferrer noopener\" aria-label=\"D\u00e9co murale imprim\u00e9e (s\u2019ouvre dans un nouvel onglet)\" href=\"https:\/\/c3po.link\/QxVncExjn9\" target=\"_blank\">D\u00e9co murale imprim\u00e9e<\/a> - Drawer <\/li><li><a rel=\"noreferrer noopener\" aria-label=\"Miroir \u00e0 poser en bois massif de mindi (s\u2019ouvre dans un nouvel onglet)\" href=\"https:\/\/rxo.rendezvousdeco.com\/?P5121C156CE391D1&amp;redir=https%3A%2F%2Fwww.rendezvousdeco.com%2Fmiroirs%2Fmiroir-penang.html\" target=\"_blank\">Miroir \u00e0 poser en bois massif de mindi<\/a> - Rendez Vous D\u00e9co <\/li><li><a href=\"https:\/\/fnty.co\/c\/r-VWtPsSjK\" target=\"_blank\" rel=\"noreferrer noopener\" aria-label=\"Bougie parfum\u00e9e en verre (s\u2019ouvre dans un nouvel onglet)\">Bougie parfum\u00e9e en verre<\/a> - Maisons du Monde<\/li><\/ol>\n\n\n\n<p style=\"text-align:center\"><strong>A lire aussi: <\/strong><a rel=\"noreferrer noopener\" aria-label=\"Une dose de douceur dans votre int\u00e9rieur avec la couleur \u00e9cru (s\u2019ouvre dans un nouvel onglet)\" href=\"https:\/\/www.cocondedecoration.com\/blog\/2023\/08\/decoration-interieure-couleur-ecru\/\" target=\"_blank\"><strong>Une dose de douceur dans votre int\u00e9rieur avec la couleur \u00e9cru<\/strong><\/a><\/p>\n<\/div>\n<\/div>\n\n\n\n<hr class=\"wp-block-separator\"\/>\n\n\n\n<div class=\"wp-block-columns has-2-columns is-layout-flex wp-container-core-columns-layout-5 wp-block-columns-is-layout-flex\">\n<div class=\"wp-block-column is-layout-flow wp-block-column-is-layout-flow\"><div class='white' style='background:rgba(0,0,0,0); border:solid 0px rgba(0,0,0,0); border-radius:0px; padding:0px 0px 0px 0px;'>\n<div id='slider_61410' class='owl-carousel sa_owl_theme owl-pagination-true autohide-arrows' data-slider-id='slider_61410' style='visibility:hidden;'>\n<div id='slider_61410_slide01' class='sa_hover_container' style='padding:5% 5%; margin:0px 0%; '><p><img loading=\"lazy\" decoding=\"async\" class=\"aligncenter size-full wp-image-61412\" src=\"https:\/\/www.cocondedecoration.com\/blog\/wp-content\/uploads\/2023\/06\/meuble-deco-minimaliste-moderne-1.jpeg\" alt=\"meuble deco minimaliste moderne Canap\u00e9 2\/3 places gris pied en m\u00e9tal forme originale cosy\" width=\"500\" height=\"500\" srcset=\"https:\/\/www.cocondedecoration.com\/blog\/wp-content\/uploads\/2023\/06\/meuble-deco-minimaliste-moderne-1.jpeg 500w, https:\/\/www.cocondedecoration.com\/blog\/wp-content\/uploads\/2023\/06\/meuble-deco-minimaliste-moderne-1-165x165.jpeg 165w, https:\/\/www.cocondedecoration.com\/blog\/wp-content\/uploads\/2023\/06\/meuble-deco-minimaliste-moderne-1-260x260.jpeg 260w, https:\/\/www.cocondedecoration.com\/blog\/wp-content\/uploads\/2023\/06\/meuble-deco-minimaliste-moderne-1-465x465.jpeg 465w\" sizes=\"(max-width: 500px) 100vw, 500px\" \/><\/p><\/div>\n<div id='slider_61410_slide02' class='sa_hover_container' style='padding:5% 5%; margin:0px 0%; '><p><img loading=\"lazy\" decoding=\"async\" class=\"aligncenter size-full wp-image-61418\" src=\"https:\/\/www.cocondedecoration.com\/blog\/wp-content\/uploads\/2023\/06\/decoration-minimaliste-design-1.jpeg\" alt=\"decoration minimaliste design Fauteuil lounge en fr\u00eane noir\" width=\"500\" height=\"500\" srcset=\"https:\/\/www.cocondedecoration.com\/blog\/wp-content\/uploads\/2023\/06\/decoration-minimaliste-design-1.jpeg 500w, https:\/\/www.cocondedecoration.com\/blog\/wp-content\/uploads\/2023\/06\/decoration-minimaliste-design-1-165x165.jpeg 165w, https:\/\/www.cocondedecoration.com\/blog\/wp-content\/uploads\/2023\/06\/decoration-minimaliste-design-1-260x260.jpeg 260w, https:\/\/www.cocondedecoration.com\/blog\/wp-content\/uploads\/2023\/06\/decoration-minimaliste-design-1-465x465.jpeg 465w\" sizes=\"(max-width: 500px) 100vw, 500px\" \/><\/p><\/div>\n<div id='slider_61410_slide03' class='sa_hover_container' style='padding:5% 5%; margin:0px 0%; '><p><img loading=\"lazy\" decoding=\"async\" class=\"aligncenter size-full wp-image-61423\" src=\"https:\/\/www.cocondedecoration.com\/blog\/wp-content\/uploads\/2023\/06\/decor-minimaliste-pas-cher-1.jpeg\" alt=\"decor minimaliste pas cher Cache-pot en argile \u00d855 cm\" width=\"500\" height=\"500\" srcset=\"https:\/\/www.cocondedecoration.com\/blog\/wp-content\/uploads\/2023\/06\/decor-minimaliste-pas-cher-1.jpeg 500w, https:\/\/www.cocondedecoration.com\/blog\/wp-content\/uploads\/2023\/06\/decor-minimaliste-pas-cher-1-165x165.jpeg 165w, https:\/\/www.cocondedecoration.com\/blog\/wp-content\/uploads\/2023\/06\/decor-minimaliste-pas-cher-1-260x260.jpeg 260w, https:\/\/www.cocondedecoration.com\/blog\/wp-content\/uploads\/2023\/06\/decor-minimaliste-pas-cher-1-465x465.jpeg 465w\" sizes=\"(max-width: 500px) 100vw, 500px\" \/><\/p><\/div>\n<div id='slider_61410_slide04' class='sa_hover_container' style='padding:5% 5%; margin:0px 0%; '><p><img loading=\"lazy\" decoding=\"async\" class=\"aligncenter size-full wp-image-61413\" src=\"https:\/\/www.cocondedecoration.com\/blog\/wp-content\/uploads\/2023\/06\/meuble-deco-minimaliste-moderne-2.jpeg\" alt=\"meuble deco minimaliste moderne Lampe de table noir verre \u00f820cm\" width=\"500\" height=\"500\" srcset=\"https:\/\/www.cocondedecoration.com\/blog\/wp-content\/uploads\/2023\/06\/meuble-deco-minimaliste-moderne-2.jpeg 500w, https:\/\/www.cocondedecoration.com\/blog\/wp-content\/uploads\/2023\/06\/meuble-deco-minimaliste-moderne-2-165x165.jpeg 165w, https:\/\/www.cocondedecoration.com\/blog\/wp-content\/uploads\/2023\/06\/meuble-deco-minimaliste-moderne-2-260x260.jpeg 260w, https:\/\/www.cocondedecoration.com\/blog\/wp-content\/uploads\/2023\/06\/meuble-deco-minimaliste-moderne-2-465x465.jpeg 465w\" sizes=\"(max-width: 500px) 100vw, 500px\" \/><\/p><\/div>\n<div id='slider_61410_slide05' class='sa_hover_container' style='padding:5% 5%; margin:0px 0%; '><p><img loading=\"lazy\" decoding=\"async\" class=\"aligncenter size-full wp-image-61419\" src=\"https:\/\/www.cocondedecoration.com\/blog\/wp-content\/uploads\/2023\/06\/decoration-minimaliste-design-2.jpeg\" alt=\"decoration minimaliste design Lampe \u00e0 poser en b\u00e9ton\" width=\"500\" height=\"500\" srcset=\"https:\/\/www.cocondedecoration.com\/blog\/wp-content\/uploads\/2023\/06\/decoration-minimaliste-design-2.jpeg 500w, https:\/\/www.cocondedecoration.com\/blog\/wp-content\/uploads\/2023\/06\/decoration-minimaliste-design-2-165x165.jpeg 165w, https:\/\/www.cocondedecoration.com\/blog\/wp-content\/uploads\/2023\/06\/decoration-minimaliste-design-2-260x260.jpeg 260w, https:\/\/www.cocondedecoration.com\/blog\/wp-content\/uploads\/2023\/06\/decoration-minimaliste-design-2-465x465.jpeg 465w\" sizes=\"(max-width: 500px) 100vw, 500px\" \/><\/p><\/div>\n<div id='slider_61410_slide06' class='sa_hover_container' style='padding:5% 5%; margin:0px 0%; '><p><img loading=\"lazy\" decoding=\"async\" class=\"aligncenter size-full wp-image-61424\" src=\"https:\/\/www.cocondedecoration.com\/blog\/wp-content\/uploads\/2023\/06\/decor-minimaliste-pas-cher-2.jpeg\" alt=\"decor minimaliste pas cher Lit avec sommier\" width=\"500\" height=\"500\" srcset=\"https:\/\/www.cocondedecoration.com\/blog\/wp-content\/uploads\/2023\/06\/decor-minimaliste-pas-cher-2.jpeg 500w, https:\/\/www.cocondedecoration.com\/blog\/wp-content\/uploads\/2023\/06\/decor-minimaliste-pas-cher-2-165x165.jpeg 165w, https:\/\/www.cocondedecoration.com\/blog\/wp-content\/uploads\/2023\/06\/decor-minimaliste-pas-cher-2-260x260.jpeg 260w, https:\/\/www.cocondedecoration.com\/blog\/wp-content\/uploads\/2023\/06\/decor-minimaliste-pas-cher-2-465x465.jpeg 465w\" sizes=\"(max-width: 500px) 100vw, 500px\" \/><\/p><\/div>\n<div id='slider_61410_slide07' class='sa_hover_container' style='padding:5% 5%; margin:0px 0%; '><p><img loading=\"lazy\" decoding=\"async\" class=\"aligncenter size-full wp-image-61414\" src=\"https:\/\/www.cocondedecoration.com\/blog\/wp-content\/uploads\/2023\/06\/meuble-deco-minimaliste-moderne-3.jpeg\" alt=\"meuble deco minimaliste moderne Coussin tress\u00e9 gris 45x45 textur\u00e9 \" width=\"500\" height=\"500\" srcset=\"https:\/\/www.cocondedecoration.com\/blog\/wp-content\/uploads\/2023\/06\/meuble-deco-minimaliste-moderne-3.jpeg 500w, https:\/\/www.cocondedecoration.com\/blog\/wp-content\/uploads\/2023\/06\/meuble-deco-minimaliste-moderne-3-165x165.jpeg 165w, https:\/\/www.cocondedecoration.com\/blog\/wp-content\/uploads\/2023\/06\/meuble-deco-minimaliste-moderne-3-260x260.jpeg 260w, https:\/\/www.cocondedecoration.com\/blog\/wp-content\/uploads\/2023\/06\/meuble-deco-minimaliste-moderne-3-465x465.jpeg 465w\" sizes=\"(max-width: 500px) 100vw, 500px\" \/><\/p><\/div>\n<div id='slider_61410_slide08' class='sa_hover_container' style='padding:5% 5%; margin:0px 0%; '><p><img loading=\"lazy\" decoding=\"async\" class=\"aligncenter size-full wp-image-61420\" src=\"https:\/\/www.cocondedecoration.com\/blog\/wp-content\/uploads\/2023\/06\/decoration-minimaliste-design-3.jpeg\" alt=\"decoration minimaliste design Sculpture noire\" width=\"500\" height=\"500\" srcset=\"https:\/\/www.cocondedecoration.com\/blog\/wp-content\/uploads\/2023\/06\/decoration-minimaliste-design-3.jpeg 500w, https:\/\/www.cocondedecoration.com\/blog\/wp-content\/uploads\/2023\/06\/decoration-minimaliste-design-3-165x165.jpeg 165w, https:\/\/www.cocondedecoration.com\/blog\/wp-content\/uploads\/2023\/06\/decoration-minimaliste-design-3-260x260.jpeg 260w, https:\/\/www.cocondedecoration.com\/blog\/wp-content\/uploads\/2023\/06\/decoration-minimaliste-design-3-465x465.jpeg 465w\" sizes=\"(max-width: 500px) 100vw, 500px\" \/><\/p><\/div>\n<div id='slider_61410_slide09' class='sa_hover_container' style='padding:5% 5%; margin:0px 0%; '><p><img loading=\"lazy\" decoding=\"async\" class=\"aligncenter size-full wp-image-61425\" src=\"https:\/\/www.cocondedecoration.com\/blog\/wp-content\/uploads\/2023\/06\/decor-minimaliste-pas-cher-3.jpeg\" alt=\"decor minimaliste pas cher Housse de couette unie coton biologique\" width=\"500\" height=\"500\" srcset=\"https:\/\/www.cocondedecoration.com\/blog\/wp-content\/uploads\/2023\/06\/decor-minimaliste-pas-cher-3.jpeg 500w, https:\/\/www.cocondedecoration.com\/blog\/wp-content\/uploads\/2023\/06\/decor-minimaliste-pas-cher-3-165x165.jpeg 165w, https:\/\/www.cocondedecoration.com\/blog\/wp-content\/uploads\/2023\/06\/decor-minimaliste-pas-cher-3-260x260.jpeg 260w, https:\/\/www.cocondedecoration.com\/blog\/wp-content\/uploads\/2023\/06\/decor-minimaliste-pas-cher-3-465x465.jpeg 465w\" sizes=\"(max-width: 500px) 100vw, 500px\" \/><\/p><\/div>\n<div id='slider_61410_slide10' class='sa_hover_container' style='padding:5% 5%; margin:0px 0%; '><p><img loading=\"lazy\" decoding=\"async\" class=\"aligncenter size-full wp-image-61415\" src=\"https:\/\/www.cocondedecoration.com\/blog\/wp-content\/uploads\/2023\/06\/meuble-deco-minimaliste-moderne-4.jpeg\" alt=\"meuble deco minimaliste moderne Vase en gr\u00e8s blanc H14 forme organique\" width=\"500\" height=\"500\" srcset=\"https:\/\/www.cocondedecoration.com\/blog\/wp-content\/uploads\/2023\/06\/meuble-deco-minimaliste-moderne-4.jpeg 500w, https:\/\/www.cocondedecoration.com\/blog\/wp-content\/uploads\/2023\/06\/meuble-deco-minimaliste-moderne-4-165x165.jpeg 165w, https:\/\/www.cocondedecoration.com\/blog\/wp-content\/uploads\/2023\/06\/meuble-deco-minimaliste-moderne-4-260x260.jpeg 260w, https:\/\/www.cocondedecoration.com\/blog\/wp-content\/uploads\/2023\/06\/meuble-deco-minimaliste-moderne-4-465x465.jpeg 465w\" sizes=\"(max-width: 500px) 100vw, 500px\" \/><\/p><\/div>\n<div id='slider_61410_slide11' class='sa_hover_container' style='padding:5% 5%; margin:0px 0%; '><p><img loading=\"lazy\" decoding=\"async\" class=\"aligncenter size-full wp-image-61421\" src=\"https:\/\/www.cocondedecoration.com\/blog\/wp-content\/uploads\/2023\/06\/decoration-minimaliste-design-4.jpeg\" alt=\"decoration minimaliste design Miroir mural ovale en bois\" width=\"500\" height=\"500\" srcset=\"https:\/\/www.cocondedecoration.com\/blog\/wp-content\/uploads\/2023\/06\/decoration-minimaliste-design-4.jpeg 500w, https:\/\/www.cocondedecoration.com\/blog\/wp-content\/uploads\/2023\/06\/decoration-minimaliste-design-4-165x165.jpeg 165w, https:\/\/www.cocondedecoration.com\/blog\/wp-content\/uploads\/2023\/06\/decoration-minimaliste-design-4-260x260.jpeg 260w, https:\/\/www.cocondedecoration.com\/blog\/wp-content\/uploads\/2023\/06\/decoration-minimaliste-design-4-465x465.jpeg 465w\" sizes=\"(max-width: 500px) 100vw, 500px\" \/><\/p><\/div>\n<div id='slider_61410_slide12' class='sa_hover_container' style='padding:5% 5%; margin:0px 0%; '><p><img loading=\"lazy\" decoding=\"async\" class=\"aligncenter size-full wp-image-61426\" src=\"https:\/\/www.cocondedecoration.com\/blog\/wp-content\/uploads\/2023\/06\/decor-minimaliste-pas-cher-4.jpeg\" alt=\"decor minimaliste pas cher Applique articul\u00e9e noire\" width=\"500\" height=\"500\" srcset=\"https:\/\/www.cocondedecoration.com\/blog\/wp-content\/uploads\/2023\/06\/decor-minimaliste-pas-cher-4.jpeg 500w, https:\/\/www.cocondedecoration.com\/blog\/wp-content\/uploads\/2023\/06\/decor-minimaliste-pas-cher-4-165x165.jpeg 165w, https:\/\/www.cocondedecoration.com\/blog\/wp-content\/uploads\/2023\/06\/decor-minimaliste-pas-cher-4-260x260.jpeg 260w, https:\/\/www.cocondedecoration.com\/blog\/wp-content\/uploads\/2023\/06\/decor-minimaliste-pas-cher-4-465x465.jpeg 465w\" sizes=\"(max-width: 500px) 100vw, 500px\" \/><\/p><\/div>\n<div id='slider_61410_slide13' class='sa_hover_container' style='padding:5% 5%; margin:0px 0%; '><p><img loading=\"lazy\" decoding=\"async\" class=\"aligncenter size-full wp-image-61416\" src=\"https:\/\/www.cocondedecoration.com\/blog\/wp-content\/uploads\/2023\/06\/meuble-deco-minimaliste-moderne-5.jpeg\" alt=\"meuble deco minimaliste moderne Meuble TV 1 niche 1 tiroir blanc cr\u00e8me arche\" width=\"500\" height=\"500\" srcset=\"https:\/\/www.cocondedecoration.com\/blog\/wp-content\/uploads\/2023\/06\/meuble-deco-minimaliste-moderne-5.jpeg 500w, https:\/\/www.cocondedecoration.com\/blog\/wp-content\/uploads\/2023\/06\/meuble-deco-minimaliste-moderne-5-165x165.jpeg 165w, https:\/\/www.cocondedecoration.com\/blog\/wp-content\/uploads\/2023\/06\/meuble-deco-minimaliste-moderne-5-260x260.jpeg 260w, https:\/\/www.cocondedecoration.com\/blog\/wp-content\/uploads\/2023\/06\/meuble-deco-minimaliste-moderne-5-465x465.jpeg 465w\" sizes=\"(max-width: 500px) 100vw, 500px\" \/><\/p><\/div>\n<div id='slider_61410_slide14' class='sa_hover_container' style='padding:5% 5%; margin:0px 0%; '><p><img loading=\"lazy\" decoding=\"async\" class=\"aligncenter size-full wp-image-61422\" src=\"https:\/\/www.cocondedecoration.com\/blog\/wp-content\/uploads\/2023\/06\/decoration-minimaliste-design-5.jpeg\" alt=\"decoration minimaliste design Horloge verte\" width=\"500\" height=\"500\" srcset=\"https:\/\/www.cocondedecoration.com\/blog\/wp-content\/uploads\/2023\/06\/decoration-minimaliste-design-5.jpeg 500w, https:\/\/www.cocondedecoration.com\/blog\/wp-content\/uploads\/2023\/06\/decoration-minimaliste-design-5-165x165.jpeg 165w, https:\/\/www.cocondedecoration.com\/blog\/wp-content\/uploads\/2023\/06\/decoration-minimaliste-design-5-260x260.jpeg 260w, https:\/\/www.cocondedecoration.com\/blog\/wp-content\/uploads\/2023\/06\/decoration-minimaliste-design-5-465x465.jpeg 465w\" sizes=\"(max-width: 500px) 100vw, 500px\" \/><\/p><\/div>\n<div id='slider_61410_slide15' class='sa_hover_container' style='padding:5% 5%; margin:0px 0%; '><p><img loading=\"lazy\" decoding=\"async\" class=\"aligncenter size-full wp-image-61427\" src=\"https:\/\/www.cocondedecoration.com\/blog\/wp-content\/uploads\/2023\/06\/decor-minimaliste-pas-cher-5.jpeg\" alt=\"decor minimaliste pas cher Fauteuil tissu natt\u00e9 chin\u00e9 gris\" width=\"500\" height=\"500\" srcset=\"https:\/\/www.cocondedecoration.com\/blog\/wp-content\/uploads\/2023\/06\/decor-minimaliste-pas-cher-5.jpeg 500w, https:\/\/www.cocondedecoration.com\/blog\/wp-content\/uploads\/2023\/06\/decor-minimaliste-pas-cher-5-165x165.jpeg 165w, https:\/\/www.cocondedecoration.com\/blog\/wp-content\/uploads\/2023\/06\/decor-minimaliste-pas-cher-5-260x260.jpeg 260w, https:\/\/www.cocondedecoration.com\/blog\/wp-content\/uploads\/2023\/06\/decor-minimaliste-pas-cher-5-465x465.jpeg 465w\" sizes=\"(max-width: 500px) 100vw, 500px\" \/><\/p><\/div>\n<\/div>\n<\/div>\n<script type='text\/javascript'>\n\tjQuery(document).ready(function() {\n\t\tjQuery('#slider_61410').owlCarousel({\n\t\t\titems : 1,\n\t\t\tsmartSpeed : 200,\n\t\t\tautoplay : true,\n\t\t\tautoplayTimeout : 5000,\n\t\t\tautoplayHoverPause : true,\n\t\t\tsmartSpeed : 200,\n\t\t\tfluidSpeed : 200,\n\t\t\tautoplaySpeed : 200,\n\t\t\tnavSpeed : 200,\n\t\t\tdotsSpeed : 200,\n\t\t\tloop : true,\n\t\t\tnav : true,\n\t\t\tnavText : ['Previous','Next'],\n\t\t\tdots : true,\n\t\t\tresponsiveRefreshRate : 200,\n\t\t\tslideBy : 1,\n\t\t\tmergeFit : true,\n\t\t\tautoHeight : false,\n\t\t\tmouseDrag : false,\n\t\t\ttouchDrag : true\n\t\t});\n\t\tjQuery('#slider_61410').css('visibility', 'visible');\n\t\tsa_resize_slider_61410();\n\t\twindow.addEventListener('resize', sa_resize_slider_61410);\n\t\tfunction sa_resize_slider_61410() {\n\t\t\tvar min_height = '50';\n\t\t\tvar win_width = jQuery(window).width();\n\t\t\tvar slider_width = jQuery('#slider_61410').width();\n\t\t\tif (win_width < 480) {\n\t\t\t\tvar slide_width = slider_width \/ 1;\n\t\t\t} else if (win_width < 768) {\n\t\t\t\tvar slide_width = slider_width \/ 1;\n\t\t\t} else if (win_width < 980) {\n\t\t\t\tvar slide_width = slider_width \/ 1;\n\t\t\t} else if (win_width < 1200) {\n\t\t\t\tvar slide_width = slider_width \/ 1;\n\t\t\t} else if (win_width < 1500) {\n\t\t\t\tvar slide_width = slider_width \/ 1;\n\t\t\t} else {\n\t\t\t\tvar slide_width = slider_width \/ 1;\n\t\t\t}\n\t\t\tslide_width = Math.round(slide_width);\n\t\t\tvar slide_height = '0';\n\t\t\tif (min_height == 'aspect43') {\n\t\t\t\tslide_height = (slide_width \/ 4) * 3;\t\t\t\tslide_height = Math.round(slide_height);\n\t\t\t} else if (min_height == 'aspect169') {\n\t\t\t\tslide_height = (slide_width \/ 16) * 9;\t\t\t\tslide_height = Math.round(slide_height);\n\t\t\t} else {\n\t\t\t\tslide_height = (slide_width \/ 100) * min_height;\t\t\t\tslide_height = Math.round(slide_height);\n\t\t\t}\n\t\t\tjQuery('#slider_61410 .owl-item .sa_hover_container').css('min-height', slide_height+'px');\n\t\t}\n\t\tvar owl_goto = jQuery('#slider_61410');\n\t\tjQuery('.slider_61410_goto1').click(function(event){\n\t\t\towl_goto.trigger('to.owl.carousel', 0);\n\t\t});\n\t\tjQuery('.slider_61410_goto2').click(function(event){\n\t\t\towl_goto.trigger('to.owl.carousel', 1);\n\t\t});\n\t\tjQuery('.slider_61410_goto3').click(function(event){\n\t\t\towl_goto.trigger('to.owl.carousel', 2);\n\t\t});\n\t\tjQuery('.slider_61410_goto4').click(function(event){\n\t\t\towl_goto.trigger('to.owl.carousel', 3);\n\t\t});\n\t\tjQuery('.slider_61410_goto5').click(function(event){\n\t\t\towl_goto.trigger('to.owl.carousel', 4);\n\t\t});\n\t\tjQuery('.slider_61410_goto6').click(function(event){\n\t\t\towl_goto.trigger('to.owl.carousel', 5);\n\t\t});\n\t\tjQuery('.slider_61410_goto7').click(function(event){\n\t\t\towl_goto.trigger('to.owl.carousel', 6);\n\t\t});\n\t\tjQuery('.slider_61410_goto8').click(function(event){\n\t\t\towl_goto.trigger('to.owl.carousel', 7);\n\t\t});\n\t\tjQuery('.slider_61410_goto9').click(function(event){\n\t\t\towl_goto.trigger('to.owl.carousel', 8);\n\t\t});\n\t\tjQuery('.slider_61410_goto10').click(function(event){\n\t\t\towl_goto.trigger('to.owl.carousel', 9);\n\t\t});\n\t\tjQuery('.slider_61410_goto11').click(function(event){\n\t\t\towl_goto.trigger('to.owl.carousel', 10);\n\t\t});\n\t\tjQuery('.slider_61410_goto12').click(function(event){\n\t\t\towl_goto.trigger('to.owl.carousel', 11);\n\t\t});\n\t\tjQuery('.slider_61410_goto13').click(function(event){\n\t\t\towl_goto.trigger('to.owl.carousel', 12);\n\t\t});\n\t\tjQuery('.slider_61410_goto14').click(function(event){\n\t\t\towl_goto.trigger('to.owl.carousel', 13);\n\t\t});\n\t\tjQuery('.slider_61410_goto15').click(function(event){\n\t\t\towl_goto.trigger('to.owl.carousel', 14);\n\t\t});\n\t\tvar resize_61410 = jQuery('.owl-carousel');\n\t\tresize_61410.on('initialized.owl.carousel', function(e) {\n\t\t\tif (typeof(Event) === 'function') {\n\t\t\t\twindow.dispatchEvent(new Event('resize'));\n\t\t\t} else {\n\t\t\t\tvar evt = window.document.createEvent('UIEvents');\n\t\t\t\tevt.initUIEvent('resize', true, false, window, 0);\n\t\t\t\twindow.dispatchEvent(evt);\n\t\t\t}\n\t\t});\n\t});\n<\/script>\n\n<\/div>\n\n\n\n<div class=\"wp-block-column is-layout-flow wp-block-column-is-layout-flow\">\n<p class=\"has-medium-font-size\">Envie d'une touche plus minimale dans votre d\u00e9co? <\/p>\n\n\n\n<ol><li><a rel=\"noreferrer noopener\" aria-label=\"Canap\u00e9 2\/3 places gris (s\u2019ouvre dans un nouvel onglet)\" href=\"https:\/\/fnty.co\/c\/r-fDgKRmOl\" target=\"_blank\">Canap\u00e9 2\/3 places gris<\/a> - Maisons du Monde <\/li><li><a rel=\"noreferrer noopener\" aria-label=\"Fauteuil lounge en fr\u00eane noir (s\u2019ouvre dans un nouvel onglet)\" href=\"https:\/\/fnty.co\/c\/r-lsIxdzxj\" target=\"_blank\">Fauteuil lounge en fr\u00eane noir<\/a> - The Cool Republic <\/li><li><a rel=\"noreferrer noopener\" aria-label=\"Cache-pot en argile \u00d855 cm (s\u2019ouvre dans un nouvel onglet)\" href=\"https:\/\/c3po.link\/QCeTw9Bk5U\" target=\"_blank\">Cache-pot en argile \u00d855 cm<\/a> - La Redoute<\/li><li><a rel=\"noreferrer noopener\" aria-label=\"Lampe de table noir verre \u00f820cm  (s\u2019ouvre dans un nouvel onglet)\" href=\"https:\/\/fnty.co\/c\/r-izicBxer\" target=\"_blank\">Lampe de table noir verre \u00f820cm <\/a>- Maisons du Monde <\/li><li><a rel=\"noreferrer noopener\" aria-label=\"Lampe \u00e0 poser en b\u00e9ton (s\u2019ouvre dans un nouvel onglet)\" href=\"https:\/\/fnty.co\/c\/r-cPzUJVej\" target=\"_blank\">Lampe \u00e0 poser en b\u00e9ton<\/a> - The Cool Republic <\/li><li><a rel=\"noreferrer noopener\" aria-label=\"Lit avec sommier  (s\u2019ouvre dans un nouvel onglet)\" href=\"https:\/\/c3po.link\/QwM6kV8uPt\" target=\"_blank\">Lit avec sommier <\/a>- La Redoute<\/li><li><a rel=\"noreferrer noopener\" aria-label=\"Coussin tress\u00e9 gris (s\u2019ouvre dans un nouvel onglet)\" href=\"https:\/\/fnty.co\/c\/r-zxdtAjFg\" target=\"_blank\">Coussin tress\u00e9 gris<\/a> - Maisons du Monde <\/li><li><a rel=\"noreferrer noopener\" aria-label=\"Sculpture noire (s\u2019ouvre dans un nouvel onglet)\" href=\"https:\/\/fnty.co\/c\/r-azjmfzXP\" target=\"_blank\">Sculpture noire<\/a> - The Cool Republic <\/li><li><a href=\"https:\/\/c3po.link\/QVXrEMhTNv\">Housse de couette unie coton biologique<\/a> - La Redoute <\/li><li><a rel=\"noreferrer noopener\" aria-label=\"Vase en gr\u00e8s blanc (s\u2019ouvre dans un nouvel onglet)\" href=\"https:\/\/fnty.co\/c\/r-KeVetAnS\" target=\"_blank\">Vase en gr\u00e8s blanc<\/a> - Maisons du Monde <\/li><li><a rel=\"noreferrer noopener\" aria-label=\"Miroir mural ovale en bois (s\u2019ouvre dans un nouvel onglet)\" href=\"https:\/\/fnty.co\/c\/r-sMtBVlkD\" target=\"_blank\">Miroir mural ovale en bois<\/a> - The Cool Republic <\/li><li><a href=\"https:\/\/c3po.link\/QJKNeFtBpj\">Applique articul\u00e9e <\/a>- La Redoute <\/li><li><a rel=\"noreferrer noopener\" aria-label=\"Meuble TV 1 niche 1 tiroir blanc cr\u00e8me (s\u2019ouvre dans un nouvel onglet)\" href=\"https:\/\/fnty.co\/c\/r-DdRrXvOq\" target=\"_blank\">Meuble TV 1 niche 1 tiroir blanc cr\u00e8me<\/a> - Maisons du Monde <\/li><li><a rel=\"noreferrer noopener\" aria-label=\"Horloge verte (s\u2019ouvre dans un nouvel onglet)\" href=\"https:\/\/fnty.co\/c\/r-TKJQmJTh\" target=\"_blank\">Horloge verte<\/a> - The Cool Republic <\/li><li><a href=\"https:\/\/c3po.link\/QuxS7VDQqV\" target=\"_blank\" rel=\"noreferrer noopener\" aria-label=\"Fauteuil tissu natt\u00e9 chin\u00e9 (s\u2019ouvre dans un nouvel onglet)\">Fauteuil tissu natt\u00e9 chin\u00e9<\/a> - La Redoute <\/li><\/ol>\n\n\n\n<p style=\"text-align:center\"><strong>A lire aussi: <\/strong><a rel=\"noreferrer noopener\" aria-label=\"Id\u00e9e d\u00e9co | des luminaires minimalistes  (s\u2019ouvre dans un nouvel onglet)\" href=\"https:\/\/www.cocondedecoration.com\/blog\/2022\/03\/luminaire-minimaliste\/\" target=\"_blank\"><strong>Id\u00e9e d\u00e9co | des luminaires minimalistes <\/strong><\/a><\/p>\n<\/div>\n<\/div>\n\n\n\n<hr class=\"wp-block-separator\"\/>\n\n\n\n<div class=\"wp-block-columns has-2-columns is-layout-flex wp-container-core-columns-layout-6 wp-block-columns-is-layout-flex\">\n<div class=\"wp-block-column is-layout-flow wp-block-column-is-layout-flow\">\n<div style=\"height:50px\" aria-hidden=\"true\" class=\"wp-block-spacer\"><\/div>\n\n\n\n<p style=\"text-align:center\" class=\"has-medium-font-size\">A lire \u00e9galement<\/p>\n\n\n<ul class=\"wp-block-latest-posts__list wp-block-latest-posts\"><li><a class=\"wp-block-latest-posts__post-title\" href=\"https:\/\/www.cocondedecoration.com\/blog\/2025\/05\/style-scandinave-minimaliste\/\">Mixer minimalisme et style scandinave sans cr\u00e9er un d\u00e9cor impersonnel et froid<\/a><\/li>\n<li><a class=\"wp-block-latest-posts__post-title\" href=\"https:\/\/www.cocondedecoration.com\/blog\/2025\/03\/interieur-minimaliste-naturel\/\">\u00c9quilibre et simplicit\u00e9: m\u00e9lange du style minimaliste et nature<\/a><\/li>\n<li><a class=\"wp-block-latest-posts__post-title\" href=\"https:\/\/www.cocondedecoration.com\/blog\/2023\/12\/maison-demi-niveau-moderne\/\">Maison c\u00f4ti\u00e8re ultra-moderne et \u00e9pur\u00e9e | visite d\u00e9co<\/a><\/li>\n<li><a class=\"wp-block-latest-posts__post-title\" href=\"https:\/\/www.cocondedecoration.com\/blog\/2023\/12\/maison-moderne-hauts-plafonds\/\">Visite d\u00e9co | \u00ab\u00a0Petite\u00a0\u00bb maison avec de hauts plafonds au d\u00e9cor moderne et \u00e9l\u00e9gant<\/a><\/li>\n<li><a class=\"wp-block-latest-posts__post-title\" href=\"https:\/\/www.cocondedecoration.com\/blog\/2023\/12\/tendances-decoration-interieure-2024\/\">Trendy |\u00a0Quelles sont les grandes tendances d\u00e9co pour 2024?<\/a><\/li>\n<li><a class=\"wp-block-latest-posts__post-title\" href=\"https:\/\/www.cocondedecoration.com\/blog\/2023\/09\/architecture-minimaliste-caracteristiques\/\">Histoire &#038; design | Quid de l&rsquo;architecture minimaliste?<\/a><\/li>\n<li><a class=\"wp-block-latest-posts__post-title\" href=\"https:\/\/www.cocondedecoration.com\/blog\/2023\/02\/caracteristique-interieur-minimaliste\/\">Id\u00e9es d\u00e9co | 8 mani\u00e8res d&rsquo;adopter le style minimaliste chez soi<\/a><\/li>\n<\/ul><\/div>\n\n\n\n<div class=\"wp-block-column is-layout-flow wp-block-column-is-layout-flow\">\n<p class=\"has-text-align-center has-medium-font-size\">Ne perdons pas contact \ud83d\ude42 Rejoignez moi sur <a href=\"https:\/\/www.pinterest.fr\/cocondedeco\/\" target=\"_blank\" rel=\"noopener\" title=\"\">Pinterest<\/a> |\u00a0<a href=\"https:\/\/www.threads.net\/@cocondedeco\" target=\"_blank\" rel=\"noopener\" title=\"\">Threads<\/a> | <a href=\"https:\/\/www.patreon.com\/collection\/162946?view=expanded\" target=\"_blank\" rel=\"noopener\" title=\"\">la Newsletter<\/a> <br>Vous aimez lire le blog? Vous souhaitez continuer \u00e0 le lire? <a href=\"https:\/\/www.patreon.com\/cocondedeco\" target=\"_blank\" rel=\"noopener\" title=\"\">Devenez m\u00e9c\u00e8ne<\/a> sur Patreon et contribuez \u00e0 sa survie. <\/p>\n<\/div>\n<\/div>\n\n\n\n<p style=\"text-align:right\" class=\"has-small-font-size\">Note: Cet article a \u00e9t\u00e9 mis \u00e0 jour en mai 2021. Il contient des liens affili\u00e9s.<br>Article mis \u00e0 jour en septembre 2023.<\/p>\n","protected":false},"excerpt":{"rendered":"<p>L&rsquo;une des principales id\u00e9es re\u00e7ues sur la d\u00e9coration minimaliste, c&rsquo;est qu&rsquo;elle cr\u00e9e un int\u00e9rieur froid et aust\u00e8re. C&rsquo;\u00e9tait probablement vrai il y a quelques ann\u00e9es, un ou deux d\u00e9cennies. M\u00eame moi \u00e0 cette \u00e9poque, je les trouvais tristes, sans vie. Heureusement, les choses \u00e9voluent, la d\u00e9co \u00e9volue. Et maintenant, on<span class=\"more-link\"><a href=\"https:\/\/www.cocondedecoration.com\/blog\/2019\/09\/minimalisme-comment-eviter-une-ambiance-trop-froide\/\">Lire la suite<\/a><\/span><\/p>\n","protected":false},"author":1,"featured_media":21882,"comment_status":"open","ping_status":"open","sticky":false,"template":"","format":"standard","meta":{"om_disable_all_campaigns":false,"_monsterinsights_skip_tracking":false,"_monsterinsights_sitenote_active":false,"_monsterinsights_sitenote_note":"","_monsterinsights_sitenote_category":0,"_uf_show_specific_survey":0,"_uf_disable_surveys":false,"footnotes":""},"categories":[140,3347,2231],"tags":[4911,10974,20158,20157,20154,20155,20164,20163,10720,4912,4920,4538,4921,4922,20139,20136,2302,4914,4913,20159,4915,3679,4107,20137,16277,20150,20152,20148,20160,20145,20151,20142,20147,20146,20149,14307,20156,20161,20162,20144,20143,4916,4917,20138,20141,20140,4918,4919,2182,3893,3394,20153,18322,18323],"aioseo_notices":[],"_links":{"self":[{"href":"https:\/\/www.cocondedecoration.com\/blog\/wp-json\/wp\/v2\/posts\/21872"}],"collection":[{"href":"https:\/\/www.cocondedecoration.com\/blog\/wp-json\/wp\/v2\/posts"}],"about":[{"href":"https:\/\/www.cocondedecoration.com\/blog\/wp-json\/wp\/v2\/types\/post"}],"author":[{"embeddable":true,"href":"https:\/\/www.cocondedecoration.com\/blog\/wp-json\/wp\/v2\/users\/1"}],"replies":[{"embeddable":true,"href":"https:\/\/www.cocondedecoration.com\/blog\/wp-json\/wp\/v2\/comments?post=21872"}],"version-history":[{"count":0,"href":"https:\/\/www.cocondedecoration.com\/blog\/wp-json\/wp\/v2\/posts\/21872\/revisions"}],"wp:featuredmedia":[{"embeddable":true,"href":"https:\/\/www.cocondedecoration.com\/blog\/wp-json\/wp\/v2\/media\/21882"}],"wp:attachment":[{"href":"https:\/\/www.cocondedecoration.com\/blog\/wp-json\/wp\/v2\/media?parent=21872"}],"wp:term":[{"taxonomy":"category","embeddable":true,"href":"https:\/\/www.cocondedecoration.com\/blog\/wp-json\/wp\/v2\/categories?post=21872"},{"taxonomy":"post_tag","embeddable":true,"href":"https:\/\/www.cocondedecoration.com\/blog\/wp-json\/wp\/v2\/tags?post=21872"}],"curies":[{"name":"wp","href":"https:\/\/api.w.org\/{rel}","templated":true}]}}