{"id":20644,"date":"2019-04-23T01:00:44","date_gmt":"2019-04-22T23:00:44","guid":{"rendered":"http:\/\/www.cocondedecoration.com\/blog\/?p=20644"},"modified":"2019-04-02T21:29:07","modified_gmt":"2019-04-02T19:29:07","slug":"interview-deco-aurelie-de-la-mouette-flamande","status":"publish","type":"post","link":"https:\/\/www.cocondedecoration.com\/blog\/2019\/04\/interview-deco-aurelie-de-la-mouette-flamande\/","title":{"rendered":"[Interview d\u00e9co] Aur\u00e9lie de La Mouette Flamande"},"content":{"rendered":"<p style=\"text-align: justify;\">Cette interview n'est pas comme les autres... Aur\u00e9lie et moi, nous avons eu la chance de nous rencontrer en vrai pendant mon bref passage en France cet hiver. J'ai d\u00e9couvert son travail gr\u00e2ce \u00e0 Instagram et comme elle est de la r\u00e9gion dunkerquoise, on a pu se rencontrer en vrai. (Et comme je ne suis pas des plus sociables, \u00e7a m\u00e9rite d'\u00eatre mis en valeur). Aur\u00e9lie est une maman dynamique, souriante et g\u00e9n\u00e9reuse. Le feeling est tout de suite tr\u00e8s bien pass\u00e9, tout comme le caf\u00e9 qu'elle m'a offert. Ses cr\u00e9ations sont des cr\u00e9ations graphiques, qui parleront \u00e0 toutes les personnes qui sont du Nord ou qui aiment cette r\u00e9gion. Je vous laisse d\u00e9couvrir <a href=\"https:\/\/lamouetteflamande.fr\/\" target=\"_blank\" rel=\"noopener\">La Mouette Flamande<\/a> et ses cr\u00e9ations en quelques questions et photos.<\/p>\n<p style=\"text-align: justify;\"><!--more--><\/p>\n<h3 style=\"text-align: justify;\">Peux-tu te pr\u00e9senter en quelques mots...<\/h3>\n<p style=\"text-align: justify;\">Aur\u00e9lie, mari\u00e9e, maman de 2 poulettes, speed, cr\u00e9ative.<\/p>\n<p style=\"text-align: justify;\"><a href=\"http:\/\/www.cocondedecoration.com\/blog\/wp-content\/uploads\/2019\/04\/la-mouette-flamande-creatrice.jpg\" target=\"_blank\" rel=\"noopener\"><img loading=\"lazy\" decoding=\"async\" class=\"aligncenter wp-image-20650 size-full\" title=\"la mouette flamande creatrice\" src=\"http:\/\/www.cocondedecoration.com\/blog\/wp-content\/uploads\/2019\/04\/la-mouette-flamande-creatrice.jpg\" alt=\"la mouette flamande creatrice\" width=\"1745\" height=\"1591\" srcset=\"https:\/\/www.cocondedecoration.com\/blog\/wp-content\/uploads\/2019\/04\/la-mouette-flamande-creatrice.jpg 1745w, https:\/\/www.cocondedecoration.com\/blog\/wp-content\/uploads\/2019\/04\/la-mouette-flamande-creatrice-260x237.jpg 260w, https:\/\/www.cocondedecoration.com\/blog\/wp-content\/uploads\/2019\/04\/la-mouette-flamande-creatrice-768x700.jpg 768w, https:\/\/www.cocondedecoration.com\/blog\/wp-content\/uploads\/2019\/04\/la-mouette-flamande-creatrice-640x584.jpg 640w, https:\/\/www.cocondedecoration.com\/blog\/wp-content\/uploads\/2019\/04\/la-mouette-flamande-creatrice-1080x985.jpg 1080w\" sizes=\"(max-width: 1745px) 100vw, 1745px\" \/><\/a><\/p>\n<h3 style=\"text-align: justify;\">Tu as cr\u00e9\u00e9es La Mouette Flamande il y a peu de temps. peux-tu nous expliquer ce que tu proposes sur ta boutique?<\/h3>\n<p style=\"text-align: justify;\">Des articles color\u00e9s et joyeux du littoral dunkerquois et du Nord : cartes, affiches, carnets, puzzles, pin\u2019s, badges, porte-cl\u00e9s (\u00e0 personnaliser), et bient\u00f4t des nouveaut\u00e9s !<\/p>\n<p style=\"text-align: justify;\"><a href=\"http:\/\/www.cocondedecoration.com\/blog\/wp-content\/uploads\/2019\/04\/creatrice-dunkerque-mouette-flamande-affiche-deco.png\" target=\"_blank\" rel=\"noopener\"><img loading=\"lazy\" decoding=\"async\" class=\"aligncenter wp-image-20652 size-full\" title=\"creatrice dunkerque mouette flamande affiche deco\" src=\"http:\/\/www.cocondedecoration.com\/blog\/wp-content\/uploads\/2019\/04\/creatrice-dunkerque-mouette-flamande-affiche-deco.png\" alt=\"creatrice dunkerque mouette flamande affiche deco\" width=\"650\" height=\"488\" srcset=\"https:\/\/www.cocondedecoration.com\/blog\/wp-content\/uploads\/2019\/04\/creatrice-dunkerque-mouette-flamande-affiche-deco.png 650w, https:\/\/www.cocondedecoration.com\/blog\/wp-content\/uploads\/2019\/04\/creatrice-dunkerque-mouette-flamande-affiche-deco-260x195.png 260w, https:\/\/www.cocondedecoration.com\/blog\/wp-content\/uploads\/2019\/04\/creatrice-dunkerque-mouette-flamande-affiche-deco-640x480.png 640w, https:\/\/www.cocondedecoration.com\/blog\/wp-content\/uploads\/2019\/04\/creatrice-dunkerque-mouette-flamande-affiche-deco-100x75.png 100w\" sizes=\"(max-width: 650px) 100vw, 650px\" \/><\/a><\/p>\n<h3 style=\"text-align: justify;\">J'aime beaucoup le parcours des cr\u00e9ateurs d'entreprise, je les trouve inspirants. Comment es-tu venue \u00e0 cr\u00e9er ton entreprise? Quel a \u00e9t\u00e9 ton parcours?<\/h3>\n<p style=\"text-align: justify;\">Originaire de Bray-Dunes, je suis partie vivre 7 ans sur Lyon. J\u2019\u00e9tais depuis 10 ans dans les Rh ! J\u2019aimais ce que je faisais mais j\u2019avais envie de changement.<br \/>\nAvec mon mari, nous avons fait le choix de revenir sur Dunkerque, mon mari a \u00e9t\u00e9 mut\u00e9, et de l\u00e0 est venue l\u2019id\u00e9e de la cr\u00e9ation d\u2019entreprise. J\u2019aimais l\u2019infographie, je me suis form\u00e9e gr\u00e2ce au P\u00f4le Emploi et j\u2019ai suivi le parcours en entreprenariat par le biais du BGE. En novembre 2018, je me lance avec la Couveuse pour tester mon projet !<br \/>\nApr\u00e8s c\u2019est important d\u2019indiquer qu\u2019on est en remise en question permanente et que ce n\u2019est pas un long fleuve tranquille. Mais il faut se lancer tout en \u00e9tant bien entour\u00e9 : c\u2019est une vrai force !<\/p>\n<p style=\"text-align: justify;\"><a href=\"http:\/\/www.cocondedecoration.com\/blog\/wp-content\/uploads\/2019\/04\/decoration-creatrice-nord.jpg\" target=\"_blank\" rel=\"noopener\"><img loading=\"lazy\" decoding=\"async\" class=\"aligncenter wp-image-20649 size-full\" title=\"decoration creatrice nord\" src=\"http:\/\/www.cocondedecoration.com\/blog\/wp-content\/uploads\/2019\/04\/decoration-creatrice-nord.jpg\" alt=\"decoration creatrice nord\" width=\"2419\" height=\"2419\" srcset=\"https:\/\/www.cocondedecoration.com\/blog\/wp-content\/uploads\/2019\/04\/decoration-creatrice-nord.jpg 2419w, https:\/\/www.cocondedecoration.com\/blog\/wp-content\/uploads\/2019\/04\/decoration-creatrice-nord-165x165.jpg 165w, https:\/\/www.cocondedecoration.com\/blog\/wp-content\/uploads\/2019\/04\/decoration-creatrice-nord-260x260.jpg 260w, https:\/\/www.cocondedecoration.com\/blog\/wp-content\/uploads\/2019\/04\/decoration-creatrice-nord-768x768.jpg 768w, https:\/\/www.cocondedecoration.com\/blog\/wp-content\/uploads\/2019\/04\/decoration-creatrice-nord-640x640.jpg 640w, https:\/\/www.cocondedecoration.com\/blog\/wp-content\/uploads\/2019\/04\/decoration-creatrice-nord-1080x1080.jpg 1080w\" sizes=\"(max-width: 2419px) 100vw, 2419px\" \/><\/a><\/p>\n<h3 style=\"text-align: justify;\">Tes cr\u00e9ations sont r\u00e9gionales, elles sont repr\u00e9sentatives d'un art de vivre bien de chez nous. O\u00f9 trouves-tu l'inspiration?<\/h3>\n<p style=\"text-align: justify;\">Partout ! Que se soit dans nos expressions, dans notre fa\u00e7on de vivre. Apr\u00e8s je souhaite mettre en avant des cr\u00e9ations ... sans clich\u00e9s! Nous n\u2019avons pas tous un accent \u00e0 la Dany Boon : plut\u00f4t de jolies expressions \u00e0 mettre en avant, comme \u00ab on va faire une digue \u00bb qui est bien de chez nous !<\/p>\n<h3 style=\"text-align: justify;\">Revenons sur une exp\u00e9rience singuli\u00e8re que tu as v\u00e9cu il y a quelques semaines: La boite cr\u00e9ative. Gr\u00e2ce \u00e0 elle, on a pu se rencontrer en IRL mais pas que. Peux-tu nous expliquer ce qu'est la boite cr\u00e9ative et ce que tu y as v\u00e9cu?<\/h3>\n<p style=\"text-align: justify;\">La Bo\u00eete Cr\u00e9ative est un nouveau projet mis en en place par la Ville de Dunkerque. Il y a m\u00eame 2 Bo\u00eetes Cr\u00e9atives : une jaune et une rouge !<br \/>\nDes boxes modernes de 15 m2 plac\u00e9s sur la Place Jean-Bart et sp\u00e9cialement con\u00e7us pour les cr\u00e9ateurs d\u2019entreprises : j\u2019y suis rest\u00e9e 18j ! Une exp\u00e9rience enrichissante : de jolies rencontres (tu en fais partie), une visibilit\u00e9 de dingue et de jolies ventes. J\u2019ai rencontr\u00e9 ma client\u00e8le et je peux maintenant analyser de plus pr\u00e8s mon activit\u00e9 \u00a0; dont les tops ventes comme l\u2019affiche \u00ab Ici vit une famille en Nord \u00bb<\/p>\n<p style=\"text-align: justify;\"><a href=\"http:\/\/www.cocondedecoration.com\/blog\/wp-content\/uploads\/2019\/04\/box-creative-dunkerque-createur-entreprise.jpg\" target=\"_blank\" rel=\"noopener\"><img loading=\"lazy\" decoding=\"async\" class=\"aligncenter wp-image-20646 size-full\" title=\"box creative dunkerque createur entreprise\" src=\"http:\/\/www.cocondedecoration.com\/blog\/wp-content\/uploads\/2019\/04\/box-creative-dunkerque-createur-entreprise.jpg\" alt=\"box creative dunkerque createur entreprise\" width=\"1811\" height=\"1256\" srcset=\"https:\/\/www.cocondedecoration.com\/blog\/wp-content\/uploads\/2019\/04\/box-creative-dunkerque-createur-entreprise.jpg 1811w, https:\/\/www.cocondedecoration.com\/blog\/wp-content\/uploads\/2019\/04\/box-creative-dunkerque-createur-entreprise-260x180.jpg 260w, https:\/\/www.cocondedecoration.com\/blog\/wp-content\/uploads\/2019\/04\/box-creative-dunkerque-createur-entreprise-768x533.jpg 768w, https:\/\/www.cocondedecoration.com\/blog\/wp-content\/uploads\/2019\/04\/box-creative-dunkerque-createur-entreprise-640x444.jpg 640w, https:\/\/www.cocondedecoration.com\/blog\/wp-content\/uploads\/2019\/04\/box-creative-dunkerque-createur-entreprise-1080x749.jpg 1080w\" sizes=\"(max-width: 1811px) 100vw, 1811px\" \/><\/a><\/p>\n<h2 style=\"text-align: justify;\">Quels sont tes projets pour 2019?<\/h2>\n<p style=\"text-align: justify;\">Des id\u00e9es pleins la t\u00eate ... tout en prenant en compte mes 2 jolies t\u00eates blondes qui me prennent du temps.<br \/>\nJe souhaite mettre plus avant l\u2019aspect d\u00e9coration qui pla\u00eet beaucoup ! J\u2019ai pris en compte les remarques bienveillantes de ma client\u00e8le et j\u2019attends une formation pour acqu\u00e9rir une nouvelle expertise. Je te tiendrai au courant \ud83d\ude42<br \/>\nProchain salon : Work\u2019ladies en avril et je regarde pour d\u2019autres salons : les news seront sur mon Instagram et mon Facebook. (<em>Le salon Work Ladies se d\u00e9roule tous les mois au Casino de Dunkerque avec des th\u00e9matiques diff\u00e9rentes chaque mois)<\/em><\/p>\n<h3 style=\"text-align: justify;\">C'est la fin de la saison de carnaval, on a eu l'occasion d'en parler et je le vois dans tes stories. Quand tu arrives en chapelle, tu arrives avec tes cr\u00e9ations?<\/h3>\n<p style=\"text-align: justify;\">Le Carnaval permet de se vider la t\u00eate, de faire de jolies rencontres!<br \/>\nJe \u00a0suis habill\u00e9e en mouette revisit\u00e9e et je porte fi\u00e8rement mes pin\u2019s \u00ab rien \u00e0 cirer \u00bb , \u00ab j\u2019ai la frite \u00bb et mes badges. J\u2019aime ce que je fais, c\u2019est tout naturel de les porter ... apr\u00e8s je ne m\u00e9lange pas tout et je ne me vois pas amener mes cr\u00e9ations! Toutefois, si on me demande d\u2019o\u00f9 \u00e7a vient, bien s\u00fbr que je dirai : de moiiiii!<\/p>\n<p style=\"text-align: justify;\"><a href=\"http:\/\/www.cocondedecoration.com\/blog\/wp-content\/uploads\/2019\/04\/carte-postale-dunkerque-la-mouette-flamande.jpg\" target=\"_blank\" rel=\"noopener\"><img loading=\"lazy\" decoding=\"async\" class=\"aligncenter wp-image-20648 size-full\" title=\"carte postale dunkerque la mouette flamande\" src=\"http:\/\/www.cocondedecoration.com\/blog\/wp-content\/uploads\/2019\/04\/carte-postale-dunkerque-la-mouette-flamande.jpg\" alt=\"carte postale dunkerque la mouette flamande\" width=\"6000\" height=\"4000\" srcset=\"https:\/\/www.cocondedecoration.com\/blog\/wp-content\/uploads\/2019\/04\/carte-postale-dunkerque-la-mouette-flamande.jpg 6000w, https:\/\/www.cocondedecoration.com\/blog\/wp-content\/uploads\/2019\/04\/carte-postale-dunkerque-la-mouette-flamande-260x173.jpg 260w, https:\/\/www.cocondedecoration.com\/blog\/wp-content\/uploads\/2019\/04\/carte-postale-dunkerque-la-mouette-flamande-768x512.jpg 768w, https:\/\/www.cocondedecoration.com\/blog\/wp-content\/uploads\/2019\/04\/carte-postale-dunkerque-la-mouette-flamande-640x427.jpg 640w, https:\/\/www.cocondedecoration.com\/blog\/wp-content\/uploads\/2019\/04\/carte-postale-dunkerque-la-mouette-flamande-1080x720.jpg 1080w\" sizes=\"(max-width: 6000px) 100vw, 6000px\" \/><\/a><\/p>\n<h3 style=\"text-align: justify;\">Tu es infographiste, tu offres ton expertise et ton savoir-faire aux particuliers et aux professionnels. Tu proposes quoi en fait?<\/h3>\n<p style=\"text-align: justify;\">Au d\u00e9part, je voulais axer mon activit\u00e9 sur la vente d\u2019articles. Je me suis vite rendue compte que mon expertise en infographie me permettait de pouvoir proposer mes services au plus grand nombre. Tout en restant dans mon style, je cr\u00e9\u00e9 principalement des cartes, des affiches pour les particuliers et les professionnels : \u00e7a me permet d\u2019\u00e9changer, de partager sur des projets diff\u00e9rents, et j\u2019adore!<\/p>\n<p style=\"text-align: justify;\"><a href=\"http:\/\/www.cocondedecoration.com\/blog\/wp-content\/uploads\/2019\/04\/carte-postale-deco-nord-france.jpg\" target=\"_blank\" rel=\"noopener\"><img loading=\"lazy\" decoding=\"async\" class=\"aligncenter wp-image-20647 size-full\" title=\"carte postale deco nord france\" src=\"http:\/\/www.cocondedecoration.com\/blog\/wp-content\/uploads\/2019\/04\/carte-postale-deco-nord-france.jpg\" alt=\"carte postale deco nord france\" width=\"2396\" height=\"2228\" srcset=\"https:\/\/www.cocondedecoration.com\/blog\/wp-content\/uploads\/2019\/04\/carte-postale-deco-nord-france.jpg 2396w, https:\/\/www.cocondedecoration.com\/blog\/wp-content\/uploads\/2019\/04\/carte-postale-deco-nord-france-260x242.jpg 260w, https:\/\/www.cocondedecoration.com\/blog\/wp-content\/uploads\/2019\/04\/carte-postale-deco-nord-france-768x714.jpg 768w, https:\/\/www.cocondedecoration.com\/blog\/wp-content\/uploads\/2019\/04\/carte-postale-deco-nord-france-640x595.jpg 640w, https:\/\/www.cocondedecoration.com\/blog\/wp-content\/uploads\/2019\/04\/carte-postale-deco-nord-france-1080x1004.jpg 1080w\" sizes=\"(max-width: 2396px) 100vw, 2396px\" \/><\/a><\/p>\n<p style=\"text-align: justify;\">Pour retrouver Aur\u00e9lie sur le web, vous pouvez d\u00e9couvrir<a href=\"https:\/\/lamouetteflamande.fr\/\" target=\"_blank\" rel=\"noopener\"> son site web<\/a> mais aussi son compte <a href=\"https:\/\/www.instagram.com\/lamouetteflamande\/\" target=\"_blank\" rel=\"noopener\"><span style=\"text-decoration: underline;\">Instagram<\/span><\/a> sur lequel la cr\u00e9atrice partage ses cr\u00e9ations et son quotidien.<\/p>\n<p style=\"text-align: justify;\">\n","protected":false},"excerpt":{"rendered":"<p>Cette interview n&rsquo;est pas comme les autres&#8230; Aur\u00e9lie et moi, nous avons eu la chance de nous rencontrer en vrai pendant mon bref passage en France cet hiver. J&rsquo;ai d\u00e9couvert son travail gr\u00e2ce \u00e0 Instagram et comme elle est de la r\u00e9gion dunkerquoise, on a pu se rencontrer en vrai.<span class=\"more-link\"><a href=\"https:\/\/www.cocondedecoration.com\/blog\/2019\/04\/interview-deco-aurelie-de-la-mouette-flamande\/\">Lire la suite<\/a><\/span><\/p>\n","protected":false},"author":1,"featured_media":20652,"comment_status":"open","ping_status":"open","sticky":false,"template":"","format":"standard","meta":{"om_disable_all_campaigns":false,"_monsterinsights_skip_tracking":false,"_monsterinsights_sitenote_active":false,"_monsterinsights_sitenote_note":"","_monsterinsights_sitenote_category":0,"_uf_show_specific_survey":0,"_uf_disable_surveys":false,"footnotes":""},"categories":[2141],"tags":[1754,551,3973,3972,3974,3976,992,2142,16,3936,3977,222,3975],"aioseo_notices":[],"_links":{"self":[{"href":"https:\/\/www.cocondedecoration.com\/blog\/wp-json\/wp\/v2\/posts\/20644"}],"collection":[{"href":"https:\/\/www.cocondedecoration.com\/blog\/wp-json\/wp\/v2\/posts"}],"about":[{"href":"https:\/\/www.cocondedecoration.com\/blog\/wp-json\/wp\/v2\/types\/post"}],"author":[{"embeddable":true,"href":"https:\/\/www.cocondedecoration.com\/blog\/wp-json\/wp\/v2\/users\/1"}],"replies":[{"embeddable":true,"href":"https:\/\/www.cocondedecoration.com\/blog\/wp-json\/wp\/v2\/comments?post=20644"}],"version-history":[{"count":0,"href":"https:\/\/www.cocondedecoration.com\/blog\/wp-json\/wp\/v2\/posts\/20644\/revisions"}],"wp:featuredmedia":[{"embeddable":true,"href":"https:\/\/www.cocondedecoration.com\/blog\/wp-json\/wp\/v2\/media\/20652"}],"wp:attachment":[{"href":"https:\/\/www.cocondedecoration.com\/blog\/wp-json\/wp\/v2\/media?parent=20644"}],"wp:term":[{"taxonomy":"category","embeddable":true,"href":"https:\/\/www.cocondedecoration.com\/blog\/wp-json\/wp\/v2\/categories?post=20644"},{"taxonomy":"post_tag","embeddable":true,"href":"https:\/\/www.cocondedecoration.com\/blog\/wp-json\/wp\/v2\/tags?post=20644"}],"curies":[{"name":"wp","href":"https:\/\/api.w.org\/{rel}","templated":true}]}}