{"id":20456,"date":"2019-03-11T11:54:12","date_gmt":"2019-03-11T09:54:12","guid":{"rendered":"http:\/\/www.cocondedecoration.com\/blog\/?p=20456"},"modified":"2023-09-18T05:17:44","modified_gmt":"2023-09-18T03:17:44","slug":"less-is-more-routine-matinale-pour-un-interieur-minimaliste-11-03","status":"publish","type":"post","link":"https:\/\/www.cocondedecoration.com\/blog\/2019\/03\/less-is-more-routine-matinale-pour-un-interieur-minimaliste-11-03\/","title":{"rendered":"[Less is more] Routine matinale pour un int\u00e9rieur minimaliste"},"content":{"rendered":"\n<p>Qui n'a jamais r\u00eav\u00e9 d'avoir des journ\u00e9es qui faisaient plus de 24 heures pour avoir le temps de tout faire? Perso, c'\u00e9tait mon cas avant de quitter la France en 2016. pas faute d'avoir essayer de lever le pied, de mettre en place un tas de trucs. Je cumulais 3 boulots, un appartement et j'essayais tant bien que mal d'avoir une vie sociale. Bref, j'ai essay\u00e9 un tas de choses. Je me suis plant\u00e9e parce que j'apprends tr\u00e8s bien - quoi que douloureusement - en me plantant. Et je suis venue \u00e0 la conclusion que les routines, m\u00eame si c'\u00e9tait chiant, c'\u00e9tait vachement pratique. Je vous propose une routine type dans cet article \u00e0 r\u00e9aliser tous les matins, afin d'avoir un int\u00e9rieur minimaliste et organis\u00e9. Ca vous tente?<\/p>\n\n\n\n<!--more-->\n\n\n\n<p>Votre soutien me permet de cr\u00e9er plus. Rejoignez les m\u00e9c\u00e8nes du blog pour plus d'inspirations d\u00e9co et des r\u00e9cits de voyage exclusifs. Par ailleurs si 1% des lecteur\u2022rice\u2022s du blog soutenaient financi\u00e8rement le blog, il pourrait ne plus y avoir de publicit\u00e9 ici. <\/p>\n\n\n\n<div class=\"wp-block-buttons is-content-justification-center is-layout-flex wp-container-core-buttons-layout-1 wp-block-buttons-is-layout-flex\">\n<div class=\"wp-block-button has-custom-width wp-block-button__width-50 has-custom-font-size is-style-fill has-small-font-size\"><a class=\"wp-block-button__link has-accent-font-color has-accent-background-color has-text-color has-background has-link-color wp-element-button\" href=\"https:\/\/www.patreon.com\/6009582\/join\" style=\"border-radius:25px\" target=\"_blank\" rel=\"noreferrer noopener\">Soutenir le blog sur Patreon<\/a><\/div>\n<\/div>\n\n\n\n<h2 class=\"wp-block-heading\">A quelle heure mettre le r\u00e9veil?<\/h2>\n\n\n\n<p>Merci Julie pour cette question \u00e0 10 balles, mais quand on parle de s'activer le matin, pour certain(e)s, c'est un peu mortel. J'ai la chance d'\u00eatre du matin g\u00e9n\u00e9ralement, quand je dors suffisamment. Et je n'ai pas trop de mal \u00e0 me r\u00e9veiller et \u00e0 \u00eatre active. Tout le monde n'a pas cette facilit\u00e9. Donc si vous marchez vraiment au ralenti, il est possible que votre routine vous prenne plus de temps. Honn\u00eatement, par rapport \u00e0 la la liste que je vous propose apr\u00e8s, il y en a pour 15 minutes ou \u00e0 peine plus. Ce sont un tas de petites actions qui vous permettront de garder un int\u00e9rieur organis\u00e9 tous les jours de la semaine.<\/p>\n\n\n\n<p>A lire \u00e9galement: <strong><a rel=\"noopener noreferrer\" href=\"http:\/\/www.cocondedecoration.com\/blog\/2019\/03\/minimalisme-quelles-sont-vos-routines-pour-un-interieur-slow\/\" target=\"_blank\">Quelles sont vos routines pour un int\u00e9rieur minimaliste? <\/a><\/strong><\/p>\n\n\n\n<div class=\"wp-block-image\"><figure class=\"aligncenter\"><img loading=\"lazy\" decoding=\"async\" width=\"1200\" height=\"1020\" src=\"http:\/\/www.cocondedecoration.com\/blog\/wp-content\/uploads\/2019\/02\/cuisine-minimaliste-blanche-design-contemporain.jpg\" alt=\"cuisine minimaliste blanche design contemporain\" class=\"wp-image-20458\" srcset=\"https:\/\/www.cocondedecoration.com\/blog\/wp-content\/uploads\/2019\/02\/cuisine-minimaliste-blanche-design-contemporain.jpg 1200w, https:\/\/www.cocondedecoration.com\/blog\/wp-content\/uploads\/2019\/02\/cuisine-minimaliste-blanche-design-contemporain-260x221.jpg 260w, https:\/\/www.cocondedecoration.com\/blog\/wp-content\/uploads\/2019\/02\/cuisine-minimaliste-blanche-design-contemporain-768x653.jpg 768w, https:\/\/www.cocondedecoration.com\/blog\/wp-content\/uploads\/2019\/02\/cuisine-minimaliste-blanche-design-contemporain-640x544.jpg 640w, https:\/\/www.cocondedecoration.com\/blog\/wp-content\/uploads\/2019\/02\/cuisine-minimaliste-blanche-design-contemporain-1080x918.jpg 1080w\" sizes=\"(max-width: 1200px) 100vw, 1200px\" \/><figcaption>home-designing.com<\/figcaption><\/figure><\/div>\n\n\n\n<h2 class=\"wp-block-heading\">Quelle routine type le matin pour un int\u00e9rieur minimaliste?<\/h2>\n\n\n\n<p>Evidemment, les points que je propose par la suite sont des pistes qui doivent \u00eatre adapt\u00e9es \u00e0 vos habitudes \u00e0 vous. Mais globalement, le matin, on a tous \u00e0 peu pr\u00e8s le m\u00eame cheminement: le r\u00e9veil (parfois difficile), la salle de bain, le petit d\u00e9jeuner et hop c'est parti. On utilise donc peu de pi\u00e8ces de la maison: la chambre, la salle de bain, la cuisine et \u00e9ventuellement le salon pour regarder la t\u00e9l\u00e9 pendant le petit d\u00e9j'; Ce sont ces pi\u00e8ces qu'on va ranger et dans lesquelles on va faire en sorte de cr\u00e9er des automatismes.&nbsp;<span style=\"color: #353535; font-family: Georgia, 'Times New Roman', 'Bitstream Charter', Times, serif;\">Ramasser les jouets qui trainent et les ranger tous au m\u00eame endroit (avant que toute la famille se l\u00e8ve)<\/span><\/p>\n\n\n\n<ul><li>Refaire le lit (une fois qu'on quitte la chambre)<\/li><li>Ouvrir la fen\u00eatre des chambres pour a\u00e9rer<\/li><li>Etendre les serviettes de bain<\/li><li>Reboucher le dentifrice et remettre les brosses \u00e0 dent dans le gobelet<\/li><li>Ramasser les pyjamas et les accrocher sur un porte manteau<\/li><li>Ramasser tout le linge sale et le mettre dans le bac \u00e0 linge<\/li><li>Fermer la fen\u00eatre des chambres une fois que tout le monde a fini de passer \u00e0 la salle de bain<\/li><li>Ranger le plan de travail (apr\u00e8s le petit d\u00e9jeuner)<\/li><li>Mettre la vaisselle sale dans le bac ou dans le lave-vaisselle<\/li><li>Ranger la brique de lait et la confiture<\/li><li>Sortir les chaussures qui vont \u00eatre port\u00e9es la journ\u00e9es et ranger les autres (avant de partir)<\/li><li>Plier le plaid et remettre les coussins (avant de partir)<\/li><\/ul>\n\n\n\n<p>L'id\u00e9e de cette routine est de ranger un maximum la maison avant de la quitter. Pourquoi? Pour vous permettre de rentrer le soir dans un univers ranger et sobre. Ce n'est pas forc\u00e9ment au quotidien qu'on va avoir le temps de faire le grand tri pour d\u00e9sencombrer efficacement. En revanche, on peut tr\u00e8s bien entretenir rapidement son int\u00e9rieur, sans avoir \u00e0 se lever aux aurores.<\/p>\n\n\n\n<p>A lire \u00e9galement: <a rel=\"noopener noreferrer\" href=\"http:\/\/www.cocondedecoration.com\/blog\/2019\/02\/less-is-more-faut-il-etre-riche-pour-etre-minimaliste\/\" target=\"_blank\"><strong>Faut-il \u00eatre riche pour \u00eatre minimaliste? <\/strong><\/a><\/p>\n\n\n\n<div class=\"wp-block-image\"><figure class=\"aligncenter\"><img loading=\"lazy\" decoding=\"async\" width=\"1000\" height=\"1333\" src=\"http:\/\/www.cocondedecoration.com\/blog\/wp-content\/uploads\/2019\/02\/salle-de-bain-classe-deco-minimaliste.jpg\" alt=\"salle de bain classe deco minimaliste\" class=\"wp-image-20459\" srcset=\"https:\/\/www.cocondedecoration.com\/blog\/wp-content\/uploads\/2019\/02\/salle-de-bain-classe-deco-minimaliste.jpg 1000w, https:\/\/www.cocondedecoration.com\/blog\/wp-content\/uploads\/2019\/02\/salle-de-bain-classe-deco-minimaliste-260x347.jpg 260w, https:\/\/www.cocondedecoration.com\/blog\/wp-content\/uploads\/2019\/02\/salle-de-bain-classe-deco-minimaliste-768x1024.jpg 768w, https:\/\/www.cocondedecoration.com\/blog\/wp-content\/uploads\/2019\/02\/salle-de-bain-classe-deco-minimaliste-640x853.jpg 640w\" sizes=\"(max-width: 1000px) 100vw, 1000px\" \/><figcaption>styleandminimalism.com<\/figcaption><\/figure><\/div>\n\n\n\n<h2 class=\"wp-block-heading\">Et la routine du soir?<\/h2>\n\n\n\n<p>Tout comme le matin, le soir avant d'aller dormir, c'est un moment ad\u00e9quat pour faire un peu de rangement. Je sais que vous \u00eates crev\u00e9(e) mais se lever dans un int\u00e9rieur propre et ranger, c'est assez agr\u00e9able au final. Je reviendrai dans un autre article pour te donner des pistes \u00e0 explorer quant \u00e0 la routine du soir pour un int\u00e9rieur minimaliste et slow.<\/p>\n\n\n\n<div class=\"wp-block-image\"><figure class=\"aligncenter\"><img loading=\"lazy\" decoding=\"async\" width=\"650\" height=\"488\" src=\"http:\/\/www.cocondedecoration.com\/blog\/wp-content\/uploads\/2019\/02\/routine-matin-interieur-minimaliste.jpg\" alt=\"routine matin interieur minimaliste\" class=\"wp-image-20460\" srcset=\"https:\/\/www.cocondedecoration.com\/blog\/wp-content\/uploads\/2019\/02\/routine-matin-interieur-minimaliste.jpg 650w, https:\/\/www.cocondedecoration.com\/blog\/wp-content\/uploads\/2019\/02\/routine-matin-interieur-minimaliste-260x195.jpg 260w, https:\/\/www.cocondedecoration.com\/blog\/wp-content\/uploads\/2019\/02\/routine-matin-interieur-minimaliste-640x480.jpg 640w, https:\/\/www.cocondedecoration.com\/blog\/wp-content\/uploads\/2019\/02\/routine-matin-interieur-minimaliste-100x75.jpg 100w\" sizes=\"(max-width: 650px) 100vw, 650px\" \/><figcaption>home-designing.com<\/figcaption><\/figure><\/div>\n\n\n\n<div class=\"wp-block-columns has-2-columns is-layout-flex wp-container-core-columns-layout-1 wp-block-columns-is-layout-flex\">\n<div class=\"wp-block-column is-layout-flow wp-block-column-is-layout-flow\"><div class='white' style='background:rgba(0,0,0,0); border:solid 0px rgba(0,0,0,0); border-radius:0px; padding:0px 0px 0px 0px;'>\n<div id='slider_61410' class='owl-carousel sa_owl_theme owl-pagination-true autohide-arrows' data-slider-id='slider_61410' style='visibility:hidden;'>\n<div id='slider_61410_slide01' class='sa_hover_container' style='padding:5% 5%; margin:0px 0%; '><p><img loading=\"lazy\" decoding=\"async\" class=\"aligncenter size-full wp-image-61412\" src=\"https:\/\/www.cocondedecoration.com\/blog\/wp-content\/uploads\/2023\/06\/meuble-deco-minimaliste-moderne-1.jpeg\" alt=\"meuble deco minimaliste moderne Canap\u00e9 2\/3 places gris pied en m\u00e9tal forme originale cosy\" width=\"500\" height=\"500\" srcset=\"https:\/\/www.cocondedecoration.com\/blog\/wp-content\/uploads\/2023\/06\/meuble-deco-minimaliste-moderne-1.jpeg 500w, https:\/\/www.cocondedecoration.com\/blog\/wp-content\/uploads\/2023\/06\/meuble-deco-minimaliste-moderne-1-165x165.jpeg 165w, https:\/\/www.cocondedecoration.com\/blog\/wp-content\/uploads\/2023\/06\/meuble-deco-minimaliste-moderne-1-260x260.jpeg 260w, https:\/\/www.cocondedecoration.com\/blog\/wp-content\/uploads\/2023\/06\/meuble-deco-minimaliste-moderne-1-465x465.jpeg 465w\" sizes=\"(max-width: 500px) 100vw, 500px\" \/><\/p><\/div>\n<div id='slider_61410_slide02' class='sa_hover_container' style='padding:5% 5%; margin:0px 0%; '><p><img loading=\"lazy\" decoding=\"async\" class=\"aligncenter size-full wp-image-61418\" src=\"https:\/\/www.cocondedecoration.com\/blog\/wp-content\/uploads\/2023\/06\/decoration-minimaliste-design-1.jpeg\" alt=\"decoration minimaliste design Fauteuil lounge en fr\u00eane noir\" width=\"500\" height=\"500\" srcset=\"https:\/\/www.cocondedecoration.com\/blog\/wp-content\/uploads\/2023\/06\/decoration-minimaliste-design-1.jpeg 500w, https:\/\/www.cocondedecoration.com\/blog\/wp-content\/uploads\/2023\/06\/decoration-minimaliste-design-1-165x165.jpeg 165w, https:\/\/www.cocondedecoration.com\/blog\/wp-content\/uploads\/2023\/06\/decoration-minimaliste-design-1-260x260.jpeg 260w, https:\/\/www.cocondedecoration.com\/blog\/wp-content\/uploads\/2023\/06\/decoration-minimaliste-design-1-465x465.jpeg 465w\" sizes=\"(max-width: 500px) 100vw, 500px\" \/><\/p><\/div>\n<div id='slider_61410_slide03' class='sa_hover_container' style='padding:5% 5%; margin:0px 0%; '><p><img loading=\"lazy\" decoding=\"async\" class=\"aligncenter size-full wp-image-61423\" src=\"https:\/\/www.cocondedecoration.com\/blog\/wp-content\/uploads\/2023\/06\/decor-minimaliste-pas-cher-1.jpeg\" alt=\"decor minimaliste pas cher Cache-pot en argile \u00d855 cm\" width=\"500\" height=\"500\" srcset=\"https:\/\/www.cocondedecoration.com\/blog\/wp-content\/uploads\/2023\/06\/decor-minimaliste-pas-cher-1.jpeg 500w, https:\/\/www.cocondedecoration.com\/blog\/wp-content\/uploads\/2023\/06\/decor-minimaliste-pas-cher-1-165x165.jpeg 165w, https:\/\/www.cocondedecoration.com\/blog\/wp-content\/uploads\/2023\/06\/decor-minimaliste-pas-cher-1-260x260.jpeg 260w, https:\/\/www.cocondedecoration.com\/blog\/wp-content\/uploads\/2023\/06\/decor-minimaliste-pas-cher-1-465x465.jpeg 465w\" sizes=\"(max-width: 500px) 100vw, 500px\" \/><\/p><\/div>\n<div id='slider_61410_slide04' class='sa_hover_container' style='padding:5% 5%; margin:0px 0%; '><p><img loading=\"lazy\" decoding=\"async\" class=\"aligncenter size-full wp-image-61413\" src=\"https:\/\/www.cocondedecoration.com\/blog\/wp-content\/uploads\/2023\/06\/meuble-deco-minimaliste-moderne-2.jpeg\" alt=\"meuble deco minimaliste moderne Lampe de table noir verre \u00f820cm\" width=\"500\" height=\"500\" srcset=\"https:\/\/www.cocondedecoration.com\/blog\/wp-content\/uploads\/2023\/06\/meuble-deco-minimaliste-moderne-2.jpeg 500w, https:\/\/www.cocondedecoration.com\/blog\/wp-content\/uploads\/2023\/06\/meuble-deco-minimaliste-moderne-2-165x165.jpeg 165w, https:\/\/www.cocondedecoration.com\/blog\/wp-content\/uploads\/2023\/06\/meuble-deco-minimaliste-moderne-2-260x260.jpeg 260w, https:\/\/www.cocondedecoration.com\/blog\/wp-content\/uploads\/2023\/06\/meuble-deco-minimaliste-moderne-2-465x465.jpeg 465w\" sizes=\"(max-width: 500px) 100vw, 500px\" \/><\/p><\/div>\n<div id='slider_61410_slide05' class='sa_hover_container' style='padding:5% 5%; margin:0px 0%; '><p><img loading=\"lazy\" decoding=\"async\" class=\"aligncenter size-full wp-image-61419\" src=\"https:\/\/www.cocondedecoration.com\/blog\/wp-content\/uploads\/2023\/06\/decoration-minimaliste-design-2.jpeg\" alt=\"decoration minimaliste design Lampe \u00e0 poser en b\u00e9ton\" width=\"500\" height=\"500\" srcset=\"https:\/\/www.cocondedecoration.com\/blog\/wp-content\/uploads\/2023\/06\/decoration-minimaliste-design-2.jpeg 500w, https:\/\/www.cocondedecoration.com\/blog\/wp-content\/uploads\/2023\/06\/decoration-minimaliste-design-2-165x165.jpeg 165w, https:\/\/www.cocondedecoration.com\/blog\/wp-content\/uploads\/2023\/06\/decoration-minimaliste-design-2-260x260.jpeg 260w, https:\/\/www.cocondedecoration.com\/blog\/wp-content\/uploads\/2023\/06\/decoration-minimaliste-design-2-465x465.jpeg 465w\" sizes=\"(max-width: 500px) 100vw, 500px\" \/><\/p><\/div>\n<div id='slider_61410_slide06' class='sa_hover_container' style='padding:5% 5%; margin:0px 0%; '><p><img loading=\"lazy\" decoding=\"async\" class=\"aligncenter size-full wp-image-61424\" src=\"https:\/\/www.cocondedecoration.com\/blog\/wp-content\/uploads\/2023\/06\/decor-minimaliste-pas-cher-2.jpeg\" alt=\"decor minimaliste pas cher Lit avec sommier\" width=\"500\" height=\"500\" srcset=\"https:\/\/www.cocondedecoration.com\/blog\/wp-content\/uploads\/2023\/06\/decor-minimaliste-pas-cher-2.jpeg 500w, https:\/\/www.cocondedecoration.com\/blog\/wp-content\/uploads\/2023\/06\/decor-minimaliste-pas-cher-2-165x165.jpeg 165w, https:\/\/www.cocondedecoration.com\/blog\/wp-content\/uploads\/2023\/06\/decor-minimaliste-pas-cher-2-260x260.jpeg 260w, https:\/\/www.cocondedecoration.com\/blog\/wp-content\/uploads\/2023\/06\/decor-minimaliste-pas-cher-2-465x465.jpeg 465w\" sizes=\"(max-width: 500px) 100vw, 500px\" \/><\/p><\/div>\n<div id='slider_61410_slide07' class='sa_hover_container' style='padding:5% 5%; margin:0px 0%; '><p><img loading=\"lazy\" decoding=\"async\" class=\"aligncenter size-full wp-image-61414\" src=\"https:\/\/www.cocondedecoration.com\/blog\/wp-content\/uploads\/2023\/06\/meuble-deco-minimaliste-moderne-3.jpeg\" alt=\"meuble deco minimaliste moderne Coussin tress\u00e9 gris 45x45 textur\u00e9 \" width=\"500\" height=\"500\" srcset=\"https:\/\/www.cocondedecoration.com\/blog\/wp-content\/uploads\/2023\/06\/meuble-deco-minimaliste-moderne-3.jpeg 500w, https:\/\/www.cocondedecoration.com\/blog\/wp-content\/uploads\/2023\/06\/meuble-deco-minimaliste-moderne-3-165x165.jpeg 165w, https:\/\/www.cocondedecoration.com\/blog\/wp-content\/uploads\/2023\/06\/meuble-deco-minimaliste-moderne-3-260x260.jpeg 260w, https:\/\/www.cocondedecoration.com\/blog\/wp-content\/uploads\/2023\/06\/meuble-deco-minimaliste-moderne-3-465x465.jpeg 465w\" sizes=\"(max-width: 500px) 100vw, 500px\" \/><\/p><\/div>\n<div id='slider_61410_slide08' class='sa_hover_container' style='padding:5% 5%; margin:0px 0%; '><p><img loading=\"lazy\" decoding=\"async\" class=\"aligncenter size-full wp-image-61420\" src=\"https:\/\/www.cocondedecoration.com\/blog\/wp-content\/uploads\/2023\/06\/decoration-minimaliste-design-3.jpeg\" alt=\"decoration minimaliste design Sculpture noire\" width=\"500\" height=\"500\" srcset=\"https:\/\/www.cocondedecoration.com\/blog\/wp-content\/uploads\/2023\/06\/decoration-minimaliste-design-3.jpeg 500w, https:\/\/www.cocondedecoration.com\/blog\/wp-content\/uploads\/2023\/06\/decoration-minimaliste-design-3-165x165.jpeg 165w, https:\/\/www.cocondedecoration.com\/blog\/wp-content\/uploads\/2023\/06\/decoration-minimaliste-design-3-260x260.jpeg 260w, https:\/\/www.cocondedecoration.com\/blog\/wp-content\/uploads\/2023\/06\/decoration-minimaliste-design-3-465x465.jpeg 465w\" sizes=\"(max-width: 500px) 100vw, 500px\" \/><\/p><\/div>\n<div id='slider_61410_slide09' class='sa_hover_container' style='padding:5% 5%; margin:0px 0%; '><p><img loading=\"lazy\" decoding=\"async\" class=\"aligncenter size-full wp-image-61425\" src=\"https:\/\/www.cocondedecoration.com\/blog\/wp-content\/uploads\/2023\/06\/decor-minimaliste-pas-cher-3.jpeg\" alt=\"decor minimaliste pas cher Housse de couette unie coton biologique\" width=\"500\" height=\"500\" srcset=\"https:\/\/www.cocondedecoration.com\/blog\/wp-content\/uploads\/2023\/06\/decor-minimaliste-pas-cher-3.jpeg 500w, https:\/\/www.cocondedecoration.com\/blog\/wp-content\/uploads\/2023\/06\/decor-minimaliste-pas-cher-3-165x165.jpeg 165w, https:\/\/www.cocondedecoration.com\/blog\/wp-content\/uploads\/2023\/06\/decor-minimaliste-pas-cher-3-260x260.jpeg 260w, https:\/\/www.cocondedecoration.com\/blog\/wp-content\/uploads\/2023\/06\/decor-minimaliste-pas-cher-3-465x465.jpeg 465w\" sizes=\"(max-width: 500px) 100vw, 500px\" \/><\/p><\/div>\n<div id='slider_61410_slide10' class='sa_hover_container' style='padding:5% 5%; margin:0px 0%; '><p><img loading=\"lazy\" decoding=\"async\" class=\"aligncenter size-full wp-image-61415\" src=\"https:\/\/www.cocondedecoration.com\/blog\/wp-content\/uploads\/2023\/06\/meuble-deco-minimaliste-moderne-4.jpeg\" alt=\"meuble deco minimaliste moderne Vase en gr\u00e8s blanc H14 forme organique\" width=\"500\" height=\"500\" srcset=\"https:\/\/www.cocondedecoration.com\/blog\/wp-content\/uploads\/2023\/06\/meuble-deco-minimaliste-moderne-4.jpeg 500w, https:\/\/www.cocondedecoration.com\/blog\/wp-content\/uploads\/2023\/06\/meuble-deco-minimaliste-moderne-4-165x165.jpeg 165w, https:\/\/www.cocondedecoration.com\/blog\/wp-content\/uploads\/2023\/06\/meuble-deco-minimaliste-moderne-4-260x260.jpeg 260w, https:\/\/www.cocondedecoration.com\/blog\/wp-content\/uploads\/2023\/06\/meuble-deco-minimaliste-moderne-4-465x465.jpeg 465w\" sizes=\"(max-width: 500px) 100vw, 500px\" \/><\/p><\/div>\n<div id='slider_61410_slide11' class='sa_hover_container' style='padding:5% 5%; margin:0px 0%; '><p><img loading=\"lazy\" decoding=\"async\" class=\"aligncenter size-full wp-image-61421\" src=\"https:\/\/www.cocondedecoration.com\/blog\/wp-content\/uploads\/2023\/06\/decoration-minimaliste-design-4.jpeg\" alt=\"decoration minimaliste design Miroir mural ovale en bois\" width=\"500\" height=\"500\" srcset=\"https:\/\/www.cocondedecoration.com\/blog\/wp-content\/uploads\/2023\/06\/decoration-minimaliste-design-4.jpeg 500w, https:\/\/www.cocondedecoration.com\/blog\/wp-content\/uploads\/2023\/06\/decoration-minimaliste-design-4-165x165.jpeg 165w, https:\/\/www.cocondedecoration.com\/blog\/wp-content\/uploads\/2023\/06\/decoration-minimaliste-design-4-260x260.jpeg 260w, https:\/\/www.cocondedecoration.com\/blog\/wp-content\/uploads\/2023\/06\/decoration-minimaliste-design-4-465x465.jpeg 465w\" sizes=\"(max-width: 500px) 100vw, 500px\" \/><\/p><\/div>\n<div id='slider_61410_slide12' class='sa_hover_container' style='padding:5% 5%; margin:0px 0%; '><p><img loading=\"lazy\" decoding=\"async\" class=\"aligncenter size-full wp-image-61426\" src=\"https:\/\/www.cocondedecoration.com\/blog\/wp-content\/uploads\/2023\/06\/decor-minimaliste-pas-cher-4.jpeg\" alt=\"decor minimaliste pas cher Applique articul\u00e9e noire\" width=\"500\" height=\"500\" srcset=\"https:\/\/www.cocondedecoration.com\/blog\/wp-content\/uploads\/2023\/06\/decor-minimaliste-pas-cher-4.jpeg 500w, https:\/\/www.cocondedecoration.com\/blog\/wp-content\/uploads\/2023\/06\/decor-minimaliste-pas-cher-4-165x165.jpeg 165w, https:\/\/www.cocondedecoration.com\/blog\/wp-content\/uploads\/2023\/06\/decor-minimaliste-pas-cher-4-260x260.jpeg 260w, https:\/\/www.cocondedecoration.com\/blog\/wp-content\/uploads\/2023\/06\/decor-minimaliste-pas-cher-4-465x465.jpeg 465w\" sizes=\"(max-width: 500px) 100vw, 500px\" \/><\/p><\/div>\n<div id='slider_61410_slide13' class='sa_hover_container' style='padding:5% 5%; margin:0px 0%; '><p><img loading=\"lazy\" decoding=\"async\" class=\"aligncenter size-full wp-image-61416\" src=\"https:\/\/www.cocondedecoration.com\/blog\/wp-content\/uploads\/2023\/06\/meuble-deco-minimaliste-moderne-5.jpeg\" alt=\"meuble deco minimaliste moderne Meuble TV 1 niche 1 tiroir blanc cr\u00e8me arche\" width=\"500\" height=\"500\" srcset=\"https:\/\/www.cocondedecoration.com\/blog\/wp-content\/uploads\/2023\/06\/meuble-deco-minimaliste-moderne-5.jpeg 500w, https:\/\/www.cocondedecoration.com\/blog\/wp-content\/uploads\/2023\/06\/meuble-deco-minimaliste-moderne-5-165x165.jpeg 165w, https:\/\/www.cocondedecoration.com\/blog\/wp-content\/uploads\/2023\/06\/meuble-deco-minimaliste-moderne-5-260x260.jpeg 260w, https:\/\/www.cocondedecoration.com\/blog\/wp-content\/uploads\/2023\/06\/meuble-deco-minimaliste-moderne-5-465x465.jpeg 465w\" sizes=\"(max-width: 500px) 100vw, 500px\" \/><\/p><\/div>\n<div id='slider_61410_slide14' class='sa_hover_container' style='padding:5% 5%; margin:0px 0%; '><p><img loading=\"lazy\" decoding=\"async\" class=\"aligncenter size-full wp-image-61422\" src=\"https:\/\/www.cocondedecoration.com\/blog\/wp-content\/uploads\/2023\/06\/decoration-minimaliste-design-5.jpeg\" alt=\"decoration minimaliste design Horloge verte\" width=\"500\" height=\"500\" srcset=\"https:\/\/www.cocondedecoration.com\/blog\/wp-content\/uploads\/2023\/06\/decoration-minimaliste-design-5.jpeg 500w, https:\/\/www.cocondedecoration.com\/blog\/wp-content\/uploads\/2023\/06\/decoration-minimaliste-design-5-165x165.jpeg 165w, https:\/\/www.cocondedecoration.com\/blog\/wp-content\/uploads\/2023\/06\/decoration-minimaliste-design-5-260x260.jpeg 260w, https:\/\/www.cocondedecoration.com\/blog\/wp-content\/uploads\/2023\/06\/decoration-minimaliste-design-5-465x465.jpeg 465w\" sizes=\"(max-width: 500px) 100vw, 500px\" \/><\/p><\/div>\n<div id='slider_61410_slide15' class='sa_hover_container' style='padding:5% 5%; margin:0px 0%; '><p><img loading=\"lazy\" decoding=\"async\" class=\"aligncenter size-full wp-image-61427\" src=\"https:\/\/www.cocondedecoration.com\/blog\/wp-content\/uploads\/2023\/06\/decor-minimaliste-pas-cher-5.jpeg\" alt=\"decor minimaliste pas cher Fauteuil tissu natt\u00e9 chin\u00e9 gris\" width=\"500\" height=\"500\" srcset=\"https:\/\/www.cocondedecoration.com\/blog\/wp-content\/uploads\/2023\/06\/decor-minimaliste-pas-cher-5.jpeg 500w, https:\/\/www.cocondedecoration.com\/blog\/wp-content\/uploads\/2023\/06\/decor-minimaliste-pas-cher-5-165x165.jpeg 165w, https:\/\/www.cocondedecoration.com\/blog\/wp-content\/uploads\/2023\/06\/decor-minimaliste-pas-cher-5-260x260.jpeg 260w, https:\/\/www.cocondedecoration.com\/blog\/wp-content\/uploads\/2023\/06\/decor-minimaliste-pas-cher-5-465x465.jpeg 465w\" sizes=\"(max-width: 500px) 100vw, 500px\" \/><\/p><\/div>\n<\/div>\n<\/div>\n<script type='text\/javascript'>\n\tjQuery(document).ready(function() {\n\t\tjQuery('#slider_61410').owlCarousel({\n\t\t\titems : 1,\n\t\t\tsmartSpeed : 200,\n\t\t\tautoplay : true,\n\t\t\tautoplayTimeout : 5000,\n\t\t\tautoplayHoverPause : true,\n\t\t\tsmartSpeed : 200,\n\t\t\tfluidSpeed : 200,\n\t\t\tautoplaySpeed : 200,\n\t\t\tnavSpeed : 200,\n\t\t\tdotsSpeed : 200,\n\t\t\tloop : true,\n\t\t\tnav : true,\n\t\t\tnavText : ['Previous','Next'],\n\t\t\tdots : true,\n\t\t\tresponsiveRefreshRate : 200,\n\t\t\tslideBy : 1,\n\t\t\tmergeFit : true,\n\t\t\tautoHeight : false,\n\t\t\tmouseDrag : false,\n\t\t\ttouchDrag : true\n\t\t});\n\t\tjQuery('#slider_61410').css('visibility', 'visible');\n\t\tsa_resize_slider_61410();\n\t\twindow.addEventListener('resize', sa_resize_slider_61410);\n\t\tfunction sa_resize_slider_61410() {\n\t\t\tvar min_height = '50';\n\t\t\tvar win_width = jQuery(window).width();\n\t\t\tvar slider_width = jQuery('#slider_61410').width();\n\t\t\tif (win_width < 480) {\n\t\t\t\tvar slide_width = slider_width \/ 1;\n\t\t\t} else if (win_width < 768) {\n\t\t\t\tvar slide_width = slider_width \/ 1;\n\t\t\t} else if (win_width < 980) {\n\t\t\t\tvar slide_width = slider_width \/ 1;\n\t\t\t} else if (win_width < 1200) {\n\t\t\t\tvar slide_width = slider_width \/ 1;\n\t\t\t} else if (win_width < 1500) {\n\t\t\t\tvar slide_width = slider_width \/ 1;\n\t\t\t} else {\n\t\t\t\tvar slide_width = slider_width \/ 1;\n\t\t\t}\n\t\t\tslide_width = Math.round(slide_width);\n\t\t\tvar slide_height = '0';\n\t\t\tif (min_height == 'aspect43') {\n\t\t\t\tslide_height = (slide_width \/ 4) * 3;\t\t\t\tslide_height = Math.round(slide_height);\n\t\t\t} else if (min_height == 'aspect169') {\n\t\t\t\tslide_height = (slide_width \/ 16) * 9;\t\t\t\tslide_height = Math.round(slide_height);\n\t\t\t} else {\n\t\t\t\tslide_height = (slide_width \/ 100) * min_height;\t\t\t\tslide_height = Math.round(slide_height);\n\t\t\t}\n\t\t\tjQuery('#slider_61410 .owl-item .sa_hover_container').css('min-height', slide_height+'px');\n\t\t}\n\t\tvar owl_goto = jQuery('#slider_61410');\n\t\tjQuery('.slider_61410_goto1').click(function(event){\n\t\t\towl_goto.trigger('to.owl.carousel', 0);\n\t\t});\n\t\tjQuery('.slider_61410_goto2').click(function(event){\n\t\t\towl_goto.trigger('to.owl.carousel', 1);\n\t\t});\n\t\tjQuery('.slider_61410_goto3').click(function(event){\n\t\t\towl_goto.trigger('to.owl.carousel', 2);\n\t\t});\n\t\tjQuery('.slider_61410_goto4').click(function(event){\n\t\t\towl_goto.trigger('to.owl.carousel', 3);\n\t\t});\n\t\tjQuery('.slider_61410_goto5').click(function(event){\n\t\t\towl_goto.trigger('to.owl.carousel', 4);\n\t\t});\n\t\tjQuery('.slider_61410_goto6').click(function(event){\n\t\t\towl_goto.trigger('to.owl.carousel', 5);\n\t\t});\n\t\tjQuery('.slider_61410_goto7').click(function(event){\n\t\t\towl_goto.trigger('to.owl.carousel', 6);\n\t\t});\n\t\tjQuery('.slider_61410_goto8').click(function(event){\n\t\t\towl_goto.trigger('to.owl.carousel', 7);\n\t\t});\n\t\tjQuery('.slider_61410_goto9').click(function(event){\n\t\t\towl_goto.trigger('to.owl.carousel', 8);\n\t\t});\n\t\tjQuery('.slider_61410_goto10').click(function(event){\n\t\t\towl_goto.trigger('to.owl.carousel', 9);\n\t\t});\n\t\tjQuery('.slider_61410_goto11').click(function(event){\n\t\t\towl_goto.trigger('to.owl.carousel', 10);\n\t\t});\n\t\tjQuery('.slider_61410_goto12').click(function(event){\n\t\t\towl_goto.trigger('to.owl.carousel', 11);\n\t\t});\n\t\tjQuery('.slider_61410_goto13').click(function(event){\n\t\t\towl_goto.trigger('to.owl.carousel', 12);\n\t\t});\n\t\tjQuery('.slider_61410_goto14').click(function(event){\n\t\t\towl_goto.trigger('to.owl.carousel', 13);\n\t\t});\n\t\tjQuery('.slider_61410_goto15').click(function(event){\n\t\t\towl_goto.trigger('to.owl.carousel', 14);\n\t\t});\n\t\tvar resize_61410 = jQuery('.owl-carousel');\n\t\tresize_61410.on('initialized.owl.carousel', function(e) {\n\t\t\tif (typeof(Event) === 'function') {\n\t\t\t\twindow.dispatchEvent(new Event('resize'));\n\t\t\t} else {\n\t\t\t\tvar evt = window.document.createEvent('UIEvents');\n\t\t\t\tevt.initUIEvent('resize', true, false, window, 0);\n\t\t\t\twindow.dispatchEvent(evt);\n\t\t\t}\n\t\t});\n\t});\n<\/script>\n\n<\/div>\n\n\n\n<div class=\"wp-block-column is-layout-flow wp-block-column-is-layout-flow\">\n<p class=\"has-medium-font-size\">Envie d'une touche plus minimale dans votre d\u00e9co? <\/p>\n\n\n\n<ol><li><a rel=\"noreferrer noopener\" aria-label=\"Canap\u00e9 2\/3 places gris (s\u2019ouvre dans un nouvel onglet)\" href=\"https:\/\/fnty.co\/c\/r-fDgKRmOl\" target=\"_blank\">Canap\u00e9 2\/3 places gris<\/a> - Maisons du Monde <\/li><li><a rel=\"noreferrer noopener\" aria-label=\"Fauteuil lounge en fr\u00eane noir (s\u2019ouvre dans un nouvel onglet)\" href=\"https:\/\/fnty.co\/c\/r-lsIxdzxj\" target=\"_blank\">Fauteuil lounge en fr\u00eane noir<\/a> - The Cool Republic <\/li><li><a rel=\"noreferrer noopener\" aria-label=\"Cache-pot en argile \u00d855 cm (s\u2019ouvre dans un nouvel onglet)\" href=\"https:\/\/c3po.link\/QCeTw9Bk5U\" target=\"_blank\">Cache-pot en argile \u00d855 cm<\/a> - La Redoute<\/li><li><a rel=\"noreferrer noopener\" aria-label=\"Lampe de table noir verre \u00f820cm  (s\u2019ouvre dans un nouvel onglet)\" href=\"https:\/\/fnty.co\/c\/r-izicBxer\" target=\"_blank\">Lampe de table noir verre \u00f820cm <\/a>- Maisons du Monde <\/li><li><a rel=\"noreferrer noopener\" aria-label=\"Lampe \u00e0 poser en b\u00e9ton (s\u2019ouvre dans un nouvel onglet)\" href=\"https:\/\/fnty.co\/c\/r-cPzUJVej\" target=\"_blank\">Lampe \u00e0 poser en b\u00e9ton<\/a> - The Cool Republic <\/li><li><a rel=\"noreferrer noopener\" aria-label=\"Lit avec sommier  (s\u2019ouvre dans un nouvel onglet)\" href=\"https:\/\/c3po.link\/QwM6kV8uPt\" target=\"_blank\">Lit avec sommier <\/a>- La Redoute<\/li><li><a rel=\"noreferrer noopener\" aria-label=\"Coussin tress\u00e9 gris (s\u2019ouvre dans un nouvel onglet)\" href=\"https:\/\/fnty.co\/c\/r-zxdtAjFg\" target=\"_blank\">Coussin tress\u00e9 gris<\/a> - Maisons du Monde <\/li><li><a rel=\"noreferrer noopener\" aria-label=\"Sculpture noire (s\u2019ouvre dans un nouvel onglet)\" href=\"https:\/\/fnty.co\/c\/r-azjmfzXP\" target=\"_blank\">Sculpture noire<\/a> - The Cool Republic <\/li><li><a href=\"https:\/\/c3po.link\/QVXrEMhTNv\">Housse de couette unie coton biologique<\/a> - La Redoute <\/li><li><a rel=\"noreferrer noopener\" aria-label=\"Vase en gr\u00e8s blanc (s\u2019ouvre dans un nouvel onglet)\" href=\"https:\/\/fnty.co\/c\/r-KeVetAnS\" target=\"_blank\">Vase en gr\u00e8s blanc<\/a> - Maisons du Monde <\/li><li><a rel=\"noreferrer noopener\" aria-label=\"Miroir mural ovale en bois (s\u2019ouvre dans un nouvel onglet)\" href=\"https:\/\/fnty.co\/c\/r-sMtBVlkD\" target=\"_blank\">Miroir mural ovale en bois<\/a> - The Cool Republic <\/li><li><a href=\"https:\/\/c3po.link\/QJKNeFtBpj\">Applique articul\u00e9e <\/a>- La Redoute <\/li><li><a rel=\"noreferrer noopener\" aria-label=\"Meuble TV 1 niche 1 tiroir blanc cr\u00e8me (s\u2019ouvre dans un nouvel onglet)\" href=\"https:\/\/fnty.co\/c\/r-DdRrXvOq\" target=\"_blank\">Meuble TV 1 niche 1 tiroir blanc cr\u00e8me<\/a> - Maisons du Monde <\/li><li><a rel=\"noreferrer noopener\" aria-label=\"Horloge verte (s\u2019ouvre dans un nouvel onglet)\" href=\"https:\/\/fnty.co\/c\/r-TKJQmJTh\" target=\"_blank\">Horloge verte<\/a> - The Cool Republic <\/li><li><a href=\"https:\/\/c3po.link\/QuxS7VDQqV\" target=\"_blank\" rel=\"noreferrer noopener\" aria-label=\"Fauteuil tissu natt\u00e9 chin\u00e9 (s\u2019ouvre dans un nouvel onglet)\">Fauteuil tissu natt\u00e9 chin\u00e9<\/a> - La Redoute <\/li><\/ol>\n\n\n\n<p style=\"text-align:center\"><strong>A lire aussi: <\/strong><a rel=\"noreferrer noopener\" aria-label=\"Id\u00e9e d\u00e9co | des luminaires minimalistes  (s\u2019ouvre dans un nouvel onglet)\" href=\"https:\/\/www.cocondedecoration.com\/blog\/2022\/03\/luminaire-minimaliste\/\" target=\"_blank\"><strong>Id\u00e9e d\u00e9co | des luminaires minimalistes <\/strong><\/a><\/p>\n<\/div>\n<\/div>\n\n\n\n<hr class=\"wp-block-separator\"\/>\n\n\n\n<div class=\"wp-block-columns has-2-columns is-layout-flex wp-container-core-columns-layout-2 wp-block-columns-is-layout-flex\">\n<div class=\"wp-block-column is-layout-flow wp-block-column-is-layout-flow\">\n<p style=\"text-align:center\" class=\"has-medium-font-size\">A lire \u00e9galement<\/p>\n\n\n<ul class=\"wp-block-latest-posts__list wp-block-latest-posts\"><li><a class=\"wp-block-latest-posts__post-title\" href=\"https:\/\/www.cocondedecoration.com\/blog\/2025\/05\/style-scandinave-minimaliste\/\">Mixer minimalisme et style scandinave sans cr\u00e9er un d\u00e9cor impersonnel et froid<\/a><\/li>\n<li><a class=\"wp-block-latest-posts__post-title\" href=\"https:\/\/www.cocondedecoration.com\/blog\/2025\/03\/interieur-minimaliste-naturel\/\">\u00c9quilibre et simplicit\u00e9: m\u00e9lange du style minimaliste et nature<\/a><\/li>\n<li><a class=\"wp-block-latest-posts__post-title\" href=\"https:\/\/www.cocondedecoration.com\/blog\/2023\/12\/maison-demi-niveau-moderne\/\">Maison c\u00f4ti\u00e8re ultra-moderne et \u00e9pur\u00e9e | visite d\u00e9co<\/a><\/li>\n<li><a class=\"wp-block-latest-posts__post-title\" href=\"https:\/\/www.cocondedecoration.com\/blog\/2023\/12\/maison-moderne-hauts-plafonds\/\">Visite d\u00e9co | \u00ab\u00a0Petite\u00a0\u00bb maison avec de hauts plafonds au d\u00e9cor moderne et \u00e9l\u00e9gant<\/a><\/li>\n<li><a class=\"wp-block-latest-posts__post-title\" href=\"https:\/\/www.cocondedecoration.com\/blog\/2023\/12\/tendances-decoration-interieure-2024\/\">Trendy |\u00a0Quelles sont les grandes tendances d\u00e9co pour 2024?<\/a><\/li>\n<li><a class=\"wp-block-latest-posts__post-title\" href=\"https:\/\/www.cocondedecoration.com\/blog\/2023\/09\/architecture-minimaliste-caracteristiques\/\">Histoire &#038; design | Quid de l&rsquo;architecture minimaliste?<\/a><\/li>\n<li><a class=\"wp-block-latest-posts__post-title\" href=\"https:\/\/www.cocondedecoration.com\/blog\/2023\/02\/caracteristique-interieur-minimaliste\/\">Id\u00e9es d\u00e9co | 8 mani\u00e8res d&rsquo;adopter le style minimaliste chez soi<\/a><\/li>\n<\/ul><\/div>\n\n\n\n<div class=\"wp-block-column is-layout-flow wp-block-column-is-layout-flow\">\n<p class=\"has-text-align-center has-medium-font-size\">Ne perdons pas contact \ud83d\ude42 Rejoignez moi sur <a href=\"https:\/\/www.pinterest.fr\/cocondedeco\/\" target=\"_blank\" rel=\"noopener\" title=\"\">Pinterest<\/a> |\u00a0<a href=\"https:\/\/www.threads.net\/@cocondedeco\" target=\"_blank\" rel=\"noopener\" title=\"\">Threads<\/a> | <a href=\"https:\/\/www.patreon.com\/collection\/162946?view=expanded\" target=\"_blank\" rel=\"noopener\" title=\"\">la Newsletter<\/a> <br>Vous aimez lire le blog? Vous souhaitez continuer \u00e0 le lire? <a href=\"https:\/\/www.patreon.com\/cocondedeco\" target=\"_blank\" rel=\"noopener\" title=\"\">Devenez m\u00e9c\u00e8ne<\/a> sur Patreon et contribuez \u00e0 sa survie. <\/p>\n<\/div>\n<\/div>\n\n\n\n<p style=\"text-align:right\" class=\"has-small-font-size\">Article mis \u00e0 jour en septembre 2023<\/p>\n","protected":false},"excerpt":{"rendered":"<p>Qui n&rsquo;a jamais r\u00eav\u00e9 d&rsquo;avoir des journ\u00e9es qui faisaient plus de 24 heures pour avoir le temps de tout faire? Perso, c&rsquo;\u00e9tait mon cas avant de quitter la France en 2016. pas faute d&rsquo;avoir essayer de lever le pied, de mettre en place un tas de trucs. Je cumulais 3<span class=\"more-link\"><a href=\"https:\/\/www.cocondedecoration.com\/blog\/2019\/03\/less-is-more-routine-matinale-pour-un-interieur-minimaliste-11-03\/\">Lire la suite<\/a><\/span><\/p>\n","protected":false},"author":1,"featured_media":20460,"comment_status":"open","ping_status":"open","sticky":false,"template":"","format":"standard","meta":{"om_disable_all_campaigns":false,"_monsterinsights_skip_tracking":false,"_monsterinsights_sitenote_active":false,"_monsterinsights_sitenote_note":"","_monsterinsights_sitenote_category":0,"_uf_show_specific_survey":0,"_uf_disable_surveys":false,"footnotes":""},"categories":[140,3347],"tags":[199,3834,3832,3831,3833,3678,3819,3746,3835,3829,3822,3830,2182,1706],"aioseo_notices":[],"_links":{"self":[{"href":"https:\/\/www.cocondedecoration.com\/blog\/wp-json\/wp\/v2\/posts\/20456"}],"collection":[{"href":"https:\/\/www.cocondedecoration.com\/blog\/wp-json\/wp\/v2\/posts"}],"about":[{"href":"https:\/\/www.cocondedecoration.com\/blog\/wp-json\/wp\/v2\/types\/post"}],"author":[{"embeddable":true,"href":"https:\/\/www.cocondedecoration.com\/blog\/wp-json\/wp\/v2\/users\/1"}],"replies":[{"embeddable":true,"href":"https:\/\/www.cocondedecoration.com\/blog\/wp-json\/wp\/v2\/comments?post=20456"}],"version-history":[{"count":0,"href":"https:\/\/www.cocondedecoration.com\/blog\/wp-json\/wp\/v2\/posts\/20456\/revisions"}],"wp:featuredmedia":[{"embeddable":true,"href":"https:\/\/www.cocondedecoration.com\/blog\/wp-json\/wp\/v2\/media\/20460"}],"wp:attachment":[{"href":"https:\/\/www.cocondedecoration.com\/blog\/wp-json\/wp\/v2\/media?parent=20456"}],"wp:term":[{"taxonomy":"category","embeddable":true,"href":"https:\/\/www.cocondedecoration.com\/blog\/wp-json\/wp\/v2\/categories?post=20456"},{"taxonomy":"post_tag","embeddable":true,"href":"https:\/\/www.cocondedecoration.com\/blog\/wp-json\/wp\/v2\/tags?post=20456"}],"curies":[{"name":"wp","href":"https:\/\/api.w.org\/{rel}","templated":true}]}}