{"id":20335,"date":"2019-02-01T01:00:52","date_gmt":"2019-01-31T23:00:52","guid":{"rendered":"http:\/\/www.cocondedecoration.com\/blog\/?p=20335"},"modified":"2025-07-02T07:41:45","modified_gmt":"2025-07-02T05:41:45","slug":"less-is-more-un-bureau-presque-minimaliste-pour-les-creatives","status":"publish","type":"post","link":"https:\/\/www.cocondedecoration.com\/blog\/2019\/02\/less-is-more-un-bureau-presque-minimaliste-pour-les-creatives\/","title":{"rendered":"[Less is more] Un bureau presque minimaliste pour les cr\u00e9atives"},"content":{"rendered":"\n<p>Il y a quelques jours, je discutais avec la cr\u00e9atrice de <a href=\"http:\/\/rock-and-paper.com\/\" target=\"_blank\" rel=\"noopener noreferrer\">Rock &amp; Paper<\/a> sur Instagram. Pour vous la faire courte, on parlait de son espace de travail, de ce qu'elle aimerait, de ce \u00e0 quoi son bureau ressemblait et de ce qu'elle avait besoin. Je lui ai \u00e9crit un truc du genre: \"tu ne gardes que ce que tu as besoin\" et elle m'a r\u00e9pondu: \"J'ai quand m\u00eame besoin de mati\u00e8re\". Bref, \u00e7a a fait tilt dans ma t\u00eate. Je me suis dit qu'il fallait que je me penche sur la question! Comment cr\u00e9er un espace de travail minimaliste quand on est cr\u00e9ative?<\/p>\n\n\n\n<!--more-->\n\n\n\n<div class=\"wp-block-image\"><figure class=\"aligncenter\"><a href=\"https:\/\/www.patreon.com\/cocondedeco\" target=\"_blank\" rel=\"noreferrer noopener\"><img loading=\"lazy\" decoding=\"async\" width=\"728\" height=\"90\" src=\"http:\/\/www.cocondedecoration.com\/blog\/wp-content\/uploads\/2021\/01\/banniere-patreon.png\" alt=\"\" class=\"wp-image-33877\" srcset=\"https:\/\/www.cocondedecoration.com\/blog\/wp-content\/uploads\/2021\/01\/banniere-patreon.png 728w, https:\/\/www.cocondedecoration.com\/blog\/wp-content\/uploads\/2021\/01\/banniere-patreon-260x32.png 260w, https:\/\/www.cocondedecoration.com\/blog\/wp-content\/uploads\/2021\/01\/banniere-patreon-640x79.png 640w, https:\/\/www.cocondedecoration.com\/blog\/wp-content\/uploads\/2021\/01\/banniere-patreon-465x57.png 465w, https:\/\/www.cocondedecoration.com\/blog\/wp-content\/uploads\/2021\/01\/banniere-patreon-695x86.png 695w\" sizes=\"(max-width: 728px) 100vw, 728px\" \/><\/a><\/figure><\/div>\n\n\n\n<p style=\"text-align:center\" class=\"has-background has-small-font-size has-very-light-gray-background-color\">Avant de poursuivre cet article, j'aimerai vous parler quelques instants de Patreon. C'est une plateforme en plus du blog sur laquelle vous pouvez devenir m\u00e9c\u00e8ne du blog. <br><strong>Pourquoi soutenir le blog?<\/strong> <br>Parce que c'est un travail consid\u00e9rable et m\u00eame si je le fais avec passion c'est aussi un travail pr\u00e9caire (<a rel=\"noreferrer noopener\" href=\"https:\/\/www.patreon.com\/posts\/en-quoi-consiste-86917611\" target=\"_blank\">je vous explique tout cela en d\u00e9tail dans ce post<\/a>). Si vous aimez l'article que vous \u00eates en train de lire, si vous me suivez sur les r\u00e9seaux sociaux ou encore si vous lisez r\u00e9guli\u00e8rement le blog, je vous serai reconnaissante de soutenir le blog via Patreon. Par ailleurs, en vous abonnant sur la plateforme vous acc\u00e9derez \u00e0 des contenus exclusifs pour vous remercier de votre soutien. C'est sans engagement et chaque contribution fera la diff\u00e9rence. Merci par avance de votre aide! <br><a rel=\"noreferrer noopener\" href=\"https:\/\/www.patreon.com\/cocondedeco\" target=\"_blank\"><strong>En savoir plus &amp; acc\u00e9der \u00e0 Patreon<\/strong><\/a><\/p>\n\n\n\n<h2 class=\"wp-block-heading\">Le minimalisme n'est pas du vide m\u00eame sur un bureau<\/h2>\n\n\n\n<p>Je crois qu'avant de se lancer dans quoi que ce soit, il est primordial de rappeler que le minimalisme n'est pas synonyme de vide. Le minimalisme c'est 1\/ penser \u00e0 ce qu'on a besoin ou pas 2\/un syst\u00e8me de rangement adapt\u00e9 3\/ ne pas laisser le d\u00e9sordre revenir comme un pervers dans le quotidien. Mon bureau est minimaliste ++ parce que je suis nomade. Il est compos\u00e9 de mon ordinateur et de sa pochette. Mais dans sa pochette il y a un cahier, un crayon, des brouillons... Parce que parfois j'ai vraiment besoin de poser les choses sur papier. Mon bureau d'ordi n'est \u00e9tonnamment pas bord\u00e9lique. En fait, je ne supporte pas de chercher des dossiers pendant 107 ans. Il y a donc peu de choses m\u00eame sur l'\u00e9cran. Pour l'inspiration, je la trouve maintenant un peu partout. C'est assez cool. Mais mon bureau n'est pas vide. On ajoute \u00e0 cela en g\u00e9n\u00e9ral, une paire d'\u00e9couteurs, une tasse de caf\u00e9 ou une bi\u00e8re, un paquet de clopes... D\u00e9finitivement, mon espace de travail n'est pas vide!<br>En revanche, quand on est cr\u00e9ative, c'est un peu plus compliqu\u00e9. Pourquoi? Parce que le processus de cr\u00e9ation est plus d\u00e9velopp\u00e9 et qu'une tonne de choses servent pour cr\u00e9er et s'inspirer. N'emp\u00eache qu'on peut y mettre de l'ordre! J'ai aussi remarqu\u00e9 que les personnes cr\u00e9atives, surtout les femmes, \u00e9taient tr\u00e8s g\u00e9n\u00e9reuses; Elles mettent du coeur et du temps dans leurs cr\u00e9ations, elles ont donc moins de temps pour ranger.<\/p>\n\n\n\n<h2 class=\"wp-block-heading\">Des moodboards organis\u00e9s et minimalistes pour trouver l'inspiration<\/h2>\n\n\n\n<p>Les moodboards - on en parle moins qu'avant mais ils restent toujours des outils tr\u00e8s int\u00e9ressant pour cr\u00e9er. Et m\u00eame si perso, j'ai tendance \u00e0 cr\u00e9er des tableaux d'humeur tr\u00e8s artistiques (comprendre tr\u00e8s bord\u00e9liques), il est possible de les organiser, les ordonner sans pour autant perdre l'inspiration. Cette id\u00e9e d'ordre justement peut m\u00eame \u00eatre source d'inspiration. En art par exemple, j'adore les artistes qui travaillent l'accumulation d'objets. Il y a quelques ann\u00e9es, j'ai vu une oeuvre o\u00f9 tous les objets \u00e9taient align\u00e9s sur le mur, c'en \u00e9tait presque envoutant. Autant vous dire que j'ai pass\u00e9 beaucoup de temps \u00e0 regarder cette composition artistique! Bref, je m'\u00e9parpille! (Un comble quand on parle de minimalisme!)<br>Je disais donc que vous pouvez mettre de l'ordre dans votre inspiration et dans les moodboards. On peut s'imaginer aligner les diff\u00e9rentes affiches. On peut regrouper par textures les diff\u00e9rentes inspirations. Ou encore, partir sur un rangement par couleur. C'est tr\u00e8s graphique, votre moodbaord se transforme alors en \u00e9l\u00e9ment de d\u00e9co \u00e0 part enti\u00e8re.<\/p>\n\n\n\n<h2 class=\"wp-block-heading\">Des rangements adapt\u00e9s pour que rien ne traine sur le bureau<\/h2>\n\n\n\n<p>Quand on parle de bureau, malheureusement, on ne parle pas que de travail qui nous plait, surtout quand on est \u00e0 son compte. Il y a tout ce qui nous gonfle comme la facturation, les papiers administratifs, etc. La question est: Est-ce que \u00e7a a vraiment sa place sur le bureau? Un tiroir avec diff\u00e9rentes pochettes, une boite \u00e0 chaussure ferm\u00e9e c'est bien aussi. Selon votre organisation de travail, vous avez besoin de ce type de papiers \u00e9pisodiquement. Ce n'est pas la peine de les avoir sur le bureau tout le temps. M\u00eame si vous les gardez devant les yeux pour ne pas les oublier, ce n'est pas la solution. L\u00e0, je pense que c'est vraiment une organisation de travail. Dites-vous un truc du genre: \"je me tape la paperasserie \u00e0 chaque fin de journ\u00e9e\" et sortez l\u00e0 uniquement \u00e0 ce moment l\u00e0. Le reste du temps, pas besoin de s'encombrer avec \u00e7a.<\/p>\n\n\n\n<p>Mais il n'y a pas que les papiers \u00e0 ranger sur un bureau quand on est cr\u00e9ative. Selon votre activit\u00e9, vous aurez besoin plus ou moins de matos. L\u00e0 aussi on peut le ranger efficacement. Quand je vivais encore en France, j'avais une copine qui faisait de tr\u00e8s jolis bijoux. Elle avait un tas de perles, breloques, fermoirs et j'en passe. Elle avait aussi une organisation du tonnerre. Tout \u00e9tait dans des rangements \u00e0 tiroirs. Son bureau n'\u00e9tait pas grand et pourtant, elle avait encore de la place pour cr\u00e9er. Et le rangement en fin de journ\u00e9e \u00e9tait rapide parce chaque chose avait sa place. Pas besoin de r\u00e9fl\u00e9chir et de se demander: \"O\u00f9 je vais ranger \u00e7a\", \"comment je vais empiler \u00e7a sans que \u00e7a se casse la figure\"... Vu le nombre impressionnant de cr\u00e9atrices et d'activit\u00e9s, c'est impossible pour moi de composer ici toutes les possibilit\u00e9s de rangement. C'est \u00e0 vous de vous creuser la t\u00eate pour trouver le rangement id\u00e9al selon vos habitudes. Ce qui vous sert au quotidien doit \u00eatre \u00e0 port\u00e9 de main. Ce qui sert plus rarement peut se trouver dans un placard par exemple. Vous irez le chercher quand vous en aurez besoin.<\/p>\n\n\n\n<h2 class=\"wp-block-heading\">Le cas de la boite \u00e0 on-ne-sait-jamais<\/h2>\n\n\n\n<p>Il n'y a pas qu'en parlant sur Instagram que le on-ne-sait-jamais est venu sur le tapis. Il y a aussi la blogueuse D\u00e9conome qui a post\u00e9 cette semaine en storie un carton plein de cadres et de miroirs cass\u00e9s. Et si mes souvenirs sont bons, elle demandait \u00e0 sa communaut\u00e9 si \u00e7a leur arrivait de garder ce types d'objets, parce qu'on ne sait jamais. Je suis hyper bien plac\u00e9e pour en parler. Pendant des ann\u00e9es, j'ai gard\u00e9 des trucs et des machins parce que \u00e7a pouvait servir. Au final, rares sont les choses qui ont vraiment \u00e9t\u00e9 utilis\u00e9es. Mais bon joyeux bordel, je ne concevais pas de m'en s\u00e9parer. C'est ouf comme on s'attache \u00e0 tout \u00e7a!<\/p>\n\n\n\n<p>Pour en revenir au bureau minimaliste d'une cr\u00e9ative et cette fameuse boite du \"on ne sait jamais, \u00e7a peut servir\", je suis d'accord, \u00e7a peut servir. Le bois des cadres peuvent servir \u00e0 autre chose. Mais est-ce que \u00e7a vaut le coup de s'encombrer avec? Est-ce que \u00e7a vous arrive souvent de piocher dedans pour cr\u00e9er un nouvel objet? Si vous r\u00e9pondez oui \u00e0 cette derni\u00e8re question, donc oui, la boite a une utilit\u00e9. Si ce n'est pas le cas, autant prendre le r\u00e9flexe de jeter. Au d\u00e9but \u00e7a fait mal et puis \u00e0 force, \u00e7a devient une habitude.<\/p>\n\n\n\n<p>Quand j'\u00e9tais en Malaisie, il y a quelques mois, j'ai parl\u00e9 avec un su\u00e9dois. Il voyageait avec un sac \u00e0 dos, le m\u00eame mod\u00e8le qu'un sac de coll\u00e9gien. Rien de plus. Je lui ai demand\u00e9 comment il faisait s'il manquait de quelque chose. Il m'a r\u00e9pondu que s'il avait besoin, il achetait. Mais il ne voyait pas l'int\u00e9r\u00eat de se charger au cas o\u00f9. Tu vois o\u00f9 je veux en venir?<br>Depuis que je suis partie, j'ai eu l'occasion de me demander pourquoi en France, je gardais mon joyeux bordel et je crois que \u00e7a me rassurait. Ca m'entourait. Il y a des personnes qui ont besoin du bruit de la t\u00e9l\u00e9 quand ils sont seuls chez eux. D'autres ont besoin d'objets pour se sentir pas compl\u00e8tement tout seul. C'est une mani\u00e8re comme une autre d'appr\u00e9hender la solitude. Mais ce n'\u00e9tait pas que \u00e7a. Quand j'\u00e9tais petite, on m'a appris \u00e0 ne pas jeter. On jette les papiers et les mouchoirs \u00e0 la poubelle. Mais on ne va pas jeter un tube de colle qui n'est pas termin\u00e9. Ouais, on va le stocker, l'oublier. Et au final quand la rentr\u00e9e approchait, bah, on rachetait un nouveau tube de colle. C'est la m\u00eame chose avec les crayons de couleur par exemple.<\/p>\n\n\n\n<p>Bref, on retient quoi de cet article? On ne garde que ce qui est n\u00e9cessaire pour travailler et on l'organise selon ses habitudes de travail. Ca a l'air simple quand je le dis. Je sais que \u00e7a demande de changer votre mani\u00e8re de travailler et de cr\u00e9er. Ca vous demande surtout de prendre conscience de ce qui vous entoure. Soyez SMART dans votre bureau: S pour small, M pour minimaliste, A pour artistique, R pour rangement, et T pour Tadaaaam. C'est l'\u00e9quivalent de la danse de la joie quand vous y serez arriv\u00e9e!<\/p>\n\n\n\n<div class=\"wp-block-columns has-2-columns is-layout-flex wp-container-core-columns-layout-1 wp-block-columns-is-layout-flex\">\n<div class=\"wp-block-column is-layout-flow wp-block-column-is-layout-flow\"><div class='white' style='background:rgba(0,0,0,0); border:solid 0px rgba(0,0,0,0); border-radius:0px; padding:0px 0px 0px 0px;'>\n<div id='slider_63726' class='owl-carousel sa_owl_theme owl-pagination-true autohide-arrows' data-slider-id='slider_63726' style='visibility:hidden;'>\n<div id='slider_63726_slide01' class='sa_hover_container' style='padding:5% 5%; margin:0px 0%; '><p><a href=\"https:\/\/www.cocondedecoration.com\/blog\/wp-content\/uploads\/2025\/07\/meuble-bureau-confo-2025.001.jpeg\"><img loading=\"lazy\" decoding=\"async\" class=\"aligncenter size-full wp-image-83866\" src=\"https:\/\/www.cocondedecoration.com\/blog\/wp-content\/uploads\/2025\/07\/meuble-bureau-confo-2025.001.jpeg\" alt=\"\" width=\"650\" height=\"650\" srcset=\"https:\/\/www.cocondedecoration.com\/blog\/wp-content\/uploads\/2025\/07\/meuble-bureau-confo-2025.001.jpeg 650w, https:\/\/www.cocondedecoration.com\/blog\/wp-content\/uploads\/2025\/07\/meuble-bureau-confo-2025.001-260x260.jpeg 260w, https:\/\/www.cocondedecoration.com\/blog\/wp-content\/uploads\/2025\/07\/meuble-bureau-confo-2025.001-640x640.jpeg 640w, https:\/\/www.cocondedecoration.com\/blog\/wp-content\/uploads\/2025\/07\/meuble-bureau-confo-2025.001-165x165.jpeg 165w, https:\/\/www.cocondedecoration.com\/blog\/wp-content\/uploads\/2025\/07\/meuble-bureau-confo-2025.001-465x465.jpeg 465w, https:\/\/www.cocondedecoration.com\/blog\/wp-content\/uploads\/2025\/07\/meuble-bureau-confo-2025.001-500x500.jpeg 500w\" sizes=\"(max-width: 650px) 100vw, 650px\" \/><\/a><\/p><\/div>\n<div id='slider_63726_slide02' class='sa_hover_container' style='padding:5% 5%; margin:0px 0%; '><p><a href=\"https:\/\/www.cocondedecoration.com\/blog\/wp-content\/uploads\/2025\/07\/mobilier-bureau-la-redoute-2025.001.jpeg\"><img loading=\"lazy\" decoding=\"async\" class=\"aligncenter size-full wp-image-83872\" src=\"https:\/\/www.cocondedecoration.com\/blog\/wp-content\/uploads\/2025\/07\/mobilier-bureau-la-redoute-2025.001.jpeg\" alt=\"\" width=\"650\" height=\"650\" srcset=\"https:\/\/www.cocondedecoration.com\/blog\/wp-content\/uploads\/2025\/07\/mobilier-bureau-la-redoute-2025.001.jpeg 650w, https:\/\/www.cocondedecoration.com\/blog\/wp-content\/uploads\/2025\/07\/mobilier-bureau-la-redoute-2025.001-260x260.jpeg 260w, https:\/\/www.cocondedecoration.com\/blog\/wp-content\/uploads\/2025\/07\/mobilier-bureau-la-redoute-2025.001-640x640.jpeg 640w, https:\/\/www.cocondedecoration.com\/blog\/wp-content\/uploads\/2025\/07\/mobilier-bureau-la-redoute-2025.001-165x165.jpeg 165w, https:\/\/www.cocondedecoration.com\/blog\/wp-content\/uploads\/2025\/07\/mobilier-bureau-la-redoute-2025.001-465x465.jpeg 465w, https:\/\/www.cocondedecoration.com\/blog\/wp-content\/uploads\/2025\/07\/mobilier-bureau-la-redoute-2025.001-500x500.jpeg 500w\" sizes=\"(max-width: 650px) 100vw, 650px\" \/><\/a><\/p><\/div>\n<div id='slider_63726_slide03' class='sa_hover_container' style='padding:5% 5%; margin:0px 0%; '><p><a href=\"https:\/\/www.cocondedecoration.com\/blog\/wp-content\/uploads\/2025\/07\/meuble-bureau-maisons-du-monde-2025.001.jpeg\"><img loading=\"lazy\" decoding=\"async\" class=\"aligncenter size-full wp-image-83878\" src=\"https:\/\/www.cocondedecoration.com\/blog\/wp-content\/uploads\/2025\/07\/meuble-bureau-maisons-du-monde-2025.001.jpeg\" alt=\"\" width=\"650\" height=\"650\" srcset=\"https:\/\/www.cocondedecoration.com\/blog\/wp-content\/uploads\/2025\/07\/meuble-bureau-maisons-du-monde-2025.001.jpeg 650w, https:\/\/www.cocondedecoration.com\/blog\/wp-content\/uploads\/2025\/07\/meuble-bureau-maisons-du-monde-2025.001-260x260.jpeg 260w, https:\/\/www.cocondedecoration.com\/blog\/wp-content\/uploads\/2025\/07\/meuble-bureau-maisons-du-monde-2025.001-640x640.jpeg 640w, https:\/\/www.cocondedecoration.com\/blog\/wp-content\/uploads\/2025\/07\/meuble-bureau-maisons-du-monde-2025.001-165x165.jpeg 165w, https:\/\/www.cocondedecoration.com\/blog\/wp-content\/uploads\/2025\/07\/meuble-bureau-maisons-du-monde-2025.001-465x465.jpeg 465w, https:\/\/www.cocondedecoration.com\/blog\/wp-content\/uploads\/2025\/07\/meuble-bureau-maisons-du-monde-2025.001-500x500.jpeg 500w\" sizes=\"(max-width: 650px) 100vw, 650px\" \/><\/a><\/p><\/div>\n<div id='slider_63726_slide04' class='sa_hover_container' style='padding:5% 5%; margin:0px 0%; '><p><a href=\"https:\/\/www.cocondedecoration.com\/blog\/wp-content\/uploads\/2025\/07\/meuble-bureau-confo-2025.002.jpeg\"><img loading=\"lazy\" decoding=\"async\" class=\"aligncenter size-full wp-image-83868\" src=\"https:\/\/www.cocondedecoration.com\/blog\/wp-content\/uploads\/2025\/07\/meuble-bureau-confo-2025.002.jpeg\" alt=\"\" width=\"650\" height=\"650\" srcset=\"https:\/\/www.cocondedecoration.com\/blog\/wp-content\/uploads\/2025\/07\/meuble-bureau-confo-2025.002.jpeg 650w, https:\/\/www.cocondedecoration.com\/blog\/wp-content\/uploads\/2025\/07\/meuble-bureau-confo-2025.002-260x260.jpeg 260w, https:\/\/www.cocondedecoration.com\/blog\/wp-content\/uploads\/2025\/07\/meuble-bureau-confo-2025.002-640x640.jpeg 640w, https:\/\/www.cocondedecoration.com\/blog\/wp-content\/uploads\/2025\/07\/meuble-bureau-confo-2025.002-165x165.jpeg 165w, https:\/\/www.cocondedecoration.com\/blog\/wp-content\/uploads\/2025\/07\/meuble-bureau-confo-2025.002-465x465.jpeg 465w, https:\/\/www.cocondedecoration.com\/blog\/wp-content\/uploads\/2025\/07\/meuble-bureau-confo-2025.002-500x500.jpeg 500w\" sizes=\"(max-width: 650px) 100vw, 650px\" \/><\/a><\/p><\/div>\n<div id='slider_63726_slide05' class='sa_hover_container' style='padding:5% 5%; margin:0px 0%; '><p><a href=\"https:\/\/www.cocondedecoration.com\/blog\/wp-content\/uploads\/2025\/07\/mobilier-bureau-la-redoute-2025.002.jpeg\"><img loading=\"lazy\" decoding=\"async\" class=\"aligncenter size-full wp-image-83873\" src=\"https:\/\/www.cocondedecoration.com\/blog\/wp-content\/uploads\/2025\/07\/mobilier-bureau-la-redoute-2025.002.jpeg\" alt=\"\" width=\"650\" height=\"650\" srcset=\"https:\/\/www.cocondedecoration.com\/blog\/wp-content\/uploads\/2025\/07\/mobilier-bureau-la-redoute-2025.002.jpeg 650w, https:\/\/www.cocondedecoration.com\/blog\/wp-content\/uploads\/2025\/07\/mobilier-bureau-la-redoute-2025.002-260x260.jpeg 260w, https:\/\/www.cocondedecoration.com\/blog\/wp-content\/uploads\/2025\/07\/mobilier-bureau-la-redoute-2025.002-640x640.jpeg 640w, https:\/\/www.cocondedecoration.com\/blog\/wp-content\/uploads\/2025\/07\/mobilier-bureau-la-redoute-2025.002-165x165.jpeg 165w, https:\/\/www.cocondedecoration.com\/blog\/wp-content\/uploads\/2025\/07\/mobilier-bureau-la-redoute-2025.002-465x465.jpeg 465w, https:\/\/www.cocondedecoration.com\/blog\/wp-content\/uploads\/2025\/07\/mobilier-bureau-la-redoute-2025.002-500x500.jpeg 500w\" sizes=\"(max-width: 650px) 100vw, 650px\" \/><\/a><\/p><\/div>\n<div id='slider_63726_slide06' class='sa_hover_container' style='padding:5% 5%; margin:0px 0%; '><p><a href=\"https:\/\/www.cocondedecoration.com\/blog\/wp-content\/uploads\/2025\/07\/meuble-bureau-maisons-du-monde-2025.002.jpeg\"><img loading=\"lazy\" decoding=\"async\" class=\"aligncenter size-full wp-image-83879\" src=\"https:\/\/www.cocondedecoration.com\/blog\/wp-content\/uploads\/2025\/07\/meuble-bureau-maisons-du-monde-2025.002.jpeg\" alt=\"\" width=\"650\" height=\"650\" srcset=\"https:\/\/www.cocondedecoration.com\/blog\/wp-content\/uploads\/2025\/07\/meuble-bureau-maisons-du-monde-2025.002.jpeg 650w, https:\/\/www.cocondedecoration.com\/blog\/wp-content\/uploads\/2025\/07\/meuble-bureau-maisons-du-monde-2025.002-260x260.jpeg 260w, https:\/\/www.cocondedecoration.com\/blog\/wp-content\/uploads\/2025\/07\/meuble-bureau-maisons-du-monde-2025.002-640x640.jpeg 640w, https:\/\/www.cocondedecoration.com\/blog\/wp-content\/uploads\/2025\/07\/meuble-bureau-maisons-du-monde-2025.002-165x165.jpeg 165w, https:\/\/www.cocondedecoration.com\/blog\/wp-content\/uploads\/2025\/07\/meuble-bureau-maisons-du-monde-2025.002-465x465.jpeg 465w, https:\/\/www.cocondedecoration.com\/blog\/wp-content\/uploads\/2025\/07\/meuble-bureau-maisons-du-monde-2025.002-500x500.jpeg 500w\" sizes=\"(max-width: 650px) 100vw, 650px\" \/><\/a><\/p><\/div>\n<div id='slider_63726_slide07' class='sa_hover_container' style='padding:5% 5%; margin:0px 0%; '><p><a href=\"https:\/\/www.cocondedecoration.com\/blog\/wp-content\/uploads\/2025\/07\/meuble-bureau-confo-2025.003.jpeg\"><img loading=\"lazy\" decoding=\"async\" class=\"aligncenter size-full wp-image-83869\" src=\"https:\/\/www.cocondedecoration.com\/blog\/wp-content\/uploads\/2025\/07\/meuble-bureau-confo-2025.003.jpeg\" alt=\"\" width=\"650\" height=\"650\" srcset=\"https:\/\/www.cocondedecoration.com\/blog\/wp-content\/uploads\/2025\/07\/meuble-bureau-confo-2025.003.jpeg 650w, https:\/\/www.cocondedecoration.com\/blog\/wp-content\/uploads\/2025\/07\/meuble-bureau-confo-2025.003-260x260.jpeg 260w, https:\/\/www.cocondedecoration.com\/blog\/wp-content\/uploads\/2025\/07\/meuble-bureau-confo-2025.003-640x640.jpeg 640w, https:\/\/www.cocondedecoration.com\/blog\/wp-content\/uploads\/2025\/07\/meuble-bureau-confo-2025.003-165x165.jpeg 165w, https:\/\/www.cocondedecoration.com\/blog\/wp-content\/uploads\/2025\/07\/meuble-bureau-confo-2025.003-465x465.jpeg 465w, https:\/\/www.cocondedecoration.com\/blog\/wp-content\/uploads\/2025\/07\/meuble-bureau-confo-2025.003-500x500.jpeg 500w\" sizes=\"(max-width: 650px) 100vw, 650px\" \/><\/a><\/p><\/div>\n<div id='slider_63726_slide08' class='sa_hover_container' style='padding:5% 5%; margin:0px 0%; '><p><a href=\"https:\/\/www.cocondedecoration.com\/blog\/wp-content\/uploads\/2025\/07\/mobilier-bureau-la-redoute-2025.003.jpeg\"><img loading=\"lazy\" decoding=\"async\" class=\"aligncenter size-full wp-image-83874\" src=\"https:\/\/www.cocondedecoration.com\/blog\/wp-content\/uploads\/2025\/07\/mobilier-bureau-la-redoute-2025.003.jpeg\" alt=\"\" width=\"650\" height=\"650\" srcset=\"https:\/\/www.cocondedecoration.com\/blog\/wp-content\/uploads\/2025\/07\/mobilier-bureau-la-redoute-2025.003.jpeg 650w, https:\/\/www.cocondedecoration.com\/blog\/wp-content\/uploads\/2025\/07\/mobilier-bureau-la-redoute-2025.003-260x260.jpeg 260w, https:\/\/www.cocondedecoration.com\/blog\/wp-content\/uploads\/2025\/07\/mobilier-bureau-la-redoute-2025.003-640x640.jpeg 640w, https:\/\/www.cocondedecoration.com\/blog\/wp-content\/uploads\/2025\/07\/mobilier-bureau-la-redoute-2025.003-165x165.jpeg 165w, https:\/\/www.cocondedecoration.com\/blog\/wp-content\/uploads\/2025\/07\/mobilier-bureau-la-redoute-2025.003-465x465.jpeg 465w, https:\/\/www.cocondedecoration.com\/blog\/wp-content\/uploads\/2025\/07\/mobilier-bureau-la-redoute-2025.003-500x500.jpeg 500w\" sizes=\"(max-width: 650px) 100vw, 650px\" \/><\/a><\/p><\/div>\n<div id='slider_63726_slide09' class='sa_hover_container' style='padding:5% 5%; margin:0px 0%; '><p><a href=\"https:\/\/www.cocondedecoration.com\/blog\/wp-content\/uploads\/2025\/07\/meuble-bureau-maisons-du-monde-2025.003.jpeg\"><img loading=\"lazy\" decoding=\"async\" class=\"aligncenter size-full wp-image-83880\" src=\"https:\/\/www.cocondedecoration.com\/blog\/wp-content\/uploads\/2025\/07\/meuble-bureau-maisons-du-monde-2025.003.jpeg\" alt=\"\" width=\"650\" height=\"650\" srcset=\"https:\/\/www.cocondedecoration.com\/blog\/wp-content\/uploads\/2025\/07\/meuble-bureau-maisons-du-monde-2025.003.jpeg 650w, https:\/\/www.cocondedecoration.com\/blog\/wp-content\/uploads\/2025\/07\/meuble-bureau-maisons-du-monde-2025.003-260x260.jpeg 260w, https:\/\/www.cocondedecoration.com\/blog\/wp-content\/uploads\/2025\/07\/meuble-bureau-maisons-du-monde-2025.003-640x640.jpeg 640w, https:\/\/www.cocondedecoration.com\/blog\/wp-content\/uploads\/2025\/07\/meuble-bureau-maisons-du-monde-2025.003-165x165.jpeg 165w, https:\/\/www.cocondedecoration.com\/blog\/wp-content\/uploads\/2025\/07\/meuble-bureau-maisons-du-monde-2025.003-465x465.jpeg 465w, https:\/\/www.cocondedecoration.com\/blog\/wp-content\/uploads\/2025\/07\/meuble-bureau-maisons-du-monde-2025.003-500x500.jpeg 500w\" sizes=\"(max-width: 650px) 100vw, 650px\" \/><\/a><\/p><\/div>\n<div id='slider_63726_slide10' class='sa_hover_container' style='padding:5% 5%; margin:0px 0%; '><p><a href=\"https:\/\/www.cocondedecoration.com\/blog\/wp-content\/uploads\/2025\/07\/meuble-bureau-confo-2025.004.jpeg\"><img loading=\"lazy\" decoding=\"async\" class=\"aligncenter size-full wp-image-83870\" src=\"https:\/\/www.cocondedecoration.com\/blog\/wp-content\/uploads\/2025\/07\/meuble-bureau-confo-2025.004.jpeg\" alt=\"\" width=\"650\" height=\"650\" srcset=\"https:\/\/www.cocondedecoration.com\/blog\/wp-content\/uploads\/2025\/07\/meuble-bureau-confo-2025.004.jpeg 650w, https:\/\/www.cocondedecoration.com\/blog\/wp-content\/uploads\/2025\/07\/meuble-bureau-confo-2025.004-260x260.jpeg 260w, https:\/\/www.cocondedecoration.com\/blog\/wp-content\/uploads\/2025\/07\/meuble-bureau-confo-2025.004-640x640.jpeg 640w, https:\/\/www.cocondedecoration.com\/blog\/wp-content\/uploads\/2025\/07\/meuble-bureau-confo-2025.004-165x165.jpeg 165w, https:\/\/www.cocondedecoration.com\/blog\/wp-content\/uploads\/2025\/07\/meuble-bureau-confo-2025.004-465x465.jpeg 465w, https:\/\/www.cocondedecoration.com\/blog\/wp-content\/uploads\/2025\/07\/meuble-bureau-confo-2025.004-500x500.jpeg 500w\" sizes=\"(max-width: 650px) 100vw, 650px\" \/><\/a><\/p><\/div>\n<div id='slider_63726_slide11' class='sa_hover_container' style='padding:5% 5%; margin:0px 0%; '><p><a href=\"https:\/\/www.cocondedecoration.com\/blog\/wp-content\/uploads\/2025\/07\/mobilier-bureau-la-redoute-2025.004.jpeg\"><img loading=\"lazy\" decoding=\"async\" class=\"aligncenter size-full wp-image-83875\" src=\"https:\/\/www.cocondedecoration.com\/blog\/wp-content\/uploads\/2025\/07\/mobilier-bureau-la-redoute-2025.004.jpeg\" alt=\"\" width=\"650\" height=\"650\" srcset=\"https:\/\/www.cocondedecoration.com\/blog\/wp-content\/uploads\/2025\/07\/mobilier-bureau-la-redoute-2025.004.jpeg 650w, https:\/\/www.cocondedecoration.com\/blog\/wp-content\/uploads\/2025\/07\/mobilier-bureau-la-redoute-2025.004-260x260.jpeg 260w, https:\/\/www.cocondedecoration.com\/blog\/wp-content\/uploads\/2025\/07\/mobilier-bureau-la-redoute-2025.004-640x640.jpeg 640w, https:\/\/www.cocondedecoration.com\/blog\/wp-content\/uploads\/2025\/07\/mobilier-bureau-la-redoute-2025.004-165x165.jpeg 165w, https:\/\/www.cocondedecoration.com\/blog\/wp-content\/uploads\/2025\/07\/mobilier-bureau-la-redoute-2025.004-465x465.jpeg 465w, https:\/\/www.cocondedecoration.com\/blog\/wp-content\/uploads\/2025\/07\/mobilier-bureau-la-redoute-2025.004-500x500.jpeg 500w\" sizes=\"(max-width: 650px) 100vw, 650px\" \/><\/a><\/p><\/div>\n<div id='slider_63726_slide12' class='sa_hover_container' style='padding:5% 5%; margin:0px 0%; '><p><a href=\"https:\/\/www.cocondedecoration.com\/blog\/wp-content\/uploads\/2025\/07\/meuble-bureau-maisons-du-monde-2025.004.jpeg\"><img loading=\"lazy\" decoding=\"async\" class=\"aligncenter size-full wp-image-83881\" src=\"https:\/\/www.cocondedecoration.com\/blog\/wp-content\/uploads\/2025\/07\/meuble-bureau-maisons-du-monde-2025.004.jpeg\" alt=\"\" width=\"650\" height=\"650\" srcset=\"https:\/\/www.cocondedecoration.com\/blog\/wp-content\/uploads\/2025\/07\/meuble-bureau-maisons-du-monde-2025.004.jpeg 650w, https:\/\/www.cocondedecoration.com\/blog\/wp-content\/uploads\/2025\/07\/meuble-bureau-maisons-du-monde-2025.004-260x260.jpeg 260w, https:\/\/www.cocondedecoration.com\/blog\/wp-content\/uploads\/2025\/07\/meuble-bureau-maisons-du-monde-2025.004-640x640.jpeg 640w, https:\/\/www.cocondedecoration.com\/blog\/wp-content\/uploads\/2025\/07\/meuble-bureau-maisons-du-monde-2025.004-165x165.jpeg 165w, https:\/\/www.cocondedecoration.com\/blog\/wp-content\/uploads\/2025\/07\/meuble-bureau-maisons-du-monde-2025.004-465x465.jpeg 465w, https:\/\/www.cocondedecoration.com\/blog\/wp-content\/uploads\/2025\/07\/meuble-bureau-maisons-du-monde-2025.004-500x500.jpeg 500w\" sizes=\"(max-width: 650px) 100vw, 650px\" \/><\/a><\/p><\/div>\n<div id='slider_63726_slide13' class='sa_hover_container' style='padding:5% 5%; margin:0px 0%; '><p><a href=\"https:\/\/www.cocondedecoration.com\/blog\/wp-content\/uploads\/2025\/07\/meuble-bureau-confo-2025.005.jpeg\"><img loading=\"lazy\" decoding=\"async\" class=\"aligncenter size-full wp-image-83871\" src=\"https:\/\/www.cocondedecoration.com\/blog\/wp-content\/uploads\/2025\/07\/meuble-bureau-confo-2025.005.jpeg\" alt=\"\" width=\"650\" height=\"650\" srcset=\"https:\/\/www.cocondedecoration.com\/blog\/wp-content\/uploads\/2025\/07\/meuble-bureau-confo-2025.005.jpeg 650w, https:\/\/www.cocondedecoration.com\/blog\/wp-content\/uploads\/2025\/07\/meuble-bureau-confo-2025.005-260x260.jpeg 260w, https:\/\/www.cocondedecoration.com\/blog\/wp-content\/uploads\/2025\/07\/meuble-bureau-confo-2025.005-640x640.jpeg 640w, https:\/\/www.cocondedecoration.com\/blog\/wp-content\/uploads\/2025\/07\/meuble-bureau-confo-2025.005-165x165.jpeg 165w, https:\/\/www.cocondedecoration.com\/blog\/wp-content\/uploads\/2025\/07\/meuble-bureau-confo-2025.005-465x465.jpeg 465w, https:\/\/www.cocondedecoration.com\/blog\/wp-content\/uploads\/2025\/07\/meuble-bureau-confo-2025.005-500x500.jpeg 500w\" sizes=\"(max-width: 650px) 100vw, 650px\" \/><\/a><\/p><\/div>\n<div id='slider_63726_slide14' class='sa_hover_container' style='padding:5% 5%; margin:0px 0%; '><p><a href=\"https:\/\/www.cocondedecoration.com\/blog\/wp-content\/uploads\/2025\/07\/mobilier-bureau-la-redoute-2025.005.jpeg\"><img loading=\"lazy\" decoding=\"async\" class=\"aligncenter size-full wp-image-83876\" src=\"https:\/\/www.cocondedecoration.com\/blog\/wp-content\/uploads\/2025\/07\/mobilier-bureau-la-redoute-2025.005.jpeg\" alt=\"\" width=\"650\" height=\"650\" srcset=\"https:\/\/www.cocondedecoration.com\/blog\/wp-content\/uploads\/2025\/07\/mobilier-bureau-la-redoute-2025.005.jpeg 650w, https:\/\/www.cocondedecoration.com\/blog\/wp-content\/uploads\/2025\/07\/mobilier-bureau-la-redoute-2025.005-260x260.jpeg 260w, https:\/\/www.cocondedecoration.com\/blog\/wp-content\/uploads\/2025\/07\/mobilier-bureau-la-redoute-2025.005-640x640.jpeg 640w, https:\/\/www.cocondedecoration.com\/blog\/wp-content\/uploads\/2025\/07\/mobilier-bureau-la-redoute-2025.005-165x165.jpeg 165w, https:\/\/www.cocondedecoration.com\/blog\/wp-content\/uploads\/2025\/07\/mobilier-bureau-la-redoute-2025.005-465x465.jpeg 465w, https:\/\/www.cocondedecoration.com\/blog\/wp-content\/uploads\/2025\/07\/mobilier-bureau-la-redoute-2025.005-500x500.jpeg 500w\" sizes=\"(max-width: 650px) 100vw, 650px\" \/><\/a><\/p><\/div>\n<div id='slider_63726_slide15' class='sa_hover_container' style='padding:5% 5%; margin:0px 0%; '><p><a href=\"https:\/\/www.cocondedecoration.com\/blog\/wp-content\/uploads\/2025\/07\/meuble-bureau-maisons-du-monde-2025.005.jpeg\"><img loading=\"lazy\" decoding=\"async\" class=\"aligncenter size-full wp-image-83882\" src=\"https:\/\/www.cocondedecoration.com\/blog\/wp-content\/uploads\/2025\/07\/meuble-bureau-maisons-du-monde-2025.005.jpeg\" alt=\"\" width=\"650\" height=\"650\" srcset=\"https:\/\/www.cocondedecoration.com\/blog\/wp-content\/uploads\/2025\/07\/meuble-bureau-maisons-du-monde-2025.005.jpeg 650w, https:\/\/www.cocondedecoration.com\/blog\/wp-content\/uploads\/2025\/07\/meuble-bureau-maisons-du-monde-2025.005-260x260.jpeg 260w, https:\/\/www.cocondedecoration.com\/blog\/wp-content\/uploads\/2025\/07\/meuble-bureau-maisons-du-monde-2025.005-640x640.jpeg 640w, https:\/\/www.cocondedecoration.com\/blog\/wp-content\/uploads\/2025\/07\/meuble-bureau-maisons-du-monde-2025.005-165x165.jpeg 165w, https:\/\/www.cocondedecoration.com\/blog\/wp-content\/uploads\/2025\/07\/meuble-bureau-maisons-du-monde-2025.005-465x465.jpeg 465w, https:\/\/www.cocondedecoration.com\/blog\/wp-content\/uploads\/2025\/07\/meuble-bureau-maisons-du-monde-2025.005-500x500.jpeg 500w\" sizes=\"(max-width: 650px) 100vw, 650px\" \/><\/a><\/p><\/div>\n<\/div>\n<\/div>\n<script type='text\/javascript'>\n\tjQuery(document).ready(function() {\n\t\tjQuery('#slider_63726').owlCarousel({\n\t\t\titems : 1,\n\t\t\tsmartSpeed : 200,\n\t\t\tautoplay : true,\n\t\t\tautoplayTimeout : 5000,\n\t\t\tautoplayHoverPause : true,\n\t\t\tsmartSpeed : 200,\n\t\t\tfluidSpeed : 200,\n\t\t\tautoplaySpeed : 200,\n\t\t\tnavSpeed : 200,\n\t\t\tdotsSpeed : 200,\n\t\t\tloop : true,\n\t\t\tnav : true,\n\t\t\tnavText : ['Previous','Next'],\n\t\t\tdots : true,\n\t\t\tresponsiveRefreshRate : 200,\n\t\t\tslideBy : 1,\n\t\t\tmergeFit : true,\n\t\t\tautoHeight : false,\n\t\t\tmouseDrag : false,\n\t\t\ttouchDrag : true\n\t\t});\n\t\tjQuery('#slider_63726').css('visibility', 'visible');\n\t\tsa_resize_slider_63726();\n\t\twindow.addEventListener('resize', sa_resize_slider_63726);\n\t\tfunction sa_resize_slider_63726() {\n\t\t\tvar min_height = '50';\n\t\t\tvar win_width = jQuery(window).width();\n\t\t\tvar slider_width = jQuery('#slider_63726').width();\n\t\t\tif (win_width < 480) {\n\t\t\t\tvar slide_width = slider_width \/ 1;\n\t\t\t} else if (win_width < 768) {\n\t\t\t\tvar slide_width = slider_width \/ 1;\n\t\t\t} else if (win_width < 980) {\n\t\t\t\tvar slide_width = slider_width \/ 1;\n\t\t\t} else if (win_width < 1200) {\n\t\t\t\tvar slide_width = slider_width \/ 1;\n\t\t\t} else if (win_width < 1500) {\n\t\t\t\tvar slide_width = slider_width \/ 1;\n\t\t\t} else {\n\t\t\t\tvar slide_width = slider_width \/ 1;\n\t\t\t}\n\t\t\tslide_width = Math.round(slide_width);\n\t\t\tvar slide_height = '0';\n\t\t\tif (min_height == 'aspect43') {\n\t\t\t\tslide_height = (slide_width \/ 4) * 3;\t\t\t\tslide_height = Math.round(slide_height);\n\t\t\t} else if (min_height == 'aspect169') {\n\t\t\t\tslide_height = (slide_width \/ 16) * 9;\t\t\t\tslide_height = Math.round(slide_height);\n\t\t\t} else {\n\t\t\t\tslide_height = (slide_width \/ 100) * min_height;\t\t\t\tslide_height = Math.round(slide_height);\n\t\t\t}\n\t\t\tjQuery('#slider_63726 .owl-item .sa_hover_container').css('min-height', slide_height+'px');\n\t\t}\n\t\tvar owl_goto = jQuery('#slider_63726');\n\t\tjQuery('.slider_63726_goto1').click(function(event){\n\t\t\towl_goto.trigger('to.owl.carousel', 0);\n\t\t});\n\t\tjQuery('.slider_63726_goto2').click(function(event){\n\t\t\towl_goto.trigger('to.owl.carousel', 1);\n\t\t});\n\t\tjQuery('.slider_63726_goto3').click(function(event){\n\t\t\towl_goto.trigger('to.owl.carousel', 2);\n\t\t});\n\t\tjQuery('.slider_63726_goto4').click(function(event){\n\t\t\towl_goto.trigger('to.owl.carousel', 3);\n\t\t});\n\t\tjQuery('.slider_63726_goto5').click(function(event){\n\t\t\towl_goto.trigger('to.owl.carousel', 4);\n\t\t});\n\t\tjQuery('.slider_63726_goto6').click(function(event){\n\t\t\towl_goto.trigger('to.owl.carousel', 5);\n\t\t});\n\t\tjQuery('.slider_63726_goto7').click(function(event){\n\t\t\towl_goto.trigger('to.owl.carousel', 6);\n\t\t});\n\t\tjQuery('.slider_63726_goto8').click(function(event){\n\t\t\towl_goto.trigger('to.owl.carousel', 7);\n\t\t});\n\t\tjQuery('.slider_63726_goto9').click(function(event){\n\t\t\towl_goto.trigger('to.owl.carousel', 8);\n\t\t});\n\t\tjQuery('.slider_63726_goto10').click(function(event){\n\t\t\towl_goto.trigger('to.owl.carousel', 9);\n\t\t});\n\t\tjQuery('.slider_63726_goto11').click(function(event){\n\t\t\towl_goto.trigger('to.owl.carousel', 10);\n\t\t});\n\t\tjQuery('.slider_63726_goto12').click(function(event){\n\t\t\towl_goto.trigger('to.owl.carousel', 11);\n\t\t});\n\t\tjQuery('.slider_63726_goto13').click(function(event){\n\t\t\towl_goto.trigger('to.owl.carousel', 12);\n\t\t});\n\t\tjQuery('.slider_63726_goto14').click(function(event){\n\t\t\towl_goto.trigger('to.owl.carousel', 13);\n\t\t});\n\t\tjQuery('.slider_63726_goto15').click(function(event){\n\t\t\towl_goto.trigger('to.owl.carousel', 14);\n\t\t});\n\t\tvar resize_63726 = jQuery('.owl-carousel');\n\t\tresize_63726.on('initialized.owl.carousel', function(e) {\n\t\t\tif (typeof(Event) === 'function') {\n\t\t\t\twindow.dispatchEvent(new Event('resize'));\n\t\t\t} else {\n\t\t\t\tvar evt = window.document.createEvent('UIEvents');\n\t\t\t\tevt.initUIEvent('resize', true, false, window, 0);\n\t\t\t\twindow.dispatchEvent(evt);\n\t\t\t}\n\t\t});\n\t});\n<\/script>\n\n<\/div>\n\n\n\n<div class=\"wp-block-column is-layout-flow wp-block-column-is-layout-flow\">\n<p class=\"has-text-align-center has-medium-font-size\">Pour un bureau moderne et confortable <\/p>\n\n\n\n<ol>\n<li><a href=\"https:\/\/c3po.link\/Qu2F7efwCb\" target=\"_blank\" rel=\"noopener\" title=\"\">Caisson de bureau support imprimante<\/a> - Conforama<\/li>\n\n\n\n<li><a href=\"https:\/\/c3po.link\/Q5tSUTVbu7\" target=\"_blank\" rel=\"noopener\" title=\"\">Bureau vintage double caisson<\/a> - La Redoute<\/li>\n\n\n\n<li><a href=\"https:\/\/fnty.co\/c\/r-iQRRzKLC\" target=\"_blank\" rel=\"noopener\" title=\"\">Petit meuble de rangement professionnel 2 portes<\/a> - Maisons du Monde<\/li>\n\n\n\n<li><a href=\"https:\/\/c3po.link\/Qp6JfxnBQZ\" target=\"_blank\" rel=\"noopener\" title=\"\">Lampe de bureau noire<\/a> - Conforama<\/li>\n\n\n\n<li><a href=\"https:\/\/c3po.link\/QxDu4YBj2u\" target=\"_blank\" rel=\"noopener\" title=\"\">Lampe de bureau articul\u00e9e en m\u00e9tal fer <\/a>- La Redoute<\/li>\n\n\n\n<li><a href=\"https:\/\/fnty.co\/c\/r-kkasVcdw\" target=\"_blank\" rel=\"noopener\" title=\"\">Etag\u00e8re murale bureau vintage 1 tiroir<\/a> - Maisons du Monde<\/li>\n\n\n\n<li><a href=\"https:\/\/c3po.link\/QWPmg4znPZ\" target=\"_blank\" rel=\"noopener\" title=\"\">Bureau bois et m\u00e9tal 100 cm<\/a> - Conforama <\/li>\n\n\n\n<li><a href=\"https:\/\/c3po.link\/QSt7fvmDN8\" target=\"_blank\" rel=\"noopener\" title=\"\">Chaise de bureau \u00e0 roulettes<\/a> - La Redoute<\/li>\n\n\n\n<li><a href=\"https:\/\/fnty.co\/c\/r-LIJcUCRP\" target=\"_blank\" rel=\"noopener\" title=\"\">Chaise de bureau r\u00e9glable \u00e0 roulettes en velours vert et cannage en rotin<\/a> - Maisons du Monde<\/li>\n\n\n\n<li><a href=\"https:\/\/c3po.link\/QBbmJyaTWg\" target=\"_blank\" rel=\"noopener\" title=\"\">Caisson de bureau mobile noir<\/a> - Conforama<\/li>\n\n\n\n<li><a href=\"https:\/\/c3po.link\/QauS3E9Y5e\" target=\"_blank\" rel=\"noopener\" title=\"\">Bureau mural plaqu\u00e9 ch\u00eane et cannage<\/a> - La Redoute<\/li>\n\n\n\n<li><a href=\"https:\/\/fnty.co\/c\/r-pmHRACrV\" target=\"_blank\" rel=\"noopener\" title=\"\">Bureau d'angle professionnel L160<\/a> - Maisons du Monde<\/li>\n\n\n\n<li><a href=\"https:\/\/c3po.link\/QM22hP59fD\" target=\"_blank\" rel=\"noopener\" title=\"\">Fauteuil de bureau r\u00e9glable en hauteur<\/a> - Conforama<\/li>\n\n\n\n<li><a href=\"https:\/\/c3po.link\/QP2wtupFYP\" target=\"_blank\" rel=\"noopener\" title=\"\">Caisson de bureau 1 porte<\/a> - La Redoute<\/li>\n\n\n\n<li><a href=\"https:\/\/fnty.co\/c\/r-NynEuGEX\" target=\"_blank\" rel=\"noopener\" title=\"\">Lampe de bureau m\u00e9tal noir articul\u00e9e<\/a> - Maisons du Monde<\/li>\n<\/ol>\n\n\n\n<p class=\"has-text-align-center\">Pour aller plus loin: <a href=\"https:\/\/www.cocondedecoration.com\/blog\/2024\/08\/choix-fauteuil-bureau\/\" target=\"_blank\" rel=\"noopener\" title=\"\">Comment bien choisir son fauteuil de bureau? <\/a><\/p>\n<\/div>\n<\/div>\n\n\n\n<p class=\"has-text-align-right has-small-font-size\">S\u00e9lection mise \u00e0 jour en juillet 2025<\/p>\n\n\n\n<h2 class=\"wp-block-heading\">Inspiration d\u00e9co pour un bureau cr\u00e9atif \u00e9pur\u00e9<\/h2>\n\n\n\n<div class=\"wp-block-image\"><figure class=\"aligncenter\"><img loading=\"lazy\" decoding=\"async\" width=\"1536\" height=\"1066\" src=\"http:\/\/www.cocondedecoration.com\/blog\/wp-content\/uploads\/2019\/01\/bureau-minimaliste-et-pratique-personne-creative.jpg\" alt=\"bureau minimaliste et pratique personne creative\" class=\"wp-image-20338\" srcset=\"https:\/\/www.cocondedecoration.com\/blog\/wp-content\/uploads\/2019\/01\/bureau-minimaliste-et-pratique-personne-creative.jpg 1536w, https:\/\/www.cocondedecoration.com\/blog\/wp-content\/uploads\/2019\/01\/bureau-minimaliste-et-pratique-personne-creative-260x180.jpg 260w, https:\/\/www.cocondedecoration.com\/blog\/wp-content\/uploads\/2019\/01\/bureau-minimaliste-et-pratique-personne-creative-768x533.jpg 768w, https:\/\/www.cocondedecoration.com\/blog\/wp-content\/uploads\/2019\/01\/bureau-minimaliste-et-pratique-personne-creative-640x444.jpg 640w, https:\/\/www.cocondedecoration.com\/blog\/wp-content\/uploads\/2019\/01\/bureau-minimaliste-et-pratique-personne-creative-1080x750.jpg 1080w\" sizes=\"(max-width: 1536px) 100vw, 1536px\" \/><figcaption>organized-home.com<\/figcaption><\/figure><\/div>\n\n\n\n<div class=\"wp-block-image\"><figure class=\"aligncenter\"><img loading=\"lazy\" decoding=\"async\" width=\"800\" height=\"1200\" src=\"http:\/\/www.cocondedecoration.com\/blog\/wp-content\/uploads\/2019\/01\/idee-moodboard-organise.jpg\" alt=\"idee moodboard organise\" class=\"wp-image-20339\" srcset=\"https:\/\/www.cocondedecoration.com\/blog\/wp-content\/uploads\/2019\/01\/idee-moodboard-organise.jpg 800w, https:\/\/www.cocondedecoration.com\/blog\/wp-content\/uploads\/2019\/01\/idee-moodboard-organise-260x390.jpg 260w, https:\/\/www.cocondedecoration.com\/blog\/wp-content\/uploads\/2019\/01\/idee-moodboard-organise-768x1152.jpg 768w, https:\/\/www.cocondedecoration.com\/blog\/wp-content\/uploads\/2019\/01\/idee-moodboard-organise-640x960.jpg 640w\" sizes=\"(max-width: 800px) 100vw, 800px\" \/><figcaption>pinterest.fr<\/figcaption><\/figure><\/div>\n\n\n\n<div class=\"wp-block-image\"><figure class=\"aligncenter\"><img loading=\"lazy\" decoding=\"async\" width=\"800\" height=\"1200\" src=\"http:\/\/www.cocondedecoration.com\/blog\/wp-content\/uploads\/2019\/01\/idee-rangement-bureau-minimaliste-et-creatif.jpg\" alt=\"idee rangement bureau minimaliste et creatif\" class=\"wp-image-20340\" srcset=\"https:\/\/www.cocondedecoration.com\/blog\/wp-content\/uploads\/2019\/01\/idee-rangement-bureau-minimaliste-et-creatif.jpg 800w, https:\/\/www.cocondedecoration.com\/blog\/wp-content\/uploads\/2019\/01\/idee-rangement-bureau-minimaliste-et-creatif-260x390.jpg 260w, https:\/\/www.cocondedecoration.com\/blog\/wp-content\/uploads\/2019\/01\/idee-rangement-bureau-minimaliste-et-creatif-768x1152.jpg 768w, https:\/\/www.cocondedecoration.com\/blog\/wp-content\/uploads\/2019\/01\/idee-rangement-bureau-minimaliste-et-creatif-640x960.jpg 640w\" sizes=\"(max-width: 800px) 100vw, 800px\" \/><figcaption>pinterest.co.uk<\/figcaption><\/figure><\/div>\n\n\n\n<div class=\"wp-block-image\"><figure class=\"aligncenter\"><img loading=\"lazy\" decoding=\"async\" width=\"1200\" height=\"1200\" src=\"http:\/\/www.cocondedecoration.com\/blog\/wp-content\/uploads\/2019\/01\/organisation-espace-de-travail-minimaliste.jpg\" alt=\"organisation espace de travail minimaliste\" class=\"wp-image-20342\" srcset=\"https:\/\/www.cocondedecoration.com\/blog\/wp-content\/uploads\/2019\/01\/organisation-espace-de-travail-minimaliste.jpg 1200w, https:\/\/www.cocondedecoration.com\/blog\/wp-content\/uploads\/2019\/01\/organisation-espace-de-travail-minimaliste-165x165.jpg 165w, https:\/\/www.cocondedecoration.com\/blog\/wp-content\/uploads\/2019\/01\/organisation-espace-de-travail-minimaliste-260x260.jpg 260w, https:\/\/www.cocondedecoration.com\/blog\/wp-content\/uploads\/2019\/01\/organisation-espace-de-travail-minimaliste-768x768.jpg 768w, https:\/\/www.cocondedecoration.com\/blog\/wp-content\/uploads\/2019\/01\/organisation-espace-de-travail-minimaliste-640x640.jpg 640w, https:\/\/www.cocondedecoration.com\/blog\/wp-content\/uploads\/2019\/01\/organisation-espace-de-travail-minimaliste-1080x1080.jpg 1080w\" sizes=\"(max-width: 1200px) 100vw, 1200px\" \/><figcaption>containerstore.com<\/figcaption><\/figure><\/div>\n\n\n\n<div class=\"wp-block-image\"><figure class=\"aligncenter\"><img loading=\"lazy\" decoding=\"async\" width=\"1200\" height=\"1600\" src=\"http:\/\/www.cocondedecoration.com\/blog\/wp-content\/uploads\/2019\/01\/idee-rangement-sympa-bureau.jpg\" alt=\"idee rangement sympa bureau\" class=\"wp-image-20341\" srcset=\"https:\/\/www.cocondedecoration.com\/blog\/wp-content\/uploads\/2019\/01\/idee-rangement-sympa-bureau.jpg 1200w, https:\/\/www.cocondedecoration.com\/blog\/wp-content\/uploads\/2019\/01\/idee-rangement-sympa-bureau-260x347.jpg 260w, https:\/\/www.cocondedecoration.com\/blog\/wp-content\/uploads\/2019\/01\/idee-rangement-sympa-bureau-768x1024.jpg 768w, https:\/\/www.cocondedecoration.com\/blog\/wp-content\/uploads\/2019\/01\/idee-rangement-sympa-bureau-640x853.jpg 640w, https:\/\/www.cocondedecoration.com\/blog\/wp-content\/uploads\/2019\/01\/idee-rangement-sympa-bureau-1080x1440.jpg 1080w\" sizes=\"(max-width: 1200px) 100vw, 1200px\" \/><figcaption>apartmenttherapy.com<\/figcaption><\/figure><\/div>\n\n\n\n<div class=\"wp-block-image\"><figure class=\"aligncenter\"><img loading=\"lazy\" decoding=\"async\" width=\"1240\" height=\"826\" src=\"http:\/\/www.cocondedecoration.com\/blog\/wp-content\/uploads\/2019\/01\/rangement-bureau-creatif-inspiration.jpg\" alt=\"rangement bureau creatif inspiration\" class=\"wp-image-20343\" srcset=\"https:\/\/www.cocondedecoration.com\/blog\/wp-content\/uploads\/2019\/01\/rangement-bureau-creatif-inspiration.jpg 1240w, https:\/\/www.cocondedecoration.com\/blog\/wp-content\/uploads\/2019\/01\/rangement-bureau-creatif-inspiration-260x173.jpg 260w, https:\/\/www.cocondedecoration.com\/blog\/wp-content\/uploads\/2019\/01\/rangement-bureau-creatif-inspiration-768x512.jpg 768w, https:\/\/www.cocondedecoration.com\/blog\/wp-content\/uploads\/2019\/01\/rangement-bureau-creatif-inspiration-640x426.jpg 640w, https:\/\/www.cocondedecoration.com\/blog\/wp-content\/uploads\/2019\/01\/rangement-bureau-creatif-inspiration-1080x719.jpg 1080w\" sizes=\"(max-width: 1240px) 100vw, 1240px\" \/><figcaption>pinterest.fr<\/figcaption><\/figure><\/div>\n\n\n\n<div class=\"wp-block-image\"><figure class=\"aligncenter\"><img loading=\"lazy\" decoding=\"async\" width=\"975\" height=\"1463\" src=\"http:\/\/www.cocondedecoration.com\/blog\/wp-content\/uploads\/2019\/01\/rangement-mural-bureau-creatif.jpg\" alt=\"rangement mural bureau creatif\" class=\"wp-image-20344\" srcset=\"https:\/\/www.cocondedecoration.com\/blog\/wp-content\/uploads\/2019\/01\/rangement-mural-bureau-creatif.jpg 975w, https:\/\/www.cocondedecoration.com\/blog\/wp-content\/uploads\/2019\/01\/rangement-mural-bureau-creatif-260x390.jpg 260w, https:\/\/www.cocondedecoration.com\/blog\/wp-content\/uploads\/2019\/01\/rangement-mural-bureau-creatif-768x1152.jpg 768w, https:\/\/www.cocondedecoration.com\/blog\/wp-content\/uploads\/2019\/01\/rangement-mural-bureau-creatif-640x960.jpg 640w\" sizes=\"(max-width: 975px) 100vw, 975px\" \/><figcaption>pinterest.fr<\/figcaption><\/figure><\/div>\n\n\n\n<div class=\"wp-block-image\"><figure class=\"aligncenter\"><a href=\"https:\/\/www.creeklinehouse.com\/brilliantly-organized-home-offices\/\" target=\"_blank\" rel=\"noopener noreferrer\"><img loading=\"lazy\" decoding=\"async\" width=\"650\" height=\"488\" src=\"http:\/\/www.cocondedecoration.com\/blog\/wp-content\/uploads\/2019\/01\/conseils-buerau-rangement-minimaliste-creatrice.jpg\" alt=\"conseils bureau rangement minimaliste creatrice\" class=\"wp-image-20345\" srcset=\"https:\/\/www.cocondedecoration.com\/blog\/wp-content\/uploads\/2019\/01\/conseils-buerau-rangement-minimaliste-creatrice.jpg 650w, https:\/\/www.cocondedecoration.com\/blog\/wp-content\/uploads\/2019\/01\/conseils-buerau-rangement-minimaliste-creatrice-260x195.jpg 260w, https:\/\/www.cocondedecoration.com\/blog\/wp-content\/uploads\/2019\/01\/conseils-buerau-rangement-minimaliste-creatrice-640x480.jpg 640w, https:\/\/www.cocondedecoration.com\/blog\/wp-content\/uploads\/2019\/01\/conseils-buerau-rangement-minimaliste-creatrice-100x75.jpg 100w\" sizes=\"(max-width: 650px) 100vw, 650px\" \/><\/a><figcaption>creeklinehouse.com<\/figcaption><\/figure><\/div>\n\n\n\n<div class=\"wp-block-columns has-2-columns is-layout-flex wp-container-core-columns-layout-2 wp-block-columns-is-layout-flex\">\n<div class=\"wp-block-column is-layout-flow wp-block-column-is-layout-flow\"><div class='white' style='background:rgba(0,0,0,0); border:solid 0px rgba(0,0,0,0); border-radius:0px; padding:0px 0px 0px 0px;'>\n<div id='slider_61410' class='owl-carousel sa_owl_theme owl-pagination-true autohide-arrows' data-slider-id='slider_61410' style='visibility:hidden;'>\n<div id='slider_61410_slide01' class='sa_hover_container' style='padding:5% 5%; margin:0px 0%; '><p><img loading=\"lazy\" decoding=\"async\" class=\"aligncenter size-full wp-image-61412\" src=\"https:\/\/www.cocondedecoration.com\/blog\/wp-content\/uploads\/2023\/06\/meuble-deco-minimaliste-moderne-1.jpeg\" alt=\"meuble deco minimaliste moderne Canap\u00e9 2\/3 places gris pied en m\u00e9tal forme originale cosy\" width=\"500\" height=\"500\" srcset=\"https:\/\/www.cocondedecoration.com\/blog\/wp-content\/uploads\/2023\/06\/meuble-deco-minimaliste-moderne-1.jpeg 500w, https:\/\/www.cocondedecoration.com\/blog\/wp-content\/uploads\/2023\/06\/meuble-deco-minimaliste-moderne-1-165x165.jpeg 165w, https:\/\/www.cocondedecoration.com\/blog\/wp-content\/uploads\/2023\/06\/meuble-deco-minimaliste-moderne-1-260x260.jpeg 260w, https:\/\/www.cocondedecoration.com\/blog\/wp-content\/uploads\/2023\/06\/meuble-deco-minimaliste-moderne-1-465x465.jpeg 465w\" sizes=\"(max-width: 500px) 100vw, 500px\" \/><\/p><\/div>\n<div id='slider_61410_slide02' class='sa_hover_container' style='padding:5% 5%; margin:0px 0%; '><p><img loading=\"lazy\" decoding=\"async\" class=\"aligncenter size-full wp-image-61418\" src=\"https:\/\/www.cocondedecoration.com\/blog\/wp-content\/uploads\/2023\/06\/decoration-minimaliste-design-1.jpeg\" alt=\"decoration minimaliste design Fauteuil lounge en fr\u00eane noir\" width=\"500\" height=\"500\" srcset=\"https:\/\/www.cocondedecoration.com\/blog\/wp-content\/uploads\/2023\/06\/decoration-minimaliste-design-1.jpeg 500w, https:\/\/www.cocondedecoration.com\/blog\/wp-content\/uploads\/2023\/06\/decoration-minimaliste-design-1-165x165.jpeg 165w, https:\/\/www.cocondedecoration.com\/blog\/wp-content\/uploads\/2023\/06\/decoration-minimaliste-design-1-260x260.jpeg 260w, https:\/\/www.cocondedecoration.com\/blog\/wp-content\/uploads\/2023\/06\/decoration-minimaliste-design-1-465x465.jpeg 465w\" sizes=\"(max-width: 500px) 100vw, 500px\" \/><\/p><\/div>\n<div id='slider_61410_slide03' class='sa_hover_container' style='padding:5% 5%; margin:0px 0%; '><p><img loading=\"lazy\" decoding=\"async\" class=\"aligncenter size-full wp-image-61423\" src=\"https:\/\/www.cocondedecoration.com\/blog\/wp-content\/uploads\/2023\/06\/decor-minimaliste-pas-cher-1.jpeg\" alt=\"decor minimaliste pas cher Cache-pot en argile \u00d855 cm\" width=\"500\" height=\"500\" srcset=\"https:\/\/www.cocondedecoration.com\/blog\/wp-content\/uploads\/2023\/06\/decor-minimaliste-pas-cher-1.jpeg 500w, https:\/\/www.cocondedecoration.com\/blog\/wp-content\/uploads\/2023\/06\/decor-minimaliste-pas-cher-1-165x165.jpeg 165w, https:\/\/www.cocondedecoration.com\/blog\/wp-content\/uploads\/2023\/06\/decor-minimaliste-pas-cher-1-260x260.jpeg 260w, https:\/\/www.cocondedecoration.com\/blog\/wp-content\/uploads\/2023\/06\/decor-minimaliste-pas-cher-1-465x465.jpeg 465w\" sizes=\"(max-width: 500px) 100vw, 500px\" \/><\/p><\/div>\n<div id='slider_61410_slide04' class='sa_hover_container' style='padding:5% 5%; margin:0px 0%; '><p><img loading=\"lazy\" decoding=\"async\" class=\"aligncenter size-full wp-image-61413\" src=\"https:\/\/www.cocondedecoration.com\/blog\/wp-content\/uploads\/2023\/06\/meuble-deco-minimaliste-moderne-2.jpeg\" alt=\"meuble deco minimaliste moderne Lampe de table noir verre \u00f820cm\" width=\"500\" height=\"500\" srcset=\"https:\/\/www.cocondedecoration.com\/blog\/wp-content\/uploads\/2023\/06\/meuble-deco-minimaliste-moderne-2.jpeg 500w, https:\/\/www.cocondedecoration.com\/blog\/wp-content\/uploads\/2023\/06\/meuble-deco-minimaliste-moderne-2-165x165.jpeg 165w, https:\/\/www.cocondedecoration.com\/blog\/wp-content\/uploads\/2023\/06\/meuble-deco-minimaliste-moderne-2-260x260.jpeg 260w, https:\/\/www.cocondedecoration.com\/blog\/wp-content\/uploads\/2023\/06\/meuble-deco-minimaliste-moderne-2-465x465.jpeg 465w\" sizes=\"(max-width: 500px) 100vw, 500px\" \/><\/p><\/div>\n<div id='slider_61410_slide05' class='sa_hover_container' style='padding:5% 5%; margin:0px 0%; '><p><img loading=\"lazy\" decoding=\"async\" class=\"aligncenter size-full wp-image-61419\" src=\"https:\/\/www.cocondedecoration.com\/blog\/wp-content\/uploads\/2023\/06\/decoration-minimaliste-design-2.jpeg\" alt=\"decoration minimaliste design Lampe \u00e0 poser en b\u00e9ton\" width=\"500\" height=\"500\" srcset=\"https:\/\/www.cocondedecoration.com\/blog\/wp-content\/uploads\/2023\/06\/decoration-minimaliste-design-2.jpeg 500w, https:\/\/www.cocondedecoration.com\/blog\/wp-content\/uploads\/2023\/06\/decoration-minimaliste-design-2-165x165.jpeg 165w, https:\/\/www.cocondedecoration.com\/blog\/wp-content\/uploads\/2023\/06\/decoration-minimaliste-design-2-260x260.jpeg 260w, https:\/\/www.cocondedecoration.com\/blog\/wp-content\/uploads\/2023\/06\/decoration-minimaliste-design-2-465x465.jpeg 465w\" sizes=\"(max-width: 500px) 100vw, 500px\" \/><\/p><\/div>\n<div id='slider_61410_slide06' class='sa_hover_container' style='padding:5% 5%; margin:0px 0%; '><p><img loading=\"lazy\" decoding=\"async\" class=\"aligncenter size-full wp-image-61424\" src=\"https:\/\/www.cocondedecoration.com\/blog\/wp-content\/uploads\/2023\/06\/decor-minimaliste-pas-cher-2.jpeg\" alt=\"decor minimaliste pas cher Lit avec sommier\" width=\"500\" height=\"500\" srcset=\"https:\/\/www.cocondedecoration.com\/blog\/wp-content\/uploads\/2023\/06\/decor-minimaliste-pas-cher-2.jpeg 500w, https:\/\/www.cocondedecoration.com\/blog\/wp-content\/uploads\/2023\/06\/decor-minimaliste-pas-cher-2-165x165.jpeg 165w, https:\/\/www.cocondedecoration.com\/blog\/wp-content\/uploads\/2023\/06\/decor-minimaliste-pas-cher-2-260x260.jpeg 260w, https:\/\/www.cocondedecoration.com\/blog\/wp-content\/uploads\/2023\/06\/decor-minimaliste-pas-cher-2-465x465.jpeg 465w\" sizes=\"(max-width: 500px) 100vw, 500px\" \/><\/p><\/div>\n<div id='slider_61410_slide07' class='sa_hover_container' style='padding:5% 5%; margin:0px 0%; '><p><img loading=\"lazy\" decoding=\"async\" class=\"aligncenter size-full wp-image-61414\" src=\"https:\/\/www.cocondedecoration.com\/blog\/wp-content\/uploads\/2023\/06\/meuble-deco-minimaliste-moderne-3.jpeg\" alt=\"meuble deco minimaliste moderne Coussin tress\u00e9 gris 45x45 textur\u00e9 \" width=\"500\" height=\"500\" srcset=\"https:\/\/www.cocondedecoration.com\/blog\/wp-content\/uploads\/2023\/06\/meuble-deco-minimaliste-moderne-3.jpeg 500w, https:\/\/www.cocondedecoration.com\/blog\/wp-content\/uploads\/2023\/06\/meuble-deco-minimaliste-moderne-3-165x165.jpeg 165w, https:\/\/www.cocondedecoration.com\/blog\/wp-content\/uploads\/2023\/06\/meuble-deco-minimaliste-moderne-3-260x260.jpeg 260w, https:\/\/www.cocondedecoration.com\/blog\/wp-content\/uploads\/2023\/06\/meuble-deco-minimaliste-moderne-3-465x465.jpeg 465w\" sizes=\"(max-width: 500px) 100vw, 500px\" \/><\/p><\/div>\n<div id='slider_61410_slide08' class='sa_hover_container' style='padding:5% 5%; margin:0px 0%; '><p><img loading=\"lazy\" decoding=\"async\" class=\"aligncenter size-full wp-image-61420\" src=\"https:\/\/www.cocondedecoration.com\/blog\/wp-content\/uploads\/2023\/06\/decoration-minimaliste-design-3.jpeg\" alt=\"decoration minimaliste design Sculpture noire\" width=\"500\" height=\"500\" srcset=\"https:\/\/www.cocondedecoration.com\/blog\/wp-content\/uploads\/2023\/06\/decoration-minimaliste-design-3.jpeg 500w, https:\/\/www.cocondedecoration.com\/blog\/wp-content\/uploads\/2023\/06\/decoration-minimaliste-design-3-165x165.jpeg 165w, https:\/\/www.cocondedecoration.com\/blog\/wp-content\/uploads\/2023\/06\/decoration-minimaliste-design-3-260x260.jpeg 260w, https:\/\/www.cocondedecoration.com\/blog\/wp-content\/uploads\/2023\/06\/decoration-minimaliste-design-3-465x465.jpeg 465w\" sizes=\"(max-width: 500px) 100vw, 500px\" \/><\/p><\/div>\n<div id='slider_61410_slide09' class='sa_hover_container' style='padding:5% 5%; margin:0px 0%; '><p><img loading=\"lazy\" decoding=\"async\" class=\"aligncenter size-full wp-image-61425\" src=\"https:\/\/www.cocondedecoration.com\/blog\/wp-content\/uploads\/2023\/06\/decor-minimaliste-pas-cher-3.jpeg\" alt=\"decor minimaliste pas cher Housse de couette unie coton biologique\" width=\"500\" height=\"500\" srcset=\"https:\/\/www.cocondedecoration.com\/blog\/wp-content\/uploads\/2023\/06\/decor-minimaliste-pas-cher-3.jpeg 500w, https:\/\/www.cocondedecoration.com\/blog\/wp-content\/uploads\/2023\/06\/decor-minimaliste-pas-cher-3-165x165.jpeg 165w, https:\/\/www.cocondedecoration.com\/blog\/wp-content\/uploads\/2023\/06\/decor-minimaliste-pas-cher-3-260x260.jpeg 260w, https:\/\/www.cocondedecoration.com\/blog\/wp-content\/uploads\/2023\/06\/decor-minimaliste-pas-cher-3-465x465.jpeg 465w\" sizes=\"(max-width: 500px) 100vw, 500px\" \/><\/p><\/div>\n<div id='slider_61410_slide10' class='sa_hover_container' style='padding:5% 5%; margin:0px 0%; '><p><img loading=\"lazy\" decoding=\"async\" class=\"aligncenter size-full wp-image-61415\" src=\"https:\/\/www.cocondedecoration.com\/blog\/wp-content\/uploads\/2023\/06\/meuble-deco-minimaliste-moderne-4.jpeg\" alt=\"meuble deco minimaliste moderne Vase en gr\u00e8s blanc H14 forme organique\" width=\"500\" height=\"500\" srcset=\"https:\/\/www.cocondedecoration.com\/blog\/wp-content\/uploads\/2023\/06\/meuble-deco-minimaliste-moderne-4.jpeg 500w, https:\/\/www.cocondedecoration.com\/blog\/wp-content\/uploads\/2023\/06\/meuble-deco-minimaliste-moderne-4-165x165.jpeg 165w, https:\/\/www.cocondedecoration.com\/blog\/wp-content\/uploads\/2023\/06\/meuble-deco-minimaliste-moderne-4-260x260.jpeg 260w, https:\/\/www.cocondedecoration.com\/blog\/wp-content\/uploads\/2023\/06\/meuble-deco-minimaliste-moderne-4-465x465.jpeg 465w\" sizes=\"(max-width: 500px) 100vw, 500px\" \/><\/p><\/div>\n<div id='slider_61410_slide11' class='sa_hover_container' style='padding:5% 5%; margin:0px 0%; '><p><img loading=\"lazy\" decoding=\"async\" class=\"aligncenter size-full wp-image-61421\" src=\"https:\/\/www.cocondedecoration.com\/blog\/wp-content\/uploads\/2023\/06\/decoration-minimaliste-design-4.jpeg\" alt=\"decoration minimaliste design Miroir mural ovale en bois\" width=\"500\" height=\"500\" srcset=\"https:\/\/www.cocondedecoration.com\/blog\/wp-content\/uploads\/2023\/06\/decoration-minimaliste-design-4.jpeg 500w, https:\/\/www.cocondedecoration.com\/blog\/wp-content\/uploads\/2023\/06\/decoration-minimaliste-design-4-165x165.jpeg 165w, https:\/\/www.cocondedecoration.com\/blog\/wp-content\/uploads\/2023\/06\/decoration-minimaliste-design-4-260x260.jpeg 260w, https:\/\/www.cocondedecoration.com\/blog\/wp-content\/uploads\/2023\/06\/decoration-minimaliste-design-4-465x465.jpeg 465w\" sizes=\"(max-width: 500px) 100vw, 500px\" \/><\/p><\/div>\n<div id='slider_61410_slide12' class='sa_hover_container' style='padding:5% 5%; margin:0px 0%; '><p><img loading=\"lazy\" decoding=\"async\" class=\"aligncenter size-full wp-image-61426\" src=\"https:\/\/www.cocondedecoration.com\/blog\/wp-content\/uploads\/2023\/06\/decor-minimaliste-pas-cher-4.jpeg\" alt=\"decor minimaliste pas cher Applique articul\u00e9e noire\" width=\"500\" height=\"500\" srcset=\"https:\/\/www.cocondedecoration.com\/blog\/wp-content\/uploads\/2023\/06\/decor-minimaliste-pas-cher-4.jpeg 500w, https:\/\/www.cocondedecoration.com\/blog\/wp-content\/uploads\/2023\/06\/decor-minimaliste-pas-cher-4-165x165.jpeg 165w, https:\/\/www.cocondedecoration.com\/blog\/wp-content\/uploads\/2023\/06\/decor-minimaliste-pas-cher-4-260x260.jpeg 260w, https:\/\/www.cocondedecoration.com\/blog\/wp-content\/uploads\/2023\/06\/decor-minimaliste-pas-cher-4-465x465.jpeg 465w\" sizes=\"(max-width: 500px) 100vw, 500px\" \/><\/p><\/div>\n<div id='slider_61410_slide13' class='sa_hover_container' style='padding:5% 5%; margin:0px 0%; '><p><img loading=\"lazy\" decoding=\"async\" class=\"aligncenter size-full wp-image-61416\" src=\"https:\/\/www.cocondedecoration.com\/blog\/wp-content\/uploads\/2023\/06\/meuble-deco-minimaliste-moderne-5.jpeg\" alt=\"meuble deco minimaliste moderne Meuble TV 1 niche 1 tiroir blanc cr\u00e8me arche\" width=\"500\" height=\"500\" srcset=\"https:\/\/www.cocondedecoration.com\/blog\/wp-content\/uploads\/2023\/06\/meuble-deco-minimaliste-moderne-5.jpeg 500w, https:\/\/www.cocondedecoration.com\/blog\/wp-content\/uploads\/2023\/06\/meuble-deco-minimaliste-moderne-5-165x165.jpeg 165w, https:\/\/www.cocondedecoration.com\/blog\/wp-content\/uploads\/2023\/06\/meuble-deco-minimaliste-moderne-5-260x260.jpeg 260w, https:\/\/www.cocondedecoration.com\/blog\/wp-content\/uploads\/2023\/06\/meuble-deco-minimaliste-moderne-5-465x465.jpeg 465w\" sizes=\"(max-width: 500px) 100vw, 500px\" \/><\/p><\/div>\n<div id='slider_61410_slide14' class='sa_hover_container' style='padding:5% 5%; margin:0px 0%; '><p><img loading=\"lazy\" decoding=\"async\" class=\"aligncenter size-full wp-image-61422\" src=\"https:\/\/www.cocondedecoration.com\/blog\/wp-content\/uploads\/2023\/06\/decoration-minimaliste-design-5.jpeg\" alt=\"decoration minimaliste design Horloge verte\" width=\"500\" height=\"500\" srcset=\"https:\/\/www.cocondedecoration.com\/blog\/wp-content\/uploads\/2023\/06\/decoration-minimaliste-design-5.jpeg 500w, https:\/\/www.cocondedecoration.com\/blog\/wp-content\/uploads\/2023\/06\/decoration-minimaliste-design-5-165x165.jpeg 165w, https:\/\/www.cocondedecoration.com\/blog\/wp-content\/uploads\/2023\/06\/decoration-minimaliste-design-5-260x260.jpeg 260w, https:\/\/www.cocondedecoration.com\/blog\/wp-content\/uploads\/2023\/06\/decoration-minimaliste-design-5-465x465.jpeg 465w\" sizes=\"(max-width: 500px) 100vw, 500px\" \/><\/p><\/div>\n<div id='slider_61410_slide15' class='sa_hover_container' style='padding:5% 5%; margin:0px 0%; '><p><img loading=\"lazy\" decoding=\"async\" class=\"aligncenter size-full wp-image-61427\" src=\"https:\/\/www.cocondedecoration.com\/blog\/wp-content\/uploads\/2023\/06\/decor-minimaliste-pas-cher-5.jpeg\" alt=\"decor minimaliste pas cher Fauteuil tissu natt\u00e9 chin\u00e9 gris\" width=\"500\" height=\"500\" srcset=\"https:\/\/www.cocondedecoration.com\/blog\/wp-content\/uploads\/2023\/06\/decor-minimaliste-pas-cher-5.jpeg 500w, https:\/\/www.cocondedecoration.com\/blog\/wp-content\/uploads\/2023\/06\/decor-minimaliste-pas-cher-5-165x165.jpeg 165w, https:\/\/www.cocondedecoration.com\/blog\/wp-content\/uploads\/2023\/06\/decor-minimaliste-pas-cher-5-260x260.jpeg 260w, https:\/\/www.cocondedecoration.com\/blog\/wp-content\/uploads\/2023\/06\/decor-minimaliste-pas-cher-5-465x465.jpeg 465w\" sizes=\"(max-width: 500px) 100vw, 500px\" \/><\/p><\/div>\n<\/div>\n<\/div>\n<script type='text\/javascript'>\n\tjQuery(document).ready(function() {\n\t\tjQuery('#slider_61410').owlCarousel({\n\t\t\titems : 1,\n\t\t\tsmartSpeed : 200,\n\t\t\tautoplay : true,\n\t\t\tautoplayTimeout : 5000,\n\t\t\tautoplayHoverPause : true,\n\t\t\tsmartSpeed : 200,\n\t\t\tfluidSpeed : 200,\n\t\t\tautoplaySpeed : 200,\n\t\t\tnavSpeed : 200,\n\t\t\tdotsSpeed : 200,\n\t\t\tloop : true,\n\t\t\tnav : true,\n\t\t\tnavText : ['Previous','Next'],\n\t\t\tdots : true,\n\t\t\tresponsiveRefreshRate : 200,\n\t\t\tslideBy : 1,\n\t\t\tmergeFit : true,\n\t\t\tautoHeight : false,\n\t\t\tmouseDrag : false,\n\t\t\ttouchDrag : true\n\t\t});\n\t\tjQuery('#slider_61410').css('visibility', 'visible');\n\t\tsa_resize_slider_61410();\n\t\twindow.addEventListener('resize', sa_resize_slider_61410);\n\t\tfunction sa_resize_slider_61410() {\n\t\t\tvar min_height = '50';\n\t\t\tvar win_width = jQuery(window).width();\n\t\t\tvar slider_width = jQuery('#slider_61410').width();\n\t\t\tif (win_width < 480) {\n\t\t\t\tvar slide_width = slider_width \/ 1;\n\t\t\t} else if (win_width < 768) {\n\t\t\t\tvar slide_width = slider_width \/ 1;\n\t\t\t} else if (win_width < 980) {\n\t\t\t\tvar slide_width = slider_width \/ 1;\n\t\t\t} else if (win_width < 1200) {\n\t\t\t\tvar slide_width = slider_width \/ 1;\n\t\t\t} else if (win_width < 1500) {\n\t\t\t\tvar slide_width = slider_width \/ 1;\n\t\t\t} else {\n\t\t\t\tvar slide_width = slider_width \/ 1;\n\t\t\t}\n\t\t\tslide_width = Math.round(slide_width);\n\t\t\tvar slide_height = '0';\n\t\t\tif (min_height == 'aspect43') {\n\t\t\t\tslide_height = (slide_width \/ 4) * 3;\t\t\t\tslide_height = Math.round(slide_height);\n\t\t\t} else if (min_height == 'aspect169') {\n\t\t\t\tslide_height = (slide_width \/ 16) * 9;\t\t\t\tslide_height = Math.round(slide_height);\n\t\t\t} else {\n\t\t\t\tslide_height = (slide_width \/ 100) * min_height;\t\t\t\tslide_height = Math.round(slide_height);\n\t\t\t}\n\t\t\tjQuery('#slider_61410 .owl-item .sa_hover_container').css('min-height', slide_height+'px');\n\t\t}\n\t\tvar owl_goto = jQuery('#slider_61410');\n\t\tjQuery('.slider_61410_goto1').click(function(event){\n\t\t\towl_goto.trigger('to.owl.carousel', 0);\n\t\t});\n\t\tjQuery('.slider_61410_goto2').click(function(event){\n\t\t\towl_goto.trigger('to.owl.carousel', 1);\n\t\t});\n\t\tjQuery('.slider_61410_goto3').click(function(event){\n\t\t\towl_goto.trigger('to.owl.carousel', 2);\n\t\t});\n\t\tjQuery('.slider_61410_goto4').click(function(event){\n\t\t\towl_goto.trigger('to.owl.carousel', 3);\n\t\t});\n\t\tjQuery('.slider_61410_goto5').click(function(event){\n\t\t\towl_goto.trigger('to.owl.carousel', 4);\n\t\t});\n\t\tjQuery('.slider_61410_goto6').click(function(event){\n\t\t\towl_goto.trigger('to.owl.carousel', 5);\n\t\t});\n\t\tjQuery('.slider_61410_goto7').click(function(event){\n\t\t\towl_goto.trigger('to.owl.carousel', 6);\n\t\t});\n\t\tjQuery('.slider_61410_goto8').click(function(event){\n\t\t\towl_goto.trigger('to.owl.carousel', 7);\n\t\t});\n\t\tjQuery('.slider_61410_goto9').click(function(event){\n\t\t\towl_goto.trigger('to.owl.carousel', 8);\n\t\t});\n\t\tjQuery('.slider_61410_goto10').click(function(event){\n\t\t\towl_goto.trigger('to.owl.carousel', 9);\n\t\t});\n\t\tjQuery('.slider_61410_goto11').click(function(event){\n\t\t\towl_goto.trigger('to.owl.carousel', 10);\n\t\t});\n\t\tjQuery('.slider_61410_goto12').click(function(event){\n\t\t\towl_goto.trigger('to.owl.carousel', 11);\n\t\t});\n\t\tjQuery('.slider_61410_goto13').click(function(event){\n\t\t\towl_goto.trigger('to.owl.carousel', 12);\n\t\t});\n\t\tjQuery('.slider_61410_goto14').click(function(event){\n\t\t\towl_goto.trigger('to.owl.carousel', 13);\n\t\t});\n\t\tjQuery('.slider_61410_goto15').click(function(event){\n\t\t\towl_goto.trigger('to.owl.carousel', 14);\n\t\t});\n\t\tvar resize_61410 = jQuery('.owl-carousel');\n\t\tresize_61410.on('initialized.owl.carousel', function(e) {\n\t\t\tif (typeof(Event) === 'function') {\n\t\t\t\twindow.dispatchEvent(new Event('resize'));\n\t\t\t} else {\n\t\t\t\tvar evt = window.document.createEvent('UIEvents');\n\t\t\t\tevt.initUIEvent('resize', true, false, window, 0);\n\t\t\t\twindow.dispatchEvent(evt);\n\t\t\t}\n\t\t});\n\t});\n<\/script>\n\n<\/div>\n\n\n\n<div class=\"wp-block-column is-layout-flow wp-block-column-is-layout-flow\">\n<p class=\"has-medium-font-size\">Envie d'une touche plus minimale dans votre d\u00e9co? <\/p>\n\n\n\n<ol><li><a rel=\"noreferrer noopener\" aria-label=\"Canap\u00e9 2\/3 places gris (s\u2019ouvre dans un nouvel onglet)\" href=\"https:\/\/fnty.co\/c\/r-fDgKRmOl\" target=\"_blank\">Canap\u00e9 2\/3 places gris<\/a> - Maisons du Monde <\/li><li><a rel=\"noreferrer noopener\" aria-label=\"Fauteuil lounge en fr\u00eane noir (s\u2019ouvre dans un nouvel onglet)\" href=\"https:\/\/fnty.co\/c\/r-lsIxdzxj\" target=\"_blank\">Fauteuil lounge en fr\u00eane noir<\/a> - The Cool Republic <\/li><li><a rel=\"noreferrer noopener\" aria-label=\"Cache-pot en argile \u00d855 cm (s\u2019ouvre dans un nouvel onglet)\" href=\"https:\/\/c3po.link\/QCeTw9Bk5U\" target=\"_blank\">Cache-pot en argile \u00d855 cm<\/a> - La Redoute<\/li><li><a rel=\"noreferrer noopener\" aria-label=\"Lampe de table noir verre \u00f820cm  (s\u2019ouvre dans un nouvel onglet)\" href=\"https:\/\/fnty.co\/c\/r-izicBxer\" target=\"_blank\">Lampe de table noir verre \u00f820cm <\/a>- Maisons du Monde <\/li><li><a rel=\"noreferrer noopener\" aria-label=\"Lampe \u00e0 poser en b\u00e9ton (s\u2019ouvre dans un nouvel onglet)\" href=\"https:\/\/fnty.co\/c\/r-cPzUJVej\" target=\"_blank\">Lampe \u00e0 poser en b\u00e9ton<\/a> - The Cool Republic <\/li><li><a rel=\"noreferrer noopener\" aria-label=\"Lit avec sommier  (s\u2019ouvre dans un nouvel onglet)\" href=\"https:\/\/c3po.link\/QwM6kV8uPt\" target=\"_blank\">Lit avec sommier <\/a>- La Redoute<\/li><li><a rel=\"noreferrer noopener\" aria-label=\"Coussin tress\u00e9 gris (s\u2019ouvre dans un nouvel onglet)\" href=\"https:\/\/fnty.co\/c\/r-zxdtAjFg\" target=\"_blank\">Coussin tress\u00e9 gris<\/a> - Maisons du Monde <\/li><li><a rel=\"noreferrer noopener\" aria-label=\"Sculpture noire (s\u2019ouvre dans un nouvel onglet)\" href=\"https:\/\/fnty.co\/c\/r-azjmfzXP\" target=\"_blank\">Sculpture noire<\/a> - The Cool Republic <\/li><li><a href=\"https:\/\/c3po.link\/QVXrEMhTNv\">Housse de couette unie coton biologique<\/a> - La Redoute <\/li><li><a rel=\"noreferrer noopener\" aria-label=\"Vase en gr\u00e8s blanc (s\u2019ouvre dans un nouvel onglet)\" href=\"https:\/\/fnty.co\/c\/r-KeVetAnS\" target=\"_blank\">Vase en gr\u00e8s blanc<\/a> - Maisons du Monde <\/li><li><a rel=\"noreferrer noopener\" aria-label=\"Miroir mural ovale en bois (s\u2019ouvre dans un nouvel onglet)\" href=\"https:\/\/fnty.co\/c\/r-sMtBVlkD\" target=\"_blank\">Miroir mural ovale en bois<\/a> - The Cool Republic <\/li><li><a href=\"https:\/\/c3po.link\/QJKNeFtBpj\">Applique articul\u00e9e <\/a>- La Redoute <\/li><li><a rel=\"noreferrer noopener\" aria-label=\"Meuble TV 1 niche 1 tiroir blanc cr\u00e8me (s\u2019ouvre dans un nouvel onglet)\" href=\"https:\/\/fnty.co\/c\/r-DdRrXvOq\" target=\"_blank\">Meuble TV 1 niche 1 tiroir blanc cr\u00e8me<\/a> - Maisons du Monde <\/li><li><a rel=\"noreferrer noopener\" aria-label=\"Horloge verte (s\u2019ouvre dans un nouvel onglet)\" href=\"https:\/\/fnty.co\/c\/r-TKJQmJTh\" target=\"_blank\">Horloge verte<\/a> - The Cool Republic <\/li><li><a href=\"https:\/\/c3po.link\/QuxS7VDQqV\" target=\"_blank\" rel=\"noreferrer noopener\" aria-label=\"Fauteuil tissu natt\u00e9 chin\u00e9 (s\u2019ouvre dans un nouvel onglet)\">Fauteuil tissu natt\u00e9 chin\u00e9<\/a> - La Redoute <\/li><\/ol>\n\n\n\n<p style=\"text-align:center\"><strong>A lire aussi: <\/strong><a rel=\"noreferrer noopener\" aria-label=\"Id\u00e9e d\u00e9co | des luminaires minimalistes  (s\u2019ouvre dans un nouvel onglet)\" href=\"https:\/\/www.cocondedecoration.com\/blog\/2022\/03\/luminaire-minimaliste\/\" target=\"_blank\"><strong>Id\u00e9e d\u00e9co | des luminaires minimalistes <\/strong><\/a><\/p>\n<\/div>\n<\/div>\n\n\n\n<hr class=\"wp-block-separator\"\/>\n\n\n\n<p class=\"has-text-align-center has-medium-font-size\">Ne perdons pas contact \ud83d\ude42 Rejoignez moi sur <a href=\"https:\/\/www.pinterest.fr\/cocondedeco\/\" target=\"_blank\" rel=\"noopener\" title=\"\">Pinterest<\/a> |\u00a0<a href=\"https:\/\/www.threads.net\/@cocondedeco\" target=\"_blank\" rel=\"noopener\" title=\"\">Threads<\/a> | <a href=\"https:\/\/www.patreon.com\/collection\/162946?view=expanded\" target=\"_blank\" rel=\"noopener\" title=\"\">la Newsletter<\/a> <br>Vous aimez lire le blog? Vous souhaitez continuer \u00e0 le lire? <a href=\"https:\/\/www.patreon.com\/cocondedeco\" target=\"_blank\" rel=\"noopener\" title=\"\">Devenez m\u00e9c\u00e8ne<\/a> sur Patreon et contribuez \u00e0 sa survie. <\/p>\n\n\n\n<hr class=\"wp-block-separator\"\/>\n\n\n\n<div class=\"wp-block-columns has-2-columns is-layout-flex wp-container-core-columns-layout-3 wp-block-columns-is-layout-flex\">\n<div class=\"wp-block-column is-layout-flow wp-block-column-is-layout-flow\">\n<p>A lire \u00e9galement<\/p>\n\n\n<ul class=\"wp-block-latest-posts__list wp-block-latest-posts\"><li><a class=\"wp-block-latest-posts__post-title\" href=\"https:\/\/www.cocondedecoration.com\/blog\/2025\/05\/style-scandinave-minimaliste\/\">Mixer minimalisme et style scandinave sans cr\u00e9er un d\u00e9cor impersonnel et froid<\/a><\/li>\n<li><a class=\"wp-block-latest-posts__post-title\" href=\"https:\/\/www.cocondedecoration.com\/blog\/2025\/03\/interieur-minimaliste-naturel\/\">\u00c9quilibre et simplicit\u00e9: m\u00e9lange du style minimaliste et nature<\/a><\/li>\n<li><a class=\"wp-block-latest-posts__post-title\" href=\"https:\/\/www.cocondedecoration.com\/blog\/2023\/12\/maison-demi-niveau-moderne\/\">Maison c\u00f4ti\u00e8re ultra-moderne et \u00e9pur\u00e9e | visite d\u00e9co<\/a><\/li>\n<li><a class=\"wp-block-latest-posts__post-title\" href=\"https:\/\/www.cocondedecoration.com\/blog\/2023\/12\/maison-moderne-hauts-plafonds\/\">Visite d\u00e9co | \u00ab\u00a0Petite\u00a0\u00bb maison avec de hauts plafonds au d\u00e9cor moderne et \u00e9l\u00e9gant<\/a><\/li>\n<li><a class=\"wp-block-latest-posts__post-title\" href=\"https:\/\/www.cocondedecoration.com\/blog\/2023\/12\/tendances-decoration-interieure-2024\/\">Trendy |\u00a0Quelles sont les grandes tendances d\u00e9co pour 2024?<\/a><\/li>\n<li><a class=\"wp-block-latest-posts__post-title\" href=\"https:\/\/www.cocondedecoration.com\/blog\/2023\/09\/architecture-minimaliste-caracteristiques\/\">Histoire &#038; design | Quid de l&rsquo;architecture minimaliste?<\/a><\/li>\n<li><a class=\"wp-block-latest-posts__post-title\" href=\"https:\/\/www.cocondedecoration.com\/blog\/2023\/02\/caracteristique-interieur-minimaliste\/\">Id\u00e9es d\u00e9co | 8 mani\u00e8res d&rsquo;adopter le style minimaliste chez soi<\/a><\/li>\n<\/ul><\/div>\n\n\n\n<div class=\"wp-block-column is-layout-flow wp-block-column-is-layout-flow\">\n<p class=\"has-text-align-center has-medium-font-size\" style=\"padding-top:var(--wp--preset--spacing--40);padding-bottom:var(--wp--preset--spacing--40)\"><strong>Devenez m\u00e9c\u00e8ne du blog <\/strong><\/p>\n\n\n\n<hr class=\"wp-block-separator has-alpha-channel-opacity is-style-wide\"\/>\n\n\n\n<p style=\"padding-right:var(--wp--preset--spacing--30);padding-left:var(--wp--preset--spacing--30)\">Soutenez mon travail sur le blog et acc\u00e9dez \u00e0 des contreparties exclusives: <\/p>\n\n\n\n<ul style=\"padding-right:var(--wp--preset--spacing--40);padding-left:var(--wp--preset--spacing--40)\">\n<li>Plusieurs centaines d'articles d\u00e9co, lifestyle &amp; voyage r\u00e9serv\u00e9s aux abonn\u00e9\u2022e\u2022s <\/li>\n\n\n\n<li>Toutes les entr\u00e9es de mon side project - mon dictionnaire nomade <\/li>\n\n\n\n<li>Une publicit\u00e9 limit\u00e9e sur les articles Patreon <\/li>\n<\/ul>\n\n\n\n<div class=\"wp-block-buttons is-content-justification-center is-layout-flex wp-container-core-buttons-layout-1 wp-block-buttons-is-layout-flex\">\n<div class=\"wp-block-button\"><a class=\"wp-block-button__link wp-element-button\" href=\"https:\/\/www.patreon.com\/cocondedeco\" target=\"_blank\" rel=\"noreferrer noopener\">Soutenir le blog maintenant<\/a><\/div>\n<\/div>\n<\/div>\n<\/div>\n\n\n\n<p style=\"text-align:right\" class=\"has-small-font-size\">Article mis \u00e0 jour en septembre 2023<\/p>\n","protected":false},"excerpt":{"rendered":"<p>Il y a quelques jours, je discutais avec la cr\u00e9atrice de Rock &amp; Paper sur Instagram. Pour vous la faire courte, on parlait de son espace de travail, de ce qu&rsquo;elle aimerait, de ce \u00e0 quoi son bureau ressemblait et de ce qu&rsquo;elle avait besoin. Je lui ai \u00e9crit un<span class=\"more-link\"><a href=\"https:\/\/www.cocondedecoration.com\/blog\/2019\/02\/less-is-more-un-bureau-presque-minimaliste-pour-les-creatives\/\">Lire la suite<\/a><\/span><\/p>\n","protected":false},"author":1,"featured_media":20345,"comment_status":"open","ping_status":"open","sticky":false,"template":"","format":"standard","meta":{"om_disable_all_campaigns":false,"_monsterinsights_skip_tracking":false,"_monsterinsights_sitenote_active":false,"_monsterinsights_sitenote_note":"","_monsterinsights_sitenote_category":0,"_uf_show_specific_survey":0,"_uf_disable_surveys":false,"footnotes":""},"categories":[3347,62015],"tags":[3738,3743,2651,3739,3679,3740,3745,3747,433,4397,3744,9419,9417,9418,3741,3742,9416,4175,9420,3110,3746,2182],"aioseo_notices":[],"_links":{"self":[{"href":"https:\/\/www.cocondedecoration.com\/blog\/wp-json\/wp\/v2\/posts\/20335"}],"collection":[{"href":"https:\/\/www.cocondedecoration.com\/blog\/wp-json\/wp\/v2\/posts"}],"about":[{"href":"https:\/\/www.cocondedecoration.com\/blog\/wp-json\/wp\/v2\/types\/post"}],"author":[{"embeddable":true,"href":"https:\/\/www.cocondedecoration.com\/blog\/wp-json\/wp\/v2\/users\/1"}],"replies":[{"embeddable":true,"href":"https:\/\/www.cocondedecoration.com\/blog\/wp-json\/wp\/v2\/comments?post=20335"}],"version-history":[{"count":1,"href":"https:\/\/www.cocondedecoration.com\/blog\/wp-json\/wp\/v2\/posts\/20335\/revisions"}],"predecessor-version":[{"id":83699,"href":"https:\/\/www.cocondedecoration.com\/blog\/wp-json\/wp\/v2\/posts\/20335\/revisions\/83699"}],"wp:featuredmedia":[{"embeddable":true,"href":"https:\/\/www.cocondedecoration.com\/blog\/wp-json\/wp\/v2\/media\/20345"}],"wp:attachment":[{"href":"https:\/\/www.cocondedecoration.com\/blog\/wp-json\/wp\/v2\/media?parent=20335"}],"wp:term":[{"taxonomy":"category","embeddable":true,"href":"https:\/\/www.cocondedecoration.com\/blog\/wp-json\/wp\/v2\/categories?post=20335"},{"taxonomy":"post_tag","embeddable":true,"href":"https:\/\/www.cocondedecoration.com\/blog\/wp-json\/wp\/v2\/tags?post=20335"}],"curies":[{"name":"wp","href":"https:\/\/api.w.org\/{rel}","templated":true}]}}