{"id":20067,"date":"2019-01-03T01:00:48","date_gmt":"2019-01-02T23:00:48","guid":{"rendered":"http:\/\/www.cocondedecoration.com\/blog\/?p=20067"},"modified":"2026-03-02T08:59:40","modified_gmt":"2026-03-02T06:59:40","slug":"couleur-du-vert-dans-le-salon","status":"publish","type":"post","link":"https:\/\/www.cocondedecoration.com\/blog\/2019\/01\/couleur-du-vert-dans-le-salon\/","title":{"rendered":"Du vert dans le salon | couleur d\u00e9co"},"content":{"rendered":"\n<p>Sur le blog, j'ai d\u00e9j\u00e0 eu l'occasion \u00e0 plusieurs reprises de vous proposer des articles \u00e0 propos du vert. J'aime cette couleur, que ce soit pour les v\u00eatements ou pour la d\u00e9co. J'ai donc d\u00e9j\u00e0 trait\u00e9 le vert dans la salle de bain, c'est un classique, comme dans la chambre. Plus \u00e9tonnant, je vous avais parl\u00e9 du vert dans la cuisine. Cette fois-ci, on s'int\u00e9resse au salon, cette pi\u00e8ce de vie par excellence!<br><\/p>\n\n\n\n<!--more-->\n\n\n\n<div class=\"wp-block-columns is-layout-flex wp-container-core-columns-layout-1 wp-block-columns-is-layout-flex\">\n<div class=\"wp-block-column is-layout-flow wp-block-column-is-layout-flow\">\n<p class=\"has-medium-font-size\">Au sommaire de cet article<\/p>\n\n\n\n<div class=\"wp-block-aioseo-table-of-contents\"><ul><li><a href=\"#aioseo-01-du-vert-sur-les-murs-du-salon\">01 \u2022 Du vert sur les murs du salon<\/a><\/li><li><a href=\"#aioseo-02-du-vert-dans-le-mobilier-de-salon\">02 \u2022 Du vert dans le mobilier de salon<\/a><\/li><li><a href=\"#aioseo-03-le-vert-dans-les-textiles-du-salon\">03 \u2022 Le vert dans les textiles du salon<\/a><\/li><li><a href=\"#aioseo-04-des-plantes-vertes-pour-un-salon-verdoyant\">04 \u2022 Des plantes vertes pour un salon verdoyant<\/a><\/li><li><a href=\"#aioseo-05-plus-didees-deco-pour-mettre-du-vert-dans-votre-salon\">05 \u2022 Plus d'id\u00e9es d\u00e9co pour mettre du vert dans votre salon<\/a><\/li><\/ul><\/div>\n\n\n\n<p>A lire \u00e9galement: <a href=\"https:\/\/www.cocondedecoration.com\/blog\/2024\/09\/objet-deco-vert\/\" target=\"_blank\" rel=\"noopener\" title=\"\">\u00c9veillez votre int\u00e9rieur avec des teintes de vert<\/a><\/p>\n<\/div>\n<\/div>\n\n\n\n<h2 class=\"wp-block-heading\" id=\"aioseo-01-du-vert-sur-les-murs-du-salon\">01 \u2022 Du vert sur les murs du salon<\/h2>\n\n\n\n<p>Quand on souhaite mettre de la couleur dans sa d\u00e9co, la premi\u00e8re chose \u00e0 laquelle on pense, c'est les murs. Peinture, papier peint... Le vert s'invite dans de nombreux rev\u00eatements muraux. Il y a quelques ann\u00e9es - 10 ans je pense - le vert pomme \u00e9tait \u00e0 l'honneur. On avait peint des murs entiers en vert flashy pour apporter du peps et du dynamisme \u00e0 notre d\u00e9co. <\/p>\n\n\n\n<p>Maintenant, on y va plus calmement, gr\u00e2ce \u00e0 des tonalit\u00e9s v\u00e9g\u00e9tales. La nature est au centre de l'inspiration du moment, on retrouve donc des verts d'eau ou des des verts menthe pour un int\u00e9rieur scandinave plein de douceur. <a aria-label=\"Le vert sauge (s\u2019ouvre dans un nouvel onglet)\" href=\"https:\/\/www.cocondedecoration.com\/blog\/2020\/10\/couleur-vert-sauge-salon\/\" target=\"_blank\" rel=\"noreferrer noopener\">Le vert sauge<\/a> est tendance et plein de douceur. On peut aussi partir sur des tonalit\u00e9s plus soutenues qui feront directement r\u00e9f\u00e9rence au vert des plantes avec le vert chlorophylle. Il y a aussi <a aria-label=\"le vert \u00e9meraude et le vert franc (s\u2019ouvre dans un nouvel onglet)\" href=\"https:\/\/www.cocondedecoration.com\/blog\/2023\/04\/decoration-vert-franc-emeraude\/\" target=\"_blank\" rel=\"noreferrer noopener\">le vert \u00e9meraude et le vert franc<\/a> qui peuvent apporter beaucoup de vie et d'\u00e9l\u00e9gance \u00e0 votre pi\u00e8ce de vie. <\/p>\n\n\n\n<h2 class=\"wp-block-heading\" id=\"aioseo-02-du-vert-dans-le-mobilier-de-salon\">02 \u2022 Du vert dans le mobilier de salon<\/h2>\n\n\n\n<p>Si mettre du vert sur les murs vous fait peur, vous pouvez colorer votre mobilier. Maintenant, le canap\u00e9 n'est plus n\u00e9cessairement noir, gris ou taupe. Il peut tr\u00e8s bien \u00eatre vert. Perso, je raffole des canap\u00e9s verts en velours, qui sont \u00e0 la fois chaleureux et \u00e9l\u00e9gants. <\/p>\n\n\n\n<p>La table basse peut-\u00eatre repeinte en vert, le meuble t\u00e9l\u00e9 aussi. Si vous avez une biblioth\u00e8que, elle pourra sortir du lot avec un bon coup de peinture... Le vert s'harmonise tr\u00e8s bien avec le blanc et le gris pour un int\u00e9rieur contemporain. Si vous \u00eates plus classique et naturelle, un beige ou un taupe tr\u00e8s clair fera ressortir le vert de votre mobilier sans probl\u00e8me.<\/p>\n\n\n\n<h2 class=\"wp-block-heading\" id=\"aioseo-03-le-vert-dans-les-textiles-du-salon\">03 \u2022 Le vert dans les textiles du salon<\/h2>\n\n\n\n<p>Comme la chambre, le salon se caract\u00e9rise par la grande importance des textiles d\u00e9coratifs. On les trouve entre autres dans les housses du canap\u00e9 et des fauteuils, dans les housses de coussins, les plaids. N'oublions pas non plus les rideaux et \/ ou stores aux fen\u00eatres ou encore le tapis sous votre table basse. Le vert peut donc \u00eatre l'une des couleurs qui composent vos textiles de d\u00e9coration. On en a d\u00e9j\u00e0 parl\u00e9 sur le blog, les imprim\u00e9s exotiques sont tendance et ils vous permettent de cr\u00e9er une atmosph\u00e8re verdoyante dans toute la maison. Le salon n'y coupe pas!<br>A lire aussi: <a href=\"https:\/\/www.cocondedecoration.com\/blog\/2020\/06\/ou-trouver-un-canape-en-velours-vert\/\" target=\"_blank\" rel=\"noreferrer noopener\" aria-label=\"O\u00f9 trouver | Un canap\u00e9 vert? (s\u2019ouvre dans un nouvel onglet)\">O\u00f9 trouver | Un canap\u00e9 vert?<\/a> <\/p>\n\n\n\n<h2 class=\"wp-block-heading\" id=\"aioseo-04-des-plantes-vertes-pour-un-salon-verdoyant\">04 \u2022 Des plantes vertes pour un salon verdoyant<\/h2>\n\n\n\n<p>Vous le savez \u00e0 pr\u00e9sent, <a href=\"https:\/\/www.cocondedecoration.com\/blog\/2022\/04\/quelles-plantes-sur-un-meuble\/\" target=\"_blank\" rel=\"noreferrer noopener\" aria-label=\"les plantes vertes (s\u2019ouvre dans un nouvel onglet)\">les plantes vertes<\/a> sont incontournables en d\u00e9co depuis quelques ann\u00e9es maintenant. Elles donnent de la vie \u00e0 votre int\u00e9rieur, elles apportent un cachet naturel et authentique \u00e0 votre d\u00e9co. Elles d\u00e9corent sans trop en faire. Et c'est pour \u00e7a qu'on les aime tant! Et si vous n'avez pas envie de changer toute votre d\u00e9co alors que vous souhaitez mettre du vert, les plantes sont une solution! En plus, elles vous permettent de doser \u00e0 votre go\u00fbt et facilement la dose de vert pr\u00e9sente dans votre salon.<\/p>\n\n\n\n<h2 class=\"wp-block-heading\" id=\"aioseo-05-plus-didees-deco-pour-mettre-du-vert-dans-votre-salon\">05 \u2022 Plus d'id\u00e9es d\u00e9co pour mettre du vert dans votre salon<\/h2>\n\n\n\n<figure class=\"wp-block-gallery has-nested-images columns-default is-cropped wp-block-gallery-1 is-layout-flex wp-block-gallery-is-layout-flex\">\n<figure class=\"wp-block-image\"><img loading=\"lazy\" decoding=\"async\" width=\"640\" height=\"960\" data-id=\"59355\" src=\"https:\/\/www.cocondedecoration.com\/blog\/wp-content\/uploads\/2023\/04\/decoration-salon-sejour-moderne-couleur-vert-1-640x960.jpeg\" alt=\"decoration salon sejour moderne couleur vert canap\u00e9 blanc beige slow living touche color\u00e9e naturelle\" class=\"wp-image-59355\" srcset=\"https:\/\/www.cocondedecoration.com\/blog\/wp-content\/uploads\/2023\/04\/decoration-salon-sejour-moderne-couleur-vert-1-640x960.jpeg 640w, https:\/\/www.cocondedecoration.com\/blog\/wp-content\/uploads\/2023\/04\/decoration-salon-sejour-moderne-couleur-vert-1-260x390.jpeg 260w, https:\/\/www.cocondedecoration.com\/blog\/wp-content\/uploads\/2023\/04\/decoration-salon-sejour-moderne-couleur-vert-1-768x1152.jpeg 768w, https:\/\/www.cocondedecoration.com\/blog\/wp-content\/uploads\/2023\/04\/decoration-salon-sejour-moderne-couleur-vert-1-367x550.jpeg 367w, https:\/\/www.cocondedecoration.com\/blog\/wp-content\/uploads\/2023\/04\/decoration-salon-sejour-moderne-couleur-vert-1-333x500.jpeg 333w, https:\/\/www.cocondedecoration.com\/blog\/wp-content\/uploads\/2023\/04\/decoration-salon-sejour-moderne-couleur-vert-1.jpeg 1000w\" sizes=\"(max-width: 640px) 100vw, 640px\" \/><figcaption class=\"wp-element-caption\">posterstore.fr\n<\/figcaption><\/figure>\n\n\n\n<figure class=\"wp-block-image\"><img loading=\"lazy\" decoding=\"async\" width=\"640\" height=\"960\" data-id=\"59356\" src=\"https:\/\/www.cocondedecoration.com\/blog\/wp-content\/uploads\/2023\/04\/decoration-salon-sejour-moderne-couleur-vert-2-640x960.jpeg\" alt=\"decoration salon sejour moderne couleur vert ton sur ton canap\u00e9 et peinture mur affiches anciennes encadr\u00e9es botanique plantes vert olive\" class=\"wp-image-59356\" srcset=\"https:\/\/www.cocondedecoration.com\/blog\/wp-content\/uploads\/2023\/04\/decoration-salon-sejour-moderne-couleur-vert-2-640x960.jpeg 640w, https:\/\/www.cocondedecoration.com\/blog\/wp-content\/uploads\/2023\/04\/decoration-salon-sejour-moderne-couleur-vert-2-260x390.jpeg 260w, https:\/\/www.cocondedecoration.com\/blog\/wp-content\/uploads\/2023\/04\/decoration-salon-sejour-moderne-couleur-vert-2-768x1152.jpeg 768w, https:\/\/www.cocondedecoration.com\/blog\/wp-content\/uploads\/2023\/04\/decoration-salon-sejour-moderne-couleur-vert-2-367x550.jpeg 367w, https:\/\/www.cocondedecoration.com\/blog\/wp-content\/uploads\/2023\/04\/decoration-salon-sejour-moderne-couleur-vert-2-333x500.jpeg 333w, https:\/\/www.cocondedecoration.com\/blog\/wp-content\/uploads\/2023\/04\/decoration-salon-sejour-moderne-couleur-vert-2.jpeg 1000w\" sizes=\"(max-width: 640px) 100vw, 640px\" \/><figcaption class=\"wp-element-caption\">Rachel Arndt via Pinterest<\/figcaption><\/figure>\n\n\n\n<figure class=\"wp-block-image\"><img loading=\"lazy\" decoding=\"async\" width=\"640\" height=\"960\" data-id=\"59357\" src=\"https:\/\/www.cocondedecoration.com\/blog\/wp-content\/uploads\/2023\/04\/decoration-salon-sejour-moderne-couleur-vert-3-640x960.jpeg\" alt=\"decoration salon sejour moderne couleur vert sourd fonc\u00e9 \u00e9l\u00e9gant canap\u00e9 rose printemps moderne\" class=\"wp-image-59357\" srcset=\"https:\/\/www.cocondedecoration.com\/blog\/wp-content\/uploads\/2023\/04\/decoration-salon-sejour-moderne-couleur-vert-3-640x960.jpeg 640w, https:\/\/www.cocondedecoration.com\/blog\/wp-content\/uploads\/2023\/04\/decoration-salon-sejour-moderne-couleur-vert-3-260x390.jpeg 260w, https:\/\/www.cocondedecoration.com\/blog\/wp-content\/uploads\/2023\/04\/decoration-salon-sejour-moderne-couleur-vert-3-768x1152.jpeg 768w, https:\/\/www.cocondedecoration.com\/blog\/wp-content\/uploads\/2023\/04\/decoration-salon-sejour-moderne-couleur-vert-3-367x550.jpeg 367w, https:\/\/www.cocondedecoration.com\/blog\/wp-content\/uploads\/2023\/04\/decoration-salon-sejour-moderne-couleur-vert-3-333x500.jpeg 333w, https:\/\/www.cocondedecoration.com\/blog\/wp-content\/uploads\/2023\/04\/decoration-salon-sejour-moderne-couleur-vert-3.jpeg 1000w\" sizes=\"(max-width: 640px) 100vw, 640px\" \/><figcaption class=\"wp-element-caption\">digsdigs.com\n<\/figcaption><\/figure>\n\n\n\n<figure class=\"wp-block-image\"><img loading=\"lazy\" decoding=\"async\" width=\"640\" height=\"960\" data-id=\"59358\" src=\"https:\/\/www.cocondedecoration.com\/blog\/wp-content\/uploads\/2023\/04\/decoration-salon-sejour-moderne-couleur-vert-4-640x960.jpeg\" alt=\"decoration salon sejour moderne couleur vert cananp\u00e9 en velours  appartement blanc d\u00e9tails textiles roses\" class=\"wp-image-59358\" srcset=\"https:\/\/www.cocondedecoration.com\/blog\/wp-content\/uploads\/2023\/04\/decoration-salon-sejour-moderne-couleur-vert-4-640x960.jpeg 640w, https:\/\/www.cocondedecoration.com\/blog\/wp-content\/uploads\/2023\/04\/decoration-salon-sejour-moderne-couleur-vert-4-260x390.jpeg 260w, https:\/\/www.cocondedecoration.com\/blog\/wp-content\/uploads\/2023\/04\/decoration-salon-sejour-moderne-couleur-vert-4-768x1152.jpeg 768w, https:\/\/www.cocondedecoration.com\/blog\/wp-content\/uploads\/2023\/04\/decoration-salon-sejour-moderne-couleur-vert-4-367x550.jpeg 367w, https:\/\/www.cocondedecoration.com\/blog\/wp-content\/uploads\/2023\/04\/decoration-salon-sejour-moderne-couleur-vert-4-333x500.jpeg 333w, https:\/\/www.cocondedecoration.com\/blog\/wp-content\/uploads\/2023\/04\/decoration-salon-sejour-moderne-couleur-vert-4.jpeg 1000w\" sizes=\"(max-width: 640px) 100vw, 640px\" \/><figcaption class=\"wp-element-caption\">studioizzy.co.uk\n<\/figcaption><\/figure>\n\n\n\n<figure class=\"wp-block-image\"><img loading=\"lazy\" decoding=\"async\" width=\"640\" height=\"960\" data-id=\"59359\" src=\"https:\/\/www.cocondedecoration.com\/blog\/wp-content\/uploads\/2023\/04\/decoration-salon-sejour-moderne-couleur-vert-5-640x960.jpeg\" alt=\"decoration salon sejour moderne couleur vert peinture \u00e9meraude chic canap\u00e9 jaune\" class=\"wp-image-59359\" srcset=\"https:\/\/www.cocondedecoration.com\/blog\/wp-content\/uploads\/2023\/04\/decoration-salon-sejour-moderne-couleur-vert-5-640x960.jpeg 640w, https:\/\/www.cocondedecoration.com\/blog\/wp-content\/uploads\/2023\/04\/decoration-salon-sejour-moderne-couleur-vert-5-260x390.jpeg 260w, https:\/\/www.cocondedecoration.com\/blog\/wp-content\/uploads\/2023\/04\/decoration-salon-sejour-moderne-couleur-vert-5-768x1152.jpeg 768w, https:\/\/www.cocondedecoration.com\/blog\/wp-content\/uploads\/2023\/04\/decoration-salon-sejour-moderne-couleur-vert-5-367x550.jpeg 367w, https:\/\/www.cocondedecoration.com\/blog\/wp-content\/uploads\/2023\/04\/decoration-salon-sejour-moderne-couleur-vert-5-333x500.jpeg 333w, https:\/\/www.cocondedecoration.com\/blog\/wp-content\/uploads\/2023\/04\/decoration-salon-sejour-moderne-couleur-vert-5.jpeg 1000w\" sizes=\"(max-width: 640px) 100vw, 640px\" \/><figcaption class=\"wp-element-caption\">desiretoinspire.net\n<\/figcaption><\/figure>\n\n\n\n<figure class=\"wp-block-image\"><img loading=\"lazy\" decoding=\"async\" width=\"640\" height=\"960\" data-id=\"59360\" src=\"https:\/\/www.cocondedecoration.com\/blog\/wp-content\/uploads\/2023\/04\/decoration-salon-sejour-moderne-couleur-vert-6-640x960.jpeg\" alt=\"decoration salon sejour moderne couleur vert boh\u00e8me chic nature peinture toile de jute tapis mur canap\u00e9 en cuir naturel\" class=\"wp-image-59360\" srcset=\"https:\/\/www.cocondedecoration.com\/blog\/wp-content\/uploads\/2023\/04\/decoration-salon-sejour-moderne-couleur-vert-6-640x960.jpeg 640w, https:\/\/www.cocondedecoration.com\/blog\/wp-content\/uploads\/2023\/04\/decoration-salon-sejour-moderne-couleur-vert-6-260x390.jpeg 260w, https:\/\/www.cocondedecoration.com\/blog\/wp-content\/uploads\/2023\/04\/decoration-salon-sejour-moderne-couleur-vert-6-768x1152.jpeg 768w, https:\/\/www.cocondedecoration.com\/blog\/wp-content\/uploads\/2023\/04\/decoration-salon-sejour-moderne-couleur-vert-6-367x550.jpeg 367w, https:\/\/www.cocondedecoration.com\/blog\/wp-content\/uploads\/2023\/04\/decoration-salon-sejour-moderne-couleur-vert-6-333x500.jpeg 333w, https:\/\/www.cocondedecoration.com\/blog\/wp-content\/uploads\/2023\/04\/decoration-salon-sejour-moderne-couleur-vert-6.jpeg 1000w\" sizes=\"(max-width: 640px) 100vw, 640px\" \/><figcaption class=\"wp-element-caption\">M GOUMA via Pinterest<\/figcaption><\/figure>\n\n\n\n<figure class=\"wp-block-image\"><img loading=\"lazy\" decoding=\"async\" width=\"640\" height=\"960\" data-id=\"59361\" src=\"https:\/\/www.cocondedecoration.com\/blog\/wp-content\/uploads\/2023\/04\/decoration-salon-sejour-moderne-couleur-vert-7-640x960.jpeg\" alt=\"decoration salon sejour moderne couleur vert affiche minimaliste abstraite plante couleur neutre beige blanc sauge coussin canap\u00e9 touche color\u00e9e\" class=\"wp-image-59361\" srcset=\"https:\/\/www.cocondedecoration.com\/blog\/wp-content\/uploads\/2023\/04\/decoration-salon-sejour-moderne-couleur-vert-7-640x960.jpeg 640w, https:\/\/www.cocondedecoration.com\/blog\/wp-content\/uploads\/2023\/04\/decoration-salon-sejour-moderne-couleur-vert-7-260x390.jpeg 260w, https:\/\/www.cocondedecoration.com\/blog\/wp-content\/uploads\/2023\/04\/decoration-salon-sejour-moderne-couleur-vert-7-768x1152.jpeg 768w, https:\/\/www.cocondedecoration.com\/blog\/wp-content\/uploads\/2023\/04\/decoration-salon-sejour-moderne-couleur-vert-7-367x550.jpeg 367w, https:\/\/www.cocondedecoration.com\/blog\/wp-content\/uploads\/2023\/04\/decoration-salon-sejour-moderne-couleur-vert-7-333x500.jpeg 333w, https:\/\/www.cocondedecoration.com\/blog\/wp-content\/uploads\/2023\/04\/decoration-salon-sejour-moderne-couleur-vert-7.jpeg 1000w\" sizes=\"(max-width: 640px) 100vw, 640px\" \/><figcaption class=\"wp-element-caption\">youtu.be\n<\/figcaption><\/figure>\n\n\n\n<figure class=\"wp-block-image\"><img loading=\"lazy\" decoding=\"async\" width=\"640\" height=\"960\" data-id=\"59362\" src=\"https:\/\/www.cocondedecoration.com\/blog\/wp-content\/uploads\/2023\/04\/decoration-salon-sejour-moderne-couleur-vert-8-640x960.jpeg\" alt=\"decoration salon sejour moderne couleur vert canap\u00e9 color\u00e9 cosy en velours mur papier peint trash wall escaliers en colima\u00e7on\" class=\"wp-image-59362\" srcset=\"https:\/\/www.cocondedecoration.com\/blog\/wp-content\/uploads\/2023\/04\/decoration-salon-sejour-moderne-couleur-vert-8-640x960.jpeg 640w, https:\/\/www.cocondedecoration.com\/blog\/wp-content\/uploads\/2023\/04\/decoration-salon-sejour-moderne-couleur-vert-8-260x390.jpeg 260w, https:\/\/www.cocondedecoration.com\/blog\/wp-content\/uploads\/2023\/04\/decoration-salon-sejour-moderne-couleur-vert-8-768x1152.jpeg 768w, https:\/\/www.cocondedecoration.com\/blog\/wp-content\/uploads\/2023\/04\/decoration-salon-sejour-moderne-couleur-vert-8-367x550.jpeg 367w, https:\/\/www.cocondedecoration.com\/blog\/wp-content\/uploads\/2023\/04\/decoration-salon-sejour-moderne-couleur-vert-8-333x500.jpeg 333w, https:\/\/www.cocondedecoration.com\/blog\/wp-content\/uploads\/2023\/04\/decoration-salon-sejour-moderne-couleur-vert-8.jpeg 1000w\" sizes=\"(max-width: 640px) 100vw, 640px\" \/><figcaption class=\"wp-element-caption\">sweet november via Pinterest<\/figcaption><\/figure>\n\n\n\n<figure class=\"wp-block-image\"><img loading=\"lazy\" decoding=\"async\" width=\"640\" height=\"960\" data-id=\"59363\" src=\"https:\/\/www.cocondedecoration.com\/blog\/wp-content\/uploads\/2023\/04\/decoration-salon-sejour-moderne-couleur-vert-9-640x960.jpeg\" alt=\"decoration salon sejour moderne couleur vert boho chic nature canap\u00e9 color\u00e9 d\u00e9co mur naturelle rotin panier plantes vertes tropicale tapis persan\" class=\"wp-image-59363\" srcset=\"https:\/\/www.cocondedecoration.com\/blog\/wp-content\/uploads\/2023\/04\/decoration-salon-sejour-moderne-couleur-vert-9-640x960.jpeg 640w, https:\/\/www.cocondedecoration.com\/blog\/wp-content\/uploads\/2023\/04\/decoration-salon-sejour-moderne-couleur-vert-9-260x390.jpeg 260w, https:\/\/www.cocondedecoration.com\/blog\/wp-content\/uploads\/2023\/04\/decoration-salon-sejour-moderne-couleur-vert-9-768x1152.jpeg 768w, https:\/\/www.cocondedecoration.com\/blog\/wp-content\/uploads\/2023\/04\/decoration-salon-sejour-moderne-couleur-vert-9-367x550.jpeg 367w, https:\/\/www.cocondedecoration.com\/blog\/wp-content\/uploads\/2023\/04\/decoration-salon-sejour-moderne-couleur-vert-9-333x500.jpeg 333w, https:\/\/www.cocondedecoration.com\/blog\/wp-content\/uploads\/2023\/04\/decoration-salon-sejour-moderne-couleur-vert-9.jpeg 1000w\" sizes=\"(max-width: 640px) 100vw, 640px\" \/><figcaption class=\"wp-element-caption\">mauloaflorals.com\n<\/figcaption><\/figure>\n\n\n\n<figure class=\"wp-block-image\"><img loading=\"lazy\" decoding=\"async\" width=\"640\" height=\"960\" data-id=\"59364\" src=\"https:\/\/www.cocondedecoration.com\/blog\/wp-content\/uploads\/2023\/04\/decoration-salon-sejour-moderne-couleur-vert-10-640x960.jpeg\" alt=\"decoration salon sejour moderne couleur vert peinture unie mur accent canap\u00e9 gris coussin couleur automne marron caramel\" class=\"wp-image-59364\" srcset=\"https:\/\/www.cocondedecoration.com\/blog\/wp-content\/uploads\/2023\/04\/decoration-salon-sejour-moderne-couleur-vert-10-640x960.jpeg 640w, https:\/\/www.cocondedecoration.com\/blog\/wp-content\/uploads\/2023\/04\/decoration-salon-sejour-moderne-couleur-vert-10-260x390.jpeg 260w, https:\/\/www.cocondedecoration.com\/blog\/wp-content\/uploads\/2023\/04\/decoration-salon-sejour-moderne-couleur-vert-10-768x1152.jpeg 768w, https:\/\/www.cocondedecoration.com\/blog\/wp-content\/uploads\/2023\/04\/decoration-salon-sejour-moderne-couleur-vert-10-367x550.jpeg 367w, https:\/\/www.cocondedecoration.com\/blog\/wp-content\/uploads\/2023\/04\/decoration-salon-sejour-moderne-couleur-vert-10-333x500.jpeg 333w, https:\/\/www.cocondedecoration.com\/blog\/wp-content\/uploads\/2023\/04\/decoration-salon-sejour-moderne-couleur-vert-10.jpeg 1000w\" sizes=\"(max-width: 640px) 100vw, 640px\" \/><figcaption class=\"wp-element-caption\">Deco Apartment via Pinterest<\/figcaption><\/figure>\n\n\n\n<figure class=\"wp-block-image\"><img loading=\"lazy\" decoding=\"async\" width=\"640\" height=\"960\" data-id=\"59365\" src=\"https:\/\/www.cocondedecoration.com\/blog\/wp-content\/uploads\/2023\/04\/decoration-salon-sejour-moderne-couleur-vert-11-640x960.jpeg\" alt=\"decoration salon sejour moderne couleur vert arche murale papier peint tropical d\u00e9cor moderne m\u00e9ridienne plaid vert sauge coussin caramel\" class=\"wp-image-59365\" srcset=\"https:\/\/www.cocondedecoration.com\/blog\/wp-content\/uploads\/2023\/04\/decoration-salon-sejour-moderne-couleur-vert-11-640x960.jpeg 640w, https:\/\/www.cocondedecoration.com\/blog\/wp-content\/uploads\/2023\/04\/decoration-salon-sejour-moderne-couleur-vert-11-260x390.jpeg 260w, https:\/\/www.cocondedecoration.com\/blog\/wp-content\/uploads\/2023\/04\/decoration-salon-sejour-moderne-couleur-vert-11-768x1152.jpeg 768w, https:\/\/www.cocondedecoration.com\/blog\/wp-content\/uploads\/2023\/04\/decoration-salon-sejour-moderne-couleur-vert-11-367x550.jpeg 367w, https:\/\/www.cocondedecoration.com\/blog\/wp-content\/uploads\/2023\/04\/decoration-salon-sejour-moderne-couleur-vert-11-333x500.jpeg 333w, https:\/\/www.cocondedecoration.com\/blog\/wp-content\/uploads\/2023\/04\/decoration-salon-sejour-moderne-couleur-vert-11.jpeg 1000w\" sizes=\"(max-width: 640px) 100vw, 640px\" \/><figcaption class=\"wp-element-caption\">etsy.com\n<\/figcaption><\/figure>\n\n\n\n<figure class=\"wp-block-image\"><img loading=\"lazy\" decoding=\"async\" width=\"640\" height=\"960\" data-id=\"59366\" src=\"https:\/\/www.cocondedecoration.com\/blog\/wp-content\/uploads\/2023\/04\/decoration-salon-sejour-moderne-couleur-vert-12-640x960.jpeg\" alt=\"decoration salon sejour moderne couleur vert salon ouvert cuisine salle \u00e0 manger d\u00e9co boho slow living neutre naturel beige blanc canap\u00e9 color\u00e9 chic meuble en bois\" class=\"wp-image-59366\" srcset=\"https:\/\/www.cocondedecoration.com\/blog\/wp-content\/uploads\/2023\/04\/decoration-salon-sejour-moderne-couleur-vert-12-640x960.jpeg 640w, https:\/\/www.cocondedecoration.com\/blog\/wp-content\/uploads\/2023\/04\/decoration-salon-sejour-moderne-couleur-vert-12-260x390.jpeg 260w, https:\/\/www.cocondedecoration.com\/blog\/wp-content\/uploads\/2023\/04\/decoration-salon-sejour-moderne-couleur-vert-12-768x1152.jpeg 768w, https:\/\/www.cocondedecoration.com\/blog\/wp-content\/uploads\/2023\/04\/decoration-salon-sejour-moderne-couleur-vert-12-367x550.jpeg 367w, https:\/\/www.cocondedecoration.com\/blog\/wp-content\/uploads\/2023\/04\/decoration-salon-sejour-moderne-couleur-vert-12-333x500.jpeg 333w, https:\/\/www.cocondedecoration.com\/blog\/wp-content\/uploads\/2023\/04\/decoration-salon-sejour-moderne-couleur-vert-12.jpeg 1000w\" sizes=\"(max-width: 640px) 100vw, 640px\" \/><figcaption class=\"wp-element-caption\">shopltk.com\n<\/figcaption><\/figure>\n<\/figure>\n\n\n\n<hr class=\"wp-block-separator has-css-opacity is-style-wide\"\/>\n\n\n\n<hr class=\"wp-block-separator has-alpha-channel-opacity is-style-wide\"\/>\n\n\n\n<p class=\"has-medium-font-size\">D\u00e9corez facilement votre int\u00e9rieur avec du vert<\/p>\n\n\n\n<div class=\"wp-block-cb-carousel\" data-slick=\"{&quot;slidesToShow&quot;:3,&quot;slidesToScroll&quot;:1,&quot;speed&quot;:300,&quot;arrows&quot;:true,&quot;dots&quot;:false,&quot;autoplay&quot;:false,&quot;autoplaySpeed&quot;:3000,&quot;infinite&quot;:true,&quot;responsive&quot;:[{&quot;breakpoint&quot;:769,&quot;settings&quot;:{&quot;slidesToShow&quot;:1,&quot;slidesToScroll&quot;:1}}]}\">\n<div class=\"wp-block-cb-slide\">\n<figure class=\"wp-block-image size-large\"><a href=\"https:\/\/www.cocondedecoration.com\/blog\/wp-content\/uploads\/2026\/01\/guide-deco-couleur-vert-1.png\"><img loading=\"lazy\" decoding=\"async\" width=\"640\" height=\"960\" src=\"https:\/\/www.cocondedecoration.com\/blog\/wp-content\/uploads\/2026\/01\/guide-deco-couleur-vert-1-640x960.png\" alt=\"Associer du vert et du bleu \u2013 13 exemples d\u00e9co inspirants\" class=\"wp-image-87272\" title=\"Associer du vert et du bleu \u2013 13 exemples d\u00e9co inspirants\" srcset=\"https:\/\/www.cocondedecoration.com\/blog\/wp-content\/uploads\/2026\/01\/guide-deco-couleur-vert-1-640x960.png 640w, https:\/\/www.cocondedecoration.com\/blog\/wp-content\/uploads\/2026\/01\/guide-deco-couleur-vert-1-260x390.png 260w, https:\/\/www.cocondedecoration.com\/blog\/wp-content\/uploads\/2026\/01\/guide-deco-couleur-vert-1-768x1152.png 768w, https:\/\/www.cocondedecoration.com\/blog\/wp-content\/uploads\/2026\/01\/guide-deco-couleur-vert-1-367x550.png 367w, https:\/\/www.cocondedecoration.com\/blog\/wp-content\/uploads\/2026\/01\/guide-deco-couleur-vert-1-333x500.png 333w, https:\/\/www.cocondedecoration.com\/blog\/wp-content\/uploads\/2026\/01\/guide-deco-couleur-vert-1.png 1000w\" sizes=\"(max-width: 640px) 100vw, 640px\" \/><\/a><figcaption class=\"wp-element-caption\"><a href=\"https:\/\/www.cocondedecoration.com\/blog\/2025\/02\/asscociation-deco-vert-bleu\/\" target=\"_blank\" rel=\"noopener\" title=\"\">Associer du vert et du bleu \u2013 13 exemples d\u00e9co inspirants<\/a><\/figcaption><\/figure>\n<\/div>\n\n\n\n<div class=\"wp-block-cb-slide\">\n<figure class=\"wp-block-image size-large\"><a href=\"https:\/\/www.cocondedecoration.com\/blog\/wp-content\/uploads\/2026\/01\/guide-deco-couleur-vert-2.png\"><img loading=\"lazy\" decoding=\"async\" width=\"640\" height=\"960\" src=\"https:\/\/www.cocondedecoration.com\/blog\/wp-content\/uploads\/2026\/01\/guide-deco-couleur-vert-2-640x960.png\" alt=\"O\u00f9 trouver un canap\u00e9 vert moderne? s\u00e9lection shopping\" class=\"wp-image-87271\" title=\"O\u00f9 trouver un canap\u00e9 vert moderne? s\u00e9lection shopping\" srcset=\"https:\/\/www.cocondedecoration.com\/blog\/wp-content\/uploads\/2026\/01\/guide-deco-couleur-vert-2-640x960.png 640w, https:\/\/www.cocondedecoration.com\/blog\/wp-content\/uploads\/2026\/01\/guide-deco-couleur-vert-2-260x390.png 260w, https:\/\/www.cocondedecoration.com\/blog\/wp-content\/uploads\/2026\/01\/guide-deco-couleur-vert-2-768x1152.png 768w, https:\/\/www.cocondedecoration.com\/blog\/wp-content\/uploads\/2026\/01\/guide-deco-couleur-vert-2-367x550.png 367w, https:\/\/www.cocondedecoration.com\/blog\/wp-content\/uploads\/2026\/01\/guide-deco-couleur-vert-2-333x500.png 333w, https:\/\/www.cocondedecoration.com\/blog\/wp-content\/uploads\/2026\/01\/guide-deco-couleur-vert-2.png 1000w\" sizes=\"(max-width: 640px) 100vw, 640px\" \/><\/a><figcaption class=\"wp-element-caption\"><a href=\"https:\/\/www.cocondedecoration.com\/blog\/2020\/06\/ou-trouver-un-canape-en-velours-vert\/\" target=\"_blank\" rel=\"noopener\" title=\"\">O\u00f9 trouver un canap\u00e9 vert moderne? <\/a><\/figcaption><\/figure>\n<\/div>\n\n\n\n<div class=\"wp-block-cb-slide\">\n<figure class=\"wp-block-image size-large\"><a href=\"https:\/\/www.cocondedecoration.com\/blog\/wp-content\/uploads\/2026\/01\/guide-deco-couleur-vert-3.png\"><img loading=\"lazy\" decoding=\"async\" width=\"640\" height=\"960\" src=\"https:\/\/www.cocondedecoration.com\/blog\/wp-content\/uploads\/2026\/01\/guide-deco-couleur-vert-3-640x960.png\" alt=\"Vert franc &amp; vert \u00e9meraude pour vivifier votre int\u00e9rieur\" class=\"wp-image-87270\" title=\"Vert franc &amp; vert \u00e9meraude pour vivifier votre int\u00e9rieur\" srcset=\"https:\/\/www.cocondedecoration.com\/blog\/wp-content\/uploads\/2026\/01\/guide-deco-couleur-vert-3-640x960.png 640w, https:\/\/www.cocondedecoration.com\/blog\/wp-content\/uploads\/2026\/01\/guide-deco-couleur-vert-3-260x390.png 260w, https:\/\/www.cocondedecoration.com\/blog\/wp-content\/uploads\/2026\/01\/guide-deco-couleur-vert-3-768x1152.png 768w, https:\/\/www.cocondedecoration.com\/blog\/wp-content\/uploads\/2026\/01\/guide-deco-couleur-vert-3-367x550.png 367w, https:\/\/www.cocondedecoration.com\/blog\/wp-content\/uploads\/2026\/01\/guide-deco-couleur-vert-3-333x500.png 333w, https:\/\/www.cocondedecoration.com\/blog\/wp-content\/uploads\/2026\/01\/guide-deco-couleur-vert-3.png 1000w\" sizes=\"(max-width: 640px) 100vw, 640px\" \/><\/a><figcaption class=\"wp-element-caption\"><a href=\"https:\/\/www.cocondedecoration.com\/blog\/2023\/04\/decoration-vert-franc-emeraude\/\" target=\"_blank\" rel=\"noopener\" title=\"\">Vert franc &amp; vert \u00e9meraude pour vivifier votre int\u00e9rieur<\/a><\/figcaption><\/figure>\n<\/div>\n\n\n\n<div class=\"wp-block-cb-slide\">\n<figure class=\"wp-block-image size-large\"><a href=\"https:\/\/www.cocondedecoration.com\/blog\/wp-content\/uploads\/2026\/01\/guide-deco-couleur-vert-4.png\"><img loading=\"lazy\" decoding=\"async\" width=\"640\" height=\"960\" src=\"https:\/\/www.cocondedecoration.com\/blog\/wp-content\/uploads\/2026\/01\/guide-deco-couleur-vert-4-640x960.png\" alt=\"Eveillez votre int\u00e9rieur avec des teintes de vert\" class=\"wp-image-87269\" title=\"Eveillez votre int\u00e9rieur avec des teintes de vert\" srcset=\"https:\/\/www.cocondedecoration.com\/blog\/wp-content\/uploads\/2026\/01\/guide-deco-couleur-vert-4-640x960.png 640w, https:\/\/www.cocondedecoration.com\/blog\/wp-content\/uploads\/2026\/01\/guide-deco-couleur-vert-4-260x390.png 260w, https:\/\/www.cocondedecoration.com\/blog\/wp-content\/uploads\/2026\/01\/guide-deco-couleur-vert-4-768x1152.png 768w, https:\/\/www.cocondedecoration.com\/blog\/wp-content\/uploads\/2026\/01\/guide-deco-couleur-vert-4-367x550.png 367w, https:\/\/www.cocondedecoration.com\/blog\/wp-content\/uploads\/2026\/01\/guide-deco-couleur-vert-4-333x500.png 333w, https:\/\/www.cocondedecoration.com\/blog\/wp-content\/uploads\/2026\/01\/guide-deco-couleur-vert-4.png 1000w\" sizes=\"(max-width: 640px) 100vw, 640px\" \/><\/a><figcaption class=\"wp-element-caption\"><a href=\"https:\/\/www.cocondedecoration.com\/blog\/2024\/09\/objet-deco-vert\/\" target=\"_blank\" rel=\"noopener\" title=\"\">Eveillez votre int\u00e9rieur avec des teintes de vert<\/a><\/figcaption><\/figure>\n<\/div>\n\n\n\n<div class=\"wp-block-cb-slide\">\n<figure class=\"wp-block-image size-large\"><a href=\"https:\/\/www.cocondedecoration.com\/blog\/wp-content\/uploads\/2026\/01\/guide-deco-couleur-vert-5.png\"><img loading=\"lazy\" decoding=\"async\" width=\"640\" height=\"960\" src=\"https:\/\/www.cocondedecoration.com\/blog\/wp-content\/uploads\/2026\/01\/guide-deco-couleur-vert-5-640x960.png\" alt=\"D\u00e9cor naturel gr\u00e2ce \u00e0 du papier peint vert\" class=\"wp-image-87268\" title=\"D\u00e9cor naturel gr\u00e2ce \u00e0 du papier peint vert\" srcset=\"https:\/\/www.cocondedecoration.com\/blog\/wp-content\/uploads\/2026\/01\/guide-deco-couleur-vert-5-640x960.png 640w, https:\/\/www.cocondedecoration.com\/blog\/wp-content\/uploads\/2026\/01\/guide-deco-couleur-vert-5-260x390.png 260w, https:\/\/www.cocondedecoration.com\/blog\/wp-content\/uploads\/2026\/01\/guide-deco-couleur-vert-5-768x1152.png 768w, https:\/\/www.cocondedecoration.com\/blog\/wp-content\/uploads\/2026\/01\/guide-deco-couleur-vert-5-367x550.png 367w, https:\/\/www.cocondedecoration.com\/blog\/wp-content\/uploads\/2026\/01\/guide-deco-couleur-vert-5-333x500.png 333w, https:\/\/www.cocondedecoration.com\/blog\/wp-content\/uploads\/2026\/01\/guide-deco-couleur-vert-5.png 1000w\" sizes=\"(max-width: 640px) 100vw, 640px\" \/><\/a><figcaption class=\"wp-element-caption\"><a href=\"https:\/\/www.cocondedecoration.com\/blog\/2025\/03\/papier-peint-vert\/\" target=\"_blank\" rel=\"noopener\" title=\"\">D\u00e9cor naturel gr\u00e2ce \u00e0 du papier peint vert<\/a><\/figcaption><\/figure>\n<\/div>\n\n\n\n<div class=\"wp-block-cb-slide\">\n<figure class=\"wp-block-image size-large\"><a href=\"https:\/\/www.cocondedecoration.com\/blog\/wp-content\/uploads\/2026\/01\/guide-deco-couleur-vert-6.png\"><img loading=\"lazy\" decoding=\"async\" width=\"640\" height=\"960\" src=\"https:\/\/www.cocondedecoration.com\/blog\/wp-content\/uploads\/2026\/01\/guide-deco-couleur-vert-6-640x960.png\" alt=\"Green Gen Z, une nuance de vert pour une d\u00e9co audacieuse\" class=\"wp-image-87267\" title=\"Green Gen Z, une nuance de vert pour une d\u00e9co audacieuse\" srcset=\"https:\/\/www.cocondedecoration.com\/blog\/wp-content\/uploads\/2026\/01\/guide-deco-couleur-vert-6-640x960.png 640w, https:\/\/www.cocondedecoration.com\/blog\/wp-content\/uploads\/2026\/01\/guide-deco-couleur-vert-6-260x390.png 260w, https:\/\/www.cocondedecoration.com\/blog\/wp-content\/uploads\/2026\/01\/guide-deco-couleur-vert-6-768x1152.png 768w, https:\/\/www.cocondedecoration.com\/blog\/wp-content\/uploads\/2026\/01\/guide-deco-couleur-vert-6-367x550.png 367w, https:\/\/www.cocondedecoration.com\/blog\/wp-content\/uploads\/2026\/01\/guide-deco-couleur-vert-6-333x500.png 333w, https:\/\/www.cocondedecoration.com\/blog\/wp-content\/uploads\/2026\/01\/guide-deco-couleur-vert-6.png 1000w\" sizes=\"(max-width: 640px) 100vw, 640px\" \/><\/a><figcaption class=\"wp-element-caption\"><a href=\"https:\/\/www.cocondedecoration.com\/blog\/2025\/10\/deco-tendance-vert-gen-z\/\" target=\"_blank\" rel=\"noopener\" title=\"\">Green Gen Z, une nuance de vert pour une d\u00e9co audacieuse<\/a><\/figcaption><\/figure>\n<\/div>\n<\/div>\n\n\n\n<p class=\"has-small-font-size\">Et pour plus d'inspirations au quotidien, je vous donne rendez-vous sur <a href=\"https:\/\/pinterest.fr\/cocondedeco\/\" target=\"_blank\" rel=\"noopener\" title=\"\">Pinterest<\/a>, <a href=\"https:\/\/www.threads.com\/@cocondedeco\" target=\"_blank\" rel=\"noopener\" title=\"\">Threads<\/a> ou encore <a href=\"https:\/\/www.patreon.com\/c\/cocondedeco\" target=\"_blank\" rel=\"noopener\" title=\"\">Patreon<\/a> (: <\/p>\n\n\n<div class=\"wp-block-image\">\n<figure class=\"aligncenter\"><img loading=\"lazy\" decoding=\"async\" width=\"650\" height=\"488\" src=\"http:\/\/www.cocondedecoration.com\/blog\/wp-content\/uploads\/2019\/01\/inspiration-idee-deco-salon-vert.jpg\" alt=\"inspiration idee deco salon vert\" class=\"wp-image-20084\" srcset=\"https:\/\/www.cocondedecoration.com\/blog\/wp-content\/uploads\/2019\/01\/inspiration-idee-deco-salon-vert.jpg 650w, https:\/\/www.cocondedecoration.com\/blog\/wp-content\/uploads\/2019\/01\/inspiration-idee-deco-salon-vert-260x195.jpg 260w, https:\/\/www.cocondedecoration.com\/blog\/wp-content\/uploads\/2019\/01\/inspiration-idee-deco-salon-vert-640x480.jpg 640w, https:\/\/www.cocondedecoration.com\/blog\/wp-content\/uploads\/2019\/01\/inspiration-idee-deco-salon-vert-100x75.jpg 100w\" sizes=\"(max-width: 650px) 100vw, 650px\" \/><\/figure><\/div>\n\n\n<p class=\"has-text-align-right has-small-font-size\">Article mis \u00e0 jour en d\u00e9cembre 2023 + mars 2026<\/p>\n\n\n<div class=\"wp-block-image\">\n<figure class=\"aligncenter\"><img loading=\"lazy\" decoding=\"async\" width=\"1920\" height=\"1080\" src=\"http:\/\/www.cocondedecoration.com\/blog\/wp-content\/uploads\/2019\/01\/deco-salon-couleur-vert-shopping.jpeg\" alt=\"deco salon couleur vert shopping\" class=\"wp-image-26748\" srcset=\"https:\/\/www.cocondedecoration.com\/blog\/wp-content\/uploads\/2019\/01\/deco-salon-couleur-vert-shopping.jpeg 1920w, https:\/\/www.cocondedecoration.com\/blog\/wp-content\/uploads\/2019\/01\/deco-salon-couleur-vert-shopping-260x146.jpeg 260w, https:\/\/www.cocondedecoration.com\/blog\/wp-content\/uploads\/2019\/01\/deco-salon-couleur-vert-shopping-768x432.jpeg 768w, https:\/\/www.cocondedecoration.com\/blog\/wp-content\/uploads\/2019\/01\/deco-salon-couleur-vert-shopping-640x360.jpeg 640w, https:\/\/www.cocondedecoration.com\/blog\/wp-content\/uploads\/2019\/01\/deco-salon-couleur-vert-shopping-465x262.jpeg 465w, https:\/\/www.cocondedecoration.com\/blog\/wp-content\/uploads\/2019\/01\/deco-salon-couleur-vert-shopping-695x391.jpeg 695w\" sizes=\"(max-width: 1920px) 100vw, 1920px\" \/><\/figure><\/div>","protected":false},"excerpt":{"rendered":"<p>Sur le blog, j&rsquo;ai d\u00e9j\u00e0 eu l&rsquo;occasion \u00e0 plusieurs reprises de vous proposer des articles \u00e0 propos du vert. J&rsquo;aime cette couleur, que ce soit pour les v\u00eatements ou pour la d\u00e9co. J&rsquo;ai donc d\u00e9j\u00e0 trait\u00e9 le vert dans la salle de bain, c&rsquo;est un classique, comme dans la chambre.<span class=\"more-link\"><a href=\"https:\/\/www.cocondedecoration.com\/blog\/2019\/01\/couleur-du-vert-dans-le-salon\/\">Lire la suite<\/a><\/span><\/p>\n","protected":false},"author":1,"featured_media":20084,"comment_status":"open","ping_status":"open","sticky":false,"template":"","format":"standard","meta":{"om_disable_all_campaigns":false,"_monsterinsights_skip_tracking":false,"_monsterinsights_sitenote_active":false,"_monsterinsights_sitenote_note":"","_monsterinsights_sitenote_category":0,"_uf_show_specific_survey":0,"_uf_disable_surveys":false,"footnotes":""},"categories":[62064,8886],"tags":[44657,3260,44656,44658,3570,44659,44650,44641,44649,44646,3568,3566,44654,44664,44663,44655,33417,44667,44666,3266,126,28442,33416,44638,44639,44645,44669,44668,44640,37805,3282,3296,3574,44642,3573,44647,44665,3572,44653,44652,44644,3567,44662,44660,44661,3569,44643,3575,3571,44651,44648,3038],"aioseo_notices":[],"_links":{"self":[{"href":"https:\/\/www.cocondedecoration.com\/blog\/wp-json\/wp\/v2\/posts\/20067"}],"collection":[{"href":"https:\/\/www.cocondedecoration.com\/blog\/wp-json\/wp\/v2\/posts"}],"about":[{"href":"https:\/\/www.cocondedecoration.com\/blog\/wp-json\/wp\/v2\/types\/post"}],"author":[{"embeddable":true,"href":"https:\/\/www.cocondedecoration.com\/blog\/wp-json\/wp\/v2\/users\/1"}],"replies":[{"embeddable":true,"href":"https:\/\/www.cocondedecoration.com\/blog\/wp-json\/wp\/v2\/comments?post=20067"}],"version-history":[{"count":2,"href":"https:\/\/www.cocondedecoration.com\/blog\/wp-json\/wp\/v2\/posts\/20067\/revisions"}],"predecessor-version":[{"id":88360,"href":"https:\/\/www.cocondedecoration.com\/blog\/wp-json\/wp\/v2\/posts\/20067\/revisions\/88360"}],"wp:featuredmedia":[{"embeddable":true,"href":"https:\/\/www.cocondedecoration.com\/blog\/wp-json\/wp\/v2\/media\/20084"}],"wp:attachment":[{"href":"https:\/\/www.cocondedecoration.com\/blog\/wp-json\/wp\/v2\/media?parent=20067"}],"wp:term":[{"taxonomy":"category","embeddable":true,"href":"https:\/\/www.cocondedecoration.com\/blog\/wp-json\/wp\/v2\/categories?post=20067"},{"taxonomy":"post_tag","embeddable":true,"href":"https:\/\/www.cocondedecoration.com\/blog\/wp-json\/wp\/v2\/tags?post=20067"}],"curies":[{"name":"wp","href":"https:\/\/api.w.org\/{rel}","templated":true}]}}