{"id":19253,"date":"2018-09-27T01:00:16","date_gmt":"2018-09-26T23:00:16","guid":{"rendered":"http:\/\/www.cocondedecoration.com\/blog\/?p=19253"},"modified":"2018-09-26T11:22:39","modified_gmt":"2018-09-26T09:22:39","slug":"si-javais-une-maison-n9","status":"publish","type":"post","link":"https:\/\/www.cocondedecoration.com\/blog\/2018\/09\/si-javais-une-maison-n9\/","title":{"rendered":"Si j&rsquo;avais une maison&#8230; n\u00b09"},"content":{"rendered":"<p style=\"text-align: justify;\">Le mois de septembre touche \u00e0 sa fin. Encore un mois que je n'ai pas vu pass\u00e9! Pour ce nouvel article consacr\u00e9 aux d\u00e9couvertes et nouveaut\u00e9s d\u00e9co, je vais \u00eatre assez sommaire. Il faut dire qu'en g\u00e9n\u00e9ral, le mois de septembre, c'est le mois du fameux salon Maison &amp; Objet \u00e0 Paris. Evidemment, comme je ne vis plus en France, je ne peux pas m'y rendre et vous en parler. Mais d'autres blogueuses le font tr\u00e8s bien, donc si vous voulez en savoir plus sur le salon, n'h\u00e9sitez pas \u00e0 visiter d'autres blogs! Mais ne partez pas tout de suite, j'ai tout de m\u00eame de jolies nouveaut\u00e9s d\u00e9co \u00e0 vous montrer!<\/p>\n<p style=\"text-align: justify;\"><!--more--><\/p>\n<p style=\"text-align: justify;\">Les nouveaut\u00e9s chez <a href=\"https:\/\/notremonde.com\/en\" target=\"_blank\" rel=\"noopener\"><span style=\"text-decoration: underline;\">Notremonde.com<\/span><\/a> sont inspir\u00e9es par le voyage et la nature, vous vous doutez que ce type de d\u00e9coration me plait \u00e9videmment. J'ai \u00e9t\u00e9 interpell\u00e9e aussi parce qu'une de leur collection est fortement inspir\u00e9e par la tendance Wabi-Sabi, avec des objets sublim\u00e9s par des imperfections, des couleurs neutres et sobres.<\/p>\n<p style=\"text-align: justify;\"><a href=\"http:\/\/www.cocondedecoration.com\/blog\/wp-content\/uploads\/2018\/09\/nouveaute-deco-tendance-notremonde.jpg\" target=\"_blank\" rel=\"noopener\"><img loading=\"lazy\" decoding=\"async\" class=\"aligncenter wp-image-19254 size-full\" title=\"nouveaute deco tendance notremonde\" src=\"http:\/\/www.cocondedecoration.com\/blog\/wp-content\/uploads\/2018\/09\/nouveaute-deco-tendance-notremonde.jpg\" alt=\"nouveaute deco tendance notremonde\" width=\"1920\" height=\"1080\" srcset=\"https:\/\/www.cocondedecoration.com\/blog\/wp-content\/uploads\/2018\/09\/nouveaute-deco-tendance-notremonde.jpg 1920w, https:\/\/www.cocondedecoration.com\/blog\/wp-content\/uploads\/2018\/09\/nouveaute-deco-tendance-notremonde-260x146.jpg 260w, https:\/\/www.cocondedecoration.com\/blog\/wp-content\/uploads\/2018\/09\/nouveaute-deco-tendance-notremonde-768x432.jpg 768w, https:\/\/www.cocondedecoration.com\/blog\/wp-content\/uploads\/2018\/09\/nouveaute-deco-tendance-notremonde-640x360.jpg 640w, https:\/\/www.cocondedecoration.com\/blog\/wp-content\/uploads\/2018\/09\/nouveaute-deco-tendance-notremonde-1080x608.jpg 1080w\" sizes=\"(max-width: 1920px) 100vw, 1920px\" \/><\/a><\/p>\n<p style=\"text-align: justify;\">Chez La Redoute, il y a aussi un tas de nouveaut\u00e9s pour d\u00e9corer votre int\u00e9rieur. Je vous propose d'ailleurs une petite s\u00e9lection d'ambiances qui me plaisent chez eux. Cliquez <a href=\"http:\/\/tidd.ly\/514dc9c8\" target=\"_blank\" rel=\"noopener\"><span style=\"text-decoration: underline;\">ici<\/span><\/a> pour d\u00e9couvrir les nouveaut\u00e9s de l'enseigne.<\/p>\n<p style=\"text-align: justify;\"><a href=\"http:\/\/www.cocondedecoration.com\/blog\/wp-content\/uploads\/2018\/09\/nouveaute-decoration-tendance-la-redoute.jpg\" target=\"_blank\" rel=\"noopener\"><img loading=\"lazy\" decoding=\"async\" class=\"aligncenter wp-image-19262 size-full\" title=\"nouveaute decoration tendance la redoute\" src=\"http:\/\/www.cocondedecoration.com\/blog\/wp-content\/uploads\/2018\/09\/nouveaute-decoration-tendance-la-redoute.jpg\" alt=\"nouveaute decoration tendance la redoute\" width=\"945\" height=\"756\" srcset=\"https:\/\/www.cocondedecoration.com\/blog\/wp-content\/uploads\/2018\/09\/nouveaute-decoration-tendance-la-redoute.jpg 945w, https:\/\/www.cocondedecoration.com\/blog\/wp-content\/uploads\/2018\/09\/nouveaute-decoration-tendance-la-redoute-260x208.jpg 260w, https:\/\/www.cocondedecoration.com\/blog\/wp-content\/uploads\/2018\/09\/nouveaute-decoration-tendance-la-redoute-768x614.jpg 768w, https:\/\/www.cocondedecoration.com\/blog\/wp-content\/uploads\/2018\/09\/nouveaute-decoration-tendance-la-redoute-640x512.jpg 640w\" sizes=\"(max-width: 945px) 100vw, 945px\" \/><\/a><\/p>\n<p style=\"text-align: justify;\">On continue cette s\u00e9lection nouveaut\u00e9s, avec deux bouquins pour le jardin:<em> Le Pouvoir Secret des plantes<\/em> de Michel Viard (Larousse, 64 pages, 4,99\u20ac) et <em>Mieux jardiner avec la lune 2019<\/em> de Olivier Lebrun qui est ing\u00e9nieur agronome (Larousse, 160 pages, 8,95\u20ac). Ce qui me plait dans ces deux livres, c'est qu'on nous invite \u00e0 nous reconnecter avec la nature et l'environnement qui nous entoure (et \u00e7a ne peut pas faire de mal!)<\/p>\n<p style=\"text-align: justify;\"><a href=\"http:\/\/www.cocondedecoration.com\/blog\/wp-content\/uploads\/2018\/09\/nouveaute-larousse-jardin-2018.jpg\" target=\"_blank\" rel=\"noopener\"><img loading=\"lazy\" decoding=\"async\" class=\"aligncenter wp-image-19256 size-full\" title=\"nouveaute larousse jardin 2018\" src=\"http:\/\/www.cocondedecoration.com\/blog\/wp-content\/uploads\/2018\/09\/nouveaute-larousse-jardin-2018.jpg\" alt=\"nouveaute larousse jardin 2018\" width=\"810\" height=\"450\" srcset=\"https:\/\/www.cocondedecoration.com\/blog\/wp-content\/uploads\/2018\/09\/nouveaute-larousse-jardin-2018.jpg 810w, https:\/\/www.cocondedecoration.com\/blog\/wp-content\/uploads\/2018\/09\/nouveaute-larousse-jardin-2018-260x144.jpg 260w, https:\/\/www.cocondedecoration.com\/blog\/wp-content\/uploads\/2018\/09\/nouveaute-larousse-jardin-2018-768x427.jpg 768w, https:\/\/www.cocondedecoration.com\/blog\/wp-content\/uploads\/2018\/09\/nouveaute-larousse-jardin-2018-640x356.jpg 640w\" sizes=\"(max-width: 810px) 100vw, 810px\" \/><\/a><\/p>\n<p style=\"text-align: justify;\">Ce mois-ci, j'ai aussi eu l'occasion de feuilleter les catalogues de <a href=\"https:\/\/www.zuiver.com\/\" target=\"_blank\" rel=\"noopener\"><span style=\"text-decoration: underline;\">Zuiver<\/span><\/a> et <a href=\"https:\/\/www.dutchbone.com\/\" target=\"_blank\" rel=\"noopener\"><span style=\"text-decoration: underline;\">Dutchbone<\/span><\/a>, deux enseignes de mobilier que j'affectionne beaucoup et depuis longtemps. Donc c'est l'occasion de vous montrer quelques uns de leurs mod\u00e8les. Les deux enseignes ont des univers diff\u00e9rents. N'h\u00e9sitez pas \u00e0 consulter les site pour d\u00e9couvrir l'ensemble des produits, perso, j'aime beaucoup les ambiances raffin\u00e9es et calmes de ces deux marchands.<\/p>\n<figure id=\"attachment_19259\" aria-describedby=\"caption-attachment-19259\" style=\"width: 1920px\" class=\"wp-caption aligncenter\"><a href=\"http:\/\/www.cocondedecoration.com\/blog\/wp-content\/uploads\/2018\/09\/zuiver-decoration-meubles-2019-tendance.jpg\" target=\"_blank\" rel=\"noopener\"><img loading=\"lazy\" decoding=\"async\" class=\"wp-image-19259 size-full\" title=\"zuiver decoration meubles 2019 tendance\" src=\"http:\/\/www.cocondedecoration.com\/blog\/wp-content\/uploads\/2018\/09\/zuiver-decoration-meubles-2019-tendance.jpg\" alt=\"zuiver decoration meubles 2019 tendance\" width=\"1920\" height=\"1080\" srcset=\"https:\/\/www.cocondedecoration.com\/blog\/wp-content\/uploads\/2018\/09\/zuiver-decoration-meubles-2019-tendance.jpg 1920w, https:\/\/www.cocondedecoration.com\/blog\/wp-content\/uploads\/2018\/09\/zuiver-decoration-meubles-2019-tendance-260x146.jpg 260w, https:\/\/www.cocondedecoration.com\/blog\/wp-content\/uploads\/2018\/09\/zuiver-decoration-meubles-2019-tendance-768x432.jpg 768w, https:\/\/www.cocondedecoration.com\/blog\/wp-content\/uploads\/2018\/09\/zuiver-decoration-meubles-2019-tendance-640x360.jpg 640w, https:\/\/www.cocondedecoration.com\/blog\/wp-content\/uploads\/2018\/09\/zuiver-decoration-meubles-2019-tendance-1080x608.jpg 1080w\" sizes=\"(max-width: 1920px) 100vw, 1920px\" \/><\/a><figcaption id=\"caption-attachment-19259\" class=\"wp-caption-text\">Collections Zuiver<\/figcaption><\/figure>\n<figure id=\"attachment_19258\" aria-describedby=\"caption-attachment-19258\" style=\"width: 1920px\" class=\"wp-caption aligncenter\"><a href=\"http:\/\/www.cocondedecoration.com\/blog\/wp-content\/uploads\/2018\/09\/dutchbone-deco-mobilier-tendance.jpg\" target=\"_blank\" rel=\"noopener\"><img loading=\"lazy\" decoding=\"async\" class=\"wp-image-19258 size-full\" title=\"dutchbone deco mobilier tendance\" src=\"http:\/\/www.cocondedecoration.com\/blog\/wp-content\/uploads\/2018\/09\/dutchbone-deco-mobilier-tendance.jpg\" alt=\"dutchbone deco mobilier tendance\" width=\"1920\" height=\"1080\" srcset=\"https:\/\/www.cocondedecoration.com\/blog\/wp-content\/uploads\/2018\/09\/dutchbone-deco-mobilier-tendance.jpg 1920w, https:\/\/www.cocondedecoration.com\/blog\/wp-content\/uploads\/2018\/09\/dutchbone-deco-mobilier-tendance-260x146.jpg 260w, https:\/\/www.cocondedecoration.com\/blog\/wp-content\/uploads\/2018\/09\/dutchbone-deco-mobilier-tendance-768x432.jpg 768w, https:\/\/www.cocondedecoration.com\/blog\/wp-content\/uploads\/2018\/09\/dutchbone-deco-mobilier-tendance-640x360.jpg 640w, https:\/\/www.cocondedecoration.com\/blog\/wp-content\/uploads\/2018\/09\/dutchbone-deco-mobilier-tendance-1080x608.jpg 1080w\" sizes=\"(max-width: 1920px) 100vw, 1920px\" \/><\/a><figcaption id=\"caption-attachment-19258\" class=\"wp-caption-text\">Collections Dutchbone<\/figcaption><\/figure>\n<p style=\"text-align: justify;\">Autre coup de coeur, les tapis de la boutique Edito Paris. J'ai re\u00e7u cette semaine leur catalogue qui est rempli d'inspiration et de produits 100% dans l'air du temps. Je ne peux pas partager avec vous tous les mod\u00e8les de tapis qui m'on tap\u00e9 dans l'oeil, parce que \u00e7a serait sacr\u00e9ment relou dans cet article, je vous conseille donc d'aller faire un tour sur <a href=\"http:\/\/edito.paris\/\" target=\"_blank\" rel=\"noopener\"><span style=\"text-decoration: underline;\">le site web<\/span><\/a> pour vous faire une id\u00e9e plus pr\u00e9cise et d\u00e9couvrir l'ensemble de leurs collections.<\/p>\n<p style=\"text-align: justify;\"><a href=\"http:\/\/www.cocondedecoration.com\/blog\/wp-content\/uploads\/2018\/09\/tapis-deco-edito-paris.jpg\" target=\"_blank\" rel=\"noopener\"><img loading=\"lazy\" decoding=\"async\" class=\"aligncenter wp-image-19276 size-full\" title=\"tapis deco edito paris\" src=\"http:\/\/www.cocondedecoration.com\/blog\/wp-content\/uploads\/2018\/09\/tapis-deco-edito-paris.jpg\" alt=\"tapis deco edito paris\" width=\"1920\" height=\"1080\" srcset=\"https:\/\/www.cocondedecoration.com\/blog\/wp-content\/uploads\/2018\/09\/tapis-deco-edito-paris.jpg 1920w, https:\/\/www.cocondedecoration.com\/blog\/wp-content\/uploads\/2018\/09\/tapis-deco-edito-paris-260x146.jpg 260w, https:\/\/www.cocondedecoration.com\/blog\/wp-content\/uploads\/2018\/09\/tapis-deco-edito-paris-768x432.jpg 768w, https:\/\/www.cocondedecoration.com\/blog\/wp-content\/uploads\/2018\/09\/tapis-deco-edito-paris-640x360.jpg 640w, https:\/\/www.cocondedecoration.com\/blog\/wp-content\/uploads\/2018\/09\/tapis-deco-edito-paris-1080x608.jpg 1080w\" sizes=\"(max-width: 1920px) 100vw, 1920px\" \/><\/a><\/p>\n<p style=\"text-align: justify;\">Vous connaissez probablement l'enseigne Graham &amp; Brown sp\u00e9cialis\u00e9e dans les papiers peints. Mais depuis 2011 outre Manche, l'enseigne propose de la peinture. Vous allez me dire, l'info date de 2011, c'est quoi la nouveaut\u00e9?! C'est que maintenant les teintes de peinture de Graham &amp; Brown sont dispo aussi en France. 83 couleurs pour toutes vos envies de d\u00e9co et de peinture! C'est <a href=\"https:\/\/www.awin1.com\/cread.php?awinmid=8805&amp;awinaffid=324003&amp;clickref=par+ici+pour+d%C3%A9couvrir+toutes+les+couleurs&amp;p=https%3A%2F%2Fwww.grahambrown.com%2Ffr%2Fpeinture%2Fview-all%2F\" target=\"_blank\" rel=\"noopener\"><span style=\"text-decoration: underline;\">par ici pour d\u00e9couvrir toutes les couleurs...<\/span><\/a><\/p>\n<p style=\"text-align: justify;\"><a href=\"http:\/\/www.cocondedecoration.com\/blog\/wp-content\/uploads\/2018\/09\/peinture-graham-brown-france.png\" target=\"_blank\" rel=\"noopener\"><img loading=\"lazy\" decoding=\"async\" class=\"aligncenter wp-image-19277 size-full\" title=\"peinture graham brown france\" src=\"http:\/\/www.cocondedecoration.com\/blog\/wp-content\/uploads\/2018\/09\/peinture-graham-brown-france.png\" alt=\"peinture graham brown france\" width=\"1920\" height=\"1080\" srcset=\"https:\/\/www.cocondedecoration.com\/blog\/wp-content\/uploads\/2018\/09\/peinture-graham-brown-france.png 1920w, https:\/\/www.cocondedecoration.com\/blog\/wp-content\/uploads\/2018\/09\/peinture-graham-brown-france-260x146.png 260w, https:\/\/www.cocondedecoration.com\/blog\/wp-content\/uploads\/2018\/09\/peinture-graham-brown-france-768x432.png 768w, https:\/\/www.cocondedecoration.com\/blog\/wp-content\/uploads\/2018\/09\/peinture-graham-brown-france-640x360.png 640w, https:\/\/www.cocondedecoration.com\/blog\/wp-content\/uploads\/2018\/09\/peinture-graham-brown-france-1080x608.png 1080w\" sizes=\"(max-width: 1920px) 100vw, 1920px\" \/><\/a><\/p>\n<p style=\"text-align: justify;\">Je termine cette s\u00e9lection de nouveaut\u00e9s avec quelque chose qui sort compl\u00e8tement de l'ordinaire et qui m'a s\u00e9duite pour deux raisons. Si je vous dis \"calendrier des marr\u00e9es\", \u00e7a vous parle? Perso, je sais ce que je sais puisqu'en France je vivais \u00e0 c\u00f4t\u00e9 de la mer du Nord, mais pour ceux qui vivent au fin fond de la Creuse, \u00e7a vous passe peut-\u00eatre au dessus de la t\u00eate. Au d\u00e9part, un calendrier des mar\u00e9es, c'est chiant. Perso, je ne sais pas le lire (mais au pire je demande \u00e0 Flo) et en plus, normalement ce n'est carr\u00e9ment pas d\u00e9co. Mais \u00e7a c'\u00e9tait avant! Beatrice et Didier qui vivent \u00e0 Hossegor ont eu une tr\u00e8s jolie id\u00e9e: transformer le traditionnel calendrier des mar\u00e9es en affiche super visuelles et graphiques. En plus d'\u00eatre pratique, le calendrier des mar\u00e9es sera hyper d\u00e9co dans votre int\u00e9rieur! <a href=\"http:\/\/www.les-marees.fr\/\" target=\"_blank\" rel=\"noopener\"><span style=\"text-decoration: underline;\">Plus d'infos ici.<\/span><\/a><\/p>\n<p style=\"text-align: justify;\"><a href=\"http:\/\/www.cocondedecoration.com\/blog\/wp-content\/uploads\/2018\/09\/calendrier-les-marees-decoration-pratique.jpg\" target=\"_blank\" rel=\"noopener\"><img loading=\"lazy\" decoding=\"async\" class=\"aligncenter wp-image-19278 size-full\" title=\"calendrier les marees decoration pratique\" src=\"http:\/\/www.cocondedecoration.com\/blog\/wp-content\/uploads\/2018\/09\/calendrier-les-marees-decoration-pratique.jpg\" alt=\"calendrier les marees decoration pratique\" width=\"945\" height=\"756\" srcset=\"https:\/\/www.cocondedecoration.com\/blog\/wp-content\/uploads\/2018\/09\/calendrier-les-marees-decoration-pratique.jpg 945w, https:\/\/www.cocondedecoration.com\/blog\/wp-content\/uploads\/2018\/09\/calendrier-les-marees-decoration-pratique-260x208.jpg 260w, https:\/\/www.cocondedecoration.com\/blog\/wp-content\/uploads\/2018\/09\/calendrier-les-marees-decoration-pratique-768x614.jpg 768w, https:\/\/www.cocondedecoration.com\/blog\/wp-content\/uploads\/2018\/09\/calendrier-les-marees-decoration-pratique-640x512.jpg 640w\" sizes=\"(max-width: 945px) 100vw, 945px\" \/><\/a><\/p>\n","protected":false},"excerpt":{"rendered":"<p>Le mois de septembre touche \u00e0 sa fin. Encore un mois que je n&rsquo;ai pas vu pass\u00e9! Pour ce nouvel article consacr\u00e9 aux d\u00e9couvertes et nouveaut\u00e9s d\u00e9co, je vais \u00eatre assez sommaire. Il faut dire qu&rsquo;en g\u00e9n\u00e9ral, le mois de septembre, c&rsquo;est le mois du fameux salon Maison &amp; Objet<span class=\"more-link\"><a href=\"https:\/\/www.cocondedecoration.com\/blog\/2018\/09\/si-javais-une-maison-n9\/\">Lire la suite<\/a><\/span><\/p>\n","protected":false},"author":1,"featured_media":18995,"comment_status":"open","ping_status":"open","sticky":false,"template":"","format":"standard","meta":{"om_disable_all_campaigns":false,"_monsterinsights_skip_tracking":false,"_monsterinsights_sitenote_active":false,"_monsterinsights_sitenote_note":"","_monsterinsights_sitenote_category":0,"_uf_show_specific_survey":0,"_uf_disable_surveys":false,"footnotes":""},"categories":[2141],"tags":[129,528,3248,126,2142,735,3250,3246,3180,3249,1247,3247,1152],"aioseo_notices":[],"_links":{"self":[{"href":"https:\/\/www.cocondedecoration.com\/blog\/wp-json\/wp\/v2\/posts\/19253"}],"collection":[{"href":"https:\/\/www.cocondedecoration.com\/blog\/wp-json\/wp\/v2\/posts"}],"about":[{"href":"https:\/\/www.cocondedecoration.com\/blog\/wp-json\/wp\/v2\/types\/post"}],"author":[{"embeddable":true,"href":"https:\/\/www.cocondedecoration.com\/blog\/wp-json\/wp\/v2\/users\/1"}],"replies":[{"embeddable":true,"href":"https:\/\/www.cocondedecoration.com\/blog\/wp-json\/wp\/v2\/comments?post=19253"}],"version-history":[{"count":0,"href":"https:\/\/www.cocondedecoration.com\/blog\/wp-json\/wp\/v2\/posts\/19253\/revisions"}],"wp:featuredmedia":[{"embeddable":true,"href":"https:\/\/www.cocondedecoration.com\/blog\/wp-json\/wp\/v2\/media\/18995"}],"wp:attachment":[{"href":"https:\/\/www.cocondedecoration.com\/blog\/wp-json\/wp\/v2\/media?parent=19253"}],"wp:term":[{"taxonomy":"category","embeddable":true,"href":"https:\/\/www.cocondedecoration.com\/blog\/wp-json\/wp\/v2\/categories?post=19253"},{"taxonomy":"post_tag","embeddable":true,"href":"https:\/\/www.cocondedecoration.com\/blog\/wp-json\/wp\/v2\/tags?post=19253"}],"curies":[{"name":"wp","href":"https:\/\/api.w.org\/{rel}","templated":true}]}}