{"id":18970,"date":"2018-08-31T06:49:02","date_gmt":"2018-08-31T04:49:02","guid":{"rendered":"http:\/\/www.cocondedecoration.com\/blog\/?p=18970"},"modified":"2018-08-31T06:49:02","modified_gmt":"2018-08-31T04:49:02","slug":"si-javais-une-maison-n8","status":"publish","type":"post","link":"https:\/\/www.cocondedecoration.com\/blog\/2018\/08\/si-javais-une-maison-n8\/","title":{"rendered":"Si j&rsquo;avais une maison&#8230; n\u00b08"},"content":{"rendered":"<p style=\"text-align: justify;\">C'est la rentr\u00e9e, donc je me remets \u00e0 la chronique \"Si j'avais une maison...\" pour vous pr\u00e9senter les jolies d\u00e9couvertes d\u00e9co faites pendant les vacances d'\u00e9t\u00e9. J'ai du prendre sur moi et faire un tri dans les nombreux mails que j'ai re\u00e7u. Il y avait de belles choses mais je voulais vous montrer un assortiment, histoire de coller dans tous les budgets \ud83d\ude09 J'esp\u00e8re que \u00e7a vous plaira et que vous trouverez des id\u00e9es pour d\u00e9corer votre int\u00e9rieur!<\/p>\n<p style=\"text-align: justify;\"><!--more--><\/p>\n<p><a href=\"http:\/\/www.cocondedecoration.com\/blog\/wp-content\/uploads\/2018\/08\/nouveaute\u0301-deco-objets-et-mobilier.jpg\" target=\"_blank\" rel=\"noopener\"><img loading=\"lazy\" decoding=\"async\" class=\"aligncenter wp-image-18995 size-large\" title=\"nouveaute\u0301 deco objets et mobilier\" src=\"http:\/\/www.cocondedecoration.com\/blog\/wp-content\/uploads\/2018\/08\/nouveaute\u0301-deco-objets-et-mobilier-640x480.jpg\" alt=\"nouveaute\u0301 deco objets et mobilier\" width=\"640\" height=\"480\" srcset=\"https:\/\/www.cocondedecoration.com\/blog\/wp-content\/uploads\/2018\/08\/nouveaute\u0301-deco-objets-et-mobilier-640x480.jpg 640w, https:\/\/www.cocondedecoration.com\/blog\/wp-content\/uploads\/2018\/08\/nouveaute\u0301-deco-objets-et-mobilier-260x195.jpg 260w, https:\/\/www.cocondedecoration.com\/blog\/wp-content\/uploads\/2018\/08\/nouveaute\u0301-deco-objets-et-mobilier-100x75.jpg 100w, https:\/\/www.cocondedecoration.com\/blog\/wp-content\/uploads\/2018\/08\/nouveaute\u0301-deco-objets-et-mobilier.jpg 650w\" sizes=\"(max-width: 640px) 100vw, 640px\" \/><\/a><\/p>\n<p>&nbsp;<\/p>\n<p style=\"text-align: justify;\">On commence avec des nouveaut\u00e9s chez <a href=\"https:\/\/www.alinea.fr\/\" target=\"_blank\" rel=\"noopener\"><span style=\"text-decoration: underline;\">Alin\u00e9a<\/span> <\/a>qui propose une collection \"esprit nomade\"... Vu le nom de mon blog, vous comprenez facilement pourquoi cette information m'a interpell\u00e9e dans ma boite mail! Une collection compl\u00e8tement dans l'air du temps, \u00e0 la fois pratique et tendance, compos\u00e9e de bois et de couleurs de caract\u00e8re.<\/p>\n<p style=\"text-align: justify;\"><a href=\"http:\/\/www.cocondedecoration.com\/blog\/wp-content\/uploads\/2018\/08\/panier-deco-alinea-jonc-de-mer.jpg\" target=\"_blank\" rel=\"noopener\"><img loading=\"lazy\" decoding=\"async\" class=\"aligncenter wp-image-18973 size-full\" title=\"panier deco alinea jonc de mer\" src=\"http:\/\/www.cocondedecoration.com\/blog\/wp-content\/uploads\/2018\/08\/panier-deco-alinea-jonc-de-mer.jpg\" alt=\"panier deco alinea jonc de mer\" width=\"400\" height=\"400\" srcset=\"https:\/\/www.cocondedecoration.com\/blog\/wp-content\/uploads\/2018\/08\/panier-deco-alinea-jonc-de-mer.jpg 400w, https:\/\/www.cocondedecoration.com\/blog\/wp-content\/uploads\/2018\/08\/panier-deco-alinea-jonc-de-mer-165x165.jpg 165w, https:\/\/www.cocondedecoration.com\/blog\/wp-content\/uploads\/2018\/08\/panier-deco-alinea-jonc-de-mer-260x260.jpg 260w\" sizes=\"(max-width: 400px) 100vw, 400px\" \/><\/a><\/p>\n<p style=\"text-align: justify;\"><a href=\"http:\/\/www.cocondedecoration.com\/blog\/wp-content\/uploads\/2018\/08\/etagere-metal-alinea-deco.jpg\" target=\"_blank\" rel=\"noopener\"><img loading=\"lazy\" decoding=\"async\" class=\"aligncenter wp-image-18972 size-full\" title=\"etagere metal alinea deco\" src=\"http:\/\/www.cocondedecoration.com\/blog\/wp-content\/uploads\/2018\/08\/etagere-metal-alinea-deco.jpg\" alt=\"etagere metal alinea deco\" width=\"400\" height=\"400\" srcset=\"https:\/\/www.cocondedecoration.com\/blog\/wp-content\/uploads\/2018\/08\/etagere-metal-alinea-deco.jpg 400w, https:\/\/www.cocondedecoration.com\/blog\/wp-content\/uploads\/2018\/08\/etagere-metal-alinea-deco-165x165.jpg 165w, https:\/\/www.cocondedecoration.com\/blog\/wp-content\/uploads\/2018\/08\/etagere-metal-alinea-deco-260x260.jpg 260w\" sizes=\"(max-width: 400px) 100vw, 400px\" \/><\/a><\/p>\n<p style=\"text-align: justify;\"><a href=\"http:\/\/www.cocondedecoration.com\/blog\/wp-content\/uploads\/2018\/08\/bout-de-canape-deco-alinea.jpg\" target=\"_blank\" rel=\"noopener\"><img loading=\"lazy\" decoding=\"async\" class=\"aligncenter wp-image-18971 size-full\" title=\"bout de canape deco alinea\" src=\"http:\/\/www.cocondedecoration.com\/blog\/wp-content\/uploads\/2018\/08\/bout-de-canape-deco-alinea.jpg\" alt=\"bout de canape deco alinea\" width=\"400\" height=\"400\" srcset=\"https:\/\/www.cocondedecoration.com\/blog\/wp-content\/uploads\/2018\/08\/bout-de-canape-deco-alinea.jpg 400w, https:\/\/www.cocondedecoration.com\/blog\/wp-content\/uploads\/2018\/08\/bout-de-canape-deco-alinea-165x165.jpg 165w, https:\/\/www.cocondedecoration.com\/blog\/wp-content\/uploads\/2018\/08\/bout-de-canape-deco-alinea-260x260.jpg 260w\" sizes=\"(max-width: 400px) 100vw, 400px\" \/><\/a><\/p>\n<p style=\"text-align: justify;\">Dans un autre domaine, on part sur de la d\u00e9coration murale avec <a href=\"https:\/\/fr.adzif.ca\/collections\/aurore-danielou\" target=\"_blank\" rel=\"noopener\"><span style=\"text-decoration: underline;\">ADzif<\/span> <\/a>qui propose aussi de la nouveaut\u00e9!\u00a0Aurore Danielou est une illustratrice fran\u00e7aise bas\u00e9e \u00e0 Montr\u00e9al. Elle propose un univers plein de po\u00e9sie, de nature et de douceur gr\u00e2ce \u00e0 une collection compl\u00e8te de papiers.<\/p>\n<p style=\"text-align: justify;\"><a href=\"http:\/\/www.cocondedecoration.com\/blog\/wp-content\/uploads\/2018\/08\/papier-peint-decoration-murale-fleur-tendance.jpg\" target=\"_blank\" rel=\"noopener\"><img loading=\"lazy\" decoding=\"async\" class=\"aligncenter wp-image-18974 size-large\" title=\"papier peint decoration murale fleur tendance\" src=\"http:\/\/www.cocondedecoration.com\/blog\/wp-content\/uploads\/2018\/08\/papier-peint-decoration-murale-fleur-tendance-640x640.jpg\" alt=\"papier peint decoration murale fleur tendance\" width=\"640\" height=\"640\" srcset=\"https:\/\/www.cocondedecoration.com\/blog\/wp-content\/uploads\/2018\/08\/papier-peint-decoration-murale-fleur-tendance-640x640.jpg 640w, https:\/\/www.cocondedecoration.com\/blog\/wp-content\/uploads\/2018\/08\/papier-peint-decoration-murale-fleur-tendance-165x165.jpg 165w, https:\/\/www.cocondedecoration.com\/blog\/wp-content\/uploads\/2018\/08\/papier-peint-decoration-murale-fleur-tendance-260x260.jpg 260w, https:\/\/www.cocondedecoration.com\/blog\/wp-content\/uploads\/2018\/08\/papier-peint-decoration-murale-fleur-tendance-768x768.jpg 768w, https:\/\/www.cocondedecoration.com\/blog\/wp-content\/uploads\/2018\/08\/papier-peint-decoration-murale-fleur-tendance.jpg 800w\" sizes=\"(max-width: 640px) 100vw, 640px\" \/><\/a><\/p>\n<p style=\"text-align: justify;\"><a href=\"http:\/\/www.cocondedecoration.com\/blog\/wp-content\/uploads\/2018\/08\/papier-peint-motif-fleur-deco.jpg\" target=\"_blank\" rel=\"noopener\"><img loading=\"lazy\" decoding=\"async\" class=\"aligncenter wp-image-18975 size-large\" title=\"papier peint motif fleur deco\" src=\"http:\/\/www.cocondedecoration.com\/blog\/wp-content\/uploads\/2018\/08\/papier-peint-motif-fleur-deco-640x640.jpg\" alt=\"papier peint motif fleur deco\" width=\"640\" height=\"640\" srcset=\"https:\/\/www.cocondedecoration.com\/blog\/wp-content\/uploads\/2018\/08\/papier-peint-motif-fleur-deco-640x640.jpg 640w, https:\/\/www.cocondedecoration.com\/blog\/wp-content\/uploads\/2018\/08\/papier-peint-motif-fleur-deco-165x165.jpg 165w, https:\/\/www.cocondedecoration.com\/blog\/wp-content\/uploads\/2018\/08\/papier-peint-motif-fleur-deco-260x260.jpg 260w, https:\/\/www.cocondedecoration.com\/blog\/wp-content\/uploads\/2018\/08\/papier-peint-motif-fleur-deco-768x768.jpg 768w, https:\/\/www.cocondedecoration.com\/blog\/wp-content\/uploads\/2018\/08\/papier-peint-motif-fleur-deco.jpg 800w\" sizes=\"(max-width: 640px) 100vw, 640px\" \/><\/a><\/p>\n<p style=\"text-align: justify;\"><a href=\"http:\/\/www.cocondedecoration.com\/blog\/wp-content\/uploads\/2018\/08\/papier-peint-motif-fleut-noir-et-blanc.jpg\" target=\"_blank\" rel=\"noopener\"><img loading=\"lazy\" decoding=\"async\" class=\"aligncenter wp-image-18976 size-large\" title=\"papier peint motif fleut noir et blanc\" src=\"http:\/\/www.cocondedecoration.com\/blog\/wp-content\/uploads\/2018\/08\/papier-peint-motif-fleut-noir-et-blanc-640x640.jpg\" alt=\"papier peint motif fleut noir et blanc\" width=\"640\" height=\"640\" srcset=\"https:\/\/www.cocondedecoration.com\/blog\/wp-content\/uploads\/2018\/08\/papier-peint-motif-fleut-noir-et-blanc-640x640.jpg 640w, https:\/\/www.cocondedecoration.com\/blog\/wp-content\/uploads\/2018\/08\/papier-peint-motif-fleut-noir-et-blanc-165x165.jpg 165w, https:\/\/www.cocondedecoration.com\/blog\/wp-content\/uploads\/2018\/08\/papier-peint-motif-fleut-noir-et-blanc-260x260.jpg 260w, https:\/\/www.cocondedecoration.com\/blog\/wp-content\/uploads\/2018\/08\/papier-peint-motif-fleut-noir-et-blanc-768x768.jpg 768w, https:\/\/www.cocondedecoration.com\/blog\/wp-content\/uploads\/2018\/08\/papier-peint-motif-fleut-noir-et-blanc.jpg 800w\" sizes=\"(max-width: 640px) 100vw, 640px\" \/><\/a><\/p>\n<p style=\"text-align: justify;\">Si vous souhaitez allier papier peint et peinture, je vous conseille de faire un tour chez <a href=\"https:\/\/www.paper-mint.fr\/fr\/91-papermint\" target=\"_blank\" rel=\"noopener\"><span style=\"text-decoration: underline;\">Paper Mint<\/span><\/a> qui collabore avec Mercardier pour vous proposer une vaste s\u00e9lection de couleurs pour tous vos projets d\u00e9co. Vous trouverez donc facilement la peinture coordonn\u00e9es \u00e0 votre papier peint!<\/p>\n<p style=\"text-align: justify;\"><a href=\"http:\/\/www.cocondedecoration.com\/blog\/wp-content\/uploads\/2018\/08\/deco-facile-peinture-papier-peint-coordonne.png\" target=\"_blank\" rel=\"noopener\"><img loading=\"lazy\" decoding=\"async\" class=\"aligncenter wp-image-18977 size-large\" title=\"deco facile peinture papier peint coordonne\" src=\"http:\/\/www.cocondedecoration.com\/blog\/wp-content\/uploads\/2018\/08\/deco-facile-peinture-papier-peint-coordonne-640x180.png\" alt=\"deco facile peinture papier peint coordonne\" width=\"640\" height=\"180\" srcset=\"https:\/\/www.cocondedecoration.com\/blog\/wp-content\/uploads\/2018\/08\/deco-facile-peinture-papier-peint-coordonne-640x180.png 640w, https:\/\/www.cocondedecoration.com\/blog\/wp-content\/uploads\/2018\/08\/deco-facile-peinture-papier-peint-coordonne-260x73.png 260w, https:\/\/www.cocondedecoration.com\/blog\/wp-content\/uploads\/2018\/08\/deco-facile-peinture-papier-peint-coordonne-768x216.png 768w, https:\/\/www.cocondedecoration.com\/blog\/wp-content\/uploads\/2018\/08\/deco-facile-peinture-papier-peint-coordonne.png 873w\" sizes=\"(max-width: 640px) 100vw, 640px\" \/><\/a><\/p>\n<p style=\"text-align: justify;\"><a href=\"http:\/\/www.cocondedecoration.com\/blog\/wp-content\/uploads\/2018\/08\/peinture-coordonnee-papier-peint.png\" target=\"_blank\" rel=\"noopener\"><img loading=\"lazy\" decoding=\"async\" class=\"aligncenter wp-image-18981 size-large\" title=\"peinture coordonnee papier peint\" src=\"http:\/\/www.cocondedecoration.com\/blog\/wp-content\/uploads\/2018\/08\/peinture-coordonnee-papier-peint-640x186.png\" alt=\"peinture coordonnee papier peint\" width=\"640\" height=\"186\" srcset=\"https:\/\/www.cocondedecoration.com\/blog\/wp-content\/uploads\/2018\/08\/peinture-coordonnee-papier-peint-640x186.png 640w, https:\/\/www.cocondedecoration.com\/blog\/wp-content\/uploads\/2018\/08\/peinture-coordonnee-papier-peint-260x76.png 260w, https:\/\/www.cocondedecoration.com\/blog\/wp-content\/uploads\/2018\/08\/peinture-coordonnee-papier-peint-768x223.png 768w, https:\/\/www.cocondedecoration.com\/blog\/wp-content\/uploads\/2018\/08\/peinture-coordonnee-papier-peint.png 864w\" sizes=\"(max-width: 640px) 100vw, 640px\" \/><\/a><\/p>\n<p style=\"text-align: justify;\">On passe aux luminaires, et j\u2019ai eu un gros coup de coeur pour les <a href=\"http:\/\/shop.smarin.net\/fr\/65-fantasticks\" target=\"_blank\" rel=\"noopener\"><span style=\"text-decoration: underline;\">Fantastiks chez Smarin<\/span><\/a>. Cet ensemble de luminaires en bois est aussi bien adapt\u00e9 \u00e0 la maison comme \u00e0 des lieux publics. Mais peu importe, ce qui m\u2019a plus avant tout c\u2019est leur incroyable simplicit\u00e9. (Et vous savez comme la simplicit\u00e9 me tient \u00e0 coeur!)<\/p>\n<p style=\"text-align: justify;\"><a href=\"http:\/\/www.cocondedecoration.com\/blog\/wp-content\/uploads\/2018\/08\/luminaire-fantasticks-smarin-design.jpg\" target=\"_blank\" rel=\"noopener\"><img loading=\"lazy\" decoding=\"async\" class=\"aligncenter wp-image-18979 size-full\" title=\"luminaire fantasticks smarin design\" src=\"http:\/\/www.cocondedecoration.com\/blog\/wp-content\/uploads\/2018\/08\/luminaire-fantasticks-smarin-design.jpg\" alt=\"luminaire fantasticks smarin design\" width=\"600\" height=\"450\" srcset=\"https:\/\/www.cocondedecoration.com\/blog\/wp-content\/uploads\/2018\/08\/luminaire-fantasticks-smarin-design.jpg 600w, https:\/\/www.cocondedecoration.com\/blog\/wp-content\/uploads\/2018\/08\/luminaire-fantasticks-smarin-design-260x195.jpg 260w, https:\/\/www.cocondedecoration.com\/blog\/wp-content\/uploads\/2018\/08\/luminaire-fantasticks-smarin-design-100x75.jpg 100w\" sizes=\"(max-width: 600px) 100vw, 600px\" \/><\/a><\/p>\n<p style=\"text-align: justify;\"><a href=\"http:\/\/www.cocondedecoration.com\/blog\/wp-content\/uploads\/2018\/08\/luminaire-design-simple.jpg\" target=\"_blank\" rel=\"noopener\"><img loading=\"lazy\" decoding=\"async\" class=\"aligncenter wp-image-18980 size-full\" title=\"luminaire design simple\" src=\"http:\/\/www.cocondedecoration.com\/blog\/wp-content\/uploads\/2018\/08\/luminaire-design-simple.jpg\" alt=\"luminaire design simple\" width=\"600\" height=\"450\" srcset=\"https:\/\/www.cocondedecoration.com\/blog\/wp-content\/uploads\/2018\/08\/luminaire-design-simple.jpg 600w, https:\/\/www.cocondedecoration.com\/blog\/wp-content\/uploads\/2018\/08\/luminaire-design-simple-260x195.jpg 260w, https:\/\/www.cocondedecoration.com\/blog\/wp-content\/uploads\/2018\/08\/luminaire-design-simple-100x75.jpg 100w\" sizes=\"(max-width: 600px) 100vw, 600px\" \/><\/a><\/p>\n<p style=\"text-align: justify;\">Si vous aimez les cr\u00e9ations handmade, vous aimerez probablement <a href=\"https:\/\/www.bijouxdemur.com\/\" target=\"_blank\" rel=\"noopener\"><span style=\"text-decoration: underline;\">Bijoux de mur<\/span><\/a>. Laurence est cr\u00e9atrice d'objets de d\u00e9coration murale en fil\u00a0de fer recuit et papiers vernis. Elle a obtenu le label \"Artisan d'Art\" en d\u00e9but d'ann\u00e9e et a ouvert le 1er mai dernier son site de vente en ligne. D\u00e9couvrez sans plus attendre ses cr\u00e9ations color\u00e9es, lumineuses et personnalis\u00e9es!<\/p>\n<p style=\"text-align: justify;\"><a href=\"http:\/\/www.cocondedecoration.com\/blog\/wp-content\/uploads\/2018\/08\/message-deco-positif-fil-de-fer.jpg\" target=\"_blank\" rel=\"noopener\"><img loading=\"lazy\" decoding=\"async\" class=\"aligncenter wp-image-18982 size-full\" title=\"message deco positif fil de fer\" src=\"http:\/\/www.cocondedecoration.com\/blog\/wp-content\/uploads\/2018\/08\/message-deco-positif-fil-de-fer.jpg\" alt=\"message deco positif fil de fer\" width=\"555\" height=\"555\" srcset=\"https:\/\/www.cocondedecoration.com\/blog\/wp-content\/uploads\/2018\/08\/message-deco-positif-fil-de-fer.jpg 555w, https:\/\/www.cocondedecoration.com\/blog\/wp-content\/uploads\/2018\/08\/message-deco-positif-fil-de-fer-165x165.jpg 165w, https:\/\/www.cocondedecoration.com\/blog\/wp-content\/uploads\/2018\/08\/message-deco-positif-fil-de-fer-260x260.jpg 260w\" sizes=\"(max-width: 555px) 100vw, 555px\" \/><\/a><\/p>\n<p style=\"text-align: justify;\"><a href=\"http:\/\/www.cocondedecoration.com\/blog\/wp-content\/uploads\/2018\/08\/message-fil-de-fer-deco-handmade-.jpg\" target=\"_blank\" rel=\"noopener\"><img loading=\"lazy\" decoding=\"async\" class=\"aligncenter wp-image-18983 size-large\" title=\"message fil de fer deco handmade\" src=\"http:\/\/www.cocondedecoration.com\/blog\/wp-content\/uploads\/2018\/08\/message-fil-de-fer-deco-handmade--640x640.jpg\" alt=\"message fil de fer deco handmade\" width=\"640\" height=\"640\" srcset=\"https:\/\/www.cocondedecoration.com\/blog\/wp-content\/uploads\/2018\/08\/message-fil-de-fer-deco-handmade--640x640.jpg 640w, https:\/\/www.cocondedecoration.com\/blog\/wp-content\/uploads\/2018\/08\/message-fil-de-fer-deco-handmade--165x165.jpg 165w, https:\/\/www.cocondedecoration.com\/blog\/wp-content\/uploads\/2018\/08\/message-fil-de-fer-deco-handmade--260x260.jpg 260w, https:\/\/www.cocondedecoration.com\/blog\/wp-content\/uploads\/2018\/08\/message-fil-de-fer-deco-handmade--768x768.jpg 768w, https:\/\/www.cocondedecoration.com\/blog\/wp-content\/uploads\/2018\/08\/message-fil-de-fer-deco-handmade-.jpg 800w\" sizes=\"(max-width: 640px) 100vw, 640px\" \/><\/a><\/p>\n<p style=\"text-align: justify;\">Si vous aimez la d\u00e9co et les accessoires personnalis\u00e9s, vous aimerez sans doute <a href=\"https:\/\/www.perso-collection.com\/\" target=\"_blank\" rel=\"noopener\"><span style=\"text-decoration: underline;\">Perso Collection<\/span><\/a>! L\u00e0 aussi c'est une petite entreprise fran\u00e7aise et elle vous propose de personnaliser vos contenants: bouteilles, spray, boites, flacons... C'est d\u00e9co parce que vous faites vous m\u00eame votre design et c'est \u00e9colo parce que c'est une alternative au \"tout jetable\" que nous sur-consommons au quotidien. Motifs, portraits, messages... tout est possible pour rendre unique ces petits accessoires qui composent notre quotidien.<\/p>\n<p style=\"text-align: justify;\"><a href=\"http:\/\/www.cocondedecoration.com\/blog\/wp-content\/uploads\/2018\/08\/personnaliser-deco-cuisine-boite-message.jpg\" target=\"_blank\" rel=\"noopener\"><img loading=\"lazy\" decoding=\"async\" class=\"aligncenter wp-image-18987 size-large\" title=\"personnaliser deco cuisine boite message\" src=\"http:\/\/www.cocondedecoration.com\/blog\/wp-content\/uploads\/2018\/08\/personnaliser-deco-cuisine-boite-message-640x415.jpg\" alt=\"personnaliser deco cuisine boite message\" width=\"640\" height=\"415\" srcset=\"https:\/\/www.cocondedecoration.com\/blog\/wp-content\/uploads\/2018\/08\/personnaliser-deco-cuisine-boite-message-640x415.jpg 640w, https:\/\/www.cocondedecoration.com\/blog\/wp-content\/uploads\/2018\/08\/personnaliser-deco-cuisine-boite-message-260x169.jpg 260w, https:\/\/www.cocondedecoration.com\/blog\/wp-content\/uploads\/2018\/08\/personnaliser-deco-cuisine-boite-message-768x498.jpg 768w, https:\/\/www.cocondedecoration.com\/blog\/wp-content\/uploads\/2018\/08\/personnaliser-deco-cuisine-boite-message.jpg 850w\" sizes=\"(max-width: 640px) 100vw, 640px\" \/><\/a><\/p>\n<p style=\"text-align: justify;\"><a href=\"http:\/\/www.cocondedecoration.com\/blog\/wp-content\/uploads\/2018\/08\/deco-salle-de-bain-personnalisation-bouteille.jpg\" target=\"_blank\" rel=\"noopener\"><img loading=\"lazy\" decoding=\"async\" class=\"aligncenter wp-image-18986 size-large\" title=\"deco salle de bain personnalisation bouteille\" src=\"http:\/\/www.cocondedecoration.com\/blog\/wp-content\/uploads\/2018\/08\/deco-salle-de-bain-personnalisation-bouteille-640x401.jpg\" alt=\"deco salle de bain personnalisation bouteille\" width=\"640\" height=\"401\" srcset=\"https:\/\/www.cocondedecoration.com\/blog\/wp-content\/uploads\/2018\/08\/deco-salle-de-bain-personnalisation-bouteille-640x401.jpg 640w, https:\/\/www.cocondedecoration.com\/blog\/wp-content\/uploads\/2018\/08\/deco-salle-de-bain-personnalisation-bouteille-260x163.jpg 260w, https:\/\/www.cocondedecoration.com\/blog\/wp-content\/uploads\/2018\/08\/deco-salle-de-bain-personnalisation-bouteille-768x481.jpg 768w, https:\/\/www.cocondedecoration.com\/blog\/wp-content\/uploads\/2018\/08\/deco-salle-de-bain-personnalisation-bouteille.jpg 850w\" sizes=\"(max-width: 640px) 100vw, 640px\" \/><\/a><\/p>\n<p style=\"text-align: justify;\"><a href=\"http:\/\/www.cocondedecoration.com\/blog\/wp-content\/uploads\/2018\/08\/personnaliser-objet-quotidien-decoration.jpg\" target=\"_blank\" rel=\"noopener\"><img loading=\"lazy\" decoding=\"async\" class=\"aligncenter wp-image-18988 size-large\" title=\"personnaliser objet quotidien decoration\" src=\"http:\/\/www.cocondedecoration.com\/blog\/wp-content\/uploads\/2018\/08\/personnaliser-objet-quotidien-decoration-640x480.jpg\" alt=\"personnaliser objet quotidien decoration\" width=\"640\" height=\"480\" srcset=\"https:\/\/www.cocondedecoration.com\/blog\/wp-content\/uploads\/2018\/08\/personnaliser-objet-quotidien-decoration-640x480.jpg 640w, https:\/\/www.cocondedecoration.com\/blog\/wp-content\/uploads\/2018\/08\/personnaliser-objet-quotidien-decoration-260x195.jpg 260w, https:\/\/www.cocondedecoration.com\/blog\/wp-content\/uploads\/2018\/08\/personnaliser-objet-quotidien-decoration-768x576.jpg 768w, https:\/\/www.cocondedecoration.com\/blog\/wp-content\/uploads\/2018\/08\/personnaliser-objet-quotidien-decoration-100x75.jpg 100w, https:\/\/www.cocondedecoration.com\/blog\/wp-content\/uploads\/2018\/08\/personnaliser-objet-quotidien-decoration.jpg 850w\" sizes=\"(max-width: 640px) 100vw, 640px\" \/><\/a><\/p>\n<p style=\"text-align: justify;\">Une nouvelle fois dans cet article, je vous propose l'un de mes coups de coeur: Le <a href=\"https:\/\/www.freifrau.eu\/en\/seating\/leya-swing-seat\/#prodview\" target=\"_blank\" rel=\"noopener\"><span style=\"text-decoration: underline;\">fauteuil suspendu Leya Swing<\/span><\/a> de Freifrau, qui associe le c\u00f4t\u00e9 fun et ludique de la balan\u00e7oire au c\u00f4t\u00e9 cosy de la chaise longue. Ce fauteuil est compos\u00e9 de cuir sur l'ext\u00e9rieur et de tissus \u00e0 l'int\u00e9rieur et la structure pour suspendre le fauteuil donne clairement l'envie de se balancer dans le salon!<\/p>\n<p style=\"text-align: justify;\"><a href=\"http:\/\/www.cocondedecoration.com\/blog\/wp-content\/uploads\/2018\/08\/fauteuil-leya-swing-design-cosy.png\" target=\"_blank\" rel=\"noopener\"><img loading=\"lazy\" decoding=\"async\" class=\"aligncenter wp-image-18990 size-full\" title=\"fauteuil leya swing design cosy\" src=\"http:\/\/www.cocondedecoration.com\/blog\/wp-content\/uploads\/2018\/08\/fauteuil-leya-swing-design-cosy.png\" alt=\"fauteuil leya swing design cosy\" width=\"597\" height=\"447\" srcset=\"https:\/\/www.cocondedecoration.com\/blog\/wp-content\/uploads\/2018\/08\/fauteuil-leya-swing-design-cosy.png 597w, https:\/\/www.cocondedecoration.com\/blog\/wp-content\/uploads\/2018\/08\/fauteuil-leya-swing-design-cosy-260x195.png 260w, https:\/\/www.cocondedecoration.com\/blog\/wp-content\/uploads\/2018\/08\/fauteuil-leya-swing-design-cosy-100x75.png 100w\" sizes=\"(max-width: 597px) 100vw, 597px\" \/><\/a><\/p>\n<p style=\"text-align: justify;\"><a href=\"http:\/\/www.cocondedecoration.com\/blog\/wp-content\/uploads\/2018\/08\/fauteuil-suspendu-design-cosy.jpg\" target=\"_blank\" rel=\"noopener\"><img loading=\"lazy\" decoding=\"async\" class=\"aligncenter wp-image-18991 size-large\" title=\"fauteuil suspendu design cosy\" src=\"http:\/\/www.cocondedecoration.com\/blog\/wp-content\/uploads\/2018\/08\/fauteuil-suspendu-design-cosy-640x877.jpg\" alt=\"fauteuil suspendu design cosy\" width=\"640\" height=\"877\" srcset=\"https:\/\/www.cocondedecoration.com\/blog\/wp-content\/uploads\/2018\/08\/fauteuil-suspendu-design-cosy-640x877.jpg 640w, https:\/\/www.cocondedecoration.com\/blog\/wp-content\/uploads\/2018\/08\/fauteuil-suspendu-design-cosy-260x356.jpg 260w, https:\/\/www.cocondedecoration.com\/blog\/wp-content\/uploads\/2018\/08\/fauteuil-suspendu-design-cosy-768x1053.jpg 768w, https:\/\/www.cocondedecoration.com\/blog\/wp-content\/uploads\/2018\/08\/fauteuil-suspendu-design-cosy.jpg 1000w\" sizes=\"(max-width: 640px) 100vw, 640px\" \/><\/a><\/p>\n<p style=\"text-align: justify;\">Je pense que j'ai d\u00e9j\u00e0 eu l'occasion de vous parler de Gautier Studio plusieurs fois sur le blog. Cette enseigne canadienne me plait beaucoup par sa simplicit\u00e9 et son univers vraiment agr\u00e9able pour les enfants. Cette fois, j'ai craqu\u00e9 pour <a href=\"https:\/\/www.gautierstudio.com\/collections\/nouga-activity-tables?utm_source=List+Shopify+Gautier+Studio&amp;utm_campaign=7348c33428-EMAIL_CAMPAIGN_2018_03_09_COPY_01&amp;utm_medium=email&amp;utm_term=0_83dfbc711c-7348c33428-95791769&amp;mc_cid=7348c33428&amp;mc_eid=435806754f\" target=\"_blank\" rel=\"noopener\"><span style=\"text-decoration: underline;\">la table d'activit\u00e9<\/span><\/a> qui invite \u00e0 la d\u00e9couverte et \u00e0 la cr\u00e9ativit\u00e9. Adapt\u00e9e \u00e0 la taille de votre enfant, c'est un meuble pratique pour qu'il puisse dessiner, lire, laisser libre court \u00e0 son imagination.<\/p>\n<p style=\"text-align: justify;\"><a href=\"http:\/\/www.cocondedecoration.com\/blog\/wp-content\/uploads\/2018\/08\/table-activite-enfant-deco-design.jpg\" target=\"_blank\" rel=\"noopener\"><img loading=\"lazy\" decoding=\"async\" class=\"aligncenter wp-image-18992 size-large\" title=\"table activite enfant deco design\" src=\"http:\/\/www.cocondedecoration.com\/blog\/wp-content\/uploads\/2018\/08\/table-activite-enfant-deco-design-640x640.jpg\" alt=\"table activite enfant deco design\" width=\"640\" height=\"640\" srcset=\"https:\/\/www.cocondedecoration.com\/blog\/wp-content\/uploads\/2018\/08\/table-activite-enfant-deco-design-640x640.jpg 640w, https:\/\/www.cocondedecoration.com\/blog\/wp-content\/uploads\/2018\/08\/table-activite-enfant-deco-design-165x165.jpg 165w, https:\/\/www.cocondedecoration.com\/blog\/wp-content\/uploads\/2018\/08\/table-activite-enfant-deco-design-260x260.jpg 260w, https:\/\/www.cocondedecoration.com\/blog\/wp-content\/uploads\/2018\/08\/table-activite-enfant-deco-design-768x768.jpg 768w, https:\/\/www.cocondedecoration.com\/blog\/wp-content\/uploads\/2018\/08\/table-activite-enfant-deco-design.jpg 800w\" sizes=\"(max-width: 640px) 100vw, 640px\" \/><\/a><\/p>\n<p style=\"text-align: justify;\"><a href=\"http:\/\/www.cocondedecoration.com\/blog\/wp-content\/uploads\/2018\/08\/table-enfant-deco-chambre.jpg\" target=\"_blank\" rel=\"noopener\"><img loading=\"lazy\" decoding=\"async\" class=\"aligncenter wp-image-18993 size-large\" title=\"table enfant deco chambre\" src=\"http:\/\/www.cocondedecoration.com\/blog\/wp-content\/uploads\/2018\/08\/table-enfant-deco-chambre-640x390.jpg\" alt=\"table enfant deco chambre\" width=\"640\" height=\"390\" srcset=\"https:\/\/www.cocondedecoration.com\/blog\/wp-content\/uploads\/2018\/08\/table-enfant-deco-chambre-640x390.jpg 640w, https:\/\/www.cocondedecoration.com\/blog\/wp-content\/uploads\/2018\/08\/table-enfant-deco-chambre-260x159.jpg 260w, https:\/\/www.cocondedecoration.com\/blog\/wp-content\/uploads\/2018\/08\/table-enfant-deco-chambre-768x468.jpg 768w, https:\/\/www.cocondedecoration.com\/blog\/wp-content\/uploads\/2018\/08\/table-enfant-deco-chambre.jpg 800w\" sizes=\"(max-width: 640px) 100vw, 640px\" \/><\/a><\/p>\n<p style=\"text-align: justify;\">Nous arrivons \u00e0 la fin de cet article et cette s\u00e9lection d'objets d\u00e9co. J'esp\u00e8re que cela vous a plu et que vous avez trouv\u00e9 des fournitures d\u00e9co qui vous aideront \u00e0 cr\u00e9er votre int\u00e9rieur!<\/p>\n","protected":false},"excerpt":{"rendered":"<p>C&rsquo;est la rentr\u00e9e, donc je me remets \u00e0 la chronique \u00ab\u00a0Si j&rsquo;avais une maison&#8230;\u00a0\u00bb pour vous pr\u00e9senter les jolies d\u00e9couvertes d\u00e9co faites pendant les vacances d&rsquo;\u00e9t\u00e9. J&rsquo;ai du prendre sur moi et faire un tri dans les nombreux mails que j&rsquo;ai re\u00e7u. Il y avait de belles choses mais je<span class=\"more-link\"><a href=\"https:\/\/www.cocondedecoration.com\/blog\/2018\/08\/si-javais-une-maison-n8\/\">Lire la suite<\/a><\/span><\/p>\n","protected":false},"author":1,"featured_media":18995,"comment_status":"open","ping_status":"open","sticky":false,"template":"","format":"standard","meta":{"om_disable_all_campaigns":false,"_monsterinsights_skip_tracking":false,"_monsterinsights_sitenote_active":false,"_monsterinsights_sitenote_note":"","_monsterinsights_sitenote_category":0,"_uf_show_specific_survey":0,"_uf_disable_surveys":false,"footnotes":""},"categories":[2141,1720],"tags":[3135,3175,3177,3174,3176,3178,481,2984,735,433,120,2244,2241,1467,3180,72,46,3179],"aioseo_notices":[],"_links":{"self":[{"href":"https:\/\/www.cocondedecoration.com\/blog\/wp-json\/wp\/v2\/posts\/18970"}],"collection":[{"href":"https:\/\/www.cocondedecoration.com\/blog\/wp-json\/wp\/v2\/posts"}],"about":[{"href":"https:\/\/www.cocondedecoration.com\/blog\/wp-json\/wp\/v2\/types\/post"}],"author":[{"embeddable":true,"href":"https:\/\/www.cocondedecoration.com\/blog\/wp-json\/wp\/v2\/users\/1"}],"replies":[{"embeddable":true,"href":"https:\/\/www.cocondedecoration.com\/blog\/wp-json\/wp\/v2\/comments?post=18970"}],"version-history":[{"count":0,"href":"https:\/\/www.cocondedecoration.com\/blog\/wp-json\/wp\/v2\/posts\/18970\/revisions"}],"wp:featuredmedia":[{"embeddable":true,"href":"https:\/\/www.cocondedecoration.com\/blog\/wp-json\/wp\/v2\/media\/18995"}],"wp:attachment":[{"href":"https:\/\/www.cocondedecoration.com\/blog\/wp-json\/wp\/v2\/media?parent=18970"}],"wp:term":[{"taxonomy":"category","embeddable":true,"href":"https:\/\/www.cocondedecoration.com\/blog\/wp-json\/wp\/v2\/categories?post=18970"},{"taxonomy":"post_tag","embeddable":true,"href":"https:\/\/www.cocondedecoration.com\/blog\/wp-json\/wp\/v2\/tags?post=18970"}],"curies":[{"name":"wp","href":"https:\/\/api.w.org\/{rel}","templated":true}]}}