{"id":18755,"date":"2018-08-06T11:48:10","date_gmt":"2018-08-06T09:48:10","guid":{"rendered":"http:\/\/www.cocondedecoration.com\/blog\/?p=18755"},"modified":"2023-08-28T12:30:01","modified_gmt":"2023-08-28T10:30:01","slug":"quelle-piece-creer-dans-des-combles","status":"publish","type":"post","link":"https:\/\/www.cocondedecoration.com\/blog\/2018\/08\/quelle-piece-creer-dans-des-combles\/","title":{"rendered":"Quelle pi\u00e8ce cr\u00e9er dans des combles?"},"content":{"rendered":"\n<p>Si vous \u00eates propri\u00e9taire d\u2019une maison individuelle, vous avez peut-\u00eatre des combles \u00e0 am\u00e9nager. Cette surface est int\u00e9ressante \u00e0 plus d\u2019un titre, parce qu\u2019elle permet d\u2019agrandir la surface habitable de la maison, sans pour autant pousser les murs ou cr\u00e9er une extension. Mais quelles sont les espaces qui peuvent prendre place sous le toit de la maison?<\/p>\n\n\n\n<!--more-->\n\n\n\n<div class=\"wp-block-image\"><figure class=\"aligncenter\"><a href=\"http:\/\/www.cocondedecoration.com\/blog\/pour-une-deco-made-in-france\/\" target=\"_blank\" rel=\"noopener noreferrer\"><img loading=\"lazy\" decoding=\"async\" width=\"728\" height=\"90\" src=\"http:\/\/www.cocondedecoration.com\/blog\/wp-content\/uploads\/2020\/06\/annuaire-deco-made-in-france.png\" alt=\"annuaire deco made in france\" class=\"wp-image-26308\" srcset=\"https:\/\/www.cocondedecoration.com\/blog\/wp-content\/uploads\/2020\/06\/annuaire-deco-made-in-france.png 728w, https:\/\/www.cocondedecoration.com\/blog\/wp-content\/uploads\/2020\/06\/annuaire-deco-made-in-france-260x32.png 260w, https:\/\/www.cocondedecoration.com\/blog\/wp-content\/uploads\/2020\/06\/annuaire-deco-made-in-france-640x79.png 640w, https:\/\/www.cocondedecoration.com\/blog\/wp-content\/uploads\/2020\/06\/annuaire-deco-made-in-france-465x57.png 465w, https:\/\/www.cocondedecoration.com\/blog\/wp-content\/uploads\/2020\/06\/annuaire-deco-made-in-france-695x86.png 695w\" sizes=\"(max-width: 728px) 100vw, 728px\" \/><\/a><\/figure><\/div>\n\n\n\n<h2 class=\"wp-block-heading\">01 \u2022 Conseils pour l\u2019am\u00e9nagement des combles<\/h2>\n\n\n\n<p>Avant de consid\u00e9rer les espaces qu\u2019il est possible de cr\u00e9er sous les combles, j\u2019aimerai qu\u2019on revienne sur une vue d\u2019ensemble de cet espace un peu hors du commun qu\u2019on doit am\u00e9nager. Ce n\u2019est pas une simple pi\u00e8ce de la maison et il y a des contraintes techniques \u00e0 prendre en consid\u00e9ration avant de se lancer dans la cr\u00e9ation d\u2019espace et la d\u00e9coration.<br>L\u2019isolation des combles est \u00e0 mon sens la premi\u00e8re chose \u00e0 prendre en consid\u00e9ration. En \u00e9tant sous le toit, les variations de temp\u00e9ratures sont importantes. En hiver, il peut y faire tr\u00e8s froid et inversement en \u00e9t\u00e9, il peut faire tr\u00e8s chaud. Cette variation de temp\u00e9ratures doit \u00eatre att\u00e9nu\u00e9e gr\u00e2ce \u00e0 l\u2019isolation pour que l\u2019espace que vous allez cr\u00e9\u00e9 soit agr\u00e9able toute l\u2019ann\u00e9e;<br>Le deuxi\u00e8me point important est la luminosit\u00e9 de vos combles. Si actuellement aucun am\u00e9nagement a \u00e9t\u00e9 r\u00e9alis\u00e9 sous votre toiture, il est n\u00e9cessaire de pr\u00e9voir des fen\u00eatres de toit qui apporteront de la lumi\u00e8re naturelle tout au long de la journ\u00e9e. Selon votre toiture, vous aurez aussi peut-\u00eatre l\u2019opportunit\u00e9 de cr\u00e9er des fen\u00eatres en chien assis qui sont moins contraignantes \u00e0 d\u00e9corer que des fen\u00eatres de toit. Une fois que les points isolation et luminosit\u00e9 sont r\u00e9gl\u00e9s, on peut passer \u00e0 l\u2019am\u00e9nagement de votre espace. Et pour plus d'informations, n'h\u00e9sitez pas \u00e0 consulter <a href=\"http:\/\/www.eco-energies-nouvelles.fr\/\">ce site<\/a>.<\/p>\n\n\n\n<h2 class=\"wp-block-heading\">02 \u2022 Cr\u00e9er une chambre suppl\u00e9mentaire dans les combles<\/h2>\n\n\n\n<p>Dans la grande majorit\u00e9 des cas, les combles sont utilis\u00e9s pour cr\u00e9er une chambre suppl\u00e9mentaire: chambre parentale, chambre pour votre ado qui grandit ou simplement une chambre d\u2019amis. Ce qui est int\u00e9ressant avec l\u2019am\u00e9nagement des combles comme chambre, c\u2019est qu\u2019il est possible d\u2019utiliser la pente du toit pour cr\u00e9er des rangement et ne pas perdre de surface habitable avec du mobilier. Ce sont des am\u00e9nagements sp\u00e9ciaux qui souvent son sur-mesure pour optimiser un maximum de place.<\/p>\n\n\n\n<h2 class=\"wp-block-heading\">03 \u2022 Am\u00e9nager un espace de travail sous le toit<\/h2>\n\n\n\n<p>Si vous travaillez \u00e0 la maison et que vous souhaitez de la tranquillit\u00e9, les combles peuvent \u00eatre l\u2019endroit id\u00e9al pour y am\u00e9nager votre bureau. Vous serez suffisamment \u00e0 l\u2019\u00e9cart des espaces de vie pour travailler tranquillement et vous aurez votre propre espace sans avoir \u00e0 \u00ab&nbsp;envahir&nbsp;\u00bb la salle \u00e0 manger. Autre point positif d\u2019un bureau dans les combles, c\u2019est que c\u2019est un espace qui ne demande pas forc\u00e9ment beaucoup de mobilier. Un bureau, un fauteuil de bureau et vous pouvez vous mettre \u00e0 travailler. Si vos combles sont petits et n\u2019offrent pas une grande surface habitable (moins de 9m2) cela peut-\u00eatre une bonne solution.<\/p>\n\n\n\n<h2 class=\"wp-block-heading\">04 \u2022 Une deuxi\u00e8me salle de bain pour les enfants<\/h2>\n\n\n\n<p>Dernier <a href=\"http:\/\/www.cotemaison.fr\/extension-combles-verandas\/combles-l-amenagement-etape-par-etape_6047.html\" target=\"_blank\" rel=\"noopener noreferrer\">am\u00e9nagement de combles<\/a> possible, mais qui demande un peu plus de travaux: la cr\u00e9ation d\u2019une seconde salle de bain. Si tous les matins, c\u2019est la course et que les passages dans la salle de bain sont chronom\u00e9tr\u00e9s avant de partir \u00e0 l\u2019\u00e9cole puis au bureau, les combles peuvent \u00eatre le lieu pour cr\u00e9er une pi\u00e8ce d\u2019eau d\u2019appoint. Cet am\u00e9nagement demande plus de travaux parce qu\u2019il faut adapter votre installation sanitaire existante. En revanche, c\u2019est un investissement puisqu\u2019\u00e0 la revente de votre maison, vous aurez l\u2019avantage d\u2019offrir deux salles de bain.<\/p>\n\n\n\n<p>Cet article date de 2018. Deux ans apr\u00e8s, je pr\u00e9pare une s\u00e9rie d'articles \u00e0 propos de l'am\u00e9nagement des combles et cela me permettra d'approfondir chacune des th\u00e9matiques de cet article et vous donner plus de d\u00e9tails pour vous aider \u00e0 mener \u00e0 bien votre projet d'am\u00e9nagement de grenier.<\/p>\n\n\n\n<ul class=\"wp-block-gallery columns-2 is-cropped wp-block-gallery-1 is-layout-flex wp-block-gallery-is-layout-flex\"><li class=\"blocks-gallery-item\"><figure><img loading=\"lazy\" decoding=\"async\" width=\"1000\" height=\"1500\" src=\"http:\/\/www.cocondedecoration.com\/blog\/wp-content\/uploads\/2018\/08\/quelle-piece-creer-sous-les-combles-1.jpeg\" alt=\"quelle piece creer sous les combles 1\" data-id=\"28174\" class=\"wp-image-28174\" srcset=\"https:\/\/www.cocondedecoration.com\/blog\/wp-content\/uploads\/2018\/08\/quelle-piece-creer-sous-les-combles-1.jpeg 1000w, https:\/\/www.cocondedecoration.com\/blog\/wp-content\/uploads\/2018\/08\/quelle-piece-creer-sous-les-combles-1-260x390.jpeg 260w, https:\/\/www.cocondedecoration.com\/blog\/wp-content\/uploads\/2018\/08\/quelle-piece-creer-sous-les-combles-1-768x1152.jpeg 768w, https:\/\/www.cocondedecoration.com\/blog\/wp-content\/uploads\/2018\/08\/quelle-piece-creer-sous-les-combles-1-640x960.jpeg 640w, https:\/\/www.cocondedecoration.com\/blog\/wp-content\/uploads\/2018\/08\/quelle-piece-creer-sous-les-combles-1-367x550.jpeg 367w, https:\/\/www.cocondedecoration.com\/blog\/wp-content\/uploads\/2018\/08\/quelle-piece-creer-sous-les-combles-1-333x500.jpeg 333w\" sizes=\"(max-width: 1000px) 100vw, 1000px\" \/><\/figure><\/li><li class=\"blocks-gallery-item\"><figure><img loading=\"lazy\" decoding=\"async\" width=\"1000\" height=\"1500\" src=\"http:\/\/www.cocondedecoration.com\/blog\/wp-content\/uploads\/2018\/08\/quelle-piece-creer-sous-les-combles-2.jpeg\" alt=\"quelle piece creer sous les combles 2\" data-id=\"28175\" class=\"wp-image-28175\" srcset=\"https:\/\/www.cocondedecoration.com\/blog\/wp-content\/uploads\/2018\/08\/quelle-piece-creer-sous-les-combles-2.jpeg 1000w, https:\/\/www.cocondedecoration.com\/blog\/wp-content\/uploads\/2018\/08\/quelle-piece-creer-sous-les-combles-2-260x390.jpeg 260w, https:\/\/www.cocondedecoration.com\/blog\/wp-content\/uploads\/2018\/08\/quelle-piece-creer-sous-les-combles-2-768x1152.jpeg 768w, https:\/\/www.cocondedecoration.com\/blog\/wp-content\/uploads\/2018\/08\/quelle-piece-creer-sous-les-combles-2-640x960.jpeg 640w, https:\/\/www.cocondedecoration.com\/blog\/wp-content\/uploads\/2018\/08\/quelle-piece-creer-sous-les-combles-2-367x550.jpeg 367w, https:\/\/www.cocondedecoration.com\/blog\/wp-content\/uploads\/2018\/08\/quelle-piece-creer-sous-les-combles-2-333x500.jpeg 333w\" sizes=\"(max-width: 1000px) 100vw, 1000px\" \/><\/figure><\/li><li class=\"blocks-gallery-item\"><figure><img loading=\"lazy\" decoding=\"async\" width=\"1000\" height=\"1500\" src=\"http:\/\/www.cocondedecoration.com\/blog\/wp-content\/uploads\/2018\/08\/quelle-piece-creer-sous-les-combles-3.jpeg\" alt=\"quelle piece creer sous les combles 3\" data-id=\"28176\" class=\"wp-image-28176\" srcset=\"https:\/\/www.cocondedecoration.com\/blog\/wp-content\/uploads\/2018\/08\/quelle-piece-creer-sous-les-combles-3.jpeg 1000w, https:\/\/www.cocondedecoration.com\/blog\/wp-content\/uploads\/2018\/08\/quelle-piece-creer-sous-les-combles-3-260x390.jpeg 260w, https:\/\/www.cocondedecoration.com\/blog\/wp-content\/uploads\/2018\/08\/quelle-piece-creer-sous-les-combles-3-768x1152.jpeg 768w, https:\/\/www.cocondedecoration.com\/blog\/wp-content\/uploads\/2018\/08\/quelle-piece-creer-sous-les-combles-3-640x960.jpeg 640w, https:\/\/www.cocondedecoration.com\/blog\/wp-content\/uploads\/2018\/08\/quelle-piece-creer-sous-les-combles-3-367x550.jpeg 367w, https:\/\/www.cocondedecoration.com\/blog\/wp-content\/uploads\/2018\/08\/quelle-piece-creer-sous-les-combles-3-333x500.jpeg 333w\" sizes=\"(max-width: 1000px) 100vw, 1000px\" \/><\/figure><\/li><li class=\"blocks-gallery-item\"><figure><img loading=\"lazy\" decoding=\"async\" width=\"1000\" height=\"1500\" src=\"http:\/\/www.cocondedecoration.com\/blog\/wp-content\/uploads\/2018\/08\/quelle-piece-creer-sous-les-combles-4.jpeg\" alt=\"quelle piece creer sous les combles 4\" data-id=\"28177\" class=\"wp-image-28177\" srcset=\"https:\/\/www.cocondedecoration.com\/blog\/wp-content\/uploads\/2018\/08\/quelle-piece-creer-sous-les-combles-4.jpeg 1000w, https:\/\/www.cocondedecoration.com\/blog\/wp-content\/uploads\/2018\/08\/quelle-piece-creer-sous-les-combles-4-260x390.jpeg 260w, https:\/\/www.cocondedecoration.com\/blog\/wp-content\/uploads\/2018\/08\/quelle-piece-creer-sous-les-combles-4-768x1152.jpeg 768w, https:\/\/www.cocondedecoration.com\/blog\/wp-content\/uploads\/2018\/08\/quelle-piece-creer-sous-les-combles-4-640x960.jpeg 640w, https:\/\/www.cocondedecoration.com\/blog\/wp-content\/uploads\/2018\/08\/quelle-piece-creer-sous-les-combles-4-367x550.jpeg 367w, https:\/\/www.cocondedecoration.com\/blog\/wp-content\/uploads\/2018\/08\/quelle-piece-creer-sous-les-combles-4-333x500.jpeg 333w\" sizes=\"(max-width: 1000px) 100vw, 1000px\" \/><\/figure><\/li><li class=\"blocks-gallery-item\"><figure><img loading=\"lazy\" decoding=\"async\" width=\"1000\" height=\"1500\" src=\"http:\/\/www.cocondedecoration.com\/blog\/wp-content\/uploads\/2018\/08\/quelle-piece-creer-sous-les-combles-5.jpeg\" alt=\"quelle piece creer sous les combles 5\" data-id=\"28178\" class=\"wp-image-28178\" srcset=\"https:\/\/www.cocondedecoration.com\/blog\/wp-content\/uploads\/2018\/08\/quelle-piece-creer-sous-les-combles-5.jpeg 1000w, https:\/\/www.cocondedecoration.com\/blog\/wp-content\/uploads\/2018\/08\/quelle-piece-creer-sous-les-combles-5-260x390.jpeg 260w, https:\/\/www.cocondedecoration.com\/blog\/wp-content\/uploads\/2018\/08\/quelle-piece-creer-sous-les-combles-5-768x1152.jpeg 768w, https:\/\/www.cocondedecoration.com\/blog\/wp-content\/uploads\/2018\/08\/quelle-piece-creer-sous-les-combles-5-640x960.jpeg 640w, https:\/\/www.cocondedecoration.com\/blog\/wp-content\/uploads\/2018\/08\/quelle-piece-creer-sous-les-combles-5-367x550.jpeg 367w, https:\/\/www.cocondedecoration.com\/blog\/wp-content\/uploads\/2018\/08\/quelle-piece-creer-sous-les-combles-5-333x500.jpeg 333w\" sizes=\"(max-width: 1000px) 100vw, 1000px\" \/><\/figure><\/li><li class=\"blocks-gallery-item\"><figure><img loading=\"lazy\" decoding=\"async\" width=\"1000\" height=\"1500\" src=\"http:\/\/www.cocondedecoration.com\/blog\/wp-content\/uploads\/2018\/08\/quelle-piece-creer-sous-les-combles-6.jpeg\" alt=\"quelle piece creer sous les combles 6\" data-id=\"28179\" class=\"wp-image-28179\" srcset=\"https:\/\/www.cocondedecoration.com\/blog\/wp-content\/uploads\/2018\/08\/quelle-piece-creer-sous-les-combles-6.jpeg 1000w, https:\/\/www.cocondedecoration.com\/blog\/wp-content\/uploads\/2018\/08\/quelle-piece-creer-sous-les-combles-6-260x390.jpeg 260w, https:\/\/www.cocondedecoration.com\/blog\/wp-content\/uploads\/2018\/08\/quelle-piece-creer-sous-les-combles-6-768x1152.jpeg 768w, https:\/\/www.cocondedecoration.com\/blog\/wp-content\/uploads\/2018\/08\/quelle-piece-creer-sous-les-combles-6-640x960.jpeg 640w, https:\/\/www.cocondedecoration.com\/blog\/wp-content\/uploads\/2018\/08\/quelle-piece-creer-sous-les-combles-6-367x550.jpeg 367w, https:\/\/www.cocondedecoration.com\/blog\/wp-content\/uploads\/2018\/08\/quelle-piece-creer-sous-les-combles-6-333x500.jpeg 333w\" sizes=\"(max-width: 1000px) 100vw, 1000px\" \/><\/figure><\/li><li class=\"blocks-gallery-item\"><figure><img loading=\"lazy\" decoding=\"async\" width=\"1000\" height=\"1500\" src=\"http:\/\/www.cocondedecoration.com\/blog\/wp-content\/uploads\/2018\/08\/quelle-piece-creer-sous-les-combles-7.jpeg\" alt=\"quelle piece creer sous les combles 7\" data-id=\"28180\" class=\"wp-image-28180\" srcset=\"https:\/\/www.cocondedecoration.com\/blog\/wp-content\/uploads\/2018\/08\/quelle-piece-creer-sous-les-combles-7.jpeg 1000w, https:\/\/www.cocondedecoration.com\/blog\/wp-content\/uploads\/2018\/08\/quelle-piece-creer-sous-les-combles-7-260x390.jpeg 260w, https:\/\/www.cocondedecoration.com\/blog\/wp-content\/uploads\/2018\/08\/quelle-piece-creer-sous-les-combles-7-768x1152.jpeg 768w, https:\/\/www.cocondedecoration.com\/blog\/wp-content\/uploads\/2018\/08\/quelle-piece-creer-sous-les-combles-7-640x960.jpeg 640w, https:\/\/www.cocondedecoration.com\/blog\/wp-content\/uploads\/2018\/08\/quelle-piece-creer-sous-les-combles-7-367x550.jpeg 367w, https:\/\/www.cocondedecoration.com\/blog\/wp-content\/uploads\/2018\/08\/quelle-piece-creer-sous-les-combles-7-333x500.jpeg 333w\" sizes=\"(max-width: 1000px) 100vw, 1000px\" \/><\/figure><\/li><li class=\"blocks-gallery-item\"><figure><img loading=\"lazy\" decoding=\"async\" width=\"1000\" height=\"1500\" src=\"http:\/\/www.cocondedecoration.com\/blog\/wp-content\/uploads\/2018\/08\/quelle-piece-creer-sous-les-combles-8.jpeg\" alt=\"quelle piece creer sous les combles 8\" data-id=\"28181\" class=\"wp-image-28181\" srcset=\"https:\/\/www.cocondedecoration.com\/blog\/wp-content\/uploads\/2018\/08\/quelle-piece-creer-sous-les-combles-8.jpeg 1000w, https:\/\/www.cocondedecoration.com\/blog\/wp-content\/uploads\/2018\/08\/quelle-piece-creer-sous-les-combles-8-260x390.jpeg 260w, https:\/\/www.cocondedecoration.com\/blog\/wp-content\/uploads\/2018\/08\/quelle-piece-creer-sous-les-combles-8-768x1152.jpeg 768w, https:\/\/www.cocondedecoration.com\/blog\/wp-content\/uploads\/2018\/08\/quelle-piece-creer-sous-les-combles-8-640x960.jpeg 640w, https:\/\/www.cocondedecoration.com\/blog\/wp-content\/uploads\/2018\/08\/quelle-piece-creer-sous-les-combles-8-367x550.jpeg 367w, https:\/\/www.cocondedecoration.com\/blog\/wp-content\/uploads\/2018\/08\/quelle-piece-creer-sous-les-combles-8-333x500.jpeg 333w\" sizes=\"(max-width: 1000px) 100vw, 1000px\" \/><\/figure><\/li><\/ul>\n\n\n\n<p style=\"text-align:center\" class=\"has-small-font-size\"><a href=\"https:\/\/www.pinterest.ch\/pin\/343329171595070351\/\" target=\"_blank\" rel=\"noopener noreferrer\">1<\/a> \/ <a href=\"https:\/\/www.pinterest.ch\/pin\/543880092492828728\/\" target=\"_blank\" rel=\"noopener noreferrer\">2<\/a> \/ <a href=\"https:\/\/www.pinterest.ch\/pin\/317714948717690784\/\" target=\"_blank\" rel=\"noopener noreferrer\">3<\/a> \/ <a href=\"https:\/\/www.pinterest.ch\/pin\/102456960248483283\/\" target=\"_blank\" rel=\"noopener noreferrer\">4<\/a> \/ <a href=\"https:\/\/www.pinterest.ch\/pin\/663295851354026225\/\" target=\"_blank\" rel=\"noopener noreferrer\">5<\/a> \/ <a href=\"https:\/\/www.pinterest.ch\/pin\/844213892628637741\/\" target=\"_blank\" rel=\"noopener noreferrer\">6<\/a> \/ <a href=\"https:\/\/www.pinterest.ch\/pin\/761108405758024664\/\" target=\"_blank\" rel=\"noopener noreferrer\">7<\/a> \/ <a href=\"https:\/\/www.pinterest.ch\/pin\/210965563781883523\/\" target=\"_blank\" rel=\"noopener noreferrer\">8<\/a><\/p>\n\n\n\n<hr class=\"wp-block-separator\"\/>\n\n\n\n<p>Retrouvez le blog sur les r\u00e9seaux sociaux: <a href=\"https:\/\/twitter.com\/cocondedeco\" target=\"_blank\" rel=\"noopener noreferrer\">Twitter<\/a>, <a href=\"https:\/\/www.facebook.com\/decoetvienomade\/\" target=\"_blank\" rel=\"noopener noreferrer\">Facebook<\/a>, <a href=\"https:\/\/www.pinterest.ch\/cocondedeco\/boards\/\" target=\"_blank\" rel=\"noopener noreferrer\">Pinterest<\/a> et m\u00eame <a href=\"https:\/\/www.youtube.com\/channel\/UCTl9xYG5XMmrxuKbFae2R1g\" target=\"_blank\" rel=\"noopener noreferrer\">Youtube<\/a><\/p>\n\n\n\n<hr class=\"wp-block-separator\"\/>\n\n\n\n<div class=\"wp-block-columns has-2-columns is-layout-flex wp-container-core-columns-layout-1 wp-block-columns-is-layout-flex\">\n<div class=\"wp-block-column is-layout-flow wp-block-column-is-layout-flow\">\n<h3 class=\"wp-block-heading\" id=\"mce_25\">Vous cherchez plus d'id\u00e9es pour am\u00e9nager votre int\u00e9rieur?<\/h3>\n\n\n\n<ul><li><a rel=\"noreferrer noopener\" href=\"http:\/\/eepurl.com\/dnxxhP\" target=\"_blank\">[Newsletter d\u00e9co] Inscrivez-vous ici pour recevoir gratuitement la newsletter d\u00e9co du blog\ufeff<\/a><\/li><li><a rel=\"noreferrer noopener\" href=\"http:\/\/www.cocondedecoration.com\/blog\/2020\/05\/conseils-deco-comment-decorer-et-amenager-une-petite-salle-a-manger\/\" target=\"_blank\">[Conseils d\u00e9co] Comment d\u00e9corer et am\u00e9nager une petite salle \u00e0 manger?<\/a><\/li><li><a rel=\"noreferrer noopener\" href=\"http:\/\/www.cocondedecoration.com\/blog\/2020\/06\/idee-deco-meubles-dangles-pour-optimiser-lespace-dune-piece\/\" target=\"_blank\">[Id\u00e9e d\u00e9co] Meubles d'angles pour optimiser l'espace d'une pi\u00e8ce<\/a><\/li><li><a rel=\"noreferrer noopener\" href=\"http:\/\/www.cocondedecoration.com\/blog\/2020\/03\/conseils-deco-quelles-couleurs-utiliser-dans-une-petite-piece\/\" target=\"_blank\">[Conseils d\u00e9co] Quelles couleurs utiliser dans une petite pi\u00e8ce?<\/a><\/li><li><a rel=\"noreferrer noopener\" href=\"http:\/\/www.cocondedecoration.com\/blog\/2020\/07\/idee-deco-10-interieurs-de-tiny-house-inspirants\/\" target=\"_blank\">[Id\u00e9e d\u00e9co] 10 int\u00e9rieurs de tiny house inspirants<\/a><\/li><\/ul>\n<\/div>\n\n\n\n<div class=\"wp-block-column is-layout-flow wp-block-column-is-layout-flow\"><a data-pin-do=\"embedUser\" href=\"\/\/www.pinterest.com\/cocondedeco\" data-pin-scale-width=\"61\" data-pin-scale-height=\"150\" data-pin-board-width=\"540\"><\/a>\n<\/div>\n<\/div>\n","protected":false},"excerpt":{"rendered":"<p>Si vous \u00eates propri\u00e9taire d\u2019une maison individuelle, vous avez peut-\u00eatre des combles \u00e0 am\u00e9nager. Cette surface est int\u00e9ressante \u00e0 plus d\u2019un titre, parce qu\u2019elle permet d\u2019agrandir la surface habitable de la maison, sans pour autant pousser les murs ou cr\u00e9er une extension. Mais quelles sont les espaces qui peuvent prendre<span class=\"more-link\"><a href=\"https:\/\/www.cocondedecoration.com\/blog\/2018\/08\/quelle-piece-creer-dans-des-combles\/\">Lire la suite<\/a><\/span><\/p>\n","protected":false},"author":1,"featured_media":29380,"comment_status":"open","ping_status":"open","sticky":false,"template":"","format":"standard","meta":{"om_disable_all_campaigns":false,"_monsterinsights_skip_tracking":false,"_monsterinsights_sitenote_active":false,"_monsterinsights_sitenote_note":"","_monsterinsights_sitenote_category":0,"_uf_show_specific_survey":0,"_uf_disable_surveys":false,"footnotes":""},"categories":[51331,9756,140,592],"tags":[10147,9753,9754,3106,9747,9742,10163,3109,3142,10161,10,10152,9750,11,9752,10159,10153,9749,10156,10164,10169,10168,9755,10140,10143,10144,10139,10141,10150,10142,10145,9744,9743,199,2865,10167,10166,9751,10155,9745,9746,3108,10158,10148,10115,6958,10149,10151,10146,10162,10160,3107,10157,36,10154,10165,9748],"aioseo_notices":[],"_links":{"self":[{"href":"https:\/\/www.cocondedecoration.com\/blog\/wp-json\/wp\/v2\/posts\/18755"}],"collection":[{"href":"https:\/\/www.cocondedecoration.com\/blog\/wp-json\/wp\/v2\/posts"}],"about":[{"href":"https:\/\/www.cocondedecoration.com\/blog\/wp-json\/wp\/v2\/types\/post"}],"author":[{"embeddable":true,"href":"https:\/\/www.cocondedecoration.com\/blog\/wp-json\/wp\/v2\/users\/1"}],"replies":[{"embeddable":true,"href":"https:\/\/www.cocondedecoration.com\/blog\/wp-json\/wp\/v2\/comments?post=18755"}],"version-history":[{"count":0,"href":"https:\/\/www.cocondedecoration.com\/blog\/wp-json\/wp\/v2\/posts\/18755\/revisions"}],"wp:featuredmedia":[{"embeddable":true,"href":"https:\/\/www.cocondedecoration.com\/blog\/wp-json\/wp\/v2\/media\/29380"}],"wp:attachment":[{"href":"https:\/\/www.cocondedecoration.com\/blog\/wp-json\/wp\/v2\/media?parent=18755"}],"wp:term":[{"taxonomy":"category","embeddable":true,"href":"https:\/\/www.cocondedecoration.com\/blog\/wp-json\/wp\/v2\/categories?post=18755"},{"taxonomy":"post_tag","embeddable":true,"href":"https:\/\/www.cocondedecoration.com\/blog\/wp-json\/wp\/v2\/tags?post=18755"}],"curies":[{"name":"wp","href":"https:\/\/api.w.org\/{rel}","templated":true}]}}