{"id":18175,"date":"2018-06-22T01:00:32","date_gmt":"2018-06-21T23:00:32","guid":{"rendered":"http:\/\/www.cocondedecoration.com\/blog\/?p=18175"},"modified":"2026-02-23T07:52:13","modified_gmt":"2026-02-23T05:52:13","slug":"une-table-de-nuit-dans-la-chambre","status":"publish","type":"post","link":"https:\/\/www.cocondedecoration.com\/blog\/2018\/06\/une-table-de-nuit-dans-la-chambre\/","title":{"rendered":"Une table de nuit dans la chambre | guide d\u00e9co"},"content":{"rendered":"\n<p>Le mobilier dans la chambre \u00e0 coucher est super important. J'ai d\u00e9j\u00e0 eu l'occasion \u00e0 plusieurs reprises de vous parler du matelas qui est un alli\u00e9 de taille pour une bonne nuit de repos. J'ai aussi eu l'occasion de vous parler de la t\u00eate de lit, des rangements, du linge de maison, etc. Mais je je parle pas souvent des tables de nuits. Pourtant, elles sont ind\u00e9niablement pratiques pour poser une lampe de chevet, un bouquin, le r\u00e9veil (le portable aussi maintenant...)<\/p>\n\n\n\n<!--more-->\n\n\n\n<p>Perso, j'aime beaucoup <a href=\"https:\/\/www.cocondedecoration.com\/blog\/2020\/05\/ou-trouver-une-table-de-chevet-murale\/\" target=\"_blank\" rel=\"noopener\" title=\"\">les tables de chevet suspendues au mur<\/a>. C'est pratique pour passez l'aspirateur et c'est aussi plus a\u00e9rien, plus contemporain. Si \u00e0 cela on ajoute du bois, c'est ce que je pr\u00e9f\u00e8re. La chaleur du bois donne \u00e0 la chambre une atmosph\u00e8re propice au sommeil. M\u00eame si la table de chevet n'est qu'un accessoire et qu'on peut bien s'en passer, elle contribue pleinement \u00e0 l'ambiance de la chambre.<\/p>\n\n\n\n<p>Ces derni\u00e8res ann\u00e9es, les tables de chevet ont beaucoup \u00e9volu\u00e9 au niveau de l'esth\u00e9tique. Maintenant, elles sont un \u00e9l\u00e9ment d\u00e9coratif \u00e0 part enti\u00e8re. Un gros travail a \u00e9t\u00e9 fait pour qu'elles trouvent leur place facilement dans la d\u00e9coration de votre chambre. Que ce soit au niveau des couleurs, des mat\u00e9riaux, des d\u00e9tails (comme les pieds, les boutons de tiroirs)... Rien n'est laiss\u00e9 au hasard. Voici une s\u00e9lection de tables de nuits modernes qui j'esp\u00e8re vous plaira: <\/p>\n\n\n\n<div class=\"wp-block-columns has-3-columns is-layout-flex wp-container-core-columns-layout-1 wp-block-columns-is-layout-flex\">\n<div class=\"wp-block-column is-layout-flow wp-block-column-is-layout-flow\">\n<figure class=\"wp-block-image\"><img loading=\"lazy\" decoding=\"async\" width=\"640\" height=\"960\" src=\"https:\/\/www.cocondedecoration.com\/blog\/wp-content\/uploads\/2023\/08\/chambre-parentale-table-de-nuit-moderne-1-640x960.jpeg\" alt=\"chambre parentale table de nuit moderne Table de chevet vintage 1 tiroir\" class=\"wp-image-66025\" srcset=\"https:\/\/www.cocondedecoration.com\/blog\/wp-content\/uploads\/2023\/08\/chambre-parentale-table-de-nuit-moderne-1-640x960.jpeg 640w, https:\/\/www.cocondedecoration.com\/blog\/wp-content\/uploads\/2023\/08\/chambre-parentale-table-de-nuit-moderne-1-260x390.jpeg 260w, https:\/\/www.cocondedecoration.com\/blog\/wp-content\/uploads\/2023\/08\/chambre-parentale-table-de-nuit-moderne-1-768x1152.jpeg 768w, https:\/\/www.cocondedecoration.com\/blog\/wp-content\/uploads\/2023\/08\/chambre-parentale-table-de-nuit-moderne-1-367x550.jpeg 367w, https:\/\/www.cocondedecoration.com\/blog\/wp-content\/uploads\/2023\/08\/chambre-parentale-table-de-nuit-moderne-1-333x500.jpeg 333w, https:\/\/www.cocondedecoration.com\/blog\/wp-content\/uploads\/2023\/08\/chambre-parentale-table-de-nuit-moderne-1.jpeg 1000w\" sizes=\"(max-width: 640px) 100vw, 640px\" \/><figcaption class=\"wp-element-caption\">Table de chevet vintage 1 tiroir - Maisons du Monde<\/figcaption><\/figure>\n\n\n\n<div class=\"wp-block-buttons is-content-justification-center is-layout-flex wp-container-core-buttons-layout-1 wp-block-buttons-is-layout-flex\">\n<div class=\"wp-block-button\"><a class=\"wp-block-button__link wp-element-button\" href=\"https:\/\/fnty.co\/c\/r-cwIgkQJN\" target=\"_blank\" rel=\"noreferrer noopener\">Acheter<\/a><\/div>\n<\/div>\n\n\n\n<figure class=\"wp-block-image\"><img loading=\"lazy\" decoding=\"async\" width=\"640\" height=\"960\" src=\"https:\/\/www.cocondedecoration.com\/blog\/wp-content\/uploads\/2023\/08\/chambre-parentale-table-de-nuit-moderne-4-640x960.jpeg\" alt=\"chambre parentale table de nuit moderne Table de chevet terracotta et cannage rotin\" class=\"wp-image-66028\" srcset=\"https:\/\/www.cocondedecoration.com\/blog\/wp-content\/uploads\/2023\/08\/chambre-parentale-table-de-nuit-moderne-4-640x960.jpeg 640w, https:\/\/www.cocondedecoration.com\/blog\/wp-content\/uploads\/2023\/08\/chambre-parentale-table-de-nuit-moderne-4-260x390.jpeg 260w, https:\/\/www.cocondedecoration.com\/blog\/wp-content\/uploads\/2023\/08\/chambre-parentale-table-de-nuit-moderne-4-768x1152.jpeg 768w, https:\/\/www.cocondedecoration.com\/blog\/wp-content\/uploads\/2023\/08\/chambre-parentale-table-de-nuit-moderne-4-367x550.jpeg 367w, https:\/\/www.cocondedecoration.com\/blog\/wp-content\/uploads\/2023\/08\/chambre-parentale-table-de-nuit-moderne-4-333x500.jpeg 333w, https:\/\/www.cocondedecoration.com\/blog\/wp-content\/uploads\/2023\/08\/chambre-parentale-table-de-nuit-moderne-4.jpeg 1000w\" sizes=\"(max-width: 640px) 100vw, 640px\" \/><figcaption class=\"wp-element-caption\">Table de chevet terracotta et cannage rotin - Maisons du Monde<\/figcaption><\/figure>\n\n\n\n<div class=\"wp-block-buttons is-content-justification-center is-layout-flex wp-container-core-buttons-layout-2 wp-block-buttons-is-layout-flex\">\n<div class=\"wp-block-button\"><a class=\"wp-block-button__link wp-element-button\" href=\"https:\/\/fnty.co\/c\/r-NQkKJAQs\" target=\"_blank\" rel=\"noreferrer noopener\">Acheter<\/a><\/div>\n<\/div>\n\n\n\n<figure class=\"wp-block-image\"><img loading=\"lazy\" decoding=\"async\" width=\"640\" height=\"960\" src=\"https:\/\/www.cocondedecoration.com\/blog\/wp-content\/uploads\/2023\/08\/table-de-chevet-moderne-chambre-a-coucher-parentale-1-640x960.jpeg\" alt=\"table de chevet moderne chambre a coucher parentale Table de chevet en rotin L40 cm GALON\" class=\"wp-image-66031\" srcset=\"https:\/\/www.cocondedecoration.com\/blog\/wp-content\/uploads\/2023\/08\/table-de-chevet-moderne-chambre-a-coucher-parentale-1-640x960.jpeg 640w, https:\/\/www.cocondedecoration.com\/blog\/wp-content\/uploads\/2023\/08\/table-de-chevet-moderne-chambre-a-coucher-parentale-1-260x390.jpeg 260w, https:\/\/www.cocondedecoration.com\/blog\/wp-content\/uploads\/2023\/08\/table-de-chevet-moderne-chambre-a-coucher-parentale-1-768x1152.jpeg 768w, https:\/\/www.cocondedecoration.com\/blog\/wp-content\/uploads\/2023\/08\/table-de-chevet-moderne-chambre-a-coucher-parentale-1-367x550.jpeg 367w, https:\/\/www.cocondedecoration.com\/blog\/wp-content\/uploads\/2023\/08\/table-de-chevet-moderne-chambre-a-coucher-parentale-1-333x500.jpeg 333w, https:\/\/www.cocondedecoration.com\/blog\/wp-content\/uploads\/2023\/08\/table-de-chevet-moderne-chambre-a-coucher-parentale-1.jpeg 1000w\" sizes=\"(max-width: 640px) 100vw, 640px\" \/><figcaption class=\"wp-element-caption\">Table de chevet en rotin L40 cm - Miliboo<\/figcaption><\/figure>\n\n\n\n<div class=\"wp-block-buttons is-content-justification-center is-layout-flex wp-container-core-buttons-layout-3 wp-block-buttons-is-layout-flex\">\n<div class=\"wp-block-button\"><a class=\"wp-block-button__link wp-element-button\" href=\"https:\/\/sow.miliboo.com\/?P46F1956CE39151&amp;redir=https%3A%2F%2Fwww.miliboo.com%2Ftable-de-chevet-rotin-galon-47097.html\" target=\"_blank\" rel=\"noreferrer noopener\">Acheter<\/a><\/div>\n<\/div>\n\n\n\n<figure class=\"wp-block-image\"><img loading=\"lazy\" decoding=\"async\" width=\"640\" height=\"960\" src=\"https:\/\/www.cocondedecoration.com\/blog\/wp-content\/uploads\/2023\/08\/belle-table-de-nuit-moderne-1-640x960.jpeg\" alt=\"belle table de nuit moderne Table de chevet en bois avec niche\" class=\"wp-image-66034\" srcset=\"https:\/\/www.cocondedecoration.com\/blog\/wp-content\/uploads\/2023\/08\/belle-table-de-nuit-moderne-1-640x960.jpeg 640w, https:\/\/www.cocondedecoration.com\/blog\/wp-content\/uploads\/2023\/08\/belle-table-de-nuit-moderne-1-260x390.jpeg 260w, https:\/\/www.cocondedecoration.com\/blog\/wp-content\/uploads\/2023\/08\/belle-table-de-nuit-moderne-1-768x1152.jpeg 768w, https:\/\/www.cocondedecoration.com\/blog\/wp-content\/uploads\/2023\/08\/belle-table-de-nuit-moderne-1-367x550.jpeg 367w, https:\/\/www.cocondedecoration.com\/blog\/wp-content\/uploads\/2023\/08\/belle-table-de-nuit-moderne-1-333x500.jpeg 333w, https:\/\/www.cocondedecoration.com\/blog\/wp-content\/uploads\/2023\/08\/belle-table-de-nuit-moderne-1.jpeg 1000w\" sizes=\"(max-width: 640px) 100vw, 640px\" \/><figcaption class=\"wp-element-caption\">Table de chevet en bois avec niche - Drawer<\/figcaption><\/figure>\n\n\n\n<figure class=\"wp-block-image\"><img loading=\"lazy\" decoding=\"async\" width=\"640\" height=\"960\" src=\"https:\/\/www.cocondedecoration.com\/blog\/wp-content\/uploads\/2023\/08\/belle-table-de-nuit-moderne-4-640x960.jpeg\" alt=\"belle table de nuit moderne Table de chevet 2 tiroirs en bois et m\u00e9tal\" class=\"wp-image-66037\" srcset=\"https:\/\/www.cocondedecoration.com\/blog\/wp-content\/uploads\/2023\/08\/belle-table-de-nuit-moderne-4-640x960.jpeg 640w, https:\/\/www.cocondedecoration.com\/blog\/wp-content\/uploads\/2023\/08\/belle-table-de-nuit-moderne-4-260x390.jpeg 260w, https:\/\/www.cocondedecoration.com\/blog\/wp-content\/uploads\/2023\/08\/belle-table-de-nuit-moderne-4-768x1152.jpeg 768w, https:\/\/www.cocondedecoration.com\/blog\/wp-content\/uploads\/2023\/08\/belle-table-de-nuit-moderne-4-367x550.jpeg 367w, https:\/\/www.cocondedecoration.com\/blog\/wp-content\/uploads\/2023\/08\/belle-table-de-nuit-moderne-4-333x500.jpeg 333w, https:\/\/www.cocondedecoration.com\/blog\/wp-content\/uploads\/2023\/08\/belle-table-de-nuit-moderne-4.jpeg 1000w\" sizes=\"(max-width: 640px) 100vw, 640px\" \/><figcaption class=\"wp-element-caption\">Table de chevet 2 tiroirs en bois et m\u00e9tal - Drawer<\/figcaption><\/figure>\n<\/div>\n\n\n\n<div class=\"wp-block-column is-layout-flow wp-block-column-is-layout-flow\">\n<figure class=\"wp-block-image\"><img loading=\"lazy\" decoding=\"async\" width=\"640\" height=\"960\" src=\"https:\/\/www.cocondedecoration.com\/blog\/wp-content\/uploads\/2023\/08\/chambre-parentale-table-de-nuit-moderne-2-640x960.jpeg\" alt=\"chambre parentale table de nuit moderne Table de chevet murale bicolore\" class=\"wp-image-66026\" srcset=\"https:\/\/www.cocondedecoration.com\/blog\/wp-content\/uploads\/2023\/08\/chambre-parentale-table-de-nuit-moderne-2-640x960.jpeg 640w, https:\/\/www.cocondedecoration.com\/blog\/wp-content\/uploads\/2023\/08\/chambre-parentale-table-de-nuit-moderne-2-260x390.jpeg 260w, https:\/\/www.cocondedecoration.com\/blog\/wp-content\/uploads\/2023\/08\/chambre-parentale-table-de-nuit-moderne-2-768x1152.jpeg 768w, https:\/\/www.cocondedecoration.com\/blog\/wp-content\/uploads\/2023\/08\/chambre-parentale-table-de-nuit-moderne-2-367x550.jpeg 367w, https:\/\/www.cocondedecoration.com\/blog\/wp-content\/uploads\/2023\/08\/chambre-parentale-table-de-nuit-moderne-2-333x500.jpeg 333w, https:\/\/www.cocondedecoration.com\/blog\/wp-content\/uploads\/2023\/08\/chambre-parentale-table-de-nuit-moderne-2.jpeg 1000w\" sizes=\"(max-width: 640px) 100vw, 640px\" \/><figcaption class=\"wp-element-caption\">Table de chevet murale bicolore - Maisons du Monde<\/figcaption><\/figure>\n\n\n\n<div class=\"wp-block-buttons is-content-justification-center is-layout-flex wp-container-core-buttons-layout-4 wp-block-buttons-is-layout-flex\">\n<div class=\"wp-block-button\"><a class=\"wp-block-button__link wp-element-button\" href=\"https:\/\/fnty.co\/c\/r-ABuAdtxI\" target=\"_blank\" rel=\"noreferrer noopener\">Acheter<\/a><\/div>\n<\/div>\n\n\n\n<figure class=\"wp-block-image\"><img loading=\"lazy\" decoding=\"async\" width=\"640\" height=\"960\" src=\"https:\/\/www.cocondedecoration.com\/blog\/wp-content\/uploads\/2023\/08\/chambre-parentale-table-de-nuit-moderne-5-640x960.jpeg\" alt=\"chambre parentale table de nuit moderne Chevet 2 Tiroirs Aspect Ch\u00eane avec Cannage Rotin\" class=\"wp-image-66029\" srcset=\"https:\/\/www.cocondedecoration.com\/blog\/wp-content\/uploads\/2023\/08\/chambre-parentale-table-de-nuit-moderne-5-640x960.jpeg 640w, https:\/\/www.cocondedecoration.com\/blog\/wp-content\/uploads\/2023\/08\/chambre-parentale-table-de-nuit-moderne-5-260x390.jpeg 260w, https:\/\/www.cocondedecoration.com\/blog\/wp-content\/uploads\/2023\/08\/chambre-parentale-table-de-nuit-moderne-5-768x1152.jpeg 768w, https:\/\/www.cocondedecoration.com\/blog\/wp-content\/uploads\/2023\/08\/chambre-parentale-table-de-nuit-moderne-5-367x550.jpeg 367w, https:\/\/www.cocondedecoration.com\/blog\/wp-content\/uploads\/2023\/08\/chambre-parentale-table-de-nuit-moderne-5-333x500.jpeg 333w, https:\/\/www.cocondedecoration.com\/blog\/wp-content\/uploads\/2023\/08\/chambre-parentale-table-de-nuit-moderne-5.jpeg 1000w\" sizes=\"(max-width: 640px) 100vw, 640px\" \/><figcaption class=\"wp-element-caption\">Chevet 2 Tiroirs Aspect Ch\u00eane avec Cannage Rotin - Maisons du Monde<\/figcaption><\/figure>\n\n\n\n<div class=\"wp-block-buttons is-content-justification-center is-layout-flex wp-container-core-buttons-layout-5 wp-block-buttons-is-layout-flex\">\n<div class=\"wp-block-button\"><a class=\"wp-block-button__link wp-element-button\" href=\"https:\/\/fnty.co\/c\/r-HFeBXCsC\" target=\"_blank\" rel=\"noreferrer noopener\">Acheter<\/a><\/div>\n<\/div>\n\n\n\n<figure class=\"wp-block-image\"><img loading=\"lazy\" decoding=\"async\" width=\"640\" height=\"960\" src=\"https:\/\/www.cocondedecoration.com\/blog\/wp-content\/uploads\/2023\/08\/table-de-chevet-moderne-chambre-a-coucher-parentale-2-640x960.jpeg\" alt=\"table de chevet moderne chambre a coucher parentale Table de chevet avec rangements 2 tiroirs scandinave bois clair ch\u00eane L50 cm \" class=\"wp-image-66032\" srcset=\"https:\/\/www.cocondedecoration.com\/blog\/wp-content\/uploads\/2023\/08\/table-de-chevet-moderne-chambre-a-coucher-parentale-2-640x960.jpeg 640w, https:\/\/www.cocondedecoration.com\/blog\/wp-content\/uploads\/2023\/08\/table-de-chevet-moderne-chambre-a-coucher-parentale-2-260x390.jpeg 260w, https:\/\/www.cocondedecoration.com\/blog\/wp-content\/uploads\/2023\/08\/table-de-chevet-moderne-chambre-a-coucher-parentale-2-768x1152.jpeg 768w, https:\/\/www.cocondedecoration.com\/blog\/wp-content\/uploads\/2023\/08\/table-de-chevet-moderne-chambre-a-coucher-parentale-2-367x550.jpeg 367w, https:\/\/www.cocondedecoration.com\/blog\/wp-content\/uploads\/2023\/08\/table-de-chevet-moderne-chambre-a-coucher-parentale-2-333x500.jpeg 333w, https:\/\/www.cocondedecoration.com\/blog\/wp-content\/uploads\/2023\/08\/table-de-chevet-moderne-chambre-a-coucher-parentale-2.jpeg 1000w\" sizes=\"(max-width: 640px) 100vw, 640px\" \/><figcaption class=\"wp-element-caption\">Table de chevet avec rangements 2 tiroirs - Miliboo<\/figcaption><\/figure>\n\n\n\n<div class=\"wp-block-buttons is-content-justification-center is-layout-flex wp-container-core-buttons-layout-6 wp-block-buttons-is-layout-flex\">\n<div class=\"wp-block-button\"><a class=\"wp-block-button__link wp-element-button\" href=\"https:\/\/sow.miliboo.com\/?P46F1956CE39151&amp;redir=https%3A%2F%2Fwww.miliboo.com%2Ftable-de-chevet-scandinave-bois-clair-freddy-51829.html\" target=\"_blank\" rel=\"noreferrer noopener\">Acheter<\/a><\/div>\n<\/div>\n\n\n\n<figure class=\"wp-block-image\"><img loading=\"lazy\" decoding=\"async\" width=\"640\" height=\"960\" src=\"https:\/\/www.cocondedecoration.com\/blog\/wp-content\/uploads\/2023\/08\/belle-table-de-nuit-moderne-2-640x960.jpeg\" alt=\"belle table de nuit moderne Table de chevet en bois 1 tiroir\" class=\"wp-image-66035\" srcset=\"https:\/\/www.cocondedecoration.com\/blog\/wp-content\/uploads\/2023\/08\/belle-table-de-nuit-moderne-2-640x960.jpeg 640w, https:\/\/www.cocondedecoration.com\/blog\/wp-content\/uploads\/2023\/08\/belle-table-de-nuit-moderne-2-260x390.jpeg 260w, https:\/\/www.cocondedecoration.com\/blog\/wp-content\/uploads\/2023\/08\/belle-table-de-nuit-moderne-2-768x1152.jpeg 768w, https:\/\/www.cocondedecoration.com\/blog\/wp-content\/uploads\/2023\/08\/belle-table-de-nuit-moderne-2-367x550.jpeg 367w, https:\/\/www.cocondedecoration.com\/blog\/wp-content\/uploads\/2023\/08\/belle-table-de-nuit-moderne-2-333x500.jpeg 333w, https:\/\/www.cocondedecoration.com\/blog\/wp-content\/uploads\/2023\/08\/belle-table-de-nuit-moderne-2.jpeg 1000w\" sizes=\"(max-width: 640px) 100vw, 640px\" \/><figcaption class=\"wp-element-caption\">Table de chevet en bois 1 tiroir - Drawer<\/figcaption><\/figure>\n\n\n\n<figure class=\"wp-block-image\"><img loading=\"lazy\" decoding=\"async\" width=\"640\" height=\"960\" src=\"https:\/\/www.cocondedecoration.com\/blog\/wp-content\/uploads\/2023\/08\/belle-table-de-nuit-moderne-5-640x960.jpeg\" alt=\"belle table de nuit moderne Table de chevet avec tiroir en bois et m\u00e9tal\" class=\"wp-image-66038\" srcset=\"https:\/\/www.cocondedecoration.com\/blog\/wp-content\/uploads\/2023\/08\/belle-table-de-nuit-moderne-5-640x960.jpeg 640w, https:\/\/www.cocondedecoration.com\/blog\/wp-content\/uploads\/2023\/08\/belle-table-de-nuit-moderne-5-260x390.jpeg 260w, https:\/\/www.cocondedecoration.com\/blog\/wp-content\/uploads\/2023\/08\/belle-table-de-nuit-moderne-5-768x1152.jpeg 768w, https:\/\/www.cocondedecoration.com\/blog\/wp-content\/uploads\/2023\/08\/belle-table-de-nuit-moderne-5-367x550.jpeg 367w, https:\/\/www.cocondedecoration.com\/blog\/wp-content\/uploads\/2023\/08\/belle-table-de-nuit-moderne-5-333x500.jpeg 333w, https:\/\/www.cocondedecoration.com\/blog\/wp-content\/uploads\/2023\/08\/belle-table-de-nuit-moderne-5.jpeg 1000w\" sizes=\"(max-width: 640px) 100vw, 640px\" \/><figcaption class=\"wp-element-caption\">Table de chevet avec tiroir en bois et m\u00e9tal - Drawer<\/figcaption><\/figure>\n<\/div>\n\n\n\n<div class=\"wp-block-column is-layout-flow wp-block-column-is-layout-flow\">\n<figure class=\"wp-block-image\"><img loading=\"lazy\" decoding=\"async\" width=\"640\" height=\"960\" src=\"https:\/\/www.cocondedecoration.com\/blog\/wp-content\/uploads\/2023\/08\/chambre-parentale-table-de-nuit-moderne-3-640x960.jpeg\" alt=\"chambre parentale table de nuit moderne Chevet 1 tiroir en manguier effet dor\u00e9\" class=\"wp-image-66027\" srcset=\"https:\/\/www.cocondedecoration.com\/blog\/wp-content\/uploads\/2023\/08\/chambre-parentale-table-de-nuit-moderne-3-640x960.jpeg 640w, https:\/\/www.cocondedecoration.com\/blog\/wp-content\/uploads\/2023\/08\/chambre-parentale-table-de-nuit-moderne-3-260x390.jpeg 260w, https:\/\/www.cocondedecoration.com\/blog\/wp-content\/uploads\/2023\/08\/chambre-parentale-table-de-nuit-moderne-3-768x1152.jpeg 768w, https:\/\/www.cocondedecoration.com\/blog\/wp-content\/uploads\/2023\/08\/chambre-parentale-table-de-nuit-moderne-3-367x550.jpeg 367w, https:\/\/www.cocondedecoration.com\/blog\/wp-content\/uploads\/2023\/08\/chambre-parentale-table-de-nuit-moderne-3-333x500.jpeg 333w, https:\/\/www.cocondedecoration.com\/blog\/wp-content\/uploads\/2023\/08\/chambre-parentale-table-de-nuit-moderne-3.jpeg 1000w\" sizes=\"(max-width: 640px) 100vw, 640px\" \/><figcaption class=\"wp-element-caption\">Chevet 1 tiroir en manguier effet dor\u00e9 - Maisons du Monde<\/figcaption><\/figure>\n\n\n\n<div class=\"wp-block-buttons is-content-justification-center is-layout-flex wp-container-core-buttons-layout-7 wp-block-buttons-is-layout-flex\">\n<div class=\"wp-block-button\"><a class=\"wp-block-button__link wp-element-button\" href=\"https:\/\/fnty.co\/c\/r-wLzjpfni\" target=\"_blank\" rel=\"noreferrer noopener\">Acheter<\/a><\/div>\n<\/div>\n\n\n\n<figure class=\"wp-block-image\"><img loading=\"lazy\" decoding=\"async\" width=\"640\" height=\"960\" src=\"https:\/\/www.cocondedecoration.com\/blog\/wp-content\/uploads\/2023\/08\/chambre-parentale-table-de-nuit-moderne-6-640x960.jpeg\" alt=\"chambre parentale table de nuit moderne Table de chevet 1 tiroir cannage en rotin\" class=\"wp-image-66030\" srcset=\"https:\/\/www.cocondedecoration.com\/blog\/wp-content\/uploads\/2023\/08\/chambre-parentale-table-de-nuit-moderne-6-640x960.jpeg 640w, https:\/\/www.cocondedecoration.com\/blog\/wp-content\/uploads\/2023\/08\/chambre-parentale-table-de-nuit-moderne-6-260x390.jpeg 260w, https:\/\/www.cocondedecoration.com\/blog\/wp-content\/uploads\/2023\/08\/chambre-parentale-table-de-nuit-moderne-6-768x1152.jpeg 768w, https:\/\/www.cocondedecoration.com\/blog\/wp-content\/uploads\/2023\/08\/chambre-parentale-table-de-nuit-moderne-6-367x550.jpeg 367w, https:\/\/www.cocondedecoration.com\/blog\/wp-content\/uploads\/2023\/08\/chambre-parentale-table-de-nuit-moderne-6-333x500.jpeg 333w, https:\/\/www.cocondedecoration.com\/blog\/wp-content\/uploads\/2023\/08\/chambre-parentale-table-de-nuit-moderne-6.jpeg 1000w\" sizes=\"(max-width: 640px) 100vw, 640px\" \/><figcaption class=\"wp-element-caption\">Table de chevet 1 tiroir cannage en rotin - Maisons du Monde<\/figcaption><\/figure>\n\n\n\n<div class=\"wp-block-buttons is-content-justification-center is-layout-flex wp-container-core-buttons-layout-8 wp-block-buttons-is-layout-flex\">\n<div class=\"wp-block-button\"><a class=\"wp-block-button__link wp-element-button\" href=\"https:\/\/fnty.co\/c\/r-UTelWQAU\" target=\"_blank\" rel=\"noreferrer noopener\">Acheter<\/a><\/div>\n<\/div>\n\n\n\n<figure class=\"wp-block-image\"><img loading=\"lazy\" decoding=\"async\" width=\"640\" height=\"960\" src=\"https:\/\/www.cocondedecoration.com\/blog\/wp-content\/uploads\/2023\/08\/table-de-chevet-moderne-chambre-a-coucher-parentale-3-640x960.jpeg\" alt=\"table de chevet moderne chambre a coucher parentale Table de chevet avec tiroir vintage bois clair L45 cm\" class=\"wp-image-66033\" srcset=\"https:\/\/www.cocondedecoration.com\/blog\/wp-content\/uploads\/2023\/08\/table-de-chevet-moderne-chambre-a-coucher-parentale-3-640x960.jpeg 640w, https:\/\/www.cocondedecoration.com\/blog\/wp-content\/uploads\/2023\/08\/table-de-chevet-moderne-chambre-a-coucher-parentale-3-260x390.jpeg 260w, https:\/\/www.cocondedecoration.com\/blog\/wp-content\/uploads\/2023\/08\/table-de-chevet-moderne-chambre-a-coucher-parentale-3-768x1152.jpeg 768w, https:\/\/www.cocondedecoration.com\/blog\/wp-content\/uploads\/2023\/08\/table-de-chevet-moderne-chambre-a-coucher-parentale-3-367x550.jpeg 367w, https:\/\/www.cocondedecoration.com\/blog\/wp-content\/uploads\/2023\/08\/table-de-chevet-moderne-chambre-a-coucher-parentale-3-333x500.jpeg 333w, https:\/\/www.cocondedecoration.com\/blog\/wp-content\/uploads\/2023\/08\/table-de-chevet-moderne-chambre-a-coucher-parentale-3.jpeg 1000w\" sizes=\"(max-width: 640px) 100vw, 640px\" \/><figcaption class=\"wp-element-caption\">Table de chevet avec tiroir vintage bois clair L45 cm - Miliboo<\/figcaption><\/figure>\n\n\n\n<div class=\"wp-block-buttons is-content-justification-center is-layout-flex wp-container-core-buttons-layout-9 wp-block-buttons-is-layout-flex\">\n<div class=\"wp-block-button\"><a class=\"wp-block-button__link wp-element-button\" href=\"https:\/\/sow.miliboo.com\/?P46F1956CE39151&amp;redir=https%3A%2F%2Fwww.miliboo.com%2Ftable-de-chevet-design-frene-bjorg-31630.html\" target=\"_blank\" rel=\"noreferrer noopener\">Acheter<\/a><\/div>\n<\/div>\n\n\n\n<figure class=\"wp-block-image\"><img loading=\"lazy\" decoding=\"async\" width=\"640\" height=\"960\" src=\"https:\/\/www.cocondedecoration.com\/blog\/wp-content\/uploads\/2023\/08\/belle-table-de-nuit-moderne-3-640x960.jpeg\" alt=\"belle table de nuit moderne Table de chevet en bois\" class=\"wp-image-66036\" srcset=\"https:\/\/www.cocondedecoration.com\/blog\/wp-content\/uploads\/2023\/08\/belle-table-de-nuit-moderne-3-640x960.jpeg 640w, https:\/\/www.cocondedecoration.com\/blog\/wp-content\/uploads\/2023\/08\/belle-table-de-nuit-moderne-3-260x390.jpeg 260w, https:\/\/www.cocondedecoration.com\/blog\/wp-content\/uploads\/2023\/08\/belle-table-de-nuit-moderne-3-768x1152.jpeg 768w, https:\/\/www.cocondedecoration.com\/blog\/wp-content\/uploads\/2023\/08\/belle-table-de-nuit-moderne-3-367x550.jpeg 367w, https:\/\/www.cocondedecoration.com\/blog\/wp-content\/uploads\/2023\/08\/belle-table-de-nuit-moderne-3-333x500.jpeg 333w, https:\/\/www.cocondedecoration.com\/blog\/wp-content\/uploads\/2023\/08\/belle-table-de-nuit-moderne-3.jpeg 1000w\" sizes=\"(max-width: 640px) 100vw, 640px\" \/><figcaption class=\"wp-element-caption\">Table de chevet en bois - Drawer<\/figcaption><\/figure>\n\n\n\n<figure class=\"wp-block-image\"><img loading=\"lazy\" decoding=\"async\" width=\"640\" height=\"960\" src=\"https:\/\/www.cocondedecoration.com\/blog\/wp-content\/uploads\/2023\/08\/belle-table-de-nuit-moderne-6-640x960.jpeg\" alt=\"belle table de nuit moderne Table de chevet en bois et cannage\" class=\"wp-image-66039\" srcset=\"https:\/\/www.cocondedecoration.com\/blog\/wp-content\/uploads\/2023\/08\/belle-table-de-nuit-moderne-6-640x960.jpeg 640w, https:\/\/www.cocondedecoration.com\/blog\/wp-content\/uploads\/2023\/08\/belle-table-de-nuit-moderne-6-260x390.jpeg 260w, https:\/\/www.cocondedecoration.com\/blog\/wp-content\/uploads\/2023\/08\/belle-table-de-nuit-moderne-6-768x1152.jpeg 768w, https:\/\/www.cocondedecoration.com\/blog\/wp-content\/uploads\/2023\/08\/belle-table-de-nuit-moderne-6-367x550.jpeg 367w, https:\/\/www.cocondedecoration.com\/blog\/wp-content\/uploads\/2023\/08\/belle-table-de-nuit-moderne-6-333x500.jpeg 333w, https:\/\/www.cocondedecoration.com\/blog\/wp-content\/uploads\/2023\/08\/belle-table-de-nuit-moderne-6.jpeg 1000w\" sizes=\"(max-width: 640px) 100vw, 640px\" \/><figcaption class=\"wp-element-caption\">Table de chevet en bois et cannage - Drawer<\/figcaption><\/figure>\n<\/div>\n<\/div>\n\n\n\n<div class=\"wp-block-columns is-layout-flex wp-container-core-columns-layout-2 wp-block-columns-is-layout-flex\">\n<div class=\"wp-block-column is-layout-flow wp-block-column-is-layout-flow\">\n<figure class=\"wp-block-image size-large\"><a href=\"https:\/\/www.cocondedecoration.com\/blog\/wp-content\/uploads\/2024\/07\/table-de-chevet-moderne-la-redoute.001.jpeg\"><img loading=\"lazy\" decoding=\"async\" width=\"640\" height=\"640\" src=\"https:\/\/www.cocondedecoration.com\/blog\/wp-content\/uploads\/2024\/07\/table-de-chevet-moderne-la-redoute.001-640x640.jpeg\" alt=\"Chevet glossy, forme cylindrique, bleu fonc\u00e9\" class=\"wp-image-75945\" title=\"Chevet glossy, forme cylindrique, bleu fonc\u00e9\" srcset=\"https:\/\/www.cocondedecoration.com\/blog\/wp-content\/uploads\/2024\/07\/table-de-chevet-moderne-la-redoute.001-640x640.jpeg 640w, https:\/\/www.cocondedecoration.com\/blog\/wp-content\/uploads\/2024\/07\/table-de-chevet-moderne-la-redoute.001-260x260.jpeg 260w, https:\/\/www.cocondedecoration.com\/blog\/wp-content\/uploads\/2024\/07\/table-de-chevet-moderne-la-redoute.001-165x165.jpeg 165w, https:\/\/www.cocondedecoration.com\/blog\/wp-content\/uploads\/2024\/07\/table-de-chevet-moderne-la-redoute.001-465x465.jpeg 465w, https:\/\/www.cocondedecoration.com\/blog\/wp-content\/uploads\/2024\/07\/table-de-chevet-moderne-la-redoute.001-500x500.jpeg 500w, https:\/\/www.cocondedecoration.com\/blog\/wp-content\/uploads\/2024\/07\/table-de-chevet-moderne-la-redoute.001.jpeg 650w\" sizes=\"(max-width: 640px) 100vw, 640px\" \/><\/a><figcaption class=\"wp-element-caption\">Chevet glossy, forme cylindrique, bleu fonc\u00e9 - La Redoute<\/figcaption><\/figure>\n\n\n\n<div class=\"wp-block-buttons is-content-justification-center is-layout-flex wp-container-core-buttons-layout-10 wp-block-buttons-is-layout-flex\">\n<div class=\"wp-block-button\"><a class=\"wp-block-button__link wp-element-button\" href=\"https:\/\/c3po.link\/QwsKtWCDyx\" target=\"_blank\" rel=\"noreferrer noopener\">Acheter<\/a><\/div>\n<\/div>\n\n\n\n<figure class=\"wp-block-image size-large\"><a href=\"https:\/\/www.cocondedecoration.com\/blog\/wp-content\/uploads\/2024\/07\/table-de-chevet-moderne-la-redoute.004.jpeg\"><img loading=\"lazy\" decoding=\"async\" width=\"640\" height=\"640\" src=\"https:\/\/www.cocondedecoration.com\/blog\/wp-content\/uploads\/2024\/07\/table-de-chevet-moderne-la-redoute.004-640x640.jpeg\" alt=\"Chevet noyer\/cuir\" class=\"wp-image-75948\" title=\"Chevet noyer\/cuir\" srcset=\"https:\/\/www.cocondedecoration.com\/blog\/wp-content\/uploads\/2024\/07\/table-de-chevet-moderne-la-redoute.004-640x640.jpeg 640w, https:\/\/www.cocondedecoration.com\/blog\/wp-content\/uploads\/2024\/07\/table-de-chevet-moderne-la-redoute.004-260x260.jpeg 260w, https:\/\/www.cocondedecoration.com\/blog\/wp-content\/uploads\/2024\/07\/table-de-chevet-moderne-la-redoute.004-165x165.jpeg 165w, https:\/\/www.cocondedecoration.com\/blog\/wp-content\/uploads\/2024\/07\/table-de-chevet-moderne-la-redoute.004-465x465.jpeg 465w, https:\/\/www.cocondedecoration.com\/blog\/wp-content\/uploads\/2024\/07\/table-de-chevet-moderne-la-redoute.004-500x500.jpeg 500w, https:\/\/www.cocondedecoration.com\/blog\/wp-content\/uploads\/2024\/07\/table-de-chevet-moderne-la-redoute.004.jpeg 650w\" sizes=\"(max-width: 640px) 100vw, 640px\" \/><\/a><figcaption class=\"wp-element-caption\">Chevet noyer\/cuir - La Redoute <\/figcaption><\/figure>\n\n\n\n<div class=\"wp-block-buttons is-content-justification-center is-layout-flex wp-container-core-buttons-layout-11 wp-block-buttons-is-layout-flex\">\n<div class=\"wp-block-button\"><a class=\"wp-block-button__link wp-element-button\" href=\"https:\/\/c3po.link\/QCgjnxuJNB\" target=\"_blank\" rel=\"noreferrer noopener\">Acheter<\/a><\/div>\n<\/div>\n<\/div>\n\n\n\n<div class=\"wp-block-column is-layout-flow wp-block-column-is-layout-flow\">\n<figure class=\"wp-block-image size-large\"><a href=\"https:\/\/www.cocondedecoration.com\/blog\/wp-content\/uploads\/2024\/07\/table-de-chevet-moderne-la-redoute.002.jpeg\"><img loading=\"lazy\" decoding=\"async\" width=\"640\" height=\"640\" src=\"https:\/\/www.cocondedecoration.com\/blog\/wp-content\/uploads\/2024\/07\/table-de-chevet-moderne-la-redoute.002-640x640.jpeg\" alt=\"Table de chevet manguier noir\" class=\"wp-image-75946\" title=\"Table de chevet manguier noir\" srcset=\"https:\/\/www.cocondedecoration.com\/blog\/wp-content\/uploads\/2024\/07\/table-de-chevet-moderne-la-redoute.002-640x640.jpeg 640w, https:\/\/www.cocondedecoration.com\/blog\/wp-content\/uploads\/2024\/07\/table-de-chevet-moderne-la-redoute.002-260x260.jpeg 260w, https:\/\/www.cocondedecoration.com\/blog\/wp-content\/uploads\/2024\/07\/table-de-chevet-moderne-la-redoute.002-165x165.jpeg 165w, https:\/\/www.cocondedecoration.com\/blog\/wp-content\/uploads\/2024\/07\/table-de-chevet-moderne-la-redoute.002-465x465.jpeg 465w, https:\/\/www.cocondedecoration.com\/blog\/wp-content\/uploads\/2024\/07\/table-de-chevet-moderne-la-redoute.002-500x500.jpeg 500w, https:\/\/www.cocondedecoration.com\/blog\/wp-content\/uploads\/2024\/07\/table-de-chevet-moderne-la-redoute.002.jpeg 650w\" sizes=\"(max-width: 640px) 100vw, 640px\" \/><\/a><figcaption class=\"wp-element-caption\">Table de chevet manguier noir - La Redoute<\/figcaption><\/figure>\n\n\n\n<div class=\"wp-block-buttons is-content-justification-center is-layout-flex wp-container-core-buttons-layout-12 wp-block-buttons-is-layout-flex\">\n<div class=\"wp-block-button\"><a class=\"wp-block-button__link wp-element-button\" href=\"https:\/\/c3po.link\/QJRwx25g2f\" target=\"_blank\" rel=\"noreferrer noopener\">Acheter<\/a><\/div>\n<\/div>\n\n\n\n<figure class=\"wp-block-image size-large\"><a href=\"https:\/\/www.cocondedecoration.com\/blog\/wp-content\/uploads\/2024\/07\/table-de-chevet-moderne-la-redoute.005.jpeg\"><img loading=\"lazy\" decoding=\"async\" width=\"640\" height=\"640\" src=\"https:\/\/www.cocondedecoration.com\/blog\/wp-content\/uploads\/2024\/07\/table-de-chevet-moderne-la-redoute.005-640x640.jpeg\" alt=\"Chevet 1 tiroir en cannage\" class=\"wp-image-75950\" title=\"Chevet 1 tiroir en cannage\" srcset=\"https:\/\/www.cocondedecoration.com\/blog\/wp-content\/uploads\/2024\/07\/table-de-chevet-moderne-la-redoute.005-640x640.jpeg 640w, https:\/\/www.cocondedecoration.com\/blog\/wp-content\/uploads\/2024\/07\/table-de-chevet-moderne-la-redoute.005-260x260.jpeg 260w, https:\/\/www.cocondedecoration.com\/blog\/wp-content\/uploads\/2024\/07\/table-de-chevet-moderne-la-redoute.005-165x165.jpeg 165w, https:\/\/www.cocondedecoration.com\/blog\/wp-content\/uploads\/2024\/07\/table-de-chevet-moderne-la-redoute.005-465x465.jpeg 465w, https:\/\/www.cocondedecoration.com\/blog\/wp-content\/uploads\/2024\/07\/table-de-chevet-moderne-la-redoute.005-500x500.jpeg 500w, https:\/\/www.cocondedecoration.com\/blog\/wp-content\/uploads\/2024\/07\/table-de-chevet-moderne-la-redoute.005.jpeg 650w\" sizes=\"(max-width: 640px) 100vw, 640px\" \/><\/a><figcaption class=\"wp-element-caption\">Chevet 1 tiroir en cannage - La Redoute<\/figcaption><\/figure>\n\n\n\n<div class=\"wp-block-buttons is-content-justification-center is-layout-flex wp-container-core-buttons-layout-13 wp-block-buttons-is-layout-flex\">\n<div class=\"wp-block-button\"><a class=\"wp-block-button__link wp-element-button\" href=\"https:\/\/c3po.link\/QCWDEyZxc8\" target=\"_blank\" rel=\"noreferrer noopener\">Acheter<\/a><\/div>\n<\/div>\n<\/div>\n\n\n\n<div class=\"wp-block-column is-layout-flow wp-block-column-is-layout-flow\">\n<figure class=\"wp-block-image size-large\"><a href=\"https:\/\/www.cocondedecoration.com\/blog\/wp-content\/uploads\/2024\/07\/table-de-chevet-moderne-la-redoute.003.jpeg\"><img loading=\"lazy\" decoding=\"async\" width=\"640\" height=\"640\" src=\"https:\/\/www.cocondedecoration.com\/blog\/wp-content\/uploads\/2024\/07\/table-de-chevet-moderne-la-redoute.003-640x640.jpeg\" alt=\"Lot de 2 tables de chevet en cannage\" class=\"wp-image-75947\" title=\"Lot de 2 tables de chevet en cannage\" srcset=\"https:\/\/www.cocondedecoration.com\/blog\/wp-content\/uploads\/2024\/07\/table-de-chevet-moderne-la-redoute.003-640x640.jpeg 640w, https:\/\/www.cocondedecoration.com\/blog\/wp-content\/uploads\/2024\/07\/table-de-chevet-moderne-la-redoute.003-260x260.jpeg 260w, https:\/\/www.cocondedecoration.com\/blog\/wp-content\/uploads\/2024\/07\/table-de-chevet-moderne-la-redoute.003-165x165.jpeg 165w, https:\/\/www.cocondedecoration.com\/blog\/wp-content\/uploads\/2024\/07\/table-de-chevet-moderne-la-redoute.003-465x465.jpeg 465w, https:\/\/www.cocondedecoration.com\/blog\/wp-content\/uploads\/2024\/07\/table-de-chevet-moderne-la-redoute.003-500x500.jpeg 500w, https:\/\/www.cocondedecoration.com\/blog\/wp-content\/uploads\/2024\/07\/table-de-chevet-moderne-la-redoute.003.jpeg 650w\" sizes=\"(max-width: 640px) 100vw, 640px\" \/><\/a><figcaption class=\"wp-element-caption\">Lot de 2 tables de chevet en cannage - La Redoute<\/figcaption><\/figure>\n\n\n\n<div class=\"wp-block-buttons is-content-justification-center is-layout-flex wp-container-core-buttons-layout-14 wp-block-buttons-is-layout-flex\">\n<div class=\"wp-block-button\"><a class=\"wp-block-button__link wp-element-button\" href=\"https:\/\/c3po.link\/QhURAEhfv6\" target=\"_blank\" rel=\"noreferrer noopener\">Acheter<\/a><\/div>\n<\/div>\n\n\n\n<figure class=\"wp-block-image size-large\"><a href=\"https:\/\/www.cocondedecoration.com\/blog\/wp-content\/uploads\/2024\/07\/table-de-chevet-moderne-la-redoute.006.jpeg\"><img loading=\"lazy\" decoding=\"async\" width=\"640\" height=\"640\" src=\"https:\/\/www.cocondedecoration.com\/blog\/wp-content\/uploads\/2024\/07\/table-de-chevet-moderne-la-redoute.006-640x640.jpeg\" alt=\"Chevet plaqu\u00e9 fr\u00eane et m\u00e9tal acier\" class=\"wp-image-75951\" title=\"Chevet plaqu\u00e9 fr\u00eane et m\u00e9tal acier\" srcset=\"https:\/\/www.cocondedecoration.com\/blog\/wp-content\/uploads\/2024\/07\/table-de-chevet-moderne-la-redoute.006-640x640.jpeg 640w, https:\/\/www.cocondedecoration.com\/blog\/wp-content\/uploads\/2024\/07\/table-de-chevet-moderne-la-redoute.006-260x260.jpeg 260w, https:\/\/www.cocondedecoration.com\/blog\/wp-content\/uploads\/2024\/07\/table-de-chevet-moderne-la-redoute.006-165x165.jpeg 165w, https:\/\/www.cocondedecoration.com\/blog\/wp-content\/uploads\/2024\/07\/table-de-chevet-moderne-la-redoute.006-465x465.jpeg 465w, https:\/\/www.cocondedecoration.com\/blog\/wp-content\/uploads\/2024\/07\/table-de-chevet-moderne-la-redoute.006-500x500.jpeg 500w, https:\/\/www.cocondedecoration.com\/blog\/wp-content\/uploads\/2024\/07\/table-de-chevet-moderne-la-redoute.006.jpeg 650w\" sizes=\"(max-width: 640px) 100vw, 640px\" \/><\/a><figcaption class=\"wp-element-caption\">Chevet plaqu\u00e9 fr\u00eane et m\u00e9tal acier - La Redoute<\/figcaption><\/figure>\n\n\n\n<div class=\"wp-block-buttons is-content-justification-center is-layout-flex wp-container-core-buttons-layout-15 wp-block-buttons-is-layout-flex\">\n<div class=\"wp-block-button\"><a class=\"wp-block-button__link wp-element-button\" href=\"https:\/\/c3po.link\/QCzaeZZESB\" target=\"_blank\" rel=\"noreferrer noopener\">Acheter<\/a><\/div>\n<\/div>\n<\/div>\n<\/div>\n\n\n\n<hr class=\"wp-block-separator has-alpha-channel-opacity is-style-wide\"\/>\n\n\n\n<h2 class=\"wp-block-heading\">Le linge de lit pour parfaire la d\u00e9co de la chambre \u00e0 coucher<\/h2>\n\n\n\n<div class=\"wp-block-cb-carousel\" data-slick=\"{&quot;slidesToShow&quot;:3,&quot;slidesToScroll&quot;:1,&quot;speed&quot;:300,&quot;arrows&quot;:true,&quot;dots&quot;:false,&quot;autoplay&quot;:false,&quot;autoplaySpeed&quot;:3000,&quot;infinite&quot;:true,&quot;responsive&quot;:[{&quot;breakpoint&quot;:769,&quot;settings&quot;:{&quot;slidesToShow&quot;:1,&quot;slidesToScroll&quot;:1}}]}\">\n<div class=\"wp-block-cb-slide\">\n<figure class=\"wp-block-image size-large\"><a href=\"https:\/\/www.cocondedecoration.com\/blog\/wp-content\/uploads\/2025\/12\/parure-de-lit-deco-chambre-1.png\"><img loading=\"lazy\" decoding=\"async\" width=\"640\" height=\"960\" src=\"https:\/\/www.cocondedecoration.com\/blog\/wp-content\/uploads\/2025\/12\/parure-de-lit-deco-chambre-1-640x960.png\" alt=\"Parure de lit d\u00e9coration chambre conseils pour bien la choisir confort \" class=\"wp-image-86816\" title=\"Parure de lit d\u00e9coration chambre conseils pour bien la choisir confort \" srcset=\"https:\/\/www.cocondedecoration.com\/blog\/wp-content\/uploads\/2025\/12\/parure-de-lit-deco-chambre-1-640x960.png 640w, https:\/\/www.cocondedecoration.com\/blog\/wp-content\/uploads\/2025\/12\/parure-de-lit-deco-chambre-1-260x390.png 260w, https:\/\/www.cocondedecoration.com\/blog\/wp-content\/uploads\/2025\/12\/parure-de-lit-deco-chambre-1-768x1152.png 768w, https:\/\/www.cocondedecoration.com\/blog\/wp-content\/uploads\/2025\/12\/parure-de-lit-deco-chambre-1-367x550.png 367w, https:\/\/www.cocondedecoration.com\/blog\/wp-content\/uploads\/2025\/12\/parure-de-lit-deco-chambre-1-333x500.png 333w, https:\/\/www.cocondedecoration.com\/blog\/wp-content\/uploads\/2025\/12\/parure-de-lit-deco-chambre-1.png 1000w\" sizes=\"(max-width: 640px) 100vw, 640px\" \/><\/a><figcaption class=\"wp-element-caption\">Conseils pour bien choisir sa future parure de lit > <a href=\"https:\/\/www.cocondedecoration.com\/blog\/2022\/03\/comment-choisir-parure-de-lit\/\" target=\"_blank\" rel=\"noopener\" title=\"\">lire le guide<\/a><\/figcaption><\/figure>\n<\/div>\n\n\n\n<div class=\"wp-block-cb-slide\">\n<figure class=\"wp-block-image size-large\"><a href=\"https:\/\/www.cocondedecoration.com\/blog\/wp-content\/uploads\/2025\/12\/parure-de-lit-deco-chambre-2.png\"><img loading=\"lazy\" decoding=\"async\" width=\"640\" height=\"960\" src=\"https:\/\/www.cocondedecoration.com\/blog\/wp-content\/uploads\/2025\/12\/parure-de-lit-deco-chambre-2-640x960.png\" alt=\"Parure de lit d\u00e9coration chambre choix esth\u00e9tique motif imprim\u00e9 ou uni conseil d\u00e9co \" class=\"wp-image-86817\" title=\"Parure de lit d\u00e9coration chambre choix esth\u00e9tique motif imprim\u00e9 ou uni conseil d\u00e9co \" srcset=\"https:\/\/www.cocondedecoration.com\/blog\/wp-content\/uploads\/2025\/12\/parure-de-lit-deco-chambre-2-640x960.png 640w, https:\/\/www.cocondedecoration.com\/blog\/wp-content\/uploads\/2025\/12\/parure-de-lit-deco-chambre-2-260x390.png 260w, https:\/\/www.cocondedecoration.com\/blog\/wp-content\/uploads\/2025\/12\/parure-de-lit-deco-chambre-2-768x1152.png 768w, https:\/\/www.cocondedecoration.com\/blog\/wp-content\/uploads\/2025\/12\/parure-de-lit-deco-chambre-2-367x550.png 367w, https:\/\/www.cocondedecoration.com\/blog\/wp-content\/uploads\/2025\/12\/parure-de-lit-deco-chambre-2-333x500.png 333w, https:\/\/www.cocondedecoration.com\/blog\/wp-content\/uploads\/2025\/12\/parure-de-lit-deco-chambre-2.png 1000w\" sizes=\"(max-width: 640px) 100vw, 640px\" \/><\/a><figcaption class=\"wp-element-caption\">Unie ou imprim\u00e9e? Quel style choisir? > <a href=\"https:\/\/www.cocondedecoration.com\/blog\/2024\/12\/parure-lit-unie-ou-imprimee\/\" target=\"_blank\" rel=\"noopener\" title=\"\">d\u00e9couvrir le guide<\/a><\/figcaption><\/figure>\n<\/div>\n\n\n\n<div class=\"wp-block-cb-slide\">\n<figure class=\"wp-block-image size-large\"><a href=\"https:\/\/www.cocondedecoration.com\/blog\/wp-content\/uploads\/2025\/12\/parure-de-lit-deco-chambre-3.png\"><img loading=\"lazy\" decoding=\"async\" width=\"640\" height=\"960\" src=\"https:\/\/www.cocondedecoration.com\/blog\/wp-content\/uploads\/2025\/12\/parure-de-lit-deco-chambre-3-640x960.png\" alt=\"Parure de lit d\u00e9coration chambre s\u00e9lection de linge de lit design moderne \" class=\"wp-image-86818\" title=\"Parure de lit d\u00e9coration chambre s\u00e9lection de linge de lit design moderne \" srcset=\"https:\/\/www.cocondedecoration.com\/blog\/wp-content\/uploads\/2025\/12\/parure-de-lit-deco-chambre-3-640x960.png 640w, https:\/\/www.cocondedecoration.com\/blog\/wp-content\/uploads\/2025\/12\/parure-de-lit-deco-chambre-3-260x390.png 260w, https:\/\/www.cocondedecoration.com\/blog\/wp-content\/uploads\/2025\/12\/parure-de-lit-deco-chambre-3-768x1152.png 768w, https:\/\/www.cocondedecoration.com\/blog\/wp-content\/uploads\/2025\/12\/parure-de-lit-deco-chambre-3-367x550.png 367w, https:\/\/www.cocondedecoration.com\/blog\/wp-content\/uploads\/2025\/12\/parure-de-lit-deco-chambre-3-333x500.png 333w, https:\/\/www.cocondedecoration.com\/blog\/wp-content\/uploads\/2025\/12\/parure-de-lit-deco-chambre-3.png 1000w\" sizes=\"(max-width: 640px) 100vw, 640px\" \/><\/a><figcaption class=\"wp-element-caption\">Linge de lit moderne > <a href=\"https:\/\/www.cocondedecoration.com\/blog\/2018\/01\/10-parures-de-lit-contemporaines\/\" target=\"_blank\" rel=\"noopener\" title=\"\">voir la s\u00e9lection<\/a> <\/figcaption><\/figure>\n<\/div>\n\n\n\n<div class=\"wp-block-cb-slide\">\n<figure class=\"wp-block-image size-large\"><a href=\"https:\/\/www.cocondedecoration.com\/blog\/wp-content\/uploads\/2025\/12\/parure-de-lit-deco-chambre-4.png\"><img loading=\"lazy\" decoding=\"async\" width=\"640\" height=\"960\" src=\"https:\/\/www.cocondedecoration.com\/blog\/wp-content\/uploads\/2025\/12\/parure-de-lit-deco-chambre-4-640x960.png\" alt=\"Parure de lit d\u00e9coration chambre cocooning hiver chaleur s\u00e9lection flanelle \" class=\"wp-image-86819\" title=\"Parure de lit d\u00e9coration chambre cocooning hiver chaleur s\u00e9lection flanelle \" srcset=\"https:\/\/www.cocondedecoration.com\/blog\/wp-content\/uploads\/2025\/12\/parure-de-lit-deco-chambre-4-640x960.png 640w, https:\/\/www.cocondedecoration.com\/blog\/wp-content\/uploads\/2025\/12\/parure-de-lit-deco-chambre-4-260x390.png 260w, https:\/\/www.cocondedecoration.com\/blog\/wp-content\/uploads\/2025\/12\/parure-de-lit-deco-chambre-4-768x1152.png 768w, https:\/\/www.cocondedecoration.com\/blog\/wp-content\/uploads\/2025\/12\/parure-de-lit-deco-chambre-4-367x550.png 367w, https:\/\/www.cocondedecoration.com\/blog\/wp-content\/uploads\/2025\/12\/parure-de-lit-deco-chambre-4-333x500.png 333w, https:\/\/www.cocondedecoration.com\/blog\/wp-content\/uploads\/2025\/12\/parure-de-lit-deco-chambre-4.png 1000w\" sizes=\"(max-width: 640px) 100vw, 640px\" \/><\/a><figcaption class=\"wp-element-caption\">Parures de lit en flanelle > <a href=\"https:\/\/www.cocondedecoration.com\/blog\/2021\/10\/ou-trouver-du-linge-de-lit-en-flanelle\/\" target=\"_blank\" rel=\"noopener\" title=\"\">d\u00e9couvrir le guide d\u00e9co<\/a><\/figcaption><\/figure>\n<\/div>\n\n\n\n<div class=\"wp-block-cb-slide\">\n<figure class=\"wp-block-image size-large\"><a href=\"https:\/\/www.cocondedecoration.com\/blog\/wp-content\/uploads\/2025\/12\/parure-de-lit-deco-chambre-5.png\"><img loading=\"lazy\" decoding=\"async\" width=\"640\" height=\"960\" src=\"https:\/\/www.cocondedecoration.com\/blog\/wp-content\/uploads\/2025\/12\/parure-de-lit-deco-chambre-5-640x960.png\" alt=\"Parure de lit d\u00e9coration chambre couleur automne ambiance cosy moderne s\u00e9lection shopping \" class=\"wp-image-86820\" title=\"Parure de lit d\u00e9coration chambre couleur automne ambiance cosy moderne s\u00e9lection shopping \" srcset=\"https:\/\/www.cocondedecoration.com\/blog\/wp-content\/uploads\/2025\/12\/parure-de-lit-deco-chambre-5-640x960.png 640w, https:\/\/www.cocondedecoration.com\/blog\/wp-content\/uploads\/2025\/12\/parure-de-lit-deco-chambre-5-260x390.png 260w, https:\/\/www.cocondedecoration.com\/blog\/wp-content\/uploads\/2025\/12\/parure-de-lit-deco-chambre-5-768x1152.png 768w, https:\/\/www.cocondedecoration.com\/blog\/wp-content\/uploads\/2025\/12\/parure-de-lit-deco-chambre-5-367x550.png 367w, https:\/\/www.cocondedecoration.com\/blog\/wp-content\/uploads\/2025\/12\/parure-de-lit-deco-chambre-5-333x500.png 333w, https:\/\/www.cocondedecoration.com\/blog\/wp-content\/uploads\/2025\/12\/parure-de-lit-deco-chambre-5.png 1000w\" sizes=\"(max-width: 640px) 100vw, 640px\" \/><\/a><figcaption class=\"wp-element-caption\">Linge de lit aux couleur d'automne > <a href=\"https:\/\/www.cocondedecoration.com\/blog\/2022\/09\/parure-de-lit-automne\/\" target=\"_blank\" rel=\"noopener\" title=\"\">en savoir plus <\/a><\/figcaption><\/figure>\n<\/div>\n\n\n\n<div class=\"wp-block-cb-slide\">\n<figure class=\"wp-block-image size-large\"><a href=\"https:\/\/www.cocondedecoration.com\/blog\/wp-content\/uploads\/2025\/12\/parure-de-lit-deco-chambre-6.png\"><img loading=\"lazy\" decoding=\"async\" width=\"640\" height=\"960\" src=\"https:\/\/www.cocondedecoration.com\/blog\/wp-content\/uploads\/2025\/12\/parure-de-lit-deco-chambre-6-640x960.png\" alt=\"Parure de lit d\u00e9coration chambre hiver cosy cocooning velours flanelle textile chaleureux \" class=\"wp-image-86821\" title=\"Parure de lit d\u00e9coration chambre hiver cosy cocooning velours flanelle textile chaleureux \" srcset=\"https:\/\/www.cocondedecoration.com\/blog\/wp-content\/uploads\/2025\/12\/parure-de-lit-deco-chambre-6-640x960.png 640w, https:\/\/www.cocondedecoration.com\/blog\/wp-content\/uploads\/2025\/12\/parure-de-lit-deco-chambre-6-260x390.png 260w, https:\/\/www.cocondedecoration.com\/blog\/wp-content\/uploads\/2025\/12\/parure-de-lit-deco-chambre-6-768x1152.png 768w, https:\/\/www.cocondedecoration.com\/blog\/wp-content\/uploads\/2025\/12\/parure-de-lit-deco-chambre-6-367x550.png 367w, https:\/\/www.cocondedecoration.com\/blog\/wp-content\/uploads\/2025\/12\/parure-de-lit-deco-chambre-6-333x500.png 333w, https:\/\/www.cocondedecoration.com\/blog\/wp-content\/uploads\/2025\/12\/parure-de-lit-deco-chambre-6.png 1000w\" sizes=\"(max-width: 640px) 100vw, 640px\" \/><\/a><figcaption class=\"wp-element-caption\">Parure de lit pour l'hiver > <a href=\"https:\/\/www.cocondedecoration.com\/blog\/2018\/12\/10-parures-de-lit-pour-lhiver\/\" target=\"_blank\" rel=\"noopener\" title=\"\">voir la s\u00e9lection <\/a><\/figcaption><\/figure>\n<\/div>\n\n\n\n<div class=\"wp-block-cb-slide\">\n<figure class=\"wp-block-image size-large\" id=\"Parure-de-lit-d\u00e9coration-chambre-motif-fleur-moderne-ambiance-printemps-facile-\"><a href=\"https:\/\/www.cocondedecoration.com\/blog\/wp-content\/uploads\/2025\/12\/parure-de-lit-deco-chambre-7.png\"><img loading=\"lazy\" decoding=\"async\" width=\"640\" height=\"960\" src=\"https:\/\/www.cocondedecoration.com\/blog\/wp-content\/uploads\/2025\/12\/parure-de-lit-deco-chambre-7-640x960.png\" alt=\"Parure de lit d\u00e9coration chambre motif fleur moderne ambiance printemps facile \" class=\"wp-image-86822\" srcset=\"https:\/\/www.cocondedecoration.com\/blog\/wp-content\/uploads\/2025\/12\/parure-de-lit-deco-chambre-7-640x960.png 640w, https:\/\/www.cocondedecoration.com\/blog\/wp-content\/uploads\/2025\/12\/parure-de-lit-deco-chambre-7-260x390.png 260w, https:\/\/www.cocondedecoration.com\/blog\/wp-content\/uploads\/2025\/12\/parure-de-lit-deco-chambre-7-768x1152.png 768w, https:\/\/www.cocondedecoration.com\/blog\/wp-content\/uploads\/2025\/12\/parure-de-lit-deco-chambre-7-367x550.png 367w, https:\/\/www.cocondedecoration.com\/blog\/wp-content\/uploads\/2025\/12\/parure-de-lit-deco-chambre-7-333x500.png 333w, https:\/\/www.cocondedecoration.com\/blog\/wp-content\/uploads\/2025\/12\/parure-de-lit-deco-chambre-7.png 1000w\" sizes=\"(max-width: 640px) 100vw, 640px\" \/><\/a><figcaption class=\"wp-element-caption\">Linge de lit \u00e0 fleurs > <a href=\"https:\/\/www.cocondedecoration.com\/blog\/2022\/04\/parure-de-lit-a-fleurs\/\" target=\"_blank\" rel=\"noopener\" title=\"\">d\u00e9couvrir l'article<\/a> <\/figcaption><\/figure>\n<\/div>\n<\/div>\n\n\n\n<p class=\"has-small-font-size\">Pour plus d'id\u00e9es d\u00e9co au quotidien, rejoignez-moi sur <a href=\"https:\/\/www.threads.com\/@cocondedeco\" target=\"_blank\" rel=\"noopener\" title=\"\">Threads<\/a>, <a href=\"https:\/\/pinterest.fr\/cocondedeco\/\" target=\"_blank\" rel=\"noopener\" title=\"\">Pinterest<\/a> et <a href=\"https:\/\/www.patreon.com\/c\/cocondedeco\" target=\"_blank\" rel=\"noopener\" title=\"\">Patreon<\/a> <\/p>\n\n\n\n<p class=\"has-text-align-left has-small-font-size\">Article mis \u00e0 jour en ao\u00fbt 2023 + juillet 2024 + f\u00e9vrier 2026<br>Cet article contient des liens affili\u00e9s.<\/p>\n","protected":false},"excerpt":{"rendered":"<p>S\u00e9lection de tables de nuit modernes pour la chambre parentale: cannage, m\u00e9tal, bois, cuir&#8230; Trouvez ici la table de chevet parfaite pour votre chambre.<span class=\"more-link\"><a href=\"https:\/\/www.cocondedecoration.com\/blog\/2018\/06\/une-table-de-nuit-dans-la-chambre\/\">Lire la suite<\/a><\/span><\/p>\n","protected":false},"author":1,"featured_media":18191,"comment_status":"open","ping_status":"open","sticky":false,"template":"","format":"standard","meta":{"om_disable_all_campaigns":false,"_monsterinsights_skip_tracking":false,"_monsterinsights_sitenote_active":false,"_monsterinsights_sitenote_note":"","_monsterinsights_sitenote_category":0,"_uf_show_specific_survey":0,"_uf_disable_surveys":false,"footnotes":""},"categories":[60905],"tags":[11,129,2772,528,126,201,433,1530,2245,1152],"aioseo_notices":[],"_links":{"self":[{"href":"https:\/\/www.cocondedecoration.com\/blog\/wp-json\/wp\/v2\/posts\/18175"}],"collection":[{"href":"https:\/\/www.cocondedecoration.com\/blog\/wp-json\/wp\/v2\/posts"}],"about":[{"href":"https:\/\/www.cocondedecoration.com\/blog\/wp-json\/wp\/v2\/types\/post"}],"author":[{"embeddable":true,"href":"https:\/\/www.cocondedecoration.com\/blog\/wp-json\/wp\/v2\/users\/1"}],"replies":[{"embeddable":true,"href":"https:\/\/www.cocondedecoration.com\/blog\/wp-json\/wp\/v2\/comments?post=18175"}],"version-history":[{"count":2,"href":"https:\/\/www.cocondedecoration.com\/blog\/wp-json\/wp\/v2\/posts\/18175\/revisions"}],"predecessor-version":[{"id":88254,"href":"https:\/\/www.cocondedecoration.com\/blog\/wp-json\/wp\/v2\/posts\/18175\/revisions\/88254"}],"wp:featuredmedia":[{"embeddable":true,"href":"https:\/\/www.cocondedecoration.com\/blog\/wp-json\/wp\/v2\/media\/18191"}],"wp:attachment":[{"href":"https:\/\/www.cocondedecoration.com\/blog\/wp-json\/wp\/v2\/media?parent=18175"}],"wp:term":[{"taxonomy":"category","embeddable":true,"href":"https:\/\/www.cocondedecoration.com\/blog\/wp-json\/wp\/v2\/categories?post=18175"},{"taxonomy":"post_tag","embeddable":true,"href":"https:\/\/www.cocondedecoration.com\/blog\/wp-json\/wp\/v2\/tags?post=18175"}],"curies":[{"name":"wp","href":"https:\/\/api.w.org\/{rel}","templated":true}]}}