{"id":18049,"date":"2018-05-28T05:28:34","date_gmt":"2018-05-28T03:28:34","guid":{"rendered":"http:\/\/www.cocondedecoration.com\/blog\/?p=18049"},"modified":"2018-05-28T05:28:34","modified_gmt":"2018-05-28T03:28:34","slug":"si-javais-une-maison-n7","status":"publish","type":"post","link":"https:\/\/www.cocondedecoration.com\/blog\/2018\/05\/si-javais-une-maison-n7\/","title":{"rendered":"Si j&rsquo;avais une maison&#8230; n\u00b07"},"content":{"rendered":"<p style=\"text-align: justify;\">Le mois de mai se termine et il est temps pour moi de partager avec vous les belles d\u00e9couvertes d\u00e9co que j'ai faites ce mois-ci.<\/p>\n<p style=\"text-align: justify;\"><a href=\"https:\/\/www.ikea.com\/fr\/fr\/\" target=\"_blank\" rel=\"noopener\"><span style=\"text-decoration: underline;\">Ikea<\/span><\/a> d\u00e9core votre balcon - Le su\u00e9dois qu'on n'a plus besoin de pr\u00e9senter se plie en 4 cette ann\u00e9e pour vous aider \u00e0 d\u00e9corer toujours mieux votre logement. Et si vous avez un balcon, vous trouverez un tas d'id\u00e9es et de solutions d'ameublement pour vous cr\u00e9er un espace agr\u00e9able et profiter des belles journ\u00e9es qui arrivent.<\/p>\n<p style=\"text-align: justify;\"><a href=\"http:\/\/www.cocondedecoration.com\/blog\/wp-content\/uploads\/2018\/05\/ameublement-balcon-idee-deco-1.jpg\" target=\"_blank\" rel=\"noopener\"><img loading=\"lazy\" decoding=\"async\" class=\"aligncenter wp-image-18053 size-large\" title=\"ameublement balcon idee deco\" src=\"http:\/\/www.cocondedecoration.com\/blog\/wp-content\/uploads\/2018\/05\/ameublement-balcon-idee-deco-1-640x828.jpg\" alt=\"ameublement balcon idee deco\" width=\"640\" height=\"828\" srcset=\"https:\/\/www.cocondedecoration.com\/blog\/wp-content\/uploads\/2018\/05\/ameublement-balcon-idee-deco-1-640x828.jpg 640w, https:\/\/www.cocondedecoration.com\/blog\/wp-content\/uploads\/2018\/05\/ameublement-balcon-idee-deco-1-260x336.jpg 260w, https:\/\/www.cocondedecoration.com\/blog\/wp-content\/uploads\/2018\/05\/ameublement-balcon-idee-deco-1-365x472.jpg 365w, https:\/\/www.cocondedecoration.com\/blog\/wp-content\/uploads\/2018\/05\/ameublement-balcon-idee-deco-1.jpg 1200w\" sizes=\"(max-width: 640px) 100vw, 640px\" \/><\/a><\/p>\n<p style=\"text-align: justify;\"><a href=\"http:\/\/www.cocondedecoration.com\/blog\/wp-content\/uploads\/2018\/05\/balcon-deco-ikea-ameublement-1.jpg\" target=\"_blank\" rel=\"noopener\"><img loading=\"lazy\" decoding=\"async\" class=\"aligncenter wp-image-18054 size-large\" title=\"balcon deco ikea ameublement\" src=\"http:\/\/www.cocondedecoration.com\/blog\/wp-content\/uploads\/2018\/05\/balcon-deco-ikea-ameublement-1-640x828.jpg\" alt=\"balcon deco ikea ameublement\" width=\"640\" height=\"828\" srcset=\"https:\/\/www.cocondedecoration.com\/blog\/wp-content\/uploads\/2018\/05\/balcon-deco-ikea-ameublement-1-640x828.jpg 640w, https:\/\/www.cocondedecoration.com\/blog\/wp-content\/uploads\/2018\/05\/balcon-deco-ikea-ameublement-1-260x336.jpg 260w, https:\/\/www.cocondedecoration.com\/blog\/wp-content\/uploads\/2018\/05\/balcon-deco-ikea-ameublement-1-365x472.jpg 365w, https:\/\/www.cocondedecoration.com\/blog\/wp-content\/uploads\/2018\/05\/balcon-deco-ikea-ameublement-1.jpg 1200w\" sizes=\"(max-width: 640px) 100vw, 640px\" \/><\/a><\/p>\n<p style=\"text-align: justify;\"><a href=\"http:\/\/www.cocondedecoration.com\/blog\/wp-content\/uploads\/2018\/05\/petite-jardiniere-deco-balcon-ikea-1.jpg\" target=\"_blank\" rel=\"noopener\"><img loading=\"lazy\" decoding=\"async\" class=\"aligncenter wp-image-18055 size-large\" title=\"petite jardiniere deco balcon ikea\" src=\"http:\/\/www.cocondedecoration.com\/blog\/wp-content\/uploads\/2018\/05\/petite-jardiniere-deco-balcon-ikea-1-640x468.jpg\" alt=\"petite jardiniere deco balcon ikea\" width=\"640\" height=\"468\" srcset=\"https:\/\/www.cocondedecoration.com\/blog\/wp-content\/uploads\/2018\/05\/petite-jardiniere-deco-balcon-ikea-1-640x468.jpg 640w, https:\/\/www.cocondedecoration.com\/blog\/wp-content\/uploads\/2018\/05\/petite-jardiniere-deco-balcon-ikea-1-260x190.jpg 260w, https:\/\/www.cocondedecoration.com\/blog\/wp-content\/uploads\/2018\/05\/petite-jardiniere-deco-balcon-ikea-1-365x267.jpg 365w, https:\/\/www.cocondedecoration.com\/blog\/wp-content\/uploads\/2018\/05\/petite-jardiniere-deco-balcon-ikea-1.jpg 1642w\" sizes=\"(max-width: 640px) 100vw, 640px\" \/><\/a><\/p>\n<p style=\"text-align: justify;\">On change radicalement de domaine et de style et on s'int\u00e9resse aux produits du Studio Ciarmoli Queda. Ce studio propose une gamme de mobilier et d'accessoires suspendus entre le pass\u00e9 et notre \u00e9poque actuelle. Les lignes sont soign\u00e9es et surann\u00e9es. De quoi donner du caract\u00e8re \u00e0 votre int\u00e9rieur. <a href=\"https:\/\/www.annibalecolombo.com\/\" target=\"_blank\" rel=\"noopener\"><span style=\"text-decoration: underline;\">D\u00e9couvrir la collection par ici<\/span><\/a>.<\/p>\n<p style=\"text-align: justify;\"><a href=\"http:\/\/www.cocondedecoration.com\/blog\/wp-content\/uploads\/2018\/05\/meuble-deco-chic-designer.jpg\" target=\"_blank\" rel=\"noopener\"><img loading=\"lazy\" decoding=\"async\" class=\"aligncenter wp-image-18057 size-large\" title=\"meuble deco chic designer\" src=\"http:\/\/www.cocondedecoration.com\/blog\/wp-content\/uploads\/2018\/05\/meuble-deco-chic-designer-640x474.jpg\" alt=\"meuble deco chic designer\" width=\"640\" height=\"474\" srcset=\"https:\/\/www.cocondedecoration.com\/blog\/wp-content\/uploads\/2018\/05\/meuble-deco-chic-designer-640x474.jpg 640w, https:\/\/www.cocondedecoration.com\/blog\/wp-content\/uploads\/2018\/05\/meuble-deco-chic-designer-260x193.jpg 260w, https:\/\/www.cocondedecoration.com\/blog\/wp-content\/uploads\/2018\/05\/meuble-deco-chic-designer-365x271.jpg 365w, https:\/\/www.cocondedecoration.com\/blog\/wp-content\/uploads\/2018\/05\/meuble-deco-chic-designer.jpg 1920w\" sizes=\"(max-width: 640px) 100vw, 640px\" \/><\/a><\/p>\n<p style=\"text-align: justify;\"><a href=\"http:\/\/www.cocondedecoration.com\/blog\/wp-content\/uploads\/2018\/05\/design-mobilier-et-accessoire-ciarmoli-queda-studio.jpg\" target=\"_blank\" rel=\"noopener\"><img loading=\"lazy\" decoding=\"async\" class=\"aligncenter wp-image-18056 size-large\" title=\"design mobilier et accessoire ciarmoli queda studio\" src=\"http:\/\/www.cocondedecoration.com\/blog\/wp-content\/uploads\/2018\/05\/design-mobilier-et-accessoire-ciarmoli-queda-studio-640x396.jpg\" alt=\"design mobilier et accessoire ciarmoli queda studio\" width=\"640\" height=\"396\" srcset=\"https:\/\/www.cocondedecoration.com\/blog\/wp-content\/uploads\/2018\/05\/design-mobilier-et-accessoire-ciarmoli-queda-studio-640x396.jpg 640w, https:\/\/www.cocondedecoration.com\/blog\/wp-content\/uploads\/2018\/05\/design-mobilier-et-accessoire-ciarmoli-queda-studio-260x161.jpg 260w, https:\/\/www.cocondedecoration.com\/blog\/wp-content\/uploads\/2018\/05\/design-mobilier-et-accessoire-ciarmoli-queda-studio-600x372.jpg 600w, https:\/\/www.cocondedecoration.com\/blog\/wp-content\/uploads\/2018\/05\/design-mobilier-et-accessoire-ciarmoli-queda-studio-365x226.jpg 365w, https:\/\/www.cocondedecoration.com\/blog\/wp-content\/uploads\/2018\/05\/design-mobilier-et-accessoire-ciarmoli-queda-studio.jpg 1920w\" sizes=\"(max-width: 640px) 100vw, 640px\" \/><\/a><\/p>\n<p style=\"text-align: justify;\">Il existe une production contemporaine de dessins d\u2019architecture de grande qualit\u00e9. Ces dessins ne sont pas pr\u00e9sent\u00e9s au grand public alors qu\u2019ils repr\u00e9sentent un art majeur. Desplans est n\u00e9 de ce constat et offre la possibilit\u00e9 d\u2019acqu\u00e9rir ces \u0153uvres tir\u00e9es en \u00e9ditions limit\u00e9es sign\u00e9es. Ces dessins sont une mani\u00e8re singuli\u00e8re de d\u00e9corer votre int\u00e9rieur et vos murs. N'h\u00e9sitez pas \u00e0 d\u00e9couvrir les diff\u00e9rents architectes et leurs travaux sur <a href=\"https:\/\/desplans.com\/\" target=\"_blank\" rel=\"noopener\"><span style=\"text-decoration: underline;\">Desplans<\/span><\/a>. Perso, j'aime beaucoup le travail d'Iris Lacoudre et celui de Bruna Canepa.<\/p>\n<figure id=\"attachment_18059\" aria-describedby=\"caption-attachment-18059\" style=\"width: 640px\" class=\"wp-caption aligncenter\"><a href=\"http:\/\/www.cocondedecoration.com\/blog\/wp-content\/uploads\/2018\/05\/desplans-deco-murale-architecture-iris-lacoudre.png\" target=\"_blank\" rel=\"noopener\"><img loading=\"lazy\" decoding=\"async\" class=\"wp-image-18059 size-large\" title=\"desplans deco murale architecture iris lacoudre\" src=\"http:\/\/www.cocondedecoration.com\/blog\/wp-content\/uploads\/2018\/05\/desplans-deco-murale-architecture-iris-lacoudre-640x467.png\" alt=\"desplans deco murale architecture iris lacoudre\" width=\"640\" height=\"467\" srcset=\"https:\/\/www.cocondedecoration.com\/blog\/wp-content\/uploads\/2018\/05\/desplans-deco-murale-architecture-iris-lacoudre-640x467.png 640w, https:\/\/www.cocondedecoration.com\/blog\/wp-content\/uploads\/2018\/05\/desplans-deco-murale-architecture-iris-lacoudre-260x190.png 260w, https:\/\/www.cocondedecoration.com\/blog\/wp-content\/uploads\/2018\/05\/desplans-deco-murale-architecture-iris-lacoudre-365x266.png 365w, https:\/\/www.cocondedecoration.com\/blog\/wp-content\/uploads\/2018\/05\/desplans-deco-murale-architecture-iris-lacoudre.png 695w\" sizes=\"(max-width: 640px) 100vw, 640px\" \/><\/a><figcaption id=\"caption-attachment-18059\" class=\"wp-caption-text\">Bauhaus par Iris Lacoudre<\/figcaption><\/figure>\n<figure style=\"width: 640px\" class=\"wp-caption aligncenter\"><a href=\"http:\/\/www.cocondedecoration.com\/blog\/wp-content\/uploads\/2018\/05\/desplans-architecture-deco-bruna-canepa.png\" target=\"_blank\" rel=\"noopener\"><img loading=\"lazy\" decoding=\"async\" class=\"wp-image-18058 size-large\" title=\"desplans architecture deco bruna canepa\" src=\"http:\/\/www.cocondedecoration.com\/blog\/wp-content\/uploads\/2018\/05\/desplans-architecture-deco-bruna-canepa-640x416.png\" alt=\"desplans architecture deco bruna canepa\" width=\"640\" height=\"416\" srcset=\"https:\/\/www.cocondedecoration.com\/blog\/wp-content\/uploads\/2018\/05\/desplans-architecture-deco-bruna-canepa-640x416.png 640w, https:\/\/www.cocondedecoration.com\/blog\/wp-content\/uploads\/2018\/05\/desplans-architecture-deco-bruna-canepa-260x169.png 260w, https:\/\/www.cocondedecoration.com\/blog\/wp-content\/uploads\/2018\/05\/desplans-architecture-deco-bruna-canepa-365x237.png 365w, https:\/\/www.cocondedecoration.com\/blog\/wp-content\/uploads\/2018\/05\/desplans-architecture-deco-bruna-canepa.png 787w\" sizes=\"(max-width: 640px) 100vw, 640px\" \/><\/a><figcaption class=\"wp-caption-text\">Travaux de Bruna Canepa<\/figcaption><\/figure>\n<p style=\"text-align: justify;\">\n<p style=\"text-align: justify;\">Smallable est un site de d\u00e9co que j'affectionne beaucoup pour diverses raisons, vous vous en \u00eates peut-\u00eatre rendu compte au fil des articles que je poste ici. R\u00e9guli\u00e8rement, la boutique a de nouveaux produits. Ce mois-ci, mon coup de coeur va au <a href=\"https:\/\/www.awin1.com\/cread.php?awinmid=7104&amp;awinaffid=324003&amp;clickref=r%C3%A9veil+house+doctor&amp;p=https%3A%2F%2Ffr.smallable.com%2Freveil-retro-gris-clair-house-doctor-124461.html\" target=\"_blank\" rel=\"noopener\"><span style=\"text-decoration: underline;\">r\u00e9veil House Doctor<\/span><\/a>. J'aime beaucoup son c\u00f4t\u00e9 r\u00e9tro.<\/p>\n<p style=\"text-align: justify;\"><a href=\"http:\/\/www.cocondedecoration.com\/blog\/wp-content\/uploads\/2018\/05\/reveil-retro-house-doctor.jpg\" target=\"_blank\" rel=\"noopener\"><img loading=\"lazy\" decoding=\"async\" class=\"aligncenter wp-image-18071 size-large\" title=\"reveil-retro house doctor\" src=\"http:\/\/www.cocondedecoration.com\/blog\/wp-content\/uploads\/2018\/05\/reveil-retro-house-doctor-640x640.jpg\" alt=\"reveil-retro house doctor\" width=\"640\" height=\"640\" srcset=\"https:\/\/www.cocondedecoration.com\/blog\/wp-content\/uploads\/2018\/05\/reveil-retro-house-doctor-640x640.jpg 640w, https:\/\/www.cocondedecoration.com\/blog\/wp-content\/uploads\/2018\/05\/reveil-retro-house-doctor-165x165.jpg 165w, https:\/\/www.cocondedecoration.com\/blog\/wp-content\/uploads\/2018\/05\/reveil-retro-house-doctor-260x260.jpg 260w, https:\/\/www.cocondedecoration.com\/blog\/wp-content\/uploads\/2018\/05\/reveil-retro-house-doctor-500x500.jpg 500w, https:\/\/www.cocondedecoration.com\/blog\/wp-content\/uploads\/2018\/05\/reveil-retro-house-doctor-365x365.jpg 365w, https:\/\/www.cocondedecoration.com\/blog\/wp-content\/uploads\/2018\/05\/reveil-retro-house-doctor-80x80.jpg 80w, https:\/\/www.cocondedecoration.com\/blog\/wp-content\/uploads\/2018\/05\/reveil-retro-house-doctor.jpg 1000w\" sizes=\"(max-width: 640px) 100vw, 640px\" \/><\/a><\/p>\n<p><a href=\"http:\/\/eepurl.com\/dnxxhP\" target=\"_blank\" rel=\"noopener\"><span style=\"text-decoration: underline;\">&gt;&gt;&gt; Restez inform\u00e9(e) de l'actu d\u00e9co en vous inscrivant \u00e0 la newsletter\u00a0<\/span><\/a><\/p>\n<p style=\"text-align: justify;\">Pour rester dans l'id\u00e9e de d\u00e9coration qui sort de l'ordinaire, j'avais envie de partager avec vous les jolis bougeoirs Cocoon de <a href=\"https:\/\/louiseroe.dk\/\" target=\"_blank\" rel=\"noopener\"><span style=\"text-decoration: underline;\">Louise Roe<\/span><\/a>. Id\u00e9al pour mettre de la f\u00e9minit\u00e9 dans votre int\u00e9rieur, c'est aussi une mani\u00e8re int\u00e9ressante de jouer avec la lumi\u00e8re. Ces bougeoirs viennent compl\u00e9ter la gamme d'accessoires de maison cr\u00e9\u00e9 par la designer.<a href=\"http:\/\/www.cocondedecoration.com\/blog\/wp-content\/uploads\/2018\/05\/bougeoir-deco-louise-roe.jpg\" target=\"_blank\" rel=\"noopener\"><img loading=\"lazy\" decoding=\"async\" class=\"aligncenter wp-image-18060 size-large\" title=\"bougeoir deco louise roe\" src=\"http:\/\/www.cocondedecoration.com\/blog\/wp-content\/uploads\/2018\/05\/bougeoir-deco-louise-roe-640x853.jpg\" alt=\"bougeoir deco louise roe\" width=\"640\" height=\"853\" srcset=\"https:\/\/www.cocondedecoration.com\/blog\/wp-content\/uploads\/2018\/05\/bougeoir-deco-louise-roe-640x853.jpg 640w, https:\/\/www.cocondedecoration.com\/blog\/wp-content\/uploads\/2018\/05\/bougeoir-deco-louise-roe-260x347.jpg 260w, https:\/\/www.cocondedecoration.com\/blog\/wp-content\/uploads\/2018\/05\/bougeoir-deco-louise-roe-365x487.jpg 365w, https:\/\/www.cocondedecoration.com\/blog\/wp-content\/uploads\/2018\/05\/bougeoir-deco-louise-roe.jpg 1000w\" sizes=\"(max-width: 640px) 100vw, 640px\" \/><\/a><\/p>\n<p style=\"text-align: justify;\"><a href=\"http:\/\/www.cocondedecoration.com\/blog\/wp-content\/uploads\/2018\/05\/bougeoir-decoration-classe-feminin-louise-roe.jpg\" target=\"_blank\" rel=\"noopener\"><img loading=\"lazy\" decoding=\"async\" class=\"aligncenter wp-image-18061 size-large\" title=\"bougeoir decoration classe feminin louise roe\" src=\"http:\/\/www.cocondedecoration.com\/blog\/wp-content\/uploads\/2018\/05\/bougeoir-decoration-classe-feminin-louise-roe-640x802.jpg\" alt=\"bougeoir decoration classe feminin louise roe\" width=\"640\" height=\"802\" srcset=\"https:\/\/www.cocondedecoration.com\/blog\/wp-content\/uploads\/2018\/05\/bougeoir-decoration-classe-feminin-louise-roe-640x802.jpg 640w, https:\/\/www.cocondedecoration.com\/blog\/wp-content\/uploads\/2018\/05\/bougeoir-decoration-classe-feminin-louise-roe-260x326.jpg 260w, https:\/\/www.cocondedecoration.com\/blog\/wp-content\/uploads\/2018\/05\/bougeoir-decoration-classe-feminin-louise-roe-365x457.jpg 365w, https:\/\/www.cocondedecoration.com\/blog\/wp-content\/uploads\/2018\/05\/bougeoir-decoration-classe-feminin-louise-roe.jpg 1000w\" sizes=\"(max-width: 640px) 100vw, 640px\" \/><\/a><\/p>\n<p style=\"text-align: justify;\">Dans quelques semaines, nous f\u00eaterons l'arriv\u00e9e de l'\u00e9t\u00e9 et la chaleur va vite envahir la maison. Peut-\u00eatre envisagez vous d'investir dans un ventilateur ou un rafraichisseur d'air. (Il faut savoir que dans mon quotidien en Asie, le ventilo a une place tr\u00e8s importante...). L'enseigne <a href=\"https:\/\/www.airnaturel.com\/\" target=\"_blank\" rel=\"noopener\"><span style=\"text-decoration: underline;\">Air Naturel<\/span><\/a> propose des mod\u00e8les de ventilateurs qui sortent d\u00e9finitivement de l'ordinaire et qui s'int\u00e8grent parfaitement \u00e0 votre d\u00e9co.<\/p>\n<p style=\"text-align: justify;\"><a href=\"http:\/\/www.cocondedecoration.com\/blog\/wp-content\/uploads\/2018\/05\/ventialteur-deco-a-poser.png\" target=\"_blank\" rel=\"noopener\"><img loading=\"lazy\" decoding=\"async\" class=\"aligncenter wp-image-18064 size-large\" title=\"ventialteur deco a poser\" src=\"http:\/\/www.cocondedecoration.com\/blog\/wp-content\/uploads\/2018\/05\/ventialteur-deco-a-poser-640x356.png\" alt=\"ventialteur deco a poser\" width=\"640\" height=\"356\" srcset=\"https:\/\/www.cocondedecoration.com\/blog\/wp-content\/uploads\/2018\/05\/ventialteur-deco-a-poser-640x356.png 640w, https:\/\/www.cocondedecoration.com\/blog\/wp-content\/uploads\/2018\/05\/ventialteur-deco-a-poser-260x144.png 260w, https:\/\/www.cocondedecoration.com\/blog\/wp-content\/uploads\/2018\/05\/ventialteur-deco-a-poser-365x203.png 365w, https:\/\/www.cocondedecoration.com\/blog\/wp-content\/uploads\/2018\/05\/ventialteur-deco-a-poser.png 810w\" sizes=\"(max-width: 640px) 100vw, 640px\" \/><\/a><\/p>\n<p style=\"text-align: justify;\"><a href=\"http:\/\/www.cocondedecoration.com\/blog\/wp-content\/uploads\/2018\/05\/ventilateur-deco-colonne.png\" target=\"_blank\" rel=\"noopener\"><img loading=\"lazy\" decoding=\"async\" class=\"aligncenter wp-image-18065 size-large\" title=\"ventilateur deco colonne\" src=\"http:\/\/www.cocondedecoration.com\/blog\/wp-content\/uploads\/2018\/05\/ventilateur-deco-colonne-640x356.png\" alt=\"ventilateur deco colonne\" width=\"640\" height=\"356\" srcset=\"https:\/\/www.cocondedecoration.com\/blog\/wp-content\/uploads\/2018\/05\/ventilateur-deco-colonne-640x356.png 640w, https:\/\/www.cocondedecoration.com\/blog\/wp-content\/uploads\/2018\/05\/ventilateur-deco-colonne-260x144.png 260w, https:\/\/www.cocondedecoration.com\/blog\/wp-content\/uploads\/2018\/05\/ventilateur-deco-colonne-365x203.png 365w, https:\/\/www.cocondedecoration.com\/blog\/wp-content\/uploads\/2018\/05\/ventilateur-deco-colonne.png 810w\" sizes=\"(max-width: 640px) 100vw, 640px\" \/><\/a><\/p>\n<p style=\"text-align: justify;\">Pour les amoureux de la tendance Kinfolk, vous allez s\u00fbrement appr\u00e9cier la collection de meubles <a href=\"https:\/\/www.modernliving.fr\/marques\/northern\/\" target=\"_blank\" rel=\"noopener\"><span style=\"text-decoration: underline;\">Northern<\/span><\/a> chez Modern Living. Northern est avant tout une marque connue pour ses luminaires et elle vient de s'ouvrir au mobilier.<\/p>\n<p style=\"text-align: justify;\"><a href=\"http:\/\/www.cocondedecoration.com\/blog\/wp-content\/uploads\/2018\/05\/deco-kinfolk-mobilier.jpg\" target=\"_blank\" rel=\"noopener\"><img loading=\"lazy\" decoding=\"async\" class=\"aligncenter wp-image-18066 size-large\" title=\"deco kinfolk mobilier\" src=\"http:\/\/www.cocondedecoration.com\/blog\/wp-content\/uploads\/2018\/05\/deco-kinfolk-mobilier-640x446.jpg\" alt=\"deco kinfolk mobilier\" width=\"640\" height=\"446\" srcset=\"https:\/\/www.cocondedecoration.com\/blog\/wp-content\/uploads\/2018\/05\/deco-kinfolk-mobilier-640x446.jpg 640w, https:\/\/www.cocondedecoration.com\/blog\/wp-content\/uploads\/2018\/05\/deco-kinfolk-mobilier-260x181.jpg 260w, https:\/\/www.cocondedecoration.com\/blog\/wp-content\/uploads\/2018\/05\/deco-kinfolk-mobilier-365x254.jpg 365w, https:\/\/www.cocondedecoration.com\/blog\/wp-content\/uploads\/2018\/05\/deco-kinfolk-mobilier.jpg 1920w\" sizes=\"(max-width: 640px) 100vw, 640px\" \/><\/a><\/p>\n<p style=\"text-align: justify;\">Comme c'est bient\u00f4t les vacances, je souhaitez vous pr\u00e9senter <a href=\"https:\/\/www.cheerz.com\/\" target=\"_blank\" rel=\"noopener\"><span style=\"text-decoration: underline;\">Cheerz<\/span><\/a>. Ce n'est pas de la d\u00e9co \u00e0 proprement parl\u00e9, mais plus du loisir cr\u00e9atif. Cette jolie entreprise propose un tas de solutions pour mettre en valeur vos photos: Albums photos, albums DIY, box photos... Cheerz vous offre un vaste choix pour conserver vos photos de vacances et de famille.<\/p>\n<p style=\"text-align: justify;\"><a href=\"http:\/\/www.cocondedecoration.com\/blog\/wp-content\/uploads\/2018\/05\/album-photo-diy-cheerz.jpg\" target=\"_blank\" rel=\"noopener\"><img loading=\"lazy\" decoding=\"async\" class=\"aligncenter wp-image-18067 size-large\" title=\"album photo diy cheerz\" src=\"http:\/\/www.cocondedecoration.com\/blog\/wp-content\/uploads\/2018\/05\/album-photo-diy-cheerz-640x640.jpg\" alt=\"album photo diy cheerz\" width=\"640\" height=\"640\" srcset=\"https:\/\/www.cocondedecoration.com\/blog\/wp-content\/uploads\/2018\/05\/album-photo-diy-cheerz-640x640.jpg 640w, https:\/\/www.cocondedecoration.com\/blog\/wp-content\/uploads\/2018\/05\/album-photo-diy-cheerz-165x165.jpg 165w, https:\/\/www.cocondedecoration.com\/blog\/wp-content\/uploads\/2018\/05\/album-photo-diy-cheerz-260x260.jpg 260w, https:\/\/www.cocondedecoration.com\/blog\/wp-content\/uploads\/2018\/05\/album-photo-diy-cheerz-500x500.jpg 500w, https:\/\/www.cocondedecoration.com\/blog\/wp-content\/uploads\/2018\/05\/album-photo-diy-cheerz-365x365.jpg 365w, https:\/\/www.cocondedecoration.com\/blog\/wp-content\/uploads\/2018\/05\/album-photo-diy-cheerz-80x80.jpg 80w, https:\/\/www.cocondedecoration.com\/blog\/wp-content\/uploads\/2018\/05\/album-photo-diy-cheerz.jpg 750w\" sizes=\"(max-width: 640px) 100vw, 640px\" \/><\/a><\/p>\n<p style=\"text-align: justify;\"><a href=\"http:\/\/www.cocondedecoration.com\/blog\/wp-content\/uploads\/2018\/05\/box-photo-cheerz-deco.jpg\" target=\"_blank\" rel=\"noopener\"><img loading=\"lazy\" decoding=\"async\" class=\"aligncenter wp-image-18068 size-large\" title=\"box photo cheerz deco\" src=\"http:\/\/www.cocondedecoration.com\/blog\/wp-content\/uploads\/2018\/05\/box-photo-cheerz-deco-640x640.jpg\" alt=\"box photo cheerz deco\" width=\"640\" height=\"640\" srcset=\"https:\/\/www.cocondedecoration.com\/blog\/wp-content\/uploads\/2018\/05\/box-photo-cheerz-deco-640x640.jpg 640w, https:\/\/www.cocondedecoration.com\/blog\/wp-content\/uploads\/2018\/05\/box-photo-cheerz-deco-165x165.jpg 165w, https:\/\/www.cocondedecoration.com\/blog\/wp-content\/uploads\/2018\/05\/box-photo-cheerz-deco-260x260.jpg 260w, https:\/\/www.cocondedecoration.com\/blog\/wp-content\/uploads\/2018\/05\/box-photo-cheerz-deco-500x500.jpg 500w, https:\/\/www.cocondedecoration.com\/blog\/wp-content\/uploads\/2018\/05\/box-photo-cheerz-deco-365x365.jpg 365w, https:\/\/www.cocondedecoration.com\/blog\/wp-content\/uploads\/2018\/05\/box-photo-cheerz-deco-80x80.jpg 80w, https:\/\/www.cocondedecoration.com\/blog\/wp-content\/uploads\/2018\/05\/box-photo-cheerz-deco.jpg 750w\" sizes=\"(max-width: 640px) 100vw, 640px\" \/><\/a><\/p>\n<p style=\"text-align: justify;\">Voil\u00e0 pour ce joli mois de mai; J'esp\u00e8re que vous avez appr\u00e9ciez cette s\u00e9lection de nouveaut\u00e9s d\u00e9co et que cela vous donnera des id\u00e9es pour votre Home Sweet Home.<br \/>\n<a href=\"http:\/\/www.cocondedecoration.com\/blog\/?s=si+j%27avais+une+maison\" target=\"_blank\" rel=\"noopener\"><span style=\"text-decoration: underline;\">&gt;&gt;&gt; D\u00e9couvrez par ici tous les articles \"Si j'avais une maison\" pour plus de nouveaut\u00e9s d\u00e9co\u00a0<\/span><\/a><\/p>\n","protected":false},"excerpt":{"rendered":"<p>Le mois de mai se termine et il est temps pour moi de partager avec vous les belles d\u00e9couvertes d\u00e9co que j&rsquo;ai faites ce mois-ci. Ikea d\u00e9core votre balcon &#8211; Le su\u00e9dois qu&rsquo;on n&rsquo;a plus besoin de pr\u00e9senter se plie en 4 cette ann\u00e9e pour vous aider \u00e0 d\u00e9corer toujours<span class=\"more-link\"><a href=\"https:\/\/www.cocondedecoration.com\/blog\/2018\/05\/si-javais-une-maison-n7\/\">Lire la suite<\/a><\/span><\/p>\n","protected":false},"author":1,"featured_media":16856,"comment_status":"open","ping_status":"open","sticky":false,"template":"","format":"standard","meta":{"om_disable_all_campaigns":false,"_monsterinsights_skip_tracking":false,"_monsterinsights_sitenote_active":false,"_monsterinsights_sitenote_note":"","_monsterinsights_sitenote_category":0,"_uf_show_specific_survey":0,"_uf_disable_surveys":false,"footnotes":""},"categories":[1720,4],"tags":[2928,2011,129,530,528,2827,126,2142,75,407,1152,2929],"aioseo_notices":[],"_links":{"self":[{"href":"https:\/\/www.cocondedecoration.com\/blog\/wp-json\/wp\/v2\/posts\/18049"}],"collection":[{"href":"https:\/\/www.cocondedecoration.com\/blog\/wp-json\/wp\/v2\/posts"}],"about":[{"href":"https:\/\/www.cocondedecoration.com\/blog\/wp-json\/wp\/v2\/types\/post"}],"author":[{"embeddable":true,"href":"https:\/\/www.cocondedecoration.com\/blog\/wp-json\/wp\/v2\/users\/1"}],"replies":[{"embeddable":true,"href":"https:\/\/www.cocondedecoration.com\/blog\/wp-json\/wp\/v2\/comments?post=18049"}],"version-history":[{"count":0,"href":"https:\/\/www.cocondedecoration.com\/blog\/wp-json\/wp\/v2\/posts\/18049\/revisions"}],"wp:featuredmedia":[{"embeddable":true,"href":"https:\/\/www.cocondedecoration.com\/blog\/wp-json\/wp\/v2\/media\/16856"}],"wp:attachment":[{"href":"https:\/\/www.cocondedecoration.com\/blog\/wp-json\/wp\/v2\/media?parent=18049"}],"wp:term":[{"taxonomy":"category","embeddable":true,"href":"https:\/\/www.cocondedecoration.com\/blog\/wp-json\/wp\/v2\/categories?post=18049"},{"taxonomy":"post_tag","embeddable":true,"href":"https:\/\/www.cocondedecoration.com\/blog\/wp-json\/wp\/v2\/tags?post=18049"}],"curies":[{"name":"wp","href":"https:\/\/api.w.org\/{rel}","templated":true}]}}