{"id":17409,"date":"2018-03-13T02:12:00","date_gmt":"2018-03-13T00:12:00","guid":{"rendered":"http:\/\/www.cocondedecoration.com\/blog\/?p=17409"},"modified":"2024-06-28T07:50:26","modified_gmt":"2024-06-28T05:50:26","slug":"un-jardin-design-avec-made-com","status":"publish","type":"post","link":"https:\/\/www.cocondedecoration.com\/blog\/2018\/03\/un-jardin-design-avec-made-com\/","title":{"rendered":"Un jardin design avec MADE.COM"},"content":{"rendered":"<p style=\"text-align: justify;\">MADE est une marque de design en ligne qui propose depuis plusieurs ann\u00e9es une vaste gamme de produits pour toute la maison. J\u2019ai d\u2019ailleurs l\u2019occasion r\u00e9guli\u00e8rement de vous proposer leurs articles. Mais cette fois-ci, je tenais \u00e0 mettre en avant leurs produits designs pour le jardin. En effet, la collection 2018 marque un tournant dans l\u2019histoire de la marque puisqu\u2019en plus du mobilier, <a href=\"https:\/\/www.awin1.com\/cread.php?awinmid=7501&amp;awinaffid=324003&amp;clickref=MADE&amp;p=https%3A%2F%2Fwww.made.com%2Ffr%2F\" target=\"_blank\" rel=\"noopener\"><span style=\"text-decoration: underline;\">MADE<\/span> <\/a>propose \u00e0 pr\u00e9sent des accessoires outdoor et des textiles d\u2019ext\u00e9rieurs.<\/p>\n<p><a href=\"http:\/\/www.cocondedecoration.com\/blog\/wp-content\/uploads\/2018\/03\/made-mobilier-jardin-exterieur.jpg\" target=\"_blank\" rel=\"noopener\"><img loading=\"lazy\" decoding=\"async\" class=\"aligncenter wp-image-17464 size-large\" title=\"made mobilier jardin exterieur\" src=\"http:\/\/www.cocondedecoration.com\/blog\/wp-content\/uploads\/2018\/03\/made-mobilier-jardin-exterieur-640x480.jpg\" alt=\"made mobilier jardin exterieur\" width=\"640\" height=\"480\" srcset=\"https:\/\/www.cocondedecoration.com\/blog\/wp-content\/uploads\/2018\/03\/made-mobilier-jardin-exterieur-640x480.jpg 640w, https:\/\/www.cocondedecoration.com\/blog\/wp-content\/uploads\/2018\/03\/made-mobilier-jardin-exterieur-260x195.jpg 260w, https:\/\/www.cocondedecoration.com\/blog\/wp-content\/uploads\/2018\/03\/made-mobilier-jardin-exterieur-365x274.jpg 365w, https:\/\/www.cocondedecoration.com\/blog\/wp-content\/uploads\/2018\/03\/made-mobilier-jardin-exterieur.jpg 650w\" sizes=\"(max-width: 640px) 100vw, 640px\" \/><\/a><\/p>\n<h4 style=\"text-align: justify;\">Pour un espace convivial et design<\/h4>\n<p style=\"text-align: justify;\">Pour commencer cette pr\u00e9sentation, je vais vous parler d\u2019un de mes coups de coeur: la collection Copa. Ce salon de jardin sort de l\u2019ordinaire. Il reprend des techniques artisanales mais avec des mati\u00e8res et des coloris tendances. La g\u00e9om\u00e9trie du mobilier n\u2019est pas aust\u00e8re, bien au contraire. Elle permet de cr\u00e9er du volume dans un espace de convivialit\u00e9 en ext\u00e9rieur. Exit le mobilier de jardin ennuyeux, le salon de jardin Copa est une invitation \u00e0 profiter des belles soir\u00e9es d\u2019\u00e9t\u00e9 entre amis.<\/p>\n<figure id=\"attachment_17420\" aria-describedby=\"caption-attachment-17420\" style=\"width: 640px\" class=\"wp-caption aligncenter\"><a href=\"http:\/\/www.cocondedecoration.com\/blog\/wp-content\/uploads\/2018\/03\/salon-de-jardin-copa-design-made.png\" target=\"_blank\" rel=\"noopener\"><img loading=\"lazy\" decoding=\"async\" class=\"wp-image-17420 size-large\" title=\"salon de jardin copa design made\" src=\"http:\/\/www.cocondedecoration.com\/blog\/wp-content\/uploads\/2018\/03\/salon-de-jardin-copa-design-made-640x290.png\" alt=\"salon de jardin copa design made\" width=\"640\" height=\"290\" srcset=\"https:\/\/www.cocondedecoration.com\/blog\/wp-content\/uploads\/2018\/03\/salon-de-jardin-copa-design-made-640x290.png 640w, https:\/\/www.cocondedecoration.com\/blog\/wp-content\/uploads\/2018\/03\/salon-de-jardin-copa-design-made-260x118.png 260w, https:\/\/www.cocondedecoration.com\/blog\/wp-content\/uploads\/2018\/03\/salon-de-jardin-copa-design-made-365x165.png 365w, https:\/\/www.cocondedecoration.com\/blog\/wp-content\/uploads\/2018\/03\/salon-de-jardin-copa-design-made.png 778w\" sizes=\"(max-width: 640px) 100vw, 640px\" \/><\/a><figcaption id=\"caption-attachment-17420\" class=\"wp-caption-text\"><span style=\"text-decoration: underline;\"><a href=\"https:\/\/www.awin1.com\/cread.php?awinmid=7501&amp;awinaffid=324003&amp;clickref=Salon+de+jardin+Copa&amp;p=https%3A%2F%2Fwww.made.com%2Ffr%2Fcopa-ensemble-table-d-appoint-et-chaises-pour-l-aperitif-multicolore\" target=\"_blank\" rel=\"noopener\">Salon de jardin Copa<\/a><\/span><\/figcaption><\/figure>\n<figure id=\"attachment_17411\" aria-describedby=\"caption-attachment-17411\" style=\"width: 432px\" class=\"wp-caption aligncenter\"><a href=\"http:\/\/www.cocondedecoration.com\/blog\/wp-content\/uploads\/2018\/03\/fauteuil-suspendu-design-made.png\" target=\"_blank\" rel=\"noopener\"><img loading=\"lazy\" decoding=\"async\" class=\"wp-image-17411 size-full\" title=\"fauteuil suspendu design made\" src=\"http:\/\/www.cocondedecoration.com\/blog\/wp-content\/uploads\/2018\/03\/fauteuil-suspendu-design-made.png\" alt=\"fauteuil suspendu design made\" width=\"432\" height=\"551\" srcset=\"https:\/\/www.cocondedecoration.com\/blog\/wp-content\/uploads\/2018\/03\/fauteuil-suspendu-design-made.png 432w, https:\/\/www.cocondedecoration.com\/blog\/wp-content\/uploads\/2018\/03\/fauteuil-suspendu-design-made-260x332.png 260w, https:\/\/www.cocondedecoration.com\/blog\/wp-content\/uploads\/2018\/03\/fauteuil-suspendu-design-made-365x466.png 365w\" sizes=\"(max-width: 432px) 100vw, 432px\" \/><\/a><figcaption id=\"caption-attachment-17411\" class=\"wp-caption-text\"><a href=\"https:\/\/www.awin1.com\/cread.php?awinmid=7501&amp;awinaffid=324003&amp;clickref=Chaise+suspendue+Copa&amp;p=https%3A%2F%2Fwww.made.com%2Ffr%2Fcopa-chaise-suspendue-vert-citron\" target=\"_blank\" rel=\"noopener\"><span style=\"text-decoration: underline;\">Chaise suspendue Copa - vert citron<\/span><\/a><\/figcaption><\/figure>\n<h4 style=\"text-align: justify;\">Des meubles pour un jardin bucolique<\/h4>\n<p style=\"text-align: justify;\">Dans un autre domaine, si vous cherchez \u00e0 cr\u00e9er une ambiance douce, chaleureuse et reposante dans votre jardin cet \u00e9t\u00e9, MADE propose des meubles qui allient l\u2019esth\u00e9tique et le confort. Les codes int\u00e9rieur \/ ext\u00e9rieur sont balay\u00e9s pour vous offrir des rockings-chairs, des fauteuils suspendus, des tabourets ext\u00e9rieurs. Les meubles cosy qu\u2019on trouve g\u00e9n\u00e9ralement dans la maison s\u2019exportent dans le jardin pour vous permettre de cr\u00e9er un univers propice \u00e0 la d\u00e9tente et profiter pleinement de vos vacances.<\/p>\n<figure id=\"attachment_17421\" aria-describedby=\"caption-attachment-17421\" style=\"width: 640px\" class=\"wp-caption aligncenter\"><a href=\"http:\/\/www.cocondedecoration.com\/blog\/wp-content\/uploads\/2018\/03\/salon-de-jardin-deco-made.png\" target=\"_blank\" rel=\"noopener\"><img loading=\"lazy\" decoding=\"async\" class=\"wp-image-17421 size-large\" title=\"salon de jardin deco made\" src=\"http:\/\/www.cocondedecoration.com\/blog\/wp-content\/uploads\/2018\/03\/salon-de-jardin-deco-made-640x418.png\" alt=\"salon de jardin deco made\" width=\"640\" height=\"418\" srcset=\"https:\/\/www.cocondedecoration.com\/blog\/wp-content\/uploads\/2018\/03\/salon-de-jardin-deco-made-640x418.png 640w, https:\/\/www.cocondedecoration.com\/blog\/wp-content\/uploads\/2018\/03\/salon-de-jardin-deco-made-260x170.png 260w, https:\/\/www.cocondedecoration.com\/blog\/wp-content\/uploads\/2018\/03\/salon-de-jardin-deco-made-365x238.png 365w, https:\/\/www.cocondedecoration.com\/blog\/wp-content\/uploads\/2018\/03\/salon-de-jardin-deco-made.png 720w\" sizes=\"(max-width: 640px) 100vw, 640px\" \/><\/a><figcaption id=\"caption-attachment-17421\" class=\"wp-caption-text\"><a href=\"https:\/\/www.awin1.com\/cread.php?awinmid=7501&amp;awinaffid=324003&amp;clickref=Salon+de+jardin+Lyra&amp;p=https%3A%2F%2Fwww.made.com%2Ffr%2Flyra-set-lounge-charbon-de-bois\" target=\"_blank\" rel=\"noopener\"><span style=\"text-decoration: underline;\">Salon de jardin Lyra<\/span><\/a><\/figcaption><\/figure>\n<figure id=\"attachment_17419\" aria-describedby=\"caption-attachment-17419\" style=\"width: 640px\" class=\"wp-caption aligncenter\"><a href=\"http:\/\/www.cocondedecoration.com\/blog\/wp-content\/uploads\/2018\/03\/salon-de-jardin-boheme.png\" target=\"_blank\" rel=\"noopener\"><img loading=\"lazy\" decoding=\"async\" class=\"wp-image-17419 size-large\" title=\"salon de jardin boheme\" src=\"http:\/\/www.cocondedecoration.com\/blog\/wp-content\/uploads\/2018\/03\/salon-de-jardin-boheme-640x395.png\" alt=\"salon de jardin boheme\" width=\"640\" height=\"395\" srcset=\"https:\/\/www.cocondedecoration.com\/blog\/wp-content\/uploads\/2018\/03\/salon-de-jardin-boheme-640x395.png 640w, https:\/\/www.cocondedecoration.com\/blog\/wp-content\/uploads\/2018\/03\/salon-de-jardin-boheme-260x160.png 260w, https:\/\/www.cocondedecoration.com\/blog\/wp-content\/uploads\/2018\/03\/salon-de-jardin-boheme-365x225.png 365w, https:\/\/www.cocondedecoration.com\/blog\/wp-content\/uploads\/2018\/03\/salon-de-jardin-boheme.png 859w\" sizes=\"(max-width: 640px) 100vw, 640px\" \/><\/a><figcaption id=\"caption-attachment-17419\" class=\"wp-caption-text\">Fauteuils de jardin Lyra<\/figcaption><\/figure>\n<figure id=\"attachment_17418\" aria-describedby=\"caption-attachment-17418\" style=\"width: 321px\" class=\"wp-caption aligncenter\"><a href=\"http:\/\/www.cocondedecoration.com\/blog\/wp-content\/uploads\/2018\/03\/rocking-chair-design-jardin.png\" target=\"_blank\" rel=\"noopener\"><img loading=\"lazy\" decoding=\"async\" class=\"wp-image-17418 size-full\" title=\"rocking chair design jardin\" src=\"http:\/\/www.cocondedecoration.com\/blog\/wp-content\/uploads\/2018\/03\/rocking-chair-design-jardin.png\" alt=\"rocking chair design jardin\" width=\"321\" height=\"299\" srcset=\"https:\/\/www.cocondedecoration.com\/blog\/wp-content\/uploads\/2018\/03\/rocking-chair-design-jardin.png 321w, https:\/\/www.cocondedecoration.com\/blog\/wp-content\/uploads\/2018\/03\/rocking-chair-design-jardin-260x242.png 260w\" sizes=\"(max-width: 321px) 100vw, 321px\" \/><\/a><figcaption id=\"caption-attachment-17418\" class=\"wp-caption-text\"><a href=\"https:\/\/www.awin1.com\/cread.php?awinmid=7501&amp;awinaffid=324003&amp;clickref=rocking+chair&amp;p=https%3A%2F%2Fwww.made.com%2Ffr%2Fpya-rocking-chair-d-exterieur-bleu-cadillac-et-noir\" target=\"_blank\" rel=\"noopener\"><span style=\"text-decoration: underline;\">Rocking chair Pya<\/span><\/a><\/figcaption><\/figure>\n<figure id=\"attachment_17412\" aria-describedby=\"caption-attachment-17412\" style=\"width: 350px\" class=\"wp-caption aligncenter\"><a href=\"http:\/\/www.cocondedecoration.com\/blog\/wp-content\/uploads\/2018\/03\/fauteuil-suspendu-jardin-made.png\" target=\"_blank\" rel=\"noopener\"><img loading=\"lazy\" decoding=\"async\" class=\"wp-image-17412 size-full\" title=\"fauteuil suspendu jardin made\" src=\"http:\/\/www.cocondedecoration.com\/blog\/wp-content\/uploads\/2018\/03\/fauteuil-suspendu-jardin-made.png\" alt=\"fauteuil suspendu jardin made\" width=\"350\" height=\"526\" srcset=\"https:\/\/www.cocondedecoration.com\/blog\/wp-content\/uploads\/2018\/03\/fauteuil-suspendu-jardin-made.png 350w, https:\/\/www.cocondedecoration.com\/blog\/wp-content\/uploads\/2018\/03\/fauteuil-suspendu-jardin-made-260x391.png 260w\" sizes=\"(max-width: 350px) 100vw, 350px\" \/><\/a><figcaption id=\"caption-attachment-17412\" class=\"wp-caption-text\"><a href=\"https:\/\/www.awin1.com\/cread.php?awinmid=7501&amp;awinaffid=324003&amp;clickref=Fauteuil+suspendu+Lyra&amp;p=https%3A%2F%2Fwww.made.com%2Ffr%2Flyra-fauteuil-suspendu-gris\" target=\"_blank\" rel=\"noopener\"><span style=\"text-decoration: underline;\">Fauteuil suspendu Lyra<\/span><\/a><\/figcaption><\/figure>\n<figure id=\"attachment_17422\" aria-describedby=\"caption-attachment-17422\" style=\"width: 564px\" class=\"wp-caption aligncenter\"><a href=\"http:\/\/www.cocondedecoration.com\/blog\/wp-content\/uploads\/2018\/03\/tabouret-deco-jardin-made.png\" target=\"_blank\" rel=\"noopener\"><img loading=\"lazy\" decoding=\"async\" class=\"wp-image-17422 size-full\" title=\"tabouret deco jardin made\" src=\"http:\/\/www.cocondedecoration.com\/blog\/wp-content\/uploads\/2018\/03\/tabouret-deco-jardin-made.png\" alt=\"tabouret deco jardin made\" width=\"564\" height=\"543\" srcset=\"https:\/\/www.cocondedecoration.com\/blog\/wp-content\/uploads\/2018\/03\/tabouret-deco-jardin-made.png 564w, https:\/\/www.cocondedecoration.com\/blog\/wp-content\/uploads\/2018\/03\/tabouret-deco-jardin-made-260x250.png 260w, https:\/\/www.cocondedecoration.com\/blog\/wp-content\/uploads\/2018\/03\/tabouret-deco-jardin-made-365x351.png 365w\" sizes=\"(max-width: 564px) 100vw, 564px\" \/><\/a><figcaption id=\"caption-attachment-17422\" class=\"wp-caption-text\"><a href=\"https:\/\/www.awin1.com\/cread.php?awinmid=7501&amp;awinaffid=324003&amp;clickref=Tabouret+d%27ext%C3%A9rieur+en+ciment+Edson&amp;p=https%3A%2F%2Fwww.made.com%2Ffr%2Fstool-tabouret-ciment\" target=\"_blank\" rel=\"noopener\"><span style=\"text-decoration: underline;\">Tabouret d'ext\u00e9rieur en ciment Edson<\/span><\/a><\/figcaption><\/figure>\n<h4 style=\"text-align: justify;\">Une touche de design subtile partout \u00e0 l\u2019ext\u00e9rieur<\/h4>\n<p style=\"text-align: justify;\">Comme je le disais en introduction, cette ann\u00e9e MADE \u00e9largit sa gamme outdoor avec des accessoires de jardin. M\u00eame si vous avez un petit balcon, ces accessoires vous permettront de d\u00e9corer votre espace avec soin.<\/p>\n<figure style=\"width: 640px\" class=\"wp-caption aligncenter\"><a href=\"http:\/\/www.cocondedecoration.com\/blog\/wp-content\/uploads\/2018\/03\/nichoir-oiseau-jardin-deco.png\" target=\"_blank\" rel=\"noopener\"><img loading=\"lazy\" decoding=\"async\" class=\"wp-image-17415 size-large\" title=\"nichoir oiseau jardin deco\" src=\"http:\/\/www.cocondedecoration.com\/blog\/wp-content\/uploads\/2018\/03\/nichoir-oiseau-jardin-deco-640x426.png\" alt=\"nichoir oiseau jardin deco\" width=\"640\" height=\"426\" srcset=\"https:\/\/www.cocondedecoration.com\/blog\/wp-content\/uploads\/2018\/03\/nichoir-oiseau-jardin-deco-640x426.png 640w, https:\/\/www.cocondedecoration.com\/blog\/wp-content\/uploads\/2018\/03\/nichoir-oiseau-jardin-deco-260x173.png 260w, https:\/\/www.cocondedecoration.com\/blog\/wp-content\/uploads\/2018\/03\/nichoir-oiseau-jardin-deco-365x243.png 365w, https:\/\/www.cocondedecoration.com\/blog\/wp-content\/uploads\/2018\/03\/nichoir-oiseau-jardin-deco.png 823w\" sizes=\"(max-width: 640px) 100vw, 640px\" \/><\/a><figcaption class=\"wp-caption-text\"><a href=\"https:\/\/www.awin1.com\/cread.php?awinmid=7501&amp;awinaffid=324003&amp;clickref=Nichoirs+%C3%A0+oiseaux+design+Roost&amp;p=https%3A%2F%2Fwww.made.com%2Ffr%2Froost-grand-nichoir-a-oiseaux-suspendu-beige-sable\" target=\"_blank\" rel=\"noopener\"><span style=\"text-decoration: underline;\">Nichoirs \u00e0 oiseaux design Roost<\/span><\/a><\/figcaption><\/figure>\n<p>&nbsp;<\/p>\n<figure style=\"width: 592px\" class=\"wp-caption aligncenter\"><a href=\"http:\/\/www.cocondedecoration.com\/blog\/wp-content\/uploads\/2018\/03\/pot-de-fleur-balcon-jardin-design.png\"><img loading=\"lazy\" decoding=\"async\" class=\"wp-image-17416 size-full\" title=\"pot de fleur balcon jardin design\" src=\"http:\/\/www.cocondedecoration.com\/blog\/wp-content\/uploads\/2018\/03\/pot-de-fleur-balcon-jardin-design.png\" alt=\"pot de fleur balcon jardin design\" width=\"592\" height=\"534\" srcset=\"https:\/\/www.cocondedecoration.com\/blog\/wp-content\/uploads\/2018\/03\/pot-de-fleur-balcon-jardin-design.png 592w, https:\/\/www.cocondedecoration.com\/blog\/wp-content\/uploads\/2018\/03\/pot-de-fleur-balcon-jardin-design-260x235.png 260w, https:\/\/www.cocondedecoration.com\/blog\/wp-content\/uploads\/2018\/03\/pot-de-fleur-balcon-jardin-design-365x329.png 365w\" sizes=\"(max-width: 592px) 100vw, 592px\" \/><\/a><figcaption class=\"wp-caption-text\"><a href=\"https:\/\/www.awin1.com\/cread.php?awinmid=7501&amp;awinaffid=324003&amp;clickref=Lot+de+2+pots+de+fleurs+Hakuun&amp;p=https%3A%2F%2Fwww.made.com%2Ffr%2Fhakuun-lot-de-2-pots-de-fleurs-en-terrazzo-avec-pieds-en-hevea-gris\" target=\"_blank\" rel=\"noopener\"><span style=\"text-decoration: underline;\">Lot de 2 pots de fleurs Hakuun<\/span><\/a><\/figcaption><\/figure>\n<p>&nbsp;<\/p>\n<figure style=\"width: 640px\" class=\"wp-caption aligncenter\"><a href=\"http:\/\/www.cocondedecoration.com\/blog\/wp-content\/uploads\/2018\/03\/lanterne-decorative-jardin.png\" target=\"_blank\" rel=\"noopener\"><img loading=\"lazy\" decoding=\"async\" class=\"wp-image-17414 size-large\" title=\"lanterne decorative jardin\" src=\"http:\/\/www.cocondedecoration.com\/blog\/wp-content\/uploads\/2018\/03\/lanterne-decorative-jardin-640x431.png\" alt=\"lanterne decorative jardin\" width=\"640\" height=\"431\" srcset=\"https:\/\/www.cocondedecoration.com\/blog\/wp-content\/uploads\/2018\/03\/lanterne-decorative-jardin-640x431.png 640w, https:\/\/www.cocondedecoration.com\/blog\/wp-content\/uploads\/2018\/03\/lanterne-decorative-jardin-260x175.png 260w, https:\/\/www.cocondedecoration.com\/blog\/wp-content\/uploads\/2018\/03\/lanterne-decorative-jardin-365x246.png 365w, https:\/\/www.cocondedecoration.com\/blog\/wp-content\/uploads\/2018\/03\/lanterne-decorative-jardin.png 807w\" sizes=\"(max-width: 640px) 100vw, 640px\" \/><\/a><figcaption class=\"wp-caption-text\"><a href=\"https:\/\/www.awin1.com\/cread.php?awinmid=7501&amp;awinaffid=324003&amp;clickref=Lanternes+Japonica&amp;p=https%3A%2F%2Fwww.made.com%2Ffr%2Fjaponica-grande-lanterne-en-bambou-noir-jaune-et-vert\" target=\"_blank\" rel=\"noopener\"><span style=\"text-decoration: underline;\">Lanternes ext\u00e9rieures Japonica<\/span><\/a><\/figcaption><\/figure>\n<p>&nbsp;<\/p>\n<figure style=\"width: 640px\" class=\"wp-caption aligncenter\"><a href=\"http:\/\/www.cocondedecoration.com\/blog\/wp-content\/uploads\/2018\/03\/pot-de-fleur-design-jardin-balcon.png\" target=\"_blank\" rel=\"noopener\"><img loading=\"lazy\" decoding=\"async\" class=\"wp-image-17417 size-large\" title=\"pot de fleur design jardin balcon\" src=\"http:\/\/www.cocondedecoration.com\/blog\/wp-content\/uploads\/2018\/03\/pot-de-fleur-design-jardin-balcon-640x424.png\" alt=\"pot de fleur design jardin balcon\" width=\"640\" height=\"424\" srcset=\"https:\/\/www.cocondedecoration.com\/blog\/wp-content\/uploads\/2018\/03\/pot-de-fleur-design-jardin-balcon-640x424.png 640w, https:\/\/www.cocondedecoration.com\/blog\/wp-content\/uploads\/2018\/03\/pot-de-fleur-design-jardin-balcon-260x172.png 260w, https:\/\/www.cocondedecoration.com\/blog\/wp-content\/uploads\/2018\/03\/pot-de-fleur-design-jardin-balcon-365x242.png 365w, https:\/\/www.cocondedecoration.com\/blog\/wp-content\/uploads\/2018\/03\/pot-de-fleur-design-jardin-balcon.png 823w\" sizes=\"(max-width: 640px) 100vw, 640px\" \/><\/a><figcaption class=\"wp-caption-text\"><a href=\"https:\/\/www.awin1.com\/cread.php?awinmid=7501&amp;awinaffid=324003&amp;clickref=Lot+de+2+grands+cache+pots+Baloo&amp;p=https%3A%2F%2Fwww.made.com%2Ffr%2Fbaloo-lot-de-2-grands-cache-pots-geometriques-en-fiberstone-gris-et-bleu-canard\" target=\"_blank\" rel=\"noopener\"><span style=\"text-decoration: underline;\">Lot de 2 grands cache-pots Baloo<\/span><\/a><\/figcaption><\/figure>\n<p>&nbsp;<\/p>\n<figure id=\"attachment_17413\" aria-describedby=\"caption-attachment-17413\" style=\"width: 640px\" class=\"wp-caption aligncenter\"><a href=\"http:\/\/www.cocondedecoration.com\/blog\/wp-content\/uploads\/2018\/03\/lanterne-deco-jardin.png\" target=\"_blank\" rel=\"noopener\"><img loading=\"lazy\" decoding=\"async\" class=\"wp-image-17413 size-large\" title=\"lanterne deco jardin\" src=\"http:\/\/www.cocondedecoration.com\/blog\/wp-content\/uploads\/2018\/03\/lanterne-deco-jardin-640x428.png\" alt=\"lanterne deco jardin\" width=\"640\" height=\"428\" srcset=\"https:\/\/www.cocondedecoration.com\/blog\/wp-content\/uploads\/2018\/03\/lanterne-deco-jardin-640x428.png 640w, https:\/\/www.cocondedecoration.com\/blog\/wp-content\/uploads\/2018\/03\/lanterne-deco-jardin-260x174.png 260w, https:\/\/www.cocondedecoration.com\/blog\/wp-content\/uploads\/2018\/03\/lanterne-deco-jardin-365x244.png 365w, https:\/\/www.cocondedecoration.com\/blog\/wp-content\/uploads\/2018\/03\/lanterne-deco-jardin.png 806w\" sizes=\"(max-width: 640px) 100vw, 640px\" \/><\/a><figcaption id=\"caption-attachment-17413\" class=\"wp-caption-text\"><a href=\"https:\/\/www.awin1.com\/cread.php?awinmid=7501&amp;awinaffid=324003&amp;clickref=Lanternes+Baden&amp;p=https%3A%2F%2Fwww.made.com%2Ffr%2Fmade-essentials-braden-lanterne-moyenne-bleu\" target=\"_blank\" rel=\"noopener\"><span style=\"text-decoration: underline;\">Lanternes Braden<\/span><\/a><\/figcaption><\/figure>\n","protected":false},"excerpt":{"rendered":"<p>MADE est une marque de design en ligne qui propose depuis plusieurs ann\u00e9es une vaste gamme de produits pour toute la maison. J\u2019ai d\u2019ailleurs l\u2019occasion r\u00e9guli\u00e8rement de vous proposer leurs articles. Mais cette fois-ci, je tenais \u00e0 mettre en avant leurs produits designs pour le jardin. En effet, la collection<span class=\"more-link\"><a href=\"https:\/\/www.cocondedecoration.com\/blog\/2018\/03\/un-jardin-design-avec-made-com\/\">Lire la suite<\/a><\/span><\/p>\n","protected":false},"author":1,"featured_media":17464,"comment_status":"open","ping_status":"open","sticky":false,"template":"","format":"standard","meta":{"om_disable_all_campaigns":false,"_monsterinsights_skip_tracking":false,"_monsterinsights_sitenote_active":false,"_monsterinsights_sitenote_note":"","_monsterinsights_sitenote_category":0,"_uf_show_specific_survey":0,"_uf_disable_surveys":false,"footnotes":""},"categories":[2314],"tags":[2250,2828,129,2827,201,22,1656,1152],"aioseo_notices":[],"_links":{"self":[{"href":"https:\/\/www.cocondedecoration.com\/blog\/wp-json\/wp\/v2\/posts\/17409"}],"collection":[{"href":"https:\/\/www.cocondedecoration.com\/blog\/wp-json\/wp\/v2\/posts"}],"about":[{"href":"https:\/\/www.cocondedecoration.com\/blog\/wp-json\/wp\/v2\/types\/post"}],"author":[{"embeddable":true,"href":"https:\/\/www.cocondedecoration.com\/blog\/wp-json\/wp\/v2\/users\/1"}],"replies":[{"embeddable":true,"href":"https:\/\/www.cocondedecoration.com\/blog\/wp-json\/wp\/v2\/comments?post=17409"}],"version-history":[{"count":1,"href":"https:\/\/www.cocondedecoration.com\/blog\/wp-json\/wp\/v2\/posts\/17409\/revisions"}],"predecessor-version":[{"id":75370,"href":"https:\/\/www.cocondedecoration.com\/blog\/wp-json\/wp\/v2\/posts\/17409\/revisions\/75370"}],"wp:featuredmedia":[{"embeddable":true,"href":"https:\/\/www.cocondedecoration.com\/blog\/wp-json\/wp\/v2\/media\/17464"}],"wp:attachment":[{"href":"https:\/\/www.cocondedecoration.com\/blog\/wp-json\/wp\/v2\/media?parent=17409"}],"wp:term":[{"taxonomy":"category","embeddable":true,"href":"https:\/\/www.cocondedecoration.com\/blog\/wp-json\/wp\/v2\/categories?post=17409"},{"taxonomy":"post_tag","embeddable":true,"href":"https:\/\/www.cocondedecoration.com\/blog\/wp-json\/wp\/v2\/tags?post=17409"}],"curies":[{"name":"wp","href":"https:\/\/api.w.org\/{rel}","templated":true}]}}