{"id":17199,"date":"2018-02-23T06:09:23","date_gmt":"2018-02-23T04:09:23","guid":{"rendered":"http:\/\/www.cocondedecoration.com\/blog\/?p=17199"},"modified":"2021-09-24T14:12:32","modified_gmt":"2021-09-24T12:12:32","slug":"si-javais-une-maison-n4","status":"publish","type":"post","link":"https:\/\/www.cocondedecoration.com\/blog\/2018\/02\/si-javais-une-maison-n4\/","title":{"rendered":"Si j&rsquo;avais une maison&#8230; n\u00b04"},"content":{"rendered":"\n<p>J'ai quand m\u00eame un boulot sympa. Tr\u00e8s souvent dans ma boite mail je re\u00e7ois des actus d\u00e9co qui me donnent le sourire, qui me font r\u00eaver... M\u00eame si personnellement, je vis de mani\u00e8re sobre et je n'ach\u00e8te pas \u00e0 tout va, je trouve que voir des jolies objets d\u00e9co, des int\u00e9rieurs soign\u00e9s, c'est quand m\u00eame tr\u00e8s agr\u00e9able. Une fois encore je partage avec vous les belles d\u00e9couvertes que j'ai pu faire tout au long du mois de f\u00e9vrier.<\/p>\n\n\n\n<div class=\"wp-block-image\"><figure class=\"aligncenter\"><a href=\"http:\/\/www.cocondedecoration.com\/blog\/wp-content\/uploads\/2018\/01\/si-javais-une-maison-selection-objets-deco.jpg\"><img loading=\"lazy\" decoding=\"async\" width=\"640\" height=\"480\" src=\"http:\/\/www.cocondedecoration.com\/blog\/wp-content\/uploads\/2018\/01\/si-javais-une-maison-selection-objets-deco-640x480.jpg\" alt=\"si javais une maison selection objets deco\" class=\"wp-image-16856\" srcset=\"https:\/\/www.cocondedecoration.com\/blog\/wp-content\/uploads\/2018\/01\/si-javais-une-maison-selection-objets-deco-640x480.jpg 640w, https:\/\/www.cocondedecoration.com\/blog\/wp-content\/uploads\/2018\/01\/si-javais-une-maison-selection-objets-deco-260x195.jpg 260w, https:\/\/www.cocondedecoration.com\/blog\/wp-content\/uploads\/2018\/01\/si-javais-une-maison-selection-objets-deco-365x274.jpg 365w, https:\/\/www.cocondedecoration.com\/blog\/wp-content\/uploads\/2018\/01\/si-javais-une-maison-selection-objets-deco.jpg 650w\" sizes=\"(max-width: 640px) 100vw, 640px\" \/><\/a><\/figure><\/div>\n\n\n\n<p>J'ai eu un coup de coeur pour les canap\u00e9s de Hanjel qui apporte \u00e0 la fois de la couleur et un c\u00f4t\u00e9 classique chic. Les formes sont travaill\u00e9es sans trop en faire. Et la couleur change des canap\u00e9s classiques. Bref, j'aime beaucoup.&nbsp;D\u00e9couvrez toute <a href=\"https:\/\/zeeloft.com\/categorie-produit\/marques\/hanjel\/\" target=\"_blank\" rel=\"noopener noreferrer\"><span style=\"text-decoration: underline;\">la collection Hanjel chez Zeeloft<\/span><\/a>.<\/p>\n\n\n\n<div class=\"wp-block-image\"><figure class=\"aligncenter\"><a href=\"http:\/\/www.cocondedecoration.com\/blog\/wp-content\/uploads\/2018\/02\/canape-hanjel-zeeloft.png\" target=\"_blank\" rel=\"noopener noreferrer\"><img loading=\"lazy\" decoding=\"async\" width=\"555\" height=\"439\" src=\"http:\/\/www.cocondedecoration.com\/blog\/wp-content\/uploads\/2018\/02\/canape-hanjel-zeeloft.png\" alt=\"canape hanjel zeeloft\" class=\"wp-image-17201\" srcset=\"https:\/\/www.cocondedecoration.com\/blog\/wp-content\/uploads\/2018\/02\/canape-hanjel-zeeloft.png 555w, https:\/\/www.cocondedecoration.com\/blog\/wp-content\/uploads\/2018\/02\/canape-hanjel-zeeloft-260x206.png 260w, https:\/\/www.cocondedecoration.com\/blog\/wp-content\/uploads\/2018\/02\/canape-hanjel-zeeloft-365x289.png 365w\" sizes=\"(max-width: 555px) 100vw, 555px\" \/><\/a><\/figure><\/div>\n\n\n\n<div class=\"wp-block-image\"><figure class=\"aligncenter\"><img decoding=\"async\" src=\"https:\/\/www.awin1.com\/cshow.php?s=2111428&amp;v=6968&amp;q=391886&amp;r=324003\" alt=\"\"\/><\/figure><\/div>\n\n\n\n<div class=\"wp-block-image\"><figure class=\"aligncenter\"><a href=\"http:\/\/www.cocondedecoration.com\/blog\/wp-content\/uploads\/2018\/02\/canape-hanjel-classique-chic.png\" target=\"_blank\" rel=\"noopener noreferrer\"><img loading=\"lazy\" decoding=\"async\" width=\"560\" height=\"450\" src=\"http:\/\/www.cocondedecoration.com\/blog\/wp-content\/uploads\/2018\/02\/canape-hanjel-classique-chic.png\" alt=\"canape hanjel classique chic\" class=\"wp-image-17200\" srcset=\"https:\/\/www.cocondedecoration.com\/blog\/wp-content\/uploads\/2018\/02\/canape-hanjel-classique-chic.png 560w, https:\/\/www.cocondedecoration.com\/blog\/wp-content\/uploads\/2018\/02\/canape-hanjel-classique-chic-260x209.png 260w, https:\/\/www.cocondedecoration.com\/blog\/wp-content\/uploads\/2018\/02\/canape-hanjel-classique-chic-310x248.png 310w, https:\/\/www.cocondedecoration.com\/blog\/wp-content\/uploads\/2018\/02\/canape-hanjel-classique-chic-365x293.png 365w\" sizes=\"(max-width: 560px) 100vw, 560px\" \/><\/a><\/figure><\/div>\n\n\n\n<p>La derni\u00e8re fois, je vous avais parl\u00e9 de Phildar, qui propose des tutos et des DIY pour la maison \u00e0 base de laine. Encore une fois, j'ai \u00e9t\u00e9 surprise de d\u00e9couvrir des mod\u00e8les tr\u00e8s contemporains avec des couleurs actuelles. Pour d\u00e9couvrir <a href=\"https:\/\/www.phildar.fr\/kits.r.html\" target=\"_blank\" rel=\"noopener noreferrer\"><span style=\"text-decoration: underline;\">tous les kits cr\u00e9atifs de Phildar c'est par ici<\/span><\/a>.<\/p>\n\n\n\n<div class=\"wp-block-image\"><figure class=\"aligncenter\"><a href=\"http:\/\/www.cocondedecoration.com\/blog\/wp-content\/uploads\/2018\/02\/deco-tapis-laine-phildar-diy.jpg\" target=\"_blank\" rel=\"noopener noreferrer\"><img loading=\"lazy\" decoding=\"async\" width=\"640\" height=\"640\" src=\"http:\/\/www.cocondedecoration.com\/blog\/wp-content\/uploads\/2018\/02\/deco-tapis-laine-phildar-diy-640x640.jpg\" alt=\"deco tapis laine phildar diy\" class=\"wp-image-17202\" srcset=\"https:\/\/www.cocondedecoration.com\/blog\/wp-content\/uploads\/2018\/02\/deco-tapis-laine-phildar-diy-640x640.jpg 640w, https:\/\/www.cocondedecoration.com\/blog\/wp-content\/uploads\/2018\/02\/deco-tapis-laine-phildar-diy-165x165.jpg 165w, https:\/\/www.cocondedecoration.com\/blog\/wp-content\/uploads\/2018\/02\/deco-tapis-laine-phildar-diy-260x260.jpg 260w, https:\/\/www.cocondedecoration.com\/blog\/wp-content\/uploads\/2018\/02\/deco-tapis-laine-phildar-diy-500x500.jpg 500w, https:\/\/www.cocondedecoration.com\/blog\/wp-content\/uploads\/2018\/02\/deco-tapis-laine-phildar-diy-365x365.jpg 365w, https:\/\/www.cocondedecoration.com\/blog\/wp-content\/uploads\/2018\/02\/deco-tapis-laine-phildar-diy-80x80.jpg 80w, https:\/\/www.cocondedecoration.com\/blog\/wp-content\/uploads\/2018\/02\/deco-tapis-laine-phildar-diy.jpg 701w\" sizes=\"(max-width: 640px) 100vw, 640px\" \/><\/a><\/figure><\/div>\n\n\n\n<div class=\"wp-block-image\"><figure class=\"aligncenter\"><a href=\"http:\/\/www.cocondedecoration.com\/blog\/wp-content\/uploads\/2018\/02\/diy-deco-murale-laine.jpg\" target=\"_blank\" rel=\"noopener noreferrer\"><img loading=\"lazy\" decoding=\"async\" width=\"640\" height=\"640\" src=\"http:\/\/www.cocondedecoration.com\/blog\/wp-content\/uploads\/2018\/02\/diy-deco-murale-laine-640x640.jpg\" alt=\"diy deco murale laine\" class=\"wp-image-17203\" srcset=\"https:\/\/www.cocondedecoration.com\/blog\/wp-content\/uploads\/2018\/02\/diy-deco-murale-laine-640x640.jpg 640w, https:\/\/www.cocondedecoration.com\/blog\/wp-content\/uploads\/2018\/02\/diy-deco-murale-laine-165x165.jpg 165w, https:\/\/www.cocondedecoration.com\/blog\/wp-content\/uploads\/2018\/02\/diy-deco-murale-laine-260x260.jpg 260w, https:\/\/www.cocondedecoration.com\/blog\/wp-content\/uploads\/2018\/02\/diy-deco-murale-laine-500x500.jpg 500w, https:\/\/www.cocondedecoration.com\/blog\/wp-content\/uploads\/2018\/02\/diy-deco-murale-laine-365x365.jpg 365w, https:\/\/www.cocondedecoration.com\/blog\/wp-content\/uploads\/2018\/02\/diy-deco-murale-laine-80x80.jpg 80w, https:\/\/www.cocondedecoration.com\/blog\/wp-content\/uploads\/2018\/02\/diy-deco-murale-laine.jpg 683w\" sizes=\"(max-width: 640px) 100vw, 640px\" \/><\/a><\/figure><\/div>\n\n\n\n<p>Ca fait longtemps que j'aime les produits Dutchbone et pour cette nouvelle ann\u00e9e, j'ai \u00e9t\u00e9 s\u00e9duite par les chaises de bar propos\u00e9es par l'enseigne. Il y a quelques ann\u00e9es, peut-\u00eatre dix ans maintenant, les chaises de bar faisaient fureur en d\u00e9co, mais le plastique ce n'est plus vraiment tendance. Si vous souhaitez changer vos tabourets de bar pour des mod\u00e8les plus contemporains et plus classes, je pense que les mod\u00e8les de chez Dutchbone pourraient vous plaire. Perso, entre la forme, le velours et les couleurs, je suis conquise! <a href=\"https:\/\/www.dutchbone.com\/search\/FRANKY+VELVET+COUNTER+STOOL\" target=\"_blank\" rel=\"noopener noreferrer\"><span style=\"text-decoration: underline;\">C'est par ici pour en savoir plus<\/span><\/a>...<\/p>\n\n\n\n<div class=\"wp-block-image\"><figure class=\"aligncenter\"><a href=\"http:\/\/www.cocondedecoration.com\/blog\/wp-content\/uploads\/2018\/02\/tabouret-chaise-de-bar-couleur-velours.png\" target=\"_blank\" rel=\"noopener noreferrer\"><img loading=\"lazy\" decoding=\"async\" width=\"638\" height=\"433\" src=\"http:\/\/www.cocondedecoration.com\/blog\/wp-content\/uploads\/2018\/02\/tabouret-chaise-de-bar-couleur-velours.png\" alt=\"tabouret chaise de bar couleur velours\" class=\"wp-image-17205\" srcset=\"https:\/\/www.cocondedecoration.com\/blog\/wp-content\/uploads\/2018\/02\/tabouret-chaise-de-bar-couleur-velours.png 638w, https:\/\/www.cocondedecoration.com\/blog\/wp-content\/uploads\/2018\/02\/tabouret-chaise-de-bar-couleur-velours-260x176.png 260w, https:\/\/www.cocondedecoration.com\/blog\/wp-content\/uploads\/2018\/02\/tabouret-chaise-de-bar-couleur-velours-365x248.png 365w\" sizes=\"(max-width: 638px) 100vw, 638px\" \/><\/a><\/figure><\/div>\n\n\n\n<p>C\u00f4t\u00e9 chambre, <a href=\"http:\/\/maisondevacances.bigcartel.com\/\" target=\"_blank\" rel=\"noopener noreferrer\"><span style=\"text-decoration: underline;\">Maison de Vacances<\/span> <\/a>pr\u00e9sente sa nouvelle collection d'inspiration boh\u00e8me. Une invitation au voyage, au chic et \u00e0 la douceur naturelle.<\/p>\n\n\n\n<div class=\"wp-block-image\"><figure class=\"aligncenter\"><a href=\"http:\/\/www.cocondedecoration.com\/blog\/wp-content\/uploads\/2018\/02\/linge-de-lit-maison-de-vacances.png\" target=\"_blank\" rel=\"noopener noreferrer\"><img loading=\"lazy\" decoding=\"async\" width=\"640\" height=\"581\" src=\"http:\/\/www.cocondedecoration.com\/blog\/wp-content\/uploads\/2018\/02\/linge-de-lit-maison-de-vacances-640x581.png\" alt=\"linge de lit maison de vacances\" class=\"wp-image-17208\" srcset=\"https:\/\/www.cocondedecoration.com\/blog\/wp-content\/uploads\/2018\/02\/linge-de-lit-maison-de-vacances-640x581.png 640w, https:\/\/www.cocondedecoration.com\/blog\/wp-content\/uploads\/2018\/02\/linge-de-lit-maison-de-vacances-260x236.png 260w, https:\/\/www.cocondedecoration.com\/blog\/wp-content\/uploads\/2018\/02\/linge-de-lit-maison-de-vacances-365x331.png 365w, https:\/\/www.cocondedecoration.com\/blog\/wp-content\/uploads\/2018\/02\/linge-de-lit-maison-de-vacances.png 832w\" sizes=\"(max-width: 640px) 100vw, 640px\" \/><\/a><\/figure><\/div>\n\n\n\n<div class=\"wp-block-image\"><figure class=\"aligncenter\"><a href=\"http:\/\/www.cocondedecoration.com\/blog\/wp-content\/uploads\/2018\/02\/deco-chambre-textile-maison-de-vacances.png\" target=\"_blank\" rel=\"noopener noreferrer\"><img loading=\"lazy\" decoding=\"async\" width=\"640\" height=\"472\" src=\"http:\/\/www.cocondedecoration.com\/blog\/wp-content\/uploads\/2018\/02\/deco-chambre-textile-maison-de-vacances-640x472.png\" alt=\"deco chambre textile maison de vacances\" class=\"wp-image-17207\" srcset=\"https:\/\/www.cocondedecoration.com\/blog\/wp-content\/uploads\/2018\/02\/deco-chambre-textile-maison-de-vacances-640x472.png 640w, https:\/\/www.cocondedecoration.com\/blog\/wp-content\/uploads\/2018\/02\/deco-chambre-textile-maison-de-vacances-260x192.png 260w, https:\/\/www.cocondedecoration.com\/blog\/wp-content\/uploads\/2018\/02\/deco-chambre-textile-maison-de-vacances-365x269.png 365w, https:\/\/www.cocondedecoration.com\/blog\/wp-content\/uploads\/2018\/02\/deco-chambre-textile-maison-de-vacances.png 961w\" sizes=\"(max-width: 640px) 100vw, 640px\" \/><\/a><\/figure><\/div>\n\n\n\n<p>Si vous avez envie d'ajouter des motifs dans votre d\u00e9co, je vous conseille de faire un tour sur le site <a href=\"http:\/\/www.lemondesauvage.com\/fr\" target=\"_blank\" rel=\"noopener noreferrer\"><span style=\"text-decoration: underline;\">Le Monde Sauvage<\/span><\/a> qui propose de nombreux accessoires textiles imprim\u00e9s et color\u00e9s. Nickel pour faire entrer la bonne humeur dans la maison en p\u00e9riode hivernale.<\/p>\n\n\n\n<div class=\"wp-block-image\"><figure class=\"aligncenter\"><a href=\"http:\/\/www.cocondedecoration.com\/blog\/wp-content\/uploads\/2018\/02\/coussin-deco-motif-bleu-le-monde-sauvage.jpg\" target=\"_blank\" rel=\"noopener noreferrer\"><img loading=\"lazy\" decoding=\"async\" width=\"640\" height=\"640\" src=\"http:\/\/www.cocondedecoration.com\/blog\/wp-content\/uploads\/2018\/02\/coussin-deco-motif-bleu-le-monde-sauvage-640x640.jpg\" alt=\"coussin deco motif bleu le monde sauvage\" class=\"wp-image-17210\" srcset=\"https:\/\/www.cocondedecoration.com\/blog\/wp-content\/uploads\/2018\/02\/coussin-deco-motif-bleu-le-monde-sauvage-640x640.jpg 640w, https:\/\/www.cocondedecoration.com\/blog\/wp-content\/uploads\/2018\/02\/coussin-deco-motif-bleu-le-monde-sauvage-165x165.jpg 165w, https:\/\/www.cocondedecoration.com\/blog\/wp-content\/uploads\/2018\/02\/coussin-deco-motif-bleu-le-monde-sauvage-260x260.jpg 260w, https:\/\/www.cocondedecoration.com\/blog\/wp-content\/uploads\/2018\/02\/coussin-deco-motif-bleu-le-monde-sauvage-500x500.jpg 500w, https:\/\/www.cocondedecoration.com\/blog\/wp-content\/uploads\/2018\/02\/coussin-deco-motif-bleu-le-monde-sauvage-365x365.jpg 365w, https:\/\/www.cocondedecoration.com\/blog\/wp-content\/uploads\/2018\/02\/coussin-deco-motif-bleu-le-monde-sauvage-80x80.jpg 80w, https:\/\/www.cocondedecoration.com\/blog\/wp-content\/uploads\/2018\/02\/coussin-deco-motif-bleu-le-monde-sauvage.jpg 800w\" sizes=\"(max-width: 640px) 100vw, 640px\" \/><\/a><\/figure><\/div>\n\n\n\n<div class=\"wp-block-image\"><figure class=\"aligncenter\"><img decoding=\"async\" src=\"https:\/\/track.effiliation.com\/servlet\/effi.show?id_compteur=22630745\" alt=\"pub\"\/><\/figure><\/div>\n\n\n\n<div class=\"wp-block-image\"><figure class=\"aligncenter\"><a href=\"http:\/\/www.cocondedecoration.com\/blog\/wp-content\/uploads\/2018\/02\/deco-monde-sauvage-textile-imprime.jpg\" target=\"_blank\" rel=\"noopener noreferrer\"><img loading=\"lazy\" decoding=\"async\" width=\"640\" height=\"640\" src=\"http:\/\/www.cocondedecoration.com\/blog\/wp-content\/uploads\/2018\/02\/deco-monde-sauvage-textile-imprime-640x640.jpg\" alt=\"deco monde sauvage textile imprime\" class=\"wp-image-17212\" srcset=\"https:\/\/www.cocondedecoration.com\/blog\/wp-content\/uploads\/2018\/02\/deco-monde-sauvage-textile-imprime-640x640.jpg 640w, https:\/\/www.cocondedecoration.com\/blog\/wp-content\/uploads\/2018\/02\/deco-monde-sauvage-textile-imprime-165x165.jpg 165w, https:\/\/www.cocondedecoration.com\/blog\/wp-content\/uploads\/2018\/02\/deco-monde-sauvage-textile-imprime-260x260.jpg 260w, https:\/\/www.cocondedecoration.com\/blog\/wp-content\/uploads\/2018\/02\/deco-monde-sauvage-textile-imprime-500x500.jpg 500w, https:\/\/www.cocondedecoration.com\/blog\/wp-content\/uploads\/2018\/02\/deco-monde-sauvage-textile-imprime-365x365.jpg 365w, https:\/\/www.cocondedecoration.com\/blog\/wp-content\/uploads\/2018\/02\/deco-monde-sauvage-textile-imprime-80x80.jpg 80w, https:\/\/www.cocondedecoration.com\/blog\/wp-content\/uploads\/2018\/02\/deco-monde-sauvage-textile-imprime.jpg 800w\" sizes=\"(max-width: 640px) 100vw, 640px\" \/><\/a><\/figure><\/div>\n\n\n\n<div class=\"wp-block-image\"><figure class=\"aligncenter\"><a href=\"http:\/\/www.cocondedecoration.com\/blog\/wp-content\/uploads\/2018\/02\/coussin-imprime-deco-monde-sauvage.jpg\"><img loading=\"lazy\" decoding=\"async\" width=\"640\" height=\"640\" src=\"http:\/\/www.cocondedecoration.com\/blog\/wp-content\/uploads\/2018\/02\/coussin-imprime-deco-monde-sauvage-640x640.jpg\" alt=\"coussin imprime deco monde sauvage\" class=\"wp-image-17211\" srcset=\"https:\/\/www.cocondedecoration.com\/blog\/wp-content\/uploads\/2018\/02\/coussin-imprime-deco-monde-sauvage-640x640.jpg 640w, https:\/\/www.cocondedecoration.com\/blog\/wp-content\/uploads\/2018\/02\/coussin-imprime-deco-monde-sauvage-165x165.jpg 165w, https:\/\/www.cocondedecoration.com\/blog\/wp-content\/uploads\/2018\/02\/coussin-imprime-deco-monde-sauvage-260x260.jpg 260w, https:\/\/www.cocondedecoration.com\/blog\/wp-content\/uploads\/2018\/02\/coussin-imprime-deco-monde-sauvage-500x500.jpg 500w, https:\/\/www.cocondedecoration.com\/blog\/wp-content\/uploads\/2018\/02\/coussin-imprime-deco-monde-sauvage-365x365.jpg 365w, https:\/\/www.cocondedecoration.com\/blog\/wp-content\/uploads\/2018\/02\/coussin-imprime-deco-monde-sauvage-80x80.jpg 80w, https:\/\/www.cocondedecoration.com\/blog\/wp-content\/uploads\/2018\/02\/coussin-imprime-deco-monde-sauvage.jpg 800w\" sizes=\"(max-width: 640px) 100vw, 640px\" \/><\/a><\/figure><\/div>\n\n\n\n<p><a href=\"https:\/\/www.tikamoon.com\/\" target=\"_blank\" rel=\"noopener noreferrer\"><span style=\"text-decoration: underline;\">Tikamoon<\/span><\/a> pour ce d\u00e9but d'ann\u00e9e compl\u00e8te sa collection de mobilier en bois avec le rotin qui est d\u00e9finitivement tendance. Le rotin trouve tout \u00e0 fait sa place dans le salon, la v\u00e9randa et m\u00eame en ext\u00e9rieur quand les beaux jours seront de retour.<\/p>\n\n\n\n<div class=\"wp-block-image\"><figure class=\"aligncenter\"><a href=\"http:\/\/www.cocondedecoration.com\/blog\/wp-content\/uploads\/2018\/02\/table-basse-rotin-deco.jpg\" target=\"_blank\" rel=\"noopener noreferrer\"><img loading=\"lazy\" decoding=\"async\" width=\"640\" height=\"333\" src=\"http:\/\/www.cocondedecoration.com\/blog\/wp-content\/uploads\/2018\/02\/table-basse-rotin-deco-640x333.jpg\" alt=\"table basse rotin deco\" class=\"wp-image-17214\" srcset=\"https:\/\/www.cocondedecoration.com\/blog\/wp-content\/uploads\/2018\/02\/table-basse-rotin-deco-640x333.jpg 640w, https:\/\/www.cocondedecoration.com\/blog\/wp-content\/uploads\/2018\/02\/table-basse-rotin-deco-260x135.jpg 260w, https:\/\/www.cocondedecoration.com\/blog\/wp-content\/uploads\/2018\/02\/table-basse-rotin-deco-365x190.jpg 365w\" sizes=\"(max-width: 640px) 100vw, 640px\" \/><\/a><\/figure><\/div>\n\n\n\n<p>Pour les fans de petites boites et pour celles et ceux qui veulent apporter une touche \"voyage\" dans leur d\u00e9co, il y a les boites balinaises de la <a href=\"https:\/\/www.maison-emilienne.com\/\" target=\"_blank\" rel=\"noopener noreferrer\"><span style=\"text-decoration: underline;\">Maison Emilienne<\/span><\/a>. A la fois exotiques et color\u00e9es, elles apporteront du peps dans votre d\u00e9co.<\/p>\n\n\n\n<div class=\"wp-block-image\"><figure class=\"aligncenter\"><a href=\"http:\/\/www.cocondedecoration.com\/blog\/wp-content\/uploads\/2018\/02\/boites-zoulou-perles-jaune-deco.jpg\" target=\"_blank\" rel=\"noopener noreferrer\"><img loading=\"lazy\" decoding=\"async\" width=\"640\" height=\"430\" src=\"http:\/\/www.cocondedecoration.com\/blog\/wp-content\/uploads\/2018\/02\/boites-zoulou-perles-jaune-deco-640x430.jpg\" alt=\"boite deco voyage \" class=\"wp-image-17217\" srcset=\"https:\/\/www.cocondedecoration.com\/blog\/wp-content\/uploads\/2018\/02\/boites-zoulou-perles-jaune-deco-640x430.jpg 640w, https:\/\/www.cocondedecoration.com\/blog\/wp-content\/uploads\/2018\/02\/boites-zoulou-perles-jaune-deco-260x175.jpg 260w, https:\/\/www.cocondedecoration.com\/blog\/wp-content\/uploads\/2018\/02\/boites-zoulou-perles-jaune-deco-365x245.jpg 365w, https:\/\/www.cocondedecoration.com\/blog\/wp-content\/uploads\/2018\/02\/boites-zoulou-perles-jaune-deco.jpg 794w\" sizes=\"(max-width: 640px) 100vw, 640px\" \/><\/a><\/figure><\/div>\n\n\n\n<p>Pour les kids, il y a aussi de la nouveaut\u00e9 chez <a href=\"https:\/\/www.gautierstudio.com\/\" target=\"_blank\" rel=\"noopener noreferrer\"><span style=\"text-decoration: underline;\">Gautier Studio<\/span><\/a>, enseigne canadienne qui propose du mobilier et des accessoires d\u00e9co pour la chambre des enfants. J'appr\u00e9cie beaucoup leurs produits parce qu'ils sont dans l'air du temps mais aussi hyper ludiques.<\/p>\n\n\n\n<div class=\"wp-block-image\"><figure class=\"aligncenter\"><a href=\"http:\/\/www.cocondedecoration.com\/blog\/wp-content\/uploads\/2018\/02\/nouveaute-gautier-studio-deco-enfant.png\" target=\"_blank\" rel=\"noopener noreferrer\"><img loading=\"lazy\" decoding=\"async\" width=\"542\" height=\"543\" src=\"http:\/\/www.cocondedecoration.com\/blog\/wp-content\/uploads\/2018\/02\/nouveaute-gautier-studio-deco-enfant.png\" alt=\"nouveaute gautier studio deco enfant\" class=\"wp-image-17230\" srcset=\"https:\/\/www.cocondedecoration.com\/blog\/wp-content\/uploads\/2018\/02\/nouveaute-gautier-studio-deco-enfant.png 542w, https:\/\/www.cocondedecoration.com\/blog\/wp-content\/uploads\/2018\/02\/nouveaute-gautier-studio-deco-enfant-165x165.png 165w, https:\/\/www.cocondedecoration.com\/blog\/wp-content\/uploads\/2018\/02\/nouveaute-gautier-studio-deco-enfant-260x260.png 260w, https:\/\/www.cocondedecoration.com\/blog\/wp-content\/uploads\/2018\/02\/nouveaute-gautier-studio-deco-enfant-500x500.png 500w, https:\/\/www.cocondedecoration.com\/blog\/wp-content\/uploads\/2018\/02\/nouveaute-gautier-studio-deco-enfant-365x366.png 365w, https:\/\/www.cocondedecoration.com\/blog\/wp-content\/uploads\/2018\/02\/nouveaute-gautier-studio-deco-enfant-80x80.png 80w\" sizes=\"(max-width: 542px) 100vw, 542px\" \/><\/a><\/figure><\/div>\n\n\n\n<div class=\"wp-block-image\"><figure class=\"aligncenter\"><a href=\"http:\/\/www.cocondedecoration.com\/blog\/wp-content\/uploads\/2018\/02\/nouveaute-bureau-enfant-tendance.png\" target=\"_blank\" rel=\"noopener noreferrer\"><img loading=\"lazy\" decoding=\"async\" width=\"516\" height=\"471\" src=\"http:\/\/www.cocondedecoration.com\/blog\/wp-content\/uploads\/2018\/02\/nouveaute-bureau-enfant-tendance.png\" alt=\"nouveaute bureau enfant tendance\" class=\"wp-image-17229\" srcset=\"https:\/\/www.cocondedecoration.com\/blog\/wp-content\/uploads\/2018\/02\/nouveaute-bureau-enfant-tendance.png 516w, https:\/\/www.cocondedecoration.com\/blog\/wp-content\/uploads\/2018\/02\/nouveaute-bureau-enfant-tendance-260x237.png 260w, https:\/\/www.cocondedecoration.com\/blog\/wp-content\/uploads\/2018\/02\/nouveaute-bureau-enfant-tendance-365x333.png 365w\" sizes=\"(max-width: 516px) 100vw, 516px\" \/><\/a><\/figure><\/div>\n\n\n\n<p>Il y a aussi de la nouveaut\u00e9 chez<a href=\"http:\/\/tidd.ly\/18be7964\" target=\"_blank\" rel=\"noopener noreferrer\"><span style=\"text-decoration: underline;\"> Interior's<\/span><\/a>. La collection Bruges propose du mobilier inspir\u00e9 des grandes demeures classiques flamandes. On retrouve de grands volumes, de la sym\u00e9trie et de la g\u00e9om\u00e9trie.<\/p>\n\n\n\n<div class=\"wp-block-image\"><figure class=\"aligncenter\"><a href=\"http:\/\/www.cocondedecoration.com\/blog\/wp-content\/uploads\/2018\/02\/deco-traditionnelle-mobilier.jpg\" target=\"_blank\" rel=\"noopener noreferrer\"><img loading=\"lazy\" decoding=\"async\" width=\"600\" height=\"375\" src=\"http:\/\/www.cocondedecoration.com\/blog\/wp-content\/uploads\/2018\/02\/deco-traditionnelle-mobilier.jpg\" alt=\"deco traditionnelle mobilier\" class=\"wp-image-17231\" srcset=\"https:\/\/www.cocondedecoration.com\/blog\/wp-content\/uploads\/2018\/02\/deco-traditionnelle-mobilier.jpg 600w, https:\/\/www.cocondedecoration.com\/blog\/wp-content\/uploads\/2018\/02\/deco-traditionnelle-mobilier-260x163.jpg 260w, https:\/\/www.cocondedecoration.com\/blog\/wp-content\/uploads\/2018\/02\/deco-traditionnelle-mobilier-365x228.jpg 365w\" sizes=\"(max-width: 600px) 100vw, 600px\" \/><\/a><\/figure><\/div>\n\n\n\n<div class=\"wp-block-image\"><figure class=\"aligncenter\"><a href=\"http:\/\/www.cocondedecoration.com\/blog\/wp-content\/uploads\/2018\/02\/mobilier-traditionnel-flamand.jpg\" target=\"_blank\" rel=\"noopener noreferrer\"><img loading=\"lazy\" decoding=\"async\" width=\"218\" height=\"296\" src=\"http:\/\/www.cocondedecoration.com\/blog\/wp-content\/uploads\/2018\/02\/mobilier-traditionnel-flamand.jpg\" alt=\"mobilier traditionnel flamand\" class=\"wp-image-17232\"\/><\/a><\/figure><\/div>\n\n\n\n<p>Si vous en avez ras le bol de l'hiver, mettre des plantes dans votre int\u00e9rieur peut \u00eatre une solution! Et pour cela, n'h\u00e9sitez pas \u00e0 d\u00e9couvrir les jolies solutions d\u00e9co pr\u00e9sentes sur Urbanoutfitters. J'ai un gros coup de coeur pour le tuteur Rock On en m\u00e9tal qui permet de personnaliser toute en discr\u00e9tion votre d\u00e9co.<\/p>\n\n\n\n<div class=\"wp-block-image\"><figure class=\"aligncenter\"><a href=\"http:\/\/www.cocondedecoration.com\/blog\/wp-content\/uploads\/2018\/02\/tuteur-deco-plante-original.jpeg\" target=\"_blank\" rel=\"noopener noreferrer\"><img loading=\"lazy\" decoding=\"async\" width=\"600\" height=\"900\" src=\"http:\/\/www.cocondedecoration.com\/blog\/wp-content\/uploads\/2018\/02\/tuteur-deco-plante-original.jpeg\" alt=\"tuteur deco plante original\" class=\"wp-image-17235\" srcset=\"https:\/\/www.cocondedecoration.com\/blog\/wp-content\/uploads\/2018\/02\/tuteur-deco-plante-original.jpeg 600w, https:\/\/www.cocondedecoration.com\/blog\/wp-content\/uploads\/2018\/02\/tuteur-deco-plante-original-260x390.jpeg 260w, https:\/\/www.cocondedecoration.com\/blog\/wp-content\/uploads\/2018\/02\/tuteur-deco-plante-original-365x548.jpeg 365w\" sizes=\"(max-width: 600px) 100vw, 600px\" \/><\/a><\/figure><\/div>\n\n\n\n<div class=\"wp-block-image\"><figure class=\"aligncenter\"><a href=\"http:\/\/www.cocondedecoration.com\/blog\/wp-content\/uploads\/2018\/02\/support-deco-plante.jpeg\" target=\"_blank\" rel=\"noopener noreferrer\"><img loading=\"lazy\" decoding=\"async\" width=\"601\" height=\"900\" src=\"http:\/\/www.cocondedecoration.com\/blog\/wp-content\/uploads\/2018\/02\/support-deco-plante.jpeg\" alt=\"support deco plante\" class=\"wp-image-17234\" srcset=\"https:\/\/www.cocondedecoration.com\/blog\/wp-content\/uploads\/2018\/02\/support-deco-plante.jpeg 601w, https:\/\/www.cocondedecoration.com\/blog\/wp-content\/uploads\/2018\/02\/support-deco-plante-260x389.jpeg 260w, https:\/\/www.cocondedecoration.com\/blog\/wp-content\/uploads\/2018\/02\/support-deco-plante-365x547.jpeg 365w\" sizes=\"(max-width: 601px) 100vw, 601px\" \/><\/a><\/figure><\/div>\n\n\n\n<div class=\"wp-block-image\"><figure class=\"aligncenter\"><a href=\"http:\/\/www.cocondedecoration.com\/blog\/wp-content\/uploads\/2018\/02\/deco-plante-suspendues-pot-or.jpeg\" target=\"_blank\" rel=\"noopener noreferrer\"><img loading=\"lazy\" decoding=\"async\" width=\"600\" height=\"900\" src=\"http:\/\/www.cocondedecoration.com\/blog\/wp-content\/uploads\/2018\/02\/deco-plante-suspendues-pot-or.jpeg\" alt=\"deco plante suspendues pot or\" class=\"wp-image-17233\" srcset=\"https:\/\/www.cocondedecoration.com\/blog\/wp-content\/uploads\/2018\/02\/deco-plante-suspendues-pot-or.jpeg 600w, https:\/\/www.cocondedecoration.com\/blog\/wp-content\/uploads\/2018\/02\/deco-plante-suspendues-pot-or-260x390.jpeg 260w, https:\/\/www.cocondedecoration.com\/blog\/wp-content\/uploads\/2018\/02\/deco-plante-suspendues-pot-or-365x548.jpeg 365w\" sizes=\"(max-width: 600px) 100vw, 600px\" \/><\/a><\/figure><\/div>\n\n\n\n<p>Voil\u00e0, voil\u00e0, c'est tout pour le mois de f\u00e9vrier. La suite attendra le mois prochain. J'esp\u00e8re que vous aurez trouv\u00e9 de belles id\u00e9es d\u00e9co pour votre int\u00e9rieur.<\/p>\n","protected":false},"excerpt":{"rendered":"<p>J&rsquo;ai quand m\u00eame un boulot sympa. Tr\u00e8s souvent dans ma boite mail je re\u00e7ois des actus d\u00e9co qui me donnent le sourire, qui me font r\u00eaver&#8230; M\u00eame si personnellement, je vis de mani\u00e8re sobre et je n&rsquo;ach\u00e8te pas \u00e0 tout va, je trouve que voir des jolies objets d\u00e9co, des<span class=\"more-link\"><a href=\"https:\/\/www.cocondedecoration.com\/blog\/2018\/02\/si-javais-une-maison-n4\/\">Lire la suite<\/a><\/span><\/p>\n","protected":false},"author":1,"featured_media":16856,"comment_status":"open","ping_status":"open","sticky":false,"template":"","format":"standard","meta":{"om_disable_all_campaigns":false,"_monsterinsights_skip_tracking":false,"_monsterinsights_sitenote_active":false,"_monsterinsights_sitenote_note":"","_monsterinsights_sitenote_category":0,"_uf_show_specific_survey":0,"_uf_disable_surveys":false,"footnotes":""},"categories":[1720,4],"tags":[245,2809,61,129,2808,528,126,75,201,433,318],"aioseo_notices":[],"_links":{"self":[{"href":"https:\/\/www.cocondedecoration.com\/blog\/wp-json\/wp\/v2\/posts\/17199"}],"collection":[{"href":"https:\/\/www.cocondedecoration.com\/blog\/wp-json\/wp\/v2\/posts"}],"about":[{"href":"https:\/\/www.cocondedecoration.com\/blog\/wp-json\/wp\/v2\/types\/post"}],"author":[{"embeddable":true,"href":"https:\/\/www.cocondedecoration.com\/blog\/wp-json\/wp\/v2\/users\/1"}],"replies":[{"embeddable":true,"href":"https:\/\/www.cocondedecoration.com\/blog\/wp-json\/wp\/v2\/comments?post=17199"}],"version-history":[{"count":0,"href":"https:\/\/www.cocondedecoration.com\/blog\/wp-json\/wp\/v2\/posts\/17199\/revisions"}],"wp:featuredmedia":[{"embeddable":true,"href":"https:\/\/www.cocondedecoration.com\/blog\/wp-json\/wp\/v2\/media\/16856"}],"wp:attachment":[{"href":"https:\/\/www.cocondedecoration.com\/blog\/wp-json\/wp\/v2\/media?parent=17199"}],"wp:term":[{"taxonomy":"category","embeddable":true,"href":"https:\/\/www.cocondedecoration.com\/blog\/wp-json\/wp\/v2\/categories?post=17199"},{"taxonomy":"post_tag","embeddable":true,"href":"https:\/\/www.cocondedecoration.com\/blog\/wp-json\/wp\/v2\/tags?post=17199"}],"curies":[{"name":"wp","href":"https:\/\/api.w.org\/{rel}","templated":true}]}}