{"id":17061,"date":"2018-02-09T01:00:32","date_gmt":"2018-02-08T23:00:32","guid":{"rendered":"http:\/\/www.cocondedecoration.com\/blog\/?p=17061"},"modified":"2026-02-16T07:31:21","modified_gmt":"2026-02-16T05:31:21","slug":"un-salon-sous-les-combles","status":"publish","type":"post","link":"https:\/\/www.cocondedecoration.com\/blog\/2018\/02\/un-salon-sous-les-combles\/","title":{"rendered":"Am\u00e9nager un salon sous les combles, des id\u00e9es inspirantes"},"content":{"rendered":"\n<p>Les combles, la plupart du temps, c'est une surface de la maison qui n'attend qu'une chose: \u00eatre am\u00e9nag\u00e9e. Souvent comme c'est \u00e0 l'\u00e9tage, on y fait une chambre en plus, une suite parentale. On peut aussi transformer les combles en salle de bain ou en bureau. Aujourd'hui, on va s'int\u00e9resser aux combles, mais pour y am\u00e9nager un salon. L'espace dans le grenier n'est pas forc\u00e9ment l'endroit de la maison o\u00f9 l'on pense naturellement \u00e0 am\u00e9nager un salon. Pourtant c'est un endroit qui est g\u00e9n\u00e9ralement calme et intime. Parfait pour une pi\u00e8ce de vie.<br><\/p>\n\n\n\n<!--more-->\n\n\n\n<p><strong>Sommaire<\/strong>:<\/p>\n\n\n\n<div class=\"wp-block-aioseo-table-of-contents\"><ul><li><a href=\"#aioseo-01-salon-principal-ou-salon-dappoint-sous-les-combles\">01 \u2022 Salon principal ou salon d'appoint sous les combles?<\/a><\/li><li><a href=\"#aioseo-02-a-quoi-faut-il-veiller-quand-on-amenage-un-salon-sous-les-combles\">02 \u2022 A quoi faut-il veiller quand on am\u00e9nage un salon sous les combles?<\/a><ul><li><a href=\"#aioseo-021-combles-et-isolation-de-la-toiture\">02\u20221 Combles\u00a0 et isolation de la toiture<\/a><\/li><li><a href=\"#aioseo-022-combles-et-isolation-du-plancher\">02\u20222 Combles et isolation du plancher<\/a><\/li><li><a href=\"#aioseo-023-acces-a-la-lumiere-naturelle\">02\u20223 Acc\u00e8s \u00e0 la lumi\u00e8re naturelle<\/a><\/li><li><a href=\"#aioseo-024-la-place-du-canape-pour-un-salon-dans-le-grenier\">02\u20224 La place du canap\u00e9 pour un salon dans le grenier<\/a><\/li><li><a href=\"#aioseo-025-la-place-de-la-television-dans-un-salon-sous-les-combles\">02\u20225 La place de la t\u00e9l\u00e9vision dans un salon sous les combles<\/a><\/li><\/ul><\/li><li><a href=\"#aioseo-03-comment-amenager-les-parties-en-pentes-pour-un-salon-convivial\">03 \u2022 Comment am\u00e9nager les parties en pentes pour un salon convivial?<\/a><\/li><li><a href=\"#aioseo-04-quels-styles-deco-sont-parfaits-pour-un-salon-sous-les-combles\">04 \u2022 Quels styles d\u00e9co sont parfaits pour un salon sous les combles?<\/a><\/li><li><a href=\"#aioseo-05-inspiration-deco-sous-les-combles\">05 \u2022 Inspiration d\u00e9co sous les combles<\/a><\/li><\/ul><\/div>\n\n\n\n<h2 class=\"wp-block-heading\" id=\"aioseo-01-salon-principal-ou-salon-dappoint-sous-les-combles\">01 \u2022 Salon principal ou salon d'appoint sous les combles?<\/h2>\n\n\n\n<p>La premi\u00e8re chose \u00e0 vous demander c'est si vos combles seront am\u00e9nag\u00e9s comme un salon principal ou un salon d'appoint? Cette diff\u00e9rence est minime la plupart du temps. G\u00e9n\u00e9ralement, on ne re\u00e7oit pas de la m\u00eame mani\u00e8re dans les 2 types de salons. <\/p>\n\n\n\n<p>Un salon d'appoint sera g\u00e9n\u00e9ralement pour les enfants ou les ados. Les besoins au niveau du mobilier comme de la d\u00e9coration ne seront pas les m\u00eames. Vos ados auront aussi peut-\u00eatre envie de prendre part au projet. Par ailleurs, si votre salon d'appoint vous servira aussi de chambre d'amis, il faudra penser \u00e0 des volets pour emp\u00eacher la lumi\u00e8re du jour d'ennuyer vos convives au petit matin.<\/p>\n\n\n\n<h2 class=\"wp-block-heading\" id=\"aioseo-02-a-quoi-faut-il-veiller-quand-on-amenage-un-salon-sous-les-combles\">02 \u2022 A quoi faut-il veiller quand on am\u00e9nage un salon sous les combles?<\/h2>\n\n\n\n<p>Les combles sont un espace \u00e0 part dans la maison. Ils demandent une attention particuli\u00e8re quand on souhaite les am\u00e9nager. Contrairement \u00e0 une pi\u00e8ce classique, il ne suffit souvent pas uniquement de poser les meubles.<\/p>\n\n\n\n<h3 class=\"wp-block-heading\" id=\"aioseo-021-combles-et-isolation-de-la-toiture\">02\u20221 Combles&nbsp; et isolation de la toiture<\/h3>\n\n\n\n<p>Le premier gros point auquel il faut veiller, c'est l'isolation de la toiture. Elle doit \u00eatre suffisante pour vous prot\u00e9ger du froid en hiver et de la chaleur en \u00e9t\u00e9. Il existe des isolants fins qui ne vous feront pas perdre trop de place. Il existe aussi des isolants naturels comme le lin ou le chanvre si vous voulez inscrire la r\u00e9novation de vos combles dans une d\u00e9marche plus durable et responsable.<\/p>\n\n\n\n<h3 class=\"wp-block-heading\" id=\"aioseo-022-combles-et-isolation-du-plancher\">02\u20222 Combles et isolation du plancher<\/h3>\n\n\n\n<p>En plus de l'isolation des pans de la toiture, il faudra aussi penser \u00e0 isoler le plancher. Que vous soyez les personnes qui vivent en dessous ou que ce soit vos voisins, il est primordial de veiller \u00e0 isoler la pi\u00e8ce du dessous du bruit. Le salon est une pi\u00e8ce de vie, g\u00e9n\u00e9ralement on s'y d\u00e9place plus que dans une chambre. <\/p>\n\n\n\n<p>Et si le plancher est en bois, la pi\u00e8ce du dessous va faire caisse de r\u00e9sonance. J'ai d\u00e9j\u00e0 v\u00e9cu une situation similaire, le salon de mes voisins \u00e9tait au dessus de ma chambre \u00e0 coucher. Je peux vous assurer que ce n'est pas une partie de plaisir. Du coup avant de penser \u00e0 installer vos meubles, pensez \u00e0 l'isolation du sol. Diff\u00e9rentes solutions peuvent \u00eatre envisag\u00e9es. Vous pouvez poser une sous-ouche isolante entre le plancher et le parquet. Vous pouvez aussi isoler le plafond de la pi\u00e8ce du dessus.<\/p>\n\n\n\n<h3 class=\"wp-block-heading\" id=\"aioseo-023-acces-a-la-lumiere-naturelle\">02\u20223 Acc\u00e8s \u00e0 la lumi\u00e8re naturelle<\/h3>\n\n\n\n<p>Je ne pense pas qu'il soit n\u00e9cessaire de vanter les m\u00e9rites de la lumi\u00e8re naturelle dans un logement. Depuis une bonne dizaine d'ann\u00e9es, tous les m\u00e9dias parlant de d\u00e9co et d'am\u00e9nagement en parlent, moi y compris. Et si vous envisagez de r\u00e9nover votre grenier pour y cr\u00e9er un salon, c'est un point \u00e0 prendre en compte. <\/p>\n\n\n\n<p>Est-ce qu'il y a d\u00e9j\u00e0 une fen\u00eatre de toit qui est install\u00e9e? Est-elle suffisante? Avez-vous besoin de faire poser d'autres fen\u00eatres pour avoir plus de luminosit\u00e9 dans votre salon? Quel type de fen\u00eatres vous aimeriez? De quel budget disposez-vous? L'isolation et les fen\u00eatres sont un budget cons\u00e9quent \u00e0 pr\u00e9voir et surtout \u00e0 ne pas n\u00e9gliger.<\/p>\n\n\n\n<h3 class=\"wp-block-heading\" id=\"aioseo-024-la-place-du-canape-pour-un-salon-dans-le-grenier\">02\u20224 La place du canap\u00e9 pour un salon dans le grenier<\/h3>\n\n\n\n<p>Passons \u00e0 un am\u00e9nagement moins co\u00fbteux \u00e0 mettre en oeuvre, parlons canap\u00e9. Dans le salon, qu'il soit sous les combles ou non, le canap\u00e9 est le meuble central de votre pi\u00e8ce. Il est donc n\u00e9cessaire de bien le choisir. Parfois 2 petits canap\u00e9s sont plus pratiques qu'un gros canap\u00e9 d'angles, notamment dans les espaces r\u00e9duits, comme dans le grenier. Selon vos combles, le canap\u00e9 aura une ou plusieurs places possibles. <\/p>\n\n\n\n<p>Si la pente du toit le permet (\u00e0 comprendre, si la pente de toit commence suffisamment haut), vous pouvez disposer votre canap\u00e9 contre ce mur bas. Parfois, cette disposition ne le permet pas et vous risquez plus de vous cogner la t\u00eate qu'autre chose. Dans ce cas, le canap\u00e9 peut-\u00eatre sur un autre mur de la pi\u00e8ce. <\/p>\n\n\n\n<p>M\u00eame si en g\u00e9n\u00e9ral, je n'\u00e9mets que tr\u00e8s rarement des r\u00e9serves sur l'am\u00e9nagement ou la d\u00e9coration, ici, je fais en faire une. Je vous d\u00e9conseille de poser le canap\u00e9 dos \u00e0 la cage d'escalier, contre le garde-corps. Il n'est jamais agr\u00e9able de s'asseoir dos au vide. C'est inconscient mais c'est bien l\u00e0! Du coup, \u00e9vitez cet endroit pour poser le canap\u00e9 ou les fauteuils.<\/p>\n\n\n\n<h3 class=\"wp-block-heading\" id=\"aioseo-025-la-place-de-la-television-dans-un-salon-sous-les-combles\">02\u20225 La place de la t\u00e9l\u00e9vision dans un salon sous les combles<\/h3>\n\n\n\n<p>Et justement, au lieu de placer le canap\u00e9 dos au vide, vous pouvez tr\u00e8s bien y mettre la t\u00e9l\u00e9vision. Le principal point \u00e0 veiller c'est de ne pas avoir les rayons du soleil qui se refl\u00e8tent dans votre \u00e9cran (c'est pareil pour un salon classique d'ailleurs). Comme les combles sont g\u00e9n\u00e9ralement une pi\u00e8ce plus lumineuse qu'en rez-de-chauss\u00e9e, c'est une probl\u00e9matique que vous pouvez rencontrer. Evitez de placer l'\u00e9cran de t\u00e9l\u00e9vision droit en face de votre fen\u00eatre de toit. Ce sera plus agr\u00e9able au quotidien.<\/p>\n\n\n\n<h2 class=\"wp-block-heading\" id=\"aioseo-03-comment-amenager-les-parties-en-pentes-pour-un-salon-convivial\">03 \u2022 Comment am\u00e9nager les parties en pentes pour un salon convivial?<\/h2>\n\n\n\n<p>Il y a g\u00e9n\u00e9ralement 2 parties qui sont en pente dans les combles: la toiture \u00e0 proprement parler et le pignon sur lequel est pos\u00e9e la toiture. Je viens de l'\u00e9crire, si vous avez suffisamment de hauteur vous pouvez y mettre le canap\u00e9. Si ce n'est pas le cas, voil\u00e0 diff\u00e9rents am\u00e9nagements possibles:<\/p>\n\n\n\n<ul>\n<li>les radiateurs sous les fen\u00eatres de toit<\/li>\n\n\n\n<li>des biblioth\u00e8ques sur mesure \u00e0 la hauteur du soubassement<\/li>\n\n\n\n<li>une biblioth\u00e8que + un meuble tv sur mesure sur le mur du pignon<\/li>\n\n\n\n<li>un meuble escalier pour avoir des rangements sans pour autant faire appel \u00e0 du sur-mesure<\/li>\n\n\n\n<li>un bout de canap\u00e9 entre le mur et le canap\u00e9 pour optimiser l'espace sans trop en faire<\/li>\n\n\n\n<li>des \u00e9tag\u00e8res d'angles entre les 2 murs pour maximiser les rangements d'appoint<\/li>\n<\/ul>\n\n\n\n<h2 class=\"wp-block-heading\" id=\"aioseo-04-quels-styles-deco-sont-parfaits-pour-un-salon-sous-les-combles\">04 \u2022 Quels styles d\u00e9co sont parfaits pour un salon sous les combles?<\/h2>\n\n\n\n<p>A mon sens, il n'y a pas UN style d\u00e9co magique qui correspond mieux que les autres. Vous avez de nombreuses possibilit\u00e9s pour mettre en valeur votre espace et cr\u00e9er un salon agr\u00e9able \u00e0 vivre.<\/p>\n\n\n\n<p>Le style industriel et le style chalet de montagne par exemple mettront en valeur la charpente de vos combles. Si elle est apparente et que le bois est propre et en bon \u00e9tat, la charpente n'est pas n\u00e9cessairement une contrainte. Elle peut \u00eatre mise en valeur par votre d\u00e9coration. Les styles indus' et chalet ont un point commun, ils donnent au bois brut et naturel une grande importance. L'ambiance chalet de montagne est peut-\u00eatre plus douillette que le style industriel ce qui correspond assez bien avec l'ambiance du salon.<\/p>\n\n\n\n<p>Le style scandinave et ses d\u00e9riv\u00e9s comme le style d\u00e9co slow sont aussi int\u00e9ressants parce qu'ils sont tr\u00e8s lumineux et emprunts d'un certain naturel. Cela vous permettra de cr\u00e9er une ambiance contemporaine dans votre salon. Le style slow est aussi int\u00e9ressant puisqu'il est assez \u00e9pur\u00e9. Si votre salon n'est pas tr\u00e8s grand, ce style peut-\u00eatre un choix int\u00e9ressant.<\/p>\n\n\n\n<p>Enfin, si j'\u00e9tais dans le cas d'un am\u00e9nagement de combles, perso, j'opterai pour une d\u00e9coration naturelle et pleine de plantes. J'aurai tendance \u00e0 transformer le salon sous les combles en jardin d'hiver. C'est peut-\u00eatre d'ailleurs ce que vous recherchez si vous vivez en maison de ville sans jardin ou si vous vivez en appartement sous les toits.<\/p>\n\n\n\n<h2 class=\"wp-block-heading\" id=\"aioseo-05-inspiration-deco-sous-les-combles\">05 \u2022 Inspiration d\u00e9co sous les combles<\/h2>\n\n\n\n<figure class=\"wp-block-gallery has-nested-images columns-default is-cropped wp-block-gallery-1 is-layout-flex wp-block-gallery-is-layout-flex\">\n<figure class=\"wp-block-image size-large\"><a href=\"https:\/\/www.cocondedecoration.com\/blog\/wp-content\/uploads\/2026\/02\/amenager-combles-salon-idee-inspirante.001.jpeg\"><img loading=\"lazy\" decoding=\"async\" width=\"640\" height=\"960\" data-id=\"88028\" src=\"https:\/\/www.cocondedecoration.com\/blog\/wp-content\/uploads\/2026\/02\/amenager-combles-salon-idee-inspirante.001-640x960.jpeg\" alt=\"am\u00e9nagement salon dans les combles id\u00e9es inspirantes cadre cosy plusieurs canap\u00e9s biblioth\u00e8que guirlande lumineuse \" class=\"wp-image-88028\" title=\"am\u00e9nagement salon dans les combles id\u00e9es inspirantes cadre cosy plusieurs canap\u00e9s biblioth\u00e8que guirlande lumineuse \" srcset=\"https:\/\/www.cocondedecoration.com\/blog\/wp-content\/uploads\/2026\/02\/amenager-combles-salon-idee-inspirante.001-640x960.jpeg 640w, https:\/\/www.cocondedecoration.com\/blog\/wp-content\/uploads\/2026\/02\/amenager-combles-salon-idee-inspirante.001-260x390.jpeg 260w, https:\/\/www.cocondedecoration.com\/blog\/wp-content\/uploads\/2026\/02\/amenager-combles-salon-idee-inspirante.001-768x1152.jpeg 768w, https:\/\/www.cocondedecoration.com\/blog\/wp-content\/uploads\/2026\/02\/amenager-combles-salon-idee-inspirante.001-367x550.jpeg 367w, https:\/\/www.cocondedecoration.com\/blog\/wp-content\/uploads\/2026\/02\/amenager-combles-salon-idee-inspirante.001-333x500.jpeg 333w, https:\/\/www.cocondedecoration.com\/blog\/wp-content\/uploads\/2026\/02\/amenager-combles-salon-idee-inspirante.001.jpeg 1000w\" sizes=\"(max-width: 640px) 100vw, 640px\" \/><\/a><figcaption class=\"wp-element-caption\">homemadegraceful.com<\/figcaption><\/figure>\n\n\n\n<figure class=\"wp-block-image size-large\"><a href=\"https:\/\/www.cocondedecoration.com\/blog\/wp-content\/uploads\/2026\/02\/amenager-combles-salon-idee-inspirante.002.jpeg\"><img loading=\"lazy\" decoding=\"async\" width=\"640\" height=\"960\" data-id=\"88026\" src=\"https:\/\/www.cocondedecoration.com\/blog\/wp-content\/uploads\/2026\/02\/amenager-combles-salon-idee-inspirante.002-640x960.jpeg\" alt=\"am\u00e9nagement salon dans les combles id\u00e9es inspirantes grand espace avec structure en bois apparente \" class=\"wp-image-88026\" title=\"am\u00e9nagement salon dans les combles id\u00e9es inspirantes grand espace avec structure en bois apparente \" srcset=\"https:\/\/www.cocondedecoration.com\/blog\/wp-content\/uploads\/2026\/02\/amenager-combles-salon-idee-inspirante.002-640x960.jpeg 640w, https:\/\/www.cocondedecoration.com\/blog\/wp-content\/uploads\/2026\/02\/amenager-combles-salon-idee-inspirante.002-260x390.jpeg 260w, https:\/\/www.cocondedecoration.com\/blog\/wp-content\/uploads\/2026\/02\/amenager-combles-salon-idee-inspirante.002-768x1152.jpeg 768w, https:\/\/www.cocondedecoration.com\/blog\/wp-content\/uploads\/2026\/02\/amenager-combles-salon-idee-inspirante.002-367x550.jpeg 367w, https:\/\/www.cocondedecoration.com\/blog\/wp-content\/uploads\/2026\/02\/amenager-combles-salon-idee-inspirante.002-333x500.jpeg 333w, https:\/\/www.cocondedecoration.com\/blog\/wp-content\/uploads\/2026\/02\/amenager-combles-salon-idee-inspirante.002.jpeg 1000w\" sizes=\"(max-width: 640px) 100vw, 640px\" \/><\/a><figcaption class=\"wp-element-caption\">google.com<\/figcaption><\/figure>\n\n\n\n<figure class=\"wp-block-image size-large\"><a href=\"https:\/\/www.cocondedecoration.com\/blog\/wp-content\/uploads\/2026\/02\/amenager-combles-salon-idee-inspirante.003.jpeg\"><img loading=\"lazy\" decoding=\"async\" width=\"640\" height=\"960\" data-id=\"88023\" src=\"https:\/\/www.cocondedecoration.com\/blog\/wp-content\/uploads\/2026\/02\/amenager-combles-salon-idee-inspirante.003-640x960.jpeg\" alt=\"am\u00e9nagement salon dans les combles id\u00e9es inspirantes petit espace cosy s\u00e9jour d'appoint tapis canap\u00e9 fauteuil \" class=\"wp-image-88023\" title=\"am\u00e9nagement salon dans les combles id\u00e9es inspirantes petit espace cosy s\u00e9jour d'appoint tapis canap\u00e9 fauteuil \" srcset=\"https:\/\/www.cocondedecoration.com\/blog\/wp-content\/uploads\/2026\/02\/amenager-combles-salon-idee-inspirante.003-640x960.jpeg 640w, https:\/\/www.cocondedecoration.com\/blog\/wp-content\/uploads\/2026\/02\/amenager-combles-salon-idee-inspirante.003-260x390.jpeg 260w, https:\/\/www.cocondedecoration.com\/blog\/wp-content\/uploads\/2026\/02\/amenager-combles-salon-idee-inspirante.003-768x1152.jpeg 768w, https:\/\/www.cocondedecoration.com\/blog\/wp-content\/uploads\/2026\/02\/amenager-combles-salon-idee-inspirante.003-367x550.jpeg 367w, https:\/\/www.cocondedecoration.com\/blog\/wp-content\/uploads\/2026\/02\/amenager-combles-salon-idee-inspirante.003-333x500.jpeg 333w, https:\/\/www.cocondedecoration.com\/blog\/wp-content\/uploads\/2026\/02\/amenager-combles-salon-idee-inspirante.003.jpeg 1000w\" sizes=\"(max-width: 640px) 100vw, 640px\" \/><\/a><figcaption class=\"wp-element-caption\">lostateminor.com<\/figcaption><\/figure>\n\n\n\n<figure class=\"wp-block-image size-large\"><a href=\"https:\/\/www.cocondedecoration.com\/blog\/wp-content\/uploads\/2026\/02\/amenager-combles-salon-idee-inspirante.004.jpeg\"><img loading=\"lazy\" decoding=\"async\" width=\"640\" height=\"960\" data-id=\"88025\" src=\"https:\/\/www.cocondedecoration.com\/blog\/wp-content\/uploads\/2026\/02\/amenager-combles-salon-idee-inspirante.004-640x960.jpeg\" alt=\"am\u00e9nagement salon dans les combles id\u00e9es inspirantes sous les toits mansarde petit espace chic tapis ancien fauteuil relax et biblioth\u00e8que \" class=\"wp-image-88025\" title=\"am\u00e9nagement salon dans les combles id\u00e9es inspirantes sous les toits mansarde petit espace chic tapis ancien fauteuil relax et biblioth\u00e8que \" srcset=\"https:\/\/www.cocondedecoration.com\/blog\/wp-content\/uploads\/2026\/02\/amenager-combles-salon-idee-inspirante.004-640x960.jpeg 640w, https:\/\/www.cocondedecoration.com\/blog\/wp-content\/uploads\/2026\/02\/amenager-combles-salon-idee-inspirante.004-260x390.jpeg 260w, https:\/\/www.cocondedecoration.com\/blog\/wp-content\/uploads\/2026\/02\/amenager-combles-salon-idee-inspirante.004-768x1152.jpeg 768w, https:\/\/www.cocondedecoration.com\/blog\/wp-content\/uploads\/2026\/02\/amenager-combles-salon-idee-inspirante.004-367x550.jpeg 367w, https:\/\/www.cocondedecoration.com\/blog\/wp-content\/uploads\/2026\/02\/amenager-combles-salon-idee-inspirante.004-333x500.jpeg 333w, https:\/\/www.cocondedecoration.com\/blog\/wp-content\/uploads\/2026\/02\/amenager-combles-salon-idee-inspirante.004.jpeg 1000w\" sizes=\"(max-width: 640px) 100vw, 640px\" \/><\/a><figcaption class=\"wp-element-caption\">www.seacastle.online\/<\/figcaption><\/figure>\n\n\n\n<figure class=\"wp-block-image size-large\"><a href=\"https:\/\/www.cocondedecoration.com\/blog\/wp-content\/uploads\/2026\/02\/amenager-combles-salon-idee-inspirante.005.jpeg\"><img loading=\"lazy\" decoding=\"async\" width=\"640\" height=\"960\" data-id=\"88022\" src=\"https:\/\/www.cocondedecoration.com\/blog\/wp-content\/uploads\/2026\/02\/amenager-combles-salon-idee-inspirante.005-640x960.jpeg\" alt=\"am\u00e9nagement salon dans les combles id\u00e9es inspirantes ambiance zen et moderne bois et blanc meuble sur-mesure\" class=\"wp-image-88022\" title=\"am\u00e9nagement salon dans les combles id\u00e9es inspirantes ambiance zen et moderne bois et blanc meuble sur-mesure\" srcset=\"https:\/\/www.cocondedecoration.com\/blog\/wp-content\/uploads\/2026\/02\/amenager-combles-salon-idee-inspirante.005-640x960.jpeg 640w, https:\/\/www.cocondedecoration.com\/blog\/wp-content\/uploads\/2026\/02\/amenager-combles-salon-idee-inspirante.005-260x390.jpeg 260w, https:\/\/www.cocondedecoration.com\/blog\/wp-content\/uploads\/2026\/02\/amenager-combles-salon-idee-inspirante.005-768x1152.jpeg 768w, https:\/\/www.cocondedecoration.com\/blog\/wp-content\/uploads\/2026\/02\/amenager-combles-salon-idee-inspirante.005-367x550.jpeg 367w, https:\/\/www.cocondedecoration.com\/blog\/wp-content\/uploads\/2026\/02\/amenager-combles-salon-idee-inspirante.005-333x500.jpeg 333w, https:\/\/www.cocondedecoration.com\/blog\/wp-content\/uploads\/2026\/02\/amenager-combles-salon-idee-inspirante.005.jpeg 1000w\" sizes=\"(max-width: 640px) 100vw, 640px\" \/><\/a><figcaption class=\"wp-element-caption\">designix.fr<\/figcaption><\/figure>\n\n\n\n<figure class=\"wp-block-image size-large\"><a href=\"https:\/\/www.cocondedecoration.com\/blog\/wp-content\/uploads\/2026\/02\/amenager-combles-salon-idee-inspirante.006.jpeg\"><img loading=\"lazy\" decoding=\"async\" width=\"640\" height=\"960\" data-id=\"88030\" src=\"https:\/\/www.cocondedecoration.com\/blog\/wp-content\/uploads\/2026\/02\/amenager-combles-salon-idee-inspirante.006-640x960.jpeg\" alt=\"am\u00e9nagement salon dans les combles id\u00e9es inspirantes banquette sur mesure meuble biblioth\u00e8que rangement \" class=\"wp-image-88030\" title=\"am\u00e9nagement salon dans les combles id\u00e9es inspirantes banquette sur mesure meuble biblioth\u00e8que rangement \" srcset=\"https:\/\/www.cocondedecoration.com\/blog\/wp-content\/uploads\/2026\/02\/amenager-combles-salon-idee-inspirante.006-640x960.jpeg 640w, https:\/\/www.cocondedecoration.com\/blog\/wp-content\/uploads\/2026\/02\/amenager-combles-salon-idee-inspirante.006-260x390.jpeg 260w, https:\/\/www.cocondedecoration.com\/blog\/wp-content\/uploads\/2026\/02\/amenager-combles-salon-idee-inspirante.006-768x1152.jpeg 768w, https:\/\/www.cocondedecoration.com\/blog\/wp-content\/uploads\/2026\/02\/amenager-combles-salon-idee-inspirante.006-367x550.jpeg 367w, https:\/\/www.cocondedecoration.com\/blog\/wp-content\/uploads\/2026\/02\/amenager-combles-salon-idee-inspirante.006-333x500.jpeg 333w, https:\/\/www.cocondedecoration.com\/blog\/wp-content\/uploads\/2026\/02\/amenager-combles-salon-idee-inspirante.006.jpeg 1000w\" sizes=\"(max-width: 640px) 100vw, 640px\" \/><\/a><figcaption class=\"wp-element-caption\">glowdecors.com<\/figcaption><\/figure>\n\n\n\n<figure class=\"wp-block-image size-large\"><a href=\"https:\/\/www.cocondedecoration.com\/blog\/wp-content\/uploads\/2026\/02\/amenager-combles-salon-idee-inspirante.007.jpeg\"><img loading=\"lazy\" decoding=\"async\" width=\"640\" height=\"960\" data-id=\"88029\" src=\"https:\/\/www.cocondedecoration.com\/blog\/wp-content\/uploads\/2026\/02\/amenager-combles-salon-idee-inspirante.007-640x960.jpeg\" alt=\"am\u00e9nagement salon dans les combles id\u00e9es inspirantes petit fauteuil cosy pr\u00e8s du velux fen\u00eatre de toit \" class=\"wp-image-88029\" title=\"am\u00e9nagement salon dans les combles id\u00e9es inspirantes petit fauteuil cosy pr\u00e8s du velux fen\u00eatre de toit \" srcset=\"https:\/\/www.cocondedecoration.com\/blog\/wp-content\/uploads\/2026\/02\/amenager-combles-salon-idee-inspirante.007-640x960.jpeg 640w, https:\/\/www.cocondedecoration.com\/blog\/wp-content\/uploads\/2026\/02\/amenager-combles-salon-idee-inspirante.007-260x390.jpeg 260w, https:\/\/www.cocondedecoration.com\/blog\/wp-content\/uploads\/2026\/02\/amenager-combles-salon-idee-inspirante.007-768x1152.jpeg 768w, https:\/\/www.cocondedecoration.com\/blog\/wp-content\/uploads\/2026\/02\/amenager-combles-salon-idee-inspirante.007-367x550.jpeg 367w, https:\/\/www.cocondedecoration.com\/blog\/wp-content\/uploads\/2026\/02\/amenager-combles-salon-idee-inspirante.007-333x500.jpeg 333w, https:\/\/www.cocondedecoration.com\/blog\/wp-content\/uploads\/2026\/02\/amenager-combles-salon-idee-inspirante.007.jpeg 1000w\" sizes=\"(max-width: 640px) 100vw, 640px\" \/><\/a><figcaption class=\"wp-element-caption\">casabelina.com<\/figcaption><\/figure>\n\n\n\n<figure class=\"wp-block-image size-large\"><a href=\"https:\/\/www.cocondedecoration.com\/blog\/wp-content\/uploads\/2026\/02\/amenager-combles-salon-idee-inspirante.008.jpeg\"><img loading=\"lazy\" decoding=\"async\" width=\"640\" height=\"960\" data-id=\"88027\" src=\"https:\/\/www.cocondedecoration.com\/blog\/wp-content\/uploads\/2026\/02\/amenager-combles-salon-idee-inspirante.008-640x960.jpeg\" alt=\"am\u00e9nagement salon dans les combles id\u00e9es inspirantes espace en longueur sous le tout lumi\u00e8re peinture \u00e9cru tapis petit canap\u00e9 \" class=\"wp-image-88027\" title=\"am\u00e9nagement salon dans les combles id\u00e9es inspirantes espace en longueur sous le tout lumi\u00e8re peinture \u00e9cru tapis petit canap\u00e9 \" srcset=\"https:\/\/www.cocondedecoration.com\/blog\/wp-content\/uploads\/2026\/02\/amenager-combles-salon-idee-inspirante.008-640x960.jpeg 640w, https:\/\/www.cocondedecoration.com\/blog\/wp-content\/uploads\/2026\/02\/amenager-combles-salon-idee-inspirante.008-260x390.jpeg 260w, https:\/\/www.cocondedecoration.com\/blog\/wp-content\/uploads\/2026\/02\/amenager-combles-salon-idee-inspirante.008-768x1152.jpeg 768w, https:\/\/www.cocondedecoration.com\/blog\/wp-content\/uploads\/2026\/02\/amenager-combles-salon-idee-inspirante.008-367x550.jpeg 367w, https:\/\/www.cocondedecoration.com\/blog\/wp-content\/uploads\/2026\/02\/amenager-combles-salon-idee-inspirante.008-333x500.jpeg 333w, https:\/\/www.cocondedecoration.com\/blog\/wp-content\/uploads\/2026\/02\/amenager-combles-salon-idee-inspirante.008.jpeg 1000w\" sizes=\"(max-width: 640px) 100vw, 640px\" \/><\/a><figcaption class=\"wp-element-caption\">yandex.kz<\/figcaption><\/figure>\n\n\n\n<figure class=\"wp-block-image size-large\"><a href=\"https:\/\/www.cocondedecoration.com\/blog\/wp-content\/uploads\/2026\/02\/amenager-combles-salon-idee-inspirante.009.jpeg\"><img loading=\"lazy\" decoding=\"async\" width=\"640\" height=\"960\" data-id=\"88024\" src=\"https:\/\/www.cocondedecoration.com\/blog\/wp-content\/uploads\/2026\/02\/amenager-combles-salon-idee-inspirante.009-640x960.jpeg\" alt=\"am\u00e9nagement salon dans les combles id\u00e9es inspirantes coin musique s\u00e9jour d'appoint instruments tapis d\u00e9co murale galerie de cadres \" class=\"wp-image-88024\" title=\"am\u00e9nagement salon dans les combles id\u00e9es inspirantes coin musique s\u00e9jour d'appoint instruments tapis d\u00e9co murale galerie de cadres \" srcset=\"https:\/\/www.cocondedecoration.com\/blog\/wp-content\/uploads\/2026\/02\/amenager-combles-salon-idee-inspirante.009-640x960.jpeg 640w, https:\/\/www.cocondedecoration.com\/blog\/wp-content\/uploads\/2026\/02\/amenager-combles-salon-idee-inspirante.009-260x390.jpeg 260w, https:\/\/www.cocondedecoration.com\/blog\/wp-content\/uploads\/2026\/02\/amenager-combles-salon-idee-inspirante.009-768x1152.jpeg 768w, https:\/\/www.cocondedecoration.com\/blog\/wp-content\/uploads\/2026\/02\/amenager-combles-salon-idee-inspirante.009-367x550.jpeg 367w, https:\/\/www.cocondedecoration.com\/blog\/wp-content\/uploads\/2026\/02\/amenager-combles-salon-idee-inspirante.009-333x500.jpeg 333w, https:\/\/www.cocondedecoration.com\/blog\/wp-content\/uploads\/2026\/02\/amenager-combles-salon-idee-inspirante.009.jpeg 1000w\" sizes=\"(max-width: 640px) 100vw, 640px\" \/><\/a><figcaption class=\"wp-element-caption\">dallasprolist.com<\/figcaption><\/figure>\n<\/figure>\n\n\n\n<hr class=\"wp-block-separator has-css-opacity is-style-wide\"\/>\n\n\n\n<h2 class=\"wp-block-heading\">Guides d\u00e9co: meublez et am\u00e9nagez facilement votre salon <\/h2>\n\n\n\n<div class=\"wp-block-cb-carousel\" data-slick=\"{&quot;slidesToShow&quot;:3,&quot;slidesToScroll&quot;:1,&quot;speed&quot;:300,&quot;arrows&quot;:true,&quot;dots&quot;:false,&quot;autoplay&quot;:false,&quot;autoplaySpeed&quot;:3000,&quot;infinite&quot;:true,&quot;responsive&quot;:[{&quot;breakpoint&quot;:769,&quot;settings&quot;:{&quot;slidesToShow&quot;:1,&quot;slidesToScroll&quot;:1}}]}\">\n<div class=\"wp-block-cb-slide\">\n<figure class=\"wp-block-image size-large\"><a href=\"https:\/\/www.cocondedecoration.com\/blog\/wp-content\/uploads\/2025\/11\/guide-deco-meuble-salon-1.png\"><img loading=\"lazy\" decoding=\"async\" width=\"640\" height=\"960\" src=\"https:\/\/www.cocondedecoration.com\/blog\/wp-content\/uploads\/2025\/11\/guide-deco-meuble-salon-1-640x960.png\" alt=\"guide d\u00e9co meuble salon bien choisir petit meuble TV \" class=\"wp-image-86628\" title=\"guide d\u00e9co meuble salon bien choisir petit meuble TV \" srcset=\"https:\/\/www.cocondedecoration.com\/blog\/wp-content\/uploads\/2025\/11\/guide-deco-meuble-salon-1-640x960.png 640w, https:\/\/www.cocondedecoration.com\/blog\/wp-content\/uploads\/2025\/11\/guide-deco-meuble-salon-1-260x390.png 260w, https:\/\/www.cocondedecoration.com\/blog\/wp-content\/uploads\/2025\/11\/guide-deco-meuble-salon-1-768x1152.png 768w, https:\/\/www.cocondedecoration.com\/blog\/wp-content\/uploads\/2025\/11\/guide-deco-meuble-salon-1-367x550.png 367w, https:\/\/www.cocondedecoration.com\/blog\/wp-content\/uploads\/2025\/11\/guide-deco-meuble-salon-1-333x500.png 333w, https:\/\/www.cocondedecoration.com\/blog\/wp-content\/uploads\/2025\/11\/guide-deco-meuble-salon-1.png 1000w\" sizes=\"(max-width: 640px) 100vw, 640px\" \/><\/a><figcaption class=\"wp-element-caption\">O\u00f9 trouver un petit meuble t\u00e9l\u00e9? > <a href=\"https:\/\/www.cocondedecoration.com\/blog\/2020\/01\/shopping-deco-un-petit-meuble-tele\/\" target=\"_blank\" rel=\"noopener\" title=\"\">Le guide d\u00e9co est dispo ici<\/a><\/figcaption><\/figure>\n<\/div>\n\n\n\n<div class=\"wp-block-cb-slide\">\n<figure class=\"wp-block-image size-large\"><a href=\"https:\/\/www.cocondedecoration.com\/blog\/wp-content\/uploads\/2025\/11\/guide-deco-meuble-salon-2.png\"><img loading=\"lazy\" decoding=\"async\" width=\"640\" height=\"960\" src=\"https:\/\/www.cocondedecoration.com\/blog\/wp-content\/uploads\/2025\/11\/guide-deco-meuble-salon-2-640x960.png\" alt=\"guide d\u00e9co meuble salon bien choisir canap\u00e9 d'angle \" class=\"wp-image-86627\" title=\"guide d\u00e9co meuble salon bien choisir canap\u00e9 d'angle \" srcset=\"https:\/\/www.cocondedecoration.com\/blog\/wp-content\/uploads\/2025\/11\/guide-deco-meuble-salon-2-640x960.png 640w, https:\/\/www.cocondedecoration.com\/blog\/wp-content\/uploads\/2025\/11\/guide-deco-meuble-salon-2-260x390.png 260w, https:\/\/www.cocondedecoration.com\/blog\/wp-content\/uploads\/2025\/11\/guide-deco-meuble-salon-2-768x1152.png 768w, https:\/\/www.cocondedecoration.com\/blog\/wp-content\/uploads\/2025\/11\/guide-deco-meuble-salon-2-367x550.png 367w, https:\/\/www.cocondedecoration.com\/blog\/wp-content\/uploads\/2025\/11\/guide-deco-meuble-salon-2-333x500.png 333w, https:\/\/www.cocondedecoration.com\/blog\/wp-content\/uploads\/2025\/11\/guide-deco-meuble-salon-2.png 1000w\" sizes=\"(max-width: 640px) 100vw, 640px\" \/><\/a><figcaption class=\"wp-element-caption\">Tout savoir sur le canap\u00e9 d'angle > <a href=\"https:\/\/www.cocondedecoration.com\/blog\/2020\/05\/conseils-deco-tout-savoir-sur-le-canape-dangle\/\" target=\"_blank\" rel=\"noopener\" title=\"\">D\u00e9couvrir le guide d\u00e9co<\/a><\/figcaption><\/figure>\n<\/div>\n\n\n\n<div class=\"wp-block-cb-slide\">\n<figure class=\"wp-block-image size-large\"><a href=\"https:\/\/www.cocondedecoration.com\/blog\/wp-content\/uploads\/2025\/11\/guide-deco-meuble-salon-3.png\"><img loading=\"lazy\" decoding=\"async\" width=\"640\" height=\"960\" src=\"https:\/\/www.cocondedecoration.com\/blog\/wp-content\/uploads\/2025\/11\/guide-deco-meuble-salon-3-640x960.png\" alt=\"guide d\u00e9co meuble salon bien choisir table basse\" class=\"wp-image-86626\" title=\"guide d\u00e9co meuble salon bien choisir table basse\" srcset=\"https:\/\/www.cocondedecoration.com\/blog\/wp-content\/uploads\/2025\/11\/guide-deco-meuble-salon-3-640x960.png 640w, https:\/\/www.cocondedecoration.com\/blog\/wp-content\/uploads\/2025\/11\/guide-deco-meuble-salon-3-260x390.png 260w, https:\/\/www.cocondedecoration.com\/blog\/wp-content\/uploads\/2025\/11\/guide-deco-meuble-salon-3-768x1152.png 768w, https:\/\/www.cocondedecoration.com\/blog\/wp-content\/uploads\/2025\/11\/guide-deco-meuble-salon-3-367x550.png 367w, https:\/\/www.cocondedecoration.com\/blog\/wp-content\/uploads\/2025\/11\/guide-deco-meuble-salon-3-333x500.png 333w, https:\/\/www.cocondedecoration.com\/blog\/wp-content\/uploads\/2025\/11\/guide-deco-meuble-salon-3.png 1000w\" sizes=\"(max-width: 640px) 100vw, 640px\" \/><\/a><figcaption class=\"wp-element-caption\">Comment choisir sa nouvelle table basse? > <a href=\"https:\/\/www.cocondedecoration.com\/blog\/2018\/10\/conseils-deco-comment-bien-choisir-sa-table-basse\/\" target=\"_blank\" rel=\"noopener\" title=\"\">En savoir plus ici <\/a><\/figcaption><\/figure>\n<\/div>\n\n\n\n<div class=\"wp-block-cb-slide\">\n<figure class=\"wp-block-image size-large\"><a href=\"https:\/\/www.cocondedecoration.com\/blog\/wp-content\/uploads\/2025\/11\/guide-deco-meuble-salon-4.png\"><img loading=\"lazy\" decoding=\"async\" width=\"640\" height=\"960\" src=\"https:\/\/www.cocondedecoration.com\/blog\/wp-content\/uploads\/2025\/11\/guide-deco-meuble-salon-4-640x960.png\" alt=\"guide d\u00e9co meuble salon bien choisir housse de canap\u00e9 \" class=\"wp-image-86625\" title=\"guide d\u00e9co meuble salon bien choisir housse de canap\u00e9 \" srcset=\"https:\/\/www.cocondedecoration.com\/blog\/wp-content\/uploads\/2025\/11\/guide-deco-meuble-salon-4-640x960.png 640w, https:\/\/www.cocondedecoration.com\/blog\/wp-content\/uploads\/2025\/11\/guide-deco-meuble-salon-4-260x390.png 260w, https:\/\/www.cocondedecoration.com\/blog\/wp-content\/uploads\/2025\/11\/guide-deco-meuble-salon-4-768x1152.png 768w, https:\/\/www.cocondedecoration.com\/blog\/wp-content\/uploads\/2025\/11\/guide-deco-meuble-salon-4-367x550.png 367w, https:\/\/www.cocondedecoration.com\/blog\/wp-content\/uploads\/2025\/11\/guide-deco-meuble-salon-4-333x500.png 333w, https:\/\/www.cocondedecoration.com\/blog\/wp-content\/uploads\/2025\/11\/guide-deco-meuble-salon-4.png 1000w\" sizes=\"(max-width: 640px) 100vw, 640px\" \/><\/a><figcaption class=\"wp-element-caption\">Prot\u00e9ger son canap\u00e9 avec une housse d\u00e9co > <a href=\"https:\/\/www.cocondedecoration.com\/blog\/2025\/07\/housse-de-canape\/\" target=\"_blank\" rel=\"noopener\" title=\"\">Le guide d\u00e9co est ici<\/a><\/figcaption><\/figure>\n<\/div>\n\n\n\n<div class=\"wp-block-cb-slide\">\n<figure class=\"wp-block-image size-large is-resized\"><a href=\"https:\/\/www.cocondedecoration.com\/blog\/wp-content\/uploads\/2025\/11\/guide-deco-meuble-salon-5.png\"><img loading=\"lazy\" decoding=\"async\" width=\"640\" height=\"960\" src=\"https:\/\/www.cocondedecoration.com\/blog\/wp-content\/uploads\/2025\/11\/guide-deco-meuble-salon-5-640x960.png\" alt=\"guide d\u00e9co meuble salon bien choisir canap\u00e9 petit salon \" class=\"wp-image-86624\" style=\"width:257px;height:auto\" title=\"guide d\u00e9co meuble salon bien choisir canap\u00e9 petit salon \" srcset=\"https:\/\/www.cocondedecoration.com\/blog\/wp-content\/uploads\/2025\/11\/guide-deco-meuble-salon-5-640x960.png 640w, https:\/\/www.cocondedecoration.com\/blog\/wp-content\/uploads\/2025\/11\/guide-deco-meuble-salon-5-260x390.png 260w, https:\/\/www.cocondedecoration.com\/blog\/wp-content\/uploads\/2025\/11\/guide-deco-meuble-salon-5-768x1152.png 768w, https:\/\/www.cocondedecoration.com\/blog\/wp-content\/uploads\/2025\/11\/guide-deco-meuble-salon-5-367x550.png 367w, https:\/\/www.cocondedecoration.com\/blog\/wp-content\/uploads\/2025\/11\/guide-deco-meuble-salon-5-333x500.png 333w, https:\/\/www.cocondedecoration.com\/blog\/wp-content\/uploads\/2025\/11\/guide-deco-meuble-salon-5.png 1000w\" sizes=\"(max-width: 640px) 100vw, 640px\" \/><\/a><figcaption class=\"wp-element-caption\">Bien choisir son petit canap\u00e9 > <a href=\"https:\/\/www.cocondedecoration.com\/blog\/2018\/05\/10-canapes-pour-un-petit-salon\/\" target=\"_blank\" rel=\"noopener\" title=\"\">D\u00e9couvrez mes conseils<\/a><\/figcaption><\/figure>\n<\/div>\n\n\n\n<div class=\"wp-block-cb-slide\">\n<figure class=\"wp-block-image size-large\"><a href=\"https:\/\/www.cocondedecoration.com\/blog\/wp-content\/uploads\/2025\/11\/guide-deco-meuble-salon-6.png\"><img loading=\"lazy\" decoding=\"async\" width=\"640\" height=\"960\" src=\"https:\/\/www.cocondedecoration.com\/blog\/wp-content\/uploads\/2025\/11\/guide-deco-meuble-salon-6-640x960.png\" alt=\"guide d\u00e9co meuble salon bien choisir bout de canap\u00e9 table d'appoint \" class=\"wp-image-86623\" title=\"guide d\u00e9co meuble salon bien choisir bout de canap\u00e9 table d'appoint \" srcset=\"https:\/\/www.cocondedecoration.com\/blog\/wp-content\/uploads\/2025\/11\/guide-deco-meuble-salon-6-640x960.png 640w, https:\/\/www.cocondedecoration.com\/blog\/wp-content\/uploads\/2025\/11\/guide-deco-meuble-salon-6-260x390.png 260w, https:\/\/www.cocondedecoration.com\/blog\/wp-content\/uploads\/2025\/11\/guide-deco-meuble-salon-6-768x1152.png 768w, https:\/\/www.cocondedecoration.com\/blog\/wp-content\/uploads\/2025\/11\/guide-deco-meuble-salon-6-367x550.png 367w, https:\/\/www.cocondedecoration.com\/blog\/wp-content\/uploads\/2025\/11\/guide-deco-meuble-salon-6-333x500.png 333w, https:\/\/www.cocondedecoration.com\/blog\/wp-content\/uploads\/2025\/11\/guide-deco-meuble-salon-6.png 1000w\" sizes=\"(max-width: 640px) 100vw, 640px\" \/><\/a><figcaption class=\"wp-element-caption\">Bout de canap\u00e9 > <a href=\"https:\/\/www.cocondedecoration.com\/blog\/2022\/07\/ou-trouver-bout-de-canape-moderne\/\" target=\"_blank\" rel=\"noopener\" title=\"\">S\u00e9lection \u00e0 retrouver ici<\/a><\/figcaption><\/figure>\n<\/div>\n\n\n\n<div class=\"wp-block-cb-slide\">\n<figure class=\"wp-block-image size-large\"><a href=\"https:\/\/www.cocondedecoration.com\/blog\/wp-content\/uploads\/2025\/11\/guide-deco-meuble-salon-7.png\"><img loading=\"lazy\" decoding=\"async\" width=\"640\" height=\"960\" src=\"https:\/\/www.cocondedecoration.com\/blog\/wp-content\/uploads\/2025\/11\/guide-deco-meuble-salon-7-640x960.png\" alt=\"guide d\u00e9co meuble salon bien choisir canap\u00e9 convertible pas cher \" class=\"wp-image-86622\" title=\"guide d\u00e9co meuble salon bien choisir canap\u00e9 convertible pas cher \" srcset=\"https:\/\/www.cocondedecoration.com\/blog\/wp-content\/uploads\/2025\/11\/guide-deco-meuble-salon-7-640x960.png 640w, https:\/\/www.cocondedecoration.com\/blog\/wp-content\/uploads\/2025\/11\/guide-deco-meuble-salon-7-260x390.png 260w, https:\/\/www.cocondedecoration.com\/blog\/wp-content\/uploads\/2025\/11\/guide-deco-meuble-salon-7-768x1152.png 768w, https:\/\/www.cocondedecoration.com\/blog\/wp-content\/uploads\/2025\/11\/guide-deco-meuble-salon-7-367x550.png 367w, https:\/\/www.cocondedecoration.com\/blog\/wp-content\/uploads\/2025\/11\/guide-deco-meuble-salon-7-333x500.png 333w, https:\/\/www.cocondedecoration.com\/blog\/wp-content\/uploads\/2025\/11\/guide-deco-meuble-salon-7.png 1000w\" sizes=\"(max-width: 640px) 100vw, 640px\" \/><\/a><figcaption class=\"wp-element-caption\"><a href=\"https:\/\/www.cocondedecoration.com\/blog\/2021\/01\/ou-trouver-canape-convertible-petit-prix\/\" target=\"_blank\" rel=\"noopener\" title=\"\">O\u00f9 trouver un canap\u00e9 convertible pas cher? <\/a>> En savoir plus<\/figcaption><\/figure>\n<\/div>\n\n\n\n<div class=\"wp-block-cb-slide\">\n<figure class=\"wp-block-image size-large\"><a href=\"https:\/\/www.cocondedecoration.com\/blog\/wp-content\/uploads\/2025\/11\/guide-deco-meuble-salon-8.png\"><img loading=\"lazy\" decoding=\"async\" width=\"640\" height=\"960\" src=\"https:\/\/www.cocondedecoration.com\/blog\/wp-content\/uploads\/2025\/11\/guide-deco-meuble-salon-8-640x960.png\" alt=\"guide d\u00e9co meuble salon bien choisir liseuse derri\u00e8re canap\u00e9 luminaire lampadaire \" class=\"wp-image-86621\" title=\"guide d\u00e9co meuble salon bien choisir liseuse derri\u00e8re canap\u00e9 luminaire lampadaire \" srcset=\"https:\/\/www.cocondedecoration.com\/blog\/wp-content\/uploads\/2025\/11\/guide-deco-meuble-salon-8-640x960.png 640w, https:\/\/www.cocondedecoration.com\/blog\/wp-content\/uploads\/2025\/11\/guide-deco-meuble-salon-8-260x390.png 260w, https:\/\/www.cocondedecoration.com\/blog\/wp-content\/uploads\/2025\/11\/guide-deco-meuble-salon-8-768x1152.png 768w, https:\/\/www.cocondedecoration.com\/blog\/wp-content\/uploads\/2025\/11\/guide-deco-meuble-salon-8-367x550.png 367w, https:\/\/www.cocondedecoration.com\/blog\/wp-content\/uploads\/2025\/11\/guide-deco-meuble-salon-8-333x500.png 333w, https:\/\/www.cocondedecoration.com\/blog\/wp-content\/uploads\/2025\/11\/guide-deco-meuble-salon-8.png 1000w\" sizes=\"(max-width: 640px) 100vw, 640px\" \/><\/a><figcaption class=\"wp-element-caption\">Une liseuse derri\u00e8re le canap\u00e9 > <a href=\"https:\/\/www.cocondedecoration.com\/blog\/2024\/11\/choisir-lampe-lecture-salon\/\" target=\"_blank\" rel=\"noopener\" title=\"\">D\u00e9couvrir le guide<\/a><\/figcaption><\/figure>\n<\/div>\n<\/div>\n\n\n\n<p class=\"has-small-font-size\">Pour plus d'inspirations d\u00e9co au quotidien (pour le salon mais pas que!) rejoignez moi sur <a href=\"https:\/\/pinterest.fr\/cocondedeco\/\" target=\"_blank\" rel=\"noopener\" title=\"\">Pinterest<\/a> et sur <a href=\"https:\/\/www.threads.com\/@cocondedeco\" target=\"_blank\" rel=\"noopener\" title=\"\">Threads<\/a> (: <\/p>\n\n\n\n<p class=\"has-text-align-left has-small-font-size\">Article mis \u00e0 jour en d\u00e9cembre 2023 + f\u00e9vrier 2026<br>Source de l'image \u00e0 la une: thenulife.etsy.com<\/p>\n","protected":false},"excerpt":{"rendered":"<p>Cr\u00e9er un salon sous les combles n&rsquo;est pas impossible. Conseils et inspirations pour cr\u00e9er une pi\u00e8ce agr\u00e9able sous le toit vous attendent dans cet article.<span class=\"more-link\"><a href=\"https:\/\/www.cocondedecoration.com\/blog\/2018\/02\/un-salon-sous-les-combles\/\">Lire la suite<\/a><\/span><\/p>\n","protected":false},"author":1,"featured_media":88032,"comment_status":"open","ping_status":"open","sticky":false,"template":"","format":"standard","meta":{"om_disable_all_campaigns":false,"_monsterinsights_skip_tracking":false,"_monsterinsights_sitenote_active":false,"_monsterinsights_sitenote_note":"","_monsterinsights_sitenote_category":0,"_uf_show_specific_survey":0,"_uf_disable_surveys":false,"footnotes":""},"categories":[9756,62065],"tags":[10170,9772,9773,9774,2223,9184,10174,10175,10171,10172,9757,2945,8896,10180,9765,781,9758,9762,9761,129,528,126,10173,10176,9768,10178,10177,2503,9763,10181,6144,735,3282,201,433,3107,9764,9775,9766,9760,1803,9767,9770,9771,37,9759,10179,9769,9506,1152],"aioseo_notices":[],"_links":{"self":[{"href":"https:\/\/www.cocondedecoration.com\/blog\/wp-json\/wp\/v2\/posts\/17061"}],"collection":[{"href":"https:\/\/www.cocondedecoration.com\/blog\/wp-json\/wp\/v2\/posts"}],"about":[{"href":"https:\/\/www.cocondedecoration.com\/blog\/wp-json\/wp\/v2\/types\/post"}],"author":[{"embeddable":true,"href":"https:\/\/www.cocondedecoration.com\/blog\/wp-json\/wp\/v2\/users\/1"}],"replies":[{"embeddable":true,"href":"https:\/\/www.cocondedecoration.com\/blog\/wp-json\/wp\/v2\/comments?post=17061"}],"version-history":[{"count":3,"href":"https:\/\/www.cocondedecoration.com\/blog\/wp-json\/wp\/v2\/posts\/17061\/revisions"}],"predecessor-version":[{"id":88033,"href":"https:\/\/www.cocondedecoration.com\/blog\/wp-json\/wp\/v2\/posts\/17061\/revisions\/88033"}],"wp:featuredmedia":[{"embeddable":true,"href":"https:\/\/www.cocondedecoration.com\/blog\/wp-json\/wp\/v2\/media\/88032"}],"wp:attachment":[{"href":"https:\/\/www.cocondedecoration.com\/blog\/wp-json\/wp\/v2\/media?parent=17061"}],"wp:term":[{"taxonomy":"category","embeddable":true,"href":"https:\/\/www.cocondedecoration.com\/blog\/wp-json\/wp\/v2\/categories?post=17061"},{"taxonomy":"post_tag","embeddable":true,"href":"https:\/\/www.cocondedecoration.com\/blog\/wp-json\/wp\/v2\/tags?post=17061"}],"curies":[{"name":"wp","href":"https:\/\/api.w.org\/{rel}","templated":true}]}}