{"id":13903,"date":"2016-11-23T03:00:12","date_gmt":"2016-11-23T01:00:12","guid":{"rendered":"http:\/\/www.cocondedecoration.com\/blog\/?p=13903"},"modified":"2018-07-18T11:14:12","modified_gmt":"2018-07-18T09:14:12","slug":"profiter-de-son-salon-de-jardin-toute-lannee","status":"publish","type":"post","link":"https:\/\/www.cocondedecoration.com\/blog\/2016\/11\/profiter-de-son-salon-de-jardin-toute-lannee\/","title":{"rendered":"Profiter de son salon de jardin toute l&rsquo;ann\u00e9e"},"content":{"rendered":"<p style=\"text-align: justify;\">Si vous suivez ce blog, vous savez que j'ai la chance de vivre au soleil en ce moment. On a un temps magnifique, les temp\u00e9ratures ne descendent pas en dessous de 30\u00b0 sauf \u00e9ventuellement la nuit. Et forc\u00e9ment, on passe beaucoup de temps \u00e0 vivre dehors. J'arr\u00eate l\u00e0, je ne vais pas \u00e9crire un article juste pour vous narguer. En revanche, j'avais envie de vous montrer qu'il est possible d'utiliser son salon de jardin toute l'ann\u00e9e, m\u00eame si les temp\u00e9ratures ne sont pas au top du top!<\/p>\n<h4 style=\"text-align: justify;\">Le salon de jardin qui ne rentre pas<\/h4>\n<p style=\"text-align: justify;\">Depuis quelques ann\u00e9es de r\u00e9els efforts ont \u00e9t\u00e9 faits quant aux salons de jardin. Ils sont plus jolis. Mais ils sont aussi plus r\u00e9sistants. Finies la table et les chaises vertes en plastiques qui cassent au moindre choc. Certains salons de jardin sont fabriqu\u00e9s en vue de rester toute l'ann\u00e9e en ext\u00e9rieur. Ils ne craignent pas la pluie, ni le gel, comme les salons de jardin en r\u00e9sine par exemple.<br \/>\nCe qui est int\u00e9ressant dans ce type de salons de jardin c'est qu'ils meublent votre ext\u00e9rieur, ils lui donnent de la vie. M\u00eame si le temps est maussade et que vous n'avez pas envie d'aller dans le jardin, il semblera moins morne en le regardant par la fen\u00eatre. Il suffit juste de rentrer les coussins (g\u00e9n\u00e9ralement peu encombrants) et au printemps de le nettoyer rapidement pour que votre salon ext\u00e9rieur soit \u00e0 nouveau fonctionnel.<br \/>\nD'ailleurs, n'h\u00e9sitez pas \u00e0 d\u00e9couvrir cette s\u00e9lection <span style=\"text-decoration: underline;\"><a href=\"https:\/\/delormdesign.com\/10-salon-de-jardin-design\" target=\"_blank\" rel=\"noopener\">salon de jardin<\/a><\/span>.<\/p>\n<p style=\"text-align: justify;\"><a href=\"http:\/\/www.cotemaison.fr\/bois-nature\/diaporama\/maison-en-bois-au-cap-ferret-pour-grande-famille_22722.html#diaporama\" target=\"_blank\" rel=\"noopener\"><img loading=\"lazy\" decoding=\"async\" class=\"aligncenter wp-image-13905 size-full\" title=\"salon-de-jardin-bois-deco-design-pergola\" src=\"http:\/\/www.cocondedecoration.com\/blog\/wp-content\/uploads\/2016\/11\/salon-de-jardin-bois-deco-design-pergola.jpg\" alt=\"salon-de-jardin-bois-deco-design-pergola\" width=\"420\" height=\"630\" srcset=\"https:\/\/www.cocondedecoration.com\/blog\/wp-content\/uploads\/2016\/11\/salon-de-jardin-bois-deco-design-pergola.jpg 420w, https:\/\/www.cocondedecoration.com\/blog\/wp-content\/uploads\/2016\/11\/salon-de-jardin-bois-deco-design-pergola-260x390.jpg 260w, https:\/\/www.cocondedecoration.com\/blog\/wp-content\/uploads\/2016\/11\/salon-de-jardin-bois-deco-design-pergola-365x548.jpg 365w\" sizes=\"(max-width: 420px) 100vw, 420px\" \/><\/a><\/p>\n<h4 style=\"text-align: justify;\">Un salon de jardin sous une pergola<\/h4>\n<p style=\"text-align: justify;\">Autre possibilit\u00e9 pour profiter de son salon de jardin m\u00eame quand le temps n'est plus au beau fixe: le placer sous une pergola. Evidemment, il faut que vous ayez un jardin assez grand pour accueillir ce type d'installation. Elle vous permettra de vous abriter de la pluie. Si vous ajoutez un brasero ou un chauffage ext\u00e9rieur vous profiterez de cet espace m\u00eame cet hiver, quand les temp\u00e9ratures seront moins cl\u00e9mente. A cela, vous ajoutez quelques jolies guirlandes et luminaires ext\u00e9rieurs et vous aurez un espace cosy en ext\u00e9rieur tout au long de l'ann\u00e9e.<\/p>\n<p style=\"text-align: justify;\"><a href=\"http:\/\/www.blueberryhome.fr\/wp-content\/uploads\/2016\/09\/jardin-hiver-3.jpg\" target=\"_blank\" rel=\"noopener\"><img loading=\"lazy\" decoding=\"async\" class=\"aligncenter wp-image-13906 size-full\" title=\"salon-de-jardin-deco-ete-hiver\" src=\"http:\/\/www.cocondedecoration.com\/blog\/wp-content\/uploads\/2016\/11\/salon-de-jardin-deco-ete-hiver.jpg\" alt=\"salon-de-jardin-deco-ete-hiver\" width=\"564\" height=\"788\" srcset=\"https:\/\/www.cocondedecoration.com\/blog\/wp-content\/uploads\/2016\/11\/salon-de-jardin-deco-ete-hiver.jpg 564w, https:\/\/www.cocondedecoration.com\/blog\/wp-content\/uploads\/2016\/11\/salon-de-jardin-deco-ete-hiver-260x363.jpg 260w, https:\/\/www.cocondedecoration.com\/blog\/wp-content\/uploads\/2016\/11\/salon-de-jardin-deco-ete-hiver-365x510.jpg 365w\" sizes=\"(max-width: 564px) 100vw, 564px\" \/><\/a><\/p>\n<h4 style=\"text-align: justify;\">Un salon de jardin dans la v\u00e9randa<\/h4>\n<p style=\"text-align: justify;\">Enfin, la derni\u00e8re possibilit\u00e9 pour profiter de son salon de jardin quand le temps est maussade, c'est de l'installer dans la v\u00e9randa si vous en avez une. La v\u00e9randa est un espace que j'affectionne beaucoup parce qu'il n'est pas tout \u00e0 fait \u00e0 l'int\u00e9rieur et pas tout \u00e0 fait \u00e0 l'ext\u00e9rieur. Vous b\u00e9n\u00e9ficiez de la chaleur de la maison ainsi que de la luminosit\u00e9 ext\u00e9rieure. Mettre un salon de jardin dans une v\u00e9randa c'est un bon d\u00e9but pour commencer un jardin d'hiver, un lieu ressour\u00e7ant peu importe le temps, rempli de verdure et de plantes.<\/p>\n<p style=\"text-align: justify;\">Et vous votre salon de jardin, vous\u00a0l'utilisez toute l'ann\u00e9e?<\/p>\n<p style=\"text-align: justify;\"><a href=\"https:\/\/fr.pinterest.com\/pin\/517562182150950406\/\" target=\"_blank\" rel=\"noopener\"><img loading=\"lazy\" decoding=\"async\" class=\"aligncenter wp-image-13907 size-full\" title=\"hiver-salon-de-jardin\" src=\"http:\/\/www.cocondedecoration.com\/blog\/wp-content\/uploads\/2016\/11\/hiver-salon-de-jardin.jpg\" alt=\"hiver-salon-de-jardin\" width=\"353\" height=\"530\" srcset=\"https:\/\/www.cocondedecoration.com\/blog\/wp-content\/uploads\/2016\/11\/hiver-salon-de-jardin.jpg 353w, https:\/\/www.cocondedecoration.com\/blog\/wp-content\/uploads\/2016\/11\/hiver-salon-de-jardin-260x390.jpg 260w\" sizes=\"(max-width: 353px) 100vw, 353px\" \/><\/a><\/p>\n","protected":false},"excerpt":{"rendered":"<p>Si vous suivez ce blog, vous savez que j&rsquo;ai la chance de vivre au soleil en ce moment. On a un temps magnifique, les temp\u00e9ratures ne descendent pas en dessous de 30\u00b0 sauf \u00e9ventuellement la nuit. Et forc\u00e9ment, on passe beaucoup de temps \u00e0 vivre dehors. J&rsquo;arr\u00eate l\u00e0, je ne<span class=\"more-link\"><a href=\"https:\/\/www.cocondedecoration.com\/blog\/2016\/11\/profiter-de-son-salon-de-jardin-toute-lannee\/\">Lire la suite<\/a><\/span><\/p>\n","protected":false},"author":1,"featured_media":13905,"comment_status":"open","ping_status":"open","sticky":false,"template":"","format":"standard","meta":{"om_disable_all_campaigns":false,"_monsterinsights_skip_tracking":false,"_monsterinsights_sitenote_active":false,"_monsterinsights_sitenote_note":"","_monsterinsights_sitenote_category":0,"_uf_show_specific_survey":0,"_uf_disable_surveys":false,"footnotes":""},"categories":[2314,592],"tags":[129,528,204,1983,346],"aioseo_notices":[],"_links":{"self":[{"href":"https:\/\/www.cocondedecoration.com\/blog\/wp-json\/wp\/v2\/posts\/13903"}],"collection":[{"href":"https:\/\/www.cocondedecoration.com\/blog\/wp-json\/wp\/v2\/posts"}],"about":[{"href":"https:\/\/www.cocondedecoration.com\/blog\/wp-json\/wp\/v2\/types\/post"}],"author":[{"embeddable":true,"href":"https:\/\/www.cocondedecoration.com\/blog\/wp-json\/wp\/v2\/users\/1"}],"replies":[{"embeddable":true,"href":"https:\/\/www.cocondedecoration.com\/blog\/wp-json\/wp\/v2\/comments?post=13903"}],"version-history":[{"count":0,"href":"https:\/\/www.cocondedecoration.com\/blog\/wp-json\/wp\/v2\/posts\/13903\/revisions"}],"wp:featuredmedia":[{"embeddable":true,"href":"https:\/\/www.cocondedecoration.com\/blog\/wp-json\/wp\/v2\/media\/13905"}],"wp:attachment":[{"href":"https:\/\/www.cocondedecoration.com\/blog\/wp-json\/wp\/v2\/media?parent=13903"}],"wp:term":[{"taxonomy":"category","embeddable":true,"href":"https:\/\/www.cocondedecoration.com\/blog\/wp-json\/wp\/v2\/categories?post=13903"},{"taxonomy":"post_tag","embeddable":true,"href":"https:\/\/www.cocondedecoration.com\/blog\/wp-json\/wp\/v2\/tags?post=13903"}],"curies":[{"name":"wp","href":"https:\/\/api.w.org\/{rel}","templated":true}]}}