{"id":13681,"date":"2016-09-29T23:12:26","date_gmt":"2016-09-29T21:12:26","guid":{"rendered":"http:\/\/www.cocondedecoration.com\/blog\/?p=13681"},"modified":"2016-09-29T23:12:26","modified_gmt":"2016-09-29T21:12:26","slug":"bye-bye-dunkerque","status":"publish","type":"post","link":"https:\/\/www.cocondedecoration.com\/blog\/2016\/09\/bye-bye-dunkerque\/","title":{"rendered":"Bye bye Dunkerque"},"content":{"rendered":"<p style=\"text-align: justify;\">On est \u00e0 quelques heures du d\u00e9part... Et j'ai quand m\u00eame un petit pincement au coeur de quitter Dunkerque, ma ville d'adoption depuis plus de 10 ans. Forc\u00e9ment en une d\u00e9cennie, j'ai eu le temps de d\u00e9couvrir cette nouvelle ville et d'appr\u00e9cier toutes les petites choses qui font qu'elle est extra. Je me souviens comme si c'\u00e9tait hier de ma premi\u00e8re rencontre avec Dunkerque... Mais tr\u00eave de nostalgie! Si un jour tu es de passage \u00e0 Dunkerque,\u00a0il y a un tas de choses \u00e0 voir et \u00e0 d\u00e9couvrir!<\/p>\n<h4 style=\"text-align: justify;\">Dunkerque en vid\u00e9o<\/h4>\n<p style=\"text-align: justify;\">Avec notre changement de vie, j'avais envie de vous proposer un peu de nouveaut\u00e9 sur le blog et cela passe par la cr\u00e9ation de vid\u00e9os. Les photos c'est bien, mais comme on va voir des choses extras, on s'est sit qu'il fallait plus que des photos pour les partager avec vous. Et on commence tout de suite, avec la ville que l'on quitte: Dunkerque!<\/p>\n<p><iframe loading=\"lazy\" src=\"https:\/\/player.vimeo.com\/video\/184374931?dnt=1&amp;app_id=122963\" width=\"1280\" height=\"720\" frameborder=\"0\" allow=\"autoplay; fullscreen\" allowfullscreen title=\"Visite de Dunkerque\"><\/iframe><\/p>\n<h4 style=\"text-align: justify;\">Dunkerque, en famille<\/h4>\n<p style=\"text-align: justify;\">- Les parcs: A Rosenda\u00ebl, il y a le parc Felix Coquelles, \u00e0 Coudekerque-Branche c'est le parc du Fort Louis. Vous y trouverez des aires de jeux pour les enfants dans des cadres verdoyants et super agr\u00e9ables.<br \/>\n- <span style=\"text-decoration: underline;\"><a href=\"http:\/\/www.parc-zoologique.fr\/\" target=\"_blank\">Le Zoo de Fort-Mardyck*<\/a><\/span>: M\u00eame si je ne suis pas une grande fan des animaux dans les zoos, j'ai pris plaisir \u00e0 d\u00e9couvrir celui de Fort-Mardyck. Un zoo qui n'est pas trop grand et qui ne devrait donc pas ennuyer vos enfants.<br \/>\n- <span style=\"text-decoration: underline;\"><a href=\"http:\/\/www.ville-coudekerque-branche.fr\/index.php?menu=11&amp;page=page&amp;pageID=84\" target=\"_blank\">La ferme Vernaelde \u00e0 Coudekerque-Branche<\/a><\/span>: C'est une ferme p\u00e9dagogique o\u00f9 vous pourrez voir un tas d'animaux comme des \u00e2nes, des cochons, des poules. (Je me suis d\u00e9j\u00e0 fait courser par un coq, je n'\u00e9tais pas fi\u00e8re...)<br \/>\n- <span style=\"text-decoration: underline;\"><a href=\"http:\/\/www.le-plus.fr\/accueil\/\" target=\"_blank\">Le Plan\u00e9tarium de Cappelle-la-Grande<\/a><\/span>*: J'en ai d\u00e9j\u00e0 parl\u00e9 sur le blog, ce plan\u00e9tarium vous permettra de mieux comprendre l'univers. C'est un espace qui est compl\u00e8tement Kids Friendly.<\/p>\n<figure id=\"attachment_13739\" aria-describedby=\"caption-attachment-13739\" style=\"width: 2400px\" class=\"wp-caption aligncenter\"><a href=\"http:\/\/www.cocondedecoration.com\/blog\/wp-content\/uploads\/2016\/09\/ferme-vernaelde-decouverte-coudekerque-branche.jpg\" target=\"_blank\"><img loading=\"lazy\" decoding=\"async\" class=\"wp-image-13739 size-full\" title=\"ferme-vernaelde-decouverte-coudekerque-branche\" src=\"http:\/\/www.cocondedecoration.com\/blog\/wp-content\/uploads\/2016\/09\/ferme-vernaelde-decouverte-coudekerque-branche.jpg\" alt=\"ferme-vernaelde-decouverte-coudekerque-branche\" width=\"2400\" height=\"1200\" srcset=\"https:\/\/www.cocondedecoration.com\/blog\/wp-content\/uploads\/2016\/09\/ferme-vernaelde-decouverte-coudekerque-branche.jpg 2400w, https:\/\/www.cocondedecoration.com\/blog\/wp-content\/uploads\/2016\/09\/ferme-vernaelde-decouverte-coudekerque-branche-260x130.jpg 260w, https:\/\/www.cocondedecoration.com\/blog\/wp-content\/uploads\/2016\/09\/ferme-vernaelde-decouverte-coudekerque-branche-768x384.jpg 768w, https:\/\/www.cocondedecoration.com\/blog\/wp-content\/uploads\/2016\/09\/ferme-vernaelde-decouverte-coudekerque-branche-640x320.jpg 640w, https:\/\/www.cocondedecoration.com\/blog\/wp-content\/uploads\/2016\/09\/ferme-vernaelde-decouverte-coudekerque-branche-365x183.jpg 365w\" sizes=\"(max-width: 2400px) 100vw, 2400px\" \/><\/a><figcaption id=\"caption-attachment-13739\" class=\"wp-caption-text\">La ferme Vernaelde \u00e0 Coudekerque Branche<\/figcaption><\/figure>\n<h4 style=\"text-align: justify;\">Dunkerque \u00e0 carnaval<\/h4>\n<p style=\"text-align: justify;\">Difficile de parler des choses \u00e0 faire sur Dunkerque, sans parler de carnaval. Il y a clairement un tourisme autour de cette f\u00eate qui dure plusieurs mois. En partant, on sait que \u00e7a va nous manquer. On a tellement de bons souvenirs de carnaval... (Et on pr\u00e9voit de faire des Skypes avec les copains pendant les bals, nous on viendra de se lever). Bref, si tu veux venir voir les carnavaleux\u00a0et \u00e9ventuellement faire carnaval, il faut savoir que ce n'est pas juste une beuverie et qu'il y a des r\u00e8gles \u00e0 respecter. Dans l'id\u00e9al, tu es avec un gentil Dunkerquois qui t'expliquera les choses bien comme il faut et tu pourras appr\u00e9cier grandement toutes les facettes de carnaval!<\/p>\n<p style=\"text-align: justify;\"><a href=\"http:\/\/www.cocondedecoration.com\/blog\/wp-content\/uploads\/2016\/09\/dunkerque-carnaval-decouvrir.jpg\"><img loading=\"lazy\" decoding=\"async\" class=\"aligncenter wp-image-13736 size-full\" title=\"dunkerque-carnaval-decouvrir\" src=\"http:\/\/www.cocondedecoration.com\/blog\/wp-content\/uploads\/2016\/09\/dunkerque-carnaval-decouvrir.jpg\" alt=\"dunkerque-carnaval-decouvrir\" width=\"1200\" height=\"2400\" srcset=\"https:\/\/www.cocondedecoration.com\/blog\/wp-content\/uploads\/2016\/09\/dunkerque-carnaval-decouvrir.jpg 1200w, https:\/\/www.cocondedecoration.com\/blog\/wp-content\/uploads\/2016\/09\/dunkerque-carnaval-decouvrir-260x520.jpg 260w, https:\/\/www.cocondedecoration.com\/blog\/wp-content\/uploads\/2016\/09\/dunkerque-carnaval-decouvrir-768x1536.jpg 768w, https:\/\/www.cocondedecoration.com\/blog\/wp-content\/uploads\/2016\/09\/dunkerque-carnaval-decouvrir-640x1280.jpg 640w, https:\/\/www.cocondedecoration.com\/blog\/wp-content\/uploads\/2016\/09\/dunkerque-carnaval-decouvrir-365x730.jpg 365w\" sizes=\"(max-width: 1200px) 100vw, 1200px\" \/><\/a><\/p>\n<h4 style=\"text-align: justify;\">Dunkerque l'\u00e9t\u00e9<\/h4>\n<p style=\"text-align: justify;\">- Se promener: Dunkerque est une ville dans laquelle on peut ais\u00e9ment se promener sans s'ennuyer. Il y a un tas de balades \u00e0 faire pour d\u00e9couvrir la ville, notamment \u00e0 Malo-les-Bains, o\u00f9 vous pourrez d\u00e9couvrir les maisons malouines pleines de charme. A Rosenda\u00ebl, il y a le quartier Excentric aussi qui vaut le coup d'oeil.<br \/>\n- La plage: Le matin, c'est nickel pour aller faire des photos tranquillement. L'apr\u00e8s-midi, elle est bond\u00e9e avec les gens qui l\u00e9zardent au soleil. Le soir vous pouvez boire un verre, manger, \u00e9ventuellement danser. M\u00eame si le temps n'est pas au beau fixe, vous pouvez toujours aller faire une digue, il suffit de bien se couvrir! Pour manger sur la plage, il y a le Rest'O Soleil. Pour boire un verre, on aime l'Irlandais et sa carte de bi\u00e8res.<br \/>\n- Le port de plaisance: A deux pas du centre ville, il y a le port de plaisance. A l'int\u00e9rieur, il y a la Duchesse Anne et le Sandetti qu'il est parfois possible de visiter (voyez avec le mus\u00e9e poruaire). Il y a aussi les bateau de plaisance dont les cordages claquent quand il fait un peu de vent. (Sp\u00e9ciale d\u00e9dicace \u00e0 Alain qui m'a invit\u00e9e \u00e0 boire le caf\u00e9 sur son voilier de 16m: le C\u00e9tac\u00e9, lors d'une de mes promenades).<\/p>\n<p style=\"text-align: justify;\"><a href=\"http:\/\/www.cocondedecoration.com\/blog\/wp-content\/uploads\/2016\/09\/port-de-plaisance-dunkerque-balade-nord.jpg\" target=\"_blank\"><img loading=\"lazy\" decoding=\"async\" class=\"aligncenter wp-image-13741 size-full\" title=\"port-de-plaisance-dunkerque-balade-nord\" src=\"http:\/\/www.cocondedecoration.com\/blog\/wp-content\/uploads\/2016\/09\/port-de-plaisance-dunkerque-balade-nord.jpg\" alt=\"port-de-plaisance-dunkerque-balade-nord\" width=\"2000\" height=\"2000\" srcset=\"https:\/\/www.cocondedecoration.com\/blog\/wp-content\/uploads\/2016\/09\/port-de-plaisance-dunkerque-balade-nord.jpg 2000w, https:\/\/www.cocondedecoration.com\/blog\/wp-content\/uploads\/2016\/09\/port-de-plaisance-dunkerque-balade-nord-165x165.jpg 165w, https:\/\/www.cocondedecoration.com\/blog\/wp-content\/uploads\/2016\/09\/port-de-plaisance-dunkerque-balade-nord-260x260.jpg 260w, https:\/\/www.cocondedecoration.com\/blog\/wp-content\/uploads\/2016\/09\/port-de-plaisance-dunkerque-balade-nord-768x768.jpg 768w, https:\/\/www.cocondedecoration.com\/blog\/wp-content\/uploads\/2016\/09\/port-de-plaisance-dunkerque-balade-nord-640x640.jpg 640w, https:\/\/www.cocondedecoration.com\/blog\/wp-content\/uploads\/2016\/09\/port-de-plaisance-dunkerque-balade-nord-500x500.jpg 500w, https:\/\/www.cocondedecoration.com\/blog\/wp-content\/uploads\/2016\/09\/port-de-plaisance-dunkerque-balade-nord-365x365.jpg 365w, https:\/\/www.cocondedecoration.com\/blog\/wp-content\/uploads\/2016\/09\/port-de-plaisance-dunkerque-balade-nord-80x80.jpg 80w\" sizes=\"(max-width: 2000px) 100vw, 2000px\" \/><\/a><\/p>\n<h4 style=\"text-align: justify;\">Dunkerque quand il pleut<\/h4>\n<p style=\"text-align: justify;\">Il arrive de temps en temps que le temps ne soit pas de la partie. Mais ne sois pas de mauvaise foi, il ne pleut pas tout le temps \u00e0 Dunkerque. Comme on ne sait jamais, voil\u00e0 quelques id\u00e9es pour rester au sec:<br \/>\n- <span style=\"text-decoration: underline;\"><a href=\"http:\/\/www.museeportuaire.com\/\" target=\"_blank\">Le mus\u00e9e portuaire<\/a><\/span>*: Dunkerque ne serait pas Dunkerque sans son port et le mus\u00e9e portuaire vous invite \u00e0 d\u00e9couvrir une partie de l'histoire de Dunkerque, le tout dans un cadre vraiment sympa.<br \/>\n- La chapelle des Dunes, une petite \u00e9glise qui est magnifique avec un plafond d\u00e9cor\u00e9, un tas d'ex-voto et des bateaux suspendus. M\u00eame quand on n'est pas croyant pour deux sous, c'est \u00e0 voir parce que c'est tr\u00e8s joli.<br \/>\n- <span style=\"text-decoration: underline;\"><a href=\"http:\/\/www.musees-dunkerque.eu\/nous-connaitre\/laac\/\" target=\"_blank\">Le LAAC*:<\/a><\/span> Un mus\u00e9e d'art contemporain entour\u00e9 d'un jardin calme \u00e0 deux pas de la plage. Je l'ai fait plusieurs fois sans jamais me lasser. (Pas loin, il y a aussi le Frac, c'est toujours dans l'art contemporain, mais j'aime moins).<br \/>\n- <span style=\"text-decoration: underline;\"><a href=\"https:\/\/www.halleauxsucres.fr\/\" target=\"_blank\">La Halle aux sucres<\/a><\/span>: Un b\u00e2timent industriel qui a \u00e9t\u00e9 r\u00e9nov\u00e9 et qui vous permet de mieux comprendre l'univers qui nous entoure. La ville, la campagne, les diff\u00e9rences culturelles... D'ailleurs, je vous en parle <span style=\"text-decoration: underline;\"><a href=\"http:\/\/www.cocondedecoration.com\/blog\/2016\/04\/une-journee-a-dunkerque-12\/\" target=\"_blank\">ici<\/a><\/span>!<br \/>\nPour manger en ville, je vous recommande vivement la brasserie\u00a0L'Ardoise. Vous y serez bien accueilli(s) et vous y mangerez bien pour un prix raisonnable. Juste \u00e0 c\u00f4t\u00e9, il y a le Bommel o\u00f9 vous pourrez d\u00e9guster une bonne bi\u00e8re \ud83d\ude09<\/p>\n<p style=\"text-align: justify;\">J'esp\u00e8re que cet article vous donnera l'envie de d\u00e9couvrir Dunkerque et ses environs et que \u00e7a vous plaira, autant que j'ai pris plaisir \u00e0 y vivre pendant cette derni\u00e8re d\u00e9cennie. Je vous dis \u00e0 tr\u00e8s vite, mais cette fois-ci, ce sera en direct de l'Inde \ud83d\ude09<\/p>\n","protected":false},"excerpt":{"rendered":"<p>On est \u00e0 quelques heures du d\u00e9part&#8230; Et j&rsquo;ai quand m\u00eame un petit pincement au coeur de quitter Dunkerque, ma ville d&rsquo;adoption depuis plus de 10 ans. Forc\u00e9ment en une d\u00e9cennie, j&rsquo;ai eu le temps de d\u00e9couvrir cette nouvelle ville et d&rsquo;appr\u00e9cier toutes les petites choses qui font qu&rsquo;elle est<span class=\"more-link\"><a href=\"https:\/\/www.cocondedecoration.com\/blog\/2016\/09\/bye-bye-dunkerque\/\">Lire la suite<\/a><\/span><\/p>\n","protected":false},"author":1,"featured_media":13743,"comment_status":"open","ping_status":"open","sticky":false,"template":"","format":"standard","meta":{"om_disable_all_campaigns":false,"_monsterinsights_skip_tracking":false,"_monsterinsights_sitenote_active":false,"_monsterinsights_sitenote_note":"","_monsterinsights_sitenote_category":0,"_uf_show_specific_survey":0,"_uf_disable_surveys":false,"footnotes":""},"categories":[5],"tags":[1708,1861,16,2095,2335,2317,47],"aioseo_notices":[],"_links":{"self":[{"href":"https:\/\/www.cocondedecoration.com\/blog\/wp-json\/wp\/v2\/posts\/13681"}],"collection":[{"href":"https:\/\/www.cocondedecoration.com\/blog\/wp-json\/wp\/v2\/posts"}],"about":[{"href":"https:\/\/www.cocondedecoration.com\/blog\/wp-json\/wp\/v2\/types\/post"}],"author":[{"embeddable":true,"href":"https:\/\/www.cocondedecoration.com\/blog\/wp-json\/wp\/v2\/users\/1"}],"replies":[{"embeddable":true,"href":"https:\/\/www.cocondedecoration.com\/blog\/wp-json\/wp\/v2\/comments?post=13681"}],"version-history":[{"count":0,"href":"https:\/\/www.cocondedecoration.com\/blog\/wp-json\/wp\/v2\/posts\/13681\/revisions"}],"wp:featuredmedia":[{"embeddable":true,"href":"https:\/\/www.cocondedecoration.com\/blog\/wp-json\/wp\/v2\/media\/13743"}],"wp:attachment":[{"href":"https:\/\/www.cocondedecoration.com\/blog\/wp-json\/wp\/v2\/media?parent=13681"}],"wp:term":[{"taxonomy":"category","embeddable":true,"href":"https:\/\/www.cocondedecoration.com\/blog\/wp-json\/wp\/v2\/categories?post=13681"},{"taxonomy":"post_tag","embeddable":true,"href":"https:\/\/www.cocondedecoration.com\/blog\/wp-json\/wp\/v2\/tags?post=13681"}],"curies":[{"name":"wp","href":"https:\/\/api.w.org\/{rel}","templated":true}]}}