{"id":12898,"date":"2016-08-04T17:05:48","date_gmt":"2016-08-04T15:05:48","guid":{"rendered":"http:\/\/www.cocondedecoration.com\/blog\/?p=12898"},"modified":"2016-08-21T10:16:03","modified_gmt":"2016-08-21T08:16:03","slug":"un-nouveau-tapis-pour-la-veranda","status":"publish","type":"post","link":"https:\/\/www.cocondedecoration.com\/blog\/2016\/08\/un-nouveau-tapis-pour-la-veranda\/","title":{"rendered":"Un nouveau tapis pour la v\u00e9randa"},"content":{"rendered":"<p style=\"text-align: justify;\">Quand on a emm\u00e9nag\u00e9 en d\u00e9cembre pass\u00e9, on a pris notre vieux tapis pour habiller le sol de la v\u00e9randa. C'est la pi\u00e8ce dans laquelle on vit le plus, mais le carrelage blanc au sol, c'est \u00e0 la fois froid et salissant. Cependant,\u00a0le temps du changement \u00e9tait arriv\u00e9.<\/p>\n<p style=\"text-align: justify;\"><!--more--><\/p>\n<p style=\"text-align: justify;\">On a mis du temps \u00e0 choisir notre tapis, plusieurs mois. Comme c'est un \u00e9l\u00e9ment important dans notre d\u00e9co, on ne voulait pas se louper. On avait diff\u00e9rentes contraintes et envies, parfois contradictoires. Je voulais un tapis, au d\u00e9part, avec des motifs. Le soucis c'est que bien souvent ces tapis sont compos\u00e9s de blanc et d'une autre couleur. Le blanc, on a donn\u00e9 avec l'ancien tapis et on n'en voulait plus. Il fallait aussi un tapis facile d'entretien parce qu'on fume dans la v\u00e9randa et parce qu'on a nos deux boules de poils qui perdent justement leurs poils. Et il fallait aussi que le tapis aille avec le mobilier que nous avons dans cette pi\u00e8ce, c'est \u00e0 dire un canap\u00e9 et des fauteuils vintage bordeaux et quelques meubles blancs.<\/p>\n<p style=\"text-align: justify;\"><a href=\"http:\/\/www.cocondedecoration.com\/blog\/wp-content\/uploads\/2016\/08\/salon-tapis-alinea-1.jpg\"><img loading=\"lazy\" decoding=\"async\" class=\"aligncenter size-large wp-image-12997\" src=\"http:\/\/www.cocondedecoration.com\/blog\/wp-content\/uploads\/2016\/08\/salon-tapis-alinea-1-640x853.jpg\" alt=\"salon tapis alinea\" width=\"640\" height=\"853\" srcset=\"https:\/\/www.cocondedecoration.com\/blog\/wp-content\/uploads\/2016\/08\/salon-tapis-alinea-1-640x853.jpg 640w, https:\/\/www.cocondedecoration.com\/blog\/wp-content\/uploads\/2016\/08\/salon-tapis-alinea-1-260x347.jpg 260w, https:\/\/www.cocondedecoration.com\/blog\/wp-content\/uploads\/2016\/08\/salon-tapis-alinea-1-768x1024.jpg 768w, https:\/\/www.cocondedecoration.com\/blog\/wp-content\/uploads\/2016\/08\/salon-tapis-alinea-1-365x487.jpg 365w\" sizes=\"(max-width: 640px) 100vw, 640px\" \/><\/a>Ma qu\u00eate du tapis id\u00e9al a \u00e9t\u00e9 longue et compos\u00e9e de nombreuses heures de recherches sur le web, de nombreux onglets d'ouverts que je fermais r\u00e9guli\u00e8rement pour les rouvrir en cas de doute. Et puis, j'ai fini par craquer sur <a href=\"http:\/\/www.alinea.fr\/par-type-de-produit\/les-tapis.html\" target=\"_blank\">mon tapis<\/a>! Il a les poils ras, il est plein de reflets ce qui ne rend pas l'uni monotone et d\u00e9j\u00e0 sur le web, il avait l'air super doux. (C'est quand m\u00eame ce qui a de sympa avec un tapis, c'est que c'est super doux sous les pieds).<br \/>\nNiveau couleur, il est uni mais j'ai eu un coup de coeur pour le bleu vert. Ch\u00e9ri a valid\u00e9 la couleur sans trop de soucis. Et on ne regrette pas, \u00e7a met en \u00e9vidence notre mobilier. Cerise sur la g\u00e2teau, il est plus joli en vrai que sur internet!<\/p>\n<p style=\"text-align: justify;\"><a href=\"http:\/\/www.cocondedecoration.com\/blog\/wp-content\/uploads\/2016\/08\/salon-deco-tapis-table-basse-.jpg\" target=\"_blank\"><img loading=\"lazy\" decoding=\"async\" class=\"aligncenter wp-image-12900 size-large\" title=\"salon deco tapis table basse\" src=\"http:\/\/www.cocondedecoration.com\/blog\/wp-content\/uploads\/2016\/08\/salon-deco-tapis-table-basse--e1471767031211-640x480.jpg\" alt=\"salon deco tapis table basse\" width=\"640\" height=\"480\" srcset=\"https:\/\/www.cocondedecoration.com\/blog\/wp-content\/uploads\/2016\/08\/salon-deco-tapis-table-basse--e1471767031211-640x480.jpg 640w, https:\/\/www.cocondedecoration.com\/blog\/wp-content\/uploads\/2016\/08\/salon-deco-tapis-table-basse--e1471767031211-260x195.jpg 260w, https:\/\/www.cocondedecoration.com\/blog\/wp-content\/uploads\/2016\/08\/salon-deco-tapis-table-basse--e1471767031211-768x576.jpg 768w, https:\/\/www.cocondedecoration.com\/blog\/wp-content\/uploads\/2016\/08\/salon-deco-tapis-table-basse--e1471767031211-365x274.jpg 365w\" sizes=\"(max-width: 640px) 100vw, 640px\" \/><\/a><\/p>\n<p style=\"text-align: justify;\">Tout en passant ma commande chez Alinea, j'ai aussi jet\u00e9 un oeil sur <a href=\"http:\/\/www.alinea.fr\/par-piece\/tout-pour-le-rangement\/les-boites-de-rangement.html\" target=\"_blank\">les boites de rangements<\/a>. C'est tellement pratique pour ranger toutes les petites choses qui trainent \u00e0 la maison. Cependant, si je dois en acheter je pense que je passerai en magasin.<\/p>\n","protected":false},"excerpt":{"rendered":"<p>Quand on a emm\u00e9nag\u00e9 en d\u00e9cembre pass\u00e9, on a pris notre vieux tapis pour habiller le sol de la v\u00e9randa. C&rsquo;est la pi\u00e8ce dans laquelle on vit le plus, mais le carrelage blanc au sol, c&rsquo;est \u00e0 la fois froid et salissant. Cependant,\u00a0le temps du changement \u00e9tait arriv\u00e9.<span class=\"more-link\"><a href=\"https:\/\/www.cocondedecoration.com\/blog\/2016\/08\/un-nouveau-tapis-pour-la-veranda\/\">Lire la suite<\/a><\/span><\/p>\n","protected":false},"author":1,"featured_media":12901,"comment_status":"open","ping_status":"open","sticky":false,"template":"","format":"standard","meta":{"om_disable_all_campaigns":false,"_monsterinsights_skip_tracking":false,"_monsterinsights_sitenote_active":false,"_monsterinsights_sitenote_note":"","_monsterinsights_sitenote_category":0,"_uf_show_specific_survey":0,"_uf_disable_surveys":false,"footnotes":""},"categories":[1714,592,4],"tags":[2300,129,528,1680,37,227,41,1152,346],"aioseo_notices":[],"_links":{"self":[{"href":"https:\/\/www.cocondedecoration.com\/blog\/wp-json\/wp\/v2\/posts\/12898"}],"collection":[{"href":"https:\/\/www.cocondedecoration.com\/blog\/wp-json\/wp\/v2\/posts"}],"about":[{"href":"https:\/\/www.cocondedecoration.com\/blog\/wp-json\/wp\/v2\/types\/post"}],"author":[{"embeddable":true,"href":"https:\/\/www.cocondedecoration.com\/blog\/wp-json\/wp\/v2\/users\/1"}],"replies":[{"embeddable":true,"href":"https:\/\/www.cocondedecoration.com\/blog\/wp-json\/wp\/v2\/comments?post=12898"}],"version-history":[{"count":0,"href":"https:\/\/www.cocondedecoration.com\/blog\/wp-json\/wp\/v2\/posts\/12898\/revisions"}],"wp:featuredmedia":[{"embeddable":true,"href":"https:\/\/www.cocondedecoration.com\/blog\/wp-json\/wp\/v2\/media\/12901"}],"wp:attachment":[{"href":"https:\/\/www.cocondedecoration.com\/blog\/wp-json\/wp\/v2\/media?parent=12898"}],"wp:term":[{"taxonomy":"category","embeddable":true,"href":"https:\/\/www.cocondedecoration.com\/blog\/wp-json\/wp\/v2\/categories?post=12898"},{"taxonomy":"post_tag","embeddable":true,"href":"https:\/\/www.cocondedecoration.com\/blog\/wp-json\/wp\/v2\/tags?post=12898"}],"curies":[{"name":"wp","href":"https:\/\/api.w.org\/{rel}","templated":true}]}}