{"id":12258,"date":"2016-04-15T07:00:41","date_gmt":"2016-04-15T05:00:41","guid":{"rendered":"http:\/\/www.cocondedecoration.com\/blog\/?p=12258"},"modified":"2016-08-21T21:06:55","modified_gmt":"2016-08-21T19:06:55","slug":"decouvertes-deco-4","status":"publish","type":"post","link":"https:\/\/www.cocondedecoration.com\/blog\/2016\/04\/decouvertes-deco-4\/","title":{"rendered":"D\u00e9couvertes d\u00e9co #4"},"content":{"rendered":"<p style=\"text-align: justify;\">Pour ce joli mois d'avril, j'ai plusieurs d\u00e9couvertes d\u00e9co \u00e0 partager avec vous...<\/p>\n<p style=\"text-align: justify;\"><!--more--><\/p>\n<h4 style=\"text-align: justify;\">1\/ Pep Illustration - de jolies images sur vos murs<\/h4>\n<p style=\"text-align: justify;\">Sophie est la cr\u00e9atrice de Pep Illustration et vous pouvez d\u00e9couvrir son travail via <span style=\"text-decoration: underline;\"><a href=\"https:\/\/www.etsy.com\/fr\/shop\/PepIllustration?ref=l2-shopheader-name\" target=\"_blank\">sa boutique Etsy<\/a><\/span>. Il y a des jolies citations comme on les aime, mais aussi des \"sc\u00e8nes de vies\" qui peuvent sembler un chou\u00efa d\u00e9cal\u00e9es. Perso, j'aime beaucoup! Les couleurs sont aussi tr\u00e8s tendance. Et je vous conseille vivement de d\u00e9couvrir cette boutique et sa cr\u00e9atrice.<\/p>\n<p style=\"text-align: justify;\"><a href=\"http:\/\/www.cocondedecoration.com\/blog\/wp-content\/uploads\/2016\/03\/coup-de-coeur-deco-pep-illustration.jpg\"><img loading=\"lazy\" decoding=\"async\" class=\"aligncenter wp-image-12259 size-full\" title=\"coup de coeur deco pep illustration\" src=\"http:\/\/www.cocondedecoration.com\/blog\/wp-content\/uploads\/2016\/03\/coup-de-coeur-deco-pep-illustration.jpg\" alt=\"coup de coeur deco pep illustration\" width=\"2400\" height=\"1200\" srcset=\"https:\/\/www.cocondedecoration.com\/blog\/wp-content\/uploads\/2016\/03\/coup-de-coeur-deco-pep-illustration.jpg 2400w, https:\/\/www.cocondedecoration.com\/blog\/wp-content\/uploads\/2016\/03\/coup-de-coeur-deco-pep-illustration-260x130.jpg 260w, https:\/\/www.cocondedecoration.com\/blog\/wp-content\/uploads\/2016\/03\/coup-de-coeur-deco-pep-illustration-640x320.jpg 640w, https:\/\/www.cocondedecoration.com\/blog\/wp-content\/uploads\/2016\/03\/coup-de-coeur-deco-pep-illustration-940x470.jpg 940w\" sizes=\"(max-width: 2400px) 100vw, 2400px\" \/><\/a><\/p>\n<h4 style=\"text-align: justify;\">2\/ Loupiotte Design illuminera votre int\u00e9rieur<\/h4>\n<p style=\"text-align: justify;\">Agatha et C\u00e9sar sont de jeunes cr\u00e9ateurs corses et ils ont cr\u00e9\u00e9 Loupiotte Design: des luminaires originaux et des meubles sur mesure. Le bois est leur mati\u00e8re de pr\u00e9dilection. Agatha se charge de la conception et des croquis pr\u00e9paratoires, alors que C\u00e9sar apporte son analyse technique des mat\u00e9riaux. Et tout cette alchimie donne des luminaires qui sortent de l'ordinaire et qui sont incroyablement chaleureux. J'ai un coup de coeur pour la lampe Croco qui est tr\u00e8s ludique. Pour d\u00e9couvrir leur travail, retrouvez Loupiotte Design sur <span style=\"text-decoration: underline;\"><a href=\"https:\/\/www.facebook.com\/Loupiotte-Design-1682455685309255\/\" target=\"_blank\">Facebook<\/a> <\/span>et sur <span style=\"text-decoration: underline;\"><a href=\"https:\/\/www.instagram.com\/loupiotte.design\/\" target=\"_blank\">Instagram<\/a><\/span>.<\/p>\n<p style=\"text-align: justify;\"><a href=\"http:\/\/www.cocondedecoration.com\/blog\/wp-content\/uploads\/2016\/04\/decouverte-deco-loupiotte-design.jpg\" target=\"_blank\"><img loading=\"lazy\" decoding=\"async\" class=\"aligncenter wp-image-12300 size-full\" title=\"decouverte deco loupiotte design\" src=\"http:\/\/www.cocondedecoration.com\/blog\/wp-content\/uploads\/2016\/04\/decouverte-deco-loupiotte-design.jpg\" alt=\"decouverte deco loupiotte design\" width=\"1200\" height=\"600\" srcset=\"https:\/\/www.cocondedecoration.com\/blog\/wp-content\/uploads\/2016\/04\/decouverte-deco-loupiotte-design.jpg 1200w, https:\/\/www.cocondedecoration.com\/blog\/wp-content\/uploads\/2016\/04\/decouverte-deco-loupiotte-design-260x130.jpg 260w, https:\/\/www.cocondedecoration.com\/blog\/wp-content\/uploads\/2016\/04\/decouverte-deco-loupiotte-design-640x320.jpg 640w, https:\/\/www.cocondedecoration.com\/blog\/wp-content\/uploads\/2016\/04\/decouverte-deco-loupiotte-design-940x470.jpg 940w\" sizes=\"(max-width: 1200px) 100vw, 1200px\" \/><\/a><\/p>\n<h4 style=\"text-align: justify;\">3\/ Cubit se met au pastel<\/h4>\n<p style=\"text-align: justify;\">Cubit est une boutique en ligne que je suis depuis maintenant plusieurs ann\u00e9es et j'ai d\u00e9j\u00e0 eu l'occasion de vous en parler \u00e0 plusieurs reprises sur le blog. Avec l'arriv\u00e9e du printemps, mais aussi dans le soucis de suivre au plus pr\u00e8s la tendance, l'enseigne Cubit agrandit la gamme de couleurs qu'elle propose pour ses modules de rangement. En effet, maintenant vous avez le choix aussi avec des coloris pastel\u00a0pleines de douceur et de fraicheur. Pour visiter le site cubit et d\u00e9couvrir les 7 nouvelles couleurs, c'est <span style=\"text-decoration: underline;\"><a href=\"https:\/\/www.cubit-shop.com\/fr-fr\/\" target=\"_blank\">par ici<\/a><\/span>.<\/p>\n<p style=\"text-align: justify;\"><a href=\"http:\/\/www.cocondedecoration.com\/blog\/wp-content\/uploads\/2016\/04\/decouverte-deco-cubit-pastel.jpg\" target=\"_blank\"><img loading=\"lazy\" decoding=\"async\" class=\"aligncenter wp-image-12303 size-full\" title=\"decouverte deco cubit pastel\" src=\"http:\/\/www.cocondedecoration.com\/blog\/wp-content\/uploads\/2016\/04\/decouverte-deco-cubit-pastel.jpg\" alt=\"decouverte deco cubit pastel\" width=\"1200\" height=\"600\" srcset=\"https:\/\/www.cocondedecoration.com\/blog\/wp-content\/uploads\/2016\/04\/decouverte-deco-cubit-pastel.jpg 1200w, https:\/\/www.cocondedecoration.com\/blog\/wp-content\/uploads\/2016\/04\/decouverte-deco-cubit-pastel-260x130.jpg 260w, https:\/\/www.cocondedecoration.com\/blog\/wp-content\/uploads\/2016\/04\/decouverte-deco-cubit-pastel-640x320.jpg 640w, https:\/\/www.cocondedecoration.com\/blog\/wp-content\/uploads\/2016\/04\/decouverte-deco-cubit-pastel-940x470.jpg 940w\" sizes=\"(max-width: 1200px) 100vw, 1200px\" \/><\/a><\/p>\n<p style=\"text-align: justify;\"><a href=\"http:\/\/www.cocondedecoration.com\/blog\/wp-content\/uploads\/2016\/04\/cubit-deco-pastel-rangement-modulable.jpg\" target=\"_blank\"><img loading=\"lazy\" decoding=\"async\" class=\"aligncenter wp-image-12304 size-full\" title=\"cubit deco pastel rangement modulable\" src=\"http:\/\/www.cocondedecoration.com\/blog\/wp-content\/uploads\/2016\/04\/cubit-deco-pastel-rangement-modulable.jpg\" alt=\"cubit deco pastel rangement modulable\" width=\"1200\" height=\"600\" srcset=\"https:\/\/www.cocondedecoration.com\/blog\/wp-content\/uploads\/2016\/04\/cubit-deco-pastel-rangement-modulable.jpg 1200w, https:\/\/www.cocondedecoration.com\/blog\/wp-content\/uploads\/2016\/04\/cubit-deco-pastel-rangement-modulable-260x130.jpg 260w, https:\/\/www.cocondedecoration.com\/blog\/wp-content\/uploads\/2016\/04\/cubit-deco-pastel-rangement-modulable-640x320.jpg 640w, https:\/\/www.cocondedecoration.com\/blog\/wp-content\/uploads\/2016\/04\/cubit-deco-pastel-rangement-modulable-940x470.jpg 940w\" sizes=\"(max-width: 1200px) 100vw, 1200px\" \/><\/a><\/p>\n<h4 style=\"text-align: justify;\">\u00a04\/ Ikea et la collection limit\u00e9e et minimaliste Viktigt<\/h4>\n<p style=\"text-align: justify;\">Au mois de f\u00e9vrier, j'avais le plaisir de vous faire d\u00e9couvrir la s\u00e9rie\u00a0Tillf\u00e4lle chez Ikea. L'enseigne propose une nouvelle collection limit\u00e9e ce mois-ci: la collection\u00a0Viktigt.\u00a0Re\u0301alise\u0301e en collaboration avec Ingegerd Ra\u030aman - ce\u0301le\u0300bre designer scandinave spe\u0301cialiste de la verrerie et la ce\u0301ramique - VIKTIGT met a\u0300 l\u2019honneur le design minimaliste. Cette collection est enti\u00e8rement r\u00e9alis\u00e9e \u00e0 la main et elle est pleine de l\u00e9g\u00e8ret\u00e9. <span style=\"text-decoration: underline;\"><a href=\"http:\/\/www.ikea.com\/ms\/en_SA\/ikea-collections\/viktigt\/\" target=\"_blank\">Vous pouvez la d\u00e9couvrir ici<\/a>.<\/span><\/p>\n<p style=\"text-align: justify;\"><a href=\"http:\/\/www.cocondedecoration.com\/blog\/wp-content\/uploads\/2016\/04\/ikea-nouveaute-deco-viktigt.jpg\" target=\"_blank\"><img loading=\"lazy\" decoding=\"async\" class=\"aligncenter wp-image-12306 size-full\" title=\"ikea nouveaute deco viktigt\" src=\"http:\/\/www.cocondedecoration.com\/blog\/wp-content\/uploads\/2016\/04\/ikea-nouveaute-deco-viktigt.jpg\" alt=\"ikea nouveaute deco viktigt\" width=\"1200\" height=\"600\" srcset=\"https:\/\/www.cocondedecoration.com\/blog\/wp-content\/uploads\/2016\/04\/ikea-nouveaute-deco-viktigt.jpg 1200w, https:\/\/www.cocondedecoration.com\/blog\/wp-content\/uploads\/2016\/04\/ikea-nouveaute-deco-viktigt-260x130.jpg 260w, https:\/\/www.cocondedecoration.com\/blog\/wp-content\/uploads\/2016\/04\/ikea-nouveaute-deco-viktigt-640x320.jpg 640w, https:\/\/www.cocondedecoration.com\/blog\/wp-content\/uploads\/2016\/04\/ikea-nouveaute-deco-viktigt-940x470.jpg 940w\" sizes=\"(max-width: 1200px) 100vw, 1200px\" \/><\/a><\/p>\n<p style=\"text-align: justify;\"><a href=\"http:\/\/www.cocondedecoration.com\/blog\/wp-content\/uploads\/2016\/04\/viktigt-ikea-edition-limitee-vaisselle.jpg\" target=\"_blank\"><img loading=\"lazy\" decoding=\"async\" class=\"aligncenter wp-image-12307 size-full\" title=\"viktigt ikea edition limitee vaisselle\" src=\"http:\/\/www.cocondedecoration.com\/blog\/wp-content\/uploads\/2016\/04\/viktigt-ikea-edition-limitee-vaisselle.jpg\" alt=\"viktigt ikea edition limitee vaisselle\" width=\"1200\" height=\"600\" srcset=\"https:\/\/www.cocondedecoration.com\/blog\/wp-content\/uploads\/2016\/04\/viktigt-ikea-edition-limitee-vaisselle.jpg 1200w, https:\/\/www.cocondedecoration.com\/blog\/wp-content\/uploads\/2016\/04\/viktigt-ikea-edition-limitee-vaisselle-260x130.jpg 260w, https:\/\/www.cocondedecoration.com\/blog\/wp-content\/uploads\/2016\/04\/viktigt-ikea-edition-limitee-vaisselle-640x320.jpg 640w, https:\/\/www.cocondedecoration.com\/blog\/wp-content\/uploads\/2016\/04\/viktigt-ikea-edition-limitee-vaisselle-940x470.jpg 940w\" sizes=\"(max-width: 1200px) 100vw, 1200px\" \/><\/a><\/p>\n<h4 style=\"text-align: justify;\">5\/ Blomkal pour vos envies de d\u00e9co scandinave<\/h4>\n<p style=\"text-align: justify;\">Cette entreprise fran\u00e7aise (en Charente) existe depuis 2013 sous le nom de Mum, Dad &amp; Me.\u00a0Le changement de nom vient de l'\u00e9volution de cette entreprise familiale qui ne cesse de croitre. Perso, j'adore l'ambiance et le style de leurs produits. C'est pourquoi j'avais envie de partager avec vous cette jolie d\u00e9couverte. <span style=\"text-decoration: underline;\"><a href=\"http:\/\/blomkal.com\/\" target=\"_blank\">Pour d\u00e9couvrir Blomkal, c'est par ici<\/a><\/span>.<\/p>\n<p style=\"text-align: justify;\"><a href=\"http:\/\/www.cocondedecoration.com\/blog\/wp-content\/uploads\/2016\/04\/decouverte-deco-blomkal-mobilier.jpg\" target=\"_blank\"><img loading=\"lazy\" decoding=\"async\" class=\"aligncenter wp-image-12309 size-full\" title=\"decouverte deco blomkal mobilier\" src=\"http:\/\/www.cocondedecoration.com\/blog\/wp-content\/uploads\/2016\/04\/decouverte-deco-blomkal-mobilier.jpg\" alt=\"decouverte deco blomkal mobilier\" width=\"1200\" height=\"600\" srcset=\"https:\/\/www.cocondedecoration.com\/blog\/wp-content\/uploads\/2016\/04\/decouverte-deco-blomkal-mobilier.jpg 1200w, https:\/\/www.cocondedecoration.com\/blog\/wp-content\/uploads\/2016\/04\/decouverte-deco-blomkal-mobilier-260x130.jpg 260w, https:\/\/www.cocondedecoration.com\/blog\/wp-content\/uploads\/2016\/04\/decouverte-deco-blomkal-mobilier-640x320.jpg 640w, https:\/\/www.cocondedecoration.com\/blog\/wp-content\/uploads\/2016\/04\/decouverte-deco-blomkal-mobilier-940x470.jpg 940w\" sizes=\"(max-width: 1200px) 100vw, 1200px\" \/><\/a><\/p>\n<h4 style=\"text-align: justify;\">6\/ Napami le bois c\u00e9ramique pour une \u00e9l\u00e9gance naturelle<\/h4>\n<p style=\"text-align: justify;\">Sur mes projets d\u00e9co il m'arrive fr\u00e9quemment de proposer du bois c\u00e9ramique, vous savez le carrelage qui ressemble \u00e0 s'y confondre avec du parquet. Perso, j'aime beaucoup parce que c'est chaleureux comme le parquet avec les facilit\u00e9s d'entretien du carrelage. Novoceram propose une nouvelle collection de bois c\u00e9ramique: Napami, avec 5 d\u00e9clinaisons possibles pour r\u00e9pondre \u00e0 toutes vos envies d\u00e9co. Pour d\u00e9couvrir <span style=\"text-decoration: underline;\"><a href=\"http:\/\/www.novoceram.fr\/produit\/napami\" target=\"_blank\">les produits Napami, c'est par l\u00e0<\/a>.<\/span><\/p>\n<p style=\"text-align: justify;\"><a href=\"http:\/\/www.cocondedecoration.com\/blog\/wp-content\/uploads\/2016\/04\/decouverte-deco-carrelage-parquet-napami-novoceram.jpg\" target=\"_blank\"><img loading=\"lazy\" decoding=\"async\" class=\"aligncenter wp-image-12311 size-full\" title=\"decouverte deco carrelage parquet napami novoceram\" src=\"http:\/\/www.cocondedecoration.com\/blog\/wp-content\/uploads\/2016\/04\/decouverte-deco-carrelage-parquet-napami-novoceram.jpg\" alt=\"decouverte deco carrelage parquet napami novoceram\" width=\"1200\" height=\"600\" srcset=\"https:\/\/www.cocondedecoration.com\/blog\/wp-content\/uploads\/2016\/04\/decouverte-deco-carrelage-parquet-napami-novoceram.jpg 1200w, https:\/\/www.cocondedecoration.com\/blog\/wp-content\/uploads\/2016\/04\/decouverte-deco-carrelage-parquet-napami-novoceram-260x130.jpg 260w, https:\/\/www.cocondedecoration.com\/blog\/wp-content\/uploads\/2016\/04\/decouverte-deco-carrelage-parquet-napami-novoceram-640x320.jpg 640w, https:\/\/www.cocondedecoration.com\/blog\/wp-content\/uploads\/2016\/04\/decouverte-deco-carrelage-parquet-napami-novoceram-940x470.jpg 940w\" sizes=\"(max-width: 1200px) 100vw, 1200px\" \/><\/a><\/p>\n<p style=\"text-align: justify;\">\n","protected":false},"excerpt":{"rendered":"<p>Pour ce joli mois d&rsquo;avril, j&rsquo;ai plusieurs d\u00e9couvertes d\u00e9co \u00e0 partager avec vous&#8230;<span class=\"more-link\"><a href=\"https:\/\/www.cocondedecoration.com\/blog\/2016\/04\/decouvertes-deco-4\/\">Lire la suite<\/a><\/span><\/p>\n","protected":false},"author":1,"featured_media":12350,"comment_status":"open","ping_status":"open","sticky":false,"template":"","format":"standard","meta":{"om_disable_all_campaigns":false,"_monsterinsights_skip_tracking":false,"_monsterinsights_sitenote_active":false,"_monsterinsights_sitenote_note":"","_monsterinsights_sitenote_category":0,"_uf_show_specific_survey":0,"_uf_disable_surveys":false,"footnotes":""},"categories":[2141,4],"tags":[94,532,129,528,362,2142,224,1480,350,407,272,2205,118,52,1668,67,50],"aioseo_notices":[],"_links":{"self":[{"href":"https:\/\/www.cocondedecoration.com\/blog\/wp-json\/wp\/v2\/posts\/12258"}],"collection":[{"href":"https:\/\/www.cocondedecoration.com\/blog\/wp-json\/wp\/v2\/posts"}],"about":[{"href":"https:\/\/www.cocondedecoration.com\/blog\/wp-json\/wp\/v2\/types\/post"}],"author":[{"embeddable":true,"href":"https:\/\/www.cocondedecoration.com\/blog\/wp-json\/wp\/v2\/users\/1"}],"replies":[{"embeddable":true,"href":"https:\/\/www.cocondedecoration.com\/blog\/wp-json\/wp\/v2\/comments?post=12258"}],"version-history":[{"count":0,"href":"https:\/\/www.cocondedecoration.com\/blog\/wp-json\/wp\/v2\/posts\/12258\/revisions"}],"wp:featuredmedia":[{"embeddable":true,"href":"https:\/\/www.cocondedecoration.com\/blog\/wp-json\/wp\/v2\/media\/12350"}],"wp:attachment":[{"href":"https:\/\/www.cocondedecoration.com\/blog\/wp-json\/wp\/v2\/media?parent=12258"}],"wp:term":[{"taxonomy":"category","embeddable":true,"href":"https:\/\/www.cocondedecoration.com\/blog\/wp-json\/wp\/v2\/categories?post=12258"},{"taxonomy":"post_tag","embeddable":true,"href":"https:\/\/www.cocondedecoration.com\/blog\/wp-json\/wp\/v2\/tags?post=12258"}],"curies":[{"name":"wp","href":"https:\/\/api.w.org\/{rel}","templated":true}]}}