{"id":11690,"date":"2015-12-04T07:00:08","date_gmt":"2015-12-04T05:00:08","guid":{"rendered":"http:\/\/www.cocondedecoration.com\/blog\/?p=11690"},"modified":"2025-07-03T08:39:55","modified_gmt":"2025-07-03T06:39:55","slug":"un-bureau-dans-la-veranda","status":"publish","type":"post","link":"https:\/\/www.cocondedecoration.com\/blog\/2015\/12\/un-bureau-dans-la-veranda\/","title":{"rendered":"Am\u00e9nager un bureau pour travailler dans la v\u00e9randa"},"content":{"rendered":"\n<p>Un v\u00e9randa, quand elle est bien isol\u00e9e, peut \u00eatre une vraie pi\u00e8ce de la maison. Un espace o\u00f9 l'on vit, comme le salon ou la cuisine. Et si vous travaillez depuis votre domicile, la v\u00e9randa peut \u00eatre un excellent endroit o\u00f9 installer votre espace de travail. <\/p>\n\n\n\n<!--more-->\n\n\n\n<p class=\"has-text-align-right has-small-font-size\">Article mis \u00e0 jour en juillet 2025<\/p>\n\n\n\n<h2 class=\"wp-block-heading\">8 bonnes raisons d'installer le bureau dans la v\u00e9randa <\/h2>\n\n\n\n<p>Installer un bureau dans une v\u00e9randa, c\u2019est choisir un espace lumineux, calme, confortable et inspirant, qui favorise la productivit\u00e9 tout en am\u00e9liorant la qualit\u00e9 de vie au travail. Voici 8 raisons qui devraient vous aider \u00e0 \u00e9valuer la possibilit\u00e9 de cr\u00e9er un bureau dans l'extension de la maison: <\/p>\n\n\n\n<ol>\n<li>Vous profitez du jardin en \u00e9tant \u00e0 l'int\u00e9rieur et en travaillant. <\/li>\n\n\n\n<li>La v\u00e9randa est souvent un espace lumineux qui rend le travail plus confortable. <\/li>\n\n\n\n<li>C'est souvent une pi\u00e8ce de vie secondaire o\u00f9 l'on passe un peu moins de temps. <\/li>\n\n\n\n<li>La v\u00e9randa permet de cr\u00e9er une s\u00e9paration entre vie pro et vie priv\u00e9e. <\/li>\n\n\n\n<li>En installant l'espace de travail dans la v\u00e9randa, on empi\u00e8te pas sur les autres espaces de vie (comme le salon). <\/li>\n\n\n\n<li>Il y a g\u00e9n\u00e9ralement moins de distractions dans la v\u00e9randa (on ne voit pas le bac de linge sale par exemple). <\/li>\n\n\n\n<li>Il y a moins besoin de lumi\u00e8re artificielle dans la v\u00e9randa ce qui fait faire des \u00e9conomies d'\u00e9clairage et d'\u00e9nergie. <\/li>\n\n\n\n<li>Les v\u00e9randas modernes b\u00e9n\u00e9ficient d\u2019une bonne isolation, permettant de travailler au calme et dans le confort toute l\u2019ann\u00e9e, quelles que soient les conditions climatiques.<\/li>\n<\/ol>\n\n\n\n<p>A lire aussi: <a href=\"https:\/\/www.cocondedecoration.com\/blog\/2024\/07\/couleur-bureau-a-domicile\/\" target=\"_blank\" rel=\"noopener\" title=\"\">50 bureaux color\u00e9s pour un espace qui vous ressemble<\/a><\/p>\n\n\n\n<div style=\"height:20px\" aria-hidden=\"true\" class=\"wp-block-spacer\"><\/div>\n\n\n\n<div class=\"wp-block-media-text alignwide\"><figure class=\"wp-block-media-text__media\"><img loading=\"lazy\" decoding=\"async\" width=\"640\" height=\"366\" src=\"https:\/\/www.cocondedecoration.com\/blog\/wp-content\/uploads\/2023\/12\/newsletter-patreon-640x366.png\" alt=\"\" class=\"wp-image-70176\" srcset=\"https:\/\/www.cocondedecoration.com\/blog\/wp-content\/uploads\/2023\/12\/newsletter-patreon-640x366.png 640w, https:\/\/www.cocondedecoration.com\/blog\/wp-content\/uploads\/2023\/12\/newsletter-patreon-260x149.png 260w, https:\/\/www.cocondedecoration.com\/blog\/wp-content\/uploads\/2023\/12\/newsletter-patreon-768x439.png 768w, https:\/\/www.cocondedecoration.com\/blog\/wp-content\/uploads\/2023\/12\/newsletter-patreon-465x266.png 465w, https:\/\/www.cocondedecoration.com\/blog\/wp-content\/uploads\/2023\/12\/newsletter-patreon-695x397.png 695w, https:\/\/www.cocondedecoration.com\/blog\/wp-content\/uploads\/2023\/12\/newsletter-patreon.png 1050w\" sizes=\"(max-width: 640px) 100vw, 640px\" \/><\/figure><div class=\"wp-block-media-text__content\">\n<p style=\"text-align:center\"><strong>La newsletter du blog est sur Patreon<\/strong><\/p>\n\n\n\n<p>Devenez membre gratuitement de mon Patron pour lire toutes les newsletters du blog &amp; recevoir une notification quand les prochaines seront en ligne. <\/p>\n\n\n\n<div class=\"wp-block-button aligncenter\"><a class=\"wp-block-button__link\" href=\"https:\/\/www.patreon.com\/cocondedeco\">Acc\u00e9der \u00e0 Patreon gratuitement<\/a><\/div>\n<\/div><\/div>\n\n\n\n<div style=\"height:30px\" aria-hidden=\"true\" class=\"wp-block-spacer\"><\/div>\n\n\n\n<h2 class=\"wp-block-heading\">Quels sont les points \u00e0 prendre en compte avant d'installer le bureau dans la v\u00e9randa? <\/h2>\n\n\n\n<p>Avant de d\u00e9placer toutes vos affaires de travail et cr\u00e9er un espace propice \u00e0 la concentration et \u00e0 la productivit\u00e9, il y a quelques points \u00e0 prendre en compte. D'abord, si vous travaillez sur un \u00e9cran d'ordinateur, il faut <strong>veiller \u00e0 ce que la lumi\u00e8re naturelle ne se r\u00e9fl\u00e9chisse pas sur votre \u00e9cran<\/strong>. Croyez-moi, c'est tr\u00e8s d\u00e9sagr\u00e9able (j'ai le probl\u00e8me au moment o\u00f9 je mets \u00e0 jour cet article). Parfois, il suffit de tourner votre \u00e9cran de quelques degr\u00e9s pour que ce soit plus confortable. <\/p>\n\n\n\n<p>Ceci peut vous int\u00e9resser: <a href=\"https:\/\/www.cocondedecoration.com\/blog\/2023\/08\/reussir-decoration-bureau\/\" target=\"_blank\" rel=\"noopener\" title=\"\">30 id\u00e9es pour une d\u00e9co de bureau r\u00e9ussie<\/a><\/p>\n\n\n\n<p>Deuxi\u00e8me point important: il doit y <strong>avoir suffisamment de prises pour brancher l'ensemble de votre mat\u00e9riel informatique<\/strong>. Les multiprises sont pratiques mais elles ne sont pas id\u00e9ales et il faut absolument \u00e9viter de brancher une multiprise sur une autre. Dans le bureau, il faut plusieurs prises pour brancher l'ordinateur, l'imprimante, la lampe de bureau ou encore \u00e9ventuellement votre chargeur de t\u00e9l\u00e9phone. Avant de bouger vos meubles et vos affaires, faites le point sur vos besoins en prises. Et si besoin, faites appel \u00e0 un \u00e9lectricien pour en ajouter. <\/p>\n\n\n\n<p>Pensez \u00e0 la lumi\u00e8re: lumi\u00e8re naturelle et lumi\u00e8re artificielle. Je l'\u00e9crivais dans mon premier paragraphe, la lumi\u00e8re naturelle peut \u00eatre d\u00e9rangeante quand on travaille sur un \u00e9cran. Elle peut aussi faire chauffer la pi\u00e8ce et votre mat\u00e9riel. L'<strong>installation de <a href=\"https:\/\/www.cocondedecoration.com\/blog\/2023\/05\/comment-choisir-rideaux\/\" target=\"_blank\" rel=\"noopener\" title=\"\">rideaux<\/a> ou de stores<\/strong> peut \u00eatre n\u00e9cessaire pour cr\u00e9er un espace de travail en toute saison. Idem pour l'\u00e9clairage. En hiver ou si vous travaillez le soir, vous aurez besoin d'un espace de travail suffisamment lumineux. Le minimum est <strong>un luminaire principal et <a href=\"https:\/\/www.cocondedecoration.com\/blog\/2021\/08\/ou-trouver-lampe-de-bureau\/\" target=\"_blank\" rel=\"noopener\" title=\"\">une lampe de bureau<\/a><\/strong> pour un \u00e9clairage plus localis\u00e9. <\/p>\n\n\n\n<h2 class=\"wp-block-heading\">Inspirations: un bureau dans la v\u00e9randa <\/h2>\n\n\n\n<figure class=\"wp-block-gallery has-nested-images columns-default is-cropped wp-block-gallery-1 is-layout-flex wp-block-gallery-is-layout-flex\">\n<figure class=\"wp-block-image size-large\"><a href=\"https:\/\/www.cocondedecoration.com\/blog\/wp-content\/uploads\/2025\/07\/amenager-bureau-veranda.001.jpeg\"><img loading=\"lazy\" decoding=\"async\" width=\"640\" height=\"960\" data-id=\"83725\" src=\"https:\/\/www.cocondedecoration.com\/blog\/wp-content\/uploads\/2025\/07\/amenager-bureau-veranda.001-640x960.jpeg\" alt=\"am\u00e9nager un bureau dans une v\u00e9randa moderne petit espace au calme mur accent grand plan de travail lumi\u00e8re naturelle \" class=\"wp-image-83725\" title=\"am\u00e9nager un bureau dans une v\u00e9randa moderne petit espace au calme mur accent grand plan de travail lumi\u00e8re naturelle \" srcset=\"https:\/\/www.cocondedecoration.com\/blog\/wp-content\/uploads\/2025\/07\/amenager-bureau-veranda.001-640x960.jpeg 640w, https:\/\/www.cocondedecoration.com\/blog\/wp-content\/uploads\/2025\/07\/amenager-bureau-veranda.001-260x390.jpeg 260w, https:\/\/www.cocondedecoration.com\/blog\/wp-content\/uploads\/2025\/07\/amenager-bureau-veranda.001-768x1152.jpeg 768w, https:\/\/www.cocondedecoration.com\/blog\/wp-content\/uploads\/2025\/07\/amenager-bureau-veranda.001-367x550.jpeg 367w, https:\/\/www.cocondedecoration.com\/blog\/wp-content\/uploads\/2025\/07\/amenager-bureau-veranda.001-333x500.jpeg 333w, https:\/\/www.cocondedecoration.com\/blog\/wp-content\/uploads\/2025\/07\/amenager-bureau-veranda.001.jpeg 1000w\" sizes=\"(max-width: 640px) 100vw, 640px\" \/><\/a><figcaption class=\"wp-element-caption\">furiteshade.com.au<\/figcaption><\/figure>\n\n\n\n<figure class=\"wp-block-image size-large\"><a href=\"https:\/\/www.cocondedecoration.com\/blog\/wp-content\/uploads\/2025\/07\/amenager-bureau-veranda.002.jpeg\"><img loading=\"lazy\" decoding=\"async\" width=\"640\" height=\"960\" data-id=\"83719\" src=\"https:\/\/www.cocondedecoration.com\/blog\/wp-content\/uploads\/2025\/07\/amenager-bureau-veranda.002-640x960.jpeg\" alt=\"am\u00e9nager un bureau dans une v\u00e9randa loggia appartement mur blanc meuble sur mesure en bois espace lumineux avec biblioth\u00e8que \" class=\"wp-image-83719\" title=\"am\u00e9nager un bureau dans une v\u00e9randa loggia appartement mur blanc meuble sur mesure en bois espace lumineux avec biblioth\u00e8que \" srcset=\"https:\/\/www.cocondedecoration.com\/blog\/wp-content\/uploads\/2025\/07\/amenager-bureau-veranda.002-640x960.jpeg 640w, https:\/\/www.cocondedecoration.com\/blog\/wp-content\/uploads\/2025\/07\/amenager-bureau-veranda.002-260x390.jpeg 260w, https:\/\/www.cocondedecoration.com\/blog\/wp-content\/uploads\/2025\/07\/amenager-bureau-veranda.002-768x1152.jpeg 768w, https:\/\/www.cocondedecoration.com\/blog\/wp-content\/uploads\/2025\/07\/amenager-bureau-veranda.002-367x550.jpeg 367w, https:\/\/www.cocondedecoration.com\/blog\/wp-content\/uploads\/2025\/07\/amenager-bureau-veranda.002-333x500.jpeg 333w, https:\/\/www.cocondedecoration.com\/blog\/wp-content\/uploads\/2025\/07\/amenager-bureau-veranda.002.jpeg 1000w\" sizes=\"(max-width: 640px) 100vw, 640px\" \/><\/a><figcaption class=\"wp-element-caption\">houzz.com<\/figcaption><\/figure>\n\n\n\n<figure class=\"wp-block-image size-large\"><a href=\"https:\/\/www.cocondedecoration.com\/blog\/wp-content\/uploads\/2025\/07\/amenager-bureau-veranda.003.jpeg\"><img loading=\"lazy\" decoding=\"async\" width=\"640\" height=\"960\" data-id=\"83730\" src=\"https:\/\/www.cocondedecoration.com\/blog\/wp-content\/uploads\/2025\/07\/amenager-bureau-veranda.003-640x960.jpeg\" alt=\"am\u00e9nager un bureau dans une v\u00e9randa petit espace tranquille avec vue sur le jardin biblioth\u00e8que ambiance moderne et cosy \" class=\"wp-image-83730\" title=\"am\u00e9nager un bureau dans une v\u00e9randa petit espace tranquille avec vue sur le jardin biblioth\u00e8que ambiance moderne et cosy \" srcset=\"https:\/\/www.cocondedecoration.com\/blog\/wp-content\/uploads\/2025\/07\/amenager-bureau-veranda.003-640x960.jpeg 640w, https:\/\/www.cocondedecoration.com\/blog\/wp-content\/uploads\/2025\/07\/amenager-bureau-veranda.003-260x390.jpeg 260w, https:\/\/www.cocondedecoration.com\/blog\/wp-content\/uploads\/2025\/07\/amenager-bureau-veranda.003-768x1152.jpeg 768w, https:\/\/www.cocondedecoration.com\/blog\/wp-content\/uploads\/2025\/07\/amenager-bureau-veranda.003-367x550.jpeg 367w, https:\/\/www.cocondedecoration.com\/blog\/wp-content\/uploads\/2025\/07\/amenager-bureau-veranda.003-333x500.jpeg 333w, https:\/\/www.cocondedecoration.com\/blog\/wp-content\/uploads\/2025\/07\/amenager-bureau-veranda.003.jpeg 1000w\" sizes=\"(max-width: 640px) 100vw, 640px\" \/><\/a><figcaption class=\"wp-element-caption\">skyryedesign.com<\/figcaption><\/figure>\n\n\n\n<figure class=\"wp-block-image size-large\"><a href=\"https:\/\/www.cocondedecoration.com\/blog\/wp-content\/uploads\/2025\/07\/amenager-bureau-veranda.004.jpeg\"><img loading=\"lazy\" decoding=\"async\" width=\"640\" height=\"960\" data-id=\"83729\" src=\"https:\/\/www.cocondedecoration.com\/blog\/wp-content\/uploads\/2025\/07\/amenager-bureau-veranda.004-640x960.jpeg\" alt=\"am\u00e9nager un bureau dans une v\u00e9randa espace de travail au calme \u00e9l\u00e9gant biblioth\u00e8que espace canap\u00e9 \" class=\"wp-image-83729\" title=\"am\u00e9nager un bureau dans une v\u00e9randa espace de travail au calme \u00e9l\u00e9gant biblioth\u00e8que espace canap\u00e9 \" srcset=\"https:\/\/www.cocondedecoration.com\/blog\/wp-content\/uploads\/2025\/07\/amenager-bureau-veranda.004-640x960.jpeg 640w, https:\/\/www.cocondedecoration.com\/blog\/wp-content\/uploads\/2025\/07\/amenager-bureau-veranda.004-260x390.jpeg 260w, https:\/\/www.cocondedecoration.com\/blog\/wp-content\/uploads\/2025\/07\/amenager-bureau-veranda.004-768x1152.jpeg 768w, https:\/\/www.cocondedecoration.com\/blog\/wp-content\/uploads\/2025\/07\/amenager-bureau-veranda.004-367x550.jpeg 367w, https:\/\/www.cocondedecoration.com\/blog\/wp-content\/uploads\/2025\/07\/amenager-bureau-veranda.004-333x500.jpeg 333w, https:\/\/www.cocondedecoration.com\/blog\/wp-content\/uploads\/2025\/07\/amenager-bureau-veranda.004.jpeg 1000w\" sizes=\"(max-width: 640px) 100vw, 640px\" \/><\/a><figcaption class=\"wp-element-caption\">przemobania.com<\/figcaption><\/figure>\n\n\n\n<figure class=\"wp-block-image size-large\"><a href=\"https:\/\/www.cocondedecoration.com\/blog\/wp-content\/uploads\/2025\/07\/amenager-bureau-veranda.005.jpeg\"><img loading=\"lazy\" decoding=\"async\" width=\"640\" height=\"960\" data-id=\"83723\" src=\"https:\/\/www.cocondedecoration.com\/blog\/wp-content\/uploads\/2025\/07\/amenager-bureau-veranda.005-640x960.jpeg\" alt=\"am\u00e9nager un bureau dans une v\u00e9randa petite pi\u00e8ce en plus vue sur le jardin puits de lumi\u00e8re meuble en bois pratique \" class=\"wp-image-83723\" title=\"am\u00e9nager un bureau dans une v\u00e9randa petite pi\u00e8ce en plus vue sur le jardin puits de lumi\u00e8re meuble en bois pratique \" srcset=\"https:\/\/www.cocondedecoration.com\/blog\/wp-content\/uploads\/2025\/07\/amenager-bureau-veranda.005-640x960.jpeg 640w, https:\/\/www.cocondedecoration.com\/blog\/wp-content\/uploads\/2025\/07\/amenager-bureau-veranda.005-260x390.jpeg 260w, https:\/\/www.cocondedecoration.com\/blog\/wp-content\/uploads\/2025\/07\/amenager-bureau-veranda.005-768x1152.jpeg 768w, https:\/\/www.cocondedecoration.com\/blog\/wp-content\/uploads\/2025\/07\/amenager-bureau-veranda.005-367x550.jpeg 367w, https:\/\/www.cocondedecoration.com\/blog\/wp-content\/uploads\/2025\/07\/amenager-bureau-veranda.005-333x500.jpeg 333w, https:\/\/www.cocondedecoration.com\/blog\/wp-content\/uploads\/2025\/07\/amenager-bureau-veranda.005.jpeg 1000w\" sizes=\"(max-width: 640px) 100vw, 640px\" \/><\/a><figcaption class=\"wp-element-caption\">emwajewelry.com<\/figcaption><\/figure>\n\n\n\n<figure class=\"wp-block-image size-large\"><a href=\"https:\/\/www.cocondedecoration.com\/blog\/wp-content\/uploads\/2025\/07\/amenager-bureau-veranda.006.jpeg\"><img loading=\"lazy\" decoding=\"async\" width=\"640\" height=\"960\" data-id=\"83726\" src=\"https:\/\/www.cocondedecoration.com\/blog\/wp-content\/uploads\/2025\/07\/amenager-bureau-veranda.006-640x960.jpeg\" alt=\"am\u00e9nager un bureau dans une v\u00e9randa qui donne sur la terrasse porte vitr\u00e9e espace de travail effacement int\u00e9rieur ext\u00e9rieur \" class=\"wp-image-83726\" title=\"am\u00e9nager un bureau dans une v\u00e9randa qui donne sur la terrasse porte vitr\u00e9e espace de travail effacement int\u00e9rieur ext\u00e9rieur \" srcset=\"https:\/\/www.cocondedecoration.com\/blog\/wp-content\/uploads\/2025\/07\/amenager-bureau-veranda.006-640x960.jpeg 640w, https:\/\/www.cocondedecoration.com\/blog\/wp-content\/uploads\/2025\/07\/amenager-bureau-veranda.006-260x390.jpeg 260w, https:\/\/www.cocondedecoration.com\/blog\/wp-content\/uploads\/2025\/07\/amenager-bureau-veranda.006-768x1152.jpeg 768w, https:\/\/www.cocondedecoration.com\/blog\/wp-content\/uploads\/2025\/07\/amenager-bureau-veranda.006-367x550.jpeg 367w, https:\/\/www.cocondedecoration.com\/blog\/wp-content\/uploads\/2025\/07\/amenager-bureau-veranda.006-333x500.jpeg 333w, https:\/\/www.cocondedecoration.com\/blog\/wp-content\/uploads\/2025\/07\/amenager-bureau-veranda.006.jpeg 1000w\" sizes=\"(max-width: 640px) 100vw, 640px\" \/><\/a><figcaption class=\"wp-element-caption\">edwardgeorgelondon.com<\/figcaption><\/figure>\n\n\n\n<figure class=\"wp-block-image size-large\"><a href=\"https:\/\/www.cocondedecoration.com\/blog\/wp-content\/uploads\/2025\/07\/amenager-bureau-veranda.007.jpeg\"><img loading=\"lazy\" decoding=\"async\" width=\"640\" height=\"960\" data-id=\"83720\" src=\"https:\/\/www.cocondedecoration.com\/blog\/wp-content\/uploads\/2025\/07\/amenager-bureau-veranda.007-640x960.jpeg\" alt=\"am\u00e9nager un bureau dans une v\u00e9randa blanche simple extension maison meuble bois et m\u00e9tal biblioth\u00e8que petit canap\u00e9 \" class=\"wp-image-83720\" title=\"am\u00e9nager un bureau dans une v\u00e9randa blanche simple extension maison meuble bois et m\u00e9tal biblioth\u00e8que petit canap\u00e9 \" srcset=\"https:\/\/www.cocondedecoration.com\/blog\/wp-content\/uploads\/2025\/07\/amenager-bureau-veranda.007-640x960.jpeg 640w, https:\/\/www.cocondedecoration.com\/blog\/wp-content\/uploads\/2025\/07\/amenager-bureau-veranda.007-260x390.jpeg 260w, https:\/\/www.cocondedecoration.com\/blog\/wp-content\/uploads\/2025\/07\/amenager-bureau-veranda.007-768x1152.jpeg 768w, https:\/\/www.cocondedecoration.com\/blog\/wp-content\/uploads\/2025\/07\/amenager-bureau-veranda.007-367x550.jpeg 367w, https:\/\/www.cocondedecoration.com\/blog\/wp-content\/uploads\/2025\/07\/amenager-bureau-veranda.007-333x500.jpeg 333w, https:\/\/www.cocondedecoration.com\/blog\/wp-content\/uploads\/2025\/07\/amenager-bureau-veranda.007.jpeg 1000w\" sizes=\"(max-width: 640px) 100vw, 640px\" \/><\/a><figcaption class=\"wp-element-caption\">homevizo.com<\/figcaption><\/figure>\n\n\n\n<figure class=\"wp-block-image size-large\"><a href=\"https:\/\/www.cocondedecoration.com\/blog\/wp-content\/uploads\/2025\/07\/amenager-bureau-veranda.008.jpeg\"><img loading=\"lazy\" decoding=\"async\" width=\"640\" height=\"960\" data-id=\"83727\" src=\"https:\/\/www.cocondedecoration.com\/blog\/wp-content\/uploads\/2025\/07\/amenager-bureau-veranda.008-640x960.jpeg\" alt=\"am\u00e9nager un bureau dans une v\u00e9randa extension moderne banche vue sur le jardin meuble de travail en bois simple lampe de bureau et plantes tropicales \" class=\"wp-image-83727\" title=\"am\u00e9nager un bureau dans une v\u00e9randa extension moderne banche vue sur le jardin meuble de travail en bois simple lampe de bureau et plantes tropicales \" srcset=\"https:\/\/www.cocondedecoration.com\/blog\/wp-content\/uploads\/2025\/07\/amenager-bureau-veranda.008-640x960.jpeg 640w, https:\/\/www.cocondedecoration.com\/blog\/wp-content\/uploads\/2025\/07\/amenager-bureau-veranda.008-260x390.jpeg 260w, https:\/\/www.cocondedecoration.com\/blog\/wp-content\/uploads\/2025\/07\/amenager-bureau-veranda.008-768x1152.jpeg 768w, https:\/\/www.cocondedecoration.com\/blog\/wp-content\/uploads\/2025\/07\/amenager-bureau-veranda.008-367x550.jpeg 367w, https:\/\/www.cocondedecoration.com\/blog\/wp-content\/uploads\/2025\/07\/amenager-bureau-veranda.008-333x500.jpeg 333w, https:\/\/www.cocondedecoration.com\/blog\/wp-content\/uploads\/2025\/07\/amenager-bureau-veranda.008.jpeg 1000w\" sizes=\"(max-width: 640px) 100vw, 640px\" \/><\/a><figcaption class=\"wp-element-caption\">ablakhungary.hu<\/figcaption><\/figure>\n\n\n\n<figure class=\"wp-block-image size-large\"><a href=\"https:\/\/www.cocondedecoration.com\/blog\/wp-content\/uploads\/2025\/07\/amenager-bureau-veranda.009.jpeg\"><img loading=\"lazy\" decoding=\"async\" width=\"640\" height=\"960\" data-id=\"83728\" src=\"https:\/\/www.cocondedecoration.com\/blog\/wp-content\/uploads\/2025\/07\/amenager-bureau-veranda.009-640x960.jpeg\" alt=\"am\u00e9nager un bureau dans une v\u00e9randa cosy blanche bois et vert sauge petit tapis lambris peint parquet plante verte jardin \" class=\"wp-image-83728\" title=\"am\u00e9nager un bureau dans une v\u00e9randa cosy blanche bois et vert sauge petit tapis lambris peint parquet plante verte jardin \" srcset=\"https:\/\/www.cocondedecoration.com\/blog\/wp-content\/uploads\/2025\/07\/amenager-bureau-veranda.009-640x960.jpeg 640w, https:\/\/www.cocondedecoration.com\/blog\/wp-content\/uploads\/2025\/07\/amenager-bureau-veranda.009-260x390.jpeg 260w, https:\/\/www.cocondedecoration.com\/blog\/wp-content\/uploads\/2025\/07\/amenager-bureau-veranda.009-768x1152.jpeg 768w, https:\/\/www.cocondedecoration.com\/blog\/wp-content\/uploads\/2025\/07\/amenager-bureau-veranda.009-367x550.jpeg 367w, https:\/\/www.cocondedecoration.com\/blog\/wp-content\/uploads\/2025\/07\/amenager-bureau-veranda.009-333x500.jpeg 333w, https:\/\/www.cocondedecoration.com\/blog\/wp-content\/uploads\/2025\/07\/amenager-bureau-veranda.009.jpeg 1000w\" sizes=\"(max-width: 640px) 100vw, 640px\" \/><\/a><figcaption class=\"wp-element-caption\">foreverdecolove.com<\/figcaption><\/figure>\n\n\n\n<figure class=\"wp-block-image size-large\"><a href=\"https:\/\/www.cocondedecoration.com\/blog\/wp-content\/uploads\/2025\/07\/amenager-bureau-veranda.010.jpeg\"><img loading=\"lazy\" decoding=\"async\" width=\"640\" height=\"960\" data-id=\"83722\" src=\"https:\/\/www.cocondedecoration.com\/blog\/wp-content\/uploads\/2025\/07\/amenager-bureau-veranda.010-640x960.jpeg\" alt=\"am\u00e9nager un bureau dans une v\u00e9randa blanche et bois univers agr\u00e9able et simple lumineux meuble mural de rangement \" class=\"wp-image-83722\" title=\"am\u00e9nager un bureau dans une v\u00e9randa blanche et bois univers agr\u00e9able et simple lumineux meuble mural de rangement \" srcset=\"https:\/\/www.cocondedecoration.com\/blog\/wp-content\/uploads\/2025\/07\/amenager-bureau-veranda.010-640x960.jpeg 640w, https:\/\/www.cocondedecoration.com\/blog\/wp-content\/uploads\/2025\/07\/amenager-bureau-veranda.010-260x390.jpeg 260w, https:\/\/www.cocondedecoration.com\/blog\/wp-content\/uploads\/2025\/07\/amenager-bureau-veranda.010-768x1152.jpeg 768w, https:\/\/www.cocondedecoration.com\/blog\/wp-content\/uploads\/2025\/07\/amenager-bureau-veranda.010-367x550.jpeg 367w, https:\/\/www.cocondedecoration.com\/blog\/wp-content\/uploads\/2025\/07\/amenager-bureau-veranda.010-333x500.jpeg 333w, https:\/\/www.cocondedecoration.com\/blog\/wp-content\/uploads\/2025\/07\/amenager-bureau-veranda.010.jpeg 1000w\" sizes=\"(max-width: 640px) 100vw, 640px\" \/><\/a><figcaption class=\"wp-element-caption\">homemadegraceful.com<\/figcaption><\/figure>\n\n\n\n<figure class=\"wp-block-image size-large\"><a href=\"https:\/\/www.cocondedecoration.com\/blog\/wp-content\/uploads\/2025\/07\/amenager-bureau-veranda.011.jpeg\"><img loading=\"lazy\" decoding=\"async\" width=\"640\" height=\"960\" data-id=\"83724\" src=\"https:\/\/www.cocondedecoration.com\/blog\/wp-content\/uploads\/2025\/07\/amenager-bureau-veranda.011-640x960.jpeg\" alt=\"am\u00e9nager un bureau dans une v\u00e9randa blanche fonctionnelle bureau d'angle pratique plante verte et vue sur le jardin \" class=\"wp-image-83724\" title=\"am\u00e9nager un bureau dans une v\u00e9randa blanche fonctionnelle bureau d'angle pratique plante verte et vue sur le jardin \" srcset=\"https:\/\/www.cocondedecoration.com\/blog\/wp-content\/uploads\/2025\/07\/amenager-bureau-veranda.011-640x960.jpeg 640w, https:\/\/www.cocondedecoration.com\/blog\/wp-content\/uploads\/2025\/07\/amenager-bureau-veranda.011-260x390.jpeg 260w, https:\/\/www.cocondedecoration.com\/blog\/wp-content\/uploads\/2025\/07\/amenager-bureau-veranda.011-768x1152.jpeg 768w, https:\/\/www.cocondedecoration.com\/blog\/wp-content\/uploads\/2025\/07\/amenager-bureau-veranda.011-367x550.jpeg 367w, https:\/\/www.cocondedecoration.com\/blog\/wp-content\/uploads\/2025\/07\/amenager-bureau-veranda.011-333x500.jpeg 333w, https:\/\/www.cocondedecoration.com\/blog\/wp-content\/uploads\/2025\/07\/amenager-bureau-veranda.011.jpeg 1000w\" sizes=\"(max-width: 640px) 100vw, 640px\" \/><\/a><figcaption class=\"wp-element-caption\">przemobania.com<\/figcaption><\/figure>\n\n\n\n<figure class=\"wp-block-image size-large\"><a href=\"https:\/\/www.cocondedecoration.com\/blog\/wp-content\/uploads\/2025\/07\/amenager-bureau-veranda.012.jpeg\"><img loading=\"lazy\" decoding=\"async\" width=\"640\" height=\"960\" data-id=\"83721\" src=\"https:\/\/www.cocondedecoration.com\/blog\/wp-content\/uploads\/2025\/07\/amenager-bureau-veranda.012-640x960.jpeg\" alt=\"am\u00e9nager un bureau dans une v\u00e9randa she shed d\u00e9cor tropical meuble en bois \" class=\"wp-image-83721\" title=\"am\u00e9nager un bureau dans une v\u00e9randa she shed d\u00e9cor tropical meuble en bois \" srcset=\"https:\/\/www.cocondedecoration.com\/blog\/wp-content\/uploads\/2025\/07\/amenager-bureau-veranda.012-640x960.jpeg 640w, https:\/\/www.cocondedecoration.com\/blog\/wp-content\/uploads\/2025\/07\/amenager-bureau-veranda.012-260x390.jpeg 260w, https:\/\/www.cocondedecoration.com\/blog\/wp-content\/uploads\/2025\/07\/amenager-bureau-veranda.012-768x1152.jpeg 768w, https:\/\/www.cocondedecoration.com\/blog\/wp-content\/uploads\/2025\/07\/amenager-bureau-veranda.012-367x550.jpeg 367w, https:\/\/www.cocondedecoration.com\/blog\/wp-content\/uploads\/2025\/07\/amenager-bureau-veranda.012-333x500.jpeg 333w, https:\/\/www.cocondedecoration.com\/blog\/wp-content\/uploads\/2025\/07\/amenager-bureau-veranda.012.jpeg 1000w\" sizes=\"(max-width: 640px) 100vw, 640px\" \/><\/a><figcaption class=\"wp-element-caption\">toolzview.com<\/figcaption><\/figure>\n<\/figure>\n\n\n\n<hr class=\"wp-block-separator has-alpha-channel-opacity is-style-wide\"\/>\n\n\n\n<div class=\"wp-block-columns has-2-columns is-layout-flex wp-container-core-columns-layout-1 wp-block-columns-is-layout-flex\">\n<div class=\"wp-block-column is-layout-flow wp-block-column-is-layout-flow\"><div class='white' style='background:rgba(0,0,0,0); border:solid 0px rgba(0,0,0,0); border-radius:0px; padding:0px 0px 0px 0px;'>\n<div id='slider_63726' class='owl-carousel sa_owl_theme owl-pagination-true autohide-arrows' data-slider-id='slider_63726' style='visibility:hidden;'>\n<div id='slider_63726_slide01' class='sa_hover_container' style='padding:5% 5%; margin:0px 0%; '><p><a href=\"https:\/\/www.cocondedecoration.com\/blog\/wp-content\/uploads\/2025\/07\/meuble-bureau-confo-2025.001.jpeg\"><img loading=\"lazy\" decoding=\"async\" class=\"aligncenter size-full wp-image-83866\" src=\"https:\/\/www.cocondedecoration.com\/blog\/wp-content\/uploads\/2025\/07\/meuble-bureau-confo-2025.001.jpeg\" alt=\"\" width=\"650\" height=\"650\" srcset=\"https:\/\/www.cocondedecoration.com\/blog\/wp-content\/uploads\/2025\/07\/meuble-bureau-confo-2025.001.jpeg 650w, https:\/\/www.cocondedecoration.com\/blog\/wp-content\/uploads\/2025\/07\/meuble-bureau-confo-2025.001-260x260.jpeg 260w, https:\/\/www.cocondedecoration.com\/blog\/wp-content\/uploads\/2025\/07\/meuble-bureau-confo-2025.001-640x640.jpeg 640w, https:\/\/www.cocondedecoration.com\/blog\/wp-content\/uploads\/2025\/07\/meuble-bureau-confo-2025.001-165x165.jpeg 165w, https:\/\/www.cocondedecoration.com\/blog\/wp-content\/uploads\/2025\/07\/meuble-bureau-confo-2025.001-465x465.jpeg 465w, https:\/\/www.cocondedecoration.com\/blog\/wp-content\/uploads\/2025\/07\/meuble-bureau-confo-2025.001-500x500.jpeg 500w\" sizes=\"(max-width: 650px) 100vw, 650px\" \/><\/a><\/p><\/div>\n<div id='slider_63726_slide02' class='sa_hover_container' style='padding:5% 5%; margin:0px 0%; '><p><a href=\"https:\/\/www.cocondedecoration.com\/blog\/wp-content\/uploads\/2025\/07\/mobilier-bureau-la-redoute-2025.001.jpeg\"><img loading=\"lazy\" decoding=\"async\" class=\"aligncenter size-full wp-image-83872\" src=\"https:\/\/www.cocondedecoration.com\/blog\/wp-content\/uploads\/2025\/07\/mobilier-bureau-la-redoute-2025.001.jpeg\" alt=\"\" width=\"650\" height=\"650\" srcset=\"https:\/\/www.cocondedecoration.com\/blog\/wp-content\/uploads\/2025\/07\/mobilier-bureau-la-redoute-2025.001.jpeg 650w, https:\/\/www.cocondedecoration.com\/blog\/wp-content\/uploads\/2025\/07\/mobilier-bureau-la-redoute-2025.001-260x260.jpeg 260w, https:\/\/www.cocondedecoration.com\/blog\/wp-content\/uploads\/2025\/07\/mobilier-bureau-la-redoute-2025.001-640x640.jpeg 640w, https:\/\/www.cocondedecoration.com\/blog\/wp-content\/uploads\/2025\/07\/mobilier-bureau-la-redoute-2025.001-165x165.jpeg 165w, https:\/\/www.cocondedecoration.com\/blog\/wp-content\/uploads\/2025\/07\/mobilier-bureau-la-redoute-2025.001-465x465.jpeg 465w, https:\/\/www.cocondedecoration.com\/blog\/wp-content\/uploads\/2025\/07\/mobilier-bureau-la-redoute-2025.001-500x500.jpeg 500w\" sizes=\"(max-width: 650px) 100vw, 650px\" \/><\/a><\/p><\/div>\n<div id='slider_63726_slide03' class='sa_hover_container' style='padding:5% 5%; margin:0px 0%; '><p><a href=\"https:\/\/www.cocondedecoration.com\/blog\/wp-content\/uploads\/2025\/07\/meuble-bureau-maisons-du-monde-2025.001.jpeg\"><img loading=\"lazy\" decoding=\"async\" class=\"aligncenter size-full wp-image-83878\" src=\"https:\/\/www.cocondedecoration.com\/blog\/wp-content\/uploads\/2025\/07\/meuble-bureau-maisons-du-monde-2025.001.jpeg\" alt=\"\" width=\"650\" height=\"650\" srcset=\"https:\/\/www.cocondedecoration.com\/blog\/wp-content\/uploads\/2025\/07\/meuble-bureau-maisons-du-monde-2025.001.jpeg 650w, https:\/\/www.cocondedecoration.com\/blog\/wp-content\/uploads\/2025\/07\/meuble-bureau-maisons-du-monde-2025.001-260x260.jpeg 260w, https:\/\/www.cocondedecoration.com\/blog\/wp-content\/uploads\/2025\/07\/meuble-bureau-maisons-du-monde-2025.001-640x640.jpeg 640w, https:\/\/www.cocondedecoration.com\/blog\/wp-content\/uploads\/2025\/07\/meuble-bureau-maisons-du-monde-2025.001-165x165.jpeg 165w, https:\/\/www.cocondedecoration.com\/blog\/wp-content\/uploads\/2025\/07\/meuble-bureau-maisons-du-monde-2025.001-465x465.jpeg 465w, https:\/\/www.cocondedecoration.com\/blog\/wp-content\/uploads\/2025\/07\/meuble-bureau-maisons-du-monde-2025.001-500x500.jpeg 500w\" sizes=\"(max-width: 650px) 100vw, 650px\" \/><\/a><\/p><\/div>\n<div id='slider_63726_slide04' class='sa_hover_container' style='padding:5% 5%; margin:0px 0%; '><p><a href=\"https:\/\/www.cocondedecoration.com\/blog\/wp-content\/uploads\/2025\/07\/meuble-bureau-confo-2025.002.jpeg\"><img loading=\"lazy\" decoding=\"async\" class=\"aligncenter size-full wp-image-83868\" src=\"https:\/\/www.cocondedecoration.com\/blog\/wp-content\/uploads\/2025\/07\/meuble-bureau-confo-2025.002.jpeg\" alt=\"\" width=\"650\" height=\"650\" srcset=\"https:\/\/www.cocondedecoration.com\/blog\/wp-content\/uploads\/2025\/07\/meuble-bureau-confo-2025.002.jpeg 650w, https:\/\/www.cocondedecoration.com\/blog\/wp-content\/uploads\/2025\/07\/meuble-bureau-confo-2025.002-260x260.jpeg 260w, https:\/\/www.cocondedecoration.com\/blog\/wp-content\/uploads\/2025\/07\/meuble-bureau-confo-2025.002-640x640.jpeg 640w, https:\/\/www.cocondedecoration.com\/blog\/wp-content\/uploads\/2025\/07\/meuble-bureau-confo-2025.002-165x165.jpeg 165w, https:\/\/www.cocondedecoration.com\/blog\/wp-content\/uploads\/2025\/07\/meuble-bureau-confo-2025.002-465x465.jpeg 465w, https:\/\/www.cocondedecoration.com\/blog\/wp-content\/uploads\/2025\/07\/meuble-bureau-confo-2025.002-500x500.jpeg 500w\" sizes=\"(max-width: 650px) 100vw, 650px\" \/><\/a><\/p><\/div>\n<div id='slider_63726_slide05' class='sa_hover_container' style='padding:5% 5%; margin:0px 0%; '><p><a href=\"https:\/\/www.cocondedecoration.com\/blog\/wp-content\/uploads\/2025\/07\/mobilier-bureau-la-redoute-2025.002.jpeg\"><img loading=\"lazy\" decoding=\"async\" class=\"aligncenter size-full wp-image-83873\" src=\"https:\/\/www.cocondedecoration.com\/blog\/wp-content\/uploads\/2025\/07\/mobilier-bureau-la-redoute-2025.002.jpeg\" alt=\"\" width=\"650\" height=\"650\" srcset=\"https:\/\/www.cocondedecoration.com\/blog\/wp-content\/uploads\/2025\/07\/mobilier-bureau-la-redoute-2025.002.jpeg 650w, https:\/\/www.cocondedecoration.com\/blog\/wp-content\/uploads\/2025\/07\/mobilier-bureau-la-redoute-2025.002-260x260.jpeg 260w, https:\/\/www.cocondedecoration.com\/blog\/wp-content\/uploads\/2025\/07\/mobilier-bureau-la-redoute-2025.002-640x640.jpeg 640w, https:\/\/www.cocondedecoration.com\/blog\/wp-content\/uploads\/2025\/07\/mobilier-bureau-la-redoute-2025.002-165x165.jpeg 165w, https:\/\/www.cocondedecoration.com\/blog\/wp-content\/uploads\/2025\/07\/mobilier-bureau-la-redoute-2025.002-465x465.jpeg 465w, https:\/\/www.cocondedecoration.com\/blog\/wp-content\/uploads\/2025\/07\/mobilier-bureau-la-redoute-2025.002-500x500.jpeg 500w\" sizes=\"(max-width: 650px) 100vw, 650px\" \/><\/a><\/p><\/div>\n<div id='slider_63726_slide06' class='sa_hover_container' style='padding:5% 5%; margin:0px 0%; '><p><a href=\"https:\/\/www.cocondedecoration.com\/blog\/wp-content\/uploads\/2025\/07\/meuble-bureau-maisons-du-monde-2025.002.jpeg\"><img loading=\"lazy\" decoding=\"async\" class=\"aligncenter size-full wp-image-83879\" src=\"https:\/\/www.cocondedecoration.com\/blog\/wp-content\/uploads\/2025\/07\/meuble-bureau-maisons-du-monde-2025.002.jpeg\" alt=\"\" width=\"650\" height=\"650\" srcset=\"https:\/\/www.cocondedecoration.com\/blog\/wp-content\/uploads\/2025\/07\/meuble-bureau-maisons-du-monde-2025.002.jpeg 650w, https:\/\/www.cocondedecoration.com\/blog\/wp-content\/uploads\/2025\/07\/meuble-bureau-maisons-du-monde-2025.002-260x260.jpeg 260w, https:\/\/www.cocondedecoration.com\/blog\/wp-content\/uploads\/2025\/07\/meuble-bureau-maisons-du-monde-2025.002-640x640.jpeg 640w, https:\/\/www.cocondedecoration.com\/blog\/wp-content\/uploads\/2025\/07\/meuble-bureau-maisons-du-monde-2025.002-165x165.jpeg 165w, https:\/\/www.cocondedecoration.com\/blog\/wp-content\/uploads\/2025\/07\/meuble-bureau-maisons-du-monde-2025.002-465x465.jpeg 465w, https:\/\/www.cocondedecoration.com\/blog\/wp-content\/uploads\/2025\/07\/meuble-bureau-maisons-du-monde-2025.002-500x500.jpeg 500w\" sizes=\"(max-width: 650px) 100vw, 650px\" \/><\/a><\/p><\/div>\n<div id='slider_63726_slide07' class='sa_hover_container' style='padding:5% 5%; margin:0px 0%; '><p><a href=\"https:\/\/www.cocondedecoration.com\/blog\/wp-content\/uploads\/2025\/07\/meuble-bureau-confo-2025.003.jpeg\"><img loading=\"lazy\" decoding=\"async\" class=\"aligncenter size-full wp-image-83869\" src=\"https:\/\/www.cocondedecoration.com\/blog\/wp-content\/uploads\/2025\/07\/meuble-bureau-confo-2025.003.jpeg\" alt=\"\" width=\"650\" height=\"650\" srcset=\"https:\/\/www.cocondedecoration.com\/blog\/wp-content\/uploads\/2025\/07\/meuble-bureau-confo-2025.003.jpeg 650w, https:\/\/www.cocondedecoration.com\/blog\/wp-content\/uploads\/2025\/07\/meuble-bureau-confo-2025.003-260x260.jpeg 260w, https:\/\/www.cocondedecoration.com\/blog\/wp-content\/uploads\/2025\/07\/meuble-bureau-confo-2025.003-640x640.jpeg 640w, https:\/\/www.cocondedecoration.com\/blog\/wp-content\/uploads\/2025\/07\/meuble-bureau-confo-2025.003-165x165.jpeg 165w, https:\/\/www.cocondedecoration.com\/blog\/wp-content\/uploads\/2025\/07\/meuble-bureau-confo-2025.003-465x465.jpeg 465w, https:\/\/www.cocondedecoration.com\/blog\/wp-content\/uploads\/2025\/07\/meuble-bureau-confo-2025.003-500x500.jpeg 500w\" sizes=\"(max-width: 650px) 100vw, 650px\" \/><\/a><\/p><\/div>\n<div id='slider_63726_slide08' class='sa_hover_container' style='padding:5% 5%; margin:0px 0%; '><p><a href=\"https:\/\/www.cocondedecoration.com\/blog\/wp-content\/uploads\/2025\/07\/mobilier-bureau-la-redoute-2025.003.jpeg\"><img loading=\"lazy\" decoding=\"async\" class=\"aligncenter size-full wp-image-83874\" src=\"https:\/\/www.cocondedecoration.com\/blog\/wp-content\/uploads\/2025\/07\/mobilier-bureau-la-redoute-2025.003.jpeg\" alt=\"\" width=\"650\" height=\"650\" srcset=\"https:\/\/www.cocondedecoration.com\/blog\/wp-content\/uploads\/2025\/07\/mobilier-bureau-la-redoute-2025.003.jpeg 650w, https:\/\/www.cocondedecoration.com\/blog\/wp-content\/uploads\/2025\/07\/mobilier-bureau-la-redoute-2025.003-260x260.jpeg 260w, https:\/\/www.cocondedecoration.com\/blog\/wp-content\/uploads\/2025\/07\/mobilier-bureau-la-redoute-2025.003-640x640.jpeg 640w, https:\/\/www.cocondedecoration.com\/blog\/wp-content\/uploads\/2025\/07\/mobilier-bureau-la-redoute-2025.003-165x165.jpeg 165w, https:\/\/www.cocondedecoration.com\/blog\/wp-content\/uploads\/2025\/07\/mobilier-bureau-la-redoute-2025.003-465x465.jpeg 465w, https:\/\/www.cocondedecoration.com\/blog\/wp-content\/uploads\/2025\/07\/mobilier-bureau-la-redoute-2025.003-500x500.jpeg 500w\" sizes=\"(max-width: 650px) 100vw, 650px\" \/><\/a><\/p><\/div>\n<div id='slider_63726_slide09' class='sa_hover_container' style='padding:5% 5%; margin:0px 0%; '><p><a href=\"https:\/\/www.cocondedecoration.com\/blog\/wp-content\/uploads\/2025\/07\/meuble-bureau-maisons-du-monde-2025.003.jpeg\"><img loading=\"lazy\" decoding=\"async\" class=\"aligncenter size-full wp-image-83880\" src=\"https:\/\/www.cocondedecoration.com\/blog\/wp-content\/uploads\/2025\/07\/meuble-bureau-maisons-du-monde-2025.003.jpeg\" alt=\"\" width=\"650\" height=\"650\" srcset=\"https:\/\/www.cocondedecoration.com\/blog\/wp-content\/uploads\/2025\/07\/meuble-bureau-maisons-du-monde-2025.003.jpeg 650w, https:\/\/www.cocondedecoration.com\/blog\/wp-content\/uploads\/2025\/07\/meuble-bureau-maisons-du-monde-2025.003-260x260.jpeg 260w, https:\/\/www.cocondedecoration.com\/blog\/wp-content\/uploads\/2025\/07\/meuble-bureau-maisons-du-monde-2025.003-640x640.jpeg 640w, https:\/\/www.cocondedecoration.com\/blog\/wp-content\/uploads\/2025\/07\/meuble-bureau-maisons-du-monde-2025.003-165x165.jpeg 165w, https:\/\/www.cocondedecoration.com\/blog\/wp-content\/uploads\/2025\/07\/meuble-bureau-maisons-du-monde-2025.003-465x465.jpeg 465w, https:\/\/www.cocondedecoration.com\/blog\/wp-content\/uploads\/2025\/07\/meuble-bureau-maisons-du-monde-2025.003-500x500.jpeg 500w\" sizes=\"(max-width: 650px) 100vw, 650px\" \/><\/a><\/p><\/div>\n<div id='slider_63726_slide10' class='sa_hover_container' style='padding:5% 5%; margin:0px 0%; '><p><a href=\"https:\/\/www.cocondedecoration.com\/blog\/wp-content\/uploads\/2025\/07\/meuble-bureau-confo-2025.004.jpeg\"><img loading=\"lazy\" decoding=\"async\" class=\"aligncenter size-full wp-image-83870\" src=\"https:\/\/www.cocondedecoration.com\/blog\/wp-content\/uploads\/2025\/07\/meuble-bureau-confo-2025.004.jpeg\" alt=\"\" width=\"650\" height=\"650\" srcset=\"https:\/\/www.cocondedecoration.com\/blog\/wp-content\/uploads\/2025\/07\/meuble-bureau-confo-2025.004.jpeg 650w, https:\/\/www.cocondedecoration.com\/blog\/wp-content\/uploads\/2025\/07\/meuble-bureau-confo-2025.004-260x260.jpeg 260w, https:\/\/www.cocondedecoration.com\/blog\/wp-content\/uploads\/2025\/07\/meuble-bureau-confo-2025.004-640x640.jpeg 640w, https:\/\/www.cocondedecoration.com\/blog\/wp-content\/uploads\/2025\/07\/meuble-bureau-confo-2025.004-165x165.jpeg 165w, https:\/\/www.cocondedecoration.com\/blog\/wp-content\/uploads\/2025\/07\/meuble-bureau-confo-2025.004-465x465.jpeg 465w, https:\/\/www.cocondedecoration.com\/blog\/wp-content\/uploads\/2025\/07\/meuble-bureau-confo-2025.004-500x500.jpeg 500w\" sizes=\"(max-width: 650px) 100vw, 650px\" \/><\/a><\/p><\/div>\n<div id='slider_63726_slide11' class='sa_hover_container' style='padding:5% 5%; margin:0px 0%; '><p><a href=\"https:\/\/www.cocondedecoration.com\/blog\/wp-content\/uploads\/2025\/07\/mobilier-bureau-la-redoute-2025.004.jpeg\"><img loading=\"lazy\" decoding=\"async\" class=\"aligncenter size-full wp-image-83875\" src=\"https:\/\/www.cocondedecoration.com\/blog\/wp-content\/uploads\/2025\/07\/mobilier-bureau-la-redoute-2025.004.jpeg\" alt=\"\" width=\"650\" height=\"650\" srcset=\"https:\/\/www.cocondedecoration.com\/blog\/wp-content\/uploads\/2025\/07\/mobilier-bureau-la-redoute-2025.004.jpeg 650w, https:\/\/www.cocondedecoration.com\/blog\/wp-content\/uploads\/2025\/07\/mobilier-bureau-la-redoute-2025.004-260x260.jpeg 260w, https:\/\/www.cocondedecoration.com\/blog\/wp-content\/uploads\/2025\/07\/mobilier-bureau-la-redoute-2025.004-640x640.jpeg 640w, https:\/\/www.cocondedecoration.com\/blog\/wp-content\/uploads\/2025\/07\/mobilier-bureau-la-redoute-2025.004-165x165.jpeg 165w, https:\/\/www.cocondedecoration.com\/blog\/wp-content\/uploads\/2025\/07\/mobilier-bureau-la-redoute-2025.004-465x465.jpeg 465w, https:\/\/www.cocondedecoration.com\/blog\/wp-content\/uploads\/2025\/07\/mobilier-bureau-la-redoute-2025.004-500x500.jpeg 500w\" sizes=\"(max-width: 650px) 100vw, 650px\" \/><\/a><\/p><\/div>\n<div id='slider_63726_slide12' class='sa_hover_container' style='padding:5% 5%; margin:0px 0%; '><p><a href=\"https:\/\/www.cocondedecoration.com\/blog\/wp-content\/uploads\/2025\/07\/meuble-bureau-maisons-du-monde-2025.004.jpeg\"><img loading=\"lazy\" decoding=\"async\" class=\"aligncenter size-full wp-image-83881\" src=\"https:\/\/www.cocondedecoration.com\/blog\/wp-content\/uploads\/2025\/07\/meuble-bureau-maisons-du-monde-2025.004.jpeg\" alt=\"\" width=\"650\" height=\"650\" srcset=\"https:\/\/www.cocondedecoration.com\/blog\/wp-content\/uploads\/2025\/07\/meuble-bureau-maisons-du-monde-2025.004.jpeg 650w, https:\/\/www.cocondedecoration.com\/blog\/wp-content\/uploads\/2025\/07\/meuble-bureau-maisons-du-monde-2025.004-260x260.jpeg 260w, https:\/\/www.cocondedecoration.com\/blog\/wp-content\/uploads\/2025\/07\/meuble-bureau-maisons-du-monde-2025.004-640x640.jpeg 640w, https:\/\/www.cocondedecoration.com\/blog\/wp-content\/uploads\/2025\/07\/meuble-bureau-maisons-du-monde-2025.004-165x165.jpeg 165w, https:\/\/www.cocondedecoration.com\/blog\/wp-content\/uploads\/2025\/07\/meuble-bureau-maisons-du-monde-2025.004-465x465.jpeg 465w, https:\/\/www.cocondedecoration.com\/blog\/wp-content\/uploads\/2025\/07\/meuble-bureau-maisons-du-monde-2025.004-500x500.jpeg 500w\" sizes=\"(max-width: 650px) 100vw, 650px\" \/><\/a><\/p><\/div>\n<div id='slider_63726_slide13' class='sa_hover_container' style='padding:5% 5%; margin:0px 0%; '><p><a href=\"https:\/\/www.cocondedecoration.com\/blog\/wp-content\/uploads\/2025\/07\/meuble-bureau-confo-2025.005.jpeg\"><img loading=\"lazy\" decoding=\"async\" class=\"aligncenter size-full wp-image-83871\" src=\"https:\/\/www.cocondedecoration.com\/blog\/wp-content\/uploads\/2025\/07\/meuble-bureau-confo-2025.005.jpeg\" alt=\"\" width=\"650\" height=\"650\" srcset=\"https:\/\/www.cocondedecoration.com\/blog\/wp-content\/uploads\/2025\/07\/meuble-bureau-confo-2025.005.jpeg 650w, https:\/\/www.cocondedecoration.com\/blog\/wp-content\/uploads\/2025\/07\/meuble-bureau-confo-2025.005-260x260.jpeg 260w, https:\/\/www.cocondedecoration.com\/blog\/wp-content\/uploads\/2025\/07\/meuble-bureau-confo-2025.005-640x640.jpeg 640w, https:\/\/www.cocondedecoration.com\/blog\/wp-content\/uploads\/2025\/07\/meuble-bureau-confo-2025.005-165x165.jpeg 165w, https:\/\/www.cocondedecoration.com\/blog\/wp-content\/uploads\/2025\/07\/meuble-bureau-confo-2025.005-465x465.jpeg 465w, https:\/\/www.cocondedecoration.com\/blog\/wp-content\/uploads\/2025\/07\/meuble-bureau-confo-2025.005-500x500.jpeg 500w\" sizes=\"(max-width: 650px) 100vw, 650px\" \/><\/a><\/p><\/div>\n<div id='slider_63726_slide14' class='sa_hover_container' style='padding:5% 5%; margin:0px 0%; '><p><a href=\"https:\/\/www.cocondedecoration.com\/blog\/wp-content\/uploads\/2025\/07\/mobilier-bureau-la-redoute-2025.005.jpeg\"><img loading=\"lazy\" decoding=\"async\" class=\"aligncenter size-full wp-image-83876\" src=\"https:\/\/www.cocondedecoration.com\/blog\/wp-content\/uploads\/2025\/07\/mobilier-bureau-la-redoute-2025.005.jpeg\" alt=\"\" width=\"650\" height=\"650\" srcset=\"https:\/\/www.cocondedecoration.com\/blog\/wp-content\/uploads\/2025\/07\/mobilier-bureau-la-redoute-2025.005.jpeg 650w, https:\/\/www.cocondedecoration.com\/blog\/wp-content\/uploads\/2025\/07\/mobilier-bureau-la-redoute-2025.005-260x260.jpeg 260w, https:\/\/www.cocondedecoration.com\/blog\/wp-content\/uploads\/2025\/07\/mobilier-bureau-la-redoute-2025.005-640x640.jpeg 640w, https:\/\/www.cocondedecoration.com\/blog\/wp-content\/uploads\/2025\/07\/mobilier-bureau-la-redoute-2025.005-165x165.jpeg 165w, https:\/\/www.cocondedecoration.com\/blog\/wp-content\/uploads\/2025\/07\/mobilier-bureau-la-redoute-2025.005-465x465.jpeg 465w, https:\/\/www.cocondedecoration.com\/blog\/wp-content\/uploads\/2025\/07\/mobilier-bureau-la-redoute-2025.005-500x500.jpeg 500w\" sizes=\"(max-width: 650px) 100vw, 650px\" \/><\/a><\/p><\/div>\n<div id='slider_63726_slide15' class='sa_hover_container' style='padding:5% 5%; margin:0px 0%; '><p><a href=\"https:\/\/www.cocondedecoration.com\/blog\/wp-content\/uploads\/2025\/07\/meuble-bureau-maisons-du-monde-2025.005.jpeg\"><img loading=\"lazy\" decoding=\"async\" class=\"aligncenter size-full wp-image-83882\" src=\"https:\/\/www.cocondedecoration.com\/blog\/wp-content\/uploads\/2025\/07\/meuble-bureau-maisons-du-monde-2025.005.jpeg\" alt=\"\" width=\"650\" height=\"650\" srcset=\"https:\/\/www.cocondedecoration.com\/blog\/wp-content\/uploads\/2025\/07\/meuble-bureau-maisons-du-monde-2025.005.jpeg 650w, https:\/\/www.cocondedecoration.com\/blog\/wp-content\/uploads\/2025\/07\/meuble-bureau-maisons-du-monde-2025.005-260x260.jpeg 260w, https:\/\/www.cocondedecoration.com\/blog\/wp-content\/uploads\/2025\/07\/meuble-bureau-maisons-du-monde-2025.005-640x640.jpeg 640w, https:\/\/www.cocondedecoration.com\/blog\/wp-content\/uploads\/2025\/07\/meuble-bureau-maisons-du-monde-2025.005-165x165.jpeg 165w, https:\/\/www.cocondedecoration.com\/blog\/wp-content\/uploads\/2025\/07\/meuble-bureau-maisons-du-monde-2025.005-465x465.jpeg 465w, https:\/\/www.cocondedecoration.com\/blog\/wp-content\/uploads\/2025\/07\/meuble-bureau-maisons-du-monde-2025.005-500x500.jpeg 500w\" sizes=\"(max-width: 650px) 100vw, 650px\" \/><\/a><\/p><\/div>\n<\/div>\n<\/div>\n<script type='text\/javascript'>\n\tjQuery(document).ready(function() {\n\t\tjQuery('#slider_63726').owlCarousel({\n\t\t\titems : 1,\n\t\t\tsmartSpeed : 200,\n\t\t\tautoplay : true,\n\t\t\tautoplayTimeout : 5000,\n\t\t\tautoplayHoverPause : true,\n\t\t\tsmartSpeed : 200,\n\t\t\tfluidSpeed : 200,\n\t\t\tautoplaySpeed : 200,\n\t\t\tnavSpeed : 200,\n\t\t\tdotsSpeed : 200,\n\t\t\tloop : true,\n\t\t\tnav : true,\n\t\t\tnavText : ['Previous','Next'],\n\t\t\tdots : true,\n\t\t\tresponsiveRefreshRate : 200,\n\t\t\tslideBy : 1,\n\t\t\tmergeFit : true,\n\t\t\tautoHeight : false,\n\t\t\tmouseDrag : false,\n\t\t\ttouchDrag : true\n\t\t});\n\t\tjQuery('#slider_63726').css('visibility', 'visible');\n\t\tsa_resize_slider_63726();\n\t\twindow.addEventListener('resize', sa_resize_slider_63726);\n\t\tfunction sa_resize_slider_63726() {\n\t\t\tvar min_height = '50';\n\t\t\tvar win_width = jQuery(window).width();\n\t\t\tvar slider_width = jQuery('#slider_63726').width();\n\t\t\tif (win_width < 480) {\n\t\t\t\tvar slide_width = slider_width \/ 1;\n\t\t\t} else if (win_width < 768) {\n\t\t\t\tvar slide_width = slider_width \/ 1;\n\t\t\t} else if (win_width < 980) {\n\t\t\t\tvar slide_width = slider_width \/ 1;\n\t\t\t} else if (win_width < 1200) {\n\t\t\t\tvar slide_width = slider_width \/ 1;\n\t\t\t} else if (win_width < 1500) {\n\t\t\t\tvar slide_width = slider_width \/ 1;\n\t\t\t} else {\n\t\t\t\tvar slide_width = slider_width \/ 1;\n\t\t\t}\n\t\t\tslide_width = Math.round(slide_width);\n\t\t\tvar slide_height = '0';\n\t\t\tif (min_height == 'aspect43') {\n\t\t\t\tslide_height = (slide_width \/ 4) * 3;\t\t\t\tslide_height = Math.round(slide_height);\n\t\t\t} else if (min_height == 'aspect169') {\n\t\t\t\tslide_height = (slide_width \/ 16) * 9;\t\t\t\tslide_height = Math.round(slide_height);\n\t\t\t} else {\n\t\t\t\tslide_height = (slide_width \/ 100) * min_height;\t\t\t\tslide_height = Math.round(slide_height);\n\t\t\t}\n\t\t\tjQuery('#slider_63726 .owl-item .sa_hover_container').css('min-height', slide_height+'px');\n\t\t}\n\t\tvar owl_goto = jQuery('#slider_63726');\n\t\tjQuery('.slider_63726_goto1').click(function(event){\n\t\t\towl_goto.trigger('to.owl.carousel', 0);\n\t\t});\n\t\tjQuery('.slider_63726_goto2').click(function(event){\n\t\t\towl_goto.trigger('to.owl.carousel', 1);\n\t\t});\n\t\tjQuery('.slider_63726_goto3').click(function(event){\n\t\t\towl_goto.trigger('to.owl.carousel', 2);\n\t\t});\n\t\tjQuery('.slider_63726_goto4').click(function(event){\n\t\t\towl_goto.trigger('to.owl.carousel', 3);\n\t\t});\n\t\tjQuery('.slider_63726_goto5').click(function(event){\n\t\t\towl_goto.trigger('to.owl.carousel', 4);\n\t\t});\n\t\tjQuery('.slider_63726_goto6').click(function(event){\n\t\t\towl_goto.trigger('to.owl.carousel', 5);\n\t\t});\n\t\tjQuery('.slider_63726_goto7').click(function(event){\n\t\t\towl_goto.trigger('to.owl.carousel', 6);\n\t\t});\n\t\tjQuery('.slider_63726_goto8').click(function(event){\n\t\t\towl_goto.trigger('to.owl.carousel', 7);\n\t\t});\n\t\tjQuery('.slider_63726_goto9').click(function(event){\n\t\t\towl_goto.trigger('to.owl.carousel', 8);\n\t\t});\n\t\tjQuery('.slider_63726_goto10').click(function(event){\n\t\t\towl_goto.trigger('to.owl.carousel', 9);\n\t\t});\n\t\tjQuery('.slider_63726_goto11').click(function(event){\n\t\t\towl_goto.trigger('to.owl.carousel', 10);\n\t\t});\n\t\tjQuery('.slider_63726_goto12').click(function(event){\n\t\t\towl_goto.trigger('to.owl.carousel', 11);\n\t\t});\n\t\tjQuery('.slider_63726_goto13').click(function(event){\n\t\t\towl_goto.trigger('to.owl.carousel', 12);\n\t\t});\n\t\tjQuery('.slider_63726_goto14').click(function(event){\n\t\t\towl_goto.trigger('to.owl.carousel', 13);\n\t\t});\n\t\tjQuery('.slider_63726_goto15').click(function(event){\n\t\t\towl_goto.trigger('to.owl.carousel', 14);\n\t\t});\n\t\tvar resize_63726 = jQuery('.owl-carousel');\n\t\tresize_63726.on('initialized.owl.carousel', function(e) {\n\t\t\tif (typeof(Event) === 'function') {\n\t\t\t\twindow.dispatchEvent(new Event('resize'));\n\t\t\t} else {\n\t\t\t\tvar evt = window.document.createEvent('UIEvents');\n\t\t\t\tevt.initUIEvent('resize', true, false, window, 0);\n\t\t\t\twindow.dispatchEvent(evt);\n\t\t\t}\n\t\t});\n\t});\n<\/script>\n\n<\/div>\n\n\n\n<div class=\"wp-block-column is-layout-flow wp-block-column-is-layout-flow\">\n<p class=\"has-text-align-center has-medium-font-size\">Pour un bureau moderne et confortable <\/p>\n\n\n\n<ol>\n<li><a href=\"https:\/\/c3po.link\/Qu2F7efwCb\" target=\"_blank\" rel=\"noopener\" title=\"\">Caisson de bureau support imprimante<\/a> - Conforama<\/li>\n\n\n\n<li><a href=\"https:\/\/c3po.link\/Q5tSUTVbu7\" target=\"_blank\" rel=\"noopener\" title=\"\">Bureau vintage double caisson<\/a> - La Redoute<\/li>\n\n\n\n<li><a href=\"https:\/\/fnty.co\/c\/r-iQRRzKLC\" target=\"_blank\" rel=\"noopener\" title=\"\">Petit meuble de rangement professionnel 2 portes<\/a> - Maisons du Monde<\/li>\n\n\n\n<li><a href=\"https:\/\/c3po.link\/Qp6JfxnBQZ\" target=\"_blank\" rel=\"noopener\" title=\"\">Lampe de bureau noire<\/a> - Conforama<\/li>\n\n\n\n<li><a href=\"https:\/\/c3po.link\/QxDu4YBj2u\" target=\"_blank\" rel=\"noopener\" title=\"\">Lampe de bureau articul\u00e9e en m\u00e9tal fer <\/a>- La Redoute<\/li>\n\n\n\n<li><a href=\"https:\/\/fnty.co\/c\/r-kkasVcdw\" target=\"_blank\" rel=\"noopener\" title=\"\">Etag\u00e8re murale bureau vintage 1 tiroir<\/a> - Maisons du Monde<\/li>\n\n\n\n<li><a href=\"https:\/\/c3po.link\/QWPmg4znPZ\" target=\"_blank\" rel=\"noopener\" title=\"\">Bureau bois et m\u00e9tal 100 cm<\/a> - Conforama <\/li>\n\n\n\n<li><a href=\"https:\/\/c3po.link\/QSt7fvmDN8\" target=\"_blank\" rel=\"noopener\" title=\"\">Chaise de bureau \u00e0 roulettes<\/a> - La Redoute<\/li>\n\n\n\n<li><a href=\"https:\/\/fnty.co\/c\/r-LIJcUCRP\" target=\"_blank\" rel=\"noopener\" title=\"\">Chaise de bureau r\u00e9glable \u00e0 roulettes en velours vert et cannage en rotin<\/a> - Maisons du Monde<\/li>\n\n\n\n<li><a href=\"https:\/\/c3po.link\/QBbmJyaTWg\" target=\"_blank\" rel=\"noopener\" title=\"\">Caisson de bureau mobile noir<\/a> - Conforama<\/li>\n\n\n\n<li><a href=\"https:\/\/c3po.link\/QauS3E9Y5e\" target=\"_blank\" rel=\"noopener\" title=\"\">Bureau mural plaqu\u00e9 ch\u00eane et cannage<\/a> - La Redoute<\/li>\n\n\n\n<li><a href=\"https:\/\/fnty.co\/c\/r-pmHRACrV\" target=\"_blank\" rel=\"noopener\" title=\"\">Bureau d'angle professionnel L160<\/a> - Maisons du Monde<\/li>\n\n\n\n<li><a href=\"https:\/\/c3po.link\/QM22hP59fD\" target=\"_blank\" rel=\"noopener\" title=\"\">Fauteuil de bureau r\u00e9glable en hauteur<\/a> - Conforama<\/li>\n\n\n\n<li><a href=\"https:\/\/c3po.link\/QP2wtupFYP\" target=\"_blank\" rel=\"noopener\" title=\"\">Caisson de bureau 1 porte<\/a> - La Redoute<\/li>\n\n\n\n<li><a href=\"https:\/\/fnty.co\/c\/r-NynEuGEX\" target=\"_blank\" rel=\"noopener\" title=\"\">Lampe de bureau m\u00e9tal noir articul\u00e9e<\/a> - Maisons du Monde<\/li>\n<\/ol>\n\n\n\n<p class=\"has-text-align-center\">Pour aller plus loin: <a href=\"https:\/\/www.cocondedecoration.com\/blog\/2024\/08\/choix-fauteuil-bureau\/\" target=\"_blank\" rel=\"noopener\" title=\"\">Comment bien choisir son fauteuil de bureau? <\/a><\/p>\n<\/div>\n<\/div>\n\n\n\n<p class=\"has-text-align-right has-small-font-size\">S\u00e9lection mise \u00e0 jour en juillet 2025<\/p>\n\n\n\n<p class=\"has-small-font-size\">Source de l'image d'en-t\u00eate: fancyhouse-design.com<\/p>\n","protected":false},"excerpt":{"rendered":"<p>Vous cherchez un espace calme et agr\u00e9able pour travailler au quotidien depuis votre domicile? Et si vous vous installiez dans la v\u00e9randa? <span class=\"more-link\"><a href=\"https:\/\/www.cocondedecoration.com\/blog\/2015\/12\/un-bureau-dans-la-veranda\/\">Lire la suite<\/a><\/span><\/p>\n","protected":false},"author":1,"featured_media":83731,"comment_status":"open","ping_status":"open","sticky":false,"template":"","format":"standard","meta":{"om_disable_all_campaigns":false,"_monsterinsights_skip_tracking":false,"_monsterinsights_sitenote_active":false,"_monsterinsights_sitenote_note":"","_monsterinsights_sitenote_category":0,"_uf_show_specific_survey":0,"_uf_disable_surveys":false,"footnotes":""},"categories":[62014],"tags":[2887,10,22650,129,528,732,649,735,433,346],"aioseo_notices":[],"_links":{"self":[{"href":"https:\/\/www.cocondedecoration.com\/blog\/wp-json\/wp\/v2\/posts\/11690"}],"collection":[{"href":"https:\/\/www.cocondedecoration.com\/blog\/wp-json\/wp\/v2\/posts"}],"about":[{"href":"https:\/\/www.cocondedecoration.com\/blog\/wp-json\/wp\/v2\/types\/post"}],"author":[{"embeddable":true,"href":"https:\/\/www.cocondedecoration.com\/blog\/wp-json\/wp\/v2\/users\/1"}],"replies":[{"embeddable":true,"href":"https:\/\/www.cocondedecoration.com\/blog\/wp-json\/wp\/v2\/comments?post=11690"}],"version-history":[{"count":2,"href":"https:\/\/www.cocondedecoration.com\/blog\/wp-json\/wp\/v2\/posts\/11690\/revisions"}],"predecessor-version":[{"id":83732,"href":"https:\/\/www.cocondedecoration.com\/blog\/wp-json\/wp\/v2\/posts\/11690\/revisions\/83732"}],"wp:featuredmedia":[{"embeddable":true,"href":"https:\/\/www.cocondedecoration.com\/blog\/wp-json\/wp\/v2\/media\/83731"}],"wp:attachment":[{"href":"https:\/\/www.cocondedecoration.com\/blog\/wp-json\/wp\/v2\/media?parent=11690"}],"wp:term":[{"taxonomy":"category","embeddable":true,"href":"https:\/\/www.cocondedecoration.com\/blog\/wp-json\/wp\/v2\/categories?post=11690"},{"taxonomy":"post_tag","embeddable":true,"href":"https:\/\/www.cocondedecoration.com\/blog\/wp-json\/wp\/v2\/tags?post=11690"}],"curies":[{"name":"wp","href":"https:\/\/api.w.org\/{rel}","templated":true}]}}