{"id":11626,"date":"2015-11-27T07:00:43","date_gmt":"2015-11-27T05:00:43","guid":{"rendered":"http:\/\/www.cocondedecoration.com\/blog\/?p=11626"},"modified":"2016-08-22T07:17:49","modified_gmt":"2016-08-22T05:17:49","slug":"instagram-prepare-la-maison-pour-lhiver","status":"publish","type":"post","link":"https:\/\/www.cocondedecoration.com\/blog\/2015\/11\/instagram-prepare-la-maison-pour-lhiver\/","title":{"rendered":"Instagram pr\u00e9pare la maison pour l&rsquo;hiver"},"content":{"rendered":"<p style=\"text-align: justify;\">Vive le vent, vive le vent, vive le vent d'hiveeeerrrr! (Il faut que j'arr\u00eate d'\u00e9crire mes articles au r\u00e9veil, je dis n'importe quoi ^^)<br \/>\nD\u00e9cembre approche \u00e0 grand pas, les f\u00eates aussi... Et forc\u00e9ment, il y a le froid qui s'invite dans notre quotidien. Sur Instragram, on le remarque aussi. Aujourd'hui, je te propose une s\u00e9lection de jolis int\u00e9rieurs cosy pour \u00eatre bien au chaud \u00e0 la maison, trouv\u00e9s sur Instagram.<\/p>\n<p style=\"text-align: justify;\"><!--more-->Comme vous pourrez le voir avec la s\u00e9lection d'images qui arrive: les plaids, les coussins, la fourrure, les bougies sont toujours \u00e0 l'honneur... De quoi \u00eatre entour\u00e9 de douceur cet hiver!<\/p>\n<p style=\"text-align: justify;\"><a href=\"https:\/\/www.instagram.com\/p\/9LVt_SFxoU\/\" target=\"_blank\"><img loading=\"lazy\" decoding=\"async\" class=\"aligncenter wp-image-11627 size-full\" title=\"ambiance cosy deco hiver\" src=\"http:\/\/www.cocondedecoration.com\/blog\/wp-content\/uploads\/2015\/11\/ambiance-cosy-deco-hiver.png\" alt=\"ambiance cosy deco hiver\" width=\"932\" height=\"600\" srcset=\"https:\/\/www.cocondedecoration.com\/blog\/wp-content\/uploads\/2015\/11\/ambiance-cosy-deco-hiver.png 932w, https:\/\/www.cocondedecoration.com\/blog\/wp-content\/uploads\/2015\/11\/ambiance-cosy-deco-hiver-260x167.png 260w, https:\/\/www.cocondedecoration.com\/blog\/wp-content\/uploads\/2015\/11\/ambiance-cosy-deco-hiver-640x412.png 640w\" sizes=\"(max-width: 932px) 100vw, 932px\" \/><\/a><\/p>\n<p style=\"text-align: justify;\"><a href=\"https:\/\/www.instagram.com\/p\/i18jJmFyvM\/\" target=\"_blank\"><img loading=\"lazy\" decoding=\"async\" class=\"aligncenter wp-image-11637 size-full\" title=\"fauteuil vintage plaid en laine\" src=\"http:\/\/www.cocondedecoration.com\/blog\/wp-content\/uploads\/2015\/11\/fauteuil-vintage-plaid-en-laine.png\" alt=\"fauteuil vintage plaid en laine\" width=\"932\" height=\"597\" srcset=\"https:\/\/www.cocondedecoration.com\/blog\/wp-content\/uploads\/2015\/11\/fauteuil-vintage-plaid-en-laine.png 932w, https:\/\/www.cocondedecoration.com\/blog\/wp-content\/uploads\/2015\/11\/fauteuil-vintage-plaid-en-laine-260x167.png 260w, https:\/\/www.cocondedecoration.com\/blog\/wp-content\/uploads\/2015\/11\/fauteuil-vintage-plaid-en-laine-640x410.png 640w\" sizes=\"(max-width: 932px) 100vw, 932px\" \/><\/a><\/p>\n<p style=\"text-align: justify;\"><a href=\"https:\/\/www.instagram.com\/p\/-D_UtTKG7M\/\" target=\"_blank\"><img loading=\"lazy\" decoding=\"async\" class=\"aligncenter wp-image-11632 size-full\" title=\"canape coussin hiver\" src=\"http:\/\/www.cocondedecoration.com\/blog\/wp-content\/uploads\/2015\/11\/canape-coussin-hiver.png\" alt=\"canape coussin hiver\" width=\"935\" height=\"598\" srcset=\"https:\/\/www.cocondedecoration.com\/blog\/wp-content\/uploads\/2015\/11\/canape-coussin-hiver.png 935w, https:\/\/www.cocondedecoration.com\/blog\/wp-content\/uploads\/2015\/11\/canape-coussin-hiver-260x166.png 260w, https:\/\/www.cocondedecoration.com\/blog\/wp-content\/uploads\/2015\/11\/canape-coussin-hiver-640x409.png 640w\" sizes=\"(max-width: 935px) 100vw, 935px\" \/><\/a><\/p>\n<p style=\"text-align: justify;\"><a href=\"https:\/\/www.instagram.com\/p\/-M5KihiKmf\/\" target=\"_blank\"><img loading=\"lazy\" decoding=\"async\" class=\"aligncenter wp-image-11630 size-full\" title=\"bougie diy idee deco\" src=\"http:\/\/www.cocondedecoration.com\/blog\/wp-content\/uploads\/2015\/11\/bougie-diy-idee-deco.png\" alt=\"bougie diy idee deco\" width=\"935\" height=\"603\" srcset=\"https:\/\/www.cocondedecoration.com\/blog\/wp-content\/uploads\/2015\/11\/bougie-diy-idee-deco.png 935w, https:\/\/www.cocondedecoration.com\/blog\/wp-content\/uploads\/2015\/11\/bougie-diy-idee-deco-260x168.png 260w, https:\/\/www.cocondedecoration.com\/blog\/wp-content\/uploads\/2015\/11\/bougie-diy-idee-deco-640x413.png 640w\" sizes=\"(max-width: 935px) 100vw, 935px\" \/><\/a><\/p>\n<p style=\"text-align: justify;\"><a href=\"https:\/\/www.instagram.com\/p\/-D_XTSKG7V\/\" target=\"_blank\"><img loading=\"lazy\" decoding=\"async\" class=\"aligncenter wp-image-11635 size-full\" title=\"deco hiver idee\" src=\"http:\/\/www.cocondedecoration.com\/blog\/wp-content\/uploads\/2015\/11\/deco-hiver-idee.png\" alt=\"deco hiver idee\" width=\"843\" height=\"598\" srcset=\"https:\/\/www.cocondedecoration.com\/blog\/wp-content\/uploads\/2015\/11\/deco-hiver-idee.png 843w, https:\/\/www.cocondedecoration.com\/blog\/wp-content\/uploads\/2015\/11\/deco-hiver-idee-260x184.png 260w, https:\/\/www.cocondedecoration.com\/blog\/wp-content\/uploads\/2015\/11\/deco-hiver-idee-640x454.png 640w\" sizes=\"(max-width: 843px) 100vw, 843px\" \/><\/a><\/p>\n<p style=\"text-align: justify;\"><a href=\"https:\/\/www.instagram.com\/p\/-D_gMVqG7o\/\" target=\"_blank\"><img loading=\"lazy\" decoding=\"async\" class=\"aligncenter wp-image-11638 size-full\" title=\"jolie idee pour sapin tendance\" src=\"http:\/\/www.cocondedecoration.com\/blog\/wp-content\/uploads\/2015\/11\/jolie-idee-pour-sapin-tendance.png\" alt=\"jolie idee pour sapin tendance\" width=\"933\" height=\"598\" srcset=\"https:\/\/www.cocondedecoration.com\/blog\/wp-content\/uploads\/2015\/11\/jolie-idee-pour-sapin-tendance.png 933w, https:\/\/www.cocondedecoration.com\/blog\/wp-content\/uploads\/2015\/11\/jolie-idee-pour-sapin-tendance-260x167.png 260w, https:\/\/www.cocondedecoration.com\/blog\/wp-content\/uploads\/2015\/11\/jolie-idee-pour-sapin-tendance-640x410.png 640w\" sizes=\"(max-width: 933px) 100vw, 933px\" \/><\/a><\/p>\n<p style=\"text-align: justify;\"><a href=\"https:\/\/www.instagram.com\/p\/-Q93gViKsv\/\" target=\"_blank\"><img loading=\"lazy\" decoding=\"async\" class=\"aligncenter wp-image-11639 size-full\" title=\"petite deco idee tendance hiver 2015\" src=\"http:\/\/www.cocondedecoration.com\/blog\/wp-content\/uploads\/2015\/11\/petite-deco-idee-tendance-hiver-2015.png\" alt=\"petite deco idee tendance hiver 2015\" width=\"937\" height=\"601\" srcset=\"https:\/\/www.cocondedecoration.com\/blog\/wp-content\/uploads\/2015\/11\/petite-deco-idee-tendance-hiver-2015.png 937w, https:\/\/www.cocondedecoration.com\/blog\/wp-content\/uploads\/2015\/11\/petite-deco-idee-tendance-hiver-2015-260x167.png 260w, https:\/\/www.cocondedecoration.com\/blog\/wp-content\/uploads\/2015\/11\/petite-deco-idee-tendance-hiver-2015-640x411.png 640w\" sizes=\"(max-width: 937px) 100vw, 937px\" \/><\/a><\/p>\n<p style=\"text-align: justify;\"><a href=\"https:\/\/www.instagram.com\/p\/-BHDKyqG3t\/\" target=\"_blank\"><img loading=\"lazy\" decoding=\"async\" class=\"aligncenter wp-image-11634 size-full\" title=\"deco hiver 2015 plaid et coussins\" src=\"http:\/\/www.cocondedecoration.com\/blog\/wp-content\/uploads\/2015\/11\/deco-hiver-2015-plaid-et-coussins.png\" alt=\"deco hiver 2015 plaid et coussins\" width=\"937\" height=\"599\" srcset=\"https:\/\/www.cocondedecoration.com\/blog\/wp-content\/uploads\/2015\/11\/deco-hiver-2015-plaid-et-coussins.png 937w, https:\/\/www.cocondedecoration.com\/blog\/wp-content\/uploads\/2015\/11\/deco-hiver-2015-plaid-et-coussins-260x166.png 260w, https:\/\/www.cocondedecoration.com\/blog\/wp-content\/uploads\/2015\/11\/deco-hiver-2015-plaid-et-coussins-640x409.png 640w\" sizes=\"(max-width: 937px) 100vw, 937px\" \/><\/a><\/p>\n<p style=\"text-align: justify;\"><a href=\"https:\/\/www.instagram.com\/p\/-PR5bYrjj-\/\" target=\"_blank\"><img loading=\"lazy\" decoding=\"async\" class=\"aligncenter wp-image-11636 size-full\" title=\"deco hiver idee tendance 2015\" src=\"http:\/\/www.cocondedecoration.com\/blog\/wp-content\/uploads\/2015\/11\/deco-hiver-idee-tendance-2015.png\" alt=\"deco hiver idee tendance 2015\" width=\"934\" height=\"600\" srcset=\"https:\/\/www.cocondedecoration.com\/blog\/wp-content\/uploads\/2015\/11\/deco-hiver-idee-tendance-2015.png 934w, https:\/\/www.cocondedecoration.com\/blog\/wp-content\/uploads\/2015\/11\/deco-hiver-idee-tendance-2015-260x167.png 260w, https:\/\/www.cocondedecoration.com\/blog\/wp-content\/uploads\/2015\/11\/deco-hiver-idee-tendance-2015-640x411.png 640w\" sizes=\"(max-width: 934px) 100vw, 934px\" \/><\/a><\/p>\n<p style=\"text-align: justify;\"><a href=\"https:\/\/www.instagram.com\/p\/-BG-MxqG3n\/\" target=\"_blank\"><img loading=\"lazy\" decoding=\"async\" class=\"aligncenter wp-image-11640 size-full\" title=\"tendance hiver 2015 idee deco\" src=\"http:\/\/www.cocondedecoration.com\/blog\/wp-content\/uploads\/2015\/11\/tendance-hiver-2015-idee-deco.png\" alt=\"tendance hiver 2015 idee deco\" width=\"933\" height=\"599\" srcset=\"https:\/\/www.cocondedecoration.com\/blog\/wp-content\/uploads\/2015\/11\/tendance-hiver-2015-idee-deco.png 933w, https:\/\/www.cocondedecoration.com\/blog\/wp-content\/uploads\/2015\/11\/tendance-hiver-2015-idee-deco-260x167.png 260w, https:\/\/www.cocondedecoration.com\/blog\/wp-content\/uploads\/2015\/11\/tendance-hiver-2015-idee-deco-640x411.png 640w\" sizes=\"(max-width: 933px) 100vw, 933px\" \/><\/a><\/p>\n<p style=\"text-align: justify;\"><a href=\"https:\/\/www.instagram.com\/p\/-PD1aNtpXq\/\" target=\"_blank\"><img loading=\"lazy\" decoding=\"async\" class=\"aligncenter wp-image-11633 size-full\" title=\"deco bougie fourrure hiver 2015\" src=\"http:\/\/www.cocondedecoration.com\/blog\/wp-content\/uploads\/2015\/11\/deco-bougie-fourrure-hiver-2015.png\" alt=\"deco bougie fourrure hiver 2015\" width=\"935\" height=\"599\" srcset=\"https:\/\/www.cocondedecoration.com\/blog\/wp-content\/uploads\/2015\/11\/deco-bougie-fourrure-hiver-2015.png 935w, https:\/\/www.cocondedecoration.com\/blog\/wp-content\/uploads\/2015\/11\/deco-bougie-fourrure-hiver-2015-260x167.png 260w, https:\/\/www.cocondedecoration.com\/blog\/wp-content\/uploads\/2015\/11\/deco-bougie-fourrure-hiver-2015-640x410.png 640w\" sizes=\"(max-width: 935px) 100vw, 935px\" \/><\/a><\/p>\n<p style=\"text-align: justify;\"><a href=\"https:\/\/www.instagram.com\/p\/-D_oh2KG7_\/\" target=\"_blank\"><img loading=\"lazy\" decoding=\"async\" class=\"aligncenter wp-image-11631 size-full\" title=\"canape appoint cosy deco\" src=\"http:\/\/www.cocondedecoration.com\/blog\/wp-content\/uploads\/2015\/11\/canape-appoint-cosy-deco.png\" alt=\"canape appoint cosy deco\" width=\"813\" height=\"600\" srcset=\"https:\/\/www.cocondedecoration.com\/blog\/wp-content\/uploads\/2015\/11\/canape-appoint-cosy-deco.png 813w, https:\/\/www.cocondedecoration.com\/blog\/wp-content\/uploads\/2015\/11\/canape-appoint-cosy-deco-260x192.png 260w, https:\/\/www.cocondedecoration.com\/blog\/wp-content\/uploads\/2015\/11\/canape-appoint-cosy-deco-640x472.png 640w\" sizes=\"(max-width: 813px) 100vw, 813px\" \/><\/a><\/p>\n<p style=\"text-align: justify;\"><a href=\"https:\/\/www.instagram.com\/p\/-MGVXVv_l9\/\" target=\"_blank\"><img loading=\"lazy\" decoding=\"async\" class=\"aligncenter wp-image-11628 size-full\" title=\"ambiance hiver deco blanche\" src=\"http:\/\/www.cocondedecoration.com\/blog\/wp-content\/uploads\/2015\/11\/ambiance-hiver-deco-blanche.png\" alt=\"ambiance hiver deco blanche\" width=\"814\" height=\"601\" srcset=\"https:\/\/www.cocondedecoration.com\/blog\/wp-content\/uploads\/2015\/11\/ambiance-hiver-deco-blanche.png 814w, https:\/\/www.cocondedecoration.com\/blog\/wp-content\/uploads\/2015\/11\/ambiance-hiver-deco-blanche-260x192.png 260w, https:\/\/www.cocondedecoration.com\/blog\/wp-content\/uploads\/2015\/11\/ambiance-hiver-deco-blanche-640x473.png 640w\" sizes=\"(max-width: 814px) 100vw, 814px\" \/><\/a><\/p>\n<p style=\"text-align: justify;\"><a href=\"https:\/\/www.instagram.com\/p\/-BG3n2KG3a\/\" target=\"_blank\"><img loading=\"lazy\" decoding=\"async\" class=\"aligncenter wp-image-11629 size-full\" title=\"bougie deco hiver cosy 2015\" src=\"http:\/\/www.cocondedecoration.com\/blog\/wp-content\/uploads\/2015\/11\/bougie-deco-hiver-cosy-2015.png\" alt=\"bougie deco hiver cosy 2015\" width=\"936\" height=\"601\" srcset=\"https:\/\/www.cocondedecoration.com\/blog\/wp-content\/uploads\/2015\/11\/bougie-deco-hiver-cosy-2015.png 936w, https:\/\/www.cocondedecoration.com\/blog\/wp-content\/uploads\/2015\/11\/bougie-deco-hiver-cosy-2015-260x167.png 260w, https:\/\/www.cocondedecoration.com\/blog\/wp-content\/uploads\/2015\/11\/bougie-deco-hiver-cosy-2015-640x411.png 640w\" sizes=\"(max-width: 936px) 100vw, 936px\" \/><\/a><\/p>\n<p style=\"text-align: justify;\">\n","protected":false},"excerpt":{"rendered":"<p>Vive le vent, vive le vent, vive le vent d&rsquo;hiveeeerrrr! (Il faut que j&rsquo;arr\u00eate d&rsquo;\u00e9crire mes articles au r\u00e9veil, je dis n&rsquo;importe quoi ^^) D\u00e9cembre approche \u00e0 grand pas, les f\u00eates aussi&#8230; Et forc\u00e9ment, il y a le froid qui s&rsquo;invite dans notre quotidien. Sur Instragram, on le remarque aussi.<span class=\"more-link\"><a href=\"https:\/\/www.cocondedecoration.com\/blog\/2015\/11\/instagram-prepare-la-maison-pour-lhiver\/\">Lire la suite<\/a><\/span><\/p>\n","protected":false},"author":1,"featured_media":11641,"comment_status":"open","ping_status":"open","sticky":false,"template":"","format":"standard","meta":{"om_disable_all_campaigns":false,"_monsterinsights_skip_tracking":false,"_monsterinsights_sitenote_active":false,"_monsterinsights_sitenote_note":"","_monsterinsights_sitenote_category":0,"_uf_show_specific_survey":0,"_uf_disable_surveys":false,"footnotes":""},"categories":[4],"tags":[540,110,61,129,528,2102,2103,1836,484,1152],"aioseo_notices":[],"_links":{"self":[{"href":"https:\/\/www.cocondedecoration.com\/blog\/wp-json\/wp\/v2\/posts\/11626"}],"collection":[{"href":"https:\/\/www.cocondedecoration.com\/blog\/wp-json\/wp\/v2\/posts"}],"about":[{"href":"https:\/\/www.cocondedecoration.com\/blog\/wp-json\/wp\/v2\/types\/post"}],"author":[{"embeddable":true,"href":"https:\/\/www.cocondedecoration.com\/blog\/wp-json\/wp\/v2\/users\/1"}],"replies":[{"embeddable":true,"href":"https:\/\/www.cocondedecoration.com\/blog\/wp-json\/wp\/v2\/comments?post=11626"}],"version-history":[{"count":0,"href":"https:\/\/www.cocondedecoration.com\/blog\/wp-json\/wp\/v2\/posts\/11626\/revisions"}],"wp:featuredmedia":[{"embeddable":true,"href":"https:\/\/www.cocondedecoration.com\/blog\/wp-json\/wp\/v2\/media\/11641"}],"wp:attachment":[{"href":"https:\/\/www.cocondedecoration.com\/blog\/wp-json\/wp\/v2\/media?parent=11626"}],"wp:term":[{"taxonomy":"category","embeddable":true,"href":"https:\/\/www.cocondedecoration.com\/blog\/wp-json\/wp\/v2\/categories?post=11626"},{"taxonomy":"post_tag","embeddable":true,"href":"https:\/\/www.cocondedecoration.com\/blog\/wp-json\/wp\/v2\/tags?post=11626"}],"curies":[{"name":"wp","href":"https:\/\/api.w.org\/{rel}","templated":true}]}}