{"id":11186,"date":"2015-09-24T08:25:06","date_gmt":"2015-09-24T06:25:06","guid":{"rendered":"http:\/\/www.cocondedecoration.com\/blog\/?p=11186"},"modified":"2016-08-22T07:48:31","modified_gmt":"2016-08-22T05:48:31","slug":"changement-de-cap","status":"publish","type":"post","link":"https:\/\/www.cocondedecoration.com\/blog\/2015\/09\/changement-de-cap\/","title":{"rendered":"Changement de cap"},"content":{"rendered":"<p style=\"text-align: justify;\">Je crois que je n'ai jamais autant eu de mal \u00e0 \u00e9crire cet article, c'est peut-\u00eatre parce qu'il me tient \u00e0 coeur. Je l'ai effac\u00e9, recommenc\u00e9, effac\u00e9, recommenc\u00e9... Et nous y voil\u00e0! Depuis 2 semaines, tu as peut-\u00eatre pu voir des messages sur les r\u00e9seaux sociaux \u00e0 propos de ma vie professionnelle. Et il est peut-\u00eatre temps d'officialiser tout \u00e7a!<\/p>\n<p style=\"text-align: justify;\"><!--more--><\/p>\n<p style=\"text-align: justify;\">Depuis 2 semaines, je suis prof. Prof en CFA avec des BTS en alternance. Prof de \"fran\u00e7ais\", qui est en r\u00e9alit\u00e9: Culture G\u00e9n\u00e9rale et Expression. Et pour le moment, j'aime beaucoup ce que je fais! Il faut dire qu'il y a quelques ann\u00e9es, je devais \u00eatre prof. J'avais fait les \u00e9tudes pour. Mais justement, \u00e0 la fin de mes \u00e9tudes, je n'en avais plus envie. Depuis la cr\u00e9ation de ma boite, j'avais fait en sorte de garder un lien avec l'\u00e9ducation en prenant des stagiaires, en intervenant \u00e0 propos de la cr\u00e9ation d'entreprise dans les milieux scolaires. Donc quand j'ai vu passer l'annonce, je n'ai pas h\u00e9sit\u00e9 une minute et j'y ai postul\u00e9.<\/p>\n<p style=\"text-align: justify;\"><a href=\"http:\/\/www.confidentielles.com\/article_500_mot-qui-en-bouche-un-coin.htm\" target=\"_blank\"><img loading=\"lazy\" decoding=\"async\" class=\"aligncenter wp-image-11279 size-full\" title=\"ras le bol vie professionnelle\" src=\"http:\/\/www.cocondedecoration.com\/blog\/wp-content\/uploads\/2015\/09\/ras-le-bol-vie-professionnelle.jpg\" alt=\"ras le bol vie professionnelle\" width=\"736\" height=\"736\" srcset=\"https:\/\/www.cocondedecoration.com\/blog\/wp-content\/uploads\/2015\/09\/ras-le-bol-vie-professionnelle.jpg 736w, https:\/\/www.cocondedecoration.com\/blog\/wp-content\/uploads\/2015\/09\/ras-le-bol-vie-professionnelle-165x165.jpg 165w, https:\/\/www.cocondedecoration.com\/blog\/wp-content\/uploads\/2015\/09\/ras-le-bol-vie-professionnelle-260x260.jpg 260w, https:\/\/www.cocondedecoration.com\/blog\/wp-content\/uploads\/2015\/09\/ras-le-bol-vie-professionnelle-640x640.jpg 640w\" sizes=\"(max-width: 736px) 100vw, 736px\" \/><\/a><\/p>\n<p style=\"text-align: justify;\">Cette annonce est pass\u00e9e devant mes yeux au bon moment. Cet \u00e9t\u00e9, j'ai fait un gros bilan. Une prise de recul \u00e9tait n\u00e9cessaire sur ma vie professionnelle et ma vie personnelle. Ca faisait d\u00e9j\u00e0 quelques mois que je me posais des questions et que je ressentais un tas de choses. Il fallait prendre le temps de me poser, de r\u00e9fl\u00e9chir, de mettre \u00e0 plat les questions, les id\u00e9es et les ressentis. Je ne m'y retrouvais plus. J'ai compris que j'adorais entreprendre. J'aime avoir une id\u00e9e, la d\u00e9velopper, la mettre en place. En revanche, il y avait d'autres points qui ne me correspondaient pas du tout. Faut dire que je ne suis pas commerciale pour deux sous. Je suis trop franche pour \u00e7a. Sourire et encaisser, \u00e7a va un temps, mais je n'en pouvais plus. J'ai fait de merveilleuses rencontres ces derni\u00e8res ann\u00e9es. En revanche, j'en ai fait d'autres qui \u00e9taient aux antipodes des valeurs auxquelles je crois. Comme je ne voulais pas me transformer en requin qui fait passer l'argent avant le plaisir, il fallait remettre les choses dans le bon ordre. Je n'ai pas envie de rentrer dans les d\u00e9tails. Je pr\u00e9f\u00e8re garder le positif en t\u00eate.<\/p>\n<p style=\"text-align: justify;\">Plaisir, respect, confiance. Je crois que ce sont les 3 mots qui sont au coeur de mes pr\u00e9occupations en ce moment. La vie est trop courte pour se passer de plaisir et autant prendre plaisir \u00e0 travailler. (Bizarrement en dehors du travail, le plaisir vient plus spontan\u00e9ment.) Respecter les autres, se respecter soi-m\u00eame et \u00eatre entour\u00e9e de respect me semble primordial pour vivre sereinement. (D'ailleurs, en parlant de respect, je songe s\u00e9rieusement \u00e0 clore mon compte Facebook pro, ce que j'y vois me donne la naus\u00e9e ces derni\u00e8res semaines). Et la confiance, c'est n\u00e9cessaire pour avancer dans de bonnes conditions. A l'heure actuelle, j'ai laiss\u00e9 sur le bord du chemin, les personnes en qui je n'avais pas confiance. Et bizarrement, \u00e7a va mieux.<\/p>\n<p style=\"text-align: justify;\"><a href=\"https:\/\/www.etsy.com\/listing\/213728363\/collection-osez-rever-5-cartes-postales?ref=shop_home_active_2\" target=\"_blank\"><img loading=\"lazy\" decoding=\"async\" class=\"aligncenter wp-image-11278 size-full\" title=\"avancer selon ses reves et prendre du plaisir\" src=\"http:\/\/www.cocondedecoration.com\/blog\/wp-content\/uploads\/2015\/09\/avancer-selon-ses-reves-et-prendre-du-plaisir.jpg\" alt=\"avancer selon ses reves et prendre du plaisir\" width=\"600\" height=\"800\" srcset=\"https:\/\/www.cocondedecoration.com\/blog\/wp-content\/uploads\/2015\/09\/avancer-selon-ses-reves-et-prendre-du-plaisir.jpg 600w, https:\/\/www.cocondedecoration.com\/blog\/wp-content\/uploads\/2015\/09\/avancer-selon-ses-reves-et-prendre-du-plaisir-260x347.jpg 260w\" sizes=\"(max-width: 600px) 100vw, 600px\" \/><\/a><\/p>\n<p style=\"text-align: justify;\">Donc voil\u00e0, il y a eu du changement. C'est sp\u00e9cialement visible dans ma vie professionnelle, mais il y en a aussi dans ma vie perso. Du c\u00f4t\u00e9 pro, je garde quand m\u00eame l'entreprise. Je l'aime quand m\u00eame, hein! Le rythme sera diff\u00e9rent et je veux travailler avec plaisir. D'ailleurs, j'ai rendez-vous dans une dizaine de jours avec une ancienne cliente qui a besoin \u00e0 nouveau de mes services. Ca fait chaud au coeur. Le blog reste le blog, je l'ai toujours consid\u00e9r\u00e9 comme une extension de mon salon, un endroit o\u00f9 il fait bon vivre. Par cons\u00e9quent, il n'y a pas de raisons que \u00e7a change! En ce moment les publications sont d\u00e9cousues, mais je dois prendre mon rythme. Il est probable que d'autres changements prennent place dans les semaines voire les mois \u00e0 venir. Je suis dans une bonne dynamique en ce moment. Et c'est une bonne chose...<\/p>\n<p style=\"text-align: justify;\">Et toi, tu as d\u00e9j\u00e0 eu comme moi des revirements \u00e0 180\u00b0?<\/p>\n<p style=\"text-align: justify;\"><a href=\"http:\/\/www.cosmopolitan.fr\/photo\/1903728\/7\/des-phrases-qui-boostent-cher-st\" target=\"_blank\">Source de l'image \u00e0 la une\u00a0<\/a><\/p>\n","protected":false},"excerpt":{"rendered":"<p>Je crois que je n&rsquo;ai jamais autant eu de mal \u00e0 \u00e9crire cet article, c&rsquo;est peut-\u00eatre parce qu&rsquo;il me tient \u00e0 coeur. Je l&rsquo;ai effac\u00e9, recommenc\u00e9, effac\u00e9, recommenc\u00e9&#8230; Et nous y voil\u00e0! Depuis 2 semaines, tu as peut-\u00eatre pu voir des messages sur les r\u00e9seaux sociaux \u00e0 propos de ma<span class=\"more-link\"><a href=\"https:\/\/www.cocondedecoration.com\/blog\/2015\/09\/changement-de-cap\/\">Lire la suite<\/a><\/span><\/p>\n","protected":false},"author":1,"featured_media":11277,"comment_status":"open","ping_status":"open","sticky":false,"template":"","format":"standard","meta":{"om_disable_all_campaigns":false,"_monsterinsights_skip_tracking":false,"_monsterinsights_sitenote_active":false,"_monsterinsights_sitenote_note":"","_monsterinsights_sitenote_category":0,"_uf_show_specific_survey":0,"_uf_disable_surveys":false,"footnotes":""},"categories":[273,5],"tags":[2045,534,2047,1062,2048,2046,2095,1678,2049,1496,2050,1391,2044,2043],"aioseo_notices":[],"_links":{"self":[{"href":"https:\/\/www.cocondedecoration.com\/blog\/wp-json\/wp\/v2\/posts\/11186"}],"collection":[{"href":"https:\/\/www.cocondedecoration.com\/blog\/wp-json\/wp\/v2\/posts"}],"about":[{"href":"https:\/\/www.cocondedecoration.com\/blog\/wp-json\/wp\/v2\/types\/post"}],"author":[{"embeddable":true,"href":"https:\/\/www.cocondedecoration.com\/blog\/wp-json\/wp\/v2\/users\/1"}],"replies":[{"embeddable":true,"href":"https:\/\/www.cocondedecoration.com\/blog\/wp-json\/wp\/v2\/comments?post=11186"}],"version-history":[{"count":0,"href":"https:\/\/www.cocondedecoration.com\/blog\/wp-json\/wp\/v2\/posts\/11186\/revisions"}],"wp:featuredmedia":[{"embeddable":true,"href":"https:\/\/www.cocondedecoration.com\/blog\/wp-json\/wp\/v2\/media\/11277"}],"wp:attachment":[{"href":"https:\/\/www.cocondedecoration.com\/blog\/wp-json\/wp\/v2\/media?parent=11186"}],"wp:term":[{"taxonomy":"category","embeddable":true,"href":"https:\/\/www.cocondedecoration.com\/blog\/wp-json\/wp\/v2\/categories?post=11186"},{"taxonomy":"post_tag","embeddable":true,"href":"https:\/\/www.cocondedecoration.com\/blog\/wp-json\/wp\/v2\/tags?post=11186"}],"curies":[{"name":"wp","href":"https:\/\/api.w.org\/{rel}","templated":true}]}}