{"id":11031,"date":"2015-09-02T07:00:19","date_gmt":"2015-09-02T05:00:19","guid":{"rendered":"http:\/\/www.cocondedecoration.com\/blog\/?p=11031"},"modified":"2018-09-03T17:27:12","modified_gmt":"2018-09-03T15:27:12","slug":"tribulations-dune-stagiaire-deco","status":"publish","type":"post","link":"https:\/\/www.cocondedecoration.com\/blog\/2015\/09\/tribulations-dune-stagiaire-deco\/","title":{"rendered":"Tribulations d&rsquo;une stagiaire d\u00e9co"},"content":{"rendered":"<p style=\"text-align: justify;\">Aujourd'hui, c'est un article un peu particulier. Je ne vais pas exclusivement vous parler de d\u00e9co, mais plus d'Elisa, qui est venue fin juin en stage \u00e0 l'agence. Depuis que j'ai cr\u00e9\u00e9 l'agence, j'ai toujours pris des stagiaires. Un peu moins en ce moment, faute d'avoir le temps de m'en occuper correctement. Fin juin, c'\u00e9tait un peu cool au niveau timing et comme Elisa \u00e9tait en 4\u00e8me, le stage \u00e9tait court. Quasiment avec toutes mes stagiaires, j'ai une relation particuli\u00e8re. Vous avez pu lire Emilie et Charlotte il y a quelques ann\u00e9es. Maintenant c'est au tour d'Elisa d'\u00eatre mise en avant sur le blog!<\/p>\n<p style=\"text-align: justify;\"><!--more--><\/p>\n<p style=\"text-align: justify;\">Presque tous les stages, peu importe le niveau, commencent de la m\u00eame mani\u00e8re. La stagiaire a pour consigne d'arriver le premier jour avec les photos de sa chambre et <del>on<\/del> elle travaille \u00e0 partir de \u00e7a. Je trouve que les stages d'observations sont sp\u00e9cialement inutiles, donc mes stagiaires n'observent pas. Elles travaillent! Et pour que ce soit plus sympa, elles bossent \u00e0 partir de leur chambre. On commence par un premier dessin, la seule consigne est de dessiner leur chambre, comme elles le sentent. Ca donne souvent des r\u00e9sultats tr\u00e8s singuliers. Puis on passe au croquis en 3D, sans double d\u00e9cim\u00e8tre\u00a0(m\u00eame si certaines tentent de gruger...). Et puis, selon les stagiaires, les consignes changent.<\/p>\n<p style=\"text-align: justify;\">Quand Elisa \u00a0est arriv\u00e9e en stage, elle \u00e9tait en train de d\u00e9m\u00e9nager. Donc l'exercice sur la chambre arrivait \u00e0 point nomm\u00e9! Pendant deux jours, elle a du cr\u00e9\u00e9 des croquis de sa chambre, une ambiance, choisir ses couleurs, trouver des id\u00e9es, cr\u00e9er une planche tendance avec les objets qu'elle aurait aim\u00e9 dans sa nouvelle chambre. Elle a eu des coups de coeur, elle a vu aussi les prix qui parfois sont tr\u00e8s \u00e9lev\u00e9s. Bref, pendant les deux jours de son stage, Elisa s'est mise dans la peau d'une d\u00e9coratrice tout en \u00e9tant sa propre cliente. Elle a du aussi expliquer \u00e0 sa maman son projet gr\u00e2ce \u00e0 ses croquis et sa planche tendance. Il y a eu aussi de la n\u00e9gociation pour certains \u00e9l\u00e9ments de la d\u00e9co...<\/p>\n<p style=\"text-align: justify;\">Et puis il y a quelques semaines, j'ai re\u00e7u un message priv\u00e9 sur Facebook. C'\u00e9tait la maman d'Elisa qui m'envoyait les photos de la chambre, avec le projet r\u00e9alis\u00e9. Tout a \u00e9t\u00e9 fait comme elle l'avait imagin\u00e9. Pour la d\u00e9coration de ses murs, elle n'avait pas choisi le plus simple. Elle avait eu un coup de coeur pour des motifs g\u00e9om\u00e9triques peints sur l'int\u00e9gralit\u00e9 d'un mur. Mais m\u00eame si la t\u00e2che \u00e9tait plus complexe qu'\u00e0 l'ordinaire, \u00e7a n'a pas arr\u00eat\u00e9 Elisa et sa maman. Et en prime, elles ont pass\u00e9 un bon moment ensemble!<\/p>\n<p style=\"text-align: justify;\">Avant de vous montrer les photos, je tenais \u00e0 remercier Elisa parce qu'elle a \u00e9t\u00e9 une super stagiaire pendant deux jours. Elle \u00e9tait polie, elle avait envie de travailler. Elle n'a pas h\u00e9sit\u00e9 \u00e0 poser des questions. Elle n'a pas r\u00e2ler quand je lui ai fait recommencer plusieurs fois les croquis. Bref, Merci beaucoup Elisa!!!<\/p>\n<p style=\"text-align: justify;\"><a href=\"http:\/\/www.cocondedecoration.com\/blog\/wp-content\/uploads\/2015\/08\/deco-stage-realisation-projet.jpg\"><img loading=\"lazy\" decoding=\"async\" class=\"aligncenter wp-image-11136 size-full\" src=\"http:\/\/www.cocondedecoration.com\/blog\/wp-content\/uploads\/2015\/08\/deco-stage-realisation-projet.jpg\" alt=\"deco stage realisation projet\" width=\"960\" height=\"576\" srcset=\"https:\/\/www.cocondedecoration.com\/blog\/wp-content\/uploads\/2015\/08\/deco-stage-realisation-projet.jpg 960w, https:\/\/www.cocondedecoration.com\/blog\/wp-content\/uploads\/2015\/08\/deco-stage-realisation-projet-260x156.jpg 260w, https:\/\/www.cocondedecoration.com\/blog\/wp-content\/uploads\/2015\/08\/deco-stage-realisation-projet-640x384.jpg 640w, https:\/\/www.cocondedecoration.com\/blog\/wp-content\/uploads\/2015\/08\/deco-stage-realisation-projet-940x564.jpg 940w\" sizes=\"(max-width: 960px) 100vw, 960px\" \/><\/a><\/p>\n<p style=\"text-align: justify;\"><a href=\"http:\/\/www.cocondedecoration.com\/blog\/wp-content\/uploads\/2015\/08\/deco-avant-mur-en-osb.jpg\"><img loading=\"lazy\" decoding=\"async\" class=\"aligncenter wp-image-11132 size-full\" title=\"deco avant mur en osb\" src=\"http:\/\/www.cocondedecoration.com\/blog\/wp-content\/uploads\/2015\/08\/deco-avant-mur-en-osb.jpg\" alt=\"deco avant mur en osb\" width=\"960\" height=\"576\" srcset=\"https:\/\/www.cocondedecoration.com\/blog\/wp-content\/uploads\/2015\/08\/deco-avant-mur-en-osb.jpg 960w, https:\/\/www.cocondedecoration.com\/blog\/wp-content\/uploads\/2015\/08\/deco-avant-mur-en-osb-260x156.jpg 260w, https:\/\/www.cocondedecoration.com\/blog\/wp-content\/uploads\/2015\/08\/deco-avant-mur-en-osb-640x384.jpg 640w, https:\/\/www.cocondedecoration.com\/blog\/wp-content\/uploads\/2015\/08\/deco-avant-mur-en-osb-940x564.jpg 940w\" sizes=\"(max-width: 960px) 100vw, 960px\" \/><\/a><\/p>\n<p style=\"text-align: justify;\"><a href=\"http:\/\/www.cocondedecoration.com\/blog\/wp-content\/uploads\/2015\/08\/deco-stagiaire-cocon-de-decoration.jpg\"><img loading=\"lazy\" decoding=\"async\" class=\"aligncenter wp-image-11137 size-full\" title=\"deco stagiaire cocon de decoration\" src=\"http:\/\/www.cocondedecoration.com\/blog\/wp-content\/uploads\/2015\/08\/deco-stagiaire-cocon-de-decoration.jpg\" alt=\"deco stagiaire cocon de decoration\" width=\"576\" height=\"960\" srcset=\"https:\/\/www.cocondedecoration.com\/blog\/wp-content\/uploads\/2015\/08\/deco-stagiaire-cocon-de-decoration.jpg 576w, https:\/\/www.cocondedecoration.com\/blog\/wp-content\/uploads\/2015\/08\/deco-stagiaire-cocon-de-decoration-260x433.jpg 260w\" sizes=\"(max-width: 576px) 100vw, 576px\" \/><\/a><\/p>\n<p style=\"text-align: justify;\"><a href=\"http:\/\/www.cocondedecoration.com\/blog\/wp-content\/uploads\/2015\/08\/deco-chambre-croquis-stagiaire.jpg\"><img loading=\"lazy\" decoding=\"async\" class=\"aligncenter wp-image-11133 size-full\" title=\"deco chambre croquis stagiaire\" src=\"http:\/\/www.cocondedecoration.com\/blog\/wp-content\/uploads\/2015\/08\/deco-chambre-croquis-stagiaire.jpg\" alt=\"deco chambre croquis stagiaire\" width=\"576\" height=\"960\" srcset=\"https:\/\/www.cocondedecoration.com\/blog\/wp-content\/uploads\/2015\/08\/deco-chambre-croquis-stagiaire.jpg 576w, https:\/\/www.cocondedecoration.com\/blog\/wp-content\/uploads\/2015\/08\/deco-chambre-croquis-stagiaire-260x433.jpg 260w\" sizes=\"(max-width: 576px) 100vw, 576px\" \/><\/a><\/p>\n<p style=\"text-align: justify;\"><a href=\"http:\/\/www.cocondedecoration.com\/blog\/wp-content\/uploads\/2015\/08\/deco-peinture-geometrie-chambre.jpg\"><img loading=\"lazy\" decoding=\"async\" class=\"aligncenter wp-image-11135 size-full\" title=\"deco peinture geometrie chambre\" src=\"http:\/\/www.cocondedecoration.com\/blog\/wp-content\/uploads\/2015\/08\/deco-peinture-geometrie-chambre.jpg\" alt=\"deco peinture geometrie chambre\" width=\"576\" height=\"960\" srcset=\"https:\/\/www.cocondedecoration.com\/blog\/wp-content\/uploads\/2015\/08\/deco-peinture-geometrie-chambre.jpg 576w, https:\/\/www.cocondedecoration.com\/blog\/wp-content\/uploads\/2015\/08\/deco-peinture-geometrie-chambre-260x433.jpg 260w\" sizes=\"(max-width: 576px) 100vw, 576px\" \/><\/a><\/p>\n<p style=\"text-align: justify;\"><a href=\"http:\/\/www.cocondedecoration.com\/blog\/wp-content\/uploads\/2015\/08\/parquet-sol-deco-stagiaire-projet.jpg\"><img loading=\"lazy\" decoding=\"async\" class=\"aligncenter wp-image-11139 size-full\" title=\"parquet sol deco stagiaire projet\" src=\"http:\/\/www.cocondedecoration.com\/blog\/wp-content\/uploads\/2015\/08\/parquet-sol-deco-stagiaire-projet.jpg\" alt=\"parquet sol deco stagiaire projet\" width=\"576\" height=\"960\" srcset=\"https:\/\/www.cocondedecoration.com\/blog\/wp-content\/uploads\/2015\/08\/parquet-sol-deco-stagiaire-projet.jpg 576w, https:\/\/www.cocondedecoration.com\/blog\/wp-content\/uploads\/2015\/08\/parquet-sol-deco-stagiaire-projet-260x433.jpg 260w\" sizes=\"(max-width: 576px) 100vw, 576px\" \/><\/a><\/p>\n<p style=\"text-align: justify;\"><a href=\"http:\/\/www.cocondedecoration.com\/blog\/wp-content\/uploads\/2015\/08\/deco-chambre-geometrie-projet-elisa.jpg\"><img loading=\"lazy\" decoding=\"async\" class=\"aligncenter wp-image-11134 size-full\" title=\"deco chambre geometrie projet elisa\" src=\"http:\/\/www.cocondedecoration.com\/blog\/wp-content\/uploads\/2015\/08\/deco-chambre-geometrie-projet-elisa.jpg\" alt=\"deco chambre geometrie projet elisa\" width=\"960\" height=\"576\" srcset=\"https:\/\/www.cocondedecoration.com\/blog\/wp-content\/uploads\/2015\/08\/deco-chambre-geometrie-projet-elisa.jpg 960w, https:\/\/www.cocondedecoration.com\/blog\/wp-content\/uploads\/2015\/08\/deco-chambre-geometrie-projet-elisa-260x156.jpg 260w, https:\/\/www.cocondedecoration.com\/blog\/wp-content\/uploads\/2015\/08\/deco-chambre-geometrie-projet-elisa-640x384.jpg 640w, https:\/\/www.cocondedecoration.com\/blog\/wp-content\/uploads\/2015\/08\/deco-chambre-geometrie-projet-elisa-940x564.jpg 940w\" sizes=\"(max-width: 960px) 100vw, 960px\" \/><\/a><\/p>\n<p style=\"text-align: justify;\"><a href=\"http:\/\/www.cocondedecoration.com\/blog\/wp-content\/uploads\/2015\/08\/moment-maman-fille-deco-chambre.jpg\"><img loading=\"lazy\" decoding=\"async\" class=\"aligncenter wp-image-11138 size-full\" title=\"moment maman fille deco chambre\" src=\"http:\/\/www.cocondedecoration.com\/blog\/wp-content\/uploads\/2015\/08\/moment-maman-fille-deco-chambre.jpg\" alt=\"moment maman fille deco chambre\" width=\"960\" height=\"720\" srcset=\"https:\/\/www.cocondedecoration.com\/blog\/wp-content\/uploads\/2015\/08\/moment-maman-fille-deco-chambre.jpg 960w, https:\/\/www.cocondedecoration.com\/blog\/wp-content\/uploads\/2015\/08\/moment-maman-fille-deco-chambre-260x195.jpg 260w, https:\/\/www.cocondedecoration.com\/blog\/wp-content\/uploads\/2015\/08\/moment-maman-fille-deco-chambre-640x480.jpg 640w, https:\/\/www.cocondedecoration.com\/blog\/wp-content\/uploads\/2015\/08\/moment-maman-fille-deco-chambre-940x705.jpg 940w\" sizes=\"(max-width: 960px) 100vw, 960px\" \/><\/a><\/p>\n","protected":false},"excerpt":{"rendered":"<p>Aujourd&rsquo;hui, c&rsquo;est un article un peu particulier. Je ne vais pas exclusivement vous parler de d\u00e9co, mais plus d&rsquo;Elisa, qui est venue fin juin en stage \u00e0 l&rsquo;agence. Depuis que j&rsquo;ai cr\u00e9\u00e9 l&rsquo;agence, j&rsquo;ai toujours pris des stagiaires. Un peu moins en ce moment, faute d&rsquo;avoir le temps de m&rsquo;en<span class=\"more-link\"><a href=\"https:\/\/www.cocondedecoration.com\/blog\/2015\/09\/tribulations-dune-stagiaire-deco\/\">Lire la suite<\/a><\/span><\/p>\n","protected":false},"author":1,"featured_media":11141,"comment_status":"open","ping_status":"open","sticky":false,"template":"","format":"standard","meta":{"om_disable_all_campaigns":false,"_monsterinsights_skip_tracking":false,"_monsterinsights_sitenote_active":false,"_monsterinsights_sitenote_note":"","_monsterinsights_sitenote_category":0,"_uf_show_specific_survey":0,"_uf_disable_surveys":false,"footnotes":""},"categories":[2314,273],"tags":[11,124,279,129,798,132,1074,437,587],"aioseo_notices":[],"_links":{"self":[{"href":"https:\/\/www.cocondedecoration.com\/blog\/wp-json\/wp\/v2\/posts\/11031"}],"collection":[{"href":"https:\/\/www.cocondedecoration.com\/blog\/wp-json\/wp\/v2\/posts"}],"about":[{"href":"https:\/\/www.cocondedecoration.com\/blog\/wp-json\/wp\/v2\/types\/post"}],"author":[{"embeddable":true,"href":"https:\/\/www.cocondedecoration.com\/blog\/wp-json\/wp\/v2\/users\/1"}],"replies":[{"embeddable":true,"href":"https:\/\/www.cocondedecoration.com\/blog\/wp-json\/wp\/v2\/comments?post=11031"}],"version-history":[{"count":0,"href":"https:\/\/www.cocondedecoration.com\/blog\/wp-json\/wp\/v2\/posts\/11031\/revisions"}],"wp:featuredmedia":[{"embeddable":true,"href":"https:\/\/www.cocondedecoration.com\/blog\/wp-json\/wp\/v2\/media\/11141"}],"wp:attachment":[{"href":"https:\/\/www.cocondedecoration.com\/blog\/wp-json\/wp\/v2\/media?parent=11031"}],"wp:term":[{"taxonomy":"category","embeddable":true,"href":"https:\/\/www.cocondedecoration.com\/blog\/wp-json\/wp\/v2\/categories?post=11031"},{"taxonomy":"post_tag","embeddable":true,"href":"https:\/\/www.cocondedecoration.com\/blog\/wp-json\/wp\/v2\/tags?post=11031"}],"curies":[{"name":"wp","href":"https:\/\/api.w.org\/{rel}","templated":true}]}}