{"id":10653,"date":"2015-06-24T11:30:08","date_gmt":"2015-06-24T09:30:08","guid":{"rendered":"http:\/\/www.cocondedecoration.com\/blog\/?p=10653"},"modified":"2016-08-22T10:04:54","modified_gmt":"2016-08-22T08:04:54","slug":"transformation-de-mon-atelier-en-salle-a-manger-part1","status":"publish","type":"post","link":"https:\/\/www.cocondedecoration.com\/blog\/2015\/06\/transformation-de-mon-atelier-en-salle-a-manger-part1\/","title":{"rendered":"Transformation de mon atelier en salle \u00e0 manger (part1)"},"content":{"rendered":"<p style=\"text-align: justify;\">Quand j'ai trouv\u00e9 l'atelier, il y a bient\u00f4t 3 ans, c'\u00e9tait pour y installer mon activit\u00e9 professionnelle. J'avais besoin d'un espace pour travailler. J'avais donc cr\u00e9er dans l'atelier 3 espaces. Un espace perso, avec notre logement, un bureau avec mon ordinateur et un atelier avec tout le n\u00e9cessaire de bricolage. Mais depuis ce temps l\u00e0, mes besoins et mon boulot ont chang\u00e9. Il fallait modifier les espaces.<\/p>\n<p style=\"text-align: justify;\"><!--more--><\/p>\n<p style=\"text-align: justify;\">Nos besoins<\/p>\n<p style=\"text-align: justify;\">On vit \u00e0 deux avec les chats, donc la plupart du temps on mange dans le canap\u00e9 ou sur la table pliante d'appoint. Mais quand on re\u00e7oit, c'est vite la mission. D'une part, parce que ma table de salle \u00e0 manger a \u00e9t\u00e9 victime d'un essai rat\u00e9 de personnalisation. D'autre part, parce que nous n'avons pas d'espace salle \u00e0 manger \u00e0 proprement dit. C'est un peu b\u00eate sachant qu'on a un loft dans lequel on peut faire pas mal de choses et qu'il y avait l'espace atelier qui servait plus de d\u00e9barras g\u00e9ant qu'autre chose.<br \/>\nBref, avec le temps, il nous fallait revoir l'am\u00e9nagement!<\/p>\n<p style=\"text-align: justify;\">Les contraintes<\/p>\n<p style=\"text-align: justify;\">Nous n'avons pas sp\u00e9cialement de contraintes structurelles. En fait, on aime les contraintes, comme la grande porte m\u00e9tallique et le coffrage qui cache les c\u00e2bles et les tuyaux. En revanche, j'ai un sacr\u00e9 bazar \u00e0 ranger. Il y a les livres, que je ne sais pas jeter. Les quelques meubles qui trainent et qui n'ont pas vraiment d'utilit\u00e9. Et le bazar inh\u00e9rent au bricolage.<br \/>\nApr\u00e8s, comme l'atelier \u00e9tait un endroit o\u00f9 je bricolais, j'avais laiss\u00e9 le sol en b\u00e9ton brut. Pour une salle \u00e0 manger dans laquelle on va vivre, ce n'est pas l'extase. Il nous fallait donc trouver un rev\u00eatement de sol sympa, qui corresponde avec nos envies mais aussi avec le sol du salon.<\/p>\n<p style=\"text-align: justify;\">Le projet<\/p>\n<p style=\"text-align: justify;\">Dans un premier, il va me falloir ranger et trouver une place pour tout ce qui se trouve dans l'atelier. Ca ne va pas \u00eatre une partie de plaisir. Et je pense que je vais faire quelques allers \/ retours \u00e0 la d\u00e9chetterie. Ensuite, il va falloir d\u00e9monter la pseudo biblioth\u00e8que qui s\u00e9pare l'espace atelier et le salon. La biblioth\u00e8que est faite en carreaux de pl\u00e2tre, un coup de pied et on en parle plus... Ce n'est pas tr\u00e8s orthodoxe, mais c'est ce qu'il va se passer. Il y a le grand miroir que l'on a r\u00e9cup\u00e9r\u00e9 lors d'un passage des\u00a0encombrants. Il est actuellement adoss\u00e9 \u00e0 la biblioth\u00e8que et comme cette derni\u00e8re va disparaitre, il faut lui retrouver une place.<\/p>\n<p style=\"text-align: justify;\">Une fois que toute la pr\u00e9paration \/ rangement seront finis. On va poser un sol digne de ce nom. Mon choix s'est port\u00e9 sur un parquet massif \u00e0 coller. Niveau d\u00e9co, il fallait un parquet clair pour garder l'id\u00e9e de celui qui sera dans le salon.\u00a0Ils seront similaires et \u00e0 la fois diff\u00e9rents, pour diff\u00e9rencier les espaces et ne pas voir une continuit\u00e9 fadasse. Le parquet choisi est le<span style=\"text-decoration: underline;\"><a href=\"http:\/\/www.imberty.fr\/portfolio-item\/heritage\/\" target=\"_blank\"> parquet Piloti de chez Imberty<\/a><\/span>. Imberty est une marque de Gascogne Bois, une entreprise fran\u00e7aise. Ce que j'ai aim\u00e9 chez Imberty c'est que ce sont des produits qui sont cr\u00e9\u00e9s dans une d\u00e9marche respectueuse de l'environnement. Je n'ai jamais pos\u00e9 de parquet coll\u00e9, ce sera une grande premi\u00e8re, mais \u00e7a semble assez simple. (Je vous montrerai, dans un second article et vous pourrez suivre les diff\u00e9rentes \u00e9tapes sur <span style=\"text-decoration: underline;\"><a href=\"https:\/\/instagram.com\/cocondedeco\/\" target=\"_blank\">Instagram<\/a><\/span>) Bref, voil\u00e0 ce que \u00e7a devrait donner...<\/p>\n<p style=\"text-align: justify;\"><a href=\"http:\/\/www.cocondedecoration.com\/blog\/wp-content\/uploads\/2015\/06\/projet-atelier-salle-a-manger.jpg\"><img loading=\"lazy\" decoding=\"async\" class=\"aligncenter wp-image-10757 size-full\" title=\"projet atelier salle a manger\" src=\"http:\/\/www.cocondedecoration.com\/blog\/wp-content\/uploads\/2015\/06\/projet-atelier-salle-a-manger.jpg\" alt=\"projet atelier salle a manger\" width=\"1415\" height=\"876\" srcset=\"https:\/\/www.cocondedecoration.com\/blog\/wp-content\/uploads\/2015\/06\/projet-atelier-salle-a-manger.jpg 1415w, https:\/\/www.cocondedecoration.com\/blog\/wp-content\/uploads\/2015\/06\/projet-atelier-salle-a-manger-260x161.jpg 260w, https:\/\/www.cocondedecoration.com\/blog\/wp-content\/uploads\/2015\/06\/projet-atelier-salle-a-manger-640x396.jpg 640w, https:\/\/www.cocondedecoration.com\/blog\/wp-content\/uploads\/2015\/06\/projet-atelier-salle-a-manger-940x582.jpg 940w\" sizes=\"(max-width: 1415px) 100vw, 1415px\" \/><\/a><\/p>\n<p style=\"text-align: justify;\">J'ai re\u00e7u le parquet hier... Il attend sagement que nous d\u00e9barrassions l'atelier (je ne mets qu'une photo, vous comprendrez pourquoi la biblioth\u00e8que sera vite d\u00e9mont\u00e9e...)<\/p>\n<p style=\"text-align: justify;\"><a href=\"http:\/\/www.cocondedecoration.com\/blog\/wp-content\/uploads\/2015\/06\/parquet-piloti-imberty.jpg\"><img loading=\"lazy\" decoding=\"async\" class=\"aligncenter wp-image-10760 size-full\" src=\"http:\/\/www.cocondedecoration.com\/blog\/wp-content\/uploads\/2015\/06\/parquet-piloti-imberty.jpg\" alt=\"parquet imberty piloti\" width=\"650\" height=\"650\" srcset=\"https:\/\/www.cocondedecoration.com\/blog\/wp-content\/uploads\/2015\/06\/parquet-piloti-imberty.jpg 650w, https:\/\/www.cocondedecoration.com\/blog\/wp-content\/uploads\/2015\/06\/parquet-piloti-imberty-165x165.jpg 165w, https:\/\/www.cocondedecoration.com\/blog\/wp-content\/uploads\/2015\/06\/parquet-piloti-imberty-260x260.jpg 260w, https:\/\/www.cocondedecoration.com\/blog\/wp-content\/uploads\/2015\/06\/parquet-piloti-imberty-640x640.jpg 640w\" sizes=\"(max-width: 650px) 100vw, 650px\" \/><\/a><\/p>\n<p style=\"text-align: justify;\"><a href=\"http:\/\/www.cocondedecoration.com\/blog\/wp-content\/uploads\/2015\/06\/atelier-avant-.jpg\"><img loading=\"lazy\" decoding=\"async\" class=\"aligncenter wp-image-10759 size-full\" src=\"http:\/\/www.cocondedecoration.com\/blog\/wp-content\/uploads\/2015\/06\/atelier-avant-.jpg\" alt=\"atelier avant \" width=\"2346\" height=\"3128\" srcset=\"https:\/\/www.cocondedecoration.com\/blog\/wp-content\/uploads\/2015\/06\/atelier-avant-.jpg 2346w, https:\/\/www.cocondedecoration.com\/blog\/wp-content\/uploads\/2015\/06\/atelier-avant--260x347.jpg 260w, https:\/\/www.cocondedecoration.com\/blog\/wp-content\/uploads\/2015\/06\/atelier-avant--640x853.jpg 640w, https:\/\/www.cocondedecoration.com\/blog\/wp-content\/uploads\/2015\/06\/atelier-avant--940x1253.jpg 940w\" sizes=\"(max-width: 2346px) 100vw, 2346px\" \/><\/a><\/p>\n","protected":false},"excerpt":{"rendered":"<p>Quand j&rsquo;ai trouv\u00e9 l&rsquo;atelier, il y a bient\u00f4t 3 ans, c&rsquo;\u00e9tait pour y installer mon activit\u00e9 professionnelle. J&rsquo;avais besoin d&rsquo;un espace pour travailler. J&rsquo;avais donc cr\u00e9er dans l&rsquo;atelier 3 espaces. Un espace perso, avec notre logement, un bureau avec mon ordinateur et un atelier avec tout le n\u00e9cessaire de bricolage.<span class=\"more-link\"><a href=\"https:\/\/www.cocondedecoration.com\/blog\/2015\/06\/transformation-de-mon-atelier-en-salle-a-manger-part1\/\">Lire la suite<\/a><\/span><\/p>\n","protected":false},"author":1,"featured_media":10761,"comment_status":"open","ping_status":"open","sticky":false,"template":"","format":"standard","meta":{"om_disable_all_campaigns":false,"_monsterinsights_skip_tracking":false,"_monsterinsights_sitenote_active":false,"_monsterinsights_sitenote_note":"","_monsterinsights_sitenote_category":0,"_uf_show_specific_survey":0,"_uf_disable_surveys":false,"footnotes":""},"categories":[57,4],"tags":[129,201,132,191,1074,52,1568,35],"aioseo_notices":[],"_links":{"self":[{"href":"https:\/\/www.cocondedecoration.com\/blog\/wp-json\/wp\/v2\/posts\/10653"}],"collection":[{"href":"https:\/\/www.cocondedecoration.com\/blog\/wp-json\/wp\/v2\/posts"}],"about":[{"href":"https:\/\/www.cocondedecoration.com\/blog\/wp-json\/wp\/v2\/types\/post"}],"author":[{"embeddable":true,"href":"https:\/\/www.cocondedecoration.com\/blog\/wp-json\/wp\/v2\/users\/1"}],"replies":[{"embeddable":true,"href":"https:\/\/www.cocondedecoration.com\/blog\/wp-json\/wp\/v2\/comments?post=10653"}],"version-history":[{"count":0,"href":"https:\/\/www.cocondedecoration.com\/blog\/wp-json\/wp\/v2\/posts\/10653\/revisions"}],"wp:featuredmedia":[{"embeddable":true,"href":"https:\/\/www.cocondedecoration.com\/blog\/wp-json\/wp\/v2\/media\/10761"}],"wp:attachment":[{"href":"https:\/\/www.cocondedecoration.com\/blog\/wp-json\/wp\/v2\/media?parent=10653"}],"wp:term":[{"taxonomy":"category","embeddable":true,"href":"https:\/\/www.cocondedecoration.com\/blog\/wp-json\/wp\/v2\/categories?post=10653"},{"taxonomy":"post_tag","embeddable":true,"href":"https:\/\/www.cocondedecoration.com\/blog\/wp-json\/wp\/v2\/tags?post=10653"}],"curies":[{"name":"wp","href":"https:\/\/api.w.org\/{rel}","templated":true}]}}