{"id":10470,"date":"2015-06-03T07:00:19","date_gmt":"2015-06-03T05:00:19","guid":{"rendered":"http:\/\/www.cocondedecoration.com\/blog\/?p=10470"},"modified":"2016-08-22T10:18:11","modified_gmt":"2016-08-22T08:18:11","slug":"le-verre-toute-une-histoire-de-transparence","status":"publish","type":"post","link":"https:\/\/www.cocondedecoration.com\/blog\/2015\/06\/le-verre-toute-une-histoire-de-transparence\/","title":{"rendered":"Le verre &#8211; toute une histoire de transparence"},"content":{"rendered":"<p style=\"text-align: justify;\">Souvent quand on pense au verre dans la maison, on pense aux fen\u00eatres ou alors aux verres que l'on utilise \u00e0 table. Et pourtant le verre peut se retrouver dans nos int\u00e9rieurs sous diff\u00e9rentes facettes.<\/p>\n<p style=\"text-align: justify;\"><!--more--><\/p>\n<p style=\"text-align: justify;\">Le verre n'est pas juste une question de traces de doigts laiss\u00e9s par les enfants (ou les grands d'ailleurs). Le verre est un mat\u00e9riau tr\u00e8s int\u00e9ressant \u00e0 travailler. \u00c9videmment, il r\u00e9f\u00e8re \u00e0 la transparence la plupart du temps et il permet de jouer avec ce qui est visible et ce qui ne l'est pas. C'est dr\u00f4le, parce que mis \u00e0 part son int\u00e9r\u00eat de transparence et de clart\u00e9, on pense souvent le verre comme quelque chose de fragile. Et pourtant on s'en sert comme protection (un garde-corps par exemple, une porte vitr\u00e9e...).<br \/>\nLe verre revient dans nos int\u00e9rieurs, notamment avec les cloisons vitr\u00e9es et les <span style=\"text-decoration: underline;\"><a href=\"http:\/\/www.cocondedecoration.com\/blog\/2014\/02\/pourquoi-creer-un-second-jour-chez-soi\/\" target=\"_blank\">seconds-jours<\/a><\/span> qui s\u00e9parent avec style les diff\u00e9rents espaces de la maison.<br \/>\nBref, le verre me plait parce qu'il apporte une touche contemporaine et actuelle \u00e0 une pi\u00e8ce!<\/p>\n<p><a href=\"http:\/\/www.cocondedecoration.com\/blog\/wp-content\/uploads\/2015\/06\/garde-corps-en-verre-design.jpg\"><img loading=\"lazy\" decoding=\"async\" class=\"aligncenter wp-image-10475 size-full\" title=\"garde corps en verre design\" src=\"http:\/\/www.cocondedecoration.com\/blog\/wp-content\/uploads\/2015\/06\/garde-corps-en-verre-design.jpg\" alt=\"garde corps en verre design\" width=\"666\" height=\"1000\" srcset=\"https:\/\/www.cocondedecoration.com\/blog\/wp-content\/uploads\/2015\/06\/garde-corps-en-verre-design.jpg 666w, https:\/\/www.cocondedecoration.com\/blog\/wp-content\/uploads\/2015\/06\/garde-corps-en-verre-design-260x390.jpg 260w, https:\/\/www.cocondedecoration.com\/blog\/wp-content\/uploads\/2015\/06\/garde-corps-en-verre-design-640x961.jpg 640w\" sizes=\"(max-width: 666px) 100vw, 666px\" \/><\/a><\/p>\n<p style=\"text-align: center;\"><a href=\"http:\/\/www.archdaily.com\/279353\/abbots-way-ar-design-studio\/506d122428ba0d4adf0000ee_abbots-way-ar-design-studio_ar_design_studio_abbots_way_12-jpg\/\" target=\"_blank\">\u25b7<\/a><\/p>\n<p><a href=\"http:\/\/www.cocondedecoration.com\/blog\/wp-content\/uploads\/2015\/06\/mur-de-verre-escalier-transparence.jpg\"><img loading=\"lazy\" decoding=\"async\" class=\"aligncenter wp-image-10474 size-full\" title=\"mur de verre escalier transparence\" src=\"http:\/\/www.cocondedecoration.com\/blog\/wp-content\/uploads\/2015\/06\/mur-de-verre-escalier-transparence.jpg\" alt=\"mur de verre escalier transparence\" width=\"736\" height=\"1104\" srcset=\"https:\/\/www.cocondedecoration.com\/blog\/wp-content\/uploads\/2015\/06\/mur-de-verre-escalier-transparence.jpg 736w, https:\/\/www.cocondedecoration.com\/blog\/wp-content\/uploads\/2015\/06\/mur-de-verre-escalier-transparence-260x390.jpg 260w, https:\/\/www.cocondedecoration.com\/blog\/wp-content\/uploads\/2015\/06\/mur-de-verre-escalier-transparence-640x960.jpg 640w\" sizes=\"(max-width: 736px) 100vw, 736px\" \/><\/a><\/p>\n<p style=\"text-align: center;\"><a href=\"http:\/\/www.contemporist.com\/2015\/02\/20\/sandpath-house-by-adrian-james-architects\/\" target=\"_blank\">\u25b7<\/a><\/p>\n<p><a href=\"http:\/\/www.cocondedecoration.com\/blog\/wp-content\/uploads\/2015\/06\/deco-porte-vitree-salle-de-bain.jpg\"><img loading=\"lazy\" decoding=\"async\" class=\"aligncenter wp-image-10477 size-full\" title=\"deco porte vitree salle de bain\" src=\"http:\/\/www.cocondedecoration.com\/blog\/wp-content\/uploads\/2015\/06\/deco-porte-vitree-salle-de-bain.jpg\" alt=\"deco porte vitree salle de bain\" width=\"572\" height=\"663\" srcset=\"https:\/\/www.cocondedecoration.com\/blog\/wp-content\/uploads\/2015\/06\/deco-porte-vitree-salle-de-bain.jpg 572w, https:\/\/www.cocondedecoration.com\/blog\/wp-content\/uploads\/2015\/06\/deco-porte-vitree-salle-de-bain-260x301.jpg 260w\" sizes=\"(max-width: 572px) 100vw, 572px\" \/><\/a><\/p>\n<p style=\"text-align: center;\"><a href=\"http:\/\/unetouchede.canalblog.com\/archives\/2014\/08\/13\/30396225.html\" target=\"_blank\">\u25b7<\/a><\/p>\n<p><a href=\"http:\/\/www.cocondedecoration.com\/blog\/wp-content\/uploads\/2015\/06\/deco-cloche-en-verre.jpg\"><img loading=\"lazy\" decoding=\"async\" class=\"aligncenter wp-image-10479 size-full\" title=\"deco cloche en verre\" src=\"http:\/\/www.cocondedecoration.com\/blog\/wp-content\/uploads\/2015\/06\/deco-cloche-en-verre.jpg\" alt=\"deco cloche en verre\" width=\"600\" height=\"900\" srcset=\"https:\/\/www.cocondedecoration.com\/blog\/wp-content\/uploads\/2015\/06\/deco-cloche-en-verre.jpg 600w, https:\/\/www.cocondedecoration.com\/blog\/wp-content\/uploads\/2015\/06\/deco-cloche-en-verre-260x390.jpg 260w\" sizes=\"(max-width: 600px) 100vw, 600px\" \/><\/a><\/p>\n<p style=\"text-align: center;\"><a href=\"http:\/\/www.pourmesjolismomes.com\/2014\/07\/diy-une-cloche-en-verre.html\" target=\"_blank\">\u25b7<\/a><\/p>\n<p style=\"text-align: center;\"><a href=\"http:\/\/www.cocondedecoration.com\/blog\/wp-content\/uploads\/2015\/06\/deco-photophore-verre-et-noir.jpg\"><img loading=\"lazy\" decoding=\"async\" class=\"aligncenter wp-image-10478 size-full\" title=\"deco photophore verre et noir\" src=\"http:\/\/www.cocondedecoration.com\/blog\/wp-content\/uploads\/2015\/06\/deco-photophore-verre-et-noir.jpg\" alt=\"deco photophore verre et noir\" width=\"400\" height=\"600\" srcset=\"https:\/\/www.cocondedecoration.com\/blog\/wp-content\/uploads\/2015\/06\/deco-photophore-verre-et-noir.jpg 400w, https:\/\/www.cocondedecoration.com\/blog\/wp-content\/uploads\/2015\/06\/deco-photophore-verre-et-noir-260x390.jpg 260w\" sizes=\"(max-width: 400px) 100vw, 400px\" \/><\/a><\/p>\n<p style=\"text-align: center;\"><a href=\"http:\/\/carnetdinspirations.tumblr.com\/post\/66396063026\" target=\"_blank\">\u25b7<\/a><\/p>\n<p style=\"text-align: center;\"><a href=\"http:\/\/www.cocondedecoration.com\/blog\/wp-content\/uploads\/2015\/06\/douche-paroi-en-verre.jpg\"><img loading=\"lazy\" decoding=\"async\" class=\"aligncenter wp-image-10476 size-full\" title=\"douche paroi en verre\" src=\"http:\/\/www.cocondedecoration.com\/blog\/wp-content\/uploads\/2015\/06\/douche-paroi-en-verre.jpg\" alt=\"douche paroi en verre\" width=\"360\" height=\"540\" srcset=\"https:\/\/www.cocondedecoration.com\/blog\/wp-content\/uploads\/2015\/06\/douche-paroi-en-verre.jpg 360w, https:\/\/www.cocondedecoration.com\/blog\/wp-content\/uploads\/2015\/06\/douche-paroi-en-verre-260x390.jpg 260w\" sizes=\"(max-width: 360px) 100vw, 360px\" \/><\/a><\/p>\n<p style=\"text-align: center;\"><a href=\"http:\/\/www.cotemaison.fr\/salle-de-bains\/diaporama\/carrelage-salle-de-bains-faience-salle-de-bains-envie-de-jolies-couleurs_19102.html?p=4#diaporama\" target=\"_blank\">\u25b7<\/a><\/p>\n<p><a href=\"http:\/\/www.cocondedecoration.com\/blog\/wp-content\/uploads\/2015\/06\/verreiere-originale-interieure.jpg\"><img loading=\"lazy\" decoding=\"async\" class=\"aligncenter wp-image-10473 size-full\" title=\"verreiere originale interieure\" src=\"http:\/\/www.cocondedecoration.com\/blog\/wp-content\/uploads\/2015\/06\/verreiere-originale-interieure.jpg\" alt=\"verreiere originale interieure\" width=\"466\" height=\"600\" srcset=\"https:\/\/www.cocondedecoration.com\/blog\/wp-content\/uploads\/2015\/06\/verreiere-originale-interieure.jpg 466w, https:\/\/www.cocondedecoration.com\/blog\/wp-content\/uploads\/2015\/06\/verreiere-originale-interieure-260x335.jpg 260w\" sizes=\"(max-width: 466px) 100vw, 466px\" \/><\/a><\/p>\n<p style=\"text-align: center;\"><a href=\"http:\/\/www.elle.fr\/Deco\/Les-visites-privees\/Toutes-les-visites-privees\/Chez-Gregoire-De-Lafforest-un-loft-qui-s-inspire-de-la-nature\" target=\"_blank\">\u25b7<\/a><\/p>\n<p><a href=\"http:\/\/www.cocondedecoration.com\/blog\/wp-content\/uploads\/2015\/06\/verriere-metal-industrielle.jpg\"><img loading=\"lazy\" decoding=\"async\" class=\"aligncenter wp-image-10472 size-full\" title=\"verriere metal industrielle\" src=\"http:\/\/www.cocondedecoration.com\/blog\/wp-content\/uploads\/2015\/06\/verriere-metal-industrielle.jpg\" alt=\"verriere metal industrielle\" width=\"360\" height=\"540\" srcset=\"https:\/\/www.cocondedecoration.com\/blog\/wp-content\/uploads\/2015\/06\/verriere-metal-industrielle.jpg 360w, https:\/\/www.cocondedecoration.com\/blog\/wp-content\/uploads\/2015\/06\/verriere-metal-industrielle-260x390.jpg 260w\" sizes=\"(max-width: 360px) 100vw, 360px\" \/><\/a><\/p>\n<p style=\"text-align: center;\"><a href=\"http:\/\/www.cotemaison.fr\/loft-appartement\/diaporama\/vivre-a-paris-autrement_18498.html?p=9#diaporama\" target=\"_blank\">\u25b7<\/a><\/p>\n<p><a href=\"http:\/\/www.cocondedecoration.com\/blog\/wp-content\/uploads\/2015\/06\/vitrail-deco-verre.jpg\"><img loading=\"lazy\" decoding=\"async\" class=\"aligncenter wp-image-10471 size-full\" title=\"vitrail deco verre\" src=\"http:\/\/www.cocondedecoration.com\/blog\/wp-content\/uploads\/2015\/06\/vitrail-deco-verre.jpg\" alt=\"vitrail deco verre\" width=\"570\" height=\"760\" srcset=\"https:\/\/www.cocondedecoration.com\/blog\/wp-content\/uploads\/2015\/06\/vitrail-deco-verre.jpg 570w, https:\/\/www.cocondedecoration.com\/blog\/wp-content\/uploads\/2015\/06\/vitrail-deco-verre-260x347.jpg 260w\" sizes=\"(max-width: 570px) 100vw, 570px\" \/><\/a><\/p>\n<p style=\"text-align: center;\"><a href=\"https:\/\/www.etsy.com\/fr\/listing\/104692774\/vitrail-panneau-fenetre-imposte-seafoam?ref=sr_gallery_7&amp;ga_search_query=stained+glass+panel&amp;ga_ship_to=US&amp;ga_ref=auto3&amp;ga_search_type=all&amp;ga_view_type=gallery\" target=\"_blank\">\u25b7<\/a>\u00a0\/ <a href=\"http:\/\/www.blueberryhome.fr\/\" target=\"_blank\">image \u00e0 la une\u00a0<\/a><\/p>\n","protected":false},"excerpt":{"rendered":"<p>Souvent quand on pense au verre dans la maison, on pense aux fen\u00eatres ou alors aux verres que l&rsquo;on utilise \u00e0 table. Et pourtant le verre peut se retrouver dans nos int\u00e9rieurs sous diff\u00e9rentes facettes.<span class=\"more-link\"><a href=\"https:\/\/www.cocondedecoration.com\/blog\/2015\/06\/le-verre-toute-une-histoire-de-transparence\/\">Lire la suite<\/a><\/span><\/p>\n","protected":false},"author":1,"featured_media":10480,"comment_status":"open","ping_status":"open","sticky":false,"template":"","format":"standard","meta":{"om_disable_all_campaigns":false,"_monsterinsights_skip_tracking":false,"_monsterinsights_sitenote_active":false,"_monsterinsights_sitenote_note":"","_monsterinsights_sitenote_category":0,"_uf_show_specific_survey":0,"_uf_disable_surveys":false,"footnotes":""},"categories":[1720,4],"tags":[15,129,528,1974,201,36,41,659,643,459],"aioseo_notices":[],"_links":{"self":[{"href":"https:\/\/www.cocondedecoration.com\/blog\/wp-json\/wp\/v2\/posts\/10470"}],"collection":[{"href":"https:\/\/www.cocondedecoration.com\/blog\/wp-json\/wp\/v2\/posts"}],"about":[{"href":"https:\/\/www.cocondedecoration.com\/blog\/wp-json\/wp\/v2\/types\/post"}],"author":[{"embeddable":true,"href":"https:\/\/www.cocondedecoration.com\/blog\/wp-json\/wp\/v2\/users\/1"}],"replies":[{"embeddable":true,"href":"https:\/\/www.cocondedecoration.com\/blog\/wp-json\/wp\/v2\/comments?post=10470"}],"version-history":[{"count":0,"href":"https:\/\/www.cocondedecoration.com\/blog\/wp-json\/wp\/v2\/posts\/10470\/revisions"}],"wp:featuredmedia":[{"embeddable":true,"href":"https:\/\/www.cocondedecoration.com\/blog\/wp-json\/wp\/v2\/media\/10480"}],"wp:attachment":[{"href":"https:\/\/www.cocondedecoration.com\/blog\/wp-json\/wp\/v2\/media?parent=10470"}],"wp:term":[{"taxonomy":"category","embeddable":true,"href":"https:\/\/www.cocondedecoration.com\/blog\/wp-json\/wp\/v2\/categories?post=10470"},{"taxonomy":"post_tag","embeddable":true,"href":"https:\/\/www.cocondedecoration.com\/blog\/wp-json\/wp\/v2\/tags?post=10470"}],"curies":[{"name":"wp","href":"https:\/\/api.w.org\/{rel}","templated":true}]}}