{"id":10412,"date":"2015-05-27T07:00:08","date_gmt":"2015-05-27T05:00:08","guid":{"rendered":"http:\/\/www.cocondedecoration.com\/blog\/?p=10412"},"modified":"2016-08-22T10:23:38","modified_gmt":"2016-08-22T08:23:38","slug":"inspiration-entre-interieur-et-exterieur-la-veranda","status":"publish","type":"post","link":"https:\/\/www.cocondedecoration.com\/blog\/2015\/05\/inspiration-entre-interieur-et-exterieur-la-veranda\/","title":{"rendered":"Inspiration &#8211; Entre int\u00e9rieur et ext\u00e9rieur: La v\u00e9randa"},"content":{"rendered":"<p style=\"text-align: justify;\">J'ai toujours aim\u00e9 les v\u00e9randas. C'est un espace de la maison qui ma toujours beaucoup plu par sa luminosit\u00e9. Qu'elles soient petites ou grandes, j'ai l'impression que cet espace est fait pour que le temps s'arr\u00eate. On prend le temps de se poser, de profiter de la vue et de passer du bon temps. Maintenant que les v\u00e9randas b\u00e9n\u00e9ficient d'un confort thermique, c'est une pi\u00e8ce \u00e0 part enti\u00e8re dans la maison. Mais c'est aussi un espace qui associe l'ext\u00e9rieur et l'int\u00e9rieur. Bref, un endroit o\u00f9 il fait bon vivre!<\/p>\n<p style=\"text-align: justify;\"><!--more--><\/p>\n<p style=\"text-align: justify;\"><a href=\"http:\/\/www.cocondedecoration.com\/blog\/wp-content\/uploads\/2015\/05\/veranda-suspendue.jpg\"><img loading=\"lazy\" decoding=\"async\" class=\"aligncenter wp-image-10413 size-full\" title=\"veranda suspendue\" src=\"http:\/\/www.cocondedecoration.com\/blog\/wp-content\/uploads\/2015\/05\/veranda-suspendue.jpg\" alt=\"veranda suspendue\" width=\"530\" height=\"723\" srcset=\"https:\/\/www.cocondedecoration.com\/blog\/wp-content\/uploads\/2015\/05\/veranda-suspendue.jpg 530w, https:\/\/www.cocondedecoration.com\/blog\/wp-content\/uploads\/2015\/05\/veranda-suspendue-260x355.jpg 260w\" sizes=\"(max-width: 530px) 100vw, 530px\" \/><\/a><\/p>\n<p style=\"text-align: center;\"><a href=\"http:\/\/www.archdaily.com\/611915\/tribeca-loft-andrew-franz-architect\/?utm_source=feedburner&amp;utm_medium=feed&amp;utm_campaign=Feed:+ArchDaily+(ArchDaily)\" target=\"_blank\">\u25b7<\/a><\/p>\n<p style=\"text-align: center;\"><a href=\"http:\/\/www.cocondedecoration.com\/blog\/wp-content\/uploads\/2015\/05\/salon-veranda.jpg\"><img loading=\"lazy\" decoding=\"async\" class=\"aligncenter wp-image-10419 size-full\" title=\"salon veranda\" src=\"http:\/\/www.cocondedecoration.com\/blog\/wp-content\/uploads\/2015\/05\/salon-veranda.jpg\" alt=\"salon veranda\" width=\"736\" height=\"1099\" srcset=\"https:\/\/www.cocondedecoration.com\/blog\/wp-content\/uploads\/2015\/05\/salon-veranda.jpg 736w, https:\/\/www.cocondedecoration.com\/blog\/wp-content\/uploads\/2015\/05\/salon-veranda-260x388.jpg 260w, https:\/\/www.cocondedecoration.com\/blog\/wp-content\/uploads\/2015\/05\/salon-veranda-640x956.jpg 640w\" sizes=\"(max-width: 736px) 100vw, 736px\" \/><\/a><\/p>\n<p style=\"text-align: center;\"><a href=\"https:\/\/fr.pinterest.com\/pin\/285486063852764718\/\" target=\"_blank\">\u25b7<\/a><\/p>\n<p><a href=\"http:\/\/www.cocondedecoration.com\/blog\/wp-content\/uploads\/2015\/05\/veranda-jardin-hiver.jpg\"><img loading=\"lazy\" decoding=\"async\" class=\"aligncenter wp-image-10415 size-full\" title=\"veranda jardin dhiver\" src=\"http:\/\/www.cocondedecoration.com\/blog\/wp-content\/uploads\/2015\/05\/veranda-jardin-hiver.jpg\" alt=\"veranda jardin dhiver\" width=\"563\" height=\"750\" srcset=\"https:\/\/www.cocondedecoration.com\/blog\/wp-content\/uploads\/2015\/05\/veranda-jardin-hiver.jpg 563w, https:\/\/www.cocondedecoration.com\/blog\/wp-content\/uploads\/2015\/05\/veranda-jardin-hiver-260x346.jpg 260w\" sizes=\"(max-width: 563px) 100vw, 563px\" \/><\/a><\/p>\n<p style=\"text-align: center;\"><a href=\"https:\/\/dominiquedecoratrice.wordpress.com\/\" target=\"_blank\">\u25b7<\/a><\/p>\n<p style=\"text-align: center;\"><a href=\"http:\/\/www.cocondedecoration.com\/blog\/wp-content\/uploads\/2015\/05\/veranda-jardin.jpg\"><img loading=\"lazy\" decoding=\"async\" class=\"alignnone wp-image-10414 size-full\" title=\"veranda jardin\" src=\"http:\/\/www.cocondedecoration.com\/blog\/wp-content\/uploads\/2015\/05\/veranda-jardin.jpg\" alt=\"veranda jardin\" width=\"700\" height=\"802\" srcset=\"https:\/\/www.cocondedecoration.com\/blog\/wp-content\/uploads\/2015\/05\/veranda-jardin.jpg 700w, https:\/\/www.cocondedecoration.com\/blog\/wp-content\/uploads\/2015\/05\/veranda-jardin-260x298.jpg 260w, https:\/\/www.cocondedecoration.com\/blog\/wp-content\/uploads\/2015\/05\/veranda-jardin-640x733.jpg 640w\" sizes=\"(max-width: 700px) 100vw, 700px\" \/><\/a><\/p>\n<p style=\"text-align: center;\"><a href=\"http:\/\/bohemianpages.blogspot.fr\/2013\/11\/the-conservatory.html\" target=\"_blank\">\u25b7<\/a><\/p>\n<p style=\"text-align: center;\"><a href=\"http:\/\/www.cocondedecoration.com\/blog\/wp-content\/uploads\/2015\/05\/veranda-ancienne.jpg\"><img loading=\"lazy\" decoding=\"async\" class=\"aligncenter wp-image-10418 size-full\" title=\"veranda ancienne\" src=\"http:\/\/www.cocondedecoration.com\/blog\/wp-content\/uploads\/2015\/05\/veranda-ancienne.jpg\" alt=\"veranda ancienne\" width=\"612\" height=\"816\" srcset=\"https:\/\/www.cocondedecoration.com\/blog\/wp-content\/uploads\/2015\/05\/veranda-ancienne.jpg 612w, https:\/\/www.cocondedecoration.com\/blog\/wp-content\/uploads\/2015\/05\/veranda-ancienne-260x347.jpg 260w\" sizes=\"(max-width: 612px) 100vw, 612px\" \/><\/a><\/p>\n<p style=\"text-align: center;\"><a href=\"http:\/\/lillablanka.blogspot.fr\/\" target=\"_blank\">\u25b7<\/a><\/p>\n<p style=\"text-align: center;\"><a href=\"http:\/\/www.cocondedecoration.com\/blog\/wp-content\/uploads\/2015\/05\/veranda-cuisine.jpg\"><img loading=\"lazy\" decoding=\"async\" class=\"aligncenter wp-image-10417 size-full\" title=\"veranda cuisine\" src=\"http:\/\/www.cocondedecoration.com\/blog\/wp-content\/uploads\/2015\/05\/veranda-cuisine.jpg\" alt=\"veranda cuisine\" width=\"669\" height=\"499\" srcset=\"https:\/\/www.cocondedecoration.com\/blog\/wp-content\/uploads\/2015\/05\/veranda-cuisine.jpg 669w, https:\/\/www.cocondedecoration.com\/blog\/wp-content\/uploads\/2015\/05\/veranda-cuisine-260x194.jpg 260w, https:\/\/www.cocondedecoration.com\/blog\/wp-content\/uploads\/2015\/05\/veranda-cuisine-640x477.jpg 640w\" sizes=\"(max-width: 669px) 100vw, 669px\" \/><\/a><\/p>\n<p style=\"text-align: center;\"><a href=\"http:\/\/www.maison-deco.com\/cuisine\/deco-cuisine\/Cuisines-d-ete\" target=\"_blank\">\u25b7<\/a><\/p>\n<p style=\"text-align: center;\"><a href=\"http:\/\/www.cocondedecoration.com\/blog\/wp-content\/uploads\/2015\/05\/veranda-industrielle.jpg\"><img loading=\"lazy\" decoding=\"async\" class=\"aligncenter wp-image-10416 size-full\" title=\"veranda industrielle\" src=\"http:\/\/www.cocondedecoration.com\/blog\/wp-content\/uploads\/2015\/05\/veranda-industrielle.jpg\" alt=\"veranda industrielle\" width=\"573\" height=\"849\" srcset=\"https:\/\/www.cocondedecoration.com\/blog\/wp-content\/uploads\/2015\/05\/veranda-industrielle.jpg 573w, https:\/\/www.cocondedecoration.com\/blog\/wp-content\/uploads\/2015\/05\/veranda-industrielle-260x385.jpg 260w\" sizes=\"(max-width: 573px) 100vw, 573px\" \/><\/a><\/p>\n<p style=\"text-align: center;\"><a href=\"http:\/\/pomgus.canalblog.com\/archives\/2015\/04\/26\/31951436.html\" target=\"_blank\">\u25b7<\/a><\/p>\n<p style=\"text-align: center;\"><a href=\"http:\/\/www.cocondedecoration.com\/blog\/wp-content\/uploads\/2015\/05\/repas-salle-a-manger-cuisine-veranda.jpg\"><img loading=\"lazy\" decoding=\"async\" class=\"aligncenter wp-image-10420 size-full\" title=\"repas salle a manger cuisine veranda\" src=\"http:\/\/www.cocondedecoration.com\/blog\/wp-content\/uploads\/2015\/05\/repas-salle-a-manger-cuisine-veranda.jpg\" alt=\"repas salle a manger cuisine veranda\" width=\"553\" height=\"830\" srcset=\"https:\/\/www.cocondedecoration.com\/blog\/wp-content\/uploads\/2015\/05\/repas-salle-a-manger-cuisine-veranda.jpg 553w, https:\/\/www.cocondedecoration.com\/blog\/wp-content\/uploads\/2015\/05\/repas-salle-a-manger-cuisine-veranda-260x390.jpg 260w\" sizes=\"(max-width: 553px) 100vw, 553px\" \/><\/a><\/p>\n<p style=\"text-align: center;\"><a href=\"http:\/\/bjdhausdesign.blogspot.fr\/\" target=\"_blank\">\u25b7<\/a><\/p>\n<p style=\"text-align: center;\"><a href=\"http:\/\/www.cocondedecoration.com\/blog\/wp-content\/uploads\/2015\/05\/petite-veranda.jpg\"><img loading=\"lazy\" decoding=\"async\" class=\"aligncenter wp-image-10423 size-full\" title=\"petite veranda\" src=\"http:\/\/www.cocondedecoration.com\/blog\/wp-content\/uploads\/2015\/05\/petite-veranda.jpg\" alt=\"petite veranda\" width=\"517\" height=\"689\" srcset=\"https:\/\/www.cocondedecoration.com\/blog\/wp-content\/uploads\/2015\/05\/petite-veranda.jpg 517w, https:\/\/www.cocondedecoration.com\/blog\/wp-content\/uploads\/2015\/05\/petite-veranda-260x346.jpg 260w\" sizes=\"(max-width: 517px) 100vw, 517px\" \/><\/a><\/p>\n<p style=\"text-align: center;\"><a href=\"http:\/\/www.plazainterior.se\/new\/post\/Var-i-orangeriet.aspx\" target=\"_blank\">\u25b7<\/a><\/p>\n<p style=\"text-align: center;\"><a href=\"http:\/\/www.cocondedecoration.com\/blog\/wp-content\/uploads\/2015\/05\/salle-a-manger-veranda.jpg\"><img loading=\"lazy\" decoding=\"async\" class=\"aligncenter wp-image-10422 size-full\" title=\"salle a manger veranda\" src=\"http:\/\/www.cocondedecoration.com\/blog\/wp-content\/uploads\/2015\/05\/salle-a-manger-veranda.jpg\" alt=\"salle a manger veranda\" width=\"540\" height=\"720\" srcset=\"https:\/\/www.cocondedecoration.com\/blog\/wp-content\/uploads\/2015\/05\/salle-a-manger-veranda.jpg 540w, https:\/\/www.cocondedecoration.com\/blog\/wp-content\/uploads\/2015\/05\/salle-a-manger-veranda-260x347.jpg 260w\" sizes=\"(max-width: 540px) 100vw, 540px\" \/><\/a><\/p>\n<p style=\"text-align: center;\"><a href=\"http:\/\/www.thekitchn.com\/inspired-by-blue-and-green-kitchens-kitchen-inspiration-203061\" target=\"_blank\">\u25b7<\/a><\/p>\n<p style=\"text-align: center;\"><a href=\"http:\/\/www.cocondedecoration.com\/blog\/wp-content\/uploads\/2015\/05\/veranda-puits-de-lumiere.jpg\"><img loading=\"lazy\" decoding=\"async\" class=\"aligncenter wp-image-10421 size-full\" title=\"veranda puits de lumiere\" src=\"http:\/\/www.cocondedecoration.com\/blog\/wp-content\/uploads\/2015\/05\/veranda-puits-de-lumiere.jpg\" alt=\"veranda puits de lumiere\" width=\"619\" height=\"873\" srcset=\"https:\/\/www.cocondedecoration.com\/blog\/wp-content\/uploads\/2015\/05\/veranda-puits-de-lumiere.jpg 619w, https:\/\/www.cocondedecoration.com\/blog\/wp-content\/uploads\/2015\/05\/veranda-puits-de-lumiere-260x367.jpg 260w\" sizes=\"(max-width: 619px) 100vw, 619px\" \/><\/a><\/p>\n<p style=\"text-align: center;\"><a href=\"http:\/\/www.lifestyleetc.co.uk\/2014\/04\/23\/room-swoon-edgy-dining-room\/\" target=\"_blank\">\u25b7<\/a>\/<a href=\"http:\/\/retrofutur.fr\/\" target=\"_blank\"> image \u00e0 la une\u00a0<\/a><\/p>\n","protected":false},"excerpt":{"rendered":"<p>J&rsquo;ai toujours aim\u00e9 les v\u00e9randas. C&rsquo;est un espace de la maison qui ma toujours beaucoup plu par sa luminosit\u00e9. Qu&rsquo;elles soient petites ou grandes, j&rsquo;ai l&rsquo;impression que cet espace est fait pour que le temps s&rsquo;arr\u00eate. On prend le temps de se poser, de profiter de la vue et de<span class=\"more-link\"><a href=\"https:\/\/www.cocondedecoration.com\/blog\/2015\/05\/inspiration-entre-interieur-et-exterieur-la-veranda\/\">Lire la suite<\/a><\/span><\/p>\n","protected":false},"author":1,"featured_media":10424,"comment_status":"open","ping_status":"open","sticky":false,"template":"","format":"standard","meta":{"om_disable_all_campaigns":false,"_monsterinsights_skip_tracking":false,"_monsterinsights_sitenote_active":false,"_monsterinsights_sitenote_note":"","_monsterinsights_sitenote_category":0,"_uf_show_specific_survey":0,"_uf_disable_surveys":false,"footnotes":""},"categories":[1720,4],"tags":[15,129,528,308,282,22,204,35,37,41,346],"aioseo_notices":[],"_links":{"self":[{"href":"https:\/\/www.cocondedecoration.com\/blog\/wp-json\/wp\/v2\/posts\/10412"}],"collection":[{"href":"https:\/\/www.cocondedecoration.com\/blog\/wp-json\/wp\/v2\/posts"}],"about":[{"href":"https:\/\/www.cocondedecoration.com\/blog\/wp-json\/wp\/v2\/types\/post"}],"author":[{"embeddable":true,"href":"https:\/\/www.cocondedecoration.com\/blog\/wp-json\/wp\/v2\/users\/1"}],"replies":[{"embeddable":true,"href":"https:\/\/www.cocondedecoration.com\/blog\/wp-json\/wp\/v2\/comments?post=10412"}],"version-history":[{"count":0,"href":"https:\/\/www.cocondedecoration.com\/blog\/wp-json\/wp\/v2\/posts\/10412\/revisions"}],"wp:featuredmedia":[{"embeddable":true,"href":"https:\/\/www.cocondedecoration.com\/blog\/wp-json\/wp\/v2\/media\/10424"}],"wp:attachment":[{"href":"https:\/\/www.cocondedecoration.com\/blog\/wp-json\/wp\/v2\/media?parent=10412"}],"wp:term":[{"taxonomy":"category","embeddable":true,"href":"https:\/\/www.cocondedecoration.com\/blog\/wp-json\/wp\/v2\/categories?post=10412"},{"taxonomy":"post_tag","embeddable":true,"href":"https:\/\/www.cocondedecoration.com\/blog\/wp-json\/wp\/v2\/tags?post=10412"}],"curies":[{"name":"wp","href":"https:\/\/api.w.org\/{rel}","templated":true}]}}