{"id":10185,"date":"2015-05-04T07:00:50","date_gmt":"2015-05-04T05:00:50","guid":{"rendered":"http:\/\/www.cocondedecoration.com\/blog\/?p=10185"},"modified":"2016-08-22T10:47:48","modified_gmt":"2016-08-22T08:47:48","slug":"selection-deco-pour-le-printemps-chez-conforama","status":"publish","type":"post","link":"https:\/\/www.cocondedecoration.com\/blog\/2015\/05\/selection-deco-pour-le-printemps-chez-conforama\/","title":{"rendered":"S\u00e9lection d\u00e9co pour le printemps chez Conforama"},"content":{"rendered":"<p style=\"text-align: justify;\">Il y a quelques mois je vous avais d\u00e9j\u00e0 propos\u00e9 une s\u00e9lection d'objets chez Conforama. Je r\u00e9it\u00e8re l'exp\u00e9rience, mais cette fois-ci, je pense au printemps. Je pense qu'avec l'arriv\u00e9e de beaux jours, je ne suis pas la seule \u00e0 avoir envie de d\u00e9poussi\u00e9rer ma d\u00e9co et faire quelques changements.<\/p>\n<p style=\"text-align: justify;\"><!--more--><\/p>\n<p style=\"text-align: justify;\">Il y a quelques semaines, j'ai chang\u00e9 quelques meubles de place. Mais \u00e7a ne suffit pas. Ca se sent que nous avons pass\u00e9 l'hiver \u00e0 l'int\u00e9rieur. J'ai envie de changer les plaids des canap\u00e9s, le housses de coussins aussi. Dans la chambre, j'ai envie sur une autre parure de lit, quelque chose de plus frais. (Mais ce n'est pas comme si j'en manquais...ahahah!) Et dans la cuisine, j'ai ressorti mes jolies assiettes jaunes et blanches, m\u00eame si elles ne passent pas au lave-vaisselle.<br \/>\nChez Conforama, ce qui est assez pratique, c'est qu'il y a des objets d\u00e9co \u00e0 prix raisonnables. Un joli miroir pour que la lumi\u00e8re du jour se diffuse plus facilement dans l'entr\u00e9e. Des photophores avec des motifs graphiques. Du bois, du blanc... Bref, il y a des accessoires d\u00e9co qui correspondent tout \u00e0 fait \u00e0 la tendance contemporaine.<\/p>\n<p style=\"text-align: justify;\"><a href=\"http:\/\/www.cocondedecoration.com\/blog\/wp-content\/uploads\/2015\/04\/selection-printemps-deco-2015-conforama.jpg\"><img loading=\"lazy\" decoding=\"async\" class=\"aligncenter wp-image-10188 size-full\" src=\"http:\/\/www.cocondedecoration.com\/blog\/wp-content\/uploads\/2015\/04\/selection-printemps-deco-2015-conforama.jpg\" alt=\"selection printemps deco 2015 conforama\" width=\"2000\" height=\"2000\" srcset=\"https:\/\/www.cocondedecoration.com\/blog\/wp-content\/uploads\/2015\/04\/selection-printemps-deco-2015-conforama.jpg 2000w, https:\/\/www.cocondedecoration.com\/blog\/wp-content\/uploads\/2015\/04\/selection-printemps-deco-2015-conforama-165x165.jpg 165w, https:\/\/www.cocondedecoration.com\/blog\/wp-content\/uploads\/2015\/04\/selection-printemps-deco-2015-conforama-260x260.jpg 260w, https:\/\/www.cocondedecoration.com\/blog\/wp-content\/uploads\/2015\/04\/selection-printemps-deco-2015-conforama-640x640.jpg 640w, https:\/\/www.cocondedecoration.com\/blog\/wp-content\/uploads\/2015\/04\/selection-printemps-deco-2015-conforama-940x940.jpg 940w\" sizes=\"(max-width: 2000px) 100vw, 2000px\" \/><\/a><\/p>\n<p style=\"text-align: justify;\">Et comme c'est bient\u00f4t l'\u00e9t\u00e9, j'ai pu constater que Conforama proposait aussi une gamme pour le jardin. J'ai \u00e9t\u00e9 \u00e9tonn\u00e9e, il y a quelques articles vraiment sympas, comme le tabouret qui est d\u00e9clin\u00e9 en plusieurs coloris et qui est assez actuel. Comme je ne suis pas une accroc du salon de jardin, c'est id\u00e9al pour avoir de quoi s'assoir, sans encombrer perp\u00e9tuellement l'espace ext\u00e9rieur. J'aime bien l'id\u00e9e du banc aussi, mais \u00e7a doit venir du fait que je r\u00eave d'avoir une balancelle...<\/p>\n<p style=\"text-align: justify;\"><a href=\"http:\/\/www.cocondedecoration.com\/blog\/wp-content\/uploads\/2015\/04\/selection-jardin-conforama-2015.jpg\"><img loading=\"lazy\" decoding=\"async\" class=\"aligncenter wp-image-10187 size-full\" src=\"http:\/\/www.cocondedecoration.com\/blog\/wp-content\/uploads\/2015\/04\/selection-jardin-conforama-2015.jpg\" alt=\"selection jardin conforama 2015\" width=\"2400\" height=\"1200\" srcset=\"https:\/\/www.cocondedecoration.com\/blog\/wp-content\/uploads\/2015\/04\/selection-jardin-conforama-2015.jpg 2400w, https:\/\/www.cocondedecoration.com\/blog\/wp-content\/uploads\/2015\/04\/selection-jardin-conforama-2015-260x130.jpg 260w, https:\/\/www.cocondedecoration.com\/blog\/wp-content\/uploads\/2015\/04\/selection-jardin-conforama-2015-640x320.jpg 640w, https:\/\/www.cocondedecoration.com\/blog\/wp-content\/uploads\/2015\/04\/selection-jardin-conforama-2015-940x470.jpg 940w\" sizes=\"(max-width: 2400px) 100vw, 2400px\" \/><\/a><\/p>\n<p style=\"text-align: justify;\"><strong>Et vous, vous avez aussi des envies \/ besoins de changement avec les beaux jours?<\/strong><\/p>\n<p style=\"text-align: justify;\">Et pour en profiter pleinement,d\u00e9couvrez un code promo Conforama valable sur le site internet \u00e0 cette adresse : <span style=\"text-decoration: underline;\"><a href=\"http:\/\/lafemis.fr\/code-reduction-conforama\/\">http:\/\/www.lafemis.fr\/code-reduction-conforama\/<\/a><\/span><\/p>\n","protected":false},"excerpt":{"rendered":"<p>Il y a quelques mois je vous avais d\u00e9j\u00e0 propos\u00e9 une s\u00e9lection d&rsquo;objets chez Conforama. Je r\u00e9it\u00e8re l&rsquo;exp\u00e9rience, mais cette fois-ci, je pense au printemps. Je pense qu&rsquo;avec l&rsquo;arriv\u00e9e de beaux jours, je ne suis pas la seule \u00e0 avoir envie de d\u00e9poussi\u00e9rer ma d\u00e9co et faire quelques changements.<span class=\"more-link\"><a href=\"https:\/\/www.cocondedecoration.com\/blog\/2015\/05\/selection-deco-pour-le-printemps-chez-conforama\/\">Lire la suite<\/a><\/span><\/p>\n","protected":false},"author":1,"featured_media":10190,"comment_status":"open","ping_status":"open","sticky":false,"template":"","format":"standard","meta":{"om_disable_all_campaigns":false,"_monsterinsights_skip_tracking":false,"_monsterinsights_sitenote_active":false,"_monsterinsights_sitenote_note":"","_monsterinsights_sitenote_category":0,"_uf_show_specific_survey":0,"_uf_disable_surveys":false,"footnotes":""},"categories":[592],"tags":[129,528,735,2095,1057],"aioseo_notices":[],"_links":{"self":[{"href":"https:\/\/www.cocondedecoration.com\/blog\/wp-json\/wp\/v2\/posts\/10185"}],"collection":[{"href":"https:\/\/www.cocondedecoration.com\/blog\/wp-json\/wp\/v2\/posts"}],"about":[{"href":"https:\/\/www.cocondedecoration.com\/blog\/wp-json\/wp\/v2\/types\/post"}],"author":[{"embeddable":true,"href":"https:\/\/www.cocondedecoration.com\/blog\/wp-json\/wp\/v2\/users\/1"}],"replies":[{"embeddable":true,"href":"https:\/\/www.cocondedecoration.com\/blog\/wp-json\/wp\/v2\/comments?post=10185"}],"version-history":[{"count":0,"href":"https:\/\/www.cocondedecoration.com\/blog\/wp-json\/wp\/v2\/posts\/10185\/revisions"}],"wp:featuredmedia":[{"embeddable":true,"href":"https:\/\/www.cocondedecoration.com\/blog\/wp-json\/wp\/v2\/media\/10190"}],"wp:attachment":[{"href":"https:\/\/www.cocondedecoration.com\/blog\/wp-json\/wp\/v2\/media?parent=10185"}],"wp:term":[{"taxonomy":"category","embeddable":true,"href":"https:\/\/www.cocondedecoration.com\/blog\/wp-json\/wp\/v2\/categories?post=10185"},{"taxonomy":"post_tag","embeddable":true,"href":"https:\/\/www.cocondedecoration.com\/blog\/wp-json\/wp\/v2\/tags?post=10185"}],"curies":[{"name":"wp","href":"https:\/\/api.w.org\/{rel}","templated":true}]}}